{"id":1033,"date":"2015-02-11T18:20:01","date_gmt":"2015-02-11T18:20:01","guid":{"rendered":"http:\/\/jennipitko.fi\/koti\/?p=1033"},"modified":"2015-02-16T20:23:02","modified_gmt":"2015-02-16T20:23:02","slug":"esteettomyyssaantely","status":"publish","type":"post","link":"https:\/\/jennipitko.fi\/koti\/esteettomyyssaantely\/","title":{"rendered":"Esteett\u00f6myydess\u00e4 on kyse tasa-arvosta, ei turhasta s\u00e4\u00e4ntelyst\u00e4."},"content":{"rendered":"<div class=\"page\" title=\"Page 13\">\n<div class=\"layoutArea\">\n<div class=\"column\">\n<p>Kokoomuksen eduskuntaryhm\u00e4 julkaisi t\u00e4n\u00e4\u00e4n keskiviikkona Normitalkoot-ohjelman. Ohjelman tarkoituksena on edist\u00e4\u00e4 ty\u00f6t\u00e4 ja talouskasvua purkamalla &#8220;turhia&#8221; normeja ja s\u00e4\u00e4d\u00f6ksi\u00e4. Vilkaisin ohjelmaa ja erityisen mielenkiinnolla rakentamista koskevaa s\u00e4\u00e4ntely\u00e4. V\u00e4est\u00f6nsuojien rakentamisvelvoitteesta luopuminen on j\u00e4rkev\u00e4\u00e4, sill\u00e4 se lis\u00e4\u00e4 kustannuksia tuottamatta hyvinvointia asukkaillensa (oletettaen, ett\u00e4 Suomeen ei ole ole tulossa sotaa tai ydinlauskeumaa). J\u00e4rkytyin siit\u00e4, ett\u00e4 yhdest\u00e4 k\u00e4rkitavoitteista rakentamisen s\u00e4\u00e4ntelyn purkamisessa on\u00a0Kokoomuksen halu p\u00e4\u00e4st\u00e4 eroon laajamittaisesta asuntojen esteett\u00f6myyden edist\u00e4misest\u00e4.<\/p>\n<p><!--more--><\/p>\n<p>[sc_testimonial by=&#8221;Kokoomuksen Normitalkoot-ohjelma sivu 13&#8243;]Lievennet\u00e4\u00e4n asuntorakentamisen esteett\u00f6myysvaatimuksia siten, ett\u00e4 kaikkein eniten kustannuksia aiheuttavat ja vain hyvin pienten kohderyhmien tarpeeseen vastaavat vaatimukset koskevat vain osaa, esimerkiksi 20 prosenttia uudisrakentamisen kokonaisvolyymista.[\/sc_testimonial]<\/p>\n<p>Asuntojen esteett\u00f6myys on osa laajamittaista kokonaisuutta, jonka tarkoituksena on varmistaa jokaisen mahdollisuus asua kotona, opiskella, harrastaa ja ty\u00f6skennell\u00e4.\u00a0Liikkumisen ja kotona selvi\u00e4imisen\u00a0mahdollisuudet ovat tasa-arvoisen el\u00e4m\u00e4n perusedellytys.<\/p>\n<p>Puhuessaan &#8220;hyvin pienest\u00e4 kohderyhm\u00e4st\u00e4&#8221; Kokoomus ei ole tainnut tulla ajatelleeksi, ket\u00e4 esteett\u00f6myys koskee. Jo pelk\u00e4st\u00e4\u00e4n henkil\u00f6it\u00e4, joilla on liikkumista rajoittava vamma, on\u00a0noin puoli miljoonaa. Lis\u00e4ksi vanhuksia, joista suuri osa hy\u00f6tyy esteett\u00f6myydest\u00e4 on arvioitu olevan enemm\u00e4n kuin joka nelj\u00e4s vuonna 2030. N\u00e4iden lis\u00e4ksi esteett\u00f6myydest\u00e4 hy\u00f6tyv\u00e4t raskaana olevat naiset ja lastenvaunujen kanssa\u00a0liikkuvat\u00a0vanhemmat, tilap\u00e4isist\u00e4 vammoista k\u00e4rsiv\u00e4t ihmiset ja kaikkien liikuntaesteisten ihmisten\u00a0avustajat, perheenj\u00e4senet ja yst\u00e4v\u00e4t. Ei siis ihan pienenpieni ryhm\u00e4.<\/p>\n<p>Asuntojen esteett\u00f6myys tarkoittaa muun muassa kynnyksett\u00f6mi\u00e4 oviaukkoja ja helposti kuljettavia portaita ja luiskia, kylpyhuoneen halkaisijaltaan 1,5 metrin kokoista vapaata py\u00f6r\u00e4hdystilaa (johon voi vaikka sijoittaa pyykkikorin).\u00a0Hyv\u00e4ll\u00e4 suunnittelulla hukkatilaa ei synny.\u00a0Esteett\u00f6myydest\u00e4 on iloa my\u00f6s monessa arkisessa tilanteessa, kuten lasten pukemisessa ja tavaroita kuljetettaessa esimerkiksi asuntoon muuttaessa.<\/p>\n<p>Esteett\u00f6myys lis\u00e4\u00e4 liikuntaesteisten el\u00e4m\u00e4nlaatua ja edist\u00e4\u00e4 heid\u00e4n tasavertaista kohteluaan. Tasavertaiset edellytykset normaaliin el\u00e4m\u00e4\u00e4n ei toteudu, jos vain joka viides asunto on esteet\u00f6n.<\/p>\n<p>Kokoomus toivoo luovansa ohjelman linjauksillaan ty\u00f6t\u00e4 ja\u00a0talouskasvua Suomeen. Sit\u00e4 Suomi tarvitsee, mutta varmaa on se, ett\u00e4 esteett\u00f6myydest\u00e4 tinkiminen ei sit\u00e4 toisi. Esteett\u00f6myys vahvistaa ty\u00f6kyky\u00e4 ja ty\u00f6ss\u00e4k\u00e4ynnin mahdollisuutta eli sill\u00e4 voi olla jopa ty\u00f6llisyytt\u00e4 lis\u00e4\u00e4v\u00e4 vaikutus.\u00a0Asunnon esteett\u00f6myysvaatimukset ei alenna asunnon myyntiarvoa tai laatua eik\u00e4 se hyv\u00e4ll\u00e4 suunnittelulla lis\u00e4\u00e4 rakentamisen aikaisia kustannuksiakaan. S\u00e4\u00e4telynpurkamisen ilon vuoksi ei tasa-arvoa\u00a0lis\u00e4\u00e4vi\u00e4 rakenteita kannata\u00a0purkaa.<\/p>\n<p>Suomi on asettanut tavoitteekseen purkaa laitosasumista mm. kehitysvammaisten ja vanhusten osalta. T\u00e4h\u00e4n tavoitteeseen p\u00e4\u00e4seminen vaatii entist\u00e4st\u00e4kin tarmokkaampaa esteett\u00f6myyden edist\u00e4mist\u00e4, ei\u00a0miss\u00e4\u00e4n tapauksessa s\u00e4\u00e4ntelyn purkua esteett\u00f6myyden ja kotona asumisen mahdollisuuden hinnalla. Jokainen ihminen on arvokas omassa erilaisuudessaan. Tavoitellaan jatkossakin kotona asumisen oikeutta ja mahdollisuutta hyv\u00e4\u00e4n, tasapainoiseen el\u00e4m\u00e4\u00e4n, vanhuuteen, el\u00e4m\u00e4ntilanteeseen, sairauteen ja mihink\u00e4\u00e4n\u00a0ominaisuuteen katsomatta!<\/p>\n<\/div>\n<\/div>\n<\/div>\n","protected":false},"excerpt":{"rendered":"<p>Kokoomuksen eduskuntaryhm\u00e4 julkaisi t\u00e4n\u00e4\u00e4n keskiviikkona Normitalkoot-ohjelman. Ohjelman tarkoituksena on edist\u00e4\u00e4 ty\u00f6t\u00e4 ja talouskasvua purkamalla &#8220;turhia&#8221; normeja ja s\u00e4\u00e4d\u00f6ksi\u00e4. Vilkaisin ohjelmaa [&hellip;]<\/p>\n","protected":false},"author":1,"featured_media":0,"comment_status":"open","ping_status":"closed","sticky":false,"template":"","format":"standard","meta":{"_monsterinsights_skip_tracking":false,"_monsterinsights_sitenote_active":false,"_monsterinsights_sitenote_note":"","_monsterinsights_sitenote_category":0,"site-sidebar-layout":"default","site-content-layout":"","ast-site-content-layout":"default","site-content-style":"default","site-sidebar-style":"default","ast-global-header-display":"","ast-banner-title-visibility":"","ast-main-header-display":"","ast-hfb-above-header-display":"","ast-hfb-below-header-display":"","ast-hfb-mobile-header-display":"","site-post-title":"","ast-breadcrumbs-content":"","ast-featured-img":"","footer-sml-layout":"","ast-disable-related-posts":"","theme-transparent-header-meta":"","adv-header-id-meta":"","stick-header-meta":"","header-above-stick-meta":"","header-main-stick-meta":"","header-below-stick-meta":"","astra-migrate-meta-layouts":"default","ast-page-background-enabled":"default","ast-page-background-meta":{"desktop":{"background-color":"var(--ast-global-color-5)","background-image":"","background-repeat":"repeat","background-position":"center center","background-size":"auto","background-attachment":"scroll","background-type":"","background-media":"","overlay-type":"","overlay-color":"","overlay-opacity":"","overlay-gradient":""},"tablet":{"background-color":"","background-image":"","background-repeat":"repeat","background-position":"center center","background-size":"auto","background-attachment":"scroll","background-type":"","background-media":"","overlay-type":"","overlay-color":"","overlay-opacity":"","overlay-gradient":""},"mobile":{"background-color":"","background-image":"","background-repeat":"repeat","background-position":"center center","background-size":"auto","background-attachment":"scroll","background-type":"","background-media":"","overlay-type":"","overlay-color":"","overlay-opacity":"","overlay-gradient":""}},"ast-content-background-meta":{"desktop":{"background-color":"var(--ast-global-color-4)","background-image":"","background-repeat":"repeat","background-position":"center center","background-size":"auto","background-attachment":"scroll","background-type":"","background-media":"","overlay-type":"","overlay-color":"","overlay-opacity":"","overlay-gradient":""},"tablet":{"background-color":"var(--ast-global-color-4)","background-image":"","background-repeat":"repeat","background-position":"center center","background-size":"auto","background-attachment":"scroll","background-type":"","background-media":"","overlay-type":"","overlay-color":"","overlay-opacity":"","overlay-gradient":""},"mobile":{"background-color":"var(--ast-global-color-4)","background-image":"","background-repeat":"repeat","background-position":"center center","background-size":"auto","background-attachment":"scroll","background-type":"","background-media":"","overlay-type":"","overlay-color":"","overlay-opacity":"","overlay-gradient":""}},"footnotes":""},"categories":[1],"tags":[5,147,145,149,150,146,151,111,148],"class_list":["post-1033","post","type-post","status-publish","format-standard","hentry","category-uncategorized","tag-asuminen","tag-asuntopolitiikka","tag-esteettomyys","tag-liikuntaesteiset","tag-normitalkoot","tag-rakentaminen","tag-saantelyn-purkaminen","tag-tasa-arvo","tag-vanhukset"],"yoast_head":"<!-- This site is optimized with the Yoast SEO plugin v27.5 - https:\/\/yoast.com\/product\/yoast-seo-wordpress\/ -->\n<title>Esteett\u00f6myydess\u00e4 on kyse tasa-arvosta, ei turhasta s\u00e4\u00e4ntelyst\u00e4. - Jenni Pitko - Vihreiden varapuheenjohtaja, ymp\u00e4rist\u00f6valiokunnan puheenjohtaja, kansanedustaja ja arkkitehti Oulusta<\/title>\n<meta name=\"robots\" content=\"index, follow, max-snippet:-1, max-image-preview:large, max-video-preview:-1\" \/>\n<link rel=\"canonical\" href=\"https:\/\/jennipitko.fi\/koti\/esteettomyyssaantely\/\" \/>\n<meta property=\"og:locale\" content=\"fi_FI\" \/>\n<meta property=\"og:type\" content=\"article\" \/>\n<meta property=\"og:title\" content=\"Esteett\u00f6myydess\u00e4 on kyse tasa-arvosta, ei turhasta s\u00e4\u00e4ntelyst\u00e4. - Jenni Pitko - Vihreiden varapuheenjohtaja, ymp\u00e4rist\u00f6valiokunnan puheenjohtaja, kansanedustaja ja arkkitehti Oulusta\" \/>\n<meta property=\"og:description\" content=\"Kokoomuksen eduskuntaryhm\u00e4 julkaisi t\u00e4n\u00e4\u00e4n keskiviikkona Normitalkoot-ohjelman. Ohjelman tarkoituksena on edist\u00e4\u00e4 ty\u00f6t\u00e4 ja talouskasvua purkamalla &#8220;turhia&#8221; normeja ja s\u00e4\u00e4d\u00f6ksi\u00e4. Vilkaisin ohjelmaa [&hellip;]\" \/>\n<meta property=\"og:url\" content=\"https:\/\/jennipitko.fi\/koti\/esteettomyyssaantely\/\" \/>\n<meta property=\"og:site_name\" content=\"Jenni Pitko - Vihreiden varapuheenjohtaja, ymp\u00e4rist\u00f6valiokunnan puheenjohtaja, kansanedustaja ja arkkitehti Oulusta\" \/>\n<meta property=\"article:published_time\" content=\"2015-02-11T18:20:01+00:00\" \/>\n<meta property=\"article:modified_time\" content=\"2015-02-16T20:23:02+00:00\" \/>\n<meta name=\"author\" content=\"Jenni\" \/>\n<meta name=\"twitter:card\" content=\"summary_large_image\" \/>\n<meta name=\"twitter:label1\" content=\"Kirjoittanut\" \/>\n\t<meta name=\"twitter:data1\" content=\"Jenni\" \/>\n\t<meta name=\"twitter:label2\" content=\"Arvioitu lukuaika\" \/>\n\t<meta name=\"twitter:data2\" content=\"2 minuuttia\" \/>\n<script type=\"application\/ld+json\" class=\"yoast-schema-graph\">{\"@context\":\"https:\\\/\\\/schema.org\",\"@graph\":[{\"@type\":\"Article\",\"@id\":\"https:\\\/\\\/jennipitko.fi\\\/koti\\\/esteettomyyssaantely\\\/#article\",\"isPartOf\":{\"@id\":\"https:\\\/\\\/jennipitko.fi\\\/koti\\\/esteettomyyssaantely\\\/\"},\"author\":{\"name\":\"Jenni\",\"@id\":\"https:\\\/\\\/jennipitko.fi\\\/koti\\\/#\\\/schema\\\/person\\\/35955c467f851f10124809310e7e7ee8\"},\"headline\":\"Esteett\u00f6myydess\u00e4 on kyse tasa-arvosta, ei turhasta s\u00e4\u00e4ntelyst\u00e4.\",\"datePublished\":\"2015-02-11T18:20:01+00:00\",\"dateModified\":\"2015-02-16T20:23:02+00:00\",\"mainEntityOfPage\":{\"@id\":\"https:\\\/\\\/jennipitko.fi\\\/koti\\\/esteettomyyssaantely\\\/\"},\"wordCount\":469,\"commentCount\":1,\"publisher\":{\"@id\":\"https:\\\/\\\/jennipitko.fi\\\/koti\\\/#organization\"},\"keywords\":[\"asuminen\",\"asuntopolitiikka\",\"esteett\u00f6myys\",\"liikuntaesteiset\",\"normitalkoot\",\"rakentaminen\",\"s\u00e4\u00e4ntelyn purkaminen\",\"tasa-arvo\",\"vanhukset\"],\"articleSection\":[\"Uncategorized\"],\"inLanguage\":\"fi\",\"potentialAction\":[{\"@type\":\"CommentAction\",\"name\":\"Comment\",\"target\":[\"https:\\\/\\\/jennipitko.fi\\\/koti\\\/esteettomyyssaantely\\\/#respond\"]}]},{\"@type\":\"WebPage\",\"@id\":\"https:\\\/\\\/jennipitko.fi\\\/koti\\\/esteettomyyssaantely\\\/\",\"url\":\"https:\\\/\\\/jennipitko.fi\\\/koti\\\/esteettomyyssaantely\\\/\",\"name\":\"Esteett\u00f6myydess\u00e4 on kyse tasa-arvosta, ei turhasta s\u00e4\u00e4ntelyst\u00e4. - Jenni Pitko - Vihreiden varapuheenjohtaja, ymp\u00e4rist\u00f6valiokunnan puheenjohtaja, kansanedustaja ja arkkitehti Oulusta\",\"isPartOf\":{\"@id\":\"https:\\\/\\\/jennipitko.fi\\\/koti\\\/#website\"},\"datePublished\":\"2015-02-11T18:20:01+00:00\",\"dateModified\":\"2015-02-16T20:23:02+00:00\",\"breadcrumb\":{\"@id\":\"https:\\\/\\\/jennipitko.fi\\\/koti\\\/esteettomyyssaantely\\\/#breadcrumb\"},\"inLanguage\":\"fi\",\"potentialAction\":[{\"@type\":\"ReadAction\",\"target\":[\"https:\\\/\\\/jennipitko.fi\\\/koti\\\/esteettomyyssaantely\\\/\"]}]},{\"@type\":\"BreadcrumbList\",\"@id\":\"https:\\\/\\\/jennipitko.fi\\\/koti\\\/esteettomyyssaantely\\\/#breadcrumb\",\"itemListElement\":[{\"@type\":\"ListItem\",\"position\":1,\"name\":\"Home\",\"item\":\"https:\\\/\\\/jennipitko.fi\\\/koti\\\/\"},{\"@type\":\"ListItem\",\"position\":2,\"name\":\"Esteett\u00f6myydess\u00e4 on kyse tasa-arvosta, ei turhasta s\u00e4\u00e4ntelyst\u00e4.\"}]},{\"@type\":\"WebSite\",\"@id\":\"https:\\\/\\\/jennipitko.fi\\\/koti\\\/#website\",\"url\":\"https:\\\/\\\/jennipitko.fi\\\/koti\\\/\",\"name\":\"Jenni Pitko - Vihreiden varapuheenjohtaja, ymp\u00e4rist\u00f6valiokunnan puheenjohtaja, kansanedustaja ja arkkitehti Oulusta\",\"description\":\"Jenni Pitko - Vihreiden varapuheenjohtaja, ymp\u00e4rist\u00f6valiokunnan puheenjohtaja, kansanedustaja ja arkkitehti Oulusta\",\"publisher\":{\"@id\":\"https:\\\/\\\/jennipitko.fi\\\/koti\\\/#organization\"},\"potentialAction\":[{\"@type\":\"SearchAction\",\"target\":{\"@type\":\"EntryPoint\",\"urlTemplate\":\"https:\\\/\\\/jennipitko.fi\\\/koti\\\/?s={search_term_string}\"},\"query-input\":{\"@type\":\"PropertyValueSpecification\",\"valueRequired\":true,\"valueName\":\"search_term_string\"}}],\"inLanguage\":\"fi\"},{\"@type\":\"Organization\",\"@id\":\"https:\\\/\\\/jennipitko.fi\\\/koti\\\/#organization\",\"name\":\"Jenni Pitko - Vihreiden varapuheenjohtaja, ymp\u00e4rist\u00f6valiokunnan puheenjohtaja, kansanedustaja ja arkkitehti Oulusta\",\"url\":\"https:\\\/\\\/jennipitko.fi\\\/koti\\\/\",\"logo\":{\"@type\":\"ImageObject\",\"inLanguage\":\"fi\",\"@id\":\"https:\\\/\\\/jennipitko.fi\\\/koti\\\/#\\\/schema\\\/logo\\\/image\\\/\",\"url\":\"https:\\\/\\\/jennipitko.fi\\\/koti\\\/wp-content\\\/uploads\\\/2025\\\/09\\\/Nimeton-malli-38.png\",\"contentUrl\":\"https:\\\/\\\/jennipitko.fi\\\/koti\\\/wp-content\\\/uploads\\\/2025\\\/09\\\/Nimeton-malli-38.png\",\"width\":1280,\"height\":847,\"caption\":\"Jenni Pitko - Vihreiden varapuheenjohtaja, ymp\u00e4rist\u00f6valiokunnan puheenjohtaja, kansanedustaja ja arkkitehti Oulusta\"},\"image\":{\"@id\":\"https:\\\/\\\/jennipitko.fi\\\/koti\\\/#\\\/schema\\\/logo\\\/image\\\/\"}},{\"@type\":\"Person\",\"@id\":\"https:\\\/\\\/jennipitko.fi\\\/koti\\\/#\\\/schema\\\/person\\\/35955c467f851f10124809310e7e7ee8\",\"name\":\"Jenni\",\"image\":{\"@type\":\"ImageObject\",\"inLanguage\":\"fi\",\"@id\":\"https:\\\/\\\/secure.gravatar.com\\\/avatar\\\/625a0e6413b293da7739d42617828d564a4d6028aec3f45d8939a2ba1617199f?s=96&d=blank&r=g\",\"url\":\"https:\\\/\\\/secure.gravatar.com\\\/avatar\\\/625a0e6413b293da7739d42617828d564a4d6028aec3f45d8939a2ba1617199f?s=96&d=blank&r=g\",\"contentUrl\":\"https:\\\/\\\/secure.gravatar.com\\\/avatar\\\/625a0e6413b293da7739d42617828d564a4d6028aec3f45d8939a2ba1617199f?s=96&d=blank&r=g\",\"caption\":\"Jenni\"},\"url\":\"https:\\\/\\\/jennipitko.fi\\\/koti\\\/author\\\/jenni\\\/\"}]}<\/script>\n<!-- \/ Yoast SEO plugin. -->","yoast_head_json":{"title":"Esteett\u00f6myydess\u00e4 on kyse tasa-arvosta, ei turhasta s\u00e4\u00e4ntelyst\u00e4. - Jenni Pitko - Vihreiden varapuheenjohtaja, ymp\u00e4rist\u00f6valiokunnan puheenjohtaja, kansanedustaja ja arkkitehti Oulusta","robots":{"index":"index","follow":"follow","max-snippet":"max-snippet:-1","max-image-preview":"max-image-preview:large","max-video-preview":"max-video-preview:-1"},"canonical":"https:\/\/jennipitko.fi\/koti\/esteettomyyssaantely\/","og_locale":"fi_FI","og_type":"article","og_title":"Esteett\u00f6myydess\u00e4 on kyse tasa-arvosta, ei turhasta s\u00e4\u00e4ntelyst\u00e4. - Jenni Pitko - Vihreiden varapuheenjohtaja, ymp\u00e4rist\u00f6valiokunnan puheenjohtaja, kansanedustaja ja arkkitehti Oulusta","og_description":"Kokoomuksen eduskuntaryhm\u00e4 julkaisi t\u00e4n\u00e4\u00e4n keskiviikkona Normitalkoot-ohjelman. Ohjelman tarkoituksena on edist\u00e4\u00e4 ty\u00f6t\u00e4 ja talouskasvua purkamalla &#8220;turhia&#8221; normeja ja s\u00e4\u00e4d\u00f6ksi\u00e4. Vilkaisin ohjelmaa [&hellip;]","og_url":"https:\/\/jennipitko.fi\/koti\/esteettomyyssaantely\/","og_site_name":"Jenni Pitko - Vihreiden varapuheenjohtaja, ymp\u00e4rist\u00f6valiokunnan puheenjohtaja, kansanedustaja ja arkkitehti Oulusta","article_published_time":"2015-02-11T18:20:01+00:00","article_modified_time":"2015-02-16T20:23:02+00:00","author":"Jenni","twitter_card":"summary_large_image","twitter_misc":{"Kirjoittanut":"Jenni","Arvioitu lukuaika":"2 minuuttia"},"schema":{"@context":"https:\/\/schema.org","@graph":[{"@type":"Article","@id":"https:\/\/jennipitko.fi\/koti\/esteettomyyssaantely\/#article","isPartOf":{"@id":"https:\/\/jennipitko.fi\/koti\/esteettomyyssaantely\/"},"author":{"name":"Jenni","@id":"https:\/\/jennipitko.fi\/koti\/#\/schema\/person\/35955c467f851f10124809310e7e7ee8"},"headline":"Esteett\u00f6myydess\u00e4 on kyse tasa-arvosta, ei turhasta s\u00e4\u00e4ntelyst\u00e4.","datePublished":"2015-02-11T18:20:01+00:00","dateModified":"2015-02-16T20:23:02+00:00","mainEntityOfPage":{"@id":"https:\/\/jennipitko.fi\/koti\/esteettomyyssaantely\/"},"wordCount":469,"commentCount":1,"publisher":{"@id":"https:\/\/jennipitko.fi\/koti\/#organization"},"keywords":["asuminen","asuntopolitiikka","esteett\u00f6myys","liikuntaesteiset","normitalkoot","rakentaminen","s\u00e4\u00e4ntelyn purkaminen","tasa-arvo","vanhukset"],"articleSection":["Uncategorized"],"inLanguage":"fi","potentialAction":[{"@type":"CommentAction","name":"Comment","target":["https:\/\/jennipitko.fi\/koti\/esteettomyyssaantely\/#respond"]}]},{"@type":"WebPage","@id":"https:\/\/jennipitko.fi\/koti\/esteettomyyssaantely\/","url":"https:\/\/jennipitko.fi\/koti\/esteettomyyssaantely\/","name":"Esteett\u00f6myydess\u00e4 on kyse tasa-arvosta, ei turhasta s\u00e4\u00e4ntelyst\u00e4. - Jenni Pitko - Vihreiden varapuheenjohtaja, ymp\u00e4rist\u00f6valiokunnan puheenjohtaja, kansanedustaja ja arkkitehti Oulusta","isPartOf":{"@id":"https:\/\/jennipitko.fi\/koti\/#website"},"datePublished":"2015-02-11T18:20:01+00:00","dateModified":"2015-02-16T20:23:02+00:00","breadcrumb":{"@id":"https:\/\/jennipitko.fi\/koti\/esteettomyyssaantely\/#breadcrumb"},"inLanguage":"fi","potentialAction":[{"@type":"ReadAction","target":["https:\/\/jennipitko.fi\/koti\/esteettomyyssaantely\/"]}]},{"@type":"BreadcrumbList","@id":"https:\/\/jennipitko.fi\/koti\/esteettomyyssaantely\/#breadcrumb","itemListElement":[{"@type":"ListItem","position":1,"name":"Home","item":"https:\/\/jennipitko.fi\/koti\/"},{"@type":"ListItem","position":2,"name":"Esteett\u00f6myydess\u00e4 on kyse tasa-arvosta, ei turhasta s\u00e4\u00e4ntelyst\u00e4."}]},{"@type":"WebSite","@id":"https:\/\/jennipitko.fi\/koti\/#website","url":"https:\/\/jennipitko.fi\/koti\/","name":"Jenni Pitko - Vihreiden varapuheenjohtaja, ymp\u00e4rist\u00f6valiokunnan puheenjohtaja, kansanedustaja ja arkkitehti Oulusta","description":"Jenni Pitko - Vihreiden varapuheenjohtaja, ymp\u00e4rist\u00f6valiokunnan puheenjohtaja, kansanedustaja ja arkkitehti Oulusta","publisher":{"@id":"https:\/\/jennipitko.fi\/koti\/#organization"},"potentialAction":[{"@type":"SearchAction","target":{"@type":"EntryPoint","urlTemplate":"https:\/\/jennipitko.fi\/koti\/?s={search_term_string}"},"query-input":{"@type":"PropertyValueSpecification","valueRequired":true,"valueName":"search_term_string"}}],"inLanguage":"fi"},{"@type":"Organization","@id":"https:\/\/jennipitko.fi\/koti\/#organization","name":"Jenni Pitko - Vihreiden varapuheenjohtaja, ymp\u00e4rist\u00f6valiokunnan puheenjohtaja, kansanedustaja ja arkkitehti Oulusta","url":"https:\/\/jennipitko.fi\/koti\/","logo":{"@type":"ImageObject","inLanguage":"fi","@id":"https:\/\/jennipitko.fi\/koti\/#\/schema\/logo\/image\/","url":"https:\/\/jennipitko.fi\/koti\/wp-content\/uploads\/2025\/09\/Nimeton-malli-38.png","contentUrl":"https:\/\/jennipitko.fi\/koti\/wp-content\/uploads\/2025\/09\/Nimeton-malli-38.png","width":1280,"height":847,"caption":"Jenni Pitko - Vihreiden varapuheenjohtaja, ymp\u00e4rist\u00f6valiokunnan puheenjohtaja, kansanedustaja ja arkkitehti Oulusta"},"image":{"@id":"https:\/\/jennipitko.fi\/koti\/#\/schema\/logo\/image\/"}},{"@type":"Person","@id":"https:\/\/jennipitko.fi\/koti\/#\/schema\/person\/35955c467f851f10124809310e7e7ee8","name":"Jenni","image":{"@type":"ImageObject","inLanguage":"fi","@id":"https:\/\/secure.gravatar.com\/avatar\/625a0e6413b293da7739d42617828d564a4d6028aec3f45d8939a2ba1617199f?s=96&d=blank&r=g","url":"https:\/\/secure.gravatar.com\/avatar\/625a0e6413b293da7739d42617828d564a4d6028aec3f45d8939a2ba1617199f?s=96&d=blank&r=g","contentUrl":"https:\/\/secure.gravatar.com\/avatar\/625a0e6413b293da7739d42617828d564a4d6028aec3f45d8939a2ba1617199f?s=96&d=blank&r=g","caption":"Jenni"},"url":"https:\/\/jennipitko.fi\/koti\/author\/jenni\/"}]}},"_links":{"self":[{"href":"https:\/\/jennipitko.fi\/koti\/wp-json\/wp\/v2\/posts\/1033","targetHints":{"allow":["GET"]}}],"collection":[{"href":"https:\/\/jennipitko.fi\/koti\/wp-json\/wp\/v2\/posts"}],"about":[{"href":"https:\/\/jennipitko.fi\/koti\/wp-json\/wp\/v2\/types\/post"}],"author":[{"embeddable":true,"href":"https:\/\/jennipitko.fi\/koti\/wp-json\/wp\/v2\/users\/1"}],"replies":[{"embeddable":true,"href":"https:\/\/jennipitko.fi\/koti\/wp-json\/wp\/v2\/comments?post=1033"}],"version-history":[{"count":2,"href":"https:\/\/jennipitko.fi\/koti\/wp-json\/wp\/v2\/posts\/1033\/revisions"}],"predecessor-version":[{"id":1051,"href":"https:\/\/jennipitko.fi\/koti\/wp-json\/wp\/v2\/posts\/1033\/revisions\/1051"}],"wp:attachment":[{"href":"https:\/\/jennipitko.fi\/koti\/wp-json\/wp\/v2\/media?parent=1033"}],"wp:term":[{"taxonomy":"category","embeddable":true,"href":"https:\/\/jennipitko.fi\/koti\/wp-json\/wp\/v2\/categories?post=1033"},{"taxonomy":"post_tag","embeddable":true,"href":"https:\/\/jennipitko.fi\/koti\/wp-json\/wp\/v2\/tags?post=1033"}],"curies":[{"name":"wp","href":"https:\/\/api.w.org\/{rel}","templated":true}]}}