{"id":1055,"date":"2015-02-12T21:27:03","date_gmt":"2015-02-12T21:27:03","guid":{"rendered":"http:\/\/jennipitko.fi\/koti\/?p=1055"},"modified":"2015-02-12T21:39:07","modified_gmt":"2015-02-12T21:39:07","slug":"kookos-inkivaari-ravintola-taas-ravintolapaivassa-coconut-ginger-at-restaurant-day","status":"publish","type":"post","link":"https:\/\/jennipitko.fi\/koti\/kookos-inkivaari-ravintola-taas-ravintolapaivassa-coconut-ginger-at-restaurant-day\/","title":{"rendered":"Kookos &#038; Inkiv\u00e4\u00e4ri Ravintolap\u00e4iv\u00e4ss\u00e4 \/ Coconut &#038; Ginger at Restaurant Day"},"content":{"rendered":"<p>Kookos&amp;Inkiv\u00e4\u00e4ri tuo taas l\u00e4mp\u00f6\u00e4 ja energiaa talviseen Ravintolap\u00e4iv\u00e4\u00e4n! Kojumme tarjoaa kuumaa inkiv\u00e4\u00e4rijuomaa sek\u00e4 suussasulavia raakapatukoita ja -suklaita pikkurahalla. Kahdella eurolla saa pieneen n\u00e4lk\u00e4\u00e4n v\u00e4lipalapatukan, joka on valmistettu kokonaan raakana. Raakasuklaisia herkkuja saa pikkupalan eurolla ja kolme palaa 2,5 euron yhteishintaan. Kupillisen inkiv\u00e4\u00e4rijuomaa saa l\u00e4mmikkeeksi eurolla. Jos haluat s\u00e4\u00e4st\u00e4\u00e4 kertak\u00e4ytt\u00f6astioita, tuo mukaan oma kuppisi ja saat santsikupin ilmaiseksi.<\/p>\n<p><!--more--><br \/>\nRavintola sijaitsee torirannassa Toripolliisin luona, mutta silloin t\u00e4ll\u00f6in muutama kojulainen saattaa ottaa py\u00f6r\u00e4n alle ja liikuskella l\u00e4hialueilla herkkujen kanssa. Ravintola on auki kello 12\u201315 ta<span class=\"text_exposed_show\">i niin kauan kuin tarjottavaa riitt\u00e4\u00e4.<\/span><\/p>\n<p>Tervetuloa my\u00f6s j\u00e4\u00e4m\u00e4\u00e4n juttusille Jenni Pitkon ja muiden kojulaisten kanssa!<\/p>\n<p>Kookos&amp;Inkiv\u00e4\u00e4ri (Coconut&amp;Ginger) will once again bring warmth and energy to the chilly Restaurant Day! Our shop offers ginger tea as well as raw snackbars and chocolate. Try out our raw-made snack bars for 2 \u20ac, raw-made chocolate for 1 \u20ac \/ piece or 2,5 \u20ac \/ 3 pieces, or warm up with a cup of ginger tea for 1 \u20ac. Bring your own cup and get a free re-fill! The restaurant is located at the market place and it is open from 12 to 3 pm or as long as tea and snacks last. You\u2019re also welcome to have a chat with Jenni Pitko and the rest of the crew.<\/p>\n<div id=\"fb-root\"><\/div>\n<p><script>\/\/ <![CDATA[\n(function(d, s, id) { var js, fjs = d.getElementsByTagName(s)[0]; if (d.getElementById(id)) return; js = d.createElement(s); js.id = id; js.src = \"\/\/connect.facebook.net\/fi_FI\/all.js#xfbml=1\"; fjs.parentNode.insertBefore(js, fjs); }(document, 'script', 'facebook-jssdk'));\n\/\/ ]]><\/script>My\u00f6s kestoluutuja voi ostaa ravintolastamme! Kestoluutujen tuotto menee eduskuntavaalikampanjaan.<\/p>\n<div class=\"fb-post\" data-href=\"https:\/\/www.facebook.com\/jennipitko\/posts\/835066439865633:0\" data-width=\"466\">\n<div class=\"fb-xfbml-parse-ignore\"><a href=\"https:\/\/www.facebook.com\/jennipitko\/posts\/835066439865633:0\">Julkaisu<\/a> k\u00e4ytt\u00e4j\u00e4lt\u00e4 <a href=\"https:\/\/www.facebook.com\/jennipitko\">Jenni Pitko<\/a>.<\/div>\n<\/div>\n","protected":false},"excerpt":{"rendered":"<p>Kookos&amp;Inkiv\u00e4\u00e4ri tuo taas l\u00e4mp\u00f6\u00e4 ja energiaa talviseen Ravintolap\u00e4iv\u00e4\u00e4n! Kojumme tarjoaa kuumaa inkiv\u00e4\u00e4rijuomaa sek\u00e4 suussasulavia raakapatukoita ja -suklaita pikkurahalla. Kahdella eurolla [&hellip;]<\/p>\n","protected":false},"author":1,"featured_media":0,"comment_status":"open","ping_status":"closed","sticky":false,"template":"","format":"image","meta":{"_monsterinsights_skip_tracking":false,"_monsterinsights_sitenote_active":false,"_monsterinsights_sitenote_note":"","_monsterinsights_sitenote_category":0,"site-sidebar-layout":"default","site-content-layout":"","ast-site-content-layout":"default","site-content-style":"default","site-sidebar-style":"default","ast-global-header-display":"","ast-banner-title-visibility":"","ast-main-header-display":"","ast-hfb-above-header-display":"","ast-hfb-below-header-display":"","ast-hfb-mobile-header-display":"","site-post-title":"","ast-breadcrumbs-content":"","ast-featured-img":"","footer-sml-layout":"","ast-disable-related-posts":"","theme-transparent-header-meta":"","adv-header-id-meta":"","stick-header-meta":"","header-above-stick-meta":"","header-main-stick-meta":"","header-below-stick-meta":"","astra-migrate-meta-layouts":"default","ast-page-background-enabled":"default","ast-page-background-meta":{"desktop":{"background-color":"var(--ast-global-color-5)","background-image":"","background-repeat":"repeat","background-position":"center center","background-size":"auto","background-attachment":"scroll","background-type":"","background-media":"","overlay-type":"","overlay-color":"","overlay-opacity":"","overlay-gradient":""},"tablet":{"background-color":"","background-image":"","background-repeat":"repeat","background-position":"center center","background-size":"auto","background-attachment":"scroll","background-type":"","background-media":"","overlay-type":"","overlay-color":"","overlay-opacity":"","overlay-gradient":""},"mobile":{"background-color":"","background-image":"","background-repeat":"repeat","background-position":"center center","background-size":"auto","background-attachment":"scroll","background-type":"","background-media":"","overlay-type":"","overlay-color":"","overlay-opacity":"","overlay-gradient":""}},"ast-content-background-meta":{"desktop":{"background-color":"var(--ast-global-color-4)","background-image":"","background-repeat":"repeat","background-position":"center center","background-size":"auto","background-attachment":"scroll","background-type":"","background-media":"","overlay-type":"","overlay-color":"","overlay-opacity":"","overlay-gradient":""},"tablet":{"background-color":"var(--ast-global-color-4)","background-image":"","background-repeat":"repeat","background-position":"center center","background-size":"auto","background-attachment":"scroll","background-type":"","background-media":"","overlay-type":"","overlay-color":"","overlay-opacity":"","overlay-gradient":""},"mobile":{"background-color":"var(--ast-global-color-4)","background-image":"","background-repeat":"repeat","background-position":"center center","background-size":"auto","background-attachment":"scroll","background-type":"","background-media":"","overlay-type":"","overlay-color":"","overlay-opacity":"","overlay-gradient":""}},"footnotes":""},"categories":[1],"tags":[],"class_list":["post-1055","post","type-post","status-publish","format-image","hentry","category-uncategorized","post_format-post-format-image"],"yoast_head":"<!-- This site is optimized with the Yoast SEO plugin v27.5 - https:\/\/yoast.com\/product\/yoast-seo-wordpress\/ -->\n<title>Kookos &amp; Inkiv\u00e4\u00e4ri Ravintolap\u00e4iv\u00e4ss\u00e4 \/ Coconut &amp; Ginger at Restaurant Day - Jenni Pitko - Vihreiden varapuheenjohtaja, ymp\u00e4rist\u00f6valiokunnan puheenjohtaja, kansanedustaja ja arkkitehti Oulusta<\/title>\n<meta name=\"robots\" content=\"index, follow, max-snippet:-1, max-image-preview:large, max-video-preview:-1\" \/>\n<link rel=\"canonical\" href=\"https:\/\/jennipitko.fi\/koti\/kookos-inkivaari-ravintola-taas-ravintolapaivassa-coconut-ginger-at-restaurant-day\/\" \/>\n<meta property=\"og:locale\" content=\"fi_FI\" \/>\n<meta property=\"og:type\" content=\"article\" \/>\n<meta property=\"og:title\" content=\"Kookos &amp; Inkiv\u00e4\u00e4ri Ravintolap\u00e4iv\u00e4ss\u00e4 \/ Coconut &amp; Ginger at Restaurant Day - Jenni Pitko - Vihreiden varapuheenjohtaja, ymp\u00e4rist\u00f6valiokunnan puheenjohtaja, kansanedustaja ja arkkitehti Oulusta\" \/>\n<meta property=\"og:description\" content=\"Kookos&amp;Inkiv\u00e4\u00e4ri tuo taas l\u00e4mp\u00f6\u00e4 ja energiaa talviseen Ravintolap\u00e4iv\u00e4\u00e4n! Kojumme tarjoaa kuumaa inkiv\u00e4\u00e4rijuomaa sek\u00e4 suussasulavia raakapatukoita ja -suklaita pikkurahalla. Kahdella eurolla [&hellip;]\" \/>\n<meta property=\"og:url\" content=\"https:\/\/jennipitko.fi\/koti\/kookos-inkivaari-ravintola-taas-ravintolapaivassa-coconut-ginger-at-restaurant-day\/\" \/>\n<meta property=\"og:site_name\" content=\"Jenni Pitko - Vihreiden varapuheenjohtaja, ymp\u00e4rist\u00f6valiokunnan puheenjohtaja, kansanedustaja ja arkkitehti Oulusta\" \/>\n<meta property=\"article:published_time\" content=\"2015-02-12T21:27:03+00:00\" \/>\n<meta property=\"article:modified_time\" content=\"2015-02-12T21:39:07+00:00\" \/>\n<meta name=\"author\" content=\"Jenni\" \/>\n<meta name=\"twitter:card\" content=\"summary_large_image\" \/>\n<meta name=\"twitter:label1\" content=\"Kirjoittanut\" \/>\n\t<meta name=\"twitter:data1\" content=\"Jenni\" \/>\n\t<meta name=\"twitter:label2\" content=\"Arvioitu lukuaika\" \/>\n\t<meta name=\"twitter:data2\" content=\"1 minuutti\" \/>\n<script type=\"application\/ld+json\" class=\"yoast-schema-graph\">{\"@context\":\"https:\\\/\\\/schema.org\",\"@graph\":[{\"@type\":\"Article\",\"@id\":\"https:\\\/\\\/jennipitko.fi\\\/koti\\\/kookos-inkivaari-ravintola-taas-ravintolapaivassa-coconut-ginger-at-restaurant-day\\\/#article\",\"isPartOf\":{\"@id\":\"https:\\\/\\\/jennipitko.fi\\\/koti\\\/kookos-inkivaari-ravintola-taas-ravintolapaivassa-coconut-ginger-at-restaurant-day\\\/\"},\"author\":{\"name\":\"Jenni\",\"@id\":\"https:\\\/\\\/jennipitko.fi\\\/koti\\\/#\\\/schema\\\/person\\\/35955c467f851f10124809310e7e7ee8\"},\"headline\":\"Kookos &#038; Inkiv\u00e4\u00e4ri Ravintolap\u00e4iv\u00e4ss\u00e4 \\\/ Coconut &#038; Ginger at Restaurant Day\",\"datePublished\":\"2015-02-12T21:27:03+00:00\",\"dateModified\":\"2015-02-12T21:39:07+00:00\",\"mainEntityOfPage\":{\"@id\":\"https:\\\/\\\/jennipitko.fi\\\/koti\\\/kookos-inkivaari-ravintola-taas-ravintolapaivassa-coconut-ginger-at-restaurant-day\\\/\"},\"wordCount\":249,\"commentCount\":0,\"publisher\":{\"@id\":\"https:\\\/\\\/jennipitko.fi\\\/koti\\\/#organization\"},\"articleSection\":[\"Uncategorized\"],\"inLanguage\":\"fi\",\"potentialAction\":[{\"@type\":\"CommentAction\",\"name\":\"Comment\",\"target\":[\"https:\\\/\\\/jennipitko.fi\\\/koti\\\/kookos-inkivaari-ravintola-taas-ravintolapaivassa-coconut-ginger-at-restaurant-day\\\/#respond\"]}]},{\"@type\":\"WebPage\",\"@id\":\"https:\\\/\\\/jennipitko.fi\\\/koti\\\/kookos-inkivaari-ravintola-taas-ravintolapaivassa-coconut-ginger-at-restaurant-day\\\/\",\"url\":\"https:\\\/\\\/jennipitko.fi\\\/koti\\\/kookos-inkivaari-ravintola-taas-ravintolapaivassa-coconut-ginger-at-restaurant-day\\\/\",\"name\":\"Kookos & Inkiv\u00e4\u00e4ri Ravintolap\u00e4iv\u00e4ss\u00e4 \\\/ Coconut & Ginger at Restaurant Day - Jenni Pitko - Vihreiden varapuheenjohtaja, ymp\u00e4rist\u00f6valiokunnan puheenjohtaja, kansanedustaja ja arkkitehti Oulusta\",\"isPartOf\":{\"@id\":\"https:\\\/\\\/jennipitko.fi\\\/koti\\\/#website\"},\"datePublished\":\"2015-02-12T21:27:03+00:00\",\"dateModified\":\"2015-02-12T21:39:07+00:00\",\"breadcrumb\":{\"@id\":\"https:\\\/\\\/jennipitko.fi\\\/koti\\\/kookos-inkivaari-ravintola-taas-ravintolapaivassa-coconut-ginger-at-restaurant-day\\\/#breadcrumb\"},\"inLanguage\":\"fi\",\"potentialAction\":[{\"@type\":\"ReadAction\",\"target\":[\"https:\\\/\\\/jennipitko.fi\\\/koti\\\/kookos-inkivaari-ravintola-taas-ravintolapaivassa-coconut-ginger-at-restaurant-day\\\/\"]}]},{\"@type\":\"BreadcrumbList\",\"@id\":\"https:\\\/\\\/jennipitko.fi\\\/koti\\\/kookos-inkivaari-ravintola-taas-ravintolapaivassa-coconut-ginger-at-restaurant-day\\\/#breadcrumb\",\"itemListElement\":[{\"@type\":\"ListItem\",\"position\":1,\"name\":\"Home\",\"item\":\"https:\\\/\\\/jennipitko.fi\\\/koti\\\/\"},{\"@type\":\"ListItem\",\"position\":2,\"name\":\"Kookos &#038; Inkiv\u00e4\u00e4ri Ravintolap\u00e4iv\u00e4ss\u00e4 \\\/ Coconut &#038; Ginger at Restaurant Day\"}]},{\"@type\":\"WebSite\",\"@id\":\"https:\\\/\\\/jennipitko.fi\\\/koti\\\/#website\",\"url\":\"https:\\\/\\\/jennipitko.fi\\\/koti\\\/\",\"name\":\"Jenni Pitko - Vihreiden varapuheenjohtaja, ymp\u00e4rist\u00f6valiokunnan puheenjohtaja, kansanedustaja ja arkkitehti Oulusta\",\"description\":\"Jenni Pitko - Vihreiden varapuheenjohtaja, ymp\u00e4rist\u00f6valiokunnan puheenjohtaja, kansanedustaja ja arkkitehti Oulusta\",\"publisher\":{\"@id\":\"https:\\\/\\\/jennipitko.fi\\\/koti\\\/#organization\"},\"potentialAction\":[{\"@type\":\"SearchAction\",\"target\":{\"@type\":\"EntryPoint\",\"urlTemplate\":\"https:\\\/\\\/jennipitko.fi\\\/koti\\\/?s={search_term_string}\"},\"query-input\":{\"@type\":\"PropertyValueSpecification\",\"valueRequired\":true,\"valueName\":\"search_term_string\"}}],\"inLanguage\":\"fi\"},{\"@type\":\"Organization\",\"@id\":\"https:\\\/\\\/jennipitko.fi\\\/koti\\\/#organization\",\"name\":\"Jenni Pitko - Vihreiden varapuheenjohtaja, ymp\u00e4rist\u00f6valiokunnan puheenjohtaja, kansanedustaja ja arkkitehti Oulusta\",\"url\":\"https:\\\/\\\/jennipitko.fi\\\/koti\\\/\",\"logo\":{\"@type\":\"ImageObject\",\"inLanguage\":\"fi\",\"@id\":\"https:\\\/\\\/jennipitko.fi\\\/koti\\\/#\\\/schema\\\/logo\\\/image\\\/\",\"url\":\"https:\\\/\\\/jennipitko.fi\\\/koti\\\/wp-content\\\/uploads\\\/2025\\\/09\\\/Nimeton-malli-38.png\",\"contentUrl\":\"https:\\\/\\\/jennipitko.fi\\\/koti\\\/wp-content\\\/uploads\\\/2025\\\/09\\\/Nimeton-malli-38.png\",\"width\":1280,\"height\":847,\"caption\":\"Jenni Pitko - Vihreiden varapuheenjohtaja, ymp\u00e4rist\u00f6valiokunnan puheenjohtaja, kansanedustaja ja arkkitehti Oulusta\"},\"image\":{\"@id\":\"https:\\\/\\\/jennipitko.fi\\\/koti\\\/#\\\/schema\\\/logo\\\/image\\\/\"}},{\"@type\":\"Person\",\"@id\":\"https:\\\/\\\/jennipitko.fi\\\/koti\\\/#\\\/schema\\\/person\\\/35955c467f851f10124809310e7e7ee8\",\"name\":\"Jenni\",\"image\":{\"@type\":\"ImageObject\",\"inLanguage\":\"fi\",\"@id\":\"https:\\\/\\\/secure.gravatar.com\\\/avatar\\\/625a0e6413b293da7739d42617828d564a4d6028aec3f45d8939a2ba1617199f?s=96&d=blank&r=g\",\"url\":\"https:\\\/\\\/secure.gravatar.com\\\/avatar\\\/625a0e6413b293da7739d42617828d564a4d6028aec3f45d8939a2ba1617199f?s=96&d=blank&r=g\",\"contentUrl\":\"https:\\\/\\\/secure.gravatar.com\\\/avatar\\\/625a0e6413b293da7739d42617828d564a4d6028aec3f45d8939a2ba1617199f?s=96&d=blank&r=g\",\"caption\":\"Jenni\"},\"url\":\"https:\\\/\\\/jennipitko.fi\\\/koti\\\/author\\\/jenni\\\/\"}]}<\/script>\n<!-- \/ Yoast SEO plugin. -->","yoast_head_json":{"title":"Kookos & Inkiv\u00e4\u00e4ri Ravintolap\u00e4iv\u00e4ss\u00e4 \/ Coconut & Ginger at Restaurant Day - Jenni Pitko - Vihreiden varapuheenjohtaja, ymp\u00e4rist\u00f6valiokunnan puheenjohtaja, kansanedustaja ja arkkitehti Oulusta","robots":{"index":"index","follow":"follow","max-snippet":"max-snippet:-1","max-image-preview":"max-image-preview:large","max-video-preview":"max-video-preview:-1"},"canonical":"https:\/\/jennipitko.fi\/koti\/kookos-inkivaari-ravintola-taas-ravintolapaivassa-coconut-ginger-at-restaurant-day\/","og_locale":"fi_FI","og_type":"article","og_title":"Kookos & Inkiv\u00e4\u00e4ri Ravintolap\u00e4iv\u00e4ss\u00e4 \/ Coconut & Ginger at Restaurant Day - Jenni Pitko - Vihreiden varapuheenjohtaja, ymp\u00e4rist\u00f6valiokunnan puheenjohtaja, kansanedustaja ja arkkitehti Oulusta","og_description":"Kookos&amp;Inkiv\u00e4\u00e4ri tuo taas l\u00e4mp\u00f6\u00e4 ja energiaa talviseen Ravintolap\u00e4iv\u00e4\u00e4n! Kojumme tarjoaa kuumaa inkiv\u00e4\u00e4rijuomaa sek\u00e4 suussasulavia raakapatukoita ja -suklaita pikkurahalla. Kahdella eurolla [&hellip;]","og_url":"https:\/\/jennipitko.fi\/koti\/kookos-inkivaari-ravintola-taas-ravintolapaivassa-coconut-ginger-at-restaurant-day\/","og_site_name":"Jenni Pitko - Vihreiden varapuheenjohtaja, ymp\u00e4rist\u00f6valiokunnan puheenjohtaja, kansanedustaja ja arkkitehti Oulusta","article_published_time":"2015-02-12T21:27:03+00:00","article_modified_time":"2015-02-12T21:39:07+00:00","author":"Jenni","twitter_card":"summary_large_image","twitter_misc":{"Kirjoittanut":"Jenni","Arvioitu lukuaika":"1 minuutti"},"schema":{"@context":"https:\/\/schema.org","@graph":[{"@type":"Article","@id":"https:\/\/jennipitko.fi\/koti\/kookos-inkivaari-ravintola-taas-ravintolapaivassa-coconut-ginger-at-restaurant-day\/#article","isPartOf":{"@id":"https:\/\/jennipitko.fi\/koti\/kookos-inkivaari-ravintola-taas-ravintolapaivassa-coconut-ginger-at-restaurant-day\/"},"author":{"name":"Jenni","@id":"https:\/\/jennipitko.fi\/koti\/#\/schema\/person\/35955c467f851f10124809310e7e7ee8"},"headline":"Kookos &#038; Inkiv\u00e4\u00e4ri Ravintolap\u00e4iv\u00e4ss\u00e4 \/ Coconut &#038; Ginger at Restaurant Day","datePublished":"2015-02-12T21:27:03+00:00","dateModified":"2015-02-12T21:39:07+00:00","mainEntityOfPage":{"@id":"https:\/\/jennipitko.fi\/koti\/kookos-inkivaari-ravintola-taas-ravintolapaivassa-coconut-ginger-at-restaurant-day\/"},"wordCount":249,"commentCount":0,"publisher":{"@id":"https:\/\/jennipitko.fi\/koti\/#organization"},"articleSection":["Uncategorized"],"inLanguage":"fi","potentialAction":[{"@type":"CommentAction","name":"Comment","target":["https:\/\/jennipitko.fi\/koti\/kookos-inkivaari-ravintola-taas-ravintolapaivassa-coconut-ginger-at-restaurant-day\/#respond"]}]},{"@type":"WebPage","@id":"https:\/\/jennipitko.fi\/koti\/kookos-inkivaari-ravintola-taas-ravintolapaivassa-coconut-ginger-at-restaurant-day\/","url":"https:\/\/jennipitko.fi\/koti\/kookos-inkivaari-ravintola-taas-ravintolapaivassa-coconut-ginger-at-restaurant-day\/","name":"Kookos & Inkiv\u00e4\u00e4ri Ravintolap\u00e4iv\u00e4ss\u00e4 \/ Coconut & Ginger at Restaurant Day - Jenni Pitko - Vihreiden varapuheenjohtaja, ymp\u00e4rist\u00f6valiokunnan puheenjohtaja, kansanedustaja ja arkkitehti Oulusta","isPartOf":{"@id":"https:\/\/jennipitko.fi\/koti\/#website"},"datePublished":"2015-02-12T21:27:03+00:00","dateModified":"2015-02-12T21:39:07+00:00","breadcrumb":{"@id":"https:\/\/jennipitko.fi\/koti\/kookos-inkivaari-ravintola-taas-ravintolapaivassa-coconut-ginger-at-restaurant-day\/#breadcrumb"},"inLanguage":"fi","potentialAction":[{"@type":"ReadAction","target":["https:\/\/jennipitko.fi\/koti\/kookos-inkivaari-ravintola-taas-ravintolapaivassa-coconut-ginger-at-restaurant-day\/"]}]},{"@type":"BreadcrumbList","@id":"https:\/\/jennipitko.fi\/koti\/kookos-inkivaari-ravintola-taas-ravintolapaivassa-coconut-ginger-at-restaurant-day\/#breadcrumb","itemListElement":[{"@type":"ListItem","position":1,"name":"Home","item":"https:\/\/jennipitko.fi\/koti\/"},{"@type":"ListItem","position":2,"name":"Kookos &#038; Inkiv\u00e4\u00e4ri Ravintolap\u00e4iv\u00e4ss\u00e4 \/ Coconut &#038; Ginger at Restaurant Day"}]},{"@type":"WebSite","@id":"https:\/\/jennipitko.fi\/koti\/#website","url":"https:\/\/jennipitko.fi\/koti\/","name":"Jenni Pitko - Vihreiden varapuheenjohtaja, ymp\u00e4rist\u00f6valiokunnan puheenjohtaja, kansanedustaja ja arkkitehti Oulusta","description":"Jenni Pitko - Vihreiden varapuheenjohtaja, ymp\u00e4rist\u00f6valiokunnan puheenjohtaja, kansanedustaja ja arkkitehti Oulusta","publisher":{"@id":"https:\/\/jennipitko.fi\/koti\/#organization"},"potentialAction":[{"@type":"SearchAction","target":{"@type":"EntryPoint","urlTemplate":"https:\/\/jennipitko.fi\/koti\/?s={search_term_string}"},"query-input":{"@type":"PropertyValueSpecification","valueRequired":true,"valueName":"search_term_string"}}],"inLanguage":"fi"},{"@type":"Organization","@id":"https:\/\/jennipitko.fi\/koti\/#organization","name":"Jenni Pitko - Vihreiden varapuheenjohtaja, ymp\u00e4rist\u00f6valiokunnan puheenjohtaja, kansanedustaja ja arkkitehti Oulusta","url":"https:\/\/jennipitko.fi\/koti\/","logo":{"@type":"ImageObject","inLanguage":"fi","@id":"https:\/\/jennipitko.fi\/koti\/#\/schema\/logo\/image\/","url":"https:\/\/jennipitko.fi\/koti\/wp-content\/uploads\/2025\/09\/Nimeton-malli-38.png","contentUrl":"https:\/\/jennipitko.fi\/koti\/wp-content\/uploads\/2025\/09\/Nimeton-malli-38.png","width":1280,"height":847,"caption":"Jenni Pitko - Vihreiden varapuheenjohtaja, ymp\u00e4rist\u00f6valiokunnan puheenjohtaja, kansanedustaja ja arkkitehti Oulusta"},"image":{"@id":"https:\/\/jennipitko.fi\/koti\/#\/schema\/logo\/image\/"}},{"@type":"Person","@id":"https:\/\/jennipitko.fi\/koti\/#\/schema\/person\/35955c467f851f10124809310e7e7ee8","name":"Jenni","image":{"@type":"ImageObject","inLanguage":"fi","@id":"https:\/\/secure.gravatar.com\/avatar\/625a0e6413b293da7739d42617828d564a4d6028aec3f45d8939a2ba1617199f?s=96&d=blank&r=g","url":"https:\/\/secure.gravatar.com\/avatar\/625a0e6413b293da7739d42617828d564a4d6028aec3f45d8939a2ba1617199f?s=96&d=blank&r=g","contentUrl":"https:\/\/secure.gravatar.com\/avatar\/625a0e6413b293da7739d42617828d564a4d6028aec3f45d8939a2ba1617199f?s=96&d=blank&r=g","caption":"Jenni"},"url":"https:\/\/jennipitko.fi\/koti\/author\/jenni\/"}]}},"_links":{"self":[{"href":"https:\/\/jennipitko.fi\/koti\/wp-json\/wp\/v2\/posts\/1055","targetHints":{"allow":["GET"]}}],"collection":[{"href":"https:\/\/jennipitko.fi\/koti\/wp-json\/wp\/v2\/posts"}],"about":[{"href":"https:\/\/jennipitko.fi\/koti\/wp-json\/wp\/v2\/types\/post"}],"author":[{"embeddable":true,"href":"https:\/\/jennipitko.fi\/koti\/wp-json\/wp\/v2\/users\/1"}],"replies":[{"embeddable":true,"href":"https:\/\/jennipitko.fi\/koti\/wp-json\/wp\/v2\/comments?post=1055"}],"version-history":[{"count":1,"href":"https:\/\/jennipitko.fi\/koti\/wp-json\/wp\/v2\/posts\/1055\/revisions"}],"predecessor-version":[{"id":1061,"href":"https:\/\/jennipitko.fi\/koti\/wp-json\/wp\/v2\/posts\/1055\/revisions\/1061"}],"wp:attachment":[{"href":"https:\/\/jennipitko.fi\/koti\/wp-json\/wp\/v2\/media?parent=1055"}],"wp:term":[{"taxonomy":"category","embeddable":true,"href":"https:\/\/jennipitko.fi\/koti\/wp-json\/wp\/v2\/categories?post=1055"},{"taxonomy":"post_tag","embeddable":true,"href":"https:\/\/jennipitko.fi\/koti\/wp-json\/wp\/v2\/tags?post=1055"}],"curies":[{"name":"wp","href":"https:\/\/api.w.org\/{rel}","templated":true}]}}