{"id":1062,"date":"2015-02-15T08:14:06","date_gmt":"2015-02-15T08:14:06","guid":{"rendered":"http:\/\/jennipitko.fi\/koti\/?p=1062"},"modified":"2015-02-15T08:14:46","modified_gmt":"2015-02-15T08:14:46","slug":"ilmastolaki-on-saatava-maaliin","status":"publish","type":"post","link":"https:\/\/jennipitko.fi\/koti\/ilmastolaki-on-saatava-maaliin\/","title":{"rendered":"Ilmastolaki on saatava maaliin"},"content":{"rendered":"<p>Eduskunnan k\u00e4sittelyss\u00e4 olevan ilmastolain tie n\u00e4ytt\u00e4\u00e4 kiviselt\u00e4. Talousvaliokunta otti \u00e4\u00e4nestyksen tuloksena kriittisen kannan sen hyv\u00e4ksymiselle. Suomen ilmastopolitiikan k\u00e4rjeksi tehty ilmastolaki on saatava maaliin, jotta ilmastopolitiikkaa voidaan jatkossa edist\u00e4\u00e4 suunnitelmallisesti ja tavoitteellisesti. Huolellisesti valmistellun ilmastolain hyv\u00e4ksyminen edesatuttaisi talouden menestyst\u00e4 ja vahvistaisi ihmisten hyvinvointia<\/p>\n<p>Ilmastolain tarkoitus on olla p\u00e4\u00e4st\u00f6kaupan ulkopuolisia p\u00e4\u00e4st\u00f6j\u00e4 koskeva puitelaki, joka asettaisi Suomelle 80 % p\u00e4\u00e4st\u00f6v\u00e4hennystavoitteen vuodelle 2050 verrattuna vuoden 1990 tasoon ja loisi ty\u00f6kalun pitk\u00e4n t\u00e4ht\u00e4imen p\u00e4\u00e4st\u00f6v\u00e4hennysten suunnittelulle ja seurannalle.<\/p>\n<p><!--more--><\/p>\n<p>Ilmastonsuojelusta asiantuntijat ovat yht\u00e4 mielt\u00e4: ilmakeh\u00e4n l\u00e4mpeneminen on pys\u00e4ytett\u00e4v\u00e4. Yhdess\u00e4 on sovittu, ett\u00e4 l\u00e4mp\u00f6tila ei saa nousta kahta astetta enemp\u00e4\u00e4. Jos ilmastonmuutoksen hillitsemiseksi ei tehd\u00e4 riitt\u00e4vi\u00e4 toimia, nykyiset elinkeinot ja ihmisel\u00e4m\u00e4n edelltykset, kuten maanviljelys, joutuvat vaakalaudalle.<\/p>\n<p>Ottamalla askel kohti kunnianhimoista ilmastopolitiikkaa ei ainoastaan oteta vastuuta maapallon s\u00e4ilytt\u00e4misest\u00e4 elinkelpoisena, vaan voidaan parhaimmillaan luoda uusia elinkeinoja. Sen my\u00f6t\u00e4 Suomeen syntyisi yrityksi\u00e4 ja ty\u00f6paikkoja puhtaiden teknologioiden pariin eli cleantech-aloille. Meill\u00e4 on hyv\u00e4t olosuhteen uusiutuvien energial\u00e4hteiden hy\u00f6dynt\u00e4miselle ja paljon ymp\u00e4rist\u00f6teknologiaan liittyv\u00e4\u00e4 osaamista. Tanska on hyv\u00e4 esimerkki uudesta vihre\u00e4n talouden kasvusta uusiutuvien energial\u00e4hteiden ja energiatehokkuuden edist\u00e4misess\u00e4. Kunnianhimoisen ilmastopolitiikan seurauksena maassa syntyy talouskriisist\u00e4 huolimatta koko ajan uusia cleantech-yrityksi\u00e4.<\/p>\n<p>Luulisi talousvaliokunnan j\u00e4senten tiet\u00e4v\u00e4n, ett\u00e4 ymp\u00e4rist\u00f6n ja ilmaston suojeleminen varmistaa my\u00f6s talouden rattaiden py\u00f6rimisen tulevaisuudessakin. Nyt eduskunnan talousvaliokunnassa kaikki puolueet vihreit\u00e4 lukuunottamatta ovat ottaneet kriittisen kannan ilmastolakiin. Toivottavasti tuleva p\u00e4\u00e4t\u00f6ksenteko n\u00e4ytt\u00e4\u00e4 vihre\u00e4mp\u00e4\u00e4 valoa kest\u00e4v\u00e4lle tulevaisuudelle. Ilmastonmuutoksen pys\u00e4ytt\u00e4minen on aikamme suurin kysymys.<\/p>\n<p>Ilmastolaissa on kyse siit\u00e4, otammeko me ilmastonmuutoksen tosissamme vai emme.<\/p>\n<p><em>Kirjoitus on julkaistu Sanomalehti Kalevan Lukijalta sivulla 15.2.2015<\/em><\/p>\n","protected":false},"excerpt":{"rendered":"<p>Eduskunnan k\u00e4sittelyss\u00e4 olevan ilmastolain tie n\u00e4ytt\u00e4\u00e4 kiviselt\u00e4. Talousvaliokunta otti \u00e4\u00e4nestyksen tuloksena kriittisen kannan sen hyv\u00e4ksymiselle. Suomen ilmastopolitiikan k\u00e4rjeksi tehty ilmastolaki [&hellip;]<\/p>\n","protected":false},"author":1,"featured_media":0,"comment_status":"open","ping_status":"closed","sticky":false,"template":"","format":"standard","meta":{"_monsterinsights_skip_tracking":false,"_monsterinsights_sitenote_active":false,"_monsterinsights_sitenote_note":"","_monsterinsights_sitenote_category":0,"site-sidebar-layout":"default","site-content-layout":"","ast-site-content-layout":"default","site-content-style":"default","site-sidebar-style":"default","ast-global-header-display":"","ast-banner-title-visibility":"","ast-main-header-display":"","ast-hfb-above-header-display":"","ast-hfb-below-header-display":"","ast-hfb-mobile-header-display":"","site-post-title":"","ast-breadcrumbs-content":"","ast-featured-img":"","footer-sml-layout":"","ast-disable-related-posts":"","theme-transparent-header-meta":"","adv-header-id-meta":"","stick-header-meta":"","header-above-stick-meta":"","header-main-stick-meta":"","header-below-stick-meta":"","astra-migrate-meta-layouts":"default","ast-page-background-enabled":"default","ast-page-background-meta":{"desktop":{"background-color":"var(--ast-global-color-5)","background-image":"","background-repeat":"repeat","background-position":"center center","background-size":"auto","background-attachment":"scroll","background-type":"","background-media":"","overlay-type":"","overlay-color":"","overlay-opacity":"","overlay-gradient":""},"tablet":{"background-color":"","background-image":"","background-repeat":"repeat","background-position":"center center","background-size":"auto","background-attachment":"scroll","background-type":"","background-media":"","overlay-type":"","overlay-color":"","overlay-opacity":"","overlay-gradient":""},"mobile":{"background-color":"","background-image":"","background-repeat":"repeat","background-position":"center center","background-size":"auto","background-attachment":"scroll","background-type":"","background-media":"","overlay-type":"","overlay-color":"","overlay-opacity":"","overlay-gradient":""}},"ast-content-background-meta":{"desktop":{"background-color":"var(--ast-global-color-4)","background-image":"","background-repeat":"repeat","background-position":"center center","background-size":"auto","background-attachment":"scroll","background-type":"","background-media":"","overlay-type":"","overlay-color":"","overlay-opacity":"","overlay-gradient":""},"tablet":{"background-color":"var(--ast-global-color-4)","background-image":"","background-repeat":"repeat","background-position":"center center","background-size":"auto","background-attachment":"scroll","background-type":"","background-media":"","overlay-type":"","overlay-color":"","overlay-opacity":"","overlay-gradient":""},"mobile":{"background-color":"var(--ast-global-color-4)","background-image":"","background-repeat":"repeat","background-position":"center center","background-size":"auto","background-attachment":"scroll","background-type":"","background-media":"","overlay-type":"","overlay-color":"","overlay-opacity":"","overlay-gradient":""}},"footnotes":""},"categories":[2],"tags":[156,93,155,154,152,153,157],"class_list":["post-1062","post","type-post","status-publish","format-standard","hentry","category-blogi","tag-cleantech","tag-ilmasto","tag-ilmastolaki","tag-ilmastonmuutos","tag-ilmastonsuojelu","tag-ilmastopolitiikka","tag-talous"],"yoast_head":"<!-- This site is optimized with the Yoast SEO plugin v27.5 - https:\/\/yoast.com\/product\/yoast-seo-wordpress\/ -->\n<title>Ilmastolaki on saatava maaliin - Jenni Pitko - Vihreiden varapuheenjohtaja, ymp\u00e4rist\u00f6valiokunnan puheenjohtaja, kansanedustaja ja arkkitehti Oulusta<\/title>\n<meta name=\"robots\" content=\"index, follow, max-snippet:-1, max-image-preview:large, max-video-preview:-1\" \/>\n<link rel=\"canonical\" href=\"https:\/\/jennipitko.fi\/koti\/ilmastolaki-on-saatava-maaliin\/\" \/>\n<meta property=\"og:locale\" content=\"fi_FI\" \/>\n<meta property=\"og:type\" content=\"article\" \/>\n<meta property=\"og:title\" content=\"Ilmastolaki on saatava maaliin - Jenni Pitko - Vihreiden varapuheenjohtaja, ymp\u00e4rist\u00f6valiokunnan puheenjohtaja, kansanedustaja ja arkkitehti Oulusta\" \/>\n<meta property=\"og:description\" content=\"Eduskunnan k\u00e4sittelyss\u00e4 olevan ilmastolain tie n\u00e4ytt\u00e4\u00e4 kiviselt\u00e4. Talousvaliokunta otti \u00e4\u00e4nestyksen tuloksena kriittisen kannan sen hyv\u00e4ksymiselle. Suomen ilmastopolitiikan k\u00e4rjeksi tehty ilmastolaki [&hellip;]\" \/>\n<meta property=\"og:url\" content=\"https:\/\/jennipitko.fi\/koti\/ilmastolaki-on-saatava-maaliin\/\" \/>\n<meta property=\"og:site_name\" content=\"Jenni Pitko - Vihreiden varapuheenjohtaja, ymp\u00e4rist\u00f6valiokunnan puheenjohtaja, kansanedustaja ja arkkitehti Oulusta\" \/>\n<meta property=\"article:published_time\" content=\"2015-02-15T08:14:06+00:00\" \/>\n<meta property=\"article:modified_time\" content=\"2015-02-15T08:14:46+00:00\" \/>\n<meta name=\"author\" content=\"Jenni\" \/>\n<meta name=\"twitter:card\" content=\"summary_large_image\" \/>\n<meta name=\"twitter:label1\" content=\"Kirjoittanut\" \/>\n\t<meta name=\"twitter:data1\" content=\"Jenni\" \/>\n\t<meta name=\"twitter:label2\" content=\"Arvioitu lukuaika\" \/>\n\t<meta name=\"twitter:data2\" content=\"1 minuutti\" \/>\n<script type=\"application\/ld+json\" class=\"yoast-schema-graph\">{\"@context\":\"https:\\\/\\\/schema.org\",\"@graph\":[{\"@type\":\"Article\",\"@id\":\"https:\\\/\\\/jennipitko.fi\\\/koti\\\/ilmastolaki-on-saatava-maaliin\\\/#article\",\"isPartOf\":{\"@id\":\"https:\\\/\\\/jennipitko.fi\\\/koti\\\/ilmastolaki-on-saatava-maaliin\\\/\"},\"author\":{\"name\":\"Jenni\",\"@id\":\"https:\\\/\\\/jennipitko.fi\\\/koti\\\/#\\\/schema\\\/person\\\/35955c467f851f10124809310e7e7ee8\"},\"headline\":\"Ilmastolaki on saatava maaliin\",\"datePublished\":\"2015-02-15T08:14:06+00:00\",\"dateModified\":\"2015-02-15T08:14:46+00:00\",\"mainEntityOfPage\":{\"@id\":\"https:\\\/\\\/jennipitko.fi\\\/koti\\\/ilmastolaki-on-saatava-maaliin\\\/\"},\"wordCount\":288,\"commentCount\":0,\"publisher\":{\"@id\":\"https:\\\/\\\/jennipitko.fi\\\/koti\\\/#organization\"},\"keywords\":[\"cleantech\",\"ilmasto\",\"ilmastolaki\",\"ilmastonmuutos\",\"ilmastonsuojelu\",\"ilmastopolitiikka\",\"talous\"],\"articleSection\":[\"Blogi\"],\"inLanguage\":\"fi\",\"potentialAction\":[{\"@type\":\"CommentAction\",\"name\":\"Comment\",\"target\":[\"https:\\\/\\\/jennipitko.fi\\\/koti\\\/ilmastolaki-on-saatava-maaliin\\\/#respond\"]}]},{\"@type\":\"WebPage\",\"@id\":\"https:\\\/\\\/jennipitko.fi\\\/koti\\\/ilmastolaki-on-saatava-maaliin\\\/\",\"url\":\"https:\\\/\\\/jennipitko.fi\\\/koti\\\/ilmastolaki-on-saatava-maaliin\\\/\",\"name\":\"Ilmastolaki on saatava maaliin - Jenni Pitko - Vihreiden varapuheenjohtaja, ymp\u00e4rist\u00f6valiokunnan puheenjohtaja, kansanedustaja ja arkkitehti Oulusta\",\"isPartOf\":{\"@id\":\"https:\\\/\\\/jennipitko.fi\\\/koti\\\/#website\"},\"datePublished\":\"2015-02-15T08:14:06+00:00\",\"dateModified\":\"2015-02-15T08:14:46+00:00\",\"breadcrumb\":{\"@id\":\"https:\\\/\\\/jennipitko.fi\\\/koti\\\/ilmastolaki-on-saatava-maaliin\\\/#breadcrumb\"},\"inLanguage\":\"fi\",\"potentialAction\":[{\"@type\":\"ReadAction\",\"target\":[\"https:\\\/\\\/jennipitko.fi\\\/koti\\\/ilmastolaki-on-saatava-maaliin\\\/\"]}]},{\"@type\":\"BreadcrumbList\",\"@id\":\"https:\\\/\\\/jennipitko.fi\\\/koti\\\/ilmastolaki-on-saatava-maaliin\\\/#breadcrumb\",\"itemListElement\":[{\"@type\":\"ListItem\",\"position\":1,\"name\":\"Home\",\"item\":\"https:\\\/\\\/jennipitko.fi\\\/koti\\\/\"},{\"@type\":\"ListItem\",\"position\":2,\"name\":\"Ilmastolaki on saatava maaliin\"}]},{\"@type\":\"WebSite\",\"@id\":\"https:\\\/\\\/jennipitko.fi\\\/koti\\\/#website\",\"url\":\"https:\\\/\\\/jennipitko.fi\\\/koti\\\/\",\"name\":\"Jenni Pitko - Vihreiden varapuheenjohtaja, ymp\u00e4rist\u00f6valiokunnan puheenjohtaja, kansanedustaja ja arkkitehti Oulusta\",\"description\":\"Jenni Pitko - Vihreiden varapuheenjohtaja, ymp\u00e4rist\u00f6valiokunnan puheenjohtaja, kansanedustaja ja arkkitehti Oulusta\",\"publisher\":{\"@id\":\"https:\\\/\\\/jennipitko.fi\\\/koti\\\/#organization\"},\"potentialAction\":[{\"@type\":\"SearchAction\",\"target\":{\"@type\":\"EntryPoint\",\"urlTemplate\":\"https:\\\/\\\/jennipitko.fi\\\/koti\\\/?s={search_term_string}\"},\"query-input\":{\"@type\":\"PropertyValueSpecification\",\"valueRequired\":true,\"valueName\":\"search_term_string\"}}],\"inLanguage\":\"fi\"},{\"@type\":\"Organization\",\"@id\":\"https:\\\/\\\/jennipitko.fi\\\/koti\\\/#organization\",\"name\":\"Jenni Pitko - Vihreiden varapuheenjohtaja, ymp\u00e4rist\u00f6valiokunnan puheenjohtaja, kansanedustaja ja arkkitehti Oulusta\",\"url\":\"https:\\\/\\\/jennipitko.fi\\\/koti\\\/\",\"logo\":{\"@type\":\"ImageObject\",\"inLanguage\":\"fi\",\"@id\":\"https:\\\/\\\/jennipitko.fi\\\/koti\\\/#\\\/schema\\\/logo\\\/image\\\/\",\"url\":\"https:\\\/\\\/jennipitko.fi\\\/koti\\\/wp-content\\\/uploads\\\/2025\\\/09\\\/Nimeton-malli-38.png\",\"contentUrl\":\"https:\\\/\\\/jennipitko.fi\\\/koti\\\/wp-content\\\/uploads\\\/2025\\\/09\\\/Nimeton-malli-38.png\",\"width\":1280,\"height\":847,\"caption\":\"Jenni Pitko - Vihreiden varapuheenjohtaja, ymp\u00e4rist\u00f6valiokunnan puheenjohtaja, kansanedustaja ja arkkitehti Oulusta\"},\"image\":{\"@id\":\"https:\\\/\\\/jennipitko.fi\\\/koti\\\/#\\\/schema\\\/logo\\\/image\\\/\"}},{\"@type\":\"Person\",\"@id\":\"https:\\\/\\\/jennipitko.fi\\\/koti\\\/#\\\/schema\\\/person\\\/35955c467f851f10124809310e7e7ee8\",\"name\":\"Jenni\",\"image\":{\"@type\":\"ImageObject\",\"inLanguage\":\"fi\",\"@id\":\"https:\\\/\\\/secure.gravatar.com\\\/avatar\\\/625a0e6413b293da7739d42617828d564a4d6028aec3f45d8939a2ba1617199f?s=96&d=blank&r=g\",\"url\":\"https:\\\/\\\/secure.gravatar.com\\\/avatar\\\/625a0e6413b293da7739d42617828d564a4d6028aec3f45d8939a2ba1617199f?s=96&d=blank&r=g\",\"contentUrl\":\"https:\\\/\\\/secure.gravatar.com\\\/avatar\\\/625a0e6413b293da7739d42617828d564a4d6028aec3f45d8939a2ba1617199f?s=96&d=blank&r=g\",\"caption\":\"Jenni\"},\"url\":\"https:\\\/\\\/jennipitko.fi\\\/koti\\\/author\\\/jenni\\\/\"}]}<\/script>\n<!-- \/ Yoast SEO plugin. -->","yoast_head_json":{"title":"Ilmastolaki on saatava maaliin - Jenni Pitko - Vihreiden varapuheenjohtaja, ymp\u00e4rist\u00f6valiokunnan puheenjohtaja, kansanedustaja ja arkkitehti Oulusta","robots":{"index":"index","follow":"follow","max-snippet":"max-snippet:-1","max-image-preview":"max-image-preview:large","max-video-preview":"max-video-preview:-1"},"canonical":"https:\/\/jennipitko.fi\/koti\/ilmastolaki-on-saatava-maaliin\/","og_locale":"fi_FI","og_type":"article","og_title":"Ilmastolaki on saatava maaliin - Jenni Pitko - Vihreiden varapuheenjohtaja, ymp\u00e4rist\u00f6valiokunnan puheenjohtaja, kansanedustaja ja arkkitehti Oulusta","og_description":"Eduskunnan k\u00e4sittelyss\u00e4 olevan ilmastolain tie n\u00e4ytt\u00e4\u00e4 kiviselt\u00e4. Talousvaliokunta otti \u00e4\u00e4nestyksen tuloksena kriittisen kannan sen hyv\u00e4ksymiselle. Suomen ilmastopolitiikan k\u00e4rjeksi tehty ilmastolaki [&hellip;]","og_url":"https:\/\/jennipitko.fi\/koti\/ilmastolaki-on-saatava-maaliin\/","og_site_name":"Jenni Pitko - Vihreiden varapuheenjohtaja, ymp\u00e4rist\u00f6valiokunnan puheenjohtaja, kansanedustaja ja arkkitehti Oulusta","article_published_time":"2015-02-15T08:14:06+00:00","article_modified_time":"2015-02-15T08:14:46+00:00","author":"Jenni","twitter_card":"summary_large_image","twitter_misc":{"Kirjoittanut":"Jenni","Arvioitu lukuaika":"1 minuutti"},"schema":{"@context":"https:\/\/schema.org","@graph":[{"@type":"Article","@id":"https:\/\/jennipitko.fi\/koti\/ilmastolaki-on-saatava-maaliin\/#article","isPartOf":{"@id":"https:\/\/jennipitko.fi\/koti\/ilmastolaki-on-saatava-maaliin\/"},"author":{"name":"Jenni","@id":"https:\/\/jennipitko.fi\/koti\/#\/schema\/person\/35955c467f851f10124809310e7e7ee8"},"headline":"Ilmastolaki on saatava maaliin","datePublished":"2015-02-15T08:14:06+00:00","dateModified":"2015-02-15T08:14:46+00:00","mainEntityOfPage":{"@id":"https:\/\/jennipitko.fi\/koti\/ilmastolaki-on-saatava-maaliin\/"},"wordCount":288,"commentCount":0,"publisher":{"@id":"https:\/\/jennipitko.fi\/koti\/#organization"},"keywords":["cleantech","ilmasto","ilmastolaki","ilmastonmuutos","ilmastonsuojelu","ilmastopolitiikka","talous"],"articleSection":["Blogi"],"inLanguage":"fi","potentialAction":[{"@type":"CommentAction","name":"Comment","target":["https:\/\/jennipitko.fi\/koti\/ilmastolaki-on-saatava-maaliin\/#respond"]}]},{"@type":"WebPage","@id":"https:\/\/jennipitko.fi\/koti\/ilmastolaki-on-saatava-maaliin\/","url":"https:\/\/jennipitko.fi\/koti\/ilmastolaki-on-saatava-maaliin\/","name":"Ilmastolaki on saatava maaliin - Jenni Pitko - Vihreiden varapuheenjohtaja, ymp\u00e4rist\u00f6valiokunnan puheenjohtaja, kansanedustaja ja arkkitehti Oulusta","isPartOf":{"@id":"https:\/\/jennipitko.fi\/koti\/#website"},"datePublished":"2015-02-15T08:14:06+00:00","dateModified":"2015-02-15T08:14:46+00:00","breadcrumb":{"@id":"https:\/\/jennipitko.fi\/koti\/ilmastolaki-on-saatava-maaliin\/#breadcrumb"},"inLanguage":"fi","potentialAction":[{"@type":"ReadAction","target":["https:\/\/jennipitko.fi\/koti\/ilmastolaki-on-saatava-maaliin\/"]}]},{"@type":"BreadcrumbList","@id":"https:\/\/jennipitko.fi\/koti\/ilmastolaki-on-saatava-maaliin\/#breadcrumb","itemListElement":[{"@type":"ListItem","position":1,"name":"Home","item":"https:\/\/jennipitko.fi\/koti\/"},{"@type":"ListItem","position":2,"name":"Ilmastolaki on saatava maaliin"}]},{"@type":"WebSite","@id":"https:\/\/jennipitko.fi\/koti\/#website","url":"https:\/\/jennipitko.fi\/koti\/","name":"Jenni Pitko - Vihreiden varapuheenjohtaja, ymp\u00e4rist\u00f6valiokunnan puheenjohtaja, kansanedustaja ja arkkitehti Oulusta","description":"Jenni Pitko - Vihreiden varapuheenjohtaja, ymp\u00e4rist\u00f6valiokunnan puheenjohtaja, kansanedustaja ja arkkitehti Oulusta","publisher":{"@id":"https:\/\/jennipitko.fi\/koti\/#organization"},"potentialAction":[{"@type":"SearchAction","target":{"@type":"EntryPoint","urlTemplate":"https:\/\/jennipitko.fi\/koti\/?s={search_term_string}"},"query-input":{"@type":"PropertyValueSpecification","valueRequired":true,"valueName":"search_term_string"}}],"inLanguage":"fi"},{"@type":"Organization","@id":"https:\/\/jennipitko.fi\/koti\/#organization","name":"Jenni Pitko - Vihreiden varapuheenjohtaja, ymp\u00e4rist\u00f6valiokunnan puheenjohtaja, kansanedustaja ja arkkitehti Oulusta","url":"https:\/\/jennipitko.fi\/koti\/","logo":{"@type":"ImageObject","inLanguage":"fi","@id":"https:\/\/jennipitko.fi\/koti\/#\/schema\/logo\/image\/","url":"https:\/\/jennipitko.fi\/koti\/wp-content\/uploads\/2025\/09\/Nimeton-malli-38.png","contentUrl":"https:\/\/jennipitko.fi\/koti\/wp-content\/uploads\/2025\/09\/Nimeton-malli-38.png","width":1280,"height":847,"caption":"Jenni Pitko - Vihreiden varapuheenjohtaja, ymp\u00e4rist\u00f6valiokunnan puheenjohtaja, kansanedustaja ja arkkitehti Oulusta"},"image":{"@id":"https:\/\/jennipitko.fi\/koti\/#\/schema\/logo\/image\/"}},{"@type":"Person","@id":"https:\/\/jennipitko.fi\/koti\/#\/schema\/person\/35955c467f851f10124809310e7e7ee8","name":"Jenni","image":{"@type":"ImageObject","inLanguage":"fi","@id":"https:\/\/secure.gravatar.com\/avatar\/625a0e6413b293da7739d42617828d564a4d6028aec3f45d8939a2ba1617199f?s=96&d=blank&r=g","url":"https:\/\/secure.gravatar.com\/avatar\/625a0e6413b293da7739d42617828d564a4d6028aec3f45d8939a2ba1617199f?s=96&d=blank&r=g","contentUrl":"https:\/\/secure.gravatar.com\/avatar\/625a0e6413b293da7739d42617828d564a4d6028aec3f45d8939a2ba1617199f?s=96&d=blank&r=g","caption":"Jenni"},"url":"https:\/\/jennipitko.fi\/koti\/author\/jenni\/"}]}},"_links":{"self":[{"href":"https:\/\/jennipitko.fi\/koti\/wp-json\/wp\/v2\/posts\/1062","targetHints":{"allow":["GET"]}}],"collection":[{"href":"https:\/\/jennipitko.fi\/koti\/wp-json\/wp\/v2\/posts"}],"about":[{"href":"https:\/\/jennipitko.fi\/koti\/wp-json\/wp\/v2\/types\/post"}],"author":[{"embeddable":true,"href":"https:\/\/jennipitko.fi\/koti\/wp-json\/wp\/v2\/users\/1"}],"replies":[{"embeddable":true,"href":"https:\/\/jennipitko.fi\/koti\/wp-json\/wp\/v2\/comments?post=1062"}],"version-history":[{"count":1,"href":"https:\/\/jennipitko.fi\/koti\/wp-json\/wp\/v2\/posts\/1062\/revisions"}],"predecessor-version":[{"id":1064,"href":"https:\/\/jennipitko.fi\/koti\/wp-json\/wp\/v2\/posts\/1062\/revisions\/1064"}],"wp:attachment":[{"href":"https:\/\/jennipitko.fi\/koti\/wp-json\/wp\/v2\/media?parent=1062"}],"wp:term":[{"taxonomy":"category","embeddable":true,"href":"https:\/\/jennipitko.fi\/koti\/wp-json\/wp\/v2\/categories?post=1062"},{"taxonomy":"post_tag","embeddable":true,"href":"https:\/\/jennipitko.fi\/koti\/wp-json\/wp\/v2\/tags?post=1062"}],"curies":[{"name":"wp","href":"https:\/\/api.w.org\/{rel}","templated":true}]}}