{"id":1099,"date":"2015-02-16T21:36:26","date_gmt":"2015-02-16T21:36:26","guid":{"rendered":"http:\/\/jennipitko.fi\/koti\/?p=1099"},"modified":"2015-02-16T21:42:50","modified_gmt":"2015-02-16T21:42:50","slug":"nain-stockmann-saadaan-jaamaan-2","status":"publish","type":"post","link":"https:\/\/jennipitko.fi\/koti\/nain-stockmann-saadaan-jaamaan-2\/","title":{"rendered":"N\u00e4in Stockmann saadaan j\u00e4\u00e4m\u00e4\u00e4n"},"content":{"rendered":"<p>Stockmann ilmoitti viime viikolla, ett\u00e4 sen talouden sopeuttamiseksi Oulun tavaratalo saatetaan lopettaa. Stockmannin Oulun tavaratalo on ollut jo jonkin aikaa ongelmissa, joka johtuu yksinkertaisesti siit\u00e4, ett\u00e4 myynti on laskenut eik\u00e4 riit\u00e4 kattamaan kulupuolta. Ostoksia siis tehd\u00e4\u00e4n liian v\u00e4h\u00e4n.<\/p>\n<p>Voidaanko asialle tehd\u00e4 jotain vai j\u00e4\u00e4mmek\u00f6 vain seuraamaan sivusta, mit\u00e4 k\u00e4y. Tietenkin voidaan! En kuitenkaan ole kannustamassa oululaisia p\u00e4\u00e4tt\u00f6mille her\u00e4teostoksille vaan ajatukseni on kaupungin p\u00e4\u00e4t\u00f6ksenteossa ja kaupungin kehitt\u00e4misess\u00e4. Onhan p\u00e4\u00e4t\u00f6ksenteko (ep\u00e4suorassa) yhteydess\u00e4 kaupungin vetovoimaan ja yritysten sijoittumiseen, asiakkaiden ostovoimaan ja liikehdint\u00e4\u00e4n.<\/p>\n<p><!--more-->Jos ei aurinkoisia kes\u00e4iltoja lasketa, Oulun keskusta ei ole mik\u00e4\u00e4n malliesimerkki el\u00e4v\u00e4st\u00e4 kaupunkikeskustasta. Mutta potentiaalia\u00a0Oululla on. Onhan meill\u00e4 nuori, koulutettu v\u00e4est\u00f6, toimiva keskusta, historiallista kerrostumaa, merenranta ja iloisia ihmisi\u00e4 viideosamiljoona! Miten sellaiseksi Pohjoisen metropoliksi p\u00e4\u00e4st\u00e4isiin, miss\u00e4\u00a0Stockmannillakin, riitt\u00e4isi asiakkaita?<\/p>\n<p>T\u00e4ss\u00e4 ehdotukseni, joilla voimme saada Oulun keskusta uuteen nousuun:<\/p>\n<p>1. Panostetaan ihmisiin.<br \/>\n<span style=\"line-height: 1.5;\">Oulun keskustaa on jo pitk\u00e4\u00e4n kehitetty panostamalla autoihin. Ihanteelliset pys\u00e4k\u00f6intiolosuhteet tuo maan alle rakennettava Kallioparkki ja Rotuaaria lukuunottamatta autolla p\u00e4\u00e4see kaikkialle keskustassa. Nyt on aika panostaa ihmisiin! V\u00e4hennet\u00e4\u00e4n maan p\u00e4\u00e4lt\u00e4 yht\u00e4 monta parkkipaikkaa kuin niit\u00e4 sijoitetaan maan alle ja vapautetaan n\u00e4m\u00e4 tilat ihmisille. Poistuvien autopaikkojen tilalle voidaan sijoittaa py\u00f6r\u00e4parkkeja, py\u00f6r\u00e4kaistoja, puurivej\u00e4, aukioita, puistoja ja k\u00e4velykatuja. Yksi autopaikka vie kaupunkitilaa 12,5 neli\u00f6metri\u00e4. Annetaan osa t\u00e4st\u00e4 tilasta pop-up-kaupoille ja katsotaan, mit\u00e4 tapahtuu!\u00a0Joukkoliikenteeseen ja py\u00f6r\u00e4pys\u00e4k\u00f6intiin panostamalla keskustaan p\u00e4\u00e4sy helpottuu niiden osalta, joilla ei ole autoa.<br \/>\n<\/span><\/p>\n<p>2. Lis\u00e4\u00e4 asuntoja keskustaan<br \/>\n<span style=\"line-height: 1.5;\">Ostovoimaa saadaan lis\u00e4tty\u00e4 Oulun keskustaan rakentamalla keskustan alueelle lis\u00e4\u00e4 asuntoja. Lis\u00e4\u00e4 asuntoja saadaan mahdollistamalla lis\u00e4kerrosten rakentaminen ja olemassa olevien kortteleiden tiivist\u00e4minen. Vapauttamalla jo rakennetut korttelit autopaikkavelvoitteista, saadaan kortteleita t\u00e4ydennetty\u00e4 ja tiivistetty\u00e4. Uudiskortteleissa olisi j\u00e4rkev\u00e4\u00e4 k\u00e4ytt\u00e4\u00e4 alennettua autpaikkavaatimusta ja antaa kysynn\u00e4n m\u00e4\u00e4ritell\u00e4 todellinen tarve, joka tuskin on edes minimin korkuinen. Kaavoituskustannuksissa voidaan antaa hintahelpotuksia keskustan alueelle, jotta tiivist\u00e4minen saadaan vauhtiin.<\/span><\/p>\n<p>3. Ei en\u00e4\u00e4\u00a0peltomarketteja<br \/>\nOn p\u00e4iv\u00e4nselv\u00e4\u00e4, ett\u00e4 peltomarketit sy\u00f6v\u00e4t ostovoimaa keskustasta. Nyt on aika sanoa stop peltomarketeille ja lopettaa j\u00e4ttiyksik\u00f6iden kaavoittaminen ja niiden laajentaminen. Asia onkin ajankohtainen, sill\u00e4 Oulun kaupunki p\u00e4\u00e4tt\u00e4\u00e4 t\u00e4n\u00e4 vuonna uuden Oulun yleiskaavasta. Vaikean t\u00e4st\u00e4 tilanteesta kyll\u00e4kin tekee se, ett\u00e4 Oulun keskustan kehitt\u00e4minen\u00a0ei v\u00e4ltt\u00e4m\u00e4tt\u00e4 ole vieruskuntien intressi. Isot kauppahankkeet Oulun naapurissa vaikuttaa Oulun keskustan kehitt\u00e4miseen, jolla taas on vaikutusta koko Oulun seudun elinvoimaan.<\/p>\n<p>Oulun keskustassa tapahtuu, melkein joka kadun nurkasta n\u00e4kyy jossain p\u00e4in nostokurkia. Oulu kyll\u00e4 kehittyy, mutta onko suunta oikea, jos edes Stockmann ei t\u00e4nne n\u00e4e j\u00e4rkev\u00e4ksi j\u00e4\u00e4d\u00e4? Oulun kehityksen ytimess\u00e4 on\u00a0l\u00e4hinn\u00e4 suurhankkeita, jotka vet\u00e4v\u00e4t ulkomaalaisia ketjuja ja kansainv\u00e4lisi\u00e4 br\u00e4ndej\u00e4. Suurien kauppakeskusten\u00a0lis\u00e4ksi vetovoimainen kaupunkikeskusta tarvitsee persoonallisia, paikallisilta tuntuvia pikkuliikkeit\u00e4. Nykyisten paikallisten yritysten\u00a0s\u00e4ilyminen\u00a0ja uusien saaminen vaatii uusia\u00a0edullisia kivijalkaliiketiloja.<\/p>\n","protected":false},"excerpt":{"rendered":"<p>Stockmann ilmoitti viime viikolla, ett\u00e4 sen talouden sopeuttamiseksi Oulun tavaratalo saatetaan lopettaa. Stockmannin Oulun tavaratalo on ollut jo jonkin aikaa [&hellip;]<\/p>\n","protected":false},"author":1,"featured_media":0,"comment_status":"open","ping_status":"closed","sticky":false,"template":"","format":"standard","meta":{"_monsterinsights_skip_tracking":false,"_monsterinsights_sitenote_active":false,"_monsterinsights_sitenote_note":"","_monsterinsights_sitenote_category":0,"site-sidebar-layout":"default","site-content-layout":"","ast-site-content-layout":"default","site-content-style":"default","site-sidebar-style":"default","ast-global-header-display":"","ast-banner-title-visibility":"","ast-main-header-display":"","ast-hfb-above-header-display":"","ast-hfb-below-header-display":"","ast-hfb-mobile-header-display":"","site-post-title":"","ast-breadcrumbs-content":"","ast-featured-img":"","footer-sml-layout":"","ast-disable-related-posts":"","theme-transparent-header-meta":"","adv-header-id-meta":"","stick-header-meta":"","header-above-stick-meta":"","header-main-stick-meta":"","header-below-stick-meta":"","astra-migrate-meta-layouts":"default","ast-page-background-enabled":"default","ast-page-background-meta":{"desktop":{"background-color":"var(--ast-global-color-5)","background-image":"","background-repeat":"repeat","background-position":"center center","background-size":"auto","background-attachment":"scroll","background-type":"","background-media":"","overlay-type":"","overlay-color":"","overlay-opacity":"","overlay-gradient":""},"tablet":{"background-color":"","background-image":"","background-repeat":"repeat","background-position":"center center","background-size":"auto","background-attachment":"scroll","background-type":"","background-media":"","overlay-type":"","overlay-color":"","overlay-opacity":"","overlay-gradient":""},"mobile":{"background-color":"","background-image":"","background-repeat":"repeat","background-position":"center center","background-size":"auto","background-attachment":"scroll","background-type":"","background-media":"","overlay-type":"","overlay-color":"","overlay-opacity":"","overlay-gradient":""}},"ast-content-background-meta":{"desktop":{"background-color":"var(--ast-global-color-4)","background-image":"","background-repeat":"repeat","background-position":"center center","background-size":"auto","background-attachment":"scroll","background-type":"","background-media":"","overlay-type":"","overlay-color":"","overlay-opacity":"","overlay-gradient":""},"tablet":{"background-color":"var(--ast-global-color-4)","background-image":"","background-repeat":"repeat","background-position":"center center","background-size":"auto","background-attachment":"scroll","background-type":"","background-media":"","overlay-type":"","overlay-color":"","overlay-opacity":"","overlay-gradient":""},"mobile":{"background-color":"var(--ast-global-color-4)","background-image":"","background-repeat":"repeat","background-position":"center center","background-size":"auto","background-attachment":"scroll","background-type":"","background-media":"","overlay-type":"","overlay-color":"","overlay-opacity":"","overlay-gradient":""}},"footnotes":""},"categories":[2],"tags":[28,161,9,159],"class_list":["post-1099","post","type-post","status-publish","format-standard","hentry","category-blogi","tag-keskustan-kehittaminen","tag-ostovoima","tag-oulu","tag-stockmann"],"yoast_head":"<!-- This site is optimized with the Yoast SEO plugin v27.5 - https:\/\/yoast.com\/product\/yoast-seo-wordpress\/ -->\n<title>N\u00e4in Stockmann saadaan j\u00e4\u00e4m\u00e4\u00e4n - Jenni Pitko - Vihreiden varapuheenjohtaja, ymp\u00e4rist\u00f6valiokunnan puheenjohtaja, kansanedustaja ja arkkitehti Oulusta<\/title>\n<meta name=\"robots\" content=\"index, follow, max-snippet:-1, max-image-preview:large, max-video-preview:-1\" \/>\n<link rel=\"canonical\" href=\"https:\/\/jennipitko.fi\/koti\/nain-stockmann-saadaan-jaamaan-2\/\" \/>\n<meta property=\"og:locale\" content=\"fi_FI\" \/>\n<meta property=\"og:type\" content=\"article\" \/>\n<meta property=\"og:title\" content=\"N\u00e4in Stockmann saadaan j\u00e4\u00e4m\u00e4\u00e4n - Jenni Pitko - Vihreiden varapuheenjohtaja, ymp\u00e4rist\u00f6valiokunnan puheenjohtaja, kansanedustaja ja arkkitehti Oulusta\" \/>\n<meta property=\"og:description\" content=\"Stockmann ilmoitti viime viikolla, ett\u00e4 sen talouden sopeuttamiseksi Oulun tavaratalo saatetaan lopettaa. Stockmannin Oulun tavaratalo on ollut jo jonkin aikaa [&hellip;]\" \/>\n<meta property=\"og:url\" content=\"https:\/\/jennipitko.fi\/koti\/nain-stockmann-saadaan-jaamaan-2\/\" \/>\n<meta property=\"og:site_name\" content=\"Jenni Pitko - Vihreiden varapuheenjohtaja, ymp\u00e4rist\u00f6valiokunnan puheenjohtaja, kansanedustaja ja arkkitehti Oulusta\" \/>\n<meta property=\"article:published_time\" content=\"2015-02-16T21:36:26+00:00\" \/>\n<meta property=\"article:modified_time\" content=\"2015-02-16T21:42:50+00:00\" \/>\n<meta name=\"author\" content=\"Jenni\" \/>\n<meta name=\"twitter:card\" content=\"summary_large_image\" \/>\n<meta name=\"twitter:label1\" content=\"Kirjoittanut\" \/>\n\t<meta name=\"twitter:data1\" content=\"Jenni\" \/>\n\t<meta name=\"twitter:label2\" content=\"Arvioitu lukuaika\" \/>\n\t<meta name=\"twitter:data2\" content=\"2 minuuttia\" \/>\n<script type=\"application\/ld+json\" class=\"yoast-schema-graph\">{\"@context\":\"https:\\\/\\\/schema.org\",\"@graph\":[{\"@type\":\"Article\",\"@id\":\"https:\\\/\\\/jennipitko.fi\\\/koti\\\/nain-stockmann-saadaan-jaamaan-2\\\/#article\",\"isPartOf\":{\"@id\":\"https:\\\/\\\/jennipitko.fi\\\/koti\\\/nain-stockmann-saadaan-jaamaan-2\\\/\"},\"author\":{\"name\":\"Jenni\",\"@id\":\"https:\\\/\\\/jennipitko.fi\\\/koti\\\/#\\\/schema\\\/person\\\/35955c467f851f10124809310e7e7ee8\"},\"headline\":\"N\u00e4in Stockmann saadaan j\u00e4\u00e4m\u00e4\u00e4n\",\"datePublished\":\"2015-02-16T21:36:26+00:00\",\"dateModified\":\"2015-02-16T21:42:50+00:00\",\"mainEntityOfPage\":{\"@id\":\"https:\\\/\\\/jennipitko.fi\\\/koti\\\/nain-stockmann-saadaan-jaamaan-2\\\/\"},\"wordCount\":489,\"commentCount\":2,\"publisher\":{\"@id\":\"https:\\\/\\\/jennipitko.fi\\\/koti\\\/#organization\"},\"keywords\":[\"keskustan kehitt\u00e4minen\",\"ostovoima\",\"oulu\",\"stockmann\"],\"articleSection\":[\"Blogi\"],\"inLanguage\":\"fi\",\"potentialAction\":[{\"@type\":\"CommentAction\",\"name\":\"Comment\",\"target\":[\"https:\\\/\\\/jennipitko.fi\\\/koti\\\/nain-stockmann-saadaan-jaamaan-2\\\/#respond\"]}]},{\"@type\":\"WebPage\",\"@id\":\"https:\\\/\\\/jennipitko.fi\\\/koti\\\/nain-stockmann-saadaan-jaamaan-2\\\/\",\"url\":\"https:\\\/\\\/jennipitko.fi\\\/koti\\\/nain-stockmann-saadaan-jaamaan-2\\\/\",\"name\":\"N\u00e4in Stockmann saadaan j\u00e4\u00e4m\u00e4\u00e4n - Jenni Pitko - Vihreiden varapuheenjohtaja, ymp\u00e4rist\u00f6valiokunnan puheenjohtaja, kansanedustaja ja arkkitehti Oulusta\",\"isPartOf\":{\"@id\":\"https:\\\/\\\/jennipitko.fi\\\/koti\\\/#website\"},\"datePublished\":\"2015-02-16T21:36:26+00:00\",\"dateModified\":\"2015-02-16T21:42:50+00:00\",\"breadcrumb\":{\"@id\":\"https:\\\/\\\/jennipitko.fi\\\/koti\\\/nain-stockmann-saadaan-jaamaan-2\\\/#breadcrumb\"},\"inLanguage\":\"fi\",\"potentialAction\":[{\"@type\":\"ReadAction\",\"target\":[\"https:\\\/\\\/jennipitko.fi\\\/koti\\\/nain-stockmann-saadaan-jaamaan-2\\\/\"]}]},{\"@type\":\"BreadcrumbList\",\"@id\":\"https:\\\/\\\/jennipitko.fi\\\/koti\\\/nain-stockmann-saadaan-jaamaan-2\\\/#breadcrumb\",\"itemListElement\":[{\"@type\":\"ListItem\",\"position\":1,\"name\":\"Home\",\"item\":\"https:\\\/\\\/jennipitko.fi\\\/koti\\\/\"},{\"@type\":\"ListItem\",\"position\":2,\"name\":\"N\u00e4in Stockmann saadaan j\u00e4\u00e4m\u00e4\u00e4n\"}]},{\"@type\":\"WebSite\",\"@id\":\"https:\\\/\\\/jennipitko.fi\\\/koti\\\/#website\",\"url\":\"https:\\\/\\\/jennipitko.fi\\\/koti\\\/\",\"name\":\"Jenni Pitko - Vihreiden varapuheenjohtaja, ymp\u00e4rist\u00f6valiokunnan puheenjohtaja, kansanedustaja ja arkkitehti Oulusta\",\"description\":\"Jenni Pitko - Vihreiden varapuheenjohtaja, ymp\u00e4rist\u00f6valiokunnan puheenjohtaja, kansanedustaja ja arkkitehti Oulusta\",\"publisher\":{\"@id\":\"https:\\\/\\\/jennipitko.fi\\\/koti\\\/#organization\"},\"potentialAction\":[{\"@type\":\"SearchAction\",\"target\":{\"@type\":\"EntryPoint\",\"urlTemplate\":\"https:\\\/\\\/jennipitko.fi\\\/koti\\\/?s={search_term_string}\"},\"query-input\":{\"@type\":\"PropertyValueSpecification\",\"valueRequired\":true,\"valueName\":\"search_term_string\"}}],\"inLanguage\":\"fi\"},{\"@type\":\"Organization\",\"@id\":\"https:\\\/\\\/jennipitko.fi\\\/koti\\\/#organization\",\"name\":\"Jenni Pitko - Vihreiden varapuheenjohtaja, ymp\u00e4rist\u00f6valiokunnan puheenjohtaja, kansanedustaja ja arkkitehti Oulusta\",\"url\":\"https:\\\/\\\/jennipitko.fi\\\/koti\\\/\",\"logo\":{\"@type\":\"ImageObject\",\"inLanguage\":\"fi\",\"@id\":\"https:\\\/\\\/jennipitko.fi\\\/koti\\\/#\\\/schema\\\/logo\\\/image\\\/\",\"url\":\"https:\\\/\\\/jennipitko.fi\\\/koti\\\/wp-content\\\/uploads\\\/2025\\\/09\\\/Nimeton-malli-38.png\",\"contentUrl\":\"https:\\\/\\\/jennipitko.fi\\\/koti\\\/wp-content\\\/uploads\\\/2025\\\/09\\\/Nimeton-malli-38.png\",\"width\":1280,\"height\":847,\"caption\":\"Jenni Pitko - Vihreiden varapuheenjohtaja, ymp\u00e4rist\u00f6valiokunnan puheenjohtaja, kansanedustaja ja arkkitehti Oulusta\"},\"image\":{\"@id\":\"https:\\\/\\\/jennipitko.fi\\\/koti\\\/#\\\/schema\\\/logo\\\/image\\\/\"}},{\"@type\":\"Person\",\"@id\":\"https:\\\/\\\/jennipitko.fi\\\/koti\\\/#\\\/schema\\\/person\\\/35955c467f851f10124809310e7e7ee8\",\"name\":\"Jenni\",\"image\":{\"@type\":\"ImageObject\",\"inLanguage\":\"fi\",\"@id\":\"https:\\\/\\\/secure.gravatar.com\\\/avatar\\\/625a0e6413b293da7739d42617828d564a4d6028aec3f45d8939a2ba1617199f?s=96&d=blank&r=g\",\"url\":\"https:\\\/\\\/secure.gravatar.com\\\/avatar\\\/625a0e6413b293da7739d42617828d564a4d6028aec3f45d8939a2ba1617199f?s=96&d=blank&r=g\",\"contentUrl\":\"https:\\\/\\\/secure.gravatar.com\\\/avatar\\\/625a0e6413b293da7739d42617828d564a4d6028aec3f45d8939a2ba1617199f?s=96&d=blank&r=g\",\"caption\":\"Jenni\"},\"url\":\"https:\\\/\\\/jennipitko.fi\\\/koti\\\/author\\\/jenni\\\/\"}]}<\/script>\n<!-- \/ Yoast SEO plugin. -->","yoast_head_json":{"title":"N\u00e4in Stockmann saadaan j\u00e4\u00e4m\u00e4\u00e4n - Jenni Pitko - Vihreiden varapuheenjohtaja, ymp\u00e4rist\u00f6valiokunnan puheenjohtaja, kansanedustaja ja arkkitehti Oulusta","robots":{"index":"index","follow":"follow","max-snippet":"max-snippet:-1","max-image-preview":"max-image-preview:large","max-video-preview":"max-video-preview:-1"},"canonical":"https:\/\/jennipitko.fi\/koti\/nain-stockmann-saadaan-jaamaan-2\/","og_locale":"fi_FI","og_type":"article","og_title":"N\u00e4in Stockmann saadaan j\u00e4\u00e4m\u00e4\u00e4n - Jenni Pitko - Vihreiden varapuheenjohtaja, ymp\u00e4rist\u00f6valiokunnan puheenjohtaja, kansanedustaja ja arkkitehti Oulusta","og_description":"Stockmann ilmoitti viime viikolla, ett\u00e4 sen talouden sopeuttamiseksi Oulun tavaratalo saatetaan lopettaa. Stockmannin Oulun tavaratalo on ollut jo jonkin aikaa [&hellip;]","og_url":"https:\/\/jennipitko.fi\/koti\/nain-stockmann-saadaan-jaamaan-2\/","og_site_name":"Jenni Pitko - Vihreiden varapuheenjohtaja, ymp\u00e4rist\u00f6valiokunnan puheenjohtaja, kansanedustaja ja arkkitehti Oulusta","article_published_time":"2015-02-16T21:36:26+00:00","article_modified_time":"2015-02-16T21:42:50+00:00","author":"Jenni","twitter_card":"summary_large_image","twitter_misc":{"Kirjoittanut":"Jenni","Arvioitu lukuaika":"2 minuuttia"},"schema":{"@context":"https:\/\/schema.org","@graph":[{"@type":"Article","@id":"https:\/\/jennipitko.fi\/koti\/nain-stockmann-saadaan-jaamaan-2\/#article","isPartOf":{"@id":"https:\/\/jennipitko.fi\/koti\/nain-stockmann-saadaan-jaamaan-2\/"},"author":{"name":"Jenni","@id":"https:\/\/jennipitko.fi\/koti\/#\/schema\/person\/35955c467f851f10124809310e7e7ee8"},"headline":"N\u00e4in Stockmann saadaan j\u00e4\u00e4m\u00e4\u00e4n","datePublished":"2015-02-16T21:36:26+00:00","dateModified":"2015-02-16T21:42:50+00:00","mainEntityOfPage":{"@id":"https:\/\/jennipitko.fi\/koti\/nain-stockmann-saadaan-jaamaan-2\/"},"wordCount":489,"commentCount":2,"publisher":{"@id":"https:\/\/jennipitko.fi\/koti\/#organization"},"keywords":["keskustan kehitt\u00e4minen","ostovoima","oulu","stockmann"],"articleSection":["Blogi"],"inLanguage":"fi","potentialAction":[{"@type":"CommentAction","name":"Comment","target":["https:\/\/jennipitko.fi\/koti\/nain-stockmann-saadaan-jaamaan-2\/#respond"]}]},{"@type":"WebPage","@id":"https:\/\/jennipitko.fi\/koti\/nain-stockmann-saadaan-jaamaan-2\/","url":"https:\/\/jennipitko.fi\/koti\/nain-stockmann-saadaan-jaamaan-2\/","name":"N\u00e4in Stockmann saadaan j\u00e4\u00e4m\u00e4\u00e4n - Jenni Pitko - Vihreiden varapuheenjohtaja, ymp\u00e4rist\u00f6valiokunnan puheenjohtaja, kansanedustaja ja arkkitehti Oulusta","isPartOf":{"@id":"https:\/\/jennipitko.fi\/koti\/#website"},"datePublished":"2015-02-16T21:36:26+00:00","dateModified":"2015-02-16T21:42:50+00:00","breadcrumb":{"@id":"https:\/\/jennipitko.fi\/koti\/nain-stockmann-saadaan-jaamaan-2\/#breadcrumb"},"inLanguage":"fi","potentialAction":[{"@type":"ReadAction","target":["https:\/\/jennipitko.fi\/koti\/nain-stockmann-saadaan-jaamaan-2\/"]}]},{"@type":"BreadcrumbList","@id":"https:\/\/jennipitko.fi\/koti\/nain-stockmann-saadaan-jaamaan-2\/#breadcrumb","itemListElement":[{"@type":"ListItem","position":1,"name":"Home","item":"https:\/\/jennipitko.fi\/koti\/"},{"@type":"ListItem","position":2,"name":"N\u00e4in Stockmann saadaan j\u00e4\u00e4m\u00e4\u00e4n"}]},{"@type":"WebSite","@id":"https:\/\/jennipitko.fi\/koti\/#website","url":"https:\/\/jennipitko.fi\/koti\/","name":"Jenni Pitko - Vihreiden varapuheenjohtaja, ymp\u00e4rist\u00f6valiokunnan puheenjohtaja, kansanedustaja ja arkkitehti Oulusta","description":"Jenni Pitko - Vihreiden varapuheenjohtaja, ymp\u00e4rist\u00f6valiokunnan puheenjohtaja, kansanedustaja ja arkkitehti Oulusta","publisher":{"@id":"https:\/\/jennipitko.fi\/koti\/#organization"},"potentialAction":[{"@type":"SearchAction","target":{"@type":"EntryPoint","urlTemplate":"https:\/\/jennipitko.fi\/koti\/?s={search_term_string}"},"query-input":{"@type":"PropertyValueSpecification","valueRequired":true,"valueName":"search_term_string"}}],"inLanguage":"fi"},{"@type":"Organization","@id":"https:\/\/jennipitko.fi\/koti\/#organization","name":"Jenni Pitko - Vihreiden varapuheenjohtaja, ymp\u00e4rist\u00f6valiokunnan puheenjohtaja, kansanedustaja ja arkkitehti Oulusta","url":"https:\/\/jennipitko.fi\/koti\/","logo":{"@type":"ImageObject","inLanguage":"fi","@id":"https:\/\/jennipitko.fi\/koti\/#\/schema\/logo\/image\/","url":"https:\/\/jennipitko.fi\/koti\/wp-content\/uploads\/2025\/09\/Nimeton-malli-38.png","contentUrl":"https:\/\/jennipitko.fi\/koti\/wp-content\/uploads\/2025\/09\/Nimeton-malli-38.png","width":1280,"height":847,"caption":"Jenni Pitko - Vihreiden varapuheenjohtaja, ymp\u00e4rist\u00f6valiokunnan puheenjohtaja, kansanedustaja ja arkkitehti Oulusta"},"image":{"@id":"https:\/\/jennipitko.fi\/koti\/#\/schema\/logo\/image\/"}},{"@type":"Person","@id":"https:\/\/jennipitko.fi\/koti\/#\/schema\/person\/35955c467f851f10124809310e7e7ee8","name":"Jenni","image":{"@type":"ImageObject","inLanguage":"fi","@id":"https:\/\/secure.gravatar.com\/avatar\/625a0e6413b293da7739d42617828d564a4d6028aec3f45d8939a2ba1617199f?s=96&d=blank&r=g","url":"https:\/\/secure.gravatar.com\/avatar\/625a0e6413b293da7739d42617828d564a4d6028aec3f45d8939a2ba1617199f?s=96&d=blank&r=g","contentUrl":"https:\/\/secure.gravatar.com\/avatar\/625a0e6413b293da7739d42617828d564a4d6028aec3f45d8939a2ba1617199f?s=96&d=blank&r=g","caption":"Jenni"},"url":"https:\/\/jennipitko.fi\/koti\/author\/jenni\/"}]}},"_links":{"self":[{"href":"https:\/\/jennipitko.fi\/koti\/wp-json\/wp\/v2\/posts\/1099","targetHints":{"allow":["GET"]}}],"collection":[{"href":"https:\/\/jennipitko.fi\/koti\/wp-json\/wp\/v2\/posts"}],"about":[{"href":"https:\/\/jennipitko.fi\/koti\/wp-json\/wp\/v2\/types\/post"}],"author":[{"embeddable":true,"href":"https:\/\/jennipitko.fi\/koti\/wp-json\/wp\/v2\/users\/1"}],"replies":[{"embeddable":true,"href":"https:\/\/jennipitko.fi\/koti\/wp-json\/wp\/v2\/comments?post=1099"}],"version-history":[{"count":1,"href":"https:\/\/jennipitko.fi\/koti\/wp-json\/wp\/v2\/posts\/1099\/revisions"}],"predecessor-version":[{"id":1101,"href":"https:\/\/jennipitko.fi\/koti\/wp-json\/wp\/v2\/posts\/1099\/revisions\/1101"}],"wp:attachment":[{"href":"https:\/\/jennipitko.fi\/koti\/wp-json\/wp\/v2\/media?parent=1099"}],"wp:term":[{"taxonomy":"category","embeddable":true,"href":"https:\/\/jennipitko.fi\/koti\/wp-json\/wp\/v2\/categories?post=1099"},{"taxonomy":"post_tag","embeddable":true,"href":"https:\/\/jennipitko.fi\/koti\/wp-json\/wp\/v2\/tags?post=1099"}],"curies":[{"name":"wp","href":"https:\/\/api.w.org\/{rel}","templated":true}]}}