{"id":1126,"date":"2015-03-04T20:07:31","date_gmt":"2015-03-04T20:07:31","guid":{"rendered":"http:\/\/jennipitko.fi\/koti\/?p=1126"},"modified":"2015-03-04T20:15:33","modified_gmt":"2015-03-04T20:15:33","slug":"kohti-vahapaastoisia-ja-terveellisia-rakennuksia","status":"publish","type":"post","link":"https:\/\/jennipitko.fi\/koti\/kohti-vahapaastoisia-ja-terveellisia-rakennuksia\/","title":{"rendered":"Kohti v\u00e4h\u00e4p\u00e4\u00e4st\u00f6isi\u00e4 ja terveellisi\u00e4 rakennuksia"},"content":{"rendered":"<p>Rakennettu ymp\u00e4rist\u00f6 kuluttaa yli puolet kaikesta energiasta ja aiheuttaa yli puolet p\u00e4\u00e4st\u00f6ist\u00e4 Suomessa. Ilmastonmuutoksen hillitsemisen ja p\u00e4\u00e4st\u00f6jen alentamisen kannalta on eritt\u00e4in perusteltua pyrki\u00e4 parantamaan rakennusten energiatehokkuutta. EU:n direktiivin mukaan vuonna 2020 rakennusten p\u00e4\u00e4st\u00f6jen pit\u00e4isi olla l\u00e4hell\u00e4 0-tasoa. K\u00e4yt\u00e4nn\u00f6ss\u00e4 se tarkoittaa rakenteellisin keinoin l\u00e4mp\u00f6hukan minimoimista.<\/p>\n<p>Nollaenergiarakentemisen velvoitteet ovat tulossa voimaan muutaman vuoden p\u00e4\u00e4st\u00e4. Sit\u00e4 ennen Suomessa valmistellaan s\u00e4\u00e4d\u00f6kset tavoitteiden toteuttamiseksi. T\u00e4ss\u00e4 valmistelussa on otettava huomioon kolme seuraavaa asiaa, jotta tulevaisuudessa rakennuskantamme muodostaisi v\u00e4h\u00e4p\u00e4\u00e4st\u00f6isen ja terveellisen ymp\u00e4rist\u00f6n asua ja el\u00e4\u00e4.<!--more--><\/p>\n<h4>S\u00c4\u00c4DELL\u00c4\u00c4N P\u00c4\u00c4ST\u00d6J\u00c4, EI VAIN ENERGIATEHOKKUUTTA<\/h4>\n<p>Energiatehokkuudella pit\u00e4isi pyrki\u00e4 aina v\u00e4h\u00e4p\u00e4\u00e4st\u00f6isyyteen. Yksitt\u00e4isen rakennuksen kuluttaman energian sijaan tulee katseen olla vahvemmin rakennuksen kokonaisp\u00e4\u00e4st\u00f6iss\u00e4. Vallalla olevissa n\u00e4kemyksiss\u00e4 v\u00e4h\u00e4p\u00e4\u00e4st\u00f6isyyteen p\u00e4\u00e4st\u00e4\u00e4n tekniikkaan perustuvalla energiatehokkuudella. T\u00e4h\u00e4n on p\u00e4\u00e4dytty, koska se lis\u00e4\u00e4 markkinoita tuotekehitykselle ja teollisuuden kilpailukyvylle. T\u00e4m\u00e4 tulee my\u00f6s nostamaan kuluttajahintoja.<\/p>\n<p>P\u00e4\u00e4st\u00f6iss\u00e4 merkitt\u00e4v\u00e4 tekij\u00e4 on energian tuotantomuoto. Suotuisalla lains\u00e4\u00e4d\u00e4nn\u00f6ll\u00e4 ja olosuhteilla aurinkopaneelit, tuuliturbiinit ja pienet s\u00e4hk\u00f6n ja l\u00e4mm\u00f6n yhteistuotantolaitokset voidaan saada yleistym\u00e4\u00e4n sek\u00e4 pientaloissa, ett\u00e4 kerrostaloissa.<\/p>\n<p>Rakennuksen energiankulutus ei ole vakio. Rakennuksen k\u00e4yt\u00f6ll\u00e4 ja elintavoilla on my\u00f6s vaikutuksensa rakennuksen energiankulutukseen. S\u00e4hk\u00f6n hinta tekee energians\u00e4\u00e4st\u00f6n kannattavaksi, mutta siihen kannattaa kehitt\u00e4\u00e4 helppok\u00e4ytt\u00f6isi\u00e4 apuv\u00e4lineit\u00e4, kuten automaattinen valaistuksen s\u00e4\u00e4t\u00f6 ja \u00e4lyk\u00e4s ilmanvaihto. Tietoa tulisi tarjota laajasti my\u00f6s vaihtoehtoisista ratkaisumalleista, kuten harmaan k\u00e4ytt\u00f6veden kierr\u00e4tyksest\u00e4 ja kuivak\u00e4ym\u00e4l\u00f6ist\u00e4. Kest\u00e4v\u00e4\u00e4 kehityst\u00e4 ja ekologisia el\u00e4m\u00e4ntapoja tulisi opettaa lapsille jo koulussa.<\/p>\n<h4>MAHDOLLISUUS MY\u00d6S LUOMUTALOILLE!<\/h4>\n<p>Energiatehokkaan rakentamisen kehityksen k\u00e4rken\u00e4 on ollut tuotekehitys ja teollisuuden kilpailukyky. Taloon asennettavan tekniikan ja lis\u00e4erist\u00e4misen my\u00f6t\u00e4 matala- ja varsinkin nollaenergiatalot pit\u00e4v\u00e4t sis\u00e4ll\u00e4\u00e4n enemm\u00e4n rakennusaineita kuin \u201dperinteinen talo\u201d. N\u00e4iden uusien teknisten ratkaisujen pitk\u00e4aikaiskest\u00e4vyydest\u00e4 ei viel\u00e4 ole saatavilla tutkittua tietoa.<\/p>\n<p>Jos yksinkertaisen energiankulutuksen sijaan katsomme kokonaisp\u00e4\u00e4st\u00f6j\u00e4, ei perinteisi\u00e4 rakentamistapoja kuten hirsirakentamista tarvitse unohtaa. Puu materiaalina varastoi hiilidioksidia jopa sadaksi vuodeksi. Kohtuullisen kokoinen ja ammattitaidolla rakennettu, helposti kunnostettavissa oleva hirsitalo, jossa energia tuotetaan v\u00e4h\u00e4p\u00e4\u00e4st\u00f6isesti, esimerkiksi aurinkopaneeleilla tai maal\u00e4mm\u00f6ll\u00e4, voi elinkaarensa aikana olla hyvinkin v\u00e4h\u00e4p\u00e4\u00e4st\u00f6inen.<\/p>\n<p>Tutkimusrahoja pit\u00e4isikin kohdentaa tuotekehityksen lis\u00e4ksi my\u00f6s rakennuksen kest\u00e4vyyden ja terveellisyyden parantamiseen ja luonnonmukaisten rakennustapojen elinkaaren p\u00e4\u00e4st\u00f6arviointiin.<\/p>\n<h4>KATSE RAKENNETTUUN YMP\u00c4RIST\u00d6\u00d6N KOKONAISUUTENA<\/h4>\n<p>Rakennettuun ymp\u00e4rist\u00f6\u00f6n vaikuttavat rakennusten lis\u00e4ksi my\u00f6s infrastruktuurin rakentaminen ja liikenne. Tuntuu j\u00e4rjett\u00f6m\u00e4lt\u00e4, ett\u00e4 rakennuksen energiankulutus on l\u00e4hell\u00e4 nollaa, mutta sen asukkaat joutuvat kulkemaan kahdella henkil\u00f6autolla pitki\u00e4 v\u00e4limatkoja asumisen, ty\u00f6paikkojen, harrastusten ja palveluiden v\u00e4lill\u00e4. Maank\u00e4yt\u00f6ss\u00e4 pit\u00e4\u00e4 jatkossa ponnekkaammin pyrki\u00e4 energiatehokkaaseen yhdyskuntarakenteeseen, jossa kaikki toiminnot sijaitsevat kohtuullisen l\u00e4hell\u00e4 toisiaan ja jossa py\u00f6r\u00e4ll\u00e4 p\u00e4\u00e4see helposti ja jossa bussitkin kulkevat.<\/p>\n<p>Lis\u00e4ksi kokonaisuuden kannalta merkitt\u00e4v\u00e4ksi tekij\u00e4ksi muodostuu korjausrakentaminen. On arvioitu, ett\u00e4 l\u00e4hitulevaisuudessa korjausrakentaminen tulee ohittamaan volyymilt\u00e4\u00e4n uudisrakentamisen. Jos p\u00e4\u00e4st\u00f6talkoisiin otetaan tosissaan mukaan l\u00e4hi\u00f6iden ja sotien j\u00e4lkeisen rakennuskannan remontit, n\u00e4hd\u00e4\u00e4n tuloksia nopeammin.<\/p>\n","protected":false},"excerpt":{"rendered":"<p>Rakennettu ymp\u00e4rist\u00f6 kuluttaa yli puolet kaikesta energiasta ja aiheuttaa yli puolet p\u00e4\u00e4st\u00f6ist\u00e4 Suomessa. Ilmastonmuutoksen hillitsemisen ja p\u00e4\u00e4st\u00f6jen alentamisen kannalta on [&hellip;]<\/p>\n","protected":false},"author":1,"featured_media":0,"comment_status":"closed","ping_status":"closed","sticky":false,"template":"","format":"standard","meta":{"_monsterinsights_skip_tracking":false,"_monsterinsights_sitenote_active":false,"_monsterinsights_sitenote_note":"","_monsterinsights_sitenote_category":0,"site-sidebar-layout":"default","site-content-layout":"","ast-site-content-layout":"default","site-content-style":"default","site-sidebar-style":"default","ast-global-header-display":"","ast-banner-title-visibility":"","ast-main-header-display":"","ast-hfb-above-header-display":"","ast-hfb-below-header-display":"","ast-hfb-mobile-header-display":"","site-post-title":"","ast-breadcrumbs-content":"","ast-featured-img":"","footer-sml-layout":"","ast-disable-related-posts":"","theme-transparent-header-meta":"","adv-header-id-meta":"","stick-header-meta":"","header-above-stick-meta":"","header-main-stick-meta":"","header-below-stick-meta":"","astra-migrate-meta-layouts":"default","ast-page-background-enabled":"default","ast-page-background-meta":{"desktop":{"background-color":"var(--ast-global-color-5)","background-image":"","background-repeat":"repeat","background-position":"center center","background-size":"auto","background-attachment":"scroll","background-type":"","background-media":"","overlay-type":"","overlay-color":"","overlay-opacity":"","overlay-gradient":""},"tablet":{"background-color":"","background-image":"","background-repeat":"repeat","background-position":"center center","background-size":"auto","background-attachment":"scroll","background-type":"","background-media":"","overlay-type":"","overlay-color":"","overlay-opacity":"","overlay-gradient":""},"mobile":{"background-color":"","background-image":"","background-repeat":"repeat","background-position":"center center","background-size":"auto","background-attachment":"scroll","background-type":"","background-media":"","overlay-type":"","overlay-color":"","overlay-opacity":"","overlay-gradient":""}},"ast-content-background-meta":{"desktop":{"background-color":"var(--ast-global-color-4)","background-image":"","background-repeat":"repeat","background-position":"center center","background-size":"auto","background-attachment":"scroll","background-type":"","background-media":"","overlay-type":"","overlay-color":"","overlay-opacity":"","overlay-gradient":""},"tablet":{"background-color":"var(--ast-global-color-4)","background-image":"","background-repeat":"repeat","background-position":"center center","background-size":"auto","background-attachment":"scroll","background-type":"","background-media":"","overlay-type":"","overlay-color":"","overlay-opacity":"","overlay-gradient":""},"mobile":{"background-color":"var(--ast-global-color-4)","background-image":"","background-repeat":"repeat","background-position":"center center","background-size":"auto","background-attachment":"scroll","background-type":"","background-media":"","overlay-type":"","overlay-color":"","overlay-opacity":"","overlay-gradient":""}},"footnotes":""},"categories":[1],"tags":[5,164,91,99,146],"class_list":["post-1126","post","type-post","status-publish","format-standard","hentry","category-uncategorized","tag-asuminen","tag-energiatehokkuus","tag-eu","tag-paastot","tag-rakentaminen"],"yoast_head":"<!-- This site is optimized with the Yoast SEO plugin v27.5 - https:\/\/yoast.com\/product\/yoast-seo-wordpress\/ -->\n<title>Kohti v\u00e4h\u00e4p\u00e4\u00e4st\u00f6isi\u00e4 ja terveellisi\u00e4 rakennuksia - Jenni Pitko - Vihreiden varapuheenjohtaja, ymp\u00e4rist\u00f6valiokunnan puheenjohtaja, kansanedustaja ja arkkitehti Oulusta<\/title>\n<meta name=\"robots\" content=\"index, follow, max-snippet:-1, max-image-preview:large, max-video-preview:-1\" \/>\n<link rel=\"canonical\" href=\"https:\/\/jennipitko.fi\/koti\/kohti-vahapaastoisia-ja-terveellisia-rakennuksia\/\" \/>\n<meta property=\"og:locale\" content=\"fi_FI\" \/>\n<meta property=\"og:type\" content=\"article\" \/>\n<meta property=\"og:title\" content=\"Kohti v\u00e4h\u00e4p\u00e4\u00e4st\u00f6isi\u00e4 ja terveellisi\u00e4 rakennuksia - Jenni Pitko - Vihreiden varapuheenjohtaja, ymp\u00e4rist\u00f6valiokunnan puheenjohtaja, kansanedustaja ja arkkitehti Oulusta\" \/>\n<meta property=\"og:description\" content=\"Rakennettu ymp\u00e4rist\u00f6 kuluttaa yli puolet kaikesta energiasta ja aiheuttaa yli puolet p\u00e4\u00e4st\u00f6ist\u00e4 Suomessa. Ilmastonmuutoksen hillitsemisen ja p\u00e4\u00e4st\u00f6jen alentamisen kannalta on [&hellip;]\" \/>\n<meta property=\"og:url\" content=\"https:\/\/jennipitko.fi\/koti\/kohti-vahapaastoisia-ja-terveellisia-rakennuksia\/\" \/>\n<meta property=\"og:site_name\" content=\"Jenni Pitko - Vihreiden varapuheenjohtaja, ymp\u00e4rist\u00f6valiokunnan puheenjohtaja, kansanedustaja ja arkkitehti Oulusta\" \/>\n<meta property=\"article:published_time\" content=\"2015-03-04T20:07:31+00:00\" \/>\n<meta property=\"article:modified_time\" content=\"2015-03-04T20:15:33+00:00\" \/>\n<meta name=\"author\" content=\"Jenni\" \/>\n<meta name=\"twitter:card\" content=\"summary_large_image\" \/>\n<meta name=\"twitter:label1\" content=\"Kirjoittanut\" \/>\n\t<meta name=\"twitter:data1\" content=\"Jenni\" \/>\n\t<meta name=\"twitter:label2\" content=\"Arvioitu lukuaika\" \/>\n\t<meta name=\"twitter:data2\" content=\"3 minuuttia\" \/>\n<script type=\"application\/ld+json\" class=\"yoast-schema-graph\">{\"@context\":\"https:\\\/\\\/schema.org\",\"@graph\":[{\"@type\":\"Article\",\"@id\":\"https:\\\/\\\/jennipitko.fi\\\/koti\\\/kohti-vahapaastoisia-ja-terveellisia-rakennuksia\\\/#article\",\"isPartOf\":{\"@id\":\"https:\\\/\\\/jennipitko.fi\\\/koti\\\/kohti-vahapaastoisia-ja-terveellisia-rakennuksia\\\/\"},\"author\":{\"name\":\"Jenni\",\"@id\":\"https:\\\/\\\/jennipitko.fi\\\/koti\\\/#\\\/schema\\\/person\\\/35955c467f851f10124809310e7e7ee8\"},\"headline\":\"Kohti v\u00e4h\u00e4p\u00e4\u00e4st\u00f6isi\u00e4 ja terveellisi\u00e4 rakennuksia\",\"datePublished\":\"2015-03-04T20:07:31+00:00\",\"dateModified\":\"2015-03-04T20:15:33+00:00\",\"mainEntityOfPage\":{\"@id\":\"https:\\\/\\\/jennipitko.fi\\\/koti\\\/kohti-vahapaastoisia-ja-terveellisia-rakennuksia\\\/\"},\"wordCount\":548,\"publisher\":{\"@id\":\"https:\\\/\\\/jennipitko.fi\\\/koti\\\/#organization\"},\"keywords\":[\"asuminen\",\"energiatehokkuus\",\"EU\",\"p\u00e4\u00e4st\u00f6t\",\"rakentaminen\"],\"articleSection\":[\"Uncategorized\"],\"inLanguage\":\"fi\"},{\"@type\":\"WebPage\",\"@id\":\"https:\\\/\\\/jennipitko.fi\\\/koti\\\/kohti-vahapaastoisia-ja-terveellisia-rakennuksia\\\/\",\"url\":\"https:\\\/\\\/jennipitko.fi\\\/koti\\\/kohti-vahapaastoisia-ja-terveellisia-rakennuksia\\\/\",\"name\":\"Kohti v\u00e4h\u00e4p\u00e4\u00e4st\u00f6isi\u00e4 ja terveellisi\u00e4 rakennuksia - Jenni Pitko - Vihreiden varapuheenjohtaja, ymp\u00e4rist\u00f6valiokunnan puheenjohtaja, kansanedustaja ja arkkitehti Oulusta\",\"isPartOf\":{\"@id\":\"https:\\\/\\\/jennipitko.fi\\\/koti\\\/#website\"},\"datePublished\":\"2015-03-04T20:07:31+00:00\",\"dateModified\":\"2015-03-04T20:15:33+00:00\",\"breadcrumb\":{\"@id\":\"https:\\\/\\\/jennipitko.fi\\\/koti\\\/kohti-vahapaastoisia-ja-terveellisia-rakennuksia\\\/#breadcrumb\"},\"inLanguage\":\"fi\",\"potentialAction\":[{\"@type\":\"ReadAction\",\"target\":[\"https:\\\/\\\/jennipitko.fi\\\/koti\\\/kohti-vahapaastoisia-ja-terveellisia-rakennuksia\\\/\"]}]},{\"@type\":\"BreadcrumbList\",\"@id\":\"https:\\\/\\\/jennipitko.fi\\\/koti\\\/kohti-vahapaastoisia-ja-terveellisia-rakennuksia\\\/#breadcrumb\",\"itemListElement\":[{\"@type\":\"ListItem\",\"position\":1,\"name\":\"Home\",\"item\":\"https:\\\/\\\/jennipitko.fi\\\/koti\\\/\"},{\"@type\":\"ListItem\",\"position\":2,\"name\":\"Kohti v\u00e4h\u00e4p\u00e4\u00e4st\u00f6isi\u00e4 ja terveellisi\u00e4 rakennuksia\"}]},{\"@type\":\"WebSite\",\"@id\":\"https:\\\/\\\/jennipitko.fi\\\/koti\\\/#website\",\"url\":\"https:\\\/\\\/jennipitko.fi\\\/koti\\\/\",\"name\":\"Jenni Pitko - Vihreiden varapuheenjohtaja, ymp\u00e4rist\u00f6valiokunnan puheenjohtaja, kansanedustaja ja arkkitehti Oulusta\",\"description\":\"Jenni Pitko - Vihreiden varapuheenjohtaja, ymp\u00e4rist\u00f6valiokunnan puheenjohtaja, kansanedustaja ja arkkitehti Oulusta\",\"publisher\":{\"@id\":\"https:\\\/\\\/jennipitko.fi\\\/koti\\\/#organization\"},\"potentialAction\":[{\"@type\":\"SearchAction\",\"target\":{\"@type\":\"EntryPoint\",\"urlTemplate\":\"https:\\\/\\\/jennipitko.fi\\\/koti\\\/?s={search_term_string}\"},\"query-input\":{\"@type\":\"PropertyValueSpecification\",\"valueRequired\":true,\"valueName\":\"search_term_string\"}}],\"inLanguage\":\"fi\"},{\"@type\":\"Organization\",\"@id\":\"https:\\\/\\\/jennipitko.fi\\\/koti\\\/#organization\",\"name\":\"Jenni Pitko - Vihreiden varapuheenjohtaja, ymp\u00e4rist\u00f6valiokunnan puheenjohtaja, kansanedustaja ja arkkitehti Oulusta\",\"url\":\"https:\\\/\\\/jennipitko.fi\\\/koti\\\/\",\"logo\":{\"@type\":\"ImageObject\",\"inLanguage\":\"fi\",\"@id\":\"https:\\\/\\\/jennipitko.fi\\\/koti\\\/#\\\/schema\\\/logo\\\/image\\\/\",\"url\":\"https:\\\/\\\/jennipitko.fi\\\/koti\\\/wp-content\\\/uploads\\\/2025\\\/09\\\/Nimeton-malli-38.png\",\"contentUrl\":\"https:\\\/\\\/jennipitko.fi\\\/koti\\\/wp-content\\\/uploads\\\/2025\\\/09\\\/Nimeton-malli-38.png\",\"width\":1280,\"height\":847,\"caption\":\"Jenni Pitko - Vihreiden varapuheenjohtaja, ymp\u00e4rist\u00f6valiokunnan puheenjohtaja, kansanedustaja ja arkkitehti Oulusta\"},\"image\":{\"@id\":\"https:\\\/\\\/jennipitko.fi\\\/koti\\\/#\\\/schema\\\/logo\\\/image\\\/\"}},{\"@type\":\"Person\",\"@id\":\"https:\\\/\\\/jennipitko.fi\\\/koti\\\/#\\\/schema\\\/person\\\/35955c467f851f10124809310e7e7ee8\",\"name\":\"Jenni\",\"image\":{\"@type\":\"ImageObject\",\"inLanguage\":\"fi\",\"@id\":\"https:\\\/\\\/secure.gravatar.com\\\/avatar\\\/625a0e6413b293da7739d42617828d564a4d6028aec3f45d8939a2ba1617199f?s=96&d=blank&r=g\",\"url\":\"https:\\\/\\\/secure.gravatar.com\\\/avatar\\\/625a0e6413b293da7739d42617828d564a4d6028aec3f45d8939a2ba1617199f?s=96&d=blank&r=g\",\"contentUrl\":\"https:\\\/\\\/secure.gravatar.com\\\/avatar\\\/625a0e6413b293da7739d42617828d564a4d6028aec3f45d8939a2ba1617199f?s=96&d=blank&r=g\",\"caption\":\"Jenni\"},\"url\":\"https:\\\/\\\/jennipitko.fi\\\/koti\\\/author\\\/jenni\\\/\"}]}<\/script>\n<!-- \/ Yoast SEO plugin. -->","yoast_head_json":{"title":"Kohti v\u00e4h\u00e4p\u00e4\u00e4st\u00f6isi\u00e4 ja terveellisi\u00e4 rakennuksia - Jenni Pitko - Vihreiden varapuheenjohtaja, ymp\u00e4rist\u00f6valiokunnan puheenjohtaja, kansanedustaja ja arkkitehti Oulusta","robots":{"index":"index","follow":"follow","max-snippet":"max-snippet:-1","max-image-preview":"max-image-preview:large","max-video-preview":"max-video-preview:-1"},"canonical":"https:\/\/jennipitko.fi\/koti\/kohti-vahapaastoisia-ja-terveellisia-rakennuksia\/","og_locale":"fi_FI","og_type":"article","og_title":"Kohti v\u00e4h\u00e4p\u00e4\u00e4st\u00f6isi\u00e4 ja terveellisi\u00e4 rakennuksia - Jenni Pitko - Vihreiden varapuheenjohtaja, ymp\u00e4rist\u00f6valiokunnan puheenjohtaja, kansanedustaja ja arkkitehti Oulusta","og_description":"Rakennettu ymp\u00e4rist\u00f6 kuluttaa yli puolet kaikesta energiasta ja aiheuttaa yli puolet p\u00e4\u00e4st\u00f6ist\u00e4 Suomessa. Ilmastonmuutoksen hillitsemisen ja p\u00e4\u00e4st\u00f6jen alentamisen kannalta on [&hellip;]","og_url":"https:\/\/jennipitko.fi\/koti\/kohti-vahapaastoisia-ja-terveellisia-rakennuksia\/","og_site_name":"Jenni Pitko - Vihreiden varapuheenjohtaja, ymp\u00e4rist\u00f6valiokunnan puheenjohtaja, kansanedustaja ja arkkitehti Oulusta","article_published_time":"2015-03-04T20:07:31+00:00","article_modified_time":"2015-03-04T20:15:33+00:00","author":"Jenni","twitter_card":"summary_large_image","twitter_misc":{"Kirjoittanut":"Jenni","Arvioitu lukuaika":"3 minuuttia"},"schema":{"@context":"https:\/\/schema.org","@graph":[{"@type":"Article","@id":"https:\/\/jennipitko.fi\/koti\/kohti-vahapaastoisia-ja-terveellisia-rakennuksia\/#article","isPartOf":{"@id":"https:\/\/jennipitko.fi\/koti\/kohti-vahapaastoisia-ja-terveellisia-rakennuksia\/"},"author":{"name":"Jenni","@id":"https:\/\/jennipitko.fi\/koti\/#\/schema\/person\/35955c467f851f10124809310e7e7ee8"},"headline":"Kohti v\u00e4h\u00e4p\u00e4\u00e4st\u00f6isi\u00e4 ja terveellisi\u00e4 rakennuksia","datePublished":"2015-03-04T20:07:31+00:00","dateModified":"2015-03-04T20:15:33+00:00","mainEntityOfPage":{"@id":"https:\/\/jennipitko.fi\/koti\/kohti-vahapaastoisia-ja-terveellisia-rakennuksia\/"},"wordCount":548,"publisher":{"@id":"https:\/\/jennipitko.fi\/koti\/#organization"},"keywords":["asuminen","energiatehokkuus","EU","p\u00e4\u00e4st\u00f6t","rakentaminen"],"articleSection":["Uncategorized"],"inLanguage":"fi"},{"@type":"WebPage","@id":"https:\/\/jennipitko.fi\/koti\/kohti-vahapaastoisia-ja-terveellisia-rakennuksia\/","url":"https:\/\/jennipitko.fi\/koti\/kohti-vahapaastoisia-ja-terveellisia-rakennuksia\/","name":"Kohti v\u00e4h\u00e4p\u00e4\u00e4st\u00f6isi\u00e4 ja terveellisi\u00e4 rakennuksia - Jenni Pitko - Vihreiden varapuheenjohtaja, ymp\u00e4rist\u00f6valiokunnan puheenjohtaja, kansanedustaja ja arkkitehti Oulusta","isPartOf":{"@id":"https:\/\/jennipitko.fi\/koti\/#website"},"datePublished":"2015-03-04T20:07:31+00:00","dateModified":"2015-03-04T20:15:33+00:00","breadcrumb":{"@id":"https:\/\/jennipitko.fi\/koti\/kohti-vahapaastoisia-ja-terveellisia-rakennuksia\/#breadcrumb"},"inLanguage":"fi","potentialAction":[{"@type":"ReadAction","target":["https:\/\/jennipitko.fi\/koti\/kohti-vahapaastoisia-ja-terveellisia-rakennuksia\/"]}]},{"@type":"BreadcrumbList","@id":"https:\/\/jennipitko.fi\/koti\/kohti-vahapaastoisia-ja-terveellisia-rakennuksia\/#breadcrumb","itemListElement":[{"@type":"ListItem","position":1,"name":"Home","item":"https:\/\/jennipitko.fi\/koti\/"},{"@type":"ListItem","position":2,"name":"Kohti v\u00e4h\u00e4p\u00e4\u00e4st\u00f6isi\u00e4 ja terveellisi\u00e4 rakennuksia"}]},{"@type":"WebSite","@id":"https:\/\/jennipitko.fi\/koti\/#website","url":"https:\/\/jennipitko.fi\/koti\/","name":"Jenni Pitko - Vihreiden varapuheenjohtaja, ymp\u00e4rist\u00f6valiokunnan puheenjohtaja, kansanedustaja ja arkkitehti Oulusta","description":"Jenni Pitko - Vihreiden varapuheenjohtaja, ymp\u00e4rist\u00f6valiokunnan puheenjohtaja, kansanedustaja ja arkkitehti Oulusta","publisher":{"@id":"https:\/\/jennipitko.fi\/koti\/#organization"},"potentialAction":[{"@type":"SearchAction","target":{"@type":"EntryPoint","urlTemplate":"https:\/\/jennipitko.fi\/koti\/?s={search_term_string}"},"query-input":{"@type":"PropertyValueSpecification","valueRequired":true,"valueName":"search_term_string"}}],"inLanguage":"fi"},{"@type":"Organization","@id":"https:\/\/jennipitko.fi\/koti\/#organization","name":"Jenni Pitko - Vihreiden varapuheenjohtaja, ymp\u00e4rist\u00f6valiokunnan puheenjohtaja, kansanedustaja ja arkkitehti Oulusta","url":"https:\/\/jennipitko.fi\/koti\/","logo":{"@type":"ImageObject","inLanguage":"fi","@id":"https:\/\/jennipitko.fi\/koti\/#\/schema\/logo\/image\/","url":"https:\/\/jennipitko.fi\/koti\/wp-content\/uploads\/2025\/09\/Nimeton-malli-38.png","contentUrl":"https:\/\/jennipitko.fi\/koti\/wp-content\/uploads\/2025\/09\/Nimeton-malli-38.png","width":1280,"height":847,"caption":"Jenni Pitko - Vihreiden varapuheenjohtaja, ymp\u00e4rist\u00f6valiokunnan puheenjohtaja, kansanedustaja ja arkkitehti Oulusta"},"image":{"@id":"https:\/\/jennipitko.fi\/koti\/#\/schema\/logo\/image\/"}},{"@type":"Person","@id":"https:\/\/jennipitko.fi\/koti\/#\/schema\/person\/35955c467f851f10124809310e7e7ee8","name":"Jenni","image":{"@type":"ImageObject","inLanguage":"fi","@id":"https:\/\/secure.gravatar.com\/avatar\/625a0e6413b293da7739d42617828d564a4d6028aec3f45d8939a2ba1617199f?s=96&d=blank&r=g","url":"https:\/\/secure.gravatar.com\/avatar\/625a0e6413b293da7739d42617828d564a4d6028aec3f45d8939a2ba1617199f?s=96&d=blank&r=g","contentUrl":"https:\/\/secure.gravatar.com\/avatar\/625a0e6413b293da7739d42617828d564a4d6028aec3f45d8939a2ba1617199f?s=96&d=blank&r=g","caption":"Jenni"},"url":"https:\/\/jennipitko.fi\/koti\/author\/jenni\/"}]}},"_links":{"self":[{"href":"https:\/\/jennipitko.fi\/koti\/wp-json\/wp\/v2\/posts\/1126","targetHints":{"allow":["GET"]}}],"collection":[{"href":"https:\/\/jennipitko.fi\/koti\/wp-json\/wp\/v2\/posts"}],"about":[{"href":"https:\/\/jennipitko.fi\/koti\/wp-json\/wp\/v2\/types\/post"}],"author":[{"embeddable":true,"href":"https:\/\/jennipitko.fi\/koti\/wp-json\/wp\/v2\/users\/1"}],"replies":[{"embeddable":true,"href":"https:\/\/jennipitko.fi\/koti\/wp-json\/wp\/v2\/comments?post=1126"}],"version-history":[{"count":1,"href":"https:\/\/jennipitko.fi\/koti\/wp-json\/wp\/v2\/posts\/1126\/revisions"}],"predecessor-version":[{"id":1129,"href":"https:\/\/jennipitko.fi\/koti\/wp-json\/wp\/v2\/posts\/1126\/revisions\/1129"}],"wp:attachment":[{"href":"https:\/\/jennipitko.fi\/koti\/wp-json\/wp\/v2\/media?parent=1126"}],"wp:term":[{"taxonomy":"category","embeddable":true,"href":"https:\/\/jennipitko.fi\/koti\/wp-json\/wp\/v2\/categories?post=1126"},{"taxonomy":"post_tag","embeddable":true,"href":"https:\/\/jennipitko.fi\/koti\/wp-json\/wp\/v2\/tags?post=1126"}],"curies":[{"name":"wp","href":"https:\/\/api.w.org\/{rel}","templated":true}]}}