{"id":1192,"date":"2015-03-23T10:14:04","date_gmt":"2015-03-23T08:14:04","guid":{"rendered":"http:\/\/jennipitko.fi\/koti\/?p=1192"},"modified":"2015-03-23T10:15:48","modified_gmt":"2015-03-23T08:15:48","slug":"rakenteellisia-uudistuksia","status":"publish","type":"post","link":"https:\/\/jennipitko.fi\/koti\/rakenteellisia-uudistuksia\/","title":{"rendered":"Rakenteellisia uudistuksia leikkausten sijaan"},"content":{"rendered":"<p>Minulta kysyttiin, mit\u00e4 tarkoitan rakenteellisilla uudistuksilla, joita tarjoan pariinkin otteeseen ratkaisuksi YLEn vaaligallerian videollani muun muassa kysymyksiin, mist\u00e4 leikkaisin tai ket\u00e4 irtisanoisin.<\/p>\n<p>Katso video t\u00e4\u00e4lt\u00e4:\u00a0<a href=\"http:\/\/vaalikone.yle.fi\/eduskuntavaalit2015\/oulu\/ehdokkaat\/5744?emp=rt-1.po-desc.pk-v.pg-.pp-5.pd-12.pn-&amp;fb_ref=Default\">Yle vaaligalleria: Jenni Pitko<\/a><\/p>\n<p>Vastaan videolla, ett\u00e4 varsinaisesti en usko, ett\u00e4 meid\u00e4n t\u00e4ytyy leikata menoja tai irtisanoa ihmisi\u00e4 vaan rakenteellisin uudistuksin sopeuttaa taloutta ja tehostaa palveluita ja lis\u00e4t\u00e4 tuottavuutta. Rakenteellisilla uudistuksilla tarkoitan yhteiskunnan rakenteiden muuttamista niin, ett\u00e4 ty\u00f6n tuottavuus paranee ja ty\u00f6n vastaanottaminen olisi aina kannattavaa. Rakenteelliset uudistukset t\u00e4ht\u00e4\u00e4v\u00e4t talouden tasapainottamiseen ty\u00f6t\u00e4, tehokkuutta ja kasvua lis\u00e4\u00e4m\u00e4ll\u00e4, ei leikkaamalla.<!--more--><\/p>\n<p>Suomessa on tulossa merkitt\u00e4v\u00e4 kest\u00e4vyysvaje kun ty\u00f6llisten osuus v\u00e4est\u00f6st\u00e4 v\u00e4henee. Jotta huoltosuhde pysyy riitt\u00e4v\u00e4ll\u00e4 tasolla niin, ett\u00e4 ty\u00f6ss\u00e4k\u00e4yvi\u00e4 on tarpeeksi rahoittamaan julkisia palveluita tulee ty\u00f6uria pident\u00e4\u00e4. Ty\u00f6uria voidaan pident\u00e4\u00e4 loppup\u00e4\u00e4st\u00e4, mutta t\u00e4rkeint\u00e4 on huomioida keskivaiheet ja parantaa ty\u00f6hyvinvointia niin, ett\u00e4 nykyist\u00e4 useampi pystyisi jatkamaan ty\u00f6uria edes nykyiseen el\u00e4keik\u00e4\u00e4n saakka. Ty\u00f6urien esteit\u00e4 pit\u00e4\u00e4 purkaa mahdollistamalla esimerkiksi pienten lasten \u00e4ideille joustava ty\u00f6h\u00f6n siirtyminen ja ty\u00f6el\u00e4m\u00e4n ja perheen yhdist\u00e4minen. Ty\u00f6v\u00e4est\u00f6\u00e4 saadaan lis\u00e4\u00e4 lis\u00e4\u00e4m\u00e4ll\u00e4 maahanmuuttoa ja erityisesti ty\u00f6per\u00e4ist\u00e4 maahanmuuttoa pit\u00e4isikin joustavoittaa.<\/p>\n<p>Sosiaaliturvaa tulee uudistaa kaikkia rakenteita my\u00f6ten niin, ett\u00e4 ty\u00f6n tekemisen kannattavuus paranee ja ty\u00f6markkinoille p\u00e4\u00e4sy helpottuu. Nykyinen sosiaaliturva pakottaa kannustinloukkujen vuoksi sosiaaliturvan varassa olevat joutilaisuuteen. Ty\u00f6t\u00e4 ei kannata ottaa vastaan, sill\u00e4 se tiet\u00e4\u00e4 tuen menett\u00e4mist\u00e4 ja byrokratiaa. Siirtym\u00e4ll\u00e4 perustuloon parannettaisiin kaikkein k\u00f6yhimpien sosiaaliturvaa, poistettaisiin kannustinloukkuja ja selkiytett\u00e4isiin tukiviidakkoa.<\/p>\n<p>Suomeen tarvitaan uusia kasvualoja. My\u00f6s siksi p\u00e4\u00e4st\u00f6v\u00e4hennystavoitteet kannattaa asettaa korkealle ja panostaa puhtaaseen teknologiaan, biotalouteen, uusiutuvaan energiaan ja energiatehokkuuteen. Uusien vihreiden kasvuyritysten ja ty\u00f6paikkojen nousu on osa talouden ja tuotannon rakennemuutosta, joka on jo maailmalla menossa. Suomen pit\u00e4\u00e4 olla t\u00e4ss\u00e4 kehityksess\u00e4 mukana ja pyrki\u00e4 sen k\u00e4rkeen, sill\u00e4 osaamista meill\u00e4 jo on.<\/p>\n<p>Menneen hallituksen t\u00e4rkein teht\u00e4v\u00e4 oli tehd\u00e4 rakenneuudistuksia sote-palveluissa. Ty\u00f6 j\u00e4i kesken, mutta jatkunee seuraavan hallituksen ty\u00f6n\u00e4. Toivottavasti jatkuu, sill\u00e4 rakenteelliset uudistukset turvaavat peruspalvelut ilman kipeit\u00e4 leikkauksia. Palvelurakenteen uudistamisella pit\u00e4\u00e4 pyrki\u00e4 s\u00e4\u00e4st\u00f6ihin palveluketjuja lyhent\u00e4m\u00e4ll\u00e4. Sosiaali- ja terveyspalvelujen uudistus pit\u00e4\u00e4 toteuttaa niin, ett\u00e4 kansalaisten terveys ja palvelut paranee. On varmistettava riitt\u00e4v\u00e4n suuret v\u00e4est\u00f6pohjat ja ennaltaehk\u00e4isev\u00e4 ote koko palveluketjussa. S\u00e4\u00e4st\u00f6j\u00e4 syntyy my\u00f6s hallinnon karsimisesta sosiaali- ja terveyspalvelujen ja perus- ja erikoissairaanhoidon integraation my\u00f6t\u00e4. Yksi varteenotettava vaihtoehto on maakuntamalli, jossa maakuntavaltuusto valittaisiin suorilla vaaleilla ja jossa maakunnille tulisi verotusoikeus.<\/p>\n<p>Rakenteellisiksi uudistuksiksi on joskus puettu my\u00f6s leikkauksia. Edellisen hallituksen toiselle asteelle kaavaillut \u201crakenneuudistukset\u201d oli tosiasiassa vain koulutukseen ja kouluverkkoon kohdistuvia leikkauksia, joita ei voi hyv\u00e4ksy\u00e4.<\/p>\n<p>Leikkauspolitiikka uhkaa Suomen ja Euroopan kest\u00e4v\u00e4\u00e4 kasvua. Leikkausten sosiaalisia vaikutuksia ei yleens\u00e4 tutkita ja sit\u00e4 kautta ne saattavat lis\u00e4t\u00e4 my\u00f6hemmin kustannuksia esimerkiksi kasvavat sosiaalipalveluiden my\u00f6t\u00e4. Laman aikaan lainojen korot ovat matalilla ja julkisilla investoinneilla tuetaan ty\u00f6paikkojen syntymist\u00e4 yksityiselle sektorille ja sit\u00e4 kautta talouskasvua. Esimerkiksi raidehankkeet ja homekoulujen korjaaminen lis\u00e4\u00e4 sek\u00e4 ty\u00f6paikkoja ett\u00e4 parantaa el\u00e4m\u00e4nlaatua ja tuo talouskasvua. Taloutta tulee tasapainottaa pitk\u00e4ll\u00e4 aikav\u00e4lill\u00e4. Lyhyell\u00e4 aikav\u00e4lill\u00e4 tulee keskitty\u00e4 ty\u00f6n ja kysynn\u00e4n luomiseen.<\/p>\n","protected":false},"excerpt":{"rendered":"<p>Minulta kysyttiin, mit\u00e4 tarkoitan rakenteellisilla uudistuksilla, joita tarjoan pariinkin otteeseen ratkaisuksi YLEn vaaligallerian videollani muun muassa kysymyksiin, mist\u00e4 leikkaisin tai [&hellip;]<\/p>\n","protected":false},"author":1,"featured_media":0,"comment_status":"open","ping_status":"closed","sticky":false,"template":"","format":"standard","meta":{"_monsterinsights_skip_tracking":false,"_monsterinsights_sitenote_active":false,"_monsterinsights_sitenote_note":"","_monsterinsights_sitenote_category":0,"site-sidebar-layout":"default","site-content-layout":"","ast-site-content-layout":"default","site-content-style":"default","site-sidebar-style":"default","ast-global-header-display":"","ast-banner-title-visibility":"","ast-main-header-display":"","ast-hfb-above-header-display":"","ast-hfb-below-header-display":"","ast-hfb-mobile-header-display":"","site-post-title":"","ast-breadcrumbs-content":"","ast-featured-img":"","footer-sml-layout":"","ast-disable-related-posts":"","theme-transparent-header-meta":"","adv-header-id-meta":"","stick-header-meta":"","header-above-stick-meta":"","header-main-stick-meta":"","header-below-stick-meta":"","astra-migrate-meta-layouts":"default","ast-page-background-enabled":"default","ast-page-background-meta":{"desktop":{"background-color":"var(--ast-global-color-5)","background-image":"","background-repeat":"repeat","background-position":"center center","background-size":"auto","background-attachment":"scroll","background-type":"","background-media":"","overlay-type":"","overlay-color":"","overlay-opacity":"","overlay-gradient":""},"tablet":{"background-color":"","background-image":"","background-repeat":"repeat","background-position":"center center","background-size":"auto","background-attachment":"scroll","background-type":"","background-media":"","overlay-type":"","overlay-color":"","overlay-opacity":"","overlay-gradient":""},"mobile":{"background-color":"","background-image":"","background-repeat":"repeat","background-position":"center center","background-size":"auto","background-attachment":"scroll","background-type":"","background-media":"","overlay-type":"","overlay-color":"","overlay-opacity":"","overlay-gradient":""}},"ast-content-background-meta":{"desktop":{"background-color":"var(--ast-global-color-4)","background-image":"","background-repeat":"repeat","background-position":"center center","background-size":"auto","background-attachment":"scroll","background-type":"","background-media":"","overlay-type":"","overlay-color":"","overlay-opacity":"","overlay-gradient":""},"tablet":{"background-color":"var(--ast-global-color-4)","background-image":"","background-repeat":"repeat","background-position":"center center","background-size":"auto","background-attachment":"scroll","background-type":"","background-media":"","overlay-type":"","overlay-color":"","overlay-opacity":"","overlay-gradient":""},"mobile":{"background-color":"var(--ast-global-color-4)","background-image":"","background-repeat":"repeat","background-position":"center center","background-size":"auto","background-attachment":"scroll","background-type":"","background-media":"","overlay-type":"","overlay-color":"","overlay-opacity":"","overlay-gradient":""}},"footnotes":""},"categories":[2],"tags":[176,178,175,173,174,157,179,177],"class_list":["post-1192","post","type-post","status-publish","format-standard","hentry","category-blogi","tag-huoltosuhde","tag-koulutus","tag-perustulo","tag-rakenteelliset-uudistukset","tag-sote-uudistus","tag-talous","tag-talouskasvu","tag-tyollisyys"],"yoast_head":"<!-- This site is optimized with the Yoast SEO plugin v27.5 - https:\/\/yoast.com\/product\/yoast-seo-wordpress\/ -->\n<title>Rakenteellisia uudistuksia leikkausten sijaan - Jenni Pitko - Vihreiden varapuheenjohtaja, ymp\u00e4rist\u00f6valiokunnan puheenjohtaja, kansanedustaja ja arkkitehti Oulusta<\/title>\n<meta name=\"robots\" content=\"index, follow, max-snippet:-1, max-image-preview:large, max-video-preview:-1\" \/>\n<link rel=\"canonical\" href=\"https:\/\/jennipitko.fi\/koti\/rakenteellisia-uudistuksia\/\" \/>\n<meta property=\"og:locale\" content=\"fi_FI\" \/>\n<meta property=\"og:type\" content=\"article\" \/>\n<meta property=\"og:title\" content=\"Rakenteellisia uudistuksia leikkausten sijaan - Jenni Pitko - Vihreiden varapuheenjohtaja, ymp\u00e4rist\u00f6valiokunnan puheenjohtaja, kansanedustaja ja arkkitehti Oulusta\" \/>\n<meta property=\"og:description\" content=\"Minulta kysyttiin, mit\u00e4 tarkoitan rakenteellisilla uudistuksilla, joita tarjoan pariinkin otteeseen ratkaisuksi YLEn vaaligallerian videollani muun muassa kysymyksiin, mist\u00e4 leikkaisin tai [&hellip;]\" \/>\n<meta property=\"og:url\" content=\"https:\/\/jennipitko.fi\/koti\/rakenteellisia-uudistuksia\/\" \/>\n<meta property=\"og:site_name\" content=\"Jenni Pitko - Vihreiden varapuheenjohtaja, ymp\u00e4rist\u00f6valiokunnan puheenjohtaja, kansanedustaja ja arkkitehti Oulusta\" \/>\n<meta property=\"article:published_time\" content=\"2015-03-23T08:14:04+00:00\" \/>\n<meta property=\"article:modified_time\" content=\"2015-03-23T08:15:48+00:00\" \/>\n<meta name=\"author\" content=\"Jenni\" \/>\n<meta name=\"twitter:card\" content=\"summary_large_image\" \/>\n<meta name=\"twitter:label1\" content=\"Kirjoittanut\" \/>\n\t<meta name=\"twitter:data1\" content=\"Jenni\" \/>\n\t<meta name=\"twitter:label2\" content=\"Arvioitu lukuaika\" \/>\n\t<meta name=\"twitter:data2\" content=\"3 minuuttia\" \/>\n<script type=\"application\/ld+json\" class=\"yoast-schema-graph\">{\"@context\":\"https:\\\/\\\/schema.org\",\"@graph\":[{\"@type\":\"Article\",\"@id\":\"https:\\\/\\\/jennipitko.fi\\\/koti\\\/rakenteellisia-uudistuksia\\\/#article\",\"isPartOf\":{\"@id\":\"https:\\\/\\\/jennipitko.fi\\\/koti\\\/rakenteellisia-uudistuksia\\\/\"},\"author\":{\"name\":\"Jenni\",\"@id\":\"https:\\\/\\\/jennipitko.fi\\\/koti\\\/#\\\/schema\\\/person\\\/35955c467f851f10124809310e7e7ee8\"},\"headline\":\"Rakenteellisia uudistuksia leikkausten sijaan\",\"datePublished\":\"2015-03-23T08:14:04+00:00\",\"dateModified\":\"2015-03-23T08:15:48+00:00\",\"mainEntityOfPage\":{\"@id\":\"https:\\\/\\\/jennipitko.fi\\\/koti\\\/rakenteellisia-uudistuksia\\\/\"},\"wordCount\":536,\"commentCount\":0,\"publisher\":{\"@id\":\"https:\\\/\\\/jennipitko.fi\\\/koti\\\/#organization\"},\"keywords\":[\"huoltosuhde\",\"koulutus\",\"perustulo\",\"rakenteelliset uudistukset\",\"sote-uudistus\",\"talous\",\"talouskasvu\",\"ty\u00f6llisyys\"],\"articleSection\":[\"Blogi\"],\"inLanguage\":\"fi\",\"potentialAction\":[{\"@type\":\"CommentAction\",\"name\":\"Comment\",\"target\":[\"https:\\\/\\\/jennipitko.fi\\\/koti\\\/rakenteellisia-uudistuksia\\\/#respond\"]}]},{\"@type\":\"WebPage\",\"@id\":\"https:\\\/\\\/jennipitko.fi\\\/koti\\\/rakenteellisia-uudistuksia\\\/\",\"url\":\"https:\\\/\\\/jennipitko.fi\\\/koti\\\/rakenteellisia-uudistuksia\\\/\",\"name\":\"Rakenteellisia uudistuksia leikkausten sijaan - Jenni Pitko - Vihreiden varapuheenjohtaja, ymp\u00e4rist\u00f6valiokunnan puheenjohtaja, kansanedustaja ja arkkitehti Oulusta\",\"isPartOf\":{\"@id\":\"https:\\\/\\\/jennipitko.fi\\\/koti\\\/#website\"},\"datePublished\":\"2015-03-23T08:14:04+00:00\",\"dateModified\":\"2015-03-23T08:15:48+00:00\",\"breadcrumb\":{\"@id\":\"https:\\\/\\\/jennipitko.fi\\\/koti\\\/rakenteellisia-uudistuksia\\\/#breadcrumb\"},\"inLanguage\":\"fi\",\"potentialAction\":[{\"@type\":\"ReadAction\",\"target\":[\"https:\\\/\\\/jennipitko.fi\\\/koti\\\/rakenteellisia-uudistuksia\\\/\"]}]},{\"@type\":\"BreadcrumbList\",\"@id\":\"https:\\\/\\\/jennipitko.fi\\\/koti\\\/rakenteellisia-uudistuksia\\\/#breadcrumb\",\"itemListElement\":[{\"@type\":\"ListItem\",\"position\":1,\"name\":\"Home\",\"item\":\"https:\\\/\\\/jennipitko.fi\\\/koti\\\/\"},{\"@type\":\"ListItem\",\"position\":2,\"name\":\"Rakenteellisia uudistuksia leikkausten sijaan\"}]},{\"@type\":\"WebSite\",\"@id\":\"https:\\\/\\\/jennipitko.fi\\\/koti\\\/#website\",\"url\":\"https:\\\/\\\/jennipitko.fi\\\/koti\\\/\",\"name\":\"Jenni Pitko - Vihreiden varapuheenjohtaja, ymp\u00e4rist\u00f6valiokunnan puheenjohtaja, kansanedustaja ja arkkitehti Oulusta\",\"description\":\"Jenni Pitko - Vihreiden varapuheenjohtaja, ymp\u00e4rist\u00f6valiokunnan puheenjohtaja, kansanedustaja ja arkkitehti Oulusta\",\"publisher\":{\"@id\":\"https:\\\/\\\/jennipitko.fi\\\/koti\\\/#organization\"},\"potentialAction\":[{\"@type\":\"SearchAction\",\"target\":{\"@type\":\"EntryPoint\",\"urlTemplate\":\"https:\\\/\\\/jennipitko.fi\\\/koti\\\/?s={search_term_string}\"},\"query-input\":{\"@type\":\"PropertyValueSpecification\",\"valueRequired\":true,\"valueName\":\"search_term_string\"}}],\"inLanguage\":\"fi\"},{\"@type\":\"Organization\",\"@id\":\"https:\\\/\\\/jennipitko.fi\\\/koti\\\/#organization\",\"name\":\"Jenni Pitko - Vihreiden varapuheenjohtaja, ymp\u00e4rist\u00f6valiokunnan puheenjohtaja, kansanedustaja ja arkkitehti Oulusta\",\"url\":\"https:\\\/\\\/jennipitko.fi\\\/koti\\\/\",\"logo\":{\"@type\":\"ImageObject\",\"inLanguage\":\"fi\",\"@id\":\"https:\\\/\\\/jennipitko.fi\\\/koti\\\/#\\\/schema\\\/logo\\\/image\\\/\",\"url\":\"https:\\\/\\\/jennipitko.fi\\\/koti\\\/wp-content\\\/uploads\\\/2025\\\/09\\\/Nimeton-malli-38.png\",\"contentUrl\":\"https:\\\/\\\/jennipitko.fi\\\/koti\\\/wp-content\\\/uploads\\\/2025\\\/09\\\/Nimeton-malli-38.png\",\"width\":1280,\"height\":847,\"caption\":\"Jenni Pitko - Vihreiden varapuheenjohtaja, ymp\u00e4rist\u00f6valiokunnan puheenjohtaja, kansanedustaja ja arkkitehti Oulusta\"},\"image\":{\"@id\":\"https:\\\/\\\/jennipitko.fi\\\/koti\\\/#\\\/schema\\\/logo\\\/image\\\/\"}},{\"@type\":\"Person\",\"@id\":\"https:\\\/\\\/jennipitko.fi\\\/koti\\\/#\\\/schema\\\/person\\\/35955c467f851f10124809310e7e7ee8\",\"name\":\"Jenni\",\"image\":{\"@type\":\"ImageObject\",\"inLanguage\":\"fi\",\"@id\":\"https:\\\/\\\/secure.gravatar.com\\\/avatar\\\/625a0e6413b293da7739d42617828d564a4d6028aec3f45d8939a2ba1617199f?s=96&d=blank&r=g\",\"url\":\"https:\\\/\\\/secure.gravatar.com\\\/avatar\\\/625a0e6413b293da7739d42617828d564a4d6028aec3f45d8939a2ba1617199f?s=96&d=blank&r=g\",\"contentUrl\":\"https:\\\/\\\/secure.gravatar.com\\\/avatar\\\/625a0e6413b293da7739d42617828d564a4d6028aec3f45d8939a2ba1617199f?s=96&d=blank&r=g\",\"caption\":\"Jenni\"},\"url\":\"https:\\\/\\\/jennipitko.fi\\\/koti\\\/author\\\/jenni\\\/\"}]}<\/script>\n<!-- \/ Yoast SEO plugin. -->","yoast_head_json":{"title":"Rakenteellisia uudistuksia leikkausten sijaan - Jenni Pitko - Vihreiden varapuheenjohtaja, ymp\u00e4rist\u00f6valiokunnan puheenjohtaja, kansanedustaja ja arkkitehti Oulusta","robots":{"index":"index","follow":"follow","max-snippet":"max-snippet:-1","max-image-preview":"max-image-preview:large","max-video-preview":"max-video-preview:-1"},"canonical":"https:\/\/jennipitko.fi\/koti\/rakenteellisia-uudistuksia\/","og_locale":"fi_FI","og_type":"article","og_title":"Rakenteellisia uudistuksia leikkausten sijaan - Jenni Pitko - Vihreiden varapuheenjohtaja, ymp\u00e4rist\u00f6valiokunnan puheenjohtaja, kansanedustaja ja arkkitehti Oulusta","og_description":"Minulta kysyttiin, mit\u00e4 tarkoitan rakenteellisilla uudistuksilla, joita tarjoan pariinkin otteeseen ratkaisuksi YLEn vaaligallerian videollani muun muassa kysymyksiin, mist\u00e4 leikkaisin tai [&hellip;]","og_url":"https:\/\/jennipitko.fi\/koti\/rakenteellisia-uudistuksia\/","og_site_name":"Jenni Pitko - Vihreiden varapuheenjohtaja, ymp\u00e4rist\u00f6valiokunnan puheenjohtaja, kansanedustaja ja arkkitehti Oulusta","article_published_time":"2015-03-23T08:14:04+00:00","article_modified_time":"2015-03-23T08:15:48+00:00","author":"Jenni","twitter_card":"summary_large_image","twitter_misc":{"Kirjoittanut":"Jenni","Arvioitu lukuaika":"3 minuuttia"},"schema":{"@context":"https:\/\/schema.org","@graph":[{"@type":"Article","@id":"https:\/\/jennipitko.fi\/koti\/rakenteellisia-uudistuksia\/#article","isPartOf":{"@id":"https:\/\/jennipitko.fi\/koti\/rakenteellisia-uudistuksia\/"},"author":{"name":"Jenni","@id":"https:\/\/jennipitko.fi\/koti\/#\/schema\/person\/35955c467f851f10124809310e7e7ee8"},"headline":"Rakenteellisia uudistuksia leikkausten sijaan","datePublished":"2015-03-23T08:14:04+00:00","dateModified":"2015-03-23T08:15:48+00:00","mainEntityOfPage":{"@id":"https:\/\/jennipitko.fi\/koti\/rakenteellisia-uudistuksia\/"},"wordCount":536,"commentCount":0,"publisher":{"@id":"https:\/\/jennipitko.fi\/koti\/#organization"},"keywords":["huoltosuhde","koulutus","perustulo","rakenteelliset uudistukset","sote-uudistus","talous","talouskasvu","ty\u00f6llisyys"],"articleSection":["Blogi"],"inLanguage":"fi","potentialAction":[{"@type":"CommentAction","name":"Comment","target":["https:\/\/jennipitko.fi\/koti\/rakenteellisia-uudistuksia\/#respond"]}]},{"@type":"WebPage","@id":"https:\/\/jennipitko.fi\/koti\/rakenteellisia-uudistuksia\/","url":"https:\/\/jennipitko.fi\/koti\/rakenteellisia-uudistuksia\/","name":"Rakenteellisia uudistuksia leikkausten sijaan - Jenni Pitko - Vihreiden varapuheenjohtaja, ymp\u00e4rist\u00f6valiokunnan puheenjohtaja, kansanedustaja ja arkkitehti Oulusta","isPartOf":{"@id":"https:\/\/jennipitko.fi\/koti\/#website"},"datePublished":"2015-03-23T08:14:04+00:00","dateModified":"2015-03-23T08:15:48+00:00","breadcrumb":{"@id":"https:\/\/jennipitko.fi\/koti\/rakenteellisia-uudistuksia\/#breadcrumb"},"inLanguage":"fi","potentialAction":[{"@type":"ReadAction","target":["https:\/\/jennipitko.fi\/koti\/rakenteellisia-uudistuksia\/"]}]},{"@type":"BreadcrumbList","@id":"https:\/\/jennipitko.fi\/koti\/rakenteellisia-uudistuksia\/#breadcrumb","itemListElement":[{"@type":"ListItem","position":1,"name":"Home","item":"https:\/\/jennipitko.fi\/koti\/"},{"@type":"ListItem","position":2,"name":"Rakenteellisia uudistuksia leikkausten sijaan"}]},{"@type":"WebSite","@id":"https:\/\/jennipitko.fi\/koti\/#website","url":"https:\/\/jennipitko.fi\/koti\/","name":"Jenni Pitko - Vihreiden varapuheenjohtaja, ymp\u00e4rist\u00f6valiokunnan puheenjohtaja, kansanedustaja ja arkkitehti Oulusta","description":"Jenni Pitko - Vihreiden varapuheenjohtaja, ymp\u00e4rist\u00f6valiokunnan puheenjohtaja, kansanedustaja ja arkkitehti Oulusta","publisher":{"@id":"https:\/\/jennipitko.fi\/koti\/#organization"},"potentialAction":[{"@type":"SearchAction","target":{"@type":"EntryPoint","urlTemplate":"https:\/\/jennipitko.fi\/koti\/?s={search_term_string}"},"query-input":{"@type":"PropertyValueSpecification","valueRequired":true,"valueName":"search_term_string"}}],"inLanguage":"fi"},{"@type":"Organization","@id":"https:\/\/jennipitko.fi\/koti\/#organization","name":"Jenni Pitko - Vihreiden varapuheenjohtaja, ymp\u00e4rist\u00f6valiokunnan puheenjohtaja, kansanedustaja ja arkkitehti Oulusta","url":"https:\/\/jennipitko.fi\/koti\/","logo":{"@type":"ImageObject","inLanguage":"fi","@id":"https:\/\/jennipitko.fi\/koti\/#\/schema\/logo\/image\/","url":"https:\/\/jennipitko.fi\/koti\/wp-content\/uploads\/2025\/09\/Nimeton-malli-38.png","contentUrl":"https:\/\/jennipitko.fi\/koti\/wp-content\/uploads\/2025\/09\/Nimeton-malli-38.png","width":1280,"height":847,"caption":"Jenni Pitko - Vihreiden varapuheenjohtaja, ymp\u00e4rist\u00f6valiokunnan puheenjohtaja, kansanedustaja ja arkkitehti Oulusta"},"image":{"@id":"https:\/\/jennipitko.fi\/koti\/#\/schema\/logo\/image\/"}},{"@type":"Person","@id":"https:\/\/jennipitko.fi\/koti\/#\/schema\/person\/35955c467f851f10124809310e7e7ee8","name":"Jenni","image":{"@type":"ImageObject","inLanguage":"fi","@id":"https:\/\/secure.gravatar.com\/avatar\/625a0e6413b293da7739d42617828d564a4d6028aec3f45d8939a2ba1617199f?s=96&d=blank&r=g","url":"https:\/\/secure.gravatar.com\/avatar\/625a0e6413b293da7739d42617828d564a4d6028aec3f45d8939a2ba1617199f?s=96&d=blank&r=g","contentUrl":"https:\/\/secure.gravatar.com\/avatar\/625a0e6413b293da7739d42617828d564a4d6028aec3f45d8939a2ba1617199f?s=96&d=blank&r=g","caption":"Jenni"},"url":"https:\/\/jennipitko.fi\/koti\/author\/jenni\/"}]}},"_links":{"self":[{"href":"https:\/\/jennipitko.fi\/koti\/wp-json\/wp\/v2\/posts\/1192","targetHints":{"allow":["GET"]}}],"collection":[{"href":"https:\/\/jennipitko.fi\/koti\/wp-json\/wp\/v2\/posts"}],"about":[{"href":"https:\/\/jennipitko.fi\/koti\/wp-json\/wp\/v2\/types\/post"}],"author":[{"embeddable":true,"href":"https:\/\/jennipitko.fi\/koti\/wp-json\/wp\/v2\/users\/1"}],"replies":[{"embeddable":true,"href":"https:\/\/jennipitko.fi\/koti\/wp-json\/wp\/v2\/comments?post=1192"}],"version-history":[{"count":1,"href":"https:\/\/jennipitko.fi\/koti\/wp-json\/wp\/v2\/posts\/1192\/revisions"}],"predecessor-version":[{"id":1195,"href":"https:\/\/jennipitko.fi\/koti\/wp-json\/wp\/v2\/posts\/1192\/revisions\/1195"}],"wp:attachment":[{"href":"https:\/\/jennipitko.fi\/koti\/wp-json\/wp\/v2\/media?parent=1192"}],"wp:term":[{"taxonomy":"category","embeddable":true,"href":"https:\/\/jennipitko.fi\/koti\/wp-json\/wp\/v2\/categories?post=1192"},{"taxonomy":"post_tag","embeddable":true,"href":"https:\/\/jennipitko.fi\/koti\/wp-json\/wp\/v2\/tags?post=1192"}],"curies":[{"name":"wp","href":"https:\/\/api.w.org\/{rel}","templated":true}]}}