{"id":1198,"date":"2015-03-23T19:30:11","date_gmt":"2015-03-23T17:30:11","guid":{"rendered":"http:\/\/jennipitko.fi\/koti\/?p=1198"},"modified":"2015-03-23T23:37:29","modified_gmt":"2015-03-23T21:37:29","slug":"autot-pois-aleksanterinkadulta","status":"publish","type":"post","link":"https:\/\/jennipitko.fi\/koti\/autot-pois-aleksanterinkadulta\/","title":{"rendered":"Autot pois Aleksanterinkadulta"},"content":{"rendered":"<p id=\"docs-internal-guid-bff5b218-4722-bf9d-6ae6-237448309e49\" dir=\"ltr\" style=\"margin-top: 0pt; margin-bottom: 0pt;\"><span style=\"line-height: normal; -webkit-text-size-adjust: auto; background-color: rgba(255, 255, 255, 0);\">J\u00e4tin Oulun kaupunginvaltuuston kokouksessa 23.3.2015 valtuustoaloitteen, jossa ehdotan kes\u00e4kokeiluna autottomasta Aleksanterinkadusta.<\/span><\/p>\n<p>&nbsp;<\/p>\n<p dir=\"ltr\" style=\"margin-top: 0pt; margin-bottom: 0pt;\">Viihtyis\u00e4 kaupunkikeskusta syntyy turvallisesta ymp\u00e4rist\u00f6st\u00e4, miss\u00e4 k\u00e4velij\u00f6ill\u00e4 ja py\u00f6r\u00e4ilij\u00f6ill\u00e4 on helppo liikkua. Autoilun m\u00e4\u00e4r\u00e4\u00e4 keskustassa tulee viihtyisyyden ja ilmanlaadun vuoksi pyrki\u00e4 v\u00e4hent\u00e4m\u00e4\u00e4n. T\u00e4rke\u00e4\u00e4 t\u00e4m\u00e4n tavoitteen toteuttamisessa ovat hyv\u00e4t joukkoliikenne- ja py\u00f6r\u00e4ily-yhteydet keskustaan. Kallioparkin (isosti kasvavan autopaikkam\u00e4\u00e4r\u00e4n) my\u00f6t\u00e4 autojen m\u00e4\u00e4r\u00e4 uhkaa lis\u00e4\u00e4nty\u00e4 valtavasti keskustassa. Siksi j\u00e4rkev\u00e4\u00e4 olisi pyrki\u00e4 v\u00e4hent\u00e4m\u00e4\u00e4n autojen l\u00e4piajoa keskustasta ohjaamalla autoja kiert\u00e4m\u00e4\u00e4n keskusta muita reittej\u00e4. Parhaiten t\u00e4m\u00e4 onnistuu vaikeuttamalla l\u00e4piajoa.<!--more--><\/p>\n<p>&nbsp;<\/p>\n<p dir=\"ltr\" style=\"margin-top: 0pt; margin-bottom: 0pt;\">Aleksanterinkatu on t\u00e4ll\u00e4 hetkell\u00e4 kuin ik\u00e4v\u00e4n muurimainen este, joka erottaa ydinkeskustan ja Torinrannan erilliseksi toiminnallisiksi alueiksi. Aleksanterinkatua pitkin autot ajavat kovin nopeaa vauhtia eik\u00e4 se varrella ole syntynyt kaupunkimaisia toimintoja. Liikennevalojen vuoksi sen ylitt\u00e4minen on hidasta. Muuttamalla Aleksanterinkatu (keskustan kohdalla) kokonaan k\u00e4velij\u00f6ille ja py\u00f6r\u00e4ilij\u00f6ille varatuksi katualueeksi muuttuisi ydinkeskusta ja Torinranta el\u00e4v\u00e4mm\u00e4ksi ja viihtyis\u00e4mm\u00e4ksi kokonaisuudeksi. Aleksanterinkadun py\u00f6r\u00e4kaistan my\u00f6t\u00e4 py\u00f6r\u00e4ileminen keskustassa helpottuisi, mik\u00e4 olisi t\u00e4rke\u00e4\u00e4, jotta Oulu s\u00e4ilytt\u00e4\u00e4 py\u00f6r\u00e4ilykaupunkimaineensa. Kasvava k\u00e4vely-ymp\u00e4rist\u00f6 tekisi keskustasta houkuttelevamman paikan yritt\u00e4jille ja asiakkaille.<\/p>\n<p>&nbsp;<\/p>\n<p dir=\"ltr\" style=\"margin-top: 0pt; margin-bottom: 0pt;\">Autoton Aleksanterinkatu voitaisiin toteuttaa kes\u00e4kokeiluna ensi kes\u00e4n\u00e4. Kokeilun perusteella saisimme arvokasta tietoa liikenteen toimivuudesta ja k\u00e4ytt\u00e4jien kokemuksista. Kustannukset olisivat pienet, sill\u00e4 kokeilun vuoksi ei tarvitsisi uusia kadun p\u00e4\u00e4llystett\u00e4. My\u00f6hemmin jos Aleksanterinkatu halataan pysyv\u00e4sti autottomaksi tulisi sen pinnoitteet uusia, rakentaa py\u00f6r\u00e4kaistat ja viihtyis\u00e4\u00e4 katua istutuksilla ja puilla ja purkaa liikennevalot. My\u00f6s pieni\u00e4 showroom-tyyppisi\u00e4 liiketiloja voisi rakentaa pitkin katua.<\/p>\n<p>Tarkennoksena: Tarkoitan aloitteella Aleksanterinkatua v\u00e4lill\u00e4 Hallituskatu-Saaristonkatu. Kallioparkkiin p\u00e4\u00e4sisi edelleen ajamaan Hallituskadun kautta.<\/p>\n","protected":false},"excerpt":{"rendered":"<p>J\u00e4tin Oulun kaupunginvaltuuston kokouksessa 23.3.2015 valtuustoaloitteen, jossa ehdotan kes\u00e4kokeiluna autottomasta Aleksanterinkadusta. &nbsp; Viihtyis\u00e4 kaupunkikeskusta syntyy turvallisesta ymp\u00e4rist\u00f6st\u00e4, miss\u00e4 k\u00e4velij\u00f6ill\u00e4 ja [&hellip;]<\/p>\n","protected":false},"author":1,"featured_media":0,"comment_status":"open","ping_status":"closed","sticky":false,"template":"","format":"standard","meta":{"_monsterinsights_skip_tracking":false,"_monsterinsights_sitenote_active":false,"_monsterinsights_sitenote_note":"","_monsterinsights_sitenote_category":0,"site-sidebar-layout":"default","site-content-layout":"","ast-site-content-layout":"default","site-content-style":"default","site-sidebar-style":"default","ast-global-header-display":"","ast-banner-title-visibility":"","ast-main-header-display":"","ast-hfb-above-header-display":"","ast-hfb-below-header-display":"","ast-hfb-mobile-header-display":"","site-post-title":"","ast-breadcrumbs-content":"","ast-featured-img":"","footer-sml-layout":"","ast-disable-related-posts":"","theme-transparent-header-meta":"","adv-header-id-meta":"","stick-header-meta":"","header-above-stick-meta":"","header-main-stick-meta":"","header-below-stick-meta":"","astra-migrate-meta-layouts":"default","ast-page-background-enabled":"default","ast-page-background-meta":{"desktop":{"background-color":"var(--ast-global-color-5)","background-image":"","background-repeat":"repeat","background-position":"center center","background-size":"auto","background-attachment":"scroll","background-type":"","background-media":"","overlay-type":"","overlay-color":"","overlay-opacity":"","overlay-gradient":""},"tablet":{"background-color":"","background-image":"","background-repeat":"repeat","background-position":"center center","background-size":"auto","background-attachment":"scroll","background-type":"","background-media":"","overlay-type":"","overlay-color":"","overlay-opacity":"","overlay-gradient":""},"mobile":{"background-color":"","background-image":"","background-repeat":"repeat","background-position":"center center","background-size":"auto","background-attachment":"scroll","background-type":"","background-media":"","overlay-type":"","overlay-color":"","overlay-opacity":"","overlay-gradient":""}},"ast-content-background-meta":{"desktop":{"background-color":"var(--ast-global-color-4)","background-image":"","background-repeat":"repeat","background-position":"center center","background-size":"auto","background-attachment":"scroll","background-type":"","background-media":"","overlay-type":"","overlay-color":"","overlay-opacity":"","overlay-gradient":""},"tablet":{"background-color":"var(--ast-global-color-4)","background-image":"","background-repeat":"repeat","background-position":"center center","background-size":"auto","background-attachment":"scroll","background-type":"","background-media":"","overlay-type":"","overlay-color":"","overlay-opacity":"","overlay-gradient":""},"mobile":{"background-color":"var(--ast-global-color-4)","background-image":"","background-repeat":"repeat","background-position":"center center","background-size":"auto","background-attachment":"scroll","background-type":"","background-media":"","overlay-type":"","overlay-color":"","overlay-opacity":"","overlay-gradient":""}},"footnotes":""},"categories":[125],"tags":[181,24,27,180,19,182],"class_list":["post-1198","post","type-post","status-publish","format-standard","hentry","category-valtuustoaloitteet","tag-aleksanterinkatu","tag-autottomuus","tag-kavely","tag-kavelykeskusta","tag-pyoraily","tag-torinranta"],"yoast_head":"<!-- This site is optimized with the Yoast SEO plugin v27.5 - https:\/\/yoast.com\/product\/yoast-seo-wordpress\/ -->\n<title>Autot pois Aleksanterinkadulta - Jenni Pitko - Vihreiden varapuheenjohtaja, ymp\u00e4rist\u00f6valiokunnan puheenjohtaja, kansanedustaja ja arkkitehti Oulusta<\/title>\n<meta name=\"robots\" content=\"index, follow, max-snippet:-1, max-image-preview:large, max-video-preview:-1\" \/>\n<link rel=\"canonical\" href=\"https:\/\/jennipitko.fi\/koti\/autot-pois-aleksanterinkadulta\/\" \/>\n<meta property=\"og:locale\" content=\"fi_FI\" \/>\n<meta property=\"og:type\" content=\"article\" \/>\n<meta property=\"og:title\" content=\"Autot pois Aleksanterinkadulta - Jenni Pitko - Vihreiden varapuheenjohtaja, ymp\u00e4rist\u00f6valiokunnan puheenjohtaja, kansanedustaja ja arkkitehti Oulusta\" \/>\n<meta property=\"og:description\" content=\"J\u00e4tin Oulun kaupunginvaltuuston kokouksessa 23.3.2015 valtuustoaloitteen, jossa ehdotan kes\u00e4kokeiluna autottomasta Aleksanterinkadusta. &nbsp; Viihtyis\u00e4 kaupunkikeskusta syntyy turvallisesta ymp\u00e4rist\u00f6st\u00e4, miss\u00e4 k\u00e4velij\u00f6ill\u00e4 ja [&hellip;]\" \/>\n<meta property=\"og:url\" content=\"https:\/\/jennipitko.fi\/koti\/autot-pois-aleksanterinkadulta\/\" \/>\n<meta property=\"og:site_name\" content=\"Jenni Pitko - Vihreiden varapuheenjohtaja, ymp\u00e4rist\u00f6valiokunnan puheenjohtaja, kansanedustaja ja arkkitehti Oulusta\" \/>\n<meta property=\"article:published_time\" content=\"2015-03-23T17:30:11+00:00\" \/>\n<meta property=\"article:modified_time\" content=\"2015-03-23T21:37:29+00:00\" \/>\n<meta name=\"author\" content=\"Jenni\" \/>\n<meta name=\"twitter:card\" content=\"summary_large_image\" \/>\n<meta name=\"twitter:label1\" content=\"Kirjoittanut\" \/>\n\t<meta name=\"twitter:data1\" content=\"Jenni\" \/>\n\t<meta name=\"twitter:label2\" content=\"Arvioitu lukuaika\" \/>\n\t<meta name=\"twitter:data2\" content=\"1 minuutti\" \/>\n<script type=\"application\/ld+json\" class=\"yoast-schema-graph\">{\"@context\":\"https:\\\/\\\/schema.org\",\"@graph\":[{\"@type\":\"Article\",\"@id\":\"https:\\\/\\\/jennipitko.fi\\\/koti\\\/autot-pois-aleksanterinkadulta\\\/#article\",\"isPartOf\":{\"@id\":\"https:\\\/\\\/jennipitko.fi\\\/koti\\\/autot-pois-aleksanterinkadulta\\\/\"},\"author\":{\"name\":\"Jenni\",\"@id\":\"https:\\\/\\\/jennipitko.fi\\\/koti\\\/#\\\/schema\\\/person\\\/35955c467f851f10124809310e7e7ee8\"},\"headline\":\"Autot pois Aleksanterinkadulta\",\"datePublished\":\"2015-03-23T17:30:11+00:00\",\"dateModified\":\"2015-03-23T21:37:29+00:00\",\"mainEntityOfPage\":{\"@id\":\"https:\\\/\\\/jennipitko.fi\\\/koti\\\/autot-pois-aleksanterinkadulta\\\/\"},\"wordCount\":294,\"commentCount\":2,\"publisher\":{\"@id\":\"https:\\\/\\\/jennipitko.fi\\\/koti\\\/#organization\"},\"keywords\":[\"aleksanterinkatu\",\"autottomuus\",\"k\u00e4vely\",\"k\u00e4velykeskusta\",\"py\u00f6r\u00e4ily\",\"torinranta\"],\"articleSection\":[\"Valtuustoaloitteet\"],\"inLanguage\":\"fi\",\"potentialAction\":[{\"@type\":\"CommentAction\",\"name\":\"Comment\",\"target\":[\"https:\\\/\\\/jennipitko.fi\\\/koti\\\/autot-pois-aleksanterinkadulta\\\/#respond\"]}]},{\"@type\":\"WebPage\",\"@id\":\"https:\\\/\\\/jennipitko.fi\\\/koti\\\/autot-pois-aleksanterinkadulta\\\/\",\"url\":\"https:\\\/\\\/jennipitko.fi\\\/koti\\\/autot-pois-aleksanterinkadulta\\\/\",\"name\":\"Autot pois Aleksanterinkadulta - Jenni Pitko - Vihreiden varapuheenjohtaja, ymp\u00e4rist\u00f6valiokunnan puheenjohtaja, kansanedustaja ja arkkitehti Oulusta\",\"isPartOf\":{\"@id\":\"https:\\\/\\\/jennipitko.fi\\\/koti\\\/#website\"},\"datePublished\":\"2015-03-23T17:30:11+00:00\",\"dateModified\":\"2015-03-23T21:37:29+00:00\",\"breadcrumb\":{\"@id\":\"https:\\\/\\\/jennipitko.fi\\\/koti\\\/autot-pois-aleksanterinkadulta\\\/#breadcrumb\"},\"inLanguage\":\"fi\",\"potentialAction\":[{\"@type\":\"ReadAction\",\"target\":[\"https:\\\/\\\/jennipitko.fi\\\/koti\\\/autot-pois-aleksanterinkadulta\\\/\"]}]},{\"@type\":\"BreadcrumbList\",\"@id\":\"https:\\\/\\\/jennipitko.fi\\\/koti\\\/autot-pois-aleksanterinkadulta\\\/#breadcrumb\",\"itemListElement\":[{\"@type\":\"ListItem\",\"position\":1,\"name\":\"Home\",\"item\":\"https:\\\/\\\/jennipitko.fi\\\/koti\\\/\"},{\"@type\":\"ListItem\",\"position\":2,\"name\":\"Autot pois Aleksanterinkadulta\"}]},{\"@type\":\"WebSite\",\"@id\":\"https:\\\/\\\/jennipitko.fi\\\/koti\\\/#website\",\"url\":\"https:\\\/\\\/jennipitko.fi\\\/koti\\\/\",\"name\":\"Jenni Pitko - Vihreiden varapuheenjohtaja, ymp\u00e4rist\u00f6valiokunnan puheenjohtaja, kansanedustaja ja arkkitehti Oulusta\",\"description\":\"Jenni Pitko - Vihreiden varapuheenjohtaja, ymp\u00e4rist\u00f6valiokunnan puheenjohtaja, kansanedustaja ja arkkitehti Oulusta\",\"publisher\":{\"@id\":\"https:\\\/\\\/jennipitko.fi\\\/koti\\\/#organization\"},\"potentialAction\":[{\"@type\":\"SearchAction\",\"target\":{\"@type\":\"EntryPoint\",\"urlTemplate\":\"https:\\\/\\\/jennipitko.fi\\\/koti\\\/?s={search_term_string}\"},\"query-input\":{\"@type\":\"PropertyValueSpecification\",\"valueRequired\":true,\"valueName\":\"search_term_string\"}}],\"inLanguage\":\"fi\"},{\"@type\":\"Organization\",\"@id\":\"https:\\\/\\\/jennipitko.fi\\\/koti\\\/#organization\",\"name\":\"Jenni Pitko - Vihreiden varapuheenjohtaja, ymp\u00e4rist\u00f6valiokunnan puheenjohtaja, kansanedustaja ja arkkitehti Oulusta\",\"url\":\"https:\\\/\\\/jennipitko.fi\\\/koti\\\/\",\"logo\":{\"@type\":\"ImageObject\",\"inLanguage\":\"fi\",\"@id\":\"https:\\\/\\\/jennipitko.fi\\\/koti\\\/#\\\/schema\\\/logo\\\/image\\\/\",\"url\":\"https:\\\/\\\/jennipitko.fi\\\/koti\\\/wp-content\\\/uploads\\\/2025\\\/09\\\/Nimeton-malli-38.png\",\"contentUrl\":\"https:\\\/\\\/jennipitko.fi\\\/koti\\\/wp-content\\\/uploads\\\/2025\\\/09\\\/Nimeton-malli-38.png\",\"width\":1280,\"height\":847,\"caption\":\"Jenni Pitko - Vihreiden varapuheenjohtaja, ymp\u00e4rist\u00f6valiokunnan puheenjohtaja, kansanedustaja ja arkkitehti Oulusta\"},\"image\":{\"@id\":\"https:\\\/\\\/jennipitko.fi\\\/koti\\\/#\\\/schema\\\/logo\\\/image\\\/\"}},{\"@type\":\"Person\",\"@id\":\"https:\\\/\\\/jennipitko.fi\\\/koti\\\/#\\\/schema\\\/person\\\/35955c467f851f10124809310e7e7ee8\",\"name\":\"Jenni\",\"image\":{\"@type\":\"ImageObject\",\"inLanguage\":\"fi\",\"@id\":\"https:\\\/\\\/secure.gravatar.com\\\/avatar\\\/625a0e6413b293da7739d42617828d564a4d6028aec3f45d8939a2ba1617199f?s=96&d=blank&r=g\",\"url\":\"https:\\\/\\\/secure.gravatar.com\\\/avatar\\\/625a0e6413b293da7739d42617828d564a4d6028aec3f45d8939a2ba1617199f?s=96&d=blank&r=g\",\"contentUrl\":\"https:\\\/\\\/secure.gravatar.com\\\/avatar\\\/625a0e6413b293da7739d42617828d564a4d6028aec3f45d8939a2ba1617199f?s=96&d=blank&r=g\",\"caption\":\"Jenni\"},\"url\":\"https:\\\/\\\/jennipitko.fi\\\/koti\\\/author\\\/jenni\\\/\"}]}<\/script>\n<!-- \/ Yoast SEO plugin. -->","yoast_head_json":{"title":"Autot pois Aleksanterinkadulta - Jenni Pitko - Vihreiden varapuheenjohtaja, ymp\u00e4rist\u00f6valiokunnan puheenjohtaja, kansanedustaja ja arkkitehti Oulusta","robots":{"index":"index","follow":"follow","max-snippet":"max-snippet:-1","max-image-preview":"max-image-preview:large","max-video-preview":"max-video-preview:-1"},"canonical":"https:\/\/jennipitko.fi\/koti\/autot-pois-aleksanterinkadulta\/","og_locale":"fi_FI","og_type":"article","og_title":"Autot pois Aleksanterinkadulta - Jenni Pitko - Vihreiden varapuheenjohtaja, ymp\u00e4rist\u00f6valiokunnan puheenjohtaja, kansanedustaja ja arkkitehti Oulusta","og_description":"J\u00e4tin Oulun kaupunginvaltuuston kokouksessa 23.3.2015 valtuustoaloitteen, jossa ehdotan kes\u00e4kokeiluna autottomasta Aleksanterinkadusta. &nbsp; Viihtyis\u00e4 kaupunkikeskusta syntyy turvallisesta ymp\u00e4rist\u00f6st\u00e4, miss\u00e4 k\u00e4velij\u00f6ill\u00e4 ja [&hellip;]","og_url":"https:\/\/jennipitko.fi\/koti\/autot-pois-aleksanterinkadulta\/","og_site_name":"Jenni Pitko - Vihreiden varapuheenjohtaja, ymp\u00e4rist\u00f6valiokunnan puheenjohtaja, kansanedustaja ja arkkitehti Oulusta","article_published_time":"2015-03-23T17:30:11+00:00","article_modified_time":"2015-03-23T21:37:29+00:00","author":"Jenni","twitter_card":"summary_large_image","twitter_misc":{"Kirjoittanut":"Jenni","Arvioitu lukuaika":"1 minuutti"},"schema":{"@context":"https:\/\/schema.org","@graph":[{"@type":"Article","@id":"https:\/\/jennipitko.fi\/koti\/autot-pois-aleksanterinkadulta\/#article","isPartOf":{"@id":"https:\/\/jennipitko.fi\/koti\/autot-pois-aleksanterinkadulta\/"},"author":{"name":"Jenni","@id":"https:\/\/jennipitko.fi\/koti\/#\/schema\/person\/35955c467f851f10124809310e7e7ee8"},"headline":"Autot pois Aleksanterinkadulta","datePublished":"2015-03-23T17:30:11+00:00","dateModified":"2015-03-23T21:37:29+00:00","mainEntityOfPage":{"@id":"https:\/\/jennipitko.fi\/koti\/autot-pois-aleksanterinkadulta\/"},"wordCount":294,"commentCount":2,"publisher":{"@id":"https:\/\/jennipitko.fi\/koti\/#organization"},"keywords":["aleksanterinkatu","autottomuus","k\u00e4vely","k\u00e4velykeskusta","py\u00f6r\u00e4ily","torinranta"],"articleSection":["Valtuustoaloitteet"],"inLanguage":"fi","potentialAction":[{"@type":"CommentAction","name":"Comment","target":["https:\/\/jennipitko.fi\/koti\/autot-pois-aleksanterinkadulta\/#respond"]}]},{"@type":"WebPage","@id":"https:\/\/jennipitko.fi\/koti\/autot-pois-aleksanterinkadulta\/","url":"https:\/\/jennipitko.fi\/koti\/autot-pois-aleksanterinkadulta\/","name":"Autot pois Aleksanterinkadulta - Jenni Pitko - Vihreiden varapuheenjohtaja, ymp\u00e4rist\u00f6valiokunnan puheenjohtaja, kansanedustaja ja arkkitehti Oulusta","isPartOf":{"@id":"https:\/\/jennipitko.fi\/koti\/#website"},"datePublished":"2015-03-23T17:30:11+00:00","dateModified":"2015-03-23T21:37:29+00:00","breadcrumb":{"@id":"https:\/\/jennipitko.fi\/koti\/autot-pois-aleksanterinkadulta\/#breadcrumb"},"inLanguage":"fi","potentialAction":[{"@type":"ReadAction","target":["https:\/\/jennipitko.fi\/koti\/autot-pois-aleksanterinkadulta\/"]}]},{"@type":"BreadcrumbList","@id":"https:\/\/jennipitko.fi\/koti\/autot-pois-aleksanterinkadulta\/#breadcrumb","itemListElement":[{"@type":"ListItem","position":1,"name":"Home","item":"https:\/\/jennipitko.fi\/koti\/"},{"@type":"ListItem","position":2,"name":"Autot pois Aleksanterinkadulta"}]},{"@type":"WebSite","@id":"https:\/\/jennipitko.fi\/koti\/#website","url":"https:\/\/jennipitko.fi\/koti\/","name":"Jenni Pitko - Vihreiden varapuheenjohtaja, ymp\u00e4rist\u00f6valiokunnan puheenjohtaja, kansanedustaja ja arkkitehti Oulusta","description":"Jenni Pitko - Vihreiden varapuheenjohtaja, ymp\u00e4rist\u00f6valiokunnan puheenjohtaja, kansanedustaja ja arkkitehti Oulusta","publisher":{"@id":"https:\/\/jennipitko.fi\/koti\/#organization"},"potentialAction":[{"@type":"SearchAction","target":{"@type":"EntryPoint","urlTemplate":"https:\/\/jennipitko.fi\/koti\/?s={search_term_string}"},"query-input":{"@type":"PropertyValueSpecification","valueRequired":true,"valueName":"search_term_string"}}],"inLanguage":"fi"},{"@type":"Organization","@id":"https:\/\/jennipitko.fi\/koti\/#organization","name":"Jenni Pitko - Vihreiden varapuheenjohtaja, ymp\u00e4rist\u00f6valiokunnan puheenjohtaja, kansanedustaja ja arkkitehti Oulusta","url":"https:\/\/jennipitko.fi\/koti\/","logo":{"@type":"ImageObject","inLanguage":"fi","@id":"https:\/\/jennipitko.fi\/koti\/#\/schema\/logo\/image\/","url":"https:\/\/jennipitko.fi\/koti\/wp-content\/uploads\/2025\/09\/Nimeton-malli-38.png","contentUrl":"https:\/\/jennipitko.fi\/koti\/wp-content\/uploads\/2025\/09\/Nimeton-malli-38.png","width":1280,"height":847,"caption":"Jenni Pitko - Vihreiden varapuheenjohtaja, ymp\u00e4rist\u00f6valiokunnan puheenjohtaja, kansanedustaja ja arkkitehti Oulusta"},"image":{"@id":"https:\/\/jennipitko.fi\/koti\/#\/schema\/logo\/image\/"}},{"@type":"Person","@id":"https:\/\/jennipitko.fi\/koti\/#\/schema\/person\/35955c467f851f10124809310e7e7ee8","name":"Jenni","image":{"@type":"ImageObject","inLanguage":"fi","@id":"https:\/\/secure.gravatar.com\/avatar\/625a0e6413b293da7739d42617828d564a4d6028aec3f45d8939a2ba1617199f?s=96&d=blank&r=g","url":"https:\/\/secure.gravatar.com\/avatar\/625a0e6413b293da7739d42617828d564a4d6028aec3f45d8939a2ba1617199f?s=96&d=blank&r=g","contentUrl":"https:\/\/secure.gravatar.com\/avatar\/625a0e6413b293da7739d42617828d564a4d6028aec3f45d8939a2ba1617199f?s=96&d=blank&r=g","caption":"Jenni"},"url":"https:\/\/jennipitko.fi\/koti\/author\/jenni\/"}]}},"_links":{"self":[{"href":"https:\/\/jennipitko.fi\/koti\/wp-json\/wp\/v2\/posts\/1198","targetHints":{"allow":["GET"]}}],"collection":[{"href":"https:\/\/jennipitko.fi\/koti\/wp-json\/wp\/v2\/posts"}],"about":[{"href":"https:\/\/jennipitko.fi\/koti\/wp-json\/wp\/v2\/types\/post"}],"author":[{"embeddable":true,"href":"https:\/\/jennipitko.fi\/koti\/wp-json\/wp\/v2\/users\/1"}],"replies":[{"embeddable":true,"href":"https:\/\/jennipitko.fi\/koti\/wp-json\/wp\/v2\/comments?post=1198"}],"version-history":[{"count":1,"href":"https:\/\/jennipitko.fi\/koti\/wp-json\/wp\/v2\/posts\/1198\/revisions"}],"predecessor-version":[{"id":1202,"href":"https:\/\/jennipitko.fi\/koti\/wp-json\/wp\/v2\/posts\/1198\/revisions\/1202"}],"wp:attachment":[{"href":"https:\/\/jennipitko.fi\/koti\/wp-json\/wp\/v2\/media?parent=1198"}],"wp:term":[{"taxonomy":"category","embeddable":true,"href":"https:\/\/jennipitko.fi\/koti\/wp-json\/wp\/v2\/categories?post=1198"},{"taxonomy":"post_tag","embeddable":true,"href":"https:\/\/jennipitko.fi\/koti\/wp-json\/wp\/v2\/tags?post=1198"}],"curies":[{"name":"wp","href":"https:\/\/api.w.org\/{rel}","templated":true}]}}