{"id":1249,"date":"2015-04-06T23:15:57","date_gmt":"2015-04-06T20:15:57","guid":{"rendered":"http:\/\/jennipitko.fi\/koti\/?p=1249"},"modified":"2015-04-06T23:47:53","modified_gmt":"2015-04-06T20:47:53","slug":"viisi-vinkkia-kansanedustajaksi","status":"publish","type":"post","link":"https:\/\/jennipitko.fi\/koti\/viisi-vinkkia-kansanedustajaksi\/","title":{"rendered":"Viisi vinkki\u00e4, jotka siivitt\u00e4v\u00e4t Jennin kansanedustajaksi"},"content":{"rendered":"<p>Haluatko Jennin eduskuntaan? T\u00e4ss\u00e4 muutama vinkki, joilla voit edist\u00e4\u00e4 Jennin p\u00e4\u00e4sy\u00e4 seuraavaksi vihre\u00e4ksi kansanedustajaksi Oulun vaalipiirist\u00e4.<\/p>\n<p><a href=\"http:\/\/jennipitko.fi\/koti\/wp-content\/uploads\/2015\/03\/11041919_10153212482328624_3515539654183390378_o.jpg\"><img fetchpriority=\"high\" decoding=\"async\" class=\"  wp-image-1252 alignnone\" src=\"http:\/\/jennipitko.fi\/koti\/wp-content\/uploads\/2015\/03\/11041919_10153212482328624_3515539654183390378_o-300x172.jpg\" alt=\"11041919_10153212482328624_3515539654183390378_o\" width=\"703\" height=\"403\" title=\"Viisi vinkki\u00e4, jotka siivitt\u00e4v\u00e4t Jennin kansanedustajaksi\"><\/a><\/p>\n<p>1. \u00c4\u00e4nest\u00e4. \u00c4\u00e4nest\u00e4 Jenni\u00e4, jos olet kirjoilla Oulun vaalipiiriss\u00e4. Kirjoita \u00e4\u00e4nestyslippuun 23 joko ennakko\u00e4\u00e4nestyksess\u00e4 8.-14.4. (ulkomailla 8.-11.4.) tai varsinaisena vaalip\u00e4iv\u00e4n\u00e4 19. huhtikuuta. Ennakko\u00e4\u00e4nest\u00e4\u00e4 voit miss\u00e4 vain ennakko\u00e4\u00e4nestyspaikalla kotimaassa ja\u00a0ulkomailla. Tarkista ennakko\u00e4\u00e4nestyspaikat t\u00e4\u00e4lt\u00e4: <a href=\"http:\/\/vaalit.fi\/fi\/\" target=\"_blank\">www.vaalit.fi<\/a>. Huom. Henkkarit riitt\u00e4\u00e4 eli kaikki mit\u00e4 tarvitset \u00e4\u00e4nest\u00e4miseen on voimassa oleva henkil\u00f6llisyystodistus.<\/p>\n<p>2. Suosittele. Tutun suosituksella on merkitt\u00e4v\u00e4 vaikutus \u00e4\u00e4nestysp\u00e4\u00e4t\u00f6kseen. Kerro, ett\u00e4 \u00e4\u00e4nestit Jenni\u00e4 tai suosittele Jenni\u00e4 ehdokkaana esimerkiksi kasvotusten tai s\u00e4hk\u00f6isesti Facebookissa, Twitteriss\u00e4, tekstarilla tai Whatsappissa. Sosiaalisen median kanavissa voi lis\u00e4t\u00e4 tagin #SiksiJenni.<br \/>\n<!--more--><\/p>\n<p>3. Kampanjoi. Jos sinulla on aikaa, niin tule Rotuaarin vihre\u00e4lle vaalikopille t\u00f6itten j\u00e4lkeen jakamaan Jennin esitteit\u00e4 tai ota esitteet matkaan ja kampanjoi siell\u00e4, miss\u00e4 haluat.<\/p>\n<p>4. Tue kampanjaa. Jennin kampanjaa voi tukea rahallisesti lahjoittamalla <a href=\"https:\/\/lahjoita.vihreat.fi\/lahjoita\/henkilolle\/jenni-pitko\" target=\"_blank\"><span style=\"text-decoration: underline;\">lahjoitusty\u00f6kalun<\/span><\/a> kautta tai ostamalla kampanjatuotteita <a href=\"http:\/\/jennipitko.fi\/koti\/osallistu-ja-lahjoita\/\" target=\"_blank\"><span style=\"text-decoration: underline;\">t\u00e4\u00e4lt\u00e4<\/span><\/a>.Tukea voi osoittaa my\u00f6s esimerkiksi rintanapilla tai py\u00f6r\u00e4\u00e4n laitettavalla spoke cardilla. Tule hakemaan omasi Rotuaarin vaalikopilta. Virtuaalisen rintanapin voit tehd\u00e4 esimerkiksi <a href=\"http:\/\/ilkkahanninen.fi\/badget\/\" target=\"_blank\"><span style=\"text-decoration: underline;\">t\u00e4\u00e4lt\u00e4<\/span><\/a>\u00a0(vaalinumeron sijaan kuvaan voi kirjoittaa \u201cPITKO\u201d). Facebookin kansikuvan voit p\u00e4ivitt\u00e4\u00e4 <span style=\"text-decoration: underline;\"><a href=\"http:\/\/on.fb.me\/1PbIYbP\" target=\"_blank\">t\u00e4\u00e4lt\u00e4<\/a><\/span> ladattavalla kuvalla.<\/p>\n<p>5. Jaa. Sosiaalisessa mediassa voi jakaa esimerkiksi Jennin blogeja, videoita, ajatuksia ja vaaliohjelmaa. Mit\u00e4 useampi kuulee Jennist\u00e4, niin todenn\u00e4k\u00f6isemmin my\u00f6s \u00e4\u00e4nisaalis on suurempi. Somessa toimii esimerkiksi tagit #Pitko2015, #pitkontekij\u00e4t ja #vaalit2015. Jennin tekstej\u00e4 ja ajatuksia: <a href=\"http:\/\/jennipitko.fi\/koti\/\" target=\"_blank\">www.jennipitko.fi<\/a>.<\/p>\n<p>Jennin tukiryhm\u00e4<\/p>\n","protected":false},"excerpt":{"rendered":"<p>Haluatko Jennin eduskuntaan? T\u00e4ss\u00e4 muutama vinkki, joilla voit edist\u00e4\u00e4 Jennin p\u00e4\u00e4sy\u00e4 seuraavaksi vihre\u00e4ksi kansanedustajaksi Oulun vaalipiirist\u00e4. 1. \u00c4\u00e4nest\u00e4. \u00c4\u00e4nest\u00e4 Jenni\u00e4, [&hellip;]<\/p>\n","protected":false},"author":4,"featured_media":0,"comment_status":"closed","ping_status":"closed","sticky":false,"template":"","format":"standard","meta":{"_monsterinsights_skip_tracking":false,"_monsterinsights_sitenote_active":false,"_monsterinsights_sitenote_note":"","_monsterinsights_sitenote_category":0,"site-sidebar-layout":"default","site-content-layout":"","ast-site-content-layout":"default","site-content-style":"default","site-sidebar-style":"default","ast-global-header-display":"","ast-banner-title-visibility":"","ast-main-header-display":"","ast-hfb-above-header-display":"","ast-hfb-below-header-display":"","ast-hfb-mobile-header-display":"","site-post-title":"","ast-breadcrumbs-content":"","ast-featured-img":"","footer-sml-layout":"","ast-disable-related-posts":"","theme-transparent-header-meta":"","adv-header-id-meta":"","stick-header-meta":"","header-above-stick-meta":"","header-main-stick-meta":"","header-below-stick-meta":"","astra-migrate-meta-layouts":"default","ast-page-background-enabled":"default","ast-page-background-meta":{"desktop":{"background-color":"var(--ast-global-color-5)","background-image":"","background-repeat":"repeat","background-position":"center center","background-size":"auto","background-attachment":"scroll","background-type":"","background-media":"","overlay-type":"","overlay-color":"","overlay-opacity":"","overlay-gradient":""},"tablet":{"background-color":"","background-image":"","background-repeat":"repeat","background-position":"center center","background-size":"auto","background-attachment":"scroll","background-type":"","background-media":"","overlay-type":"","overlay-color":"","overlay-opacity":"","overlay-gradient":""},"mobile":{"background-color":"","background-image":"","background-repeat":"repeat","background-position":"center center","background-size":"auto","background-attachment":"scroll","background-type":"","background-media":"","overlay-type":"","overlay-color":"","overlay-opacity":"","overlay-gradient":""}},"ast-content-background-meta":{"desktop":{"background-color":"var(--ast-global-color-4)","background-image":"","background-repeat":"repeat","background-position":"center center","background-size":"auto","background-attachment":"scroll","background-type":"","background-media":"","overlay-type":"","overlay-color":"","overlay-opacity":"","overlay-gradient":""},"tablet":{"background-color":"var(--ast-global-color-4)","background-image":"","background-repeat":"repeat","background-position":"center center","background-size":"auto","background-attachment":"scroll","background-type":"","background-media":"","overlay-type":"","overlay-color":"","overlay-opacity":"","overlay-gradient":""},"mobile":{"background-color":"var(--ast-global-color-4)","background-image":"","background-repeat":"repeat","background-position":"center center","background-size":"auto","background-attachment":"scroll","background-type":"","background-media":"","overlay-type":"","overlay-color":"","overlay-opacity":"","overlay-gradient":""}},"footnotes":""},"categories":[1],"tags":[116,9,188],"class_list":["post-1249","post","type-post","status-publish","format-standard","hentry","category-uncategorized","tag-eduskuntavaalit","tag-oulu","tag-vaalit"],"yoast_head":"<!-- This site is optimized with the Yoast SEO plugin v27.5 - https:\/\/yoast.com\/product\/yoast-seo-wordpress\/ -->\n<title>Viisi vinkki\u00e4, jotka siivitt\u00e4v\u00e4t Jennin kansanedustajaksi - Jenni Pitko - Vihreiden varapuheenjohtaja, ymp\u00e4rist\u00f6valiokunnan puheenjohtaja, kansanedustaja ja arkkitehti Oulusta<\/title>\n<meta name=\"robots\" content=\"index, follow, max-snippet:-1, max-image-preview:large, max-video-preview:-1\" \/>\n<link rel=\"canonical\" href=\"https:\/\/jennipitko.fi\/koti\/viisi-vinkkia-kansanedustajaksi\/\" \/>\n<meta property=\"og:locale\" content=\"fi_FI\" \/>\n<meta property=\"og:type\" content=\"article\" \/>\n<meta property=\"og:title\" content=\"Viisi vinkki\u00e4, jotka siivitt\u00e4v\u00e4t Jennin kansanedustajaksi - Jenni Pitko - Vihreiden varapuheenjohtaja, ymp\u00e4rist\u00f6valiokunnan puheenjohtaja, kansanedustaja ja arkkitehti Oulusta\" \/>\n<meta property=\"og:description\" content=\"Haluatko Jennin eduskuntaan? T\u00e4ss\u00e4 muutama vinkki, joilla voit edist\u00e4\u00e4 Jennin p\u00e4\u00e4sy\u00e4 seuraavaksi vihre\u00e4ksi kansanedustajaksi Oulun vaalipiirist\u00e4. 1. \u00c4\u00e4nest\u00e4. \u00c4\u00e4nest\u00e4 Jenni\u00e4, [&hellip;]\" \/>\n<meta property=\"og:url\" content=\"https:\/\/jennipitko.fi\/koti\/viisi-vinkkia-kansanedustajaksi\/\" \/>\n<meta property=\"og:site_name\" content=\"Jenni Pitko - Vihreiden varapuheenjohtaja, ymp\u00e4rist\u00f6valiokunnan puheenjohtaja, kansanedustaja ja arkkitehti Oulusta\" \/>\n<meta property=\"article:published_time\" content=\"2015-04-06T20:15:57+00:00\" \/>\n<meta property=\"article:modified_time\" content=\"2015-04-06T20:47:53+00:00\" \/>\n<meta name=\"author\" content=\"Aino-Kaisa Manninen\" \/>\n<meta name=\"twitter:card\" content=\"summary_large_image\" \/>\n<meta name=\"twitter:label1\" content=\"Kirjoittanut\" \/>\n\t<meta name=\"twitter:data1\" content=\"Aino-Kaisa Manninen\" \/>\n\t<meta name=\"twitter:label2\" content=\"Arvioitu lukuaika\" \/>\n\t<meta name=\"twitter:data2\" content=\"1 minuutti\" \/>\n<script type=\"application\/ld+json\" class=\"yoast-schema-graph\">{\"@context\":\"https:\\\/\\\/schema.org\",\"@graph\":[{\"@type\":\"Article\",\"@id\":\"https:\\\/\\\/jennipitko.fi\\\/koti\\\/viisi-vinkkia-kansanedustajaksi\\\/#article\",\"isPartOf\":{\"@id\":\"https:\\\/\\\/jennipitko.fi\\\/koti\\\/viisi-vinkkia-kansanedustajaksi\\\/\"},\"author\":{\"name\":\"Aino-Kaisa Manninen\",\"@id\":\"https:\\\/\\\/jennipitko.fi\\\/koti\\\/#\\\/schema\\\/person\\\/34788667eb31607880c6c0eae344d0c8\"},\"headline\":\"Viisi vinkki\u00e4, jotka siivitt\u00e4v\u00e4t Jennin kansanedustajaksi\",\"datePublished\":\"2015-04-06T20:15:57+00:00\",\"dateModified\":\"2015-04-06T20:47:53+00:00\",\"mainEntityOfPage\":{\"@id\":\"https:\\\/\\\/jennipitko.fi\\\/koti\\\/viisi-vinkkia-kansanedustajaksi\\\/\"},\"wordCount\":245,\"publisher\":{\"@id\":\"https:\\\/\\\/jennipitko.fi\\\/koti\\\/#organization\"},\"image\":{\"@id\":\"https:\\\/\\\/jennipitko.fi\\\/koti\\\/viisi-vinkkia-kansanedustajaksi\\\/#primaryimage\"},\"thumbnailUrl\":\"http:\\\/\\\/jennipitko.fi\\\/koti\\\/wp-content\\\/uploads\\\/2015\\\/03\\\/11041919_10153212482328624_3515539654183390378_o-300x172.jpg\",\"keywords\":[\"eduskuntavaalit\",\"oulu\",\"vaalit\"],\"articleSection\":[\"Uncategorized\"],\"inLanguage\":\"fi\"},{\"@type\":\"WebPage\",\"@id\":\"https:\\\/\\\/jennipitko.fi\\\/koti\\\/viisi-vinkkia-kansanedustajaksi\\\/\",\"url\":\"https:\\\/\\\/jennipitko.fi\\\/koti\\\/viisi-vinkkia-kansanedustajaksi\\\/\",\"name\":\"Viisi vinkki\u00e4, jotka siivitt\u00e4v\u00e4t Jennin kansanedustajaksi - Jenni Pitko - Vihreiden varapuheenjohtaja, ymp\u00e4rist\u00f6valiokunnan puheenjohtaja, kansanedustaja ja arkkitehti Oulusta\",\"isPartOf\":{\"@id\":\"https:\\\/\\\/jennipitko.fi\\\/koti\\\/#website\"},\"primaryImageOfPage\":{\"@id\":\"https:\\\/\\\/jennipitko.fi\\\/koti\\\/viisi-vinkkia-kansanedustajaksi\\\/#primaryimage\"},\"image\":{\"@id\":\"https:\\\/\\\/jennipitko.fi\\\/koti\\\/viisi-vinkkia-kansanedustajaksi\\\/#primaryimage\"},\"thumbnailUrl\":\"http:\\\/\\\/jennipitko.fi\\\/koti\\\/wp-content\\\/uploads\\\/2015\\\/03\\\/11041919_10153212482328624_3515539654183390378_o-300x172.jpg\",\"datePublished\":\"2015-04-06T20:15:57+00:00\",\"dateModified\":\"2015-04-06T20:47:53+00:00\",\"breadcrumb\":{\"@id\":\"https:\\\/\\\/jennipitko.fi\\\/koti\\\/viisi-vinkkia-kansanedustajaksi\\\/#breadcrumb\"},\"inLanguage\":\"fi\",\"potentialAction\":[{\"@type\":\"ReadAction\",\"target\":[\"https:\\\/\\\/jennipitko.fi\\\/koti\\\/viisi-vinkkia-kansanedustajaksi\\\/\"]}]},{\"@type\":\"ImageObject\",\"inLanguage\":\"fi\",\"@id\":\"https:\\\/\\\/jennipitko.fi\\\/koti\\\/viisi-vinkkia-kansanedustajaksi\\\/#primaryimage\",\"url\":\"\",\"contentUrl\":\"\"},{\"@type\":\"BreadcrumbList\",\"@id\":\"https:\\\/\\\/jennipitko.fi\\\/koti\\\/viisi-vinkkia-kansanedustajaksi\\\/#breadcrumb\",\"itemListElement\":[{\"@type\":\"ListItem\",\"position\":1,\"name\":\"Home\",\"item\":\"https:\\\/\\\/jennipitko.fi\\\/koti\\\/\"},{\"@type\":\"ListItem\",\"position\":2,\"name\":\"Viisi vinkki\u00e4, jotka siivitt\u00e4v\u00e4t Jennin kansanedustajaksi\"}]},{\"@type\":\"WebSite\",\"@id\":\"https:\\\/\\\/jennipitko.fi\\\/koti\\\/#website\",\"url\":\"https:\\\/\\\/jennipitko.fi\\\/koti\\\/\",\"name\":\"Jenni Pitko - Vihreiden varapuheenjohtaja, ymp\u00e4rist\u00f6valiokunnan puheenjohtaja, kansanedustaja ja arkkitehti Oulusta\",\"description\":\"Jenni Pitko - Vihreiden varapuheenjohtaja, ymp\u00e4rist\u00f6valiokunnan puheenjohtaja, kansanedustaja ja arkkitehti Oulusta\",\"publisher\":{\"@id\":\"https:\\\/\\\/jennipitko.fi\\\/koti\\\/#organization\"},\"potentialAction\":[{\"@type\":\"SearchAction\",\"target\":{\"@type\":\"EntryPoint\",\"urlTemplate\":\"https:\\\/\\\/jennipitko.fi\\\/koti\\\/?s={search_term_string}\"},\"query-input\":{\"@type\":\"PropertyValueSpecification\",\"valueRequired\":true,\"valueName\":\"search_term_string\"}}],\"inLanguage\":\"fi\"},{\"@type\":\"Organization\",\"@id\":\"https:\\\/\\\/jennipitko.fi\\\/koti\\\/#organization\",\"name\":\"Jenni Pitko - Vihreiden varapuheenjohtaja, ymp\u00e4rist\u00f6valiokunnan puheenjohtaja, kansanedustaja ja arkkitehti Oulusta\",\"url\":\"https:\\\/\\\/jennipitko.fi\\\/koti\\\/\",\"logo\":{\"@type\":\"ImageObject\",\"inLanguage\":\"fi\",\"@id\":\"https:\\\/\\\/jennipitko.fi\\\/koti\\\/#\\\/schema\\\/logo\\\/image\\\/\",\"url\":\"https:\\\/\\\/jennipitko.fi\\\/koti\\\/wp-content\\\/uploads\\\/2025\\\/09\\\/Nimeton-malli-38.png\",\"contentUrl\":\"https:\\\/\\\/jennipitko.fi\\\/koti\\\/wp-content\\\/uploads\\\/2025\\\/09\\\/Nimeton-malli-38.png\",\"width\":1280,\"height\":847,\"caption\":\"Jenni Pitko - Vihreiden varapuheenjohtaja, ymp\u00e4rist\u00f6valiokunnan puheenjohtaja, kansanedustaja ja arkkitehti Oulusta\"},\"image\":{\"@id\":\"https:\\\/\\\/jennipitko.fi\\\/koti\\\/#\\\/schema\\\/logo\\\/image\\\/\"}},{\"@type\":\"Person\",\"@id\":\"https:\\\/\\\/jennipitko.fi\\\/koti\\\/#\\\/schema\\\/person\\\/34788667eb31607880c6c0eae344d0c8\",\"name\":\"Aino-Kaisa Manninen\",\"image\":{\"@type\":\"ImageObject\",\"inLanguage\":\"fi\",\"@id\":\"https:\\\/\\\/secure.gravatar.com\\\/avatar\\\/a19e66049ed941543eda1ee276d83680d37c07dec9817871a1c7211e2b79592b?s=96&d=blank&r=g\",\"url\":\"https:\\\/\\\/secure.gravatar.com\\\/avatar\\\/a19e66049ed941543eda1ee276d83680d37c07dec9817871a1c7211e2b79592b?s=96&d=blank&r=g\",\"contentUrl\":\"https:\\\/\\\/secure.gravatar.com\\\/avatar\\\/a19e66049ed941543eda1ee276d83680d37c07dec9817871a1c7211e2b79592b?s=96&d=blank&r=g\",\"caption\":\"Aino-Kaisa Manninen\"},\"url\":\"https:\\\/\\\/jennipitko.fi\\\/koti\\\/author\\\/aino-kaisa\\\/\"}]}<\/script>\n<!-- \/ Yoast SEO plugin. -->","yoast_head_json":{"title":"Viisi vinkki\u00e4, jotka siivitt\u00e4v\u00e4t Jennin kansanedustajaksi - Jenni Pitko - Vihreiden varapuheenjohtaja, ymp\u00e4rist\u00f6valiokunnan puheenjohtaja, kansanedustaja ja arkkitehti Oulusta","robots":{"index":"index","follow":"follow","max-snippet":"max-snippet:-1","max-image-preview":"max-image-preview:large","max-video-preview":"max-video-preview:-1"},"canonical":"https:\/\/jennipitko.fi\/koti\/viisi-vinkkia-kansanedustajaksi\/","og_locale":"fi_FI","og_type":"article","og_title":"Viisi vinkki\u00e4, jotka siivitt\u00e4v\u00e4t Jennin kansanedustajaksi - Jenni Pitko - Vihreiden varapuheenjohtaja, ymp\u00e4rist\u00f6valiokunnan puheenjohtaja, kansanedustaja ja arkkitehti Oulusta","og_description":"Haluatko Jennin eduskuntaan? T\u00e4ss\u00e4 muutama vinkki, joilla voit edist\u00e4\u00e4 Jennin p\u00e4\u00e4sy\u00e4 seuraavaksi vihre\u00e4ksi kansanedustajaksi Oulun vaalipiirist\u00e4. 1. \u00c4\u00e4nest\u00e4. \u00c4\u00e4nest\u00e4 Jenni\u00e4, [&hellip;]","og_url":"https:\/\/jennipitko.fi\/koti\/viisi-vinkkia-kansanedustajaksi\/","og_site_name":"Jenni Pitko - Vihreiden varapuheenjohtaja, ymp\u00e4rist\u00f6valiokunnan puheenjohtaja, kansanedustaja ja arkkitehti Oulusta","article_published_time":"2015-04-06T20:15:57+00:00","article_modified_time":"2015-04-06T20:47:53+00:00","author":"Aino-Kaisa Manninen","twitter_card":"summary_large_image","twitter_misc":{"Kirjoittanut":"Aino-Kaisa Manninen","Arvioitu lukuaika":"1 minuutti"},"schema":{"@context":"https:\/\/schema.org","@graph":[{"@type":"Article","@id":"https:\/\/jennipitko.fi\/koti\/viisi-vinkkia-kansanedustajaksi\/#article","isPartOf":{"@id":"https:\/\/jennipitko.fi\/koti\/viisi-vinkkia-kansanedustajaksi\/"},"author":{"name":"Aino-Kaisa Manninen","@id":"https:\/\/jennipitko.fi\/koti\/#\/schema\/person\/34788667eb31607880c6c0eae344d0c8"},"headline":"Viisi vinkki\u00e4, jotka siivitt\u00e4v\u00e4t Jennin kansanedustajaksi","datePublished":"2015-04-06T20:15:57+00:00","dateModified":"2015-04-06T20:47:53+00:00","mainEntityOfPage":{"@id":"https:\/\/jennipitko.fi\/koti\/viisi-vinkkia-kansanedustajaksi\/"},"wordCount":245,"publisher":{"@id":"https:\/\/jennipitko.fi\/koti\/#organization"},"image":{"@id":"https:\/\/jennipitko.fi\/koti\/viisi-vinkkia-kansanedustajaksi\/#primaryimage"},"thumbnailUrl":"http:\/\/jennipitko.fi\/koti\/wp-content\/uploads\/2015\/03\/11041919_10153212482328624_3515539654183390378_o-300x172.jpg","keywords":["eduskuntavaalit","oulu","vaalit"],"articleSection":["Uncategorized"],"inLanguage":"fi"},{"@type":"WebPage","@id":"https:\/\/jennipitko.fi\/koti\/viisi-vinkkia-kansanedustajaksi\/","url":"https:\/\/jennipitko.fi\/koti\/viisi-vinkkia-kansanedustajaksi\/","name":"Viisi vinkki\u00e4, jotka siivitt\u00e4v\u00e4t Jennin kansanedustajaksi - Jenni Pitko - Vihreiden varapuheenjohtaja, ymp\u00e4rist\u00f6valiokunnan puheenjohtaja, kansanedustaja ja arkkitehti Oulusta","isPartOf":{"@id":"https:\/\/jennipitko.fi\/koti\/#website"},"primaryImageOfPage":{"@id":"https:\/\/jennipitko.fi\/koti\/viisi-vinkkia-kansanedustajaksi\/#primaryimage"},"image":{"@id":"https:\/\/jennipitko.fi\/koti\/viisi-vinkkia-kansanedustajaksi\/#primaryimage"},"thumbnailUrl":"http:\/\/jennipitko.fi\/koti\/wp-content\/uploads\/2015\/03\/11041919_10153212482328624_3515539654183390378_o-300x172.jpg","datePublished":"2015-04-06T20:15:57+00:00","dateModified":"2015-04-06T20:47:53+00:00","breadcrumb":{"@id":"https:\/\/jennipitko.fi\/koti\/viisi-vinkkia-kansanedustajaksi\/#breadcrumb"},"inLanguage":"fi","potentialAction":[{"@type":"ReadAction","target":["https:\/\/jennipitko.fi\/koti\/viisi-vinkkia-kansanedustajaksi\/"]}]},{"@type":"ImageObject","inLanguage":"fi","@id":"https:\/\/jennipitko.fi\/koti\/viisi-vinkkia-kansanedustajaksi\/#primaryimage","url":"","contentUrl":""},{"@type":"BreadcrumbList","@id":"https:\/\/jennipitko.fi\/koti\/viisi-vinkkia-kansanedustajaksi\/#breadcrumb","itemListElement":[{"@type":"ListItem","position":1,"name":"Home","item":"https:\/\/jennipitko.fi\/koti\/"},{"@type":"ListItem","position":2,"name":"Viisi vinkki\u00e4, jotka siivitt\u00e4v\u00e4t Jennin kansanedustajaksi"}]},{"@type":"WebSite","@id":"https:\/\/jennipitko.fi\/koti\/#website","url":"https:\/\/jennipitko.fi\/koti\/","name":"Jenni Pitko - Vihreiden varapuheenjohtaja, ymp\u00e4rist\u00f6valiokunnan puheenjohtaja, kansanedustaja ja arkkitehti Oulusta","description":"Jenni Pitko - Vihreiden varapuheenjohtaja, ymp\u00e4rist\u00f6valiokunnan puheenjohtaja, kansanedustaja ja arkkitehti Oulusta","publisher":{"@id":"https:\/\/jennipitko.fi\/koti\/#organization"},"potentialAction":[{"@type":"SearchAction","target":{"@type":"EntryPoint","urlTemplate":"https:\/\/jennipitko.fi\/koti\/?s={search_term_string}"},"query-input":{"@type":"PropertyValueSpecification","valueRequired":true,"valueName":"search_term_string"}}],"inLanguage":"fi"},{"@type":"Organization","@id":"https:\/\/jennipitko.fi\/koti\/#organization","name":"Jenni Pitko - Vihreiden varapuheenjohtaja, ymp\u00e4rist\u00f6valiokunnan puheenjohtaja, kansanedustaja ja arkkitehti Oulusta","url":"https:\/\/jennipitko.fi\/koti\/","logo":{"@type":"ImageObject","inLanguage":"fi","@id":"https:\/\/jennipitko.fi\/koti\/#\/schema\/logo\/image\/","url":"https:\/\/jennipitko.fi\/koti\/wp-content\/uploads\/2025\/09\/Nimeton-malli-38.png","contentUrl":"https:\/\/jennipitko.fi\/koti\/wp-content\/uploads\/2025\/09\/Nimeton-malli-38.png","width":1280,"height":847,"caption":"Jenni Pitko - Vihreiden varapuheenjohtaja, ymp\u00e4rist\u00f6valiokunnan puheenjohtaja, kansanedustaja ja arkkitehti Oulusta"},"image":{"@id":"https:\/\/jennipitko.fi\/koti\/#\/schema\/logo\/image\/"}},{"@type":"Person","@id":"https:\/\/jennipitko.fi\/koti\/#\/schema\/person\/34788667eb31607880c6c0eae344d0c8","name":"Aino-Kaisa Manninen","image":{"@type":"ImageObject","inLanguage":"fi","@id":"https:\/\/secure.gravatar.com\/avatar\/a19e66049ed941543eda1ee276d83680d37c07dec9817871a1c7211e2b79592b?s=96&d=blank&r=g","url":"https:\/\/secure.gravatar.com\/avatar\/a19e66049ed941543eda1ee276d83680d37c07dec9817871a1c7211e2b79592b?s=96&d=blank&r=g","contentUrl":"https:\/\/secure.gravatar.com\/avatar\/a19e66049ed941543eda1ee276d83680d37c07dec9817871a1c7211e2b79592b?s=96&d=blank&r=g","caption":"Aino-Kaisa Manninen"},"url":"https:\/\/jennipitko.fi\/koti\/author\/aino-kaisa\/"}]}},"_links":{"self":[{"href":"https:\/\/jennipitko.fi\/koti\/wp-json\/wp\/v2\/posts\/1249","targetHints":{"allow":["GET"]}}],"collection":[{"href":"https:\/\/jennipitko.fi\/koti\/wp-json\/wp\/v2\/posts"}],"about":[{"href":"https:\/\/jennipitko.fi\/koti\/wp-json\/wp\/v2\/types\/post"}],"author":[{"embeddable":true,"href":"https:\/\/jennipitko.fi\/koti\/wp-json\/wp\/v2\/users\/4"}],"replies":[{"embeddable":true,"href":"https:\/\/jennipitko.fi\/koti\/wp-json\/wp\/v2\/comments?post=1249"}],"version-history":[{"count":2,"href":"https:\/\/jennipitko.fi\/koti\/wp-json\/wp\/v2\/posts\/1249\/revisions"}],"predecessor-version":[{"id":1263,"href":"https:\/\/jennipitko.fi\/koti\/wp-json\/wp\/v2\/posts\/1249\/revisions\/1263"}],"wp:attachment":[{"href":"https:\/\/jennipitko.fi\/koti\/wp-json\/wp\/v2\/media?parent=1249"}],"wp:term":[{"taxonomy":"category","embeddable":true,"href":"https:\/\/jennipitko.fi\/koti\/wp-json\/wp\/v2\/categories?post=1249"},{"taxonomy":"post_tag","embeddable":true,"href":"https:\/\/jennipitko.fi\/koti\/wp-json\/wp\/v2\/tags?post=1249"}],"curies":[{"name":"wp","href":"https:\/\/api.w.org\/{rel}","templated":true}]}}