{"id":1264,"date":"2015-04-12T18:21:56","date_gmt":"2015-04-12T15:21:56","guid":{"rendered":"http:\/\/jennipitko.fi\/koti\/?p=1264"},"modified":"2015-04-12T20:52:12","modified_gmt":"2015-04-12T17:52:12","slug":"tarvitsemme-energiaremontin","status":"publish","type":"post","link":"https:\/\/jennipitko.fi\/koti\/tarvitsemme-energiaremontin\/","title":{"rendered":"Tarvitsemme energiaremontin"},"content":{"rendered":"<p>Suomi tarvitsee uuden energiastrategian. Uuden energiastrategian t\u00e4ytyy t\u00e4hd\u00e4t\u00e4 v\u00e4h\u00e4p\u00e4\u00e4st\u00f6isyyteen, ymp\u00e4rist\u00f6yst\u00e4v\u00e4llisyyteen ja kotimaisen ty\u00f6n luomiseen. Energiaremontilla pyrit\u00e4\u00e4n v\u00e4hent\u00e4m\u00e4\u00e4n tuontienergian riippuvuutta. Suomen tulee hyp\u00e4t\u00e4 vihre\u00e4n talouden junaan, jonka kyydiss\u00e4 eteenp\u00e4in porskuttaa jo moni muu Euroopan maa, kuten Tanska ja Saksa. Jopa Kiina ja Yhdysvallat panostavat paraikaa puhtaaseen energiaan. Suomen pit\u00e4isi pyrki\u00e4 edell\u00e4k\u00e4vij\u00e4ksi puhtaiden teknologioiden ja energian osaamisessa ja tuottamisessa.<!--more--><\/p>\n<h4>Panostetaan uusiutuviin<\/h4>\n<p>Uusiutuvat energiat ovat nyt kannattavampia kuin koskaan. Energia- ja ymp\u00e4rist\u00f6teknologia on maailman nopeimmin kehittyv\u00e4 toimiala. Panostamalla uusiutuviin energioihin synnytet\u00e4\u00e4n alalle vahvat kotimarkkinat josta yritykset saavat referenssej\u00e4 vientiponnistusten tueksi.\u00a0Suomella olisi paljon potentiaalia osaamisen ja olosuhteiden puolesta, joten p\u00e4\u00e4omat tulisi sijoittaa uusiutuviin energioihin. Suunnataan energiatuet uusiutuviin ja annetaan puhtaan energian pilottihankkeille tutkimus- ja kehitt\u00e4mistukea.<\/p>\n<p>Ydinvoima on peruutuspeiliin katsomista. Uusiutuvat tulevaisuutta.\u00a0Saksan Energiewende, jossa rohkeasti p\u00e4\u00e4tettiin panostaa uusiutuviin energioihin, on n\u00e4ytt\u00e4nyt sen, ett\u00e4 uusiutuvat energiat voidaan nostaa varteenotettavaksi energiantuotantomuodoksi ja samalla lis\u00e4t\u00e4 energiaosaamisen vienti\u00e4 ja liiketoimintamahdollisuuksia cleantech-aloille.<\/p>\n<h4>Energiatehokkuus<\/h4>\n<p>Energiatehokkuus on ymp\u00e4rist\u00f6n kannalta kest\u00e4vin tapa edist\u00e4\u00e4 p\u00e4\u00e4st\u00f6jen v\u00e4hent\u00e4mist\u00e4.\u00a0Investoinnit energiank\u00e4ytt\u00f6\u00e4 tehostavaan tekniikkaan auttavat kehitt\u00e4m\u00e4\u00e4n uusia vientituotteita ja luomaan ty\u00f6paikkoja. Kehitet\u00e4\u00e4n \u00e4lyk\u00e4st\u00e4 s\u00e4hk\u00f6verkkoa joka auttaa tasaamaan kulutushuippuja.<\/p>\n<p>Oras Tynkkyst\u00e4 lainatakseni: &#8220;Tehokkuudesta kiitt\u00e4v\u00e4t suomalaiset insin\u00f6\u00f6rit ja rakennusty\u00f6l\u00e4iset, tuhlauksesta L\u00e4hi-id\u00e4n diktaattorit ja Ven\u00e4j\u00e4n oligarkit.&#8221;<\/p>\n<h4>S\u00e4hk\u00f6n ja l\u00e4mm\u00f6n pientuotanto<\/h4>\n<p>S\u00e4hk\u00f6n ja l\u00e4mm\u00f6n pientuotantoa voidaan tukea tekem\u00e4ll\u00e4 piens\u00e4hk\u00f6ntuotannosta verotonta ja siirtym\u00e4ll\u00e4 nettolaskutukseen, jossa pientuottaja maksaa vain kuluttamansa ja tuottamansa s\u00e4hk\u00f6n erotuksesta.<\/p>\n<p>Rakennusten energiatehokkuutta ja s\u00e4hk\u00f6n ja l\u00e4mm\u00f6n pientuotantoa voidaan edist\u00e4\u00e4 korottamalla\u00a0kotitalousv\u00e4hennyst\u00e4, jos remontti kohdistuu l\u00e4mmitystapamuutokseen tai\u00a0energiatehokkuuden parantamiseen.<\/p>\n<h4>Korjataan EU:n p\u00e4\u00e4st\u00f6kauppa<\/h4>\n<p>EU:n p\u00e4\u00e4st\u00f6kauppa on periaatteessa hyv\u00e4 ja toimiva j\u00e4rjestelm\u00e4. Saastuttaminen maksaa ja p\u00e4\u00e4st\u00f6jen v\u00e4hent\u00e4misest\u00e4 taas saa taloudellista hy\u00f6ty\u00e4. P\u00e4\u00e4st\u00f6jen hinta on kuitenkin osoittautunut liian halvaksi niin, ett\u00e4 p\u00e4\u00e4st\u00f6jen v\u00e4hent\u00e4minen ei ole ollut taloudellisesti tarpeeksi kannattavaa. Nykyinen (Stubbin) hallitus teki p\u00e4\u00e4t\u00f6ksen, ett\u00e4 Suomi vastustaa p\u00e4\u00e4st\u00f6kaupan korjaamista jo vuonna 2017 ja asettui It\u00e4-Euroopan Romanian ja Bulgarian kanssa puhtaan energian jarruttajien riviin.<\/p>\n<p>P\u00e4\u00e4st\u00f6kauppa tulisi ehdottomasti korjata mahdollisimman pian, uusiutuvan energian ja energiatehokkuuteen liittyvien investointien vauhdittamiseksi.<\/p>\n<p>Energiaremontilla ja p\u00e4\u00e4st\u00f6tt\u00f6m\u00e4\u00e4n yhteiskuntaan pyrkim\u00e4ll\u00e4 luodaan 50 000 uutta ty\u00f6paikkaa.<\/p>\n","protected":false},"excerpt":{"rendered":"<p>Suomi tarvitsee uuden energiastrategian. Uuden energiastrategian t\u00e4ytyy t\u00e4hd\u00e4t\u00e4 v\u00e4h\u00e4p\u00e4\u00e4st\u00f6isyyteen, ymp\u00e4rist\u00f6yst\u00e4v\u00e4llisyyteen ja kotimaisen ty\u00f6n luomiseen. Energiaremontilla pyrit\u00e4\u00e4n v\u00e4hent\u00e4m\u00e4\u00e4n tuontienergian riippuvuutta. Suomen [&hellip;]<\/p>\n","protected":false},"author":1,"featured_media":0,"comment_status":"open","ping_status":"closed","sticky":false,"template":"","format":"standard","meta":{"_monsterinsights_skip_tracking":false,"_monsterinsights_sitenote_active":false,"_monsterinsights_sitenote_note":"","_monsterinsights_sitenote_category":0,"site-sidebar-layout":"default","site-content-layout":"","ast-site-content-layout":"default","site-content-style":"default","site-sidebar-style":"default","ast-global-header-display":"","ast-banner-title-visibility":"","ast-main-header-display":"","ast-hfb-above-header-display":"","ast-hfb-below-header-display":"","ast-hfb-mobile-header-display":"","site-post-title":"","ast-breadcrumbs-content":"","ast-featured-img":"","footer-sml-layout":"","ast-disable-related-posts":"","theme-transparent-header-meta":"","adv-header-id-meta":"","stick-header-meta":"","header-above-stick-meta":"","header-main-stick-meta":"","header-below-stick-meta":"","astra-migrate-meta-layouts":"default","ast-page-background-enabled":"default","ast-page-background-meta":{"desktop":{"background-color":"var(--ast-global-color-5)","background-image":"","background-repeat":"repeat","background-position":"center center","background-size":"auto","background-attachment":"scroll","background-type":"","background-media":"","overlay-type":"","overlay-color":"","overlay-opacity":"","overlay-gradient":""},"tablet":{"background-color":"","background-image":"","background-repeat":"repeat","background-position":"center center","background-size":"auto","background-attachment":"scroll","background-type":"","background-media":"","overlay-type":"","overlay-color":"","overlay-opacity":"","overlay-gradient":""},"mobile":{"background-color":"","background-image":"","background-repeat":"repeat","background-position":"center center","background-size":"auto","background-attachment":"scroll","background-type":"","background-media":"","overlay-type":"","overlay-color":"","overlay-opacity":"","overlay-gradient":""}},"ast-content-background-meta":{"desktop":{"background-color":"var(--ast-global-color-4)","background-image":"","background-repeat":"repeat","background-position":"center center","background-size":"auto","background-attachment":"scroll","background-type":"","background-media":"","overlay-type":"","overlay-color":"","overlay-opacity":"","overlay-gradient":""},"tablet":{"background-color":"var(--ast-global-color-4)","background-image":"","background-repeat":"repeat","background-position":"center center","background-size":"auto","background-attachment":"scroll","background-type":"","background-media":"","overlay-type":"","overlay-color":"","overlay-opacity":"","overlay-gradient":""},"mobile":{"background-color":"var(--ast-global-color-4)","background-image":"","background-repeat":"repeat","background-position":"center center","background-size":"auto","background-attachment":"scroll","background-type":"","background-media":"","overlay-type":"","overlay-color":"","overlay-opacity":"","overlay-gradient":""}},"footnotes":""},"categories":[2],"tags":[189,190,93,99,191,192],"class_list":["post-1264","post","type-post","status-publish","format-standard","hentry","category-blogi","tag-energia","tag-energiaremontti","tag-ilmasto","tag-paastot","tag-uusiutuvat-energiat","tag-ymparisto"],"yoast_head":"<!-- This site is optimized with the Yoast SEO plugin v27.5 - https:\/\/yoast.com\/product\/yoast-seo-wordpress\/ -->\n<title>Tarvitsemme energiaremontin - Jenni Pitko - Vihreiden varapuheenjohtaja, ymp\u00e4rist\u00f6valiokunnan puheenjohtaja, kansanedustaja ja arkkitehti Oulusta<\/title>\n<meta name=\"robots\" content=\"index, follow, max-snippet:-1, max-image-preview:large, max-video-preview:-1\" \/>\n<link rel=\"canonical\" href=\"https:\/\/jennipitko.fi\/koti\/tarvitsemme-energiaremontin\/\" \/>\n<meta property=\"og:locale\" content=\"fi_FI\" \/>\n<meta property=\"og:type\" content=\"article\" \/>\n<meta property=\"og:title\" content=\"Tarvitsemme energiaremontin - Jenni Pitko - Vihreiden varapuheenjohtaja, ymp\u00e4rist\u00f6valiokunnan puheenjohtaja, kansanedustaja ja arkkitehti Oulusta\" \/>\n<meta property=\"og:description\" content=\"Suomi tarvitsee uuden energiastrategian. Uuden energiastrategian t\u00e4ytyy t\u00e4hd\u00e4t\u00e4 v\u00e4h\u00e4p\u00e4\u00e4st\u00f6isyyteen, ymp\u00e4rist\u00f6yst\u00e4v\u00e4llisyyteen ja kotimaisen ty\u00f6n luomiseen. Energiaremontilla pyrit\u00e4\u00e4n v\u00e4hent\u00e4m\u00e4\u00e4n tuontienergian riippuvuutta. Suomen [&hellip;]\" \/>\n<meta property=\"og:url\" content=\"https:\/\/jennipitko.fi\/koti\/tarvitsemme-energiaremontin\/\" \/>\n<meta property=\"og:site_name\" content=\"Jenni Pitko - Vihreiden varapuheenjohtaja, ymp\u00e4rist\u00f6valiokunnan puheenjohtaja, kansanedustaja ja arkkitehti Oulusta\" \/>\n<meta property=\"article:published_time\" content=\"2015-04-12T15:21:56+00:00\" \/>\n<meta property=\"article:modified_time\" content=\"2015-04-12T17:52:12+00:00\" \/>\n<meta name=\"author\" content=\"Jenni\" \/>\n<meta name=\"twitter:card\" content=\"summary_large_image\" \/>\n<meta name=\"twitter:label1\" content=\"Kirjoittanut\" \/>\n\t<meta name=\"twitter:data1\" content=\"Jenni\" \/>\n\t<meta name=\"twitter:label2\" content=\"Arvioitu lukuaika\" \/>\n\t<meta name=\"twitter:data2\" content=\"2 minuuttia\" \/>\n<script type=\"application\/ld+json\" class=\"yoast-schema-graph\">{\"@context\":\"https:\\\/\\\/schema.org\",\"@graph\":[{\"@type\":\"Article\",\"@id\":\"https:\\\/\\\/jennipitko.fi\\\/koti\\\/tarvitsemme-energiaremontin\\\/#article\",\"isPartOf\":{\"@id\":\"https:\\\/\\\/jennipitko.fi\\\/koti\\\/tarvitsemme-energiaremontin\\\/\"},\"author\":{\"name\":\"Jenni\",\"@id\":\"https:\\\/\\\/jennipitko.fi\\\/koti\\\/#\\\/schema\\\/person\\\/35955c467f851f10124809310e7e7ee8\"},\"headline\":\"Tarvitsemme energiaremontin\",\"datePublished\":\"2015-04-12T15:21:56+00:00\",\"dateModified\":\"2015-04-12T17:52:12+00:00\",\"mainEntityOfPage\":{\"@id\":\"https:\\\/\\\/jennipitko.fi\\\/koti\\\/tarvitsemme-energiaremontin\\\/\"},\"wordCount\":420,\"commentCount\":0,\"publisher\":{\"@id\":\"https:\\\/\\\/jennipitko.fi\\\/koti\\\/#organization\"},\"keywords\":[\"energia\",\"energiaremontti\",\"ilmasto\",\"p\u00e4\u00e4st\u00f6t\",\"uusiutuvat energiat\",\"ymp\u00e4rist\u00f6\"],\"articleSection\":[\"Blogi\"],\"inLanguage\":\"fi\",\"potentialAction\":[{\"@type\":\"CommentAction\",\"name\":\"Comment\",\"target\":[\"https:\\\/\\\/jennipitko.fi\\\/koti\\\/tarvitsemme-energiaremontin\\\/#respond\"]}]},{\"@type\":\"WebPage\",\"@id\":\"https:\\\/\\\/jennipitko.fi\\\/koti\\\/tarvitsemme-energiaremontin\\\/\",\"url\":\"https:\\\/\\\/jennipitko.fi\\\/koti\\\/tarvitsemme-energiaremontin\\\/\",\"name\":\"Tarvitsemme energiaremontin - Jenni Pitko - Vihreiden varapuheenjohtaja, ymp\u00e4rist\u00f6valiokunnan puheenjohtaja, kansanedustaja ja arkkitehti Oulusta\",\"isPartOf\":{\"@id\":\"https:\\\/\\\/jennipitko.fi\\\/koti\\\/#website\"},\"datePublished\":\"2015-04-12T15:21:56+00:00\",\"dateModified\":\"2015-04-12T17:52:12+00:00\",\"breadcrumb\":{\"@id\":\"https:\\\/\\\/jennipitko.fi\\\/koti\\\/tarvitsemme-energiaremontin\\\/#breadcrumb\"},\"inLanguage\":\"fi\",\"potentialAction\":[{\"@type\":\"ReadAction\",\"target\":[\"https:\\\/\\\/jennipitko.fi\\\/koti\\\/tarvitsemme-energiaremontin\\\/\"]}]},{\"@type\":\"BreadcrumbList\",\"@id\":\"https:\\\/\\\/jennipitko.fi\\\/koti\\\/tarvitsemme-energiaremontin\\\/#breadcrumb\",\"itemListElement\":[{\"@type\":\"ListItem\",\"position\":1,\"name\":\"Home\",\"item\":\"https:\\\/\\\/jennipitko.fi\\\/koti\\\/\"},{\"@type\":\"ListItem\",\"position\":2,\"name\":\"Tarvitsemme energiaremontin\"}]},{\"@type\":\"WebSite\",\"@id\":\"https:\\\/\\\/jennipitko.fi\\\/koti\\\/#website\",\"url\":\"https:\\\/\\\/jennipitko.fi\\\/koti\\\/\",\"name\":\"Jenni Pitko - Vihreiden varapuheenjohtaja, ymp\u00e4rist\u00f6valiokunnan puheenjohtaja, kansanedustaja ja arkkitehti Oulusta\",\"description\":\"Jenni Pitko - Vihreiden varapuheenjohtaja, ymp\u00e4rist\u00f6valiokunnan puheenjohtaja, kansanedustaja ja arkkitehti Oulusta\",\"publisher\":{\"@id\":\"https:\\\/\\\/jennipitko.fi\\\/koti\\\/#organization\"},\"potentialAction\":[{\"@type\":\"SearchAction\",\"target\":{\"@type\":\"EntryPoint\",\"urlTemplate\":\"https:\\\/\\\/jennipitko.fi\\\/koti\\\/?s={search_term_string}\"},\"query-input\":{\"@type\":\"PropertyValueSpecification\",\"valueRequired\":true,\"valueName\":\"search_term_string\"}}],\"inLanguage\":\"fi\"},{\"@type\":\"Organization\",\"@id\":\"https:\\\/\\\/jennipitko.fi\\\/koti\\\/#organization\",\"name\":\"Jenni Pitko - Vihreiden varapuheenjohtaja, ymp\u00e4rist\u00f6valiokunnan puheenjohtaja, kansanedustaja ja arkkitehti Oulusta\",\"url\":\"https:\\\/\\\/jennipitko.fi\\\/koti\\\/\",\"logo\":{\"@type\":\"ImageObject\",\"inLanguage\":\"fi\",\"@id\":\"https:\\\/\\\/jennipitko.fi\\\/koti\\\/#\\\/schema\\\/logo\\\/image\\\/\",\"url\":\"https:\\\/\\\/jennipitko.fi\\\/koti\\\/wp-content\\\/uploads\\\/2025\\\/09\\\/Nimeton-malli-38.png\",\"contentUrl\":\"https:\\\/\\\/jennipitko.fi\\\/koti\\\/wp-content\\\/uploads\\\/2025\\\/09\\\/Nimeton-malli-38.png\",\"width\":1280,\"height\":847,\"caption\":\"Jenni Pitko - Vihreiden varapuheenjohtaja, ymp\u00e4rist\u00f6valiokunnan puheenjohtaja, kansanedustaja ja arkkitehti Oulusta\"},\"image\":{\"@id\":\"https:\\\/\\\/jennipitko.fi\\\/koti\\\/#\\\/schema\\\/logo\\\/image\\\/\"}},{\"@type\":\"Person\",\"@id\":\"https:\\\/\\\/jennipitko.fi\\\/koti\\\/#\\\/schema\\\/person\\\/35955c467f851f10124809310e7e7ee8\",\"name\":\"Jenni\",\"image\":{\"@type\":\"ImageObject\",\"inLanguage\":\"fi\",\"@id\":\"https:\\\/\\\/secure.gravatar.com\\\/avatar\\\/625a0e6413b293da7739d42617828d564a4d6028aec3f45d8939a2ba1617199f?s=96&d=blank&r=g\",\"url\":\"https:\\\/\\\/secure.gravatar.com\\\/avatar\\\/625a0e6413b293da7739d42617828d564a4d6028aec3f45d8939a2ba1617199f?s=96&d=blank&r=g\",\"contentUrl\":\"https:\\\/\\\/secure.gravatar.com\\\/avatar\\\/625a0e6413b293da7739d42617828d564a4d6028aec3f45d8939a2ba1617199f?s=96&d=blank&r=g\",\"caption\":\"Jenni\"},\"url\":\"https:\\\/\\\/jennipitko.fi\\\/koti\\\/author\\\/jenni\\\/\"}]}<\/script>\n<!-- \/ Yoast SEO plugin. -->","yoast_head_json":{"title":"Tarvitsemme energiaremontin - Jenni Pitko - Vihreiden varapuheenjohtaja, ymp\u00e4rist\u00f6valiokunnan puheenjohtaja, kansanedustaja ja arkkitehti Oulusta","robots":{"index":"index","follow":"follow","max-snippet":"max-snippet:-1","max-image-preview":"max-image-preview:large","max-video-preview":"max-video-preview:-1"},"canonical":"https:\/\/jennipitko.fi\/koti\/tarvitsemme-energiaremontin\/","og_locale":"fi_FI","og_type":"article","og_title":"Tarvitsemme energiaremontin - Jenni Pitko - Vihreiden varapuheenjohtaja, ymp\u00e4rist\u00f6valiokunnan puheenjohtaja, kansanedustaja ja arkkitehti Oulusta","og_description":"Suomi tarvitsee uuden energiastrategian. Uuden energiastrategian t\u00e4ytyy t\u00e4hd\u00e4t\u00e4 v\u00e4h\u00e4p\u00e4\u00e4st\u00f6isyyteen, ymp\u00e4rist\u00f6yst\u00e4v\u00e4llisyyteen ja kotimaisen ty\u00f6n luomiseen. Energiaremontilla pyrit\u00e4\u00e4n v\u00e4hent\u00e4m\u00e4\u00e4n tuontienergian riippuvuutta. Suomen [&hellip;]","og_url":"https:\/\/jennipitko.fi\/koti\/tarvitsemme-energiaremontin\/","og_site_name":"Jenni Pitko - Vihreiden varapuheenjohtaja, ymp\u00e4rist\u00f6valiokunnan puheenjohtaja, kansanedustaja ja arkkitehti Oulusta","article_published_time":"2015-04-12T15:21:56+00:00","article_modified_time":"2015-04-12T17:52:12+00:00","author":"Jenni","twitter_card":"summary_large_image","twitter_misc":{"Kirjoittanut":"Jenni","Arvioitu lukuaika":"2 minuuttia"},"schema":{"@context":"https:\/\/schema.org","@graph":[{"@type":"Article","@id":"https:\/\/jennipitko.fi\/koti\/tarvitsemme-energiaremontin\/#article","isPartOf":{"@id":"https:\/\/jennipitko.fi\/koti\/tarvitsemme-energiaremontin\/"},"author":{"name":"Jenni","@id":"https:\/\/jennipitko.fi\/koti\/#\/schema\/person\/35955c467f851f10124809310e7e7ee8"},"headline":"Tarvitsemme energiaremontin","datePublished":"2015-04-12T15:21:56+00:00","dateModified":"2015-04-12T17:52:12+00:00","mainEntityOfPage":{"@id":"https:\/\/jennipitko.fi\/koti\/tarvitsemme-energiaremontin\/"},"wordCount":420,"commentCount":0,"publisher":{"@id":"https:\/\/jennipitko.fi\/koti\/#organization"},"keywords":["energia","energiaremontti","ilmasto","p\u00e4\u00e4st\u00f6t","uusiutuvat energiat","ymp\u00e4rist\u00f6"],"articleSection":["Blogi"],"inLanguage":"fi","potentialAction":[{"@type":"CommentAction","name":"Comment","target":["https:\/\/jennipitko.fi\/koti\/tarvitsemme-energiaremontin\/#respond"]}]},{"@type":"WebPage","@id":"https:\/\/jennipitko.fi\/koti\/tarvitsemme-energiaremontin\/","url":"https:\/\/jennipitko.fi\/koti\/tarvitsemme-energiaremontin\/","name":"Tarvitsemme energiaremontin - Jenni Pitko - Vihreiden varapuheenjohtaja, ymp\u00e4rist\u00f6valiokunnan puheenjohtaja, kansanedustaja ja arkkitehti Oulusta","isPartOf":{"@id":"https:\/\/jennipitko.fi\/koti\/#website"},"datePublished":"2015-04-12T15:21:56+00:00","dateModified":"2015-04-12T17:52:12+00:00","breadcrumb":{"@id":"https:\/\/jennipitko.fi\/koti\/tarvitsemme-energiaremontin\/#breadcrumb"},"inLanguage":"fi","potentialAction":[{"@type":"ReadAction","target":["https:\/\/jennipitko.fi\/koti\/tarvitsemme-energiaremontin\/"]}]},{"@type":"BreadcrumbList","@id":"https:\/\/jennipitko.fi\/koti\/tarvitsemme-energiaremontin\/#breadcrumb","itemListElement":[{"@type":"ListItem","position":1,"name":"Home","item":"https:\/\/jennipitko.fi\/koti\/"},{"@type":"ListItem","position":2,"name":"Tarvitsemme energiaremontin"}]},{"@type":"WebSite","@id":"https:\/\/jennipitko.fi\/koti\/#website","url":"https:\/\/jennipitko.fi\/koti\/","name":"Jenni Pitko - Vihreiden varapuheenjohtaja, ymp\u00e4rist\u00f6valiokunnan puheenjohtaja, kansanedustaja ja arkkitehti Oulusta","description":"Jenni Pitko - Vihreiden varapuheenjohtaja, ymp\u00e4rist\u00f6valiokunnan puheenjohtaja, kansanedustaja ja arkkitehti Oulusta","publisher":{"@id":"https:\/\/jennipitko.fi\/koti\/#organization"},"potentialAction":[{"@type":"SearchAction","target":{"@type":"EntryPoint","urlTemplate":"https:\/\/jennipitko.fi\/koti\/?s={search_term_string}"},"query-input":{"@type":"PropertyValueSpecification","valueRequired":true,"valueName":"search_term_string"}}],"inLanguage":"fi"},{"@type":"Organization","@id":"https:\/\/jennipitko.fi\/koti\/#organization","name":"Jenni Pitko - Vihreiden varapuheenjohtaja, ymp\u00e4rist\u00f6valiokunnan puheenjohtaja, kansanedustaja ja arkkitehti Oulusta","url":"https:\/\/jennipitko.fi\/koti\/","logo":{"@type":"ImageObject","inLanguage":"fi","@id":"https:\/\/jennipitko.fi\/koti\/#\/schema\/logo\/image\/","url":"https:\/\/jennipitko.fi\/koti\/wp-content\/uploads\/2025\/09\/Nimeton-malli-38.png","contentUrl":"https:\/\/jennipitko.fi\/koti\/wp-content\/uploads\/2025\/09\/Nimeton-malli-38.png","width":1280,"height":847,"caption":"Jenni Pitko - Vihreiden varapuheenjohtaja, ymp\u00e4rist\u00f6valiokunnan puheenjohtaja, kansanedustaja ja arkkitehti Oulusta"},"image":{"@id":"https:\/\/jennipitko.fi\/koti\/#\/schema\/logo\/image\/"}},{"@type":"Person","@id":"https:\/\/jennipitko.fi\/koti\/#\/schema\/person\/35955c467f851f10124809310e7e7ee8","name":"Jenni","image":{"@type":"ImageObject","inLanguage":"fi","@id":"https:\/\/secure.gravatar.com\/avatar\/625a0e6413b293da7739d42617828d564a4d6028aec3f45d8939a2ba1617199f?s=96&d=blank&r=g","url":"https:\/\/secure.gravatar.com\/avatar\/625a0e6413b293da7739d42617828d564a4d6028aec3f45d8939a2ba1617199f?s=96&d=blank&r=g","contentUrl":"https:\/\/secure.gravatar.com\/avatar\/625a0e6413b293da7739d42617828d564a4d6028aec3f45d8939a2ba1617199f?s=96&d=blank&r=g","caption":"Jenni"},"url":"https:\/\/jennipitko.fi\/koti\/author\/jenni\/"}]}},"_links":{"self":[{"href":"https:\/\/jennipitko.fi\/koti\/wp-json\/wp\/v2\/posts\/1264","targetHints":{"allow":["GET"]}}],"collection":[{"href":"https:\/\/jennipitko.fi\/koti\/wp-json\/wp\/v2\/posts"}],"about":[{"href":"https:\/\/jennipitko.fi\/koti\/wp-json\/wp\/v2\/types\/post"}],"author":[{"embeddable":true,"href":"https:\/\/jennipitko.fi\/koti\/wp-json\/wp\/v2\/users\/1"}],"replies":[{"embeddable":true,"href":"https:\/\/jennipitko.fi\/koti\/wp-json\/wp\/v2\/comments?post=1264"}],"version-history":[{"count":1,"href":"https:\/\/jennipitko.fi\/koti\/wp-json\/wp\/v2\/posts\/1264\/revisions"}],"predecessor-version":[{"id":1268,"href":"https:\/\/jennipitko.fi\/koti\/wp-json\/wp\/v2\/posts\/1264\/revisions\/1268"}],"wp:attachment":[{"href":"https:\/\/jennipitko.fi\/koti\/wp-json\/wp\/v2\/media?parent=1264"}],"wp:term":[{"taxonomy":"category","embeddable":true,"href":"https:\/\/jennipitko.fi\/koti\/wp-json\/wp\/v2\/categories?post=1264"},{"taxonomy":"post_tag","embeddable":true,"href":"https:\/\/jennipitko.fi\/koti\/wp-json\/wp\/v2\/tags?post=1264"}],"curies":[{"name":"wp","href":"https:\/\/api.w.org\/{rel}","templated":true}]}}