{"id":1269,"date":"2015-04-15T09:37:19","date_gmt":"2015-04-15T06:37:19","guid":{"rendered":"http:\/\/jennipitko.fi\/koti\/?p=1269"},"modified":"2015-04-15T09:37:19","modified_gmt":"2015-04-15T06:37:19","slug":"kampanjointia_rosa-merilaisen_kanssa","status":"publish","type":"post","link":"https:\/\/jennipitko.fi\/koti\/kampanjointia_rosa-merilaisen_kanssa\/","title":{"rendered":"Torstaina kampanjointia Rosa Meril\u00e4isen kanssa"},"content":{"rendered":"<p><a href=\"http:\/\/jennipitko.fi\/koti\/wp-content\/uploads\/2015\/03\/merilainen_hakkarainen_pitko.jpg\"><img fetchpriority=\"high\" decoding=\"async\" class=\"alignnone  wp-image-1272\" src=\"http:\/\/jennipitko.fi\/koti\/wp-content\/uploads\/2015\/03\/merilainen_hakkarainen_pitko-300x111.jpg\" alt=\"merilainen_hakkarainen_pitko\" width=\"634\" height=\"235\" title=\"Torstaina kampanjointia Rosa Meril\u00e4isen kanssa\"><\/a><\/p>\n<p>Torstaina 16.4. vihre\u00e4t kansanedustajaehdokkaat Jenni Pitko ja Janne Hakkarainen kampanjoivat yhdess\u00e4 tamperelaisen kirjailijan ja entisen vihreiden kansanedustajan Rosa Meril\u00e4isen kanssa.<\/p>\n<p>Iltap\u00e4iv\u00e4ll\u00e4 on feministinen keskustelutilaisuus klo 14.30 alkaen Kulttuuritalo Valveen kahvila Mintussa (Hallituskatu 7). Mukana keskustelemassa ovat Rosa Meril\u00e4inen, Jenni Pitko ja Janne Hakkarainen. Tilaisuuden juontaa oululainen feministi Rebekka Naatus. Tilaisuus j\u00e4rjestet\u00e4\u00e4n yhteisty\u00f6ss\u00e4 Oulun vihreiden nuorten kanssa.<\/p>\n<p>Rosa Meril\u00e4inen, Janne Hakkarainen ja Jenni Pitko ovat my\u00f6hemmin torstaina tavattavissa Rotuaarilla klo 16\u201317.30 ja Caf\u00e9 Roosterissa (Torikatu 26) klo 19\u201320.30 rennon vihre\u00e4n poliittisen keskustelun merkeiss\u00e4. Lue lis\u00e4\u00e4 <a href=\"https:\/\/www.facebook.com\/events\/363146327223388\/\" target=\"_blank\"><span style=\"text-decoration: underline;\">t\u00e4\u00e4lt\u00e4<\/span><\/a>.<\/p>\n<p><!--more--><\/p>\n<p>TUTUSTU JENNIIN:<br \/>\n<a href=\"http:\/\/jennipitko.fi\/koti\/\" target=\"_blank\">www.jennipitko.fi<\/a><\/p>\n<p>LAHJOITA KAMPANJAAN:<br \/>\n<a href=\"https:\/\/lahjoita.vihreat.fi\/lahjoita\/henkilolle\/jenni-pitko\" target=\"_blank\">https:\/\/lahjoita.vihreat.fi\/lahjoita\/henkilolle\/jenni-pitko<\/a><\/p>\n<p>TUTUSTU JENNIN VAALITEEMOIHIN:<br \/>\n<a href=\"http:\/\/jennipitko.fi\/koti\/vaaliohjelma\/\" target=\"_blank\">http:\/\/jennipitko.fi\/koti\/vaaliohjelma\/<\/a><\/p>\n","protected":false},"excerpt":{"rendered":"<p>Torstaina 16.4. vihre\u00e4t kansanedustajaehdokkaat Jenni Pitko ja Janne Hakkarainen kampanjoivat yhdess\u00e4 tamperelaisen kirjailijan ja entisen vihreiden kansanedustajan Rosa Meril\u00e4isen kanssa. [&hellip;]<\/p>\n","protected":false},"author":4,"featured_media":0,"comment_status":"closed","ping_status":"closed","sticky":false,"template":"","format":"standard","meta":{"_monsterinsights_skip_tracking":false,"_monsterinsights_sitenote_active":false,"_monsterinsights_sitenote_note":"","_monsterinsights_sitenote_category":0,"site-sidebar-layout":"default","site-content-layout":"","ast-site-content-layout":"default","site-content-style":"default","site-sidebar-style":"default","ast-global-header-display":"","ast-banner-title-visibility":"","ast-main-header-display":"","ast-hfb-above-header-display":"","ast-hfb-below-header-display":"","ast-hfb-mobile-header-display":"","site-post-title":"","ast-breadcrumbs-content":"","ast-featured-img":"","footer-sml-layout":"","ast-disable-related-posts":"","theme-transparent-header-meta":"","adv-header-id-meta":"","stick-header-meta":"","header-above-stick-meta":"","header-main-stick-meta":"","header-below-stick-meta":"","astra-migrate-meta-layouts":"default","ast-page-background-enabled":"default","ast-page-background-meta":{"desktop":{"background-color":"var(--ast-global-color-5)","background-image":"","background-repeat":"repeat","background-position":"center center","background-size":"auto","background-attachment":"scroll","background-type":"","background-media":"","overlay-type":"","overlay-color":"","overlay-opacity":"","overlay-gradient":""},"tablet":{"background-color":"","background-image":"","background-repeat":"repeat","background-position":"center center","background-size":"auto","background-attachment":"scroll","background-type":"","background-media":"","overlay-type":"","overlay-color":"","overlay-opacity":"","overlay-gradient":""},"mobile":{"background-color":"","background-image":"","background-repeat":"repeat","background-position":"center center","background-size":"auto","background-attachment":"scroll","background-type":"","background-media":"","overlay-type":"","overlay-color":"","overlay-opacity":"","overlay-gradient":""}},"ast-content-background-meta":{"desktop":{"background-color":"var(--ast-global-color-4)","background-image":"","background-repeat":"repeat","background-position":"center center","background-size":"auto","background-attachment":"scroll","background-type":"","background-media":"","overlay-type":"","overlay-color":"","overlay-opacity":"","overlay-gradient":""},"tablet":{"background-color":"var(--ast-global-color-4)","background-image":"","background-repeat":"repeat","background-position":"center center","background-size":"auto","background-attachment":"scroll","background-type":"","background-media":"","overlay-type":"","overlay-color":"","overlay-opacity":"","overlay-gradient":""},"mobile":{"background-color":"var(--ast-global-color-4)","background-image":"","background-repeat":"repeat","background-position":"center center","background-size":"auto","background-attachment":"scroll","background-type":"","background-media":"","overlay-type":"","overlay-color":"","overlay-opacity":"","overlay-gradient":""}},"footnotes":""},"categories":[1],"tags":[194,166,193,111],"class_list":["post-1269","post","type-post","status-publish","format-standard","hentry","category-uncategorized","tag-feminismi","tag-pitko2015","tag-tapahtumat","tag-tasa-arvo"],"yoast_head":"<!-- This site is optimized with the Yoast SEO plugin v27.5 - https:\/\/yoast.com\/product\/yoast-seo-wordpress\/ -->\n<title>Torstaina kampanjointia Rosa Meril\u00e4isen kanssa - Jenni Pitko - Vihreiden varapuheenjohtaja, ymp\u00e4rist\u00f6valiokunnan puheenjohtaja, kansanedustaja ja arkkitehti Oulusta<\/title>\n<meta name=\"robots\" content=\"index, follow, max-snippet:-1, max-image-preview:large, max-video-preview:-1\" \/>\n<link rel=\"canonical\" href=\"https:\/\/jennipitko.fi\/koti\/kampanjointia_rosa-merilaisen_kanssa\/\" \/>\n<meta property=\"og:locale\" content=\"fi_FI\" \/>\n<meta property=\"og:type\" content=\"article\" \/>\n<meta property=\"og:title\" content=\"Torstaina kampanjointia Rosa Meril\u00e4isen kanssa - Jenni Pitko - Vihreiden varapuheenjohtaja, ymp\u00e4rist\u00f6valiokunnan puheenjohtaja, kansanedustaja ja arkkitehti Oulusta\" \/>\n<meta property=\"og:description\" content=\"Torstaina 16.4. vihre\u00e4t kansanedustajaehdokkaat Jenni Pitko ja Janne Hakkarainen kampanjoivat yhdess\u00e4 tamperelaisen kirjailijan ja entisen vihreiden kansanedustajan Rosa Meril\u00e4isen kanssa. [&hellip;]\" \/>\n<meta property=\"og:url\" content=\"https:\/\/jennipitko.fi\/koti\/kampanjointia_rosa-merilaisen_kanssa\/\" \/>\n<meta property=\"og:site_name\" content=\"Jenni Pitko - Vihreiden varapuheenjohtaja, ymp\u00e4rist\u00f6valiokunnan puheenjohtaja, kansanedustaja ja arkkitehti Oulusta\" \/>\n<meta property=\"article:published_time\" content=\"2015-04-15T06:37:19+00:00\" \/>\n<meta name=\"author\" content=\"Aino-Kaisa Manninen\" \/>\n<meta name=\"twitter:card\" content=\"summary_large_image\" \/>\n<meta name=\"twitter:label1\" content=\"Kirjoittanut\" \/>\n\t<meta name=\"twitter:data1\" content=\"Aino-Kaisa Manninen\" \/>\n\t<meta name=\"twitter:label2\" content=\"Arvioitu lukuaika\" \/>\n\t<meta name=\"twitter:data2\" content=\"1 minuutti\" \/>\n<script type=\"application\/ld+json\" class=\"yoast-schema-graph\">{\"@context\":\"https:\\\/\\\/schema.org\",\"@graph\":[{\"@type\":\"Article\",\"@id\":\"https:\\\/\\\/jennipitko.fi\\\/koti\\\/kampanjointia_rosa-merilaisen_kanssa\\\/#article\",\"isPartOf\":{\"@id\":\"https:\\\/\\\/jennipitko.fi\\\/koti\\\/kampanjointia_rosa-merilaisen_kanssa\\\/\"},\"author\":{\"name\":\"Aino-Kaisa Manninen\",\"@id\":\"https:\\\/\\\/jennipitko.fi\\\/koti\\\/#\\\/schema\\\/person\\\/34788667eb31607880c6c0eae344d0c8\"},\"headline\":\"Torstaina kampanjointia Rosa Meril\u00e4isen kanssa\",\"datePublished\":\"2015-04-15T06:37:19+00:00\",\"mainEntityOfPage\":{\"@id\":\"https:\\\/\\\/jennipitko.fi\\\/koti\\\/kampanjointia_rosa-merilaisen_kanssa\\\/\"},\"wordCount\":119,\"publisher\":{\"@id\":\"https:\\\/\\\/jennipitko.fi\\\/koti\\\/#organization\"},\"image\":{\"@id\":\"https:\\\/\\\/jennipitko.fi\\\/koti\\\/kampanjointia_rosa-merilaisen_kanssa\\\/#primaryimage\"},\"thumbnailUrl\":\"http:\\\/\\\/jennipitko.fi\\\/koti\\\/wp-content\\\/uploads\\\/2015\\\/03\\\/merilainen_hakkarainen_pitko-300x111.jpg\",\"keywords\":[\"feminismi\",\"pitko2015\",\"tapahtumat\",\"tasa-arvo\"],\"articleSection\":[\"Uncategorized\"],\"inLanguage\":\"fi\"},{\"@type\":\"WebPage\",\"@id\":\"https:\\\/\\\/jennipitko.fi\\\/koti\\\/kampanjointia_rosa-merilaisen_kanssa\\\/\",\"url\":\"https:\\\/\\\/jennipitko.fi\\\/koti\\\/kampanjointia_rosa-merilaisen_kanssa\\\/\",\"name\":\"Torstaina kampanjointia Rosa Meril\u00e4isen kanssa - Jenni Pitko - Vihreiden varapuheenjohtaja, ymp\u00e4rist\u00f6valiokunnan puheenjohtaja, kansanedustaja ja arkkitehti Oulusta\",\"isPartOf\":{\"@id\":\"https:\\\/\\\/jennipitko.fi\\\/koti\\\/#website\"},\"primaryImageOfPage\":{\"@id\":\"https:\\\/\\\/jennipitko.fi\\\/koti\\\/kampanjointia_rosa-merilaisen_kanssa\\\/#primaryimage\"},\"image\":{\"@id\":\"https:\\\/\\\/jennipitko.fi\\\/koti\\\/kampanjointia_rosa-merilaisen_kanssa\\\/#primaryimage\"},\"thumbnailUrl\":\"http:\\\/\\\/jennipitko.fi\\\/koti\\\/wp-content\\\/uploads\\\/2015\\\/03\\\/merilainen_hakkarainen_pitko-300x111.jpg\",\"datePublished\":\"2015-04-15T06:37:19+00:00\",\"breadcrumb\":{\"@id\":\"https:\\\/\\\/jennipitko.fi\\\/koti\\\/kampanjointia_rosa-merilaisen_kanssa\\\/#breadcrumb\"},\"inLanguage\":\"fi\",\"potentialAction\":[{\"@type\":\"ReadAction\",\"target\":[\"https:\\\/\\\/jennipitko.fi\\\/koti\\\/kampanjointia_rosa-merilaisen_kanssa\\\/\"]}]},{\"@type\":\"ImageObject\",\"inLanguage\":\"fi\",\"@id\":\"https:\\\/\\\/jennipitko.fi\\\/koti\\\/kampanjointia_rosa-merilaisen_kanssa\\\/#primaryimage\",\"url\":\"\",\"contentUrl\":\"\"},{\"@type\":\"BreadcrumbList\",\"@id\":\"https:\\\/\\\/jennipitko.fi\\\/koti\\\/kampanjointia_rosa-merilaisen_kanssa\\\/#breadcrumb\",\"itemListElement\":[{\"@type\":\"ListItem\",\"position\":1,\"name\":\"Home\",\"item\":\"https:\\\/\\\/jennipitko.fi\\\/koti\\\/\"},{\"@type\":\"ListItem\",\"position\":2,\"name\":\"Torstaina kampanjointia Rosa Meril\u00e4isen kanssa\"}]},{\"@type\":\"WebSite\",\"@id\":\"https:\\\/\\\/jennipitko.fi\\\/koti\\\/#website\",\"url\":\"https:\\\/\\\/jennipitko.fi\\\/koti\\\/\",\"name\":\"Jenni Pitko - Vihreiden varapuheenjohtaja, ymp\u00e4rist\u00f6valiokunnan puheenjohtaja, kansanedustaja ja arkkitehti Oulusta\",\"description\":\"Jenni Pitko - Vihreiden varapuheenjohtaja, ymp\u00e4rist\u00f6valiokunnan puheenjohtaja, kansanedustaja ja arkkitehti Oulusta\",\"publisher\":{\"@id\":\"https:\\\/\\\/jennipitko.fi\\\/koti\\\/#organization\"},\"potentialAction\":[{\"@type\":\"SearchAction\",\"target\":{\"@type\":\"EntryPoint\",\"urlTemplate\":\"https:\\\/\\\/jennipitko.fi\\\/koti\\\/?s={search_term_string}\"},\"query-input\":{\"@type\":\"PropertyValueSpecification\",\"valueRequired\":true,\"valueName\":\"search_term_string\"}}],\"inLanguage\":\"fi\"},{\"@type\":\"Organization\",\"@id\":\"https:\\\/\\\/jennipitko.fi\\\/koti\\\/#organization\",\"name\":\"Jenni Pitko - Vihreiden varapuheenjohtaja, ymp\u00e4rist\u00f6valiokunnan puheenjohtaja, kansanedustaja ja arkkitehti Oulusta\",\"url\":\"https:\\\/\\\/jennipitko.fi\\\/koti\\\/\",\"logo\":{\"@type\":\"ImageObject\",\"inLanguage\":\"fi\",\"@id\":\"https:\\\/\\\/jennipitko.fi\\\/koti\\\/#\\\/schema\\\/logo\\\/image\\\/\",\"url\":\"https:\\\/\\\/jennipitko.fi\\\/koti\\\/wp-content\\\/uploads\\\/2025\\\/09\\\/Nimeton-malli-38.png\",\"contentUrl\":\"https:\\\/\\\/jennipitko.fi\\\/koti\\\/wp-content\\\/uploads\\\/2025\\\/09\\\/Nimeton-malli-38.png\",\"width\":1280,\"height\":847,\"caption\":\"Jenni Pitko - Vihreiden varapuheenjohtaja, ymp\u00e4rist\u00f6valiokunnan puheenjohtaja, kansanedustaja ja arkkitehti Oulusta\"},\"image\":{\"@id\":\"https:\\\/\\\/jennipitko.fi\\\/koti\\\/#\\\/schema\\\/logo\\\/image\\\/\"}},{\"@type\":\"Person\",\"@id\":\"https:\\\/\\\/jennipitko.fi\\\/koti\\\/#\\\/schema\\\/person\\\/34788667eb31607880c6c0eae344d0c8\",\"name\":\"Aino-Kaisa Manninen\",\"image\":{\"@type\":\"ImageObject\",\"inLanguage\":\"fi\",\"@id\":\"https:\\\/\\\/secure.gravatar.com\\\/avatar\\\/a19e66049ed941543eda1ee276d83680d37c07dec9817871a1c7211e2b79592b?s=96&d=blank&r=g\",\"url\":\"https:\\\/\\\/secure.gravatar.com\\\/avatar\\\/a19e66049ed941543eda1ee276d83680d37c07dec9817871a1c7211e2b79592b?s=96&d=blank&r=g\",\"contentUrl\":\"https:\\\/\\\/secure.gravatar.com\\\/avatar\\\/a19e66049ed941543eda1ee276d83680d37c07dec9817871a1c7211e2b79592b?s=96&d=blank&r=g\",\"caption\":\"Aino-Kaisa Manninen\"},\"url\":\"https:\\\/\\\/jennipitko.fi\\\/koti\\\/author\\\/aino-kaisa\\\/\"}]}<\/script>\n<!-- \/ Yoast SEO plugin. -->","yoast_head_json":{"title":"Torstaina kampanjointia Rosa Meril\u00e4isen kanssa - Jenni Pitko - Vihreiden varapuheenjohtaja, ymp\u00e4rist\u00f6valiokunnan puheenjohtaja, kansanedustaja ja arkkitehti Oulusta","robots":{"index":"index","follow":"follow","max-snippet":"max-snippet:-1","max-image-preview":"max-image-preview:large","max-video-preview":"max-video-preview:-1"},"canonical":"https:\/\/jennipitko.fi\/koti\/kampanjointia_rosa-merilaisen_kanssa\/","og_locale":"fi_FI","og_type":"article","og_title":"Torstaina kampanjointia Rosa Meril\u00e4isen kanssa - Jenni Pitko - Vihreiden varapuheenjohtaja, ymp\u00e4rist\u00f6valiokunnan puheenjohtaja, kansanedustaja ja arkkitehti Oulusta","og_description":"Torstaina 16.4. vihre\u00e4t kansanedustajaehdokkaat Jenni Pitko ja Janne Hakkarainen kampanjoivat yhdess\u00e4 tamperelaisen kirjailijan ja entisen vihreiden kansanedustajan Rosa Meril\u00e4isen kanssa. [&hellip;]","og_url":"https:\/\/jennipitko.fi\/koti\/kampanjointia_rosa-merilaisen_kanssa\/","og_site_name":"Jenni Pitko - Vihreiden varapuheenjohtaja, ymp\u00e4rist\u00f6valiokunnan puheenjohtaja, kansanedustaja ja arkkitehti Oulusta","article_published_time":"2015-04-15T06:37:19+00:00","author":"Aino-Kaisa Manninen","twitter_card":"summary_large_image","twitter_misc":{"Kirjoittanut":"Aino-Kaisa Manninen","Arvioitu lukuaika":"1 minuutti"},"schema":{"@context":"https:\/\/schema.org","@graph":[{"@type":"Article","@id":"https:\/\/jennipitko.fi\/koti\/kampanjointia_rosa-merilaisen_kanssa\/#article","isPartOf":{"@id":"https:\/\/jennipitko.fi\/koti\/kampanjointia_rosa-merilaisen_kanssa\/"},"author":{"name":"Aino-Kaisa Manninen","@id":"https:\/\/jennipitko.fi\/koti\/#\/schema\/person\/34788667eb31607880c6c0eae344d0c8"},"headline":"Torstaina kampanjointia Rosa Meril\u00e4isen kanssa","datePublished":"2015-04-15T06:37:19+00:00","mainEntityOfPage":{"@id":"https:\/\/jennipitko.fi\/koti\/kampanjointia_rosa-merilaisen_kanssa\/"},"wordCount":119,"publisher":{"@id":"https:\/\/jennipitko.fi\/koti\/#organization"},"image":{"@id":"https:\/\/jennipitko.fi\/koti\/kampanjointia_rosa-merilaisen_kanssa\/#primaryimage"},"thumbnailUrl":"http:\/\/jennipitko.fi\/koti\/wp-content\/uploads\/2015\/03\/merilainen_hakkarainen_pitko-300x111.jpg","keywords":["feminismi","pitko2015","tapahtumat","tasa-arvo"],"articleSection":["Uncategorized"],"inLanguage":"fi"},{"@type":"WebPage","@id":"https:\/\/jennipitko.fi\/koti\/kampanjointia_rosa-merilaisen_kanssa\/","url":"https:\/\/jennipitko.fi\/koti\/kampanjointia_rosa-merilaisen_kanssa\/","name":"Torstaina kampanjointia Rosa Meril\u00e4isen kanssa - Jenni Pitko - Vihreiden varapuheenjohtaja, ymp\u00e4rist\u00f6valiokunnan puheenjohtaja, kansanedustaja ja arkkitehti Oulusta","isPartOf":{"@id":"https:\/\/jennipitko.fi\/koti\/#website"},"primaryImageOfPage":{"@id":"https:\/\/jennipitko.fi\/koti\/kampanjointia_rosa-merilaisen_kanssa\/#primaryimage"},"image":{"@id":"https:\/\/jennipitko.fi\/koti\/kampanjointia_rosa-merilaisen_kanssa\/#primaryimage"},"thumbnailUrl":"http:\/\/jennipitko.fi\/koti\/wp-content\/uploads\/2015\/03\/merilainen_hakkarainen_pitko-300x111.jpg","datePublished":"2015-04-15T06:37:19+00:00","breadcrumb":{"@id":"https:\/\/jennipitko.fi\/koti\/kampanjointia_rosa-merilaisen_kanssa\/#breadcrumb"},"inLanguage":"fi","potentialAction":[{"@type":"ReadAction","target":["https:\/\/jennipitko.fi\/koti\/kampanjointia_rosa-merilaisen_kanssa\/"]}]},{"@type":"ImageObject","inLanguage":"fi","@id":"https:\/\/jennipitko.fi\/koti\/kampanjointia_rosa-merilaisen_kanssa\/#primaryimage","url":"","contentUrl":""},{"@type":"BreadcrumbList","@id":"https:\/\/jennipitko.fi\/koti\/kampanjointia_rosa-merilaisen_kanssa\/#breadcrumb","itemListElement":[{"@type":"ListItem","position":1,"name":"Home","item":"https:\/\/jennipitko.fi\/koti\/"},{"@type":"ListItem","position":2,"name":"Torstaina kampanjointia Rosa Meril\u00e4isen kanssa"}]},{"@type":"WebSite","@id":"https:\/\/jennipitko.fi\/koti\/#website","url":"https:\/\/jennipitko.fi\/koti\/","name":"Jenni Pitko - Vihreiden varapuheenjohtaja, ymp\u00e4rist\u00f6valiokunnan puheenjohtaja, kansanedustaja ja arkkitehti Oulusta","description":"Jenni Pitko - Vihreiden varapuheenjohtaja, ymp\u00e4rist\u00f6valiokunnan puheenjohtaja, kansanedustaja ja arkkitehti Oulusta","publisher":{"@id":"https:\/\/jennipitko.fi\/koti\/#organization"},"potentialAction":[{"@type":"SearchAction","target":{"@type":"EntryPoint","urlTemplate":"https:\/\/jennipitko.fi\/koti\/?s={search_term_string}"},"query-input":{"@type":"PropertyValueSpecification","valueRequired":true,"valueName":"search_term_string"}}],"inLanguage":"fi"},{"@type":"Organization","@id":"https:\/\/jennipitko.fi\/koti\/#organization","name":"Jenni Pitko - Vihreiden varapuheenjohtaja, ymp\u00e4rist\u00f6valiokunnan puheenjohtaja, kansanedustaja ja arkkitehti Oulusta","url":"https:\/\/jennipitko.fi\/koti\/","logo":{"@type":"ImageObject","inLanguage":"fi","@id":"https:\/\/jennipitko.fi\/koti\/#\/schema\/logo\/image\/","url":"https:\/\/jennipitko.fi\/koti\/wp-content\/uploads\/2025\/09\/Nimeton-malli-38.png","contentUrl":"https:\/\/jennipitko.fi\/koti\/wp-content\/uploads\/2025\/09\/Nimeton-malli-38.png","width":1280,"height":847,"caption":"Jenni Pitko - Vihreiden varapuheenjohtaja, ymp\u00e4rist\u00f6valiokunnan puheenjohtaja, kansanedustaja ja arkkitehti Oulusta"},"image":{"@id":"https:\/\/jennipitko.fi\/koti\/#\/schema\/logo\/image\/"}},{"@type":"Person","@id":"https:\/\/jennipitko.fi\/koti\/#\/schema\/person\/34788667eb31607880c6c0eae344d0c8","name":"Aino-Kaisa Manninen","image":{"@type":"ImageObject","inLanguage":"fi","@id":"https:\/\/secure.gravatar.com\/avatar\/a19e66049ed941543eda1ee276d83680d37c07dec9817871a1c7211e2b79592b?s=96&d=blank&r=g","url":"https:\/\/secure.gravatar.com\/avatar\/a19e66049ed941543eda1ee276d83680d37c07dec9817871a1c7211e2b79592b?s=96&d=blank&r=g","contentUrl":"https:\/\/secure.gravatar.com\/avatar\/a19e66049ed941543eda1ee276d83680d37c07dec9817871a1c7211e2b79592b?s=96&d=blank&r=g","caption":"Aino-Kaisa Manninen"},"url":"https:\/\/jennipitko.fi\/koti\/author\/aino-kaisa\/"}]}},"_links":{"self":[{"href":"https:\/\/jennipitko.fi\/koti\/wp-json\/wp\/v2\/posts\/1269","targetHints":{"allow":["GET"]}}],"collection":[{"href":"https:\/\/jennipitko.fi\/koti\/wp-json\/wp\/v2\/posts"}],"about":[{"href":"https:\/\/jennipitko.fi\/koti\/wp-json\/wp\/v2\/types\/post"}],"author":[{"embeddable":true,"href":"https:\/\/jennipitko.fi\/koti\/wp-json\/wp\/v2\/users\/4"}],"replies":[{"embeddable":true,"href":"https:\/\/jennipitko.fi\/koti\/wp-json\/wp\/v2\/comments?post=1269"}],"version-history":[{"count":1,"href":"https:\/\/jennipitko.fi\/koti\/wp-json\/wp\/v2\/posts\/1269\/revisions"}],"predecessor-version":[{"id":1275,"href":"https:\/\/jennipitko.fi\/koti\/wp-json\/wp\/v2\/posts\/1269\/revisions\/1275"}],"wp:attachment":[{"href":"https:\/\/jennipitko.fi\/koti\/wp-json\/wp\/v2\/media?parent=1269"}],"wp:term":[{"taxonomy":"category","embeddable":true,"href":"https:\/\/jennipitko.fi\/koti\/wp-json\/wp\/v2\/categories?post=1269"},{"taxonomy":"post_tag","embeddable":true,"href":"https:\/\/jennipitko.fi\/koti\/wp-json\/wp\/v2\/tags?post=1269"}],"curies":[{"name":"wp","href":"https:\/\/api.w.org\/{rel}","templated":true}]}}