{"id":1271,"date":"2015-04-17T21:17:39","date_gmt":"2015-04-17T18:17:39","guid":{"rendered":"http:\/\/jennipitko.fi\/koti\/?p=1271"},"modified":"2015-04-17T21:20:57","modified_gmt":"2015-04-17T18:20:57","slug":"23-syyta-aanestaa-jenni-pitkoa","status":"publish","type":"post","link":"https:\/\/jennipitko.fi\/koti\/23-syyta-aanestaa-jenni-pitkoa\/","title":{"rendered":"23 syyt\u00e4 \u00e4\u00e4nest\u00e4\u00e4 Jenni Pitkoa"},"content":{"rendered":"<p>T\u00e4ss\u00e4 on 23 Jennin l\u00e4heisten antamaa syyt\u00e4 \u00e4\u00e4nest\u00e4\u00e4 numeroa 23 Oulun vaalipiiriss\u00e4.<\/p>\n<p>1. \u201dJenni on vilpit\u00f6n kauneuden, oikeudenmukaisuuden ja tasa-arvon puolustaja.\u201d<br \/>\n&#8211; Terttu Kuusela<\/p>\n<p>2. \u201dJennill\u00e4 on p\u00e4\u00e4tt\u00e4j\u00e4lle t\u00e4rke\u00e4 kyky visioida ja n\u00e4hd\u00e4 tulevaisuuteen.\u201d<br \/>\n<span style=\"line-height: 1.5;\">&#8211; Anniina Valjus<\/span><\/p>\n<p>3. \u201dJennist\u00e4 huokuu \u00e4lykkyys ja hyv\u00e4syd\u00e4misyys. Sellainen ihminen tekee hyvi\u00e4 p\u00e4\u00e4t\u00f6ksi\u00e4, ja sellaista ihmist\u00e4 kuunnellaan.\u201d<br \/>\n<span style=\"line-height: 1.5;\">&#8211; Jaana Isoh\u00e4t\u00e4l\u00e4<\/span><\/p>\n<p>4. \u201dJennin hymyn saa entist\u00e4 leve\u00e4mm\u00e4ksi silloin, kun h\u00e4n saa tehd\u00e4 toisten hyv\u00e4ksi asioita.\u201d<br \/>\n<span style=\"line-height: 1.5;\">&#8211; Kaisu K\u00e4rn\u00e4, Jennin \u00e4iti<\/span><\/p>\n<p><!--more--><\/p>\n<p>5. \u201dJenni on helposti l\u00e4hestytt\u00e4v\u00e4 p\u00e4\u00e4t\u00f6ksentekij\u00e4, joka aidosti nostaa kaikkinaisen oikeudenmukaisuuden ja tasa-arvon ty\u00f6ns\u00e4 ohjenuoraksi. Siksi tarvitsemme Jenni\u00e4 eduskunnassa.\u201d<br \/>\n&#8211; Annika Junnonaho<\/p>\n<p>6. \u201dJenni on p\u00e4\u00e4t\u00f6ksentekij\u00e4n\u00e4 perehtynyt asioihin ja on aidosti kiinnostunut ihmisist\u00e4 ymp\u00e4rill\u00e4\u00e4n.\u201d<br \/>\n<span style=\"line-height: 1.5;\">&#8211; Juuli Juntura<\/span><\/p>\n<p>7. \u201dJennill\u00e4 on loistava asenne, joka vie pitk\u00e4lle.\u201d<br \/>\n<span style=\"line-height: 1.5;\">&#8211; Jutta Juvonen<\/span><\/p>\n<p>8. \u201dJenni on rehellinen ja rohkea, innostava ja sinnik\u00e4s. Jenni osaa loistavan asenteensa lis\u00e4ksi ajatella luovasti.\u201d<br \/>\n&#8211; Riikka Jerkkola<\/p>\n<p>9.\u201dJennill\u00e4 on nuoresta i\u00e4st\u00e4\u00e4n huolimatta paljon kokemusta poliittisesta vaikuttamisesta. Ik\u00e4 on t\u00e4ss\u00e4 tapauksessa valtti, sill\u00e4 eduskunnassa tarvitaan vaikuttajia, jotka saavat nuorten \u00e4\u00e4nen kuuluviin!\u201d<br \/>\n<span style=\"line-height: 1.5;\">&#8211; Anniina Valjus<\/span><\/p>\n<p>10. \u201cJenni Pitko &#8211; kokenut poliitikko tuorein ajatuksin\u201d<br \/>\n<span style=\"line-height: 1.5;\">&#8211; Satu Haapanen, kansanedustaja<br \/>\n<\/span><\/p>\n<p>11. \u201dJenni on koulutukseltaan arkkitehti. H\u00e4n ymm\u00e4rt\u00e4\u00e4, mill\u00e4 tavalla viihtyisi\u00e4, ihmisen kokoisia elinymp\u00e4rist\u00f6j\u00e4 rakennetaan.\u201d<br \/>\n<span style=\"line-height: 1.5;\">&#8211; Marianne Isola<\/span><\/p>\n<p>12. Jenni on syd\u00e4mellinen kest\u00e4v\u00e4\u00e4n kehitykseen t\u00e4ht\u00e4\u00e4v\u00e4 arkkitehti, jolla on jo nuorena vahva poliittinen osaaminen. Jenni\u00e4 tarvitaan h\u00e4nen tahtonsa ja taitojensa vuoksi rakentamaan kest\u00e4v\u00e4mp\u00e4\u00e4 ja onnellisempaa Suomea!<br \/>\n&#8211; Antti Heikkinen, Jennin poikayst\u00e4v\u00e4<\/p>\n<p>13. \u201dJennill\u00e4 on koulutuksensa my\u00f6t\u00e4 kyky hahmottaa laajoja kokonaisuuksia ja ymm\u00e4rt\u00e4\u00e4 syy- ja seuraussuhteita.\u201d<br \/>\n<span style=\"line-height: 1.5;\">&#8211; Anniina Valjus<\/span><\/p>\n<p>14. \u201dJenni on k\u00e4\u00e4nt\u00e4nyt kohdalleen tulleet vaikeudet vahvuudeksi. H\u00e4n pystyy omista l\u00e4ht\u00f6kohdistaan ymm\u00e4rt\u00e4m\u00e4\u00e4n jokaisen ihmisen arvon ja haluaa olla vaikuttamassa siihen, ett\u00e4 kaikilla on yht\u00e4l\u00e4inen mahdollisuus hyv\u00e4\u00e4n el\u00e4m\u00e4\u00e4n.\u201d<br \/>\n<span style=\"line-height: 1.5;\">&#8211; Kaisu K\u00e4rn\u00e4, Jennin \u00e4iti<\/span><\/p>\n<p>15. \u201dJenni osaa vaikuttaa: h\u00e4n keskustelee, neuvottelee ja perustelee. Jenni on ahkera ja ottaa aktiivisesti asioista selv\u00e4\u00e4. Sellainen p\u00e4\u00e4tt\u00e4j\u00e4 on helmi!\u201d<br \/>\n<span style=\"line-height: 1.5;\">&#8211; Salla Kangas<\/span><\/p>\n<p>16. &#8220;Jenni on yksi innostavimmista ja rohkaisevimmista ihmisist\u00e4 joita tunnen. P\u00e4\u00e4tt\u00e4j\u00e4n\u00e4 Jenni on rohkea onnellisuuden lis\u00e4\u00e4misen puolestapuhuja, joka tekee p\u00e4\u00e4t\u00f6ksens\u00e4 vankalle tietopohjalle ennakkok\u00e4sitysten tai uskomusten sijaan.&#8221;<br \/>\n<span style=\"line-height: 1.5;\">&#8211; Valle Uimonen<\/span><\/p>\n<p>17. \u201dJenni osaa aidosti kuunnella keskustelukumppaniaan.\u201d<br \/>\n<span style=\"line-height: 1.5;\">&#8211; Sari T\u00f6rm\u00e4nen<\/span><\/p>\n<p>18. \u201dJenni osaa kuunnella ja neuvotella &#8211; h\u00e4n on todistanut sen toimimalla menestyksekk\u00e4\u00e4sti kaupunginhallituksessa ja vihre\u00e4n valtuustoryhm\u00e4n puheenjohtajana.\u201d<br \/>\n&#8211; Marianne Isola<\/p>\n<p>19. \u201dJenni on \u00e4lyk\u00e4s ja sanavalmis nuori nainen, joka osaa ottaa toiset huomioon. Eduskunnassa tarvitaan Jennin kaltaista p\u00e4\u00e4tt\u00e4v\u00e4ist\u00e4, neuvottelutaitoista ja reipasta oululaista.\u201d<br \/>\n<span style=\"line-height: 1.5;\">&#8211; Heli Taanila<\/span><\/p>\n<p>20. \u201dJenni on hyv\u00e4 kuuntelija ja toiset huomioonottava, sek\u00e4 rohkea kertomaan omat n\u00e4kemyksens\u00e4.\u201d<br \/>\n<span style=\"line-height: 1.5;\">&#8211; Riitta-Liisa Heikkinen<\/span><\/p>\n<p>21. \u201dSuomi tarvitsee Jennin kaltaista luovasti ja rohkeasti ajattelevaa p\u00e4\u00e4tt\u00e4j\u00e4\u00e4, joka ottaa huomioon millaisen maailman j\u00e4t\u00e4mme tuleville sukupolville.\u201d<br \/>\n<span style=\"line-height: 1.5;\">&#8211; Juuli Juntura<\/span><\/p>\n<p>22. \u201dJenni on aidosti ja syd\u00e4mell\u00e4 mukana politiikassa. H\u00e4n haluaa muuttaa maailmaa sosiaalisesti oikeudenmukaisemmaksi ja ekologisesti kest\u00e4v\u00e4mm\u00e4ksi. Uskon, ett\u00e4 Jenni pystyy vaikuttamaan maailmaan lujalla ty\u00f6ll\u00e4\u00e4n ja taidoillaan.\u201d<br \/>\n<span style=\"line-height: 1.5;\">&#8211; Aino-Kaisa Manninen, kampanjap\u00e4\u00e4llikk\u00f6<\/span><\/p>\n<p>23. \u201dJos saisin \u00e4\u00e4nest\u00e4\u00e4 vaalipiireist\u00e4 v\u00e4litt\u00e4m\u00e4tt\u00e4 ihan ket\u00e4 tahansa ehdokasta, niin antaisin \u00e4\u00e4neni Pitkon Jennille. Jenni on \u00e4lyk\u00e4s, tinkim\u00e4t\u00f6n, osaava, l\u00e4mmin, rohkea ja niin monella tapaa juuri nyt valmis kansanedustajaksi. Tehk\u00e4\u00e4 hyvin Oulun vaalipiiri, \u00e4\u00e4nest\u00e4k\u00e4\u00e4 Jenni eduskuntaan rakentamaan parempaa poliittista kulttuuria sek\u00e4 tasa-arvoisempaa ja onnellisempaa Suomea!&#8221;<br \/>\n<span style=\"line-height: 1.5;\">&#8211; Annakaisa Tikkinen<\/span><\/p>\n<p>&#8212;<\/p>\n<p>Tavoitteeksi onnellisuus!<br \/>\n\u00c4\u00e4nest\u00e4m\u00e4ll\u00e4 vaikutat &#8211; nyt jos koskaan!<br \/>\nwww.jennipitko.fi<\/p>\n<p><a href=\"http:\/\/jennipitko.fi\/koti\/wp-content\/uploads\/2015\/03\/tavoitteeksionnellisuus.png\"><img fetchpriority=\"high\" decoding=\"async\" class=\"alignnone size-full wp-image-1288\" src=\"http:\/\/jennipitko.fi\/koti\/wp-content\/uploads\/2015\/03\/tavoitteeksionnellisuus.png\" alt=\"tavoitteeksionnellisuus\" width=\"470\" height=\"394\" title=\"23 syyt\u00e4 \u00e4\u00e4nest\u00e4\u00e4 Jenni Pitkoa\"><\/a><\/p>\n","protected":false},"excerpt":{"rendered":"<p>T\u00e4ss\u00e4 on 23 Jennin l\u00e4heisten antamaa syyt\u00e4 \u00e4\u00e4nest\u00e4\u00e4 numeroa 23 Oulun vaalipiiriss\u00e4. 1. \u201dJenni on vilpit\u00f6n kauneuden, oikeudenmukaisuuden ja tasa-arvon [&hellip;]<\/p>\n","protected":false},"author":4,"featured_media":0,"comment_status":"open","ping_status":"closed","sticky":false,"template":"","format":"standard","meta":{"_monsterinsights_skip_tracking":false,"_monsterinsights_sitenote_active":false,"_monsterinsights_sitenote_note":"","_monsterinsights_sitenote_category":0,"site-sidebar-layout":"default","site-content-layout":"","ast-site-content-layout":"default","site-content-style":"default","site-sidebar-style":"default","ast-global-header-display":"","ast-banner-title-visibility":"","ast-main-header-display":"","ast-hfb-above-header-display":"","ast-hfb-below-header-display":"","ast-hfb-mobile-header-display":"","site-post-title":"","ast-breadcrumbs-content":"","ast-featured-img":"","footer-sml-layout":"","ast-disable-related-posts":"","theme-transparent-header-meta":"","adv-header-id-meta":"","stick-header-meta":"","header-above-stick-meta":"","header-main-stick-meta":"","header-below-stick-meta":"","astra-migrate-meta-layouts":"default","ast-page-background-enabled":"default","ast-page-background-meta":{"desktop":{"background-color":"var(--ast-global-color-5)","background-image":"","background-repeat":"repeat","background-position":"center center","background-size":"auto","background-attachment":"scroll","background-type":"","background-media":"","overlay-type":"","overlay-color":"","overlay-opacity":"","overlay-gradient":""},"tablet":{"background-color":"","background-image":"","background-repeat":"repeat","background-position":"center center","background-size":"auto","background-attachment":"scroll","background-type":"","background-media":"","overlay-type":"","overlay-color":"","overlay-opacity":"","overlay-gradient":""},"mobile":{"background-color":"","background-image":"","background-repeat":"repeat","background-position":"center center","background-size":"auto","background-attachment":"scroll","background-type":"","background-media":"","overlay-type":"","overlay-color":"","overlay-opacity":"","overlay-gradient":""}},"ast-content-background-meta":{"desktop":{"background-color":"var(--ast-global-color-4)","background-image":"","background-repeat":"repeat","background-position":"center center","background-size":"auto","background-attachment":"scroll","background-type":"","background-media":"","overlay-type":"","overlay-color":"","overlay-opacity":"","overlay-gradient":""},"tablet":{"background-color":"var(--ast-global-color-4)","background-image":"","background-repeat":"repeat","background-position":"center center","background-size":"auto","background-attachment":"scroll","background-type":"","background-media":"","overlay-type":"","overlay-color":"","overlay-opacity":"","overlay-gradient":""},"mobile":{"background-color":"var(--ast-global-color-4)","background-image":"","background-repeat":"repeat","background-position":"center center","background-size":"auto","background-attachment":"scroll","background-type":"","background-media":"","overlay-type":"","overlay-color":"","overlay-opacity":"","overlay-gradient":""}},"footnotes":""},"categories":[1],"tags":[166,202,201],"class_list":["post-1271","post","type-post","status-publish","format-standard","hentry","category-uncategorized","tag-pitko2015","tag-siksi-jenni","tag-vaalit-2015"],"yoast_head":"<!-- This site is optimized with the Yoast SEO plugin v27.5 - https:\/\/yoast.com\/product\/yoast-seo-wordpress\/ -->\n<title>23 syyt\u00e4 \u00e4\u00e4nest\u00e4\u00e4 Jenni Pitkoa - Jenni Pitko - Vihreiden varapuheenjohtaja, ymp\u00e4rist\u00f6valiokunnan puheenjohtaja, kansanedustaja ja arkkitehti Oulusta<\/title>\n<meta name=\"robots\" content=\"index, follow, max-snippet:-1, max-image-preview:large, max-video-preview:-1\" \/>\n<link rel=\"canonical\" href=\"https:\/\/jennipitko.fi\/koti\/23-syyta-aanestaa-jenni-pitkoa\/\" \/>\n<meta property=\"og:locale\" content=\"fi_FI\" \/>\n<meta property=\"og:type\" content=\"article\" \/>\n<meta property=\"og:title\" content=\"23 syyt\u00e4 \u00e4\u00e4nest\u00e4\u00e4 Jenni Pitkoa - Jenni Pitko - Vihreiden varapuheenjohtaja, ymp\u00e4rist\u00f6valiokunnan puheenjohtaja, kansanedustaja ja arkkitehti Oulusta\" \/>\n<meta property=\"og:description\" content=\"T\u00e4ss\u00e4 on 23 Jennin l\u00e4heisten antamaa syyt\u00e4 \u00e4\u00e4nest\u00e4\u00e4 numeroa 23 Oulun vaalipiiriss\u00e4. 1. \u201dJenni on vilpit\u00f6n kauneuden, oikeudenmukaisuuden ja tasa-arvon [&hellip;]\" \/>\n<meta property=\"og:url\" content=\"https:\/\/jennipitko.fi\/koti\/23-syyta-aanestaa-jenni-pitkoa\/\" \/>\n<meta property=\"og:site_name\" content=\"Jenni Pitko - Vihreiden varapuheenjohtaja, ymp\u00e4rist\u00f6valiokunnan puheenjohtaja, kansanedustaja ja arkkitehti Oulusta\" \/>\n<meta property=\"article:published_time\" content=\"2015-04-17T18:17:39+00:00\" \/>\n<meta property=\"article:modified_time\" content=\"2015-04-17T18:20:57+00:00\" \/>\n<meta name=\"author\" content=\"Aino-Kaisa Manninen\" \/>\n<meta name=\"twitter:card\" content=\"summary_large_image\" \/>\n<meta name=\"twitter:label1\" content=\"Kirjoittanut\" \/>\n\t<meta name=\"twitter:data1\" content=\"Aino-Kaisa Manninen\" \/>\n\t<meta name=\"twitter:label2\" content=\"Arvioitu lukuaika\" \/>\n\t<meta name=\"twitter:data2\" content=\"3 minuuttia\" \/>\n<script type=\"application\/ld+json\" class=\"yoast-schema-graph\">{\"@context\":\"https:\\\/\\\/schema.org\",\"@graph\":[{\"@type\":\"Article\",\"@id\":\"https:\\\/\\\/jennipitko.fi\\\/koti\\\/23-syyta-aanestaa-jenni-pitkoa\\\/#article\",\"isPartOf\":{\"@id\":\"https:\\\/\\\/jennipitko.fi\\\/koti\\\/23-syyta-aanestaa-jenni-pitkoa\\\/\"},\"author\":{\"name\":\"Aino-Kaisa Manninen\",\"@id\":\"https:\\\/\\\/jennipitko.fi\\\/koti\\\/#\\\/schema\\\/person\\\/34788667eb31607880c6c0eae344d0c8\"},\"headline\":\"23 syyt\u00e4 \u00e4\u00e4nest\u00e4\u00e4 Jenni Pitkoa\",\"datePublished\":\"2015-04-17T18:17:39+00:00\",\"dateModified\":\"2015-04-17T18:20:57+00:00\",\"mainEntityOfPage\":{\"@id\":\"https:\\\/\\\/jennipitko.fi\\\/koti\\\/23-syyta-aanestaa-jenni-pitkoa\\\/\"},\"wordCount\":602,\"commentCount\":0,\"publisher\":{\"@id\":\"https:\\\/\\\/jennipitko.fi\\\/koti\\\/#organization\"},\"image\":{\"@id\":\"https:\\\/\\\/jennipitko.fi\\\/koti\\\/23-syyta-aanestaa-jenni-pitkoa\\\/#primaryimage\"},\"thumbnailUrl\":\"http:\\\/\\\/jennipitko.fi\\\/koti\\\/wp-content\\\/uploads\\\/2015\\\/03\\\/tavoitteeksionnellisuus.png\",\"keywords\":[\"pitko2015\",\"siksi jenni\",\"vaalit 2015\"],\"articleSection\":[\"Uncategorized\"],\"inLanguage\":\"fi\",\"potentialAction\":[{\"@type\":\"CommentAction\",\"name\":\"Comment\",\"target\":[\"https:\\\/\\\/jennipitko.fi\\\/koti\\\/23-syyta-aanestaa-jenni-pitkoa\\\/#respond\"]}]},{\"@type\":\"WebPage\",\"@id\":\"https:\\\/\\\/jennipitko.fi\\\/koti\\\/23-syyta-aanestaa-jenni-pitkoa\\\/\",\"url\":\"https:\\\/\\\/jennipitko.fi\\\/koti\\\/23-syyta-aanestaa-jenni-pitkoa\\\/\",\"name\":\"23 syyt\u00e4 \u00e4\u00e4nest\u00e4\u00e4 Jenni Pitkoa - Jenni Pitko - Vihreiden varapuheenjohtaja, ymp\u00e4rist\u00f6valiokunnan puheenjohtaja, kansanedustaja ja arkkitehti Oulusta\",\"isPartOf\":{\"@id\":\"https:\\\/\\\/jennipitko.fi\\\/koti\\\/#website\"},\"primaryImageOfPage\":{\"@id\":\"https:\\\/\\\/jennipitko.fi\\\/koti\\\/23-syyta-aanestaa-jenni-pitkoa\\\/#primaryimage\"},\"image\":{\"@id\":\"https:\\\/\\\/jennipitko.fi\\\/koti\\\/23-syyta-aanestaa-jenni-pitkoa\\\/#primaryimage\"},\"thumbnailUrl\":\"http:\\\/\\\/jennipitko.fi\\\/koti\\\/wp-content\\\/uploads\\\/2015\\\/03\\\/tavoitteeksionnellisuus.png\",\"datePublished\":\"2015-04-17T18:17:39+00:00\",\"dateModified\":\"2015-04-17T18:20:57+00:00\",\"breadcrumb\":{\"@id\":\"https:\\\/\\\/jennipitko.fi\\\/koti\\\/23-syyta-aanestaa-jenni-pitkoa\\\/#breadcrumb\"},\"inLanguage\":\"fi\",\"potentialAction\":[{\"@type\":\"ReadAction\",\"target\":[\"https:\\\/\\\/jennipitko.fi\\\/koti\\\/23-syyta-aanestaa-jenni-pitkoa\\\/\"]}]},{\"@type\":\"ImageObject\",\"inLanguage\":\"fi\",\"@id\":\"https:\\\/\\\/jennipitko.fi\\\/koti\\\/23-syyta-aanestaa-jenni-pitkoa\\\/#primaryimage\",\"url\":\"http:\\\/\\\/jennipitko.fi\\\/koti\\\/wp-content\\\/uploads\\\/2015\\\/03\\\/tavoitteeksionnellisuus.png\",\"contentUrl\":\"http:\\\/\\\/jennipitko.fi\\\/koti\\\/wp-content\\\/uploads\\\/2015\\\/03\\\/tavoitteeksionnellisuus.png\"},{\"@type\":\"BreadcrumbList\",\"@id\":\"https:\\\/\\\/jennipitko.fi\\\/koti\\\/23-syyta-aanestaa-jenni-pitkoa\\\/#breadcrumb\",\"itemListElement\":[{\"@type\":\"ListItem\",\"position\":1,\"name\":\"Home\",\"item\":\"https:\\\/\\\/jennipitko.fi\\\/koti\\\/\"},{\"@type\":\"ListItem\",\"position\":2,\"name\":\"23 syyt\u00e4 \u00e4\u00e4nest\u00e4\u00e4 Jenni Pitkoa\"}]},{\"@type\":\"WebSite\",\"@id\":\"https:\\\/\\\/jennipitko.fi\\\/koti\\\/#website\",\"url\":\"https:\\\/\\\/jennipitko.fi\\\/koti\\\/\",\"name\":\"Jenni Pitko - Vihreiden varapuheenjohtaja, ymp\u00e4rist\u00f6valiokunnan puheenjohtaja, kansanedustaja ja arkkitehti Oulusta\",\"description\":\"Jenni Pitko - Vihreiden varapuheenjohtaja, ymp\u00e4rist\u00f6valiokunnan puheenjohtaja, kansanedustaja ja arkkitehti Oulusta\",\"publisher\":{\"@id\":\"https:\\\/\\\/jennipitko.fi\\\/koti\\\/#organization\"},\"potentialAction\":[{\"@type\":\"SearchAction\",\"target\":{\"@type\":\"EntryPoint\",\"urlTemplate\":\"https:\\\/\\\/jennipitko.fi\\\/koti\\\/?s={search_term_string}\"},\"query-input\":{\"@type\":\"PropertyValueSpecification\",\"valueRequired\":true,\"valueName\":\"search_term_string\"}}],\"inLanguage\":\"fi\"},{\"@type\":\"Organization\",\"@id\":\"https:\\\/\\\/jennipitko.fi\\\/koti\\\/#organization\",\"name\":\"Jenni Pitko - Vihreiden varapuheenjohtaja, ymp\u00e4rist\u00f6valiokunnan puheenjohtaja, kansanedustaja ja arkkitehti Oulusta\",\"url\":\"https:\\\/\\\/jennipitko.fi\\\/koti\\\/\",\"logo\":{\"@type\":\"ImageObject\",\"inLanguage\":\"fi\",\"@id\":\"https:\\\/\\\/jennipitko.fi\\\/koti\\\/#\\\/schema\\\/logo\\\/image\\\/\",\"url\":\"https:\\\/\\\/jennipitko.fi\\\/koti\\\/wp-content\\\/uploads\\\/2025\\\/09\\\/Nimeton-malli-38.png\",\"contentUrl\":\"https:\\\/\\\/jennipitko.fi\\\/koti\\\/wp-content\\\/uploads\\\/2025\\\/09\\\/Nimeton-malli-38.png\",\"width\":1280,\"height\":847,\"caption\":\"Jenni Pitko - Vihreiden varapuheenjohtaja, ymp\u00e4rist\u00f6valiokunnan puheenjohtaja, kansanedustaja ja arkkitehti Oulusta\"},\"image\":{\"@id\":\"https:\\\/\\\/jennipitko.fi\\\/koti\\\/#\\\/schema\\\/logo\\\/image\\\/\"}},{\"@type\":\"Person\",\"@id\":\"https:\\\/\\\/jennipitko.fi\\\/koti\\\/#\\\/schema\\\/person\\\/34788667eb31607880c6c0eae344d0c8\",\"name\":\"Aino-Kaisa Manninen\",\"image\":{\"@type\":\"ImageObject\",\"inLanguage\":\"fi\",\"@id\":\"https:\\\/\\\/secure.gravatar.com\\\/avatar\\\/a19e66049ed941543eda1ee276d83680d37c07dec9817871a1c7211e2b79592b?s=96&d=blank&r=g\",\"url\":\"https:\\\/\\\/secure.gravatar.com\\\/avatar\\\/a19e66049ed941543eda1ee276d83680d37c07dec9817871a1c7211e2b79592b?s=96&d=blank&r=g\",\"contentUrl\":\"https:\\\/\\\/secure.gravatar.com\\\/avatar\\\/a19e66049ed941543eda1ee276d83680d37c07dec9817871a1c7211e2b79592b?s=96&d=blank&r=g\",\"caption\":\"Aino-Kaisa Manninen\"},\"url\":\"https:\\\/\\\/jennipitko.fi\\\/koti\\\/author\\\/aino-kaisa\\\/\"}]}<\/script>\n<!-- \/ Yoast SEO plugin. -->","yoast_head_json":{"title":"23 syyt\u00e4 \u00e4\u00e4nest\u00e4\u00e4 Jenni Pitkoa - Jenni Pitko - Vihreiden varapuheenjohtaja, ymp\u00e4rist\u00f6valiokunnan puheenjohtaja, kansanedustaja ja arkkitehti Oulusta","robots":{"index":"index","follow":"follow","max-snippet":"max-snippet:-1","max-image-preview":"max-image-preview:large","max-video-preview":"max-video-preview:-1"},"canonical":"https:\/\/jennipitko.fi\/koti\/23-syyta-aanestaa-jenni-pitkoa\/","og_locale":"fi_FI","og_type":"article","og_title":"23 syyt\u00e4 \u00e4\u00e4nest\u00e4\u00e4 Jenni Pitkoa - Jenni Pitko - Vihreiden varapuheenjohtaja, ymp\u00e4rist\u00f6valiokunnan puheenjohtaja, kansanedustaja ja arkkitehti Oulusta","og_description":"T\u00e4ss\u00e4 on 23 Jennin l\u00e4heisten antamaa syyt\u00e4 \u00e4\u00e4nest\u00e4\u00e4 numeroa 23 Oulun vaalipiiriss\u00e4. 1. \u201dJenni on vilpit\u00f6n kauneuden, oikeudenmukaisuuden ja tasa-arvon [&hellip;]","og_url":"https:\/\/jennipitko.fi\/koti\/23-syyta-aanestaa-jenni-pitkoa\/","og_site_name":"Jenni Pitko - Vihreiden varapuheenjohtaja, ymp\u00e4rist\u00f6valiokunnan puheenjohtaja, kansanedustaja ja arkkitehti Oulusta","article_published_time":"2015-04-17T18:17:39+00:00","article_modified_time":"2015-04-17T18:20:57+00:00","author":"Aino-Kaisa Manninen","twitter_card":"summary_large_image","twitter_misc":{"Kirjoittanut":"Aino-Kaisa Manninen","Arvioitu lukuaika":"3 minuuttia"},"schema":{"@context":"https:\/\/schema.org","@graph":[{"@type":"Article","@id":"https:\/\/jennipitko.fi\/koti\/23-syyta-aanestaa-jenni-pitkoa\/#article","isPartOf":{"@id":"https:\/\/jennipitko.fi\/koti\/23-syyta-aanestaa-jenni-pitkoa\/"},"author":{"name":"Aino-Kaisa Manninen","@id":"https:\/\/jennipitko.fi\/koti\/#\/schema\/person\/34788667eb31607880c6c0eae344d0c8"},"headline":"23 syyt\u00e4 \u00e4\u00e4nest\u00e4\u00e4 Jenni Pitkoa","datePublished":"2015-04-17T18:17:39+00:00","dateModified":"2015-04-17T18:20:57+00:00","mainEntityOfPage":{"@id":"https:\/\/jennipitko.fi\/koti\/23-syyta-aanestaa-jenni-pitkoa\/"},"wordCount":602,"commentCount":0,"publisher":{"@id":"https:\/\/jennipitko.fi\/koti\/#organization"},"image":{"@id":"https:\/\/jennipitko.fi\/koti\/23-syyta-aanestaa-jenni-pitkoa\/#primaryimage"},"thumbnailUrl":"http:\/\/jennipitko.fi\/koti\/wp-content\/uploads\/2015\/03\/tavoitteeksionnellisuus.png","keywords":["pitko2015","siksi jenni","vaalit 2015"],"articleSection":["Uncategorized"],"inLanguage":"fi","potentialAction":[{"@type":"CommentAction","name":"Comment","target":["https:\/\/jennipitko.fi\/koti\/23-syyta-aanestaa-jenni-pitkoa\/#respond"]}]},{"@type":"WebPage","@id":"https:\/\/jennipitko.fi\/koti\/23-syyta-aanestaa-jenni-pitkoa\/","url":"https:\/\/jennipitko.fi\/koti\/23-syyta-aanestaa-jenni-pitkoa\/","name":"23 syyt\u00e4 \u00e4\u00e4nest\u00e4\u00e4 Jenni Pitkoa - Jenni Pitko - Vihreiden varapuheenjohtaja, ymp\u00e4rist\u00f6valiokunnan puheenjohtaja, kansanedustaja ja arkkitehti Oulusta","isPartOf":{"@id":"https:\/\/jennipitko.fi\/koti\/#website"},"primaryImageOfPage":{"@id":"https:\/\/jennipitko.fi\/koti\/23-syyta-aanestaa-jenni-pitkoa\/#primaryimage"},"image":{"@id":"https:\/\/jennipitko.fi\/koti\/23-syyta-aanestaa-jenni-pitkoa\/#primaryimage"},"thumbnailUrl":"http:\/\/jennipitko.fi\/koti\/wp-content\/uploads\/2015\/03\/tavoitteeksionnellisuus.png","datePublished":"2015-04-17T18:17:39+00:00","dateModified":"2015-04-17T18:20:57+00:00","breadcrumb":{"@id":"https:\/\/jennipitko.fi\/koti\/23-syyta-aanestaa-jenni-pitkoa\/#breadcrumb"},"inLanguage":"fi","potentialAction":[{"@type":"ReadAction","target":["https:\/\/jennipitko.fi\/koti\/23-syyta-aanestaa-jenni-pitkoa\/"]}]},{"@type":"ImageObject","inLanguage":"fi","@id":"https:\/\/jennipitko.fi\/koti\/23-syyta-aanestaa-jenni-pitkoa\/#primaryimage","url":"http:\/\/jennipitko.fi\/koti\/wp-content\/uploads\/2015\/03\/tavoitteeksionnellisuus.png","contentUrl":"http:\/\/jennipitko.fi\/koti\/wp-content\/uploads\/2015\/03\/tavoitteeksionnellisuus.png"},{"@type":"BreadcrumbList","@id":"https:\/\/jennipitko.fi\/koti\/23-syyta-aanestaa-jenni-pitkoa\/#breadcrumb","itemListElement":[{"@type":"ListItem","position":1,"name":"Home","item":"https:\/\/jennipitko.fi\/koti\/"},{"@type":"ListItem","position":2,"name":"23 syyt\u00e4 \u00e4\u00e4nest\u00e4\u00e4 Jenni Pitkoa"}]},{"@type":"WebSite","@id":"https:\/\/jennipitko.fi\/koti\/#website","url":"https:\/\/jennipitko.fi\/koti\/","name":"Jenni Pitko - Vihreiden varapuheenjohtaja, ymp\u00e4rist\u00f6valiokunnan puheenjohtaja, kansanedustaja ja arkkitehti Oulusta","description":"Jenni Pitko - Vihreiden varapuheenjohtaja, ymp\u00e4rist\u00f6valiokunnan puheenjohtaja, kansanedustaja ja arkkitehti Oulusta","publisher":{"@id":"https:\/\/jennipitko.fi\/koti\/#organization"},"potentialAction":[{"@type":"SearchAction","target":{"@type":"EntryPoint","urlTemplate":"https:\/\/jennipitko.fi\/koti\/?s={search_term_string}"},"query-input":{"@type":"PropertyValueSpecification","valueRequired":true,"valueName":"search_term_string"}}],"inLanguage":"fi"},{"@type":"Organization","@id":"https:\/\/jennipitko.fi\/koti\/#organization","name":"Jenni Pitko - Vihreiden varapuheenjohtaja, ymp\u00e4rist\u00f6valiokunnan puheenjohtaja, kansanedustaja ja arkkitehti Oulusta","url":"https:\/\/jennipitko.fi\/koti\/","logo":{"@type":"ImageObject","inLanguage":"fi","@id":"https:\/\/jennipitko.fi\/koti\/#\/schema\/logo\/image\/","url":"https:\/\/jennipitko.fi\/koti\/wp-content\/uploads\/2025\/09\/Nimeton-malli-38.png","contentUrl":"https:\/\/jennipitko.fi\/koti\/wp-content\/uploads\/2025\/09\/Nimeton-malli-38.png","width":1280,"height":847,"caption":"Jenni Pitko - Vihreiden varapuheenjohtaja, ymp\u00e4rist\u00f6valiokunnan puheenjohtaja, kansanedustaja ja arkkitehti Oulusta"},"image":{"@id":"https:\/\/jennipitko.fi\/koti\/#\/schema\/logo\/image\/"}},{"@type":"Person","@id":"https:\/\/jennipitko.fi\/koti\/#\/schema\/person\/34788667eb31607880c6c0eae344d0c8","name":"Aino-Kaisa Manninen","image":{"@type":"ImageObject","inLanguage":"fi","@id":"https:\/\/secure.gravatar.com\/avatar\/a19e66049ed941543eda1ee276d83680d37c07dec9817871a1c7211e2b79592b?s=96&d=blank&r=g","url":"https:\/\/secure.gravatar.com\/avatar\/a19e66049ed941543eda1ee276d83680d37c07dec9817871a1c7211e2b79592b?s=96&d=blank&r=g","contentUrl":"https:\/\/secure.gravatar.com\/avatar\/a19e66049ed941543eda1ee276d83680d37c07dec9817871a1c7211e2b79592b?s=96&d=blank&r=g","caption":"Aino-Kaisa Manninen"},"url":"https:\/\/jennipitko.fi\/koti\/author\/aino-kaisa\/"}]}},"_links":{"self":[{"href":"https:\/\/jennipitko.fi\/koti\/wp-json\/wp\/v2\/posts\/1271","targetHints":{"allow":["GET"]}}],"collection":[{"href":"https:\/\/jennipitko.fi\/koti\/wp-json\/wp\/v2\/posts"}],"about":[{"href":"https:\/\/jennipitko.fi\/koti\/wp-json\/wp\/v2\/types\/post"}],"author":[{"embeddable":true,"href":"https:\/\/jennipitko.fi\/koti\/wp-json\/wp\/v2\/users\/4"}],"replies":[{"embeddable":true,"href":"https:\/\/jennipitko.fi\/koti\/wp-json\/wp\/v2\/comments?post=1271"}],"version-history":[{"count":1,"href":"https:\/\/jennipitko.fi\/koti\/wp-json\/wp\/v2\/posts\/1271\/revisions"}],"predecessor-version":[{"id":1289,"href":"https:\/\/jennipitko.fi\/koti\/wp-json\/wp\/v2\/posts\/1271\/revisions\/1289"}],"wp:attachment":[{"href":"https:\/\/jennipitko.fi\/koti\/wp-json\/wp\/v2\/media?parent=1271"}],"wp:term":[{"taxonomy":"category","embeddable":true,"href":"https:\/\/jennipitko.fi\/koti\/wp-json\/wp\/v2\/categories?post=1271"},{"taxonomy":"post_tag","embeddable":true,"href":"https:\/\/jennipitko.fi\/koti\/wp-json\/wp\/v2\/tags?post=1271"}],"curies":[{"name":"wp","href":"https:\/\/api.w.org\/{rel}","templated":true}]}}