{"id":1298,"date":"2015-05-11T20:16:06","date_gmt":"2015-05-11T17:16:06","guid":{"rendered":"http:\/\/jennipitko.fi\/koti\/?p=1298"},"modified":"2015-06-30T11:47:43","modified_gmt":"2015-06-30T08:47:43","slug":"valitaan-hajautettu-malli-oulun-vedenhankinnan-varmistamiseksi","status":"publish","type":"post","link":"https:\/\/jennipitko.fi\/koti\/valitaan-hajautettu-malli-oulun-vedenhankinnan-varmistamiseksi\/","title":{"rendered":"Valitaan hajautettu malli Oulun vedenhankinnan varmistamiseksi"},"content":{"rendered":"<p>Puheeni Oulun kaupunginvaltuustossa 11.5. asiakohdassa hanke-esitys Oulun kaupungin vedenhankinnan varmistamiseksi:<\/p>\n<p><span style=\"color: rgba(0, 0, 0, 0.701961); font-family: UICTFontTextStyleBody; font-size: 17px; line-height: normal; -webkit-tap-highlight-color: rgba(26, 26, 26, 0.301961); -webkit-composition-fill-color: rgba(130, 98, 83, 0.0980392);\">Monitavoitearvioinnin mukaan tai ainakin itse tulkitsen tuloksia niin, ett\u00e4 helppoa ja yksiselitteisesti hyv\u00e4\u00e4 ratkaisua ei Oulun varavesij\u00e4rjestelm\u00e4ksi ole.\u00a0<\/span><span style=\"color: rgba(0, 0, 0, 0.701961); font-family: UICTFontTextStyleBody; font-size: 17px; line-height: normal; -webkit-tap-highlight-color: rgba(26, 26, 26, 0.301961); -webkit-composition-fill-color: rgba(130, 98, 83, 0.0980392);\">Monitavoitearvioinnin tarkoitus ei ollut valmistella meille p\u00e4\u00e4t\u00f6st\u00e4 vaan vertailla vaikutuksia ja sovitella yhteen erilaisia intressej\u00e4. Prosessin j\u00e4lkeen voimmekin sanoa, ett\u00e4 taustatietoa p\u00e4\u00e4t\u00f6ksenteon tueksi on ollut paljon. Siit\u00e4 olen iloinen ja kiitollinen.\u00a0<\/span><span style=\"color: rgba(0, 0, 0, 0.701961); font-family: UICTFontTextStyleBody; font-size: 17px; line-height: normal; -webkit-tap-highlight-color: rgba(26, 26, 26, 0.301961); -webkit-composition-fill-color: rgba(130, 98, 83, 0.0980392);\">Vaikkei oman mielipiteen muodostaminen tiedon m\u00e4\u00e4r\u00e4n lis\u00e4\u00e4ntyess\u00e4 v\u00e4ltt\u00e4m\u00e4tt\u00e4 tule helpommaksi, ainakin sen perusteleminen ja varmistuminen on helpompaa. Se lis\u00e4\u00e4 p\u00e4\u00e4t\u00f6ksenteon uskottavuutta ja luotettavuutta.<\/span><\/p>\n<p>Olennaisinta, mit\u00e4 monitavoitearviointi osoittaa on, ett\u00e4 meill\u00e4 on kolme varteenotettavaa ratkaisua, joista voimme valita. Viinivaara ei ole, niin kuin pitk\u00e4\u00e4n moni on luultu ja uskottu, ainoa ratkaisu. Yli-Iin vaihtoehto j\u00e4\u00e4 valitettavasti pois laskusta kun aikaa tarvittavien selvitysten tekemiseen ei ole.\u00a0<!--more--><\/p>\n<div style=\"color: rgba(0, 0, 0, 0.701961); font-family: UICTFontTextStyleBody; font-size: 17px; line-height: normal; -webkit-tap-highlight-color: rgba(26, 26, 26, 0.301961); -webkit-composition-fill-color: rgba(130, 98, 83, 0.0980392);\">\n<div><\/div>\n<div>Meill\u00e4 on tiedossa ratkaisujen hinnat, vaikutukset maank\u00e4ytt\u00f6\u00f6n ja ymp\u00e4rist\u00f6\u00f6n sosiaaliset vaikutukset jne. Valinta perustuukin valtuutettujen arvomaailmaan. Minulle t\u00e4rke\u00e4\u00e4 on luonnon monimuotoisuus, sosiaalinen kest\u00e4vyys ja turvallisuus. Kyse ei ole tunteilusta (kuten valtuutettu Simonen vihjailee) vaikka vaakakupissa painaa muutkin kuin pelk\u00e4t kustannukset.<\/div>\n<div><\/div>\n<div>Vaihtoehto 1:n eli Viinivaaran heikkoudet ovat vaikutukset luontoon, sosiaaliset vaikutukset sek\u00e4 hankalaksi veikattu lupaprosessi.\u00a0<span style=\"font-family: Arial; font-size: 15px; line-height: 1.38; white-space: pre-wrap;\">Viinivaaran<\/span><span style=\"font-family: Arial; font-size: 15px; white-space: pre-wrap; line-height: 1.38;\"> l\u00e4hteet ja purot kuuluvat EU:n laajuiseen Natura 2000<\/span><span style=\"font-family: Arial; font-size: 15px; white-space: pre-wrap; line-height: 1.38;\"> suojeluohjelmaan osana Kiiminkijoen vesist\u00f6\u00e4. Luonnonsuojelualueelle meneminen vaatii todella hyv\u00e4t perustelut, sill\u00e4 suojelualueet ja Natura-alueet ovat keskeisi\u00e4 luonnon monimuotoisuuden s\u00e4ilytt\u00e4misen v\u00e4lineit\u00e4.<\/span><\/div>\n<div><span style=\"font-family: Arial; font-size: 15px; white-space: pre-wrap; line-height: 1.38;\"><br \/>\n<\/span><\/div>\n<div><span style=\"font-family: Arial; font-size: 15px; white-space: pre-wrap; line-height: 1.38;\"><b>Miksi ottaisimme riskin kun on olemassa toinen hyv\u00e4 vaihtoehto?<\/b><\/span><\/div>\n<div><span style=\"font-family: Arial; font-size: 15px; white-space: pre-wrap;\"><br \/>\n<\/span><\/div>\n<div><span style=\"font-family: Arial;\"><span style=\"font-size: 15px; white-space: pre-wrap;\">Suhtaudun my\u00f6s ep\u00e4ilev\u00e4sti siihen, ett\u00e4 Viinivaara t\u00e4ytt\u00e4isi Oululta vedenotolle asetetut aikataulutavoityeet. Pitk\u00e4 lupaprosessi ja mahdolliset valitukset jopa Euroopan unionin tuomioistuimeen asti voivat lyk\u00e4t\u00e4 j\u00e4rjestelm\u00e4n k\u00e4ytt\u00f6\u00f6nottoa yli kymmenen vuotta.<\/span><\/span><\/div>\n<div><span style=\"font-family: Arial;\"><span style=\"font-size: 15px; white-space: pre-wrap;\"><br \/>\n<\/span><\/span><\/div>\n<div><span style=\"font-family: Arial;\"><span style=\"font-size: 15px; white-space: pre-wrap;\">Hajautetussa mallissa, jota kannatan Oulun vedenhankinnan varmistamiseksi ei n\u00e4it\u00e4 ongelmia ole, ainakaan samassa mittakaavassa. Kannatan Samuli Pohjamon esityst\u00e4 sek\u00e4 perusteluja.<\/span><\/span><\/div>\n<\/div>\n","protected":false},"excerpt":{"rendered":"<p>Puheeni Oulun kaupunginvaltuustossa 11.5. asiakohdassa hanke-esitys Oulun kaupungin vedenhankinnan varmistamiseksi: Monitavoitearvioinnin mukaan tai ainakin itse tulkitsen tuloksia niin, ett\u00e4 helppoa [&hellip;]<\/p>\n","protected":false},"author":1,"featured_media":0,"comment_status":"closed","ping_status":"closed","sticky":false,"template":"","format":"standard","meta":{"_monsterinsights_skip_tracking":false,"_monsterinsights_sitenote_active":false,"_monsterinsights_sitenote_note":"","_monsterinsights_sitenote_category":0,"site-sidebar-layout":"default","site-content-layout":"","ast-site-content-layout":"default","site-content-style":"default","site-sidebar-style":"default","ast-global-header-display":"","ast-banner-title-visibility":"","ast-main-header-display":"","ast-hfb-above-header-display":"","ast-hfb-below-header-display":"","ast-hfb-mobile-header-display":"","site-post-title":"","ast-breadcrumbs-content":"","ast-featured-img":"","footer-sml-layout":"","ast-disable-related-posts":"","theme-transparent-header-meta":"","adv-header-id-meta":"","stick-header-meta":"","header-above-stick-meta":"","header-main-stick-meta":"","header-below-stick-meta":"","astra-migrate-meta-layouts":"default","ast-page-background-enabled":"default","ast-page-background-meta":{"desktop":{"background-color":"var(--ast-global-color-5)","background-image":"","background-repeat":"repeat","background-position":"center center","background-size":"auto","background-attachment":"scroll","background-type":"","background-media":"","overlay-type":"","overlay-color":"","overlay-opacity":"","overlay-gradient":""},"tablet":{"background-color":"","background-image":"","background-repeat":"repeat","background-position":"center center","background-size":"auto","background-attachment":"scroll","background-type":"","background-media":"","overlay-type":"","overlay-color":"","overlay-opacity":"","overlay-gradient":""},"mobile":{"background-color":"","background-image":"","background-repeat":"repeat","background-position":"center center","background-size":"auto","background-attachment":"scroll","background-type":"","background-media":"","overlay-type":"","overlay-color":"","overlay-opacity":"","overlay-gradient":""}},"ast-content-background-meta":{"desktop":{"background-color":"var(--ast-global-color-4)","background-image":"","background-repeat":"repeat","background-position":"center center","background-size":"auto","background-attachment":"scroll","background-type":"","background-media":"","overlay-type":"","overlay-color":"","overlay-opacity":"","overlay-gradient":""},"tablet":{"background-color":"var(--ast-global-color-4)","background-image":"","background-repeat":"repeat","background-position":"center center","background-size":"auto","background-attachment":"scroll","background-type":"","background-media":"","overlay-type":"","overlay-color":"","overlay-opacity":"","overlay-gradient":""},"mobile":{"background-color":"var(--ast-global-color-4)","background-image":"","background-repeat":"repeat","background-position":"center center","background-size":"auto","background-attachment":"scroll","background-type":"","background-media":"","overlay-type":"","overlay-color":"","overlay-opacity":"","overlay-gradient":""}},"footnotes":""},"categories":[1],"tags":[],"class_list":["post-1298","post","type-post","status-publish","format-standard","hentry","category-uncategorized"],"yoast_head":"<!-- This site is optimized with the Yoast SEO plugin v27.5 - https:\/\/yoast.com\/product\/yoast-seo-wordpress\/ -->\n<title>Valitaan hajautettu malli Oulun vedenhankinnan varmistamiseksi - Jenni Pitko - Vihreiden varapuheenjohtaja, ymp\u00e4rist\u00f6valiokunnan puheenjohtaja, kansanedustaja ja arkkitehti Oulusta<\/title>\n<meta name=\"robots\" content=\"index, follow, max-snippet:-1, max-image-preview:large, max-video-preview:-1\" \/>\n<link rel=\"canonical\" href=\"https:\/\/jennipitko.fi\/koti\/valitaan-hajautettu-malli-oulun-vedenhankinnan-varmistamiseksi\/\" \/>\n<meta property=\"og:locale\" content=\"fi_FI\" \/>\n<meta property=\"og:type\" content=\"article\" \/>\n<meta property=\"og:title\" content=\"Valitaan hajautettu malli Oulun vedenhankinnan varmistamiseksi - Jenni Pitko - Vihreiden varapuheenjohtaja, ymp\u00e4rist\u00f6valiokunnan puheenjohtaja, kansanedustaja ja arkkitehti Oulusta\" \/>\n<meta property=\"og:description\" content=\"Puheeni Oulun kaupunginvaltuustossa 11.5. asiakohdassa hanke-esitys Oulun kaupungin vedenhankinnan varmistamiseksi: Monitavoitearvioinnin mukaan tai ainakin itse tulkitsen tuloksia niin, ett\u00e4 helppoa [&hellip;]\" \/>\n<meta property=\"og:url\" content=\"https:\/\/jennipitko.fi\/koti\/valitaan-hajautettu-malli-oulun-vedenhankinnan-varmistamiseksi\/\" \/>\n<meta property=\"og:site_name\" content=\"Jenni Pitko - Vihreiden varapuheenjohtaja, ymp\u00e4rist\u00f6valiokunnan puheenjohtaja, kansanedustaja ja arkkitehti Oulusta\" \/>\n<meta property=\"article:published_time\" content=\"2015-05-11T17:16:06+00:00\" \/>\n<meta property=\"article:modified_time\" content=\"2015-06-30T08:47:43+00:00\" \/>\n<meta name=\"author\" content=\"Jenni\" \/>\n<meta name=\"twitter:card\" content=\"summary_large_image\" \/>\n<meta name=\"twitter:label1\" content=\"Kirjoittanut\" \/>\n\t<meta name=\"twitter:data1\" content=\"Jenni\" \/>\n\t<meta name=\"twitter:label2\" content=\"Arvioitu lukuaika\" \/>\n\t<meta name=\"twitter:data2\" content=\"2 minuuttia\" \/>\n<script type=\"application\/ld+json\" class=\"yoast-schema-graph\">{\"@context\":\"https:\\\/\\\/schema.org\",\"@graph\":[{\"@type\":\"Article\",\"@id\":\"https:\\\/\\\/jennipitko.fi\\\/koti\\\/valitaan-hajautettu-malli-oulun-vedenhankinnan-varmistamiseksi\\\/#article\",\"isPartOf\":{\"@id\":\"https:\\\/\\\/jennipitko.fi\\\/koti\\\/valitaan-hajautettu-malli-oulun-vedenhankinnan-varmistamiseksi\\\/\"},\"author\":{\"name\":\"Jenni\",\"@id\":\"https:\\\/\\\/jennipitko.fi\\\/koti\\\/#\\\/schema\\\/person\\\/35955c467f851f10124809310e7e7ee8\"},\"headline\":\"Valitaan hajautettu malli Oulun vedenhankinnan varmistamiseksi\",\"datePublished\":\"2015-05-11T17:16:06+00:00\",\"dateModified\":\"2015-06-30T08:47:43+00:00\",\"mainEntityOfPage\":{\"@id\":\"https:\\\/\\\/jennipitko.fi\\\/koti\\\/valitaan-hajautettu-malli-oulun-vedenhankinnan-varmistamiseksi\\\/\"},\"wordCount\":306,\"publisher\":{\"@id\":\"https:\\\/\\\/jennipitko.fi\\\/koti\\\/#organization\"},\"articleSection\":[\"Uncategorized\"],\"inLanguage\":\"fi\"},{\"@type\":\"WebPage\",\"@id\":\"https:\\\/\\\/jennipitko.fi\\\/koti\\\/valitaan-hajautettu-malli-oulun-vedenhankinnan-varmistamiseksi\\\/\",\"url\":\"https:\\\/\\\/jennipitko.fi\\\/koti\\\/valitaan-hajautettu-malli-oulun-vedenhankinnan-varmistamiseksi\\\/\",\"name\":\"Valitaan hajautettu malli Oulun vedenhankinnan varmistamiseksi - Jenni Pitko - Vihreiden varapuheenjohtaja, ymp\u00e4rist\u00f6valiokunnan puheenjohtaja, kansanedustaja ja arkkitehti Oulusta\",\"isPartOf\":{\"@id\":\"https:\\\/\\\/jennipitko.fi\\\/koti\\\/#website\"},\"datePublished\":\"2015-05-11T17:16:06+00:00\",\"dateModified\":\"2015-06-30T08:47:43+00:00\",\"breadcrumb\":{\"@id\":\"https:\\\/\\\/jennipitko.fi\\\/koti\\\/valitaan-hajautettu-malli-oulun-vedenhankinnan-varmistamiseksi\\\/#breadcrumb\"},\"inLanguage\":\"fi\",\"potentialAction\":[{\"@type\":\"ReadAction\",\"target\":[\"https:\\\/\\\/jennipitko.fi\\\/koti\\\/valitaan-hajautettu-malli-oulun-vedenhankinnan-varmistamiseksi\\\/\"]}]},{\"@type\":\"BreadcrumbList\",\"@id\":\"https:\\\/\\\/jennipitko.fi\\\/koti\\\/valitaan-hajautettu-malli-oulun-vedenhankinnan-varmistamiseksi\\\/#breadcrumb\",\"itemListElement\":[{\"@type\":\"ListItem\",\"position\":1,\"name\":\"Home\",\"item\":\"https:\\\/\\\/jennipitko.fi\\\/koti\\\/\"},{\"@type\":\"ListItem\",\"position\":2,\"name\":\"Valitaan hajautettu malli Oulun vedenhankinnan varmistamiseksi\"}]},{\"@type\":\"WebSite\",\"@id\":\"https:\\\/\\\/jennipitko.fi\\\/koti\\\/#website\",\"url\":\"https:\\\/\\\/jennipitko.fi\\\/koti\\\/\",\"name\":\"Jenni Pitko - Vihreiden varapuheenjohtaja, ymp\u00e4rist\u00f6valiokunnan puheenjohtaja, kansanedustaja ja arkkitehti Oulusta\",\"description\":\"Jenni Pitko - Vihreiden varapuheenjohtaja, ymp\u00e4rist\u00f6valiokunnan puheenjohtaja, kansanedustaja ja arkkitehti Oulusta\",\"publisher\":{\"@id\":\"https:\\\/\\\/jennipitko.fi\\\/koti\\\/#organization\"},\"potentialAction\":[{\"@type\":\"SearchAction\",\"target\":{\"@type\":\"EntryPoint\",\"urlTemplate\":\"https:\\\/\\\/jennipitko.fi\\\/koti\\\/?s={search_term_string}\"},\"query-input\":{\"@type\":\"PropertyValueSpecification\",\"valueRequired\":true,\"valueName\":\"search_term_string\"}}],\"inLanguage\":\"fi\"},{\"@type\":\"Organization\",\"@id\":\"https:\\\/\\\/jennipitko.fi\\\/koti\\\/#organization\",\"name\":\"Jenni Pitko - Vihreiden varapuheenjohtaja, ymp\u00e4rist\u00f6valiokunnan puheenjohtaja, kansanedustaja ja arkkitehti Oulusta\",\"url\":\"https:\\\/\\\/jennipitko.fi\\\/koti\\\/\",\"logo\":{\"@type\":\"ImageObject\",\"inLanguage\":\"fi\",\"@id\":\"https:\\\/\\\/jennipitko.fi\\\/koti\\\/#\\\/schema\\\/logo\\\/image\\\/\",\"url\":\"https:\\\/\\\/jennipitko.fi\\\/koti\\\/wp-content\\\/uploads\\\/2025\\\/09\\\/Nimeton-malli-38.png\",\"contentUrl\":\"https:\\\/\\\/jennipitko.fi\\\/koti\\\/wp-content\\\/uploads\\\/2025\\\/09\\\/Nimeton-malli-38.png\",\"width\":1280,\"height\":847,\"caption\":\"Jenni Pitko - Vihreiden varapuheenjohtaja, ymp\u00e4rist\u00f6valiokunnan puheenjohtaja, kansanedustaja ja arkkitehti Oulusta\"},\"image\":{\"@id\":\"https:\\\/\\\/jennipitko.fi\\\/koti\\\/#\\\/schema\\\/logo\\\/image\\\/\"}},{\"@type\":\"Person\",\"@id\":\"https:\\\/\\\/jennipitko.fi\\\/koti\\\/#\\\/schema\\\/person\\\/35955c467f851f10124809310e7e7ee8\",\"name\":\"Jenni\",\"image\":{\"@type\":\"ImageObject\",\"inLanguage\":\"fi\",\"@id\":\"https:\\\/\\\/secure.gravatar.com\\\/avatar\\\/625a0e6413b293da7739d42617828d564a4d6028aec3f45d8939a2ba1617199f?s=96&d=blank&r=g\",\"url\":\"https:\\\/\\\/secure.gravatar.com\\\/avatar\\\/625a0e6413b293da7739d42617828d564a4d6028aec3f45d8939a2ba1617199f?s=96&d=blank&r=g\",\"contentUrl\":\"https:\\\/\\\/secure.gravatar.com\\\/avatar\\\/625a0e6413b293da7739d42617828d564a4d6028aec3f45d8939a2ba1617199f?s=96&d=blank&r=g\",\"caption\":\"Jenni\"},\"url\":\"https:\\\/\\\/jennipitko.fi\\\/koti\\\/author\\\/jenni\\\/\"}]}<\/script>\n<!-- \/ Yoast SEO plugin. -->","yoast_head_json":{"title":"Valitaan hajautettu malli Oulun vedenhankinnan varmistamiseksi - Jenni Pitko - Vihreiden varapuheenjohtaja, ymp\u00e4rist\u00f6valiokunnan puheenjohtaja, kansanedustaja ja arkkitehti Oulusta","robots":{"index":"index","follow":"follow","max-snippet":"max-snippet:-1","max-image-preview":"max-image-preview:large","max-video-preview":"max-video-preview:-1"},"canonical":"https:\/\/jennipitko.fi\/koti\/valitaan-hajautettu-malli-oulun-vedenhankinnan-varmistamiseksi\/","og_locale":"fi_FI","og_type":"article","og_title":"Valitaan hajautettu malli Oulun vedenhankinnan varmistamiseksi - Jenni Pitko - Vihreiden varapuheenjohtaja, ymp\u00e4rist\u00f6valiokunnan puheenjohtaja, kansanedustaja ja arkkitehti Oulusta","og_description":"Puheeni Oulun kaupunginvaltuustossa 11.5. asiakohdassa hanke-esitys Oulun kaupungin vedenhankinnan varmistamiseksi: Monitavoitearvioinnin mukaan tai ainakin itse tulkitsen tuloksia niin, ett\u00e4 helppoa [&hellip;]","og_url":"https:\/\/jennipitko.fi\/koti\/valitaan-hajautettu-malli-oulun-vedenhankinnan-varmistamiseksi\/","og_site_name":"Jenni Pitko - Vihreiden varapuheenjohtaja, ymp\u00e4rist\u00f6valiokunnan puheenjohtaja, kansanedustaja ja arkkitehti Oulusta","article_published_time":"2015-05-11T17:16:06+00:00","article_modified_time":"2015-06-30T08:47:43+00:00","author":"Jenni","twitter_card":"summary_large_image","twitter_misc":{"Kirjoittanut":"Jenni","Arvioitu lukuaika":"2 minuuttia"},"schema":{"@context":"https:\/\/schema.org","@graph":[{"@type":"Article","@id":"https:\/\/jennipitko.fi\/koti\/valitaan-hajautettu-malli-oulun-vedenhankinnan-varmistamiseksi\/#article","isPartOf":{"@id":"https:\/\/jennipitko.fi\/koti\/valitaan-hajautettu-malli-oulun-vedenhankinnan-varmistamiseksi\/"},"author":{"name":"Jenni","@id":"https:\/\/jennipitko.fi\/koti\/#\/schema\/person\/35955c467f851f10124809310e7e7ee8"},"headline":"Valitaan hajautettu malli Oulun vedenhankinnan varmistamiseksi","datePublished":"2015-05-11T17:16:06+00:00","dateModified":"2015-06-30T08:47:43+00:00","mainEntityOfPage":{"@id":"https:\/\/jennipitko.fi\/koti\/valitaan-hajautettu-malli-oulun-vedenhankinnan-varmistamiseksi\/"},"wordCount":306,"publisher":{"@id":"https:\/\/jennipitko.fi\/koti\/#organization"},"articleSection":["Uncategorized"],"inLanguage":"fi"},{"@type":"WebPage","@id":"https:\/\/jennipitko.fi\/koti\/valitaan-hajautettu-malli-oulun-vedenhankinnan-varmistamiseksi\/","url":"https:\/\/jennipitko.fi\/koti\/valitaan-hajautettu-malli-oulun-vedenhankinnan-varmistamiseksi\/","name":"Valitaan hajautettu malli Oulun vedenhankinnan varmistamiseksi - Jenni Pitko - Vihreiden varapuheenjohtaja, ymp\u00e4rist\u00f6valiokunnan puheenjohtaja, kansanedustaja ja arkkitehti Oulusta","isPartOf":{"@id":"https:\/\/jennipitko.fi\/koti\/#website"},"datePublished":"2015-05-11T17:16:06+00:00","dateModified":"2015-06-30T08:47:43+00:00","breadcrumb":{"@id":"https:\/\/jennipitko.fi\/koti\/valitaan-hajautettu-malli-oulun-vedenhankinnan-varmistamiseksi\/#breadcrumb"},"inLanguage":"fi","potentialAction":[{"@type":"ReadAction","target":["https:\/\/jennipitko.fi\/koti\/valitaan-hajautettu-malli-oulun-vedenhankinnan-varmistamiseksi\/"]}]},{"@type":"BreadcrumbList","@id":"https:\/\/jennipitko.fi\/koti\/valitaan-hajautettu-malli-oulun-vedenhankinnan-varmistamiseksi\/#breadcrumb","itemListElement":[{"@type":"ListItem","position":1,"name":"Home","item":"https:\/\/jennipitko.fi\/koti\/"},{"@type":"ListItem","position":2,"name":"Valitaan hajautettu malli Oulun vedenhankinnan varmistamiseksi"}]},{"@type":"WebSite","@id":"https:\/\/jennipitko.fi\/koti\/#website","url":"https:\/\/jennipitko.fi\/koti\/","name":"Jenni Pitko - Vihreiden varapuheenjohtaja, ymp\u00e4rist\u00f6valiokunnan puheenjohtaja, kansanedustaja ja arkkitehti Oulusta","description":"Jenni Pitko - Vihreiden varapuheenjohtaja, ymp\u00e4rist\u00f6valiokunnan puheenjohtaja, kansanedustaja ja arkkitehti Oulusta","publisher":{"@id":"https:\/\/jennipitko.fi\/koti\/#organization"},"potentialAction":[{"@type":"SearchAction","target":{"@type":"EntryPoint","urlTemplate":"https:\/\/jennipitko.fi\/koti\/?s={search_term_string}"},"query-input":{"@type":"PropertyValueSpecification","valueRequired":true,"valueName":"search_term_string"}}],"inLanguage":"fi"},{"@type":"Organization","@id":"https:\/\/jennipitko.fi\/koti\/#organization","name":"Jenni Pitko - Vihreiden varapuheenjohtaja, ymp\u00e4rist\u00f6valiokunnan puheenjohtaja, kansanedustaja ja arkkitehti Oulusta","url":"https:\/\/jennipitko.fi\/koti\/","logo":{"@type":"ImageObject","inLanguage":"fi","@id":"https:\/\/jennipitko.fi\/koti\/#\/schema\/logo\/image\/","url":"https:\/\/jennipitko.fi\/koti\/wp-content\/uploads\/2025\/09\/Nimeton-malli-38.png","contentUrl":"https:\/\/jennipitko.fi\/koti\/wp-content\/uploads\/2025\/09\/Nimeton-malli-38.png","width":1280,"height":847,"caption":"Jenni Pitko - Vihreiden varapuheenjohtaja, ymp\u00e4rist\u00f6valiokunnan puheenjohtaja, kansanedustaja ja arkkitehti Oulusta"},"image":{"@id":"https:\/\/jennipitko.fi\/koti\/#\/schema\/logo\/image\/"}},{"@type":"Person","@id":"https:\/\/jennipitko.fi\/koti\/#\/schema\/person\/35955c467f851f10124809310e7e7ee8","name":"Jenni","image":{"@type":"ImageObject","inLanguage":"fi","@id":"https:\/\/secure.gravatar.com\/avatar\/625a0e6413b293da7739d42617828d564a4d6028aec3f45d8939a2ba1617199f?s=96&d=blank&r=g","url":"https:\/\/secure.gravatar.com\/avatar\/625a0e6413b293da7739d42617828d564a4d6028aec3f45d8939a2ba1617199f?s=96&d=blank&r=g","contentUrl":"https:\/\/secure.gravatar.com\/avatar\/625a0e6413b293da7739d42617828d564a4d6028aec3f45d8939a2ba1617199f?s=96&d=blank&r=g","caption":"Jenni"},"url":"https:\/\/jennipitko.fi\/koti\/author\/jenni\/"}]}},"_links":{"self":[{"href":"https:\/\/jennipitko.fi\/koti\/wp-json\/wp\/v2\/posts\/1298","targetHints":{"allow":["GET"]}}],"collection":[{"href":"https:\/\/jennipitko.fi\/koti\/wp-json\/wp\/v2\/posts"}],"about":[{"href":"https:\/\/jennipitko.fi\/koti\/wp-json\/wp\/v2\/types\/post"}],"author":[{"embeddable":true,"href":"https:\/\/jennipitko.fi\/koti\/wp-json\/wp\/v2\/users\/1"}],"replies":[{"embeddable":true,"href":"https:\/\/jennipitko.fi\/koti\/wp-json\/wp\/v2\/comments?post=1298"}],"version-history":[{"count":1,"href":"https:\/\/jennipitko.fi\/koti\/wp-json\/wp\/v2\/posts\/1298\/revisions"}],"predecessor-version":[{"id":1308,"href":"https:\/\/jennipitko.fi\/koti\/wp-json\/wp\/v2\/posts\/1298\/revisions\/1308"}],"wp:attachment":[{"href":"https:\/\/jennipitko.fi\/koti\/wp-json\/wp\/v2\/media?parent=1298"}],"wp:term":[{"taxonomy":"category","embeddable":true,"href":"https:\/\/jennipitko.fi\/koti\/wp-json\/wp\/v2\/categories?post=1298"},{"taxonomy":"post_tag","embeddable":true,"href":"https:\/\/jennipitko.fi\/koti\/wp-json\/wp\/v2\/tags?post=1298"}],"curies":[{"name":"wp","href":"https:\/\/api.w.org\/{rel}","templated":true}]}}