{"id":1301,"date":"2015-06-16T21:10:46","date_gmt":"2015-06-16T18:10:46","guid":{"rendered":"http:\/\/jennipitko.fi\/koti\/?p=1301"},"modified":"2015-09-25T13:55:24","modified_gmt":"2015-09-25T10:55:24","slug":"arinaa-suositaan-taas-yleisen-edun-kustannuksella","status":"publish","type":"post","link":"https:\/\/jennipitko.fi\/koti\/arinaa-suositaan-taas-yleisen-edun-kustannuksella\/","title":{"rendered":"Arinaa suositaan taas yleisen edun kustannuksella"},"content":{"rendered":"<p>Arina ja Citycon on hieromassa kauppoja Galleria-kauppakeskuksesta. Kaupunginhallitukselle tuotiin p\u00e4\u00e4tett\u00e4v\u00e4ksi maank\u00e4ytt\u00f6sopimukseen muutos, jossa kiinteist\u00f6n omistajan (pian siis Arina) ei tarvitsekaan rakentaa aiottua korttelin keskiosan liiketiloja ja asuintaloja mutta saa silti rakentaa &#8220;kes\u00e4kadun&#8221; eli katetun ja p\u00e4\u00e4st\u00e4\u00e4n suljetun sis\u00e4tilan sille Isokadun korttelin osalle. Me vihre\u00e4t \u00e4\u00e4nestettiin, ett\u00e4 sopimusta ei muuteta ja ett\u00e4 kes\u00e4kadun saa rakentaa vain jos toteuttaa aiotut investoinnit. Rakennuslupa katetusta tilasta on annettu 1\/3 osalle kadusta, jonka kohdalle Arina paraikaa rakentaakin sopimuksen mukaisesti kauppakeskusta.<\/p>\n<p><span style=\"line-height: 24px;\">Mielest\u00e4ni sopimuksesta poikkeaminen ei ole perusteltua, koska tilanne ei ole muuttunut mill\u00e4\u00e4n tavalla sopimuksen laatimisen j\u00e4lkeen. Ainostaan kiinteist\u00f6n omistaja on muuttumassa Arinaksi.\u00a0<\/span>Tehty my\u00f6nnytys tulee todenn\u00e4k\u00f6isesti aiheuttamaan sen, ett\u00e4 korttelin keskiosa, eli Cityconin omistama, Arinan ostolistalla oleva Galleria-kauppakeskuksen tilalle suunnitellut liiketilat ja asuinrakentaminen ei tule toteutumaan eik\u00e4 parkkipaikkoja Kivisyd\u00e4mest\u00e4 saadakaan myyty\u00e4. T\u00e4ll\u00e4 on suuremmat negatiiviset vaikutukset muun muassa ty\u00f6llisyyteen, kaupungin vetovoiman lis\u00e4\u00e4miseen sek\u00e4 kysynn\u00e4n kehittymiseen kuin kes\u00e4kadun jatkeen positiiviset vaikutukset. Sopimuksen muuttamista vastaan kaupunginhallituksessa \u00e4\u00e4nestiv\u00e4t Vihreiden lis\u00e4ksi Kokoomus ja yksi Vasemmistoliiton j\u00e4sen \u00e4\u00e4nesti tyhj\u00e4\u00e4.<!--more--><\/p>\n<p>Arina on muuten vastik\u00e4\u00e4n pyyt\u00e4nyt kaavamuutosta, jotta saisi rakentaa <i>kes\u00e4kadun<\/i>\u00a0p\u00e4\u00e4tyihin tuulikaapit. Kauppakeskus Valkean nettisivuilla puhutaankin jo kes\u00e4kadusta kauppakeskuksen aulana. Pisteet rehellisyydess\u00e4. Kuvista voikin my\u00f6s p\u00e4\u00e4tell\u00e4 ettei kyseess\u00e4 ole en\u00e4\u00e4 mik\u00e4\u00e4n kevytrakenteinen katos vaan useamman metrin paksuinen aukotettu yl\u00e4pohja. Hyv\u00e4sti katu.<\/p>\n<p>Turhauttavaa, ett\u00e4 kun Arina pyyt\u00e4\u00e4 jotain, on kaupunki polvillaan antamassa mit\u00e4 vain pyydet\u00e4\u00e4n. T\u00e4ss\u00e4kin keskustelussa vedottiin muun muassa yhteis\u00f6veroon, jota Arinalta tulee. Olisi muuten kaupungilla paljon laajempi yhteis\u00f6veropohja jos kaikkia yrityksi\u00e4 kohdeltaisiin tasavertaisesti.<\/p>\n","protected":false},"excerpt":{"rendered":"<p>Arina ja Citycon on hieromassa kauppoja Galleria-kauppakeskuksesta. Kaupunginhallitukselle tuotiin p\u00e4\u00e4tett\u00e4v\u00e4ksi maank\u00e4ytt\u00f6sopimukseen muutos, jossa kiinteist\u00f6n omistajan (pian siis Arina) ei tarvitsekaan [&hellip;]<\/p>\n","protected":false},"author":1,"featured_media":0,"comment_status":"open","ping_status":"closed","sticky":false,"template":"","format":"standard","meta":{"_monsterinsights_skip_tracking":false,"_monsterinsights_sitenote_active":false,"_monsterinsights_sitenote_note":"","_monsterinsights_sitenote_category":0,"site-sidebar-layout":"default","site-content-layout":"","ast-site-content-layout":"default","site-content-style":"default","site-sidebar-style":"default","ast-global-header-display":"","ast-banner-title-visibility":"","ast-main-header-display":"","ast-hfb-above-header-display":"","ast-hfb-below-header-display":"","ast-hfb-mobile-header-display":"","site-post-title":"","ast-breadcrumbs-content":"","ast-featured-img":"","footer-sml-layout":"","ast-disable-related-posts":"","theme-transparent-header-meta":"","adv-header-id-meta":"","stick-header-meta":"","header-above-stick-meta":"","header-main-stick-meta":"","header-below-stick-meta":"","astra-migrate-meta-layouts":"default","ast-page-background-enabled":"default","ast-page-background-meta":{"desktop":{"background-color":"var(--ast-global-color-5)","background-image":"","background-repeat":"repeat","background-position":"center center","background-size":"auto","background-attachment":"scroll","background-type":"","background-media":"","overlay-type":"","overlay-color":"","overlay-opacity":"","overlay-gradient":""},"tablet":{"background-color":"","background-image":"","background-repeat":"repeat","background-position":"center center","background-size":"auto","background-attachment":"scroll","background-type":"","background-media":"","overlay-type":"","overlay-color":"","overlay-opacity":"","overlay-gradient":""},"mobile":{"background-color":"","background-image":"","background-repeat":"repeat","background-position":"center center","background-size":"auto","background-attachment":"scroll","background-type":"","background-media":"","overlay-type":"","overlay-color":"","overlay-opacity":"","overlay-gradient":""}},"ast-content-background-meta":{"desktop":{"background-color":"var(--ast-global-color-4)","background-image":"","background-repeat":"repeat","background-position":"center center","background-size":"auto","background-attachment":"scroll","background-type":"","background-media":"","overlay-type":"","overlay-color":"","overlay-opacity":"","overlay-gradient":""},"tablet":{"background-color":"var(--ast-global-color-4)","background-image":"","background-repeat":"repeat","background-position":"center center","background-size":"auto","background-attachment":"scroll","background-type":"","background-media":"","overlay-type":"","overlay-color":"","overlay-opacity":"","overlay-gradient":""},"mobile":{"background-color":"var(--ast-global-color-4)","background-image":"","background-repeat":"repeat","background-position":"center center","background-size":"auto","background-attachment":"scroll","background-type":"","background-media":"","overlay-type":"","overlay-color":"","overlay-opacity":"","overlay-gradient":""}},"footnotes":""},"categories":[1],"tags":[],"class_list":["post-1301","post","type-post","status-publish","format-standard","hentry","category-uncategorized"],"yoast_head":"<!-- This site is optimized with the Yoast SEO plugin v27.5 - https:\/\/yoast.com\/product\/yoast-seo-wordpress\/ -->\n<title>Arinaa suositaan taas yleisen edun kustannuksella - Jenni Pitko - Vihreiden varapuheenjohtaja, ymp\u00e4rist\u00f6valiokunnan puheenjohtaja, kansanedustaja ja arkkitehti Oulusta<\/title>\n<meta name=\"robots\" content=\"index, follow, max-snippet:-1, max-image-preview:large, max-video-preview:-1\" \/>\n<link rel=\"canonical\" href=\"https:\/\/jennipitko.fi\/koti\/arinaa-suositaan-taas-yleisen-edun-kustannuksella\/\" \/>\n<meta property=\"og:locale\" content=\"fi_FI\" \/>\n<meta property=\"og:type\" content=\"article\" \/>\n<meta property=\"og:title\" content=\"Arinaa suositaan taas yleisen edun kustannuksella - Jenni Pitko - Vihreiden varapuheenjohtaja, ymp\u00e4rist\u00f6valiokunnan puheenjohtaja, kansanedustaja ja arkkitehti Oulusta\" \/>\n<meta property=\"og:description\" content=\"Arina ja Citycon on hieromassa kauppoja Galleria-kauppakeskuksesta. Kaupunginhallitukselle tuotiin p\u00e4\u00e4tett\u00e4v\u00e4ksi maank\u00e4ytt\u00f6sopimukseen muutos, jossa kiinteist\u00f6n omistajan (pian siis Arina) ei tarvitsekaan [&hellip;]\" \/>\n<meta property=\"og:url\" content=\"https:\/\/jennipitko.fi\/koti\/arinaa-suositaan-taas-yleisen-edun-kustannuksella\/\" \/>\n<meta property=\"og:site_name\" content=\"Jenni Pitko - Vihreiden varapuheenjohtaja, ymp\u00e4rist\u00f6valiokunnan puheenjohtaja, kansanedustaja ja arkkitehti Oulusta\" \/>\n<meta property=\"article:published_time\" content=\"2015-06-16T18:10:46+00:00\" \/>\n<meta property=\"article:modified_time\" content=\"2015-09-25T10:55:24+00:00\" \/>\n<meta name=\"author\" content=\"Jenni\" \/>\n<meta name=\"twitter:card\" content=\"summary_large_image\" \/>\n<meta name=\"twitter:label1\" content=\"Kirjoittanut\" \/>\n\t<meta name=\"twitter:data1\" content=\"Jenni\" \/>\n\t<meta name=\"twitter:label2\" content=\"Arvioitu lukuaika\" \/>\n\t<meta name=\"twitter:data2\" content=\"1 minuutti\" \/>\n<script type=\"application\/ld+json\" class=\"yoast-schema-graph\">{\"@context\":\"https:\\\/\\\/schema.org\",\"@graph\":[{\"@type\":\"Article\",\"@id\":\"https:\\\/\\\/jennipitko.fi\\\/koti\\\/arinaa-suositaan-taas-yleisen-edun-kustannuksella\\\/#article\",\"isPartOf\":{\"@id\":\"https:\\\/\\\/jennipitko.fi\\\/koti\\\/arinaa-suositaan-taas-yleisen-edun-kustannuksella\\\/\"},\"author\":{\"name\":\"Jenni\",\"@id\":\"https:\\\/\\\/jennipitko.fi\\\/koti\\\/#\\\/schema\\\/person\\\/35955c467f851f10124809310e7e7ee8\"},\"headline\":\"Arinaa suositaan taas yleisen edun kustannuksella\",\"datePublished\":\"2015-06-16T18:10:46+00:00\",\"dateModified\":\"2015-09-25T10:55:24+00:00\",\"mainEntityOfPage\":{\"@id\":\"https:\\\/\\\/jennipitko.fi\\\/koti\\\/arinaa-suositaan-taas-yleisen-edun-kustannuksella\\\/\"},\"wordCount\":281,\"commentCount\":0,\"publisher\":{\"@id\":\"https:\\\/\\\/jennipitko.fi\\\/koti\\\/#organization\"},\"articleSection\":[\"Uncategorized\"],\"inLanguage\":\"fi\",\"potentialAction\":[{\"@type\":\"CommentAction\",\"name\":\"Comment\",\"target\":[\"https:\\\/\\\/jennipitko.fi\\\/koti\\\/arinaa-suositaan-taas-yleisen-edun-kustannuksella\\\/#respond\"]}]},{\"@type\":\"WebPage\",\"@id\":\"https:\\\/\\\/jennipitko.fi\\\/koti\\\/arinaa-suositaan-taas-yleisen-edun-kustannuksella\\\/\",\"url\":\"https:\\\/\\\/jennipitko.fi\\\/koti\\\/arinaa-suositaan-taas-yleisen-edun-kustannuksella\\\/\",\"name\":\"Arinaa suositaan taas yleisen edun kustannuksella - Jenni Pitko - Vihreiden varapuheenjohtaja, ymp\u00e4rist\u00f6valiokunnan puheenjohtaja, kansanedustaja ja arkkitehti Oulusta\",\"isPartOf\":{\"@id\":\"https:\\\/\\\/jennipitko.fi\\\/koti\\\/#website\"},\"datePublished\":\"2015-06-16T18:10:46+00:00\",\"dateModified\":\"2015-09-25T10:55:24+00:00\",\"breadcrumb\":{\"@id\":\"https:\\\/\\\/jennipitko.fi\\\/koti\\\/arinaa-suositaan-taas-yleisen-edun-kustannuksella\\\/#breadcrumb\"},\"inLanguage\":\"fi\",\"potentialAction\":[{\"@type\":\"ReadAction\",\"target\":[\"https:\\\/\\\/jennipitko.fi\\\/koti\\\/arinaa-suositaan-taas-yleisen-edun-kustannuksella\\\/\"]}]},{\"@type\":\"BreadcrumbList\",\"@id\":\"https:\\\/\\\/jennipitko.fi\\\/koti\\\/arinaa-suositaan-taas-yleisen-edun-kustannuksella\\\/#breadcrumb\",\"itemListElement\":[{\"@type\":\"ListItem\",\"position\":1,\"name\":\"Home\",\"item\":\"https:\\\/\\\/jennipitko.fi\\\/koti\\\/\"},{\"@type\":\"ListItem\",\"position\":2,\"name\":\"Arinaa suositaan taas yleisen edun kustannuksella\"}]},{\"@type\":\"WebSite\",\"@id\":\"https:\\\/\\\/jennipitko.fi\\\/koti\\\/#website\",\"url\":\"https:\\\/\\\/jennipitko.fi\\\/koti\\\/\",\"name\":\"Jenni Pitko - Vihreiden varapuheenjohtaja, ymp\u00e4rist\u00f6valiokunnan puheenjohtaja, kansanedustaja ja arkkitehti Oulusta\",\"description\":\"Jenni Pitko - Vihreiden varapuheenjohtaja, ymp\u00e4rist\u00f6valiokunnan puheenjohtaja, kansanedustaja ja arkkitehti Oulusta\",\"publisher\":{\"@id\":\"https:\\\/\\\/jennipitko.fi\\\/koti\\\/#organization\"},\"potentialAction\":[{\"@type\":\"SearchAction\",\"target\":{\"@type\":\"EntryPoint\",\"urlTemplate\":\"https:\\\/\\\/jennipitko.fi\\\/koti\\\/?s={search_term_string}\"},\"query-input\":{\"@type\":\"PropertyValueSpecification\",\"valueRequired\":true,\"valueName\":\"search_term_string\"}}],\"inLanguage\":\"fi\"},{\"@type\":\"Organization\",\"@id\":\"https:\\\/\\\/jennipitko.fi\\\/koti\\\/#organization\",\"name\":\"Jenni Pitko - Vihreiden varapuheenjohtaja, ymp\u00e4rist\u00f6valiokunnan puheenjohtaja, kansanedustaja ja arkkitehti Oulusta\",\"url\":\"https:\\\/\\\/jennipitko.fi\\\/koti\\\/\",\"logo\":{\"@type\":\"ImageObject\",\"inLanguage\":\"fi\",\"@id\":\"https:\\\/\\\/jennipitko.fi\\\/koti\\\/#\\\/schema\\\/logo\\\/image\\\/\",\"url\":\"https:\\\/\\\/jennipitko.fi\\\/koti\\\/wp-content\\\/uploads\\\/2025\\\/09\\\/Nimeton-malli-38.png\",\"contentUrl\":\"https:\\\/\\\/jennipitko.fi\\\/koti\\\/wp-content\\\/uploads\\\/2025\\\/09\\\/Nimeton-malli-38.png\",\"width\":1280,\"height\":847,\"caption\":\"Jenni Pitko - Vihreiden varapuheenjohtaja, ymp\u00e4rist\u00f6valiokunnan puheenjohtaja, kansanedustaja ja arkkitehti Oulusta\"},\"image\":{\"@id\":\"https:\\\/\\\/jennipitko.fi\\\/koti\\\/#\\\/schema\\\/logo\\\/image\\\/\"}},{\"@type\":\"Person\",\"@id\":\"https:\\\/\\\/jennipitko.fi\\\/koti\\\/#\\\/schema\\\/person\\\/35955c467f851f10124809310e7e7ee8\",\"name\":\"Jenni\",\"image\":{\"@type\":\"ImageObject\",\"inLanguage\":\"fi\",\"@id\":\"https:\\\/\\\/secure.gravatar.com\\\/avatar\\\/625a0e6413b293da7739d42617828d564a4d6028aec3f45d8939a2ba1617199f?s=96&d=blank&r=g\",\"url\":\"https:\\\/\\\/secure.gravatar.com\\\/avatar\\\/625a0e6413b293da7739d42617828d564a4d6028aec3f45d8939a2ba1617199f?s=96&d=blank&r=g\",\"contentUrl\":\"https:\\\/\\\/secure.gravatar.com\\\/avatar\\\/625a0e6413b293da7739d42617828d564a4d6028aec3f45d8939a2ba1617199f?s=96&d=blank&r=g\",\"caption\":\"Jenni\"},\"url\":\"https:\\\/\\\/jennipitko.fi\\\/koti\\\/author\\\/jenni\\\/\"}]}<\/script>\n<!-- \/ Yoast SEO plugin. -->","yoast_head_json":{"title":"Arinaa suositaan taas yleisen edun kustannuksella - Jenni Pitko - Vihreiden varapuheenjohtaja, ymp\u00e4rist\u00f6valiokunnan puheenjohtaja, kansanedustaja ja arkkitehti Oulusta","robots":{"index":"index","follow":"follow","max-snippet":"max-snippet:-1","max-image-preview":"max-image-preview:large","max-video-preview":"max-video-preview:-1"},"canonical":"https:\/\/jennipitko.fi\/koti\/arinaa-suositaan-taas-yleisen-edun-kustannuksella\/","og_locale":"fi_FI","og_type":"article","og_title":"Arinaa suositaan taas yleisen edun kustannuksella - Jenni Pitko - Vihreiden varapuheenjohtaja, ymp\u00e4rist\u00f6valiokunnan puheenjohtaja, kansanedustaja ja arkkitehti Oulusta","og_description":"Arina ja Citycon on hieromassa kauppoja Galleria-kauppakeskuksesta. Kaupunginhallitukselle tuotiin p\u00e4\u00e4tett\u00e4v\u00e4ksi maank\u00e4ytt\u00f6sopimukseen muutos, jossa kiinteist\u00f6n omistajan (pian siis Arina) ei tarvitsekaan [&hellip;]","og_url":"https:\/\/jennipitko.fi\/koti\/arinaa-suositaan-taas-yleisen-edun-kustannuksella\/","og_site_name":"Jenni Pitko - Vihreiden varapuheenjohtaja, ymp\u00e4rist\u00f6valiokunnan puheenjohtaja, kansanedustaja ja arkkitehti Oulusta","article_published_time":"2015-06-16T18:10:46+00:00","article_modified_time":"2015-09-25T10:55:24+00:00","author":"Jenni","twitter_card":"summary_large_image","twitter_misc":{"Kirjoittanut":"Jenni","Arvioitu lukuaika":"1 minuutti"},"schema":{"@context":"https:\/\/schema.org","@graph":[{"@type":"Article","@id":"https:\/\/jennipitko.fi\/koti\/arinaa-suositaan-taas-yleisen-edun-kustannuksella\/#article","isPartOf":{"@id":"https:\/\/jennipitko.fi\/koti\/arinaa-suositaan-taas-yleisen-edun-kustannuksella\/"},"author":{"name":"Jenni","@id":"https:\/\/jennipitko.fi\/koti\/#\/schema\/person\/35955c467f851f10124809310e7e7ee8"},"headline":"Arinaa suositaan taas yleisen edun kustannuksella","datePublished":"2015-06-16T18:10:46+00:00","dateModified":"2015-09-25T10:55:24+00:00","mainEntityOfPage":{"@id":"https:\/\/jennipitko.fi\/koti\/arinaa-suositaan-taas-yleisen-edun-kustannuksella\/"},"wordCount":281,"commentCount":0,"publisher":{"@id":"https:\/\/jennipitko.fi\/koti\/#organization"},"articleSection":["Uncategorized"],"inLanguage":"fi","potentialAction":[{"@type":"CommentAction","name":"Comment","target":["https:\/\/jennipitko.fi\/koti\/arinaa-suositaan-taas-yleisen-edun-kustannuksella\/#respond"]}]},{"@type":"WebPage","@id":"https:\/\/jennipitko.fi\/koti\/arinaa-suositaan-taas-yleisen-edun-kustannuksella\/","url":"https:\/\/jennipitko.fi\/koti\/arinaa-suositaan-taas-yleisen-edun-kustannuksella\/","name":"Arinaa suositaan taas yleisen edun kustannuksella - Jenni Pitko - Vihreiden varapuheenjohtaja, ymp\u00e4rist\u00f6valiokunnan puheenjohtaja, kansanedustaja ja arkkitehti Oulusta","isPartOf":{"@id":"https:\/\/jennipitko.fi\/koti\/#website"},"datePublished":"2015-06-16T18:10:46+00:00","dateModified":"2015-09-25T10:55:24+00:00","breadcrumb":{"@id":"https:\/\/jennipitko.fi\/koti\/arinaa-suositaan-taas-yleisen-edun-kustannuksella\/#breadcrumb"},"inLanguage":"fi","potentialAction":[{"@type":"ReadAction","target":["https:\/\/jennipitko.fi\/koti\/arinaa-suositaan-taas-yleisen-edun-kustannuksella\/"]}]},{"@type":"BreadcrumbList","@id":"https:\/\/jennipitko.fi\/koti\/arinaa-suositaan-taas-yleisen-edun-kustannuksella\/#breadcrumb","itemListElement":[{"@type":"ListItem","position":1,"name":"Home","item":"https:\/\/jennipitko.fi\/koti\/"},{"@type":"ListItem","position":2,"name":"Arinaa suositaan taas yleisen edun kustannuksella"}]},{"@type":"WebSite","@id":"https:\/\/jennipitko.fi\/koti\/#website","url":"https:\/\/jennipitko.fi\/koti\/","name":"Jenni Pitko - Vihreiden varapuheenjohtaja, ymp\u00e4rist\u00f6valiokunnan puheenjohtaja, kansanedustaja ja arkkitehti Oulusta","description":"Jenni Pitko - Vihreiden varapuheenjohtaja, ymp\u00e4rist\u00f6valiokunnan puheenjohtaja, kansanedustaja ja arkkitehti Oulusta","publisher":{"@id":"https:\/\/jennipitko.fi\/koti\/#organization"},"potentialAction":[{"@type":"SearchAction","target":{"@type":"EntryPoint","urlTemplate":"https:\/\/jennipitko.fi\/koti\/?s={search_term_string}"},"query-input":{"@type":"PropertyValueSpecification","valueRequired":true,"valueName":"search_term_string"}}],"inLanguage":"fi"},{"@type":"Organization","@id":"https:\/\/jennipitko.fi\/koti\/#organization","name":"Jenni Pitko - Vihreiden varapuheenjohtaja, ymp\u00e4rist\u00f6valiokunnan puheenjohtaja, kansanedustaja ja arkkitehti Oulusta","url":"https:\/\/jennipitko.fi\/koti\/","logo":{"@type":"ImageObject","inLanguage":"fi","@id":"https:\/\/jennipitko.fi\/koti\/#\/schema\/logo\/image\/","url":"https:\/\/jennipitko.fi\/koti\/wp-content\/uploads\/2025\/09\/Nimeton-malli-38.png","contentUrl":"https:\/\/jennipitko.fi\/koti\/wp-content\/uploads\/2025\/09\/Nimeton-malli-38.png","width":1280,"height":847,"caption":"Jenni Pitko - Vihreiden varapuheenjohtaja, ymp\u00e4rist\u00f6valiokunnan puheenjohtaja, kansanedustaja ja arkkitehti Oulusta"},"image":{"@id":"https:\/\/jennipitko.fi\/koti\/#\/schema\/logo\/image\/"}},{"@type":"Person","@id":"https:\/\/jennipitko.fi\/koti\/#\/schema\/person\/35955c467f851f10124809310e7e7ee8","name":"Jenni","image":{"@type":"ImageObject","inLanguage":"fi","@id":"https:\/\/secure.gravatar.com\/avatar\/625a0e6413b293da7739d42617828d564a4d6028aec3f45d8939a2ba1617199f?s=96&d=blank&r=g","url":"https:\/\/secure.gravatar.com\/avatar\/625a0e6413b293da7739d42617828d564a4d6028aec3f45d8939a2ba1617199f?s=96&d=blank&r=g","contentUrl":"https:\/\/secure.gravatar.com\/avatar\/625a0e6413b293da7739d42617828d564a4d6028aec3f45d8939a2ba1617199f?s=96&d=blank&r=g","caption":"Jenni"},"url":"https:\/\/jennipitko.fi\/koti\/author\/jenni\/"}]}},"_links":{"self":[{"href":"https:\/\/jennipitko.fi\/koti\/wp-json\/wp\/v2\/posts\/1301","targetHints":{"allow":["GET"]}}],"collection":[{"href":"https:\/\/jennipitko.fi\/koti\/wp-json\/wp\/v2\/posts"}],"about":[{"href":"https:\/\/jennipitko.fi\/koti\/wp-json\/wp\/v2\/types\/post"}],"author":[{"embeddable":true,"href":"https:\/\/jennipitko.fi\/koti\/wp-json\/wp\/v2\/users\/1"}],"replies":[{"embeddable":true,"href":"https:\/\/jennipitko.fi\/koti\/wp-json\/wp\/v2\/comments?post=1301"}],"version-history":[{"count":1,"href":"https:\/\/jennipitko.fi\/koti\/wp-json\/wp\/v2\/posts\/1301\/revisions"}],"predecessor-version":[{"id":1309,"href":"https:\/\/jennipitko.fi\/koti\/wp-json\/wp\/v2\/posts\/1301\/revisions\/1309"}],"wp:attachment":[{"href":"https:\/\/jennipitko.fi\/koti\/wp-json\/wp\/v2\/media?parent=1301"}],"wp:term":[{"taxonomy":"category","embeddable":true,"href":"https:\/\/jennipitko.fi\/koti\/wp-json\/wp\/v2\/categories?post=1301"},{"taxonomy":"post_tag","embeddable":true,"href":"https:\/\/jennipitko.fi\/koti\/wp-json\/wp\/v2\/tags?post=1301"}],"curies":[{"name":"wp","href":"https:\/\/api.w.org\/{rel}","templated":true}]}}