{"id":1306,"date":"2015-06-30T11:44:18","date_gmt":"2015-06-30T08:44:18","guid":{"rendered":"http:\/\/jennipitko.fi\/koti\/?p=1306"},"modified":"2015-09-25T13:54:57","modified_gmt":"2015-09-25T10:54:57","slug":"milloin-vihapuheesta-tuli-salonkikelpoista","status":"publish","type":"post","link":"https:\/\/jennipitko.fi\/koti\/milloin-vihapuheesta-tuli-salonkikelpoista\/","title":{"rendered":"Milloin vihapuheesta tuli salonkikelpoista?"},"content":{"rendered":"<p>Perussuomalaisten kansanedustajan veljeily kansallissosialistien kanssa kuitattiin yksityisajatteluna ja vedottiin kansanedustajan oikeuteen tehd\u00e4 vapaa-ajallaan mit\u00e4 haluaa. Juhannuksena er\u00e4s kirjailija kirjoitteli h\u00e4iritsevi\u00e4 ja loukkaavia t\u00f6rkyviestej\u00e4 raiskauksen kokeneiden naisten tukiyhdistyksen Naisten Linjan Facebook-sivuille.<\/p>\n<p>Olen ihmetellyt kuinka v\u00e4hin \u00e4\u00e4nin varsinkin kansanedustajan natsikytk\u00f6kset meniv\u00e4t mediassa l\u00e4pi. Onko yleisesti hyv\u00e4ksytty\u00e4, ett\u00e4 kansanedustajan harrastustoimintaan voi kuulua ajattelu, johon liittyy joidenkin kansanosien sulkeminen pois yhteiskunnasta ja muita rasistisia n\u00e4k\u00f6kulmia, joita kyseinen j\u00e4rjest\u00f6, jonka kanssa kansanedustaja poseerasi Facebookiin laittamassaan kuvassa, kertoo kannattavansa. Naisten Linjan Facebook-sivuille juhannuksena kirjoitetut t\u00f6rkyviestit kuitattiin humalatilan syyksi. J\u00e4lkimm\u00e4inen tekij\u00e4 pyysi toimintaansa anteeksi.<!--more--><\/p>\n<p>Maahanmuuttovastaisuus ja muukalaispelko ovat lis\u00e4\u00e4ntyneet ja sit\u00e4 kuulee eduskunnan t\u00e4ysistunnoissa yh\u00e4 useamman suusta ja ne valtaavat yh\u00e4 enemm\u00e4n palstatilaa lehdiss\u00e4. Maahanmuuttokriittiseksi kutsuttava rasistinen puhe ei useinkaan ole rakentavaa kritiikki\u00e4 vaan usein se on ep\u00e4suorin sanoin muotoiltu vihjaus siit\u00e4, ett\u00e4 maahanmuuttajat olisivat jollakin tavalla suomalaisen hyvinvoinnin este. Maahanmuuttokriittiset vaativat vihapuheellensa hyv\u00e4ksynt\u00e4\u00e4 ja vetoavat sananvapauteen.<\/p>\n<p>Sen sijaan ett\u00e4 maahanmuuttokriitikot pyrkisiv\u00e4t k\u00e4ym\u00e4\u00e4n keskustelua maahanmuuttajien kotouttamisen parantamisesta ja vaikka kieliopintojen saatavuudesta, keskityt\u00e4\u00e4n usein osoittelemaan maahanmuuttajan uusia lastenvaunuja tai televisiota. Osoittelu ja syrjiminen eiv\u00e4t edist\u00e4 kenenk\u00e4\u00e4n hyvinvointia.<\/p>\n<p>Juuri nyt tarvitaan rohkeutta nousta rasistista liikehdint\u00e4\u00e4 vastaa ja tuomita vihapuhe. Siin\u00e4 keskeisess\u00e4 roolissa ovat media ja poliittiset vaikuttajat. Ty\u00f6paikan kahvip\u00f6yd\u00e4ss\u00e4, tai miss\u00e4 arkisissa tilanteessa t\u00f6rm\u00e4\u00e4mmek\u00e4\u00e4n muukalaispelkoon, voimme muistuttaa siit\u00e4, ett\u00e4 moni suomalainenkin tarvitsi sotien j\u00e4lkeen turvaa ja apua Suomen ulkopuolelta joutuessaan j\u00e4tt\u00e4m\u00e4\u00e4n kotinsa ja l\u00e4htiess\u00e4\u00e4n evakkoon. My\u00f6s kehitysapua ohjattiin Suomelle sodan j\u00e4lkeen. Muistutus siit\u00e4, ett\u00e4 tutkimuksen mukaan maahanmuuttajat eiv\u00e4t saa enemp\u00e4\u00e4 sosiaaliturvaa kuin avun tarpeessa oleva suomalainen, on usein n\u00e4iss\u00e4 keskustelussa paikallaan.<\/p>\n<p>Puolueiden tulee kantaa vastuu vihapuheesta. Maahanmuuttokriittisten \u00e4\u00e4nest\u00e4jien kalasteleminen ei saa olla syy olla tuomitsematta omassa joukkueessa tapahtuvaa rasismia tai syrjint\u00e4\u00e4. Vihapuhe ei ole miss\u00e4\u00e4n tilanteessa hyv\u00e4ksytt\u00e4v\u00e4\u00e4. Eik\u00e4 kansanedustajanvapaa-ajan toiminta voi saada t\u00e4st\u00e4 vapautusta.<\/p>\n<p>Sanotaan jyrkk\u00e4 ei vihapuheelle ja tuomitaan kaikki rasistinen toiminta, se on meid\u00e4n kaikkien etu.<\/p>\n<p><em>Kirjoitus on julkiastu Forum24-lehden kolumnipalstalla 30.6.<\/em><\/p>\n","protected":false},"excerpt":{"rendered":"<p>Perussuomalaisten kansanedustajan veljeily kansallissosialistien kanssa kuitattiin yksityisajatteluna ja vedottiin kansanedustajan oikeuteen tehd\u00e4 vapaa-ajallaan mit\u00e4 haluaa. Juhannuksena er\u00e4s kirjailija kirjoitteli h\u00e4iritsevi\u00e4 [&hellip;]<\/p>\n","protected":false},"author":1,"featured_media":0,"comment_status":"open","ping_status":"closed","sticky":false,"template":"","format":"standard","meta":{"_monsterinsights_skip_tracking":false,"_monsterinsights_sitenote_active":false,"_monsterinsights_sitenote_note":"","_monsterinsights_sitenote_category":0,"site-sidebar-layout":"default","site-content-layout":"","ast-site-content-layout":"default","site-content-style":"default","site-sidebar-style":"default","ast-global-header-display":"","ast-banner-title-visibility":"","ast-main-header-display":"","ast-hfb-above-header-display":"","ast-hfb-below-header-display":"","ast-hfb-mobile-header-display":"","site-post-title":"","ast-breadcrumbs-content":"","ast-featured-img":"","footer-sml-layout":"","ast-disable-related-posts":"","theme-transparent-header-meta":"","adv-header-id-meta":"","stick-header-meta":"","header-above-stick-meta":"","header-main-stick-meta":"","header-below-stick-meta":"","astra-migrate-meta-layouts":"default","ast-page-background-enabled":"default","ast-page-background-meta":{"desktop":{"background-color":"var(--ast-global-color-5)","background-image":"","background-repeat":"repeat","background-position":"center center","background-size":"auto","background-attachment":"scroll","background-type":"","background-media":"","overlay-type":"","overlay-color":"","overlay-opacity":"","overlay-gradient":""},"tablet":{"background-color":"","background-image":"","background-repeat":"repeat","background-position":"center center","background-size":"auto","background-attachment":"scroll","background-type":"","background-media":"","overlay-type":"","overlay-color":"","overlay-opacity":"","overlay-gradient":""},"mobile":{"background-color":"","background-image":"","background-repeat":"repeat","background-position":"center center","background-size":"auto","background-attachment":"scroll","background-type":"","background-media":"","overlay-type":"","overlay-color":"","overlay-opacity":"","overlay-gradient":""}},"ast-content-background-meta":{"desktop":{"background-color":"var(--ast-global-color-4)","background-image":"","background-repeat":"repeat","background-position":"center center","background-size":"auto","background-attachment":"scroll","background-type":"","background-media":"","overlay-type":"","overlay-color":"","overlay-opacity":"","overlay-gradient":""},"tablet":{"background-color":"var(--ast-global-color-4)","background-image":"","background-repeat":"repeat","background-position":"center center","background-size":"auto","background-attachment":"scroll","background-type":"","background-media":"","overlay-type":"","overlay-color":"","overlay-opacity":"","overlay-gradient":""},"mobile":{"background-color":"var(--ast-global-color-4)","background-image":"","background-repeat":"repeat","background-position":"center center","background-size":"auto","background-attachment":"scroll","background-type":"","background-media":"","overlay-type":"","overlay-color":"","overlay-opacity":"","overlay-gradient":""}},"footnotes":""},"categories":[2],"tags":[206,204,205,203],"class_list":["post-1306","post","type-post","status-publish","format-standard","hentry","category-blogi","tag-maahanmuutto","tag-rasismi","tag-syrjinta","tag-vihapuhe"],"yoast_head":"<!-- This site is optimized with the Yoast SEO plugin v27.5 - https:\/\/yoast.com\/product\/yoast-seo-wordpress\/ -->\n<title>Milloin vihapuheesta tuli salonkikelpoista? - Jenni Pitko - Vihreiden varapuheenjohtaja, ymp\u00e4rist\u00f6valiokunnan puheenjohtaja, kansanedustaja ja arkkitehti Oulusta<\/title>\n<meta name=\"robots\" content=\"index, follow, max-snippet:-1, max-image-preview:large, max-video-preview:-1\" \/>\n<link rel=\"canonical\" href=\"https:\/\/jennipitko.fi\/koti\/milloin-vihapuheesta-tuli-salonkikelpoista\/\" \/>\n<meta property=\"og:locale\" content=\"fi_FI\" \/>\n<meta property=\"og:type\" content=\"article\" \/>\n<meta property=\"og:title\" content=\"Milloin vihapuheesta tuli salonkikelpoista? - Jenni Pitko - Vihreiden varapuheenjohtaja, ymp\u00e4rist\u00f6valiokunnan puheenjohtaja, kansanedustaja ja arkkitehti Oulusta\" \/>\n<meta property=\"og:description\" content=\"Perussuomalaisten kansanedustajan veljeily kansallissosialistien kanssa kuitattiin yksityisajatteluna ja vedottiin kansanedustajan oikeuteen tehd\u00e4 vapaa-ajallaan mit\u00e4 haluaa. Juhannuksena er\u00e4s kirjailija kirjoitteli h\u00e4iritsevi\u00e4 [&hellip;]\" \/>\n<meta property=\"og:url\" content=\"https:\/\/jennipitko.fi\/koti\/milloin-vihapuheesta-tuli-salonkikelpoista\/\" \/>\n<meta property=\"og:site_name\" content=\"Jenni Pitko - Vihreiden varapuheenjohtaja, ymp\u00e4rist\u00f6valiokunnan puheenjohtaja, kansanedustaja ja arkkitehti Oulusta\" \/>\n<meta property=\"article:published_time\" content=\"2015-06-30T08:44:18+00:00\" \/>\n<meta property=\"article:modified_time\" content=\"2015-09-25T10:54:57+00:00\" \/>\n<meta name=\"author\" content=\"Jenni\" \/>\n<meta name=\"twitter:card\" content=\"summary_large_image\" \/>\n<meta name=\"twitter:label1\" content=\"Kirjoittanut\" \/>\n\t<meta name=\"twitter:data1\" content=\"Jenni\" \/>\n\t<meta name=\"twitter:label2\" content=\"Arvioitu lukuaika\" \/>\n\t<meta name=\"twitter:data2\" content=\"2 minuuttia\" \/>\n<script type=\"application\/ld+json\" class=\"yoast-schema-graph\">{\"@context\":\"https:\\\/\\\/schema.org\",\"@graph\":[{\"@type\":\"Article\",\"@id\":\"https:\\\/\\\/jennipitko.fi\\\/koti\\\/milloin-vihapuheesta-tuli-salonkikelpoista\\\/#article\",\"isPartOf\":{\"@id\":\"https:\\\/\\\/jennipitko.fi\\\/koti\\\/milloin-vihapuheesta-tuli-salonkikelpoista\\\/\"},\"author\":{\"name\":\"Jenni\",\"@id\":\"https:\\\/\\\/jennipitko.fi\\\/koti\\\/#\\\/schema\\\/person\\\/35955c467f851f10124809310e7e7ee8\"},\"headline\":\"Milloin vihapuheesta tuli salonkikelpoista?\",\"datePublished\":\"2015-06-30T08:44:18+00:00\",\"dateModified\":\"2015-09-25T10:54:57+00:00\",\"mainEntityOfPage\":{\"@id\":\"https:\\\/\\\/jennipitko.fi\\\/koti\\\/milloin-vihapuheesta-tuli-salonkikelpoista\\\/\"},\"wordCount\":346,\"commentCount\":0,\"publisher\":{\"@id\":\"https:\\\/\\\/jennipitko.fi\\\/koti\\\/#organization\"},\"keywords\":[\"maahanmuutto\",\"rasismi\",\"syrjint\u00e4\",\"vihapuhe\"],\"articleSection\":[\"Blogi\"],\"inLanguage\":\"fi\",\"potentialAction\":[{\"@type\":\"CommentAction\",\"name\":\"Comment\",\"target\":[\"https:\\\/\\\/jennipitko.fi\\\/koti\\\/milloin-vihapuheesta-tuli-salonkikelpoista\\\/#respond\"]}]},{\"@type\":\"WebPage\",\"@id\":\"https:\\\/\\\/jennipitko.fi\\\/koti\\\/milloin-vihapuheesta-tuli-salonkikelpoista\\\/\",\"url\":\"https:\\\/\\\/jennipitko.fi\\\/koti\\\/milloin-vihapuheesta-tuli-salonkikelpoista\\\/\",\"name\":\"Milloin vihapuheesta tuli salonkikelpoista? - Jenni Pitko - Vihreiden varapuheenjohtaja, ymp\u00e4rist\u00f6valiokunnan puheenjohtaja, kansanedustaja ja arkkitehti Oulusta\",\"isPartOf\":{\"@id\":\"https:\\\/\\\/jennipitko.fi\\\/koti\\\/#website\"},\"datePublished\":\"2015-06-30T08:44:18+00:00\",\"dateModified\":\"2015-09-25T10:54:57+00:00\",\"breadcrumb\":{\"@id\":\"https:\\\/\\\/jennipitko.fi\\\/koti\\\/milloin-vihapuheesta-tuli-salonkikelpoista\\\/#breadcrumb\"},\"inLanguage\":\"fi\",\"potentialAction\":[{\"@type\":\"ReadAction\",\"target\":[\"https:\\\/\\\/jennipitko.fi\\\/koti\\\/milloin-vihapuheesta-tuli-salonkikelpoista\\\/\"]}]},{\"@type\":\"BreadcrumbList\",\"@id\":\"https:\\\/\\\/jennipitko.fi\\\/koti\\\/milloin-vihapuheesta-tuli-salonkikelpoista\\\/#breadcrumb\",\"itemListElement\":[{\"@type\":\"ListItem\",\"position\":1,\"name\":\"Home\",\"item\":\"https:\\\/\\\/jennipitko.fi\\\/koti\\\/\"},{\"@type\":\"ListItem\",\"position\":2,\"name\":\"Milloin vihapuheesta tuli salonkikelpoista?\"}]},{\"@type\":\"WebSite\",\"@id\":\"https:\\\/\\\/jennipitko.fi\\\/koti\\\/#website\",\"url\":\"https:\\\/\\\/jennipitko.fi\\\/koti\\\/\",\"name\":\"Jenni Pitko - Vihreiden varapuheenjohtaja, ymp\u00e4rist\u00f6valiokunnan puheenjohtaja, kansanedustaja ja arkkitehti Oulusta\",\"description\":\"Jenni Pitko - Vihreiden varapuheenjohtaja, ymp\u00e4rist\u00f6valiokunnan puheenjohtaja, kansanedustaja ja arkkitehti Oulusta\",\"publisher\":{\"@id\":\"https:\\\/\\\/jennipitko.fi\\\/koti\\\/#organization\"},\"potentialAction\":[{\"@type\":\"SearchAction\",\"target\":{\"@type\":\"EntryPoint\",\"urlTemplate\":\"https:\\\/\\\/jennipitko.fi\\\/koti\\\/?s={search_term_string}\"},\"query-input\":{\"@type\":\"PropertyValueSpecification\",\"valueRequired\":true,\"valueName\":\"search_term_string\"}}],\"inLanguage\":\"fi\"},{\"@type\":\"Organization\",\"@id\":\"https:\\\/\\\/jennipitko.fi\\\/koti\\\/#organization\",\"name\":\"Jenni Pitko - Vihreiden varapuheenjohtaja, ymp\u00e4rist\u00f6valiokunnan puheenjohtaja, kansanedustaja ja arkkitehti Oulusta\",\"url\":\"https:\\\/\\\/jennipitko.fi\\\/koti\\\/\",\"logo\":{\"@type\":\"ImageObject\",\"inLanguage\":\"fi\",\"@id\":\"https:\\\/\\\/jennipitko.fi\\\/koti\\\/#\\\/schema\\\/logo\\\/image\\\/\",\"url\":\"https:\\\/\\\/jennipitko.fi\\\/koti\\\/wp-content\\\/uploads\\\/2025\\\/09\\\/Nimeton-malli-38.png\",\"contentUrl\":\"https:\\\/\\\/jennipitko.fi\\\/koti\\\/wp-content\\\/uploads\\\/2025\\\/09\\\/Nimeton-malli-38.png\",\"width\":1280,\"height\":847,\"caption\":\"Jenni Pitko - Vihreiden varapuheenjohtaja, ymp\u00e4rist\u00f6valiokunnan puheenjohtaja, kansanedustaja ja arkkitehti Oulusta\"},\"image\":{\"@id\":\"https:\\\/\\\/jennipitko.fi\\\/koti\\\/#\\\/schema\\\/logo\\\/image\\\/\"}},{\"@type\":\"Person\",\"@id\":\"https:\\\/\\\/jennipitko.fi\\\/koti\\\/#\\\/schema\\\/person\\\/35955c467f851f10124809310e7e7ee8\",\"name\":\"Jenni\",\"image\":{\"@type\":\"ImageObject\",\"inLanguage\":\"fi\",\"@id\":\"https:\\\/\\\/secure.gravatar.com\\\/avatar\\\/625a0e6413b293da7739d42617828d564a4d6028aec3f45d8939a2ba1617199f?s=96&d=blank&r=g\",\"url\":\"https:\\\/\\\/secure.gravatar.com\\\/avatar\\\/625a0e6413b293da7739d42617828d564a4d6028aec3f45d8939a2ba1617199f?s=96&d=blank&r=g\",\"contentUrl\":\"https:\\\/\\\/secure.gravatar.com\\\/avatar\\\/625a0e6413b293da7739d42617828d564a4d6028aec3f45d8939a2ba1617199f?s=96&d=blank&r=g\",\"caption\":\"Jenni\"},\"url\":\"https:\\\/\\\/jennipitko.fi\\\/koti\\\/author\\\/jenni\\\/\"}]}<\/script>\n<!-- \/ Yoast SEO plugin. -->","yoast_head_json":{"title":"Milloin vihapuheesta tuli salonkikelpoista? - Jenni Pitko - Vihreiden varapuheenjohtaja, ymp\u00e4rist\u00f6valiokunnan puheenjohtaja, kansanedustaja ja arkkitehti Oulusta","robots":{"index":"index","follow":"follow","max-snippet":"max-snippet:-1","max-image-preview":"max-image-preview:large","max-video-preview":"max-video-preview:-1"},"canonical":"https:\/\/jennipitko.fi\/koti\/milloin-vihapuheesta-tuli-salonkikelpoista\/","og_locale":"fi_FI","og_type":"article","og_title":"Milloin vihapuheesta tuli salonkikelpoista? - Jenni Pitko - Vihreiden varapuheenjohtaja, ymp\u00e4rist\u00f6valiokunnan puheenjohtaja, kansanedustaja ja arkkitehti Oulusta","og_description":"Perussuomalaisten kansanedustajan veljeily kansallissosialistien kanssa kuitattiin yksityisajatteluna ja vedottiin kansanedustajan oikeuteen tehd\u00e4 vapaa-ajallaan mit\u00e4 haluaa. Juhannuksena er\u00e4s kirjailija kirjoitteli h\u00e4iritsevi\u00e4 [&hellip;]","og_url":"https:\/\/jennipitko.fi\/koti\/milloin-vihapuheesta-tuli-salonkikelpoista\/","og_site_name":"Jenni Pitko - Vihreiden varapuheenjohtaja, ymp\u00e4rist\u00f6valiokunnan puheenjohtaja, kansanedustaja ja arkkitehti Oulusta","article_published_time":"2015-06-30T08:44:18+00:00","article_modified_time":"2015-09-25T10:54:57+00:00","author":"Jenni","twitter_card":"summary_large_image","twitter_misc":{"Kirjoittanut":"Jenni","Arvioitu lukuaika":"2 minuuttia"},"schema":{"@context":"https:\/\/schema.org","@graph":[{"@type":"Article","@id":"https:\/\/jennipitko.fi\/koti\/milloin-vihapuheesta-tuli-salonkikelpoista\/#article","isPartOf":{"@id":"https:\/\/jennipitko.fi\/koti\/milloin-vihapuheesta-tuli-salonkikelpoista\/"},"author":{"name":"Jenni","@id":"https:\/\/jennipitko.fi\/koti\/#\/schema\/person\/35955c467f851f10124809310e7e7ee8"},"headline":"Milloin vihapuheesta tuli salonkikelpoista?","datePublished":"2015-06-30T08:44:18+00:00","dateModified":"2015-09-25T10:54:57+00:00","mainEntityOfPage":{"@id":"https:\/\/jennipitko.fi\/koti\/milloin-vihapuheesta-tuli-salonkikelpoista\/"},"wordCount":346,"commentCount":0,"publisher":{"@id":"https:\/\/jennipitko.fi\/koti\/#organization"},"keywords":["maahanmuutto","rasismi","syrjint\u00e4","vihapuhe"],"articleSection":["Blogi"],"inLanguage":"fi","potentialAction":[{"@type":"CommentAction","name":"Comment","target":["https:\/\/jennipitko.fi\/koti\/milloin-vihapuheesta-tuli-salonkikelpoista\/#respond"]}]},{"@type":"WebPage","@id":"https:\/\/jennipitko.fi\/koti\/milloin-vihapuheesta-tuli-salonkikelpoista\/","url":"https:\/\/jennipitko.fi\/koti\/milloin-vihapuheesta-tuli-salonkikelpoista\/","name":"Milloin vihapuheesta tuli salonkikelpoista? - Jenni Pitko - Vihreiden varapuheenjohtaja, ymp\u00e4rist\u00f6valiokunnan puheenjohtaja, kansanedustaja ja arkkitehti Oulusta","isPartOf":{"@id":"https:\/\/jennipitko.fi\/koti\/#website"},"datePublished":"2015-06-30T08:44:18+00:00","dateModified":"2015-09-25T10:54:57+00:00","breadcrumb":{"@id":"https:\/\/jennipitko.fi\/koti\/milloin-vihapuheesta-tuli-salonkikelpoista\/#breadcrumb"},"inLanguage":"fi","potentialAction":[{"@type":"ReadAction","target":["https:\/\/jennipitko.fi\/koti\/milloin-vihapuheesta-tuli-salonkikelpoista\/"]}]},{"@type":"BreadcrumbList","@id":"https:\/\/jennipitko.fi\/koti\/milloin-vihapuheesta-tuli-salonkikelpoista\/#breadcrumb","itemListElement":[{"@type":"ListItem","position":1,"name":"Home","item":"https:\/\/jennipitko.fi\/koti\/"},{"@type":"ListItem","position":2,"name":"Milloin vihapuheesta tuli salonkikelpoista?"}]},{"@type":"WebSite","@id":"https:\/\/jennipitko.fi\/koti\/#website","url":"https:\/\/jennipitko.fi\/koti\/","name":"Jenni Pitko - Vihreiden varapuheenjohtaja, ymp\u00e4rist\u00f6valiokunnan puheenjohtaja, kansanedustaja ja arkkitehti Oulusta","description":"Jenni Pitko - Vihreiden varapuheenjohtaja, ymp\u00e4rist\u00f6valiokunnan puheenjohtaja, kansanedustaja ja arkkitehti Oulusta","publisher":{"@id":"https:\/\/jennipitko.fi\/koti\/#organization"},"potentialAction":[{"@type":"SearchAction","target":{"@type":"EntryPoint","urlTemplate":"https:\/\/jennipitko.fi\/koti\/?s={search_term_string}"},"query-input":{"@type":"PropertyValueSpecification","valueRequired":true,"valueName":"search_term_string"}}],"inLanguage":"fi"},{"@type":"Organization","@id":"https:\/\/jennipitko.fi\/koti\/#organization","name":"Jenni Pitko - Vihreiden varapuheenjohtaja, ymp\u00e4rist\u00f6valiokunnan puheenjohtaja, kansanedustaja ja arkkitehti Oulusta","url":"https:\/\/jennipitko.fi\/koti\/","logo":{"@type":"ImageObject","inLanguage":"fi","@id":"https:\/\/jennipitko.fi\/koti\/#\/schema\/logo\/image\/","url":"https:\/\/jennipitko.fi\/koti\/wp-content\/uploads\/2025\/09\/Nimeton-malli-38.png","contentUrl":"https:\/\/jennipitko.fi\/koti\/wp-content\/uploads\/2025\/09\/Nimeton-malli-38.png","width":1280,"height":847,"caption":"Jenni Pitko - Vihreiden varapuheenjohtaja, ymp\u00e4rist\u00f6valiokunnan puheenjohtaja, kansanedustaja ja arkkitehti Oulusta"},"image":{"@id":"https:\/\/jennipitko.fi\/koti\/#\/schema\/logo\/image\/"}},{"@type":"Person","@id":"https:\/\/jennipitko.fi\/koti\/#\/schema\/person\/35955c467f851f10124809310e7e7ee8","name":"Jenni","image":{"@type":"ImageObject","inLanguage":"fi","@id":"https:\/\/secure.gravatar.com\/avatar\/625a0e6413b293da7739d42617828d564a4d6028aec3f45d8939a2ba1617199f?s=96&d=blank&r=g","url":"https:\/\/secure.gravatar.com\/avatar\/625a0e6413b293da7739d42617828d564a4d6028aec3f45d8939a2ba1617199f?s=96&d=blank&r=g","contentUrl":"https:\/\/secure.gravatar.com\/avatar\/625a0e6413b293da7739d42617828d564a4d6028aec3f45d8939a2ba1617199f?s=96&d=blank&r=g","caption":"Jenni"},"url":"https:\/\/jennipitko.fi\/koti\/author\/jenni\/"}]}},"_links":{"self":[{"href":"https:\/\/jennipitko.fi\/koti\/wp-json\/wp\/v2\/posts\/1306","targetHints":{"allow":["GET"]}}],"collection":[{"href":"https:\/\/jennipitko.fi\/koti\/wp-json\/wp\/v2\/posts"}],"about":[{"href":"https:\/\/jennipitko.fi\/koti\/wp-json\/wp\/v2\/types\/post"}],"author":[{"embeddable":true,"href":"https:\/\/jennipitko.fi\/koti\/wp-json\/wp\/v2\/users\/1"}],"replies":[{"embeddable":true,"href":"https:\/\/jennipitko.fi\/koti\/wp-json\/wp\/v2\/comments?post=1306"}],"version-history":[{"count":1,"href":"https:\/\/jennipitko.fi\/koti\/wp-json\/wp\/v2\/posts\/1306\/revisions"}],"predecessor-version":[{"id":1307,"href":"https:\/\/jennipitko.fi\/koti\/wp-json\/wp\/v2\/posts\/1306\/revisions\/1307"}],"wp:attachment":[{"href":"https:\/\/jennipitko.fi\/koti\/wp-json\/wp\/v2\/media?parent=1306"}],"wp:term":[{"taxonomy":"category","embeddable":true,"href":"https:\/\/jennipitko.fi\/koti\/wp-json\/wp\/v2\/categories?post=1306"},{"taxonomy":"post_tag","embeddable":true,"href":"https:\/\/jennipitko.fi\/koti\/wp-json\/wp\/v2\/tags?post=1306"}],"curies":[{"name":"wp","href":"https:\/\/api.w.org\/{rel}","templated":true}]}}