{"id":1311,"date":"2015-09-25T13:53:02","date_gmt":"2015-09-25T10:53:02","guid":{"rendered":"http:\/\/jennipitko.fi\/koti\/?p=1311"},"modified":"2015-09-25T13:53:39","modified_gmt":"2015-09-25T10:53:39","slug":"tiivis-vai-valja-kumpi-on-hyva","status":"publish","type":"post","link":"https:\/\/jennipitko.fi\/koti\/tiivis-vai-valja-kumpi-on-hyva\/","title":{"rendered":"Tiivis vai v\u00e4lj\u00e4 \u2013 kumpi on hyv\u00e4?"},"content":{"rendered":"<p><em>Kolumni Vihre\u00e4 Lanka lehdess\u00e4 23.9.2015<\/em><\/p>\n<p>Suomen kaupungit ker\u00e4\u00e4v\u00e4t ihmisi\u00e4 maaseudulta ja kaupunkeja ymp\u00e4r\u00f6ivilt\u00e4 kehilt\u00e4. Kaupunkien kasvun ekologisuudesta kannattaa keskustella.<\/p>\n<p>Oma kotikuntani Oulu on hyv\u00e4 esimerkki pienest\u00e4 suurkaupungista, jossa pient\u00e4 keskustaa ymp\u00e4r\u00f6iv\u00e4t laajat maaseutuvy\u00f6hykkeet. Tiivist\u00e4 kaupunkia ei l\u00f6ydy neli\u00f6kilometri\u00e4 laajempaa aluetta. Kaupunki koostuu l\u00e4hinn\u00e4 v\u00e4ljist\u00e4 l\u00e4hi\u00f6ist\u00e4 ja omakotitalovaltaisista haja-asutusalueista.<\/p>\n<p>Vihre\u00e4t pit\u00e4v\u00e4t ajatuksesta tiiviist\u00e4 kaupungista, jossa matkat taitetaan taittopy\u00f6r\u00e4ll\u00e4 tai julkisella liikenteell\u00e4 sujuvasti hurauttamalla. Itsekin haaveilen siit\u00e4. Todellisuus Oulun kaltaisilla kunnilla on kuitenkin, ettei sujuva ja k\u00e4tev\u00e4 joukkoliikenne voi toteutua ilman voimakasta ja vuosia kest\u00e4v\u00e4\u00e4 tiivist\u00e4miseen t\u00e4ht\u00e4\u00e4v\u00e4\u00e4 t\u00e4ydennysrakentamista.<!--more--><\/p>\n<p>Aalto-yliopistossa tehty tutkimus kertoi yksinkertaistettuna totuutena suurelle yleis\u00f6lle, ett\u00e4 tiivis ei olekaan ekologista. Kohututkimuksen mukaan Helsingin uusilla tiiviill\u00e4 alueilla hiilijalanj\u00e4lki on keskim\u00e4\u00e4r\u00e4ist\u00e4 korkeampi.<\/p>\n<p>Tulos selittyy kuitenkin pitk\u00e4lti sill\u00e4, ett\u00e4 uusilla alueilla asuvien el\u00e4m\u00e4ntyyli on ilmastoa kuormittavampi kuin v\u00e4ljiss\u00e4 l\u00e4hi\u00f6iss\u00e4 asuvien.<\/p>\n<p>Mielenkiintoinen jatkokysymys kuuluu: voiko rakennetulla ymp\u00e4rist\u00f6ll\u00e4 vaikuttaa el\u00e4m\u00e4ntyyliin ja kulutustottumuksiin? Uskon, ett\u00e4 voi. Tutkitusti el\u00e4m\u00e4\u00e4ns\u00e4 tyytyv\u00e4inen ja onnellinen ihminen tekee kest\u00e4v\u00e4mpi\u00e4 valintoja. Pelk\u00e4n tiiviin ymp\u00e4rist\u00f6n luominen ei riit\u00e4, sen t\u00e4ytyy olla viihtyis\u00e4 ja antaa tilaa yksil\u00f6n onnellisen el\u00e4m\u00e4n luomiseen.<\/p>\n<p>Tiiviin kaupunkiymp\u00e4rist\u00f6n edut ja onnellisuutta luovat tekij\u00e4t kannattaa muistaa. Kun v\u00e4limatkat ovat lyhyit\u00e4, aikaa ei kulu turhaan liikkumiseen ja matkat voi taittaa terveytt\u00e4 edist\u00e4en k\u00e4vellen tai py\u00f6r\u00e4ll\u00e4. Tiiviiss\u00e4 ymp\u00e4rist\u00f6ss\u00e4 sosiaalisia kohtaamisia on enemm\u00e4n ja kadulla liikkuminen tuntuu turvallisemmalta. My\u00f6s liiketoiminta viihtyy tiiviiss\u00e4. Ei siis luovuta tiiviin kaupungin tavoitteesta, mutta kehitell\u00e4\u00e4n eteenp\u00e4in ajatusta onnellisesta tiiviist\u00e4 ymp\u00e4rist\u00f6st\u00e4.<\/p>\n","protected":false},"excerpt":{"rendered":"<p>Kolumni Vihre\u00e4 Lanka lehdess\u00e4 23.9.2015 Suomen kaupungit ker\u00e4\u00e4v\u00e4t ihmisi\u00e4 maaseudulta ja kaupunkeja ymp\u00e4r\u00f6ivilt\u00e4 kehilt\u00e4. Kaupunkien kasvun ekologisuudesta kannattaa keskustella. Oma [&hellip;]<\/p>\n","protected":false},"author":1,"featured_media":0,"comment_status":"open","ping_status":"closed","sticky":false,"template":"","format":"standard","meta":{"_monsterinsights_skip_tracking":false,"_monsterinsights_sitenote_active":false,"_monsterinsights_sitenote_note":"","_monsterinsights_sitenote_category":0,"site-sidebar-layout":"default","site-content-layout":"","ast-site-content-layout":"default","site-content-style":"default","site-sidebar-style":"default","ast-global-header-display":"","ast-banner-title-visibility":"","ast-main-header-display":"","ast-hfb-above-header-display":"","ast-hfb-below-header-display":"","ast-hfb-mobile-header-display":"","site-post-title":"","ast-breadcrumbs-content":"","ast-featured-img":"","footer-sml-layout":"","ast-disable-related-posts":"","theme-transparent-header-meta":"","adv-header-id-meta":"","stick-header-meta":"","header-above-stick-meta":"","header-main-stick-meta":"","header-below-stick-meta":"","astra-migrate-meta-layouts":"default","ast-page-background-enabled":"default","ast-page-background-meta":{"desktop":{"background-color":"var(--ast-global-color-5)","background-image":"","background-repeat":"repeat","background-position":"center center","background-size":"auto","background-attachment":"scroll","background-type":"","background-media":"","overlay-type":"","overlay-color":"","overlay-opacity":"","overlay-gradient":""},"tablet":{"background-color":"","background-image":"","background-repeat":"repeat","background-position":"center center","background-size":"auto","background-attachment":"scroll","background-type":"","background-media":"","overlay-type":"","overlay-color":"","overlay-opacity":"","overlay-gradient":""},"mobile":{"background-color":"","background-image":"","background-repeat":"repeat","background-position":"center center","background-size":"auto","background-attachment":"scroll","background-type":"","background-media":"","overlay-type":"","overlay-color":"","overlay-opacity":"","overlay-gradient":""}},"ast-content-background-meta":{"desktop":{"background-color":"var(--ast-global-color-4)","background-image":"","background-repeat":"repeat","background-position":"center center","background-size":"auto","background-attachment":"scroll","background-type":"","background-media":"","overlay-type":"","overlay-color":"","overlay-opacity":"","overlay-gradient":""},"tablet":{"background-color":"var(--ast-global-color-4)","background-image":"","background-repeat":"repeat","background-position":"center center","background-size":"auto","background-attachment":"scroll","background-type":"","background-media":"","overlay-type":"","overlay-color":"","overlay-opacity":"","overlay-gradient":""},"mobile":{"background-color":"var(--ast-global-color-4)","background-image":"","background-repeat":"repeat","background-position":"center center","background-size":"auto","background-attachment":"scroll","background-type":"","background-media":"","overlay-type":"","overlay-color":"","overlay-opacity":"","overlay-gradient":""}},"footnotes":""},"categories":[2],"tags":[7,207,208],"class_list":["post-1311","post","type-post","status-publish","format-standard","hentry","category-blogi","tag-joukkoliikenne","tag-kaupunkisuunnittelu","tag-tiivistaminen"],"yoast_head":"<!-- This site is optimized with the Yoast SEO plugin v27.5 - https:\/\/yoast.com\/product\/yoast-seo-wordpress\/ -->\n<title>Tiivis vai v\u00e4lj\u00e4 \u2013 kumpi on hyv\u00e4? - Jenni Pitko - Vihreiden varapuheenjohtaja, ymp\u00e4rist\u00f6valiokunnan puheenjohtaja, kansanedustaja ja arkkitehti Oulusta<\/title>\n<meta name=\"robots\" content=\"index, follow, max-snippet:-1, max-image-preview:large, max-video-preview:-1\" \/>\n<link rel=\"canonical\" href=\"https:\/\/jennipitko.fi\/koti\/tiivis-vai-valja-kumpi-on-hyva\/\" \/>\n<meta property=\"og:locale\" content=\"fi_FI\" \/>\n<meta property=\"og:type\" content=\"article\" \/>\n<meta property=\"og:title\" content=\"Tiivis vai v\u00e4lj\u00e4 \u2013 kumpi on hyv\u00e4? - Jenni Pitko - Vihreiden varapuheenjohtaja, ymp\u00e4rist\u00f6valiokunnan puheenjohtaja, kansanedustaja ja arkkitehti Oulusta\" \/>\n<meta property=\"og:description\" content=\"Kolumni Vihre\u00e4 Lanka lehdess\u00e4 23.9.2015 Suomen kaupungit ker\u00e4\u00e4v\u00e4t ihmisi\u00e4 maaseudulta ja kaupunkeja ymp\u00e4r\u00f6ivilt\u00e4 kehilt\u00e4. Kaupunkien kasvun ekologisuudesta kannattaa keskustella. Oma [&hellip;]\" \/>\n<meta property=\"og:url\" content=\"https:\/\/jennipitko.fi\/koti\/tiivis-vai-valja-kumpi-on-hyva\/\" \/>\n<meta property=\"og:site_name\" content=\"Jenni Pitko - Vihreiden varapuheenjohtaja, ymp\u00e4rist\u00f6valiokunnan puheenjohtaja, kansanedustaja ja arkkitehti Oulusta\" \/>\n<meta property=\"article:published_time\" content=\"2015-09-25T10:53:02+00:00\" \/>\n<meta property=\"article:modified_time\" content=\"2015-09-25T10:53:39+00:00\" \/>\n<meta name=\"author\" content=\"Jenni\" \/>\n<meta name=\"twitter:card\" content=\"summary_large_image\" \/>\n<meta name=\"twitter:label1\" content=\"Kirjoittanut\" \/>\n\t<meta name=\"twitter:data1\" content=\"Jenni\" \/>\n\t<meta name=\"twitter:label2\" content=\"Arvioitu lukuaika\" \/>\n\t<meta name=\"twitter:data2\" content=\"1 minuutti\" \/>\n<script type=\"application\/ld+json\" class=\"yoast-schema-graph\">{\"@context\":\"https:\\\/\\\/schema.org\",\"@graph\":[{\"@type\":\"Article\",\"@id\":\"https:\\\/\\\/jennipitko.fi\\\/koti\\\/tiivis-vai-valja-kumpi-on-hyva\\\/#article\",\"isPartOf\":{\"@id\":\"https:\\\/\\\/jennipitko.fi\\\/koti\\\/tiivis-vai-valja-kumpi-on-hyva\\\/\"},\"author\":{\"name\":\"Jenni\",\"@id\":\"https:\\\/\\\/jennipitko.fi\\\/koti\\\/#\\\/schema\\\/person\\\/35955c467f851f10124809310e7e7ee8\"},\"headline\":\"Tiivis vai v\u00e4lj\u00e4 \u2013 kumpi on hyv\u00e4?\",\"datePublished\":\"2015-09-25T10:53:02+00:00\",\"dateModified\":\"2015-09-25T10:53:39+00:00\",\"mainEntityOfPage\":{\"@id\":\"https:\\\/\\\/jennipitko.fi\\\/koti\\\/tiivis-vai-valja-kumpi-on-hyva\\\/\"},\"wordCount\":293,\"commentCount\":0,\"publisher\":{\"@id\":\"https:\\\/\\\/jennipitko.fi\\\/koti\\\/#organization\"},\"keywords\":[\"joukkoliikenne\",\"kaupunkisuunnittelu\",\"tiivist\u00e4minen\"],\"articleSection\":[\"Blogi\"],\"inLanguage\":\"fi\",\"potentialAction\":[{\"@type\":\"CommentAction\",\"name\":\"Comment\",\"target\":[\"https:\\\/\\\/jennipitko.fi\\\/koti\\\/tiivis-vai-valja-kumpi-on-hyva\\\/#respond\"]}]},{\"@type\":\"WebPage\",\"@id\":\"https:\\\/\\\/jennipitko.fi\\\/koti\\\/tiivis-vai-valja-kumpi-on-hyva\\\/\",\"url\":\"https:\\\/\\\/jennipitko.fi\\\/koti\\\/tiivis-vai-valja-kumpi-on-hyva\\\/\",\"name\":\"Tiivis vai v\u00e4lj\u00e4 \u2013 kumpi on hyv\u00e4? - Jenni Pitko - Vihreiden varapuheenjohtaja, ymp\u00e4rist\u00f6valiokunnan puheenjohtaja, kansanedustaja ja arkkitehti Oulusta\",\"isPartOf\":{\"@id\":\"https:\\\/\\\/jennipitko.fi\\\/koti\\\/#website\"},\"datePublished\":\"2015-09-25T10:53:02+00:00\",\"dateModified\":\"2015-09-25T10:53:39+00:00\",\"breadcrumb\":{\"@id\":\"https:\\\/\\\/jennipitko.fi\\\/koti\\\/tiivis-vai-valja-kumpi-on-hyva\\\/#breadcrumb\"},\"inLanguage\":\"fi\",\"potentialAction\":[{\"@type\":\"ReadAction\",\"target\":[\"https:\\\/\\\/jennipitko.fi\\\/koti\\\/tiivis-vai-valja-kumpi-on-hyva\\\/\"]}]},{\"@type\":\"BreadcrumbList\",\"@id\":\"https:\\\/\\\/jennipitko.fi\\\/koti\\\/tiivis-vai-valja-kumpi-on-hyva\\\/#breadcrumb\",\"itemListElement\":[{\"@type\":\"ListItem\",\"position\":1,\"name\":\"Home\",\"item\":\"https:\\\/\\\/jennipitko.fi\\\/koti\\\/\"},{\"@type\":\"ListItem\",\"position\":2,\"name\":\"Tiivis vai v\u00e4lj\u00e4 \u2013 kumpi on hyv\u00e4?\"}]},{\"@type\":\"WebSite\",\"@id\":\"https:\\\/\\\/jennipitko.fi\\\/koti\\\/#website\",\"url\":\"https:\\\/\\\/jennipitko.fi\\\/koti\\\/\",\"name\":\"Jenni Pitko - Vihreiden varapuheenjohtaja, ymp\u00e4rist\u00f6valiokunnan puheenjohtaja, kansanedustaja ja arkkitehti Oulusta\",\"description\":\"Jenni Pitko - Vihreiden varapuheenjohtaja, ymp\u00e4rist\u00f6valiokunnan puheenjohtaja, kansanedustaja ja arkkitehti Oulusta\",\"publisher\":{\"@id\":\"https:\\\/\\\/jennipitko.fi\\\/koti\\\/#organization\"},\"potentialAction\":[{\"@type\":\"SearchAction\",\"target\":{\"@type\":\"EntryPoint\",\"urlTemplate\":\"https:\\\/\\\/jennipitko.fi\\\/koti\\\/?s={search_term_string}\"},\"query-input\":{\"@type\":\"PropertyValueSpecification\",\"valueRequired\":true,\"valueName\":\"search_term_string\"}}],\"inLanguage\":\"fi\"},{\"@type\":\"Organization\",\"@id\":\"https:\\\/\\\/jennipitko.fi\\\/koti\\\/#organization\",\"name\":\"Jenni Pitko - Vihreiden varapuheenjohtaja, ymp\u00e4rist\u00f6valiokunnan puheenjohtaja, kansanedustaja ja arkkitehti Oulusta\",\"url\":\"https:\\\/\\\/jennipitko.fi\\\/koti\\\/\",\"logo\":{\"@type\":\"ImageObject\",\"inLanguage\":\"fi\",\"@id\":\"https:\\\/\\\/jennipitko.fi\\\/koti\\\/#\\\/schema\\\/logo\\\/image\\\/\",\"url\":\"https:\\\/\\\/jennipitko.fi\\\/koti\\\/wp-content\\\/uploads\\\/2025\\\/09\\\/Nimeton-malli-38.png\",\"contentUrl\":\"https:\\\/\\\/jennipitko.fi\\\/koti\\\/wp-content\\\/uploads\\\/2025\\\/09\\\/Nimeton-malli-38.png\",\"width\":1280,\"height\":847,\"caption\":\"Jenni Pitko - Vihreiden varapuheenjohtaja, ymp\u00e4rist\u00f6valiokunnan puheenjohtaja, kansanedustaja ja arkkitehti Oulusta\"},\"image\":{\"@id\":\"https:\\\/\\\/jennipitko.fi\\\/koti\\\/#\\\/schema\\\/logo\\\/image\\\/\"}},{\"@type\":\"Person\",\"@id\":\"https:\\\/\\\/jennipitko.fi\\\/koti\\\/#\\\/schema\\\/person\\\/35955c467f851f10124809310e7e7ee8\",\"name\":\"Jenni\",\"image\":{\"@type\":\"ImageObject\",\"inLanguage\":\"fi\",\"@id\":\"https:\\\/\\\/secure.gravatar.com\\\/avatar\\\/625a0e6413b293da7739d42617828d564a4d6028aec3f45d8939a2ba1617199f?s=96&d=blank&r=g\",\"url\":\"https:\\\/\\\/secure.gravatar.com\\\/avatar\\\/625a0e6413b293da7739d42617828d564a4d6028aec3f45d8939a2ba1617199f?s=96&d=blank&r=g\",\"contentUrl\":\"https:\\\/\\\/secure.gravatar.com\\\/avatar\\\/625a0e6413b293da7739d42617828d564a4d6028aec3f45d8939a2ba1617199f?s=96&d=blank&r=g\",\"caption\":\"Jenni\"},\"url\":\"https:\\\/\\\/jennipitko.fi\\\/koti\\\/author\\\/jenni\\\/\"}]}<\/script>\n<!-- \/ Yoast SEO plugin. -->","yoast_head_json":{"title":"Tiivis vai v\u00e4lj\u00e4 \u2013 kumpi on hyv\u00e4? - Jenni Pitko - Vihreiden varapuheenjohtaja, ymp\u00e4rist\u00f6valiokunnan puheenjohtaja, kansanedustaja ja arkkitehti Oulusta","robots":{"index":"index","follow":"follow","max-snippet":"max-snippet:-1","max-image-preview":"max-image-preview:large","max-video-preview":"max-video-preview:-1"},"canonical":"https:\/\/jennipitko.fi\/koti\/tiivis-vai-valja-kumpi-on-hyva\/","og_locale":"fi_FI","og_type":"article","og_title":"Tiivis vai v\u00e4lj\u00e4 \u2013 kumpi on hyv\u00e4? - Jenni Pitko - Vihreiden varapuheenjohtaja, ymp\u00e4rist\u00f6valiokunnan puheenjohtaja, kansanedustaja ja arkkitehti Oulusta","og_description":"Kolumni Vihre\u00e4 Lanka lehdess\u00e4 23.9.2015 Suomen kaupungit ker\u00e4\u00e4v\u00e4t ihmisi\u00e4 maaseudulta ja kaupunkeja ymp\u00e4r\u00f6ivilt\u00e4 kehilt\u00e4. Kaupunkien kasvun ekologisuudesta kannattaa keskustella. Oma [&hellip;]","og_url":"https:\/\/jennipitko.fi\/koti\/tiivis-vai-valja-kumpi-on-hyva\/","og_site_name":"Jenni Pitko - Vihreiden varapuheenjohtaja, ymp\u00e4rist\u00f6valiokunnan puheenjohtaja, kansanedustaja ja arkkitehti Oulusta","article_published_time":"2015-09-25T10:53:02+00:00","article_modified_time":"2015-09-25T10:53:39+00:00","author":"Jenni","twitter_card":"summary_large_image","twitter_misc":{"Kirjoittanut":"Jenni","Arvioitu lukuaika":"1 minuutti"},"schema":{"@context":"https:\/\/schema.org","@graph":[{"@type":"Article","@id":"https:\/\/jennipitko.fi\/koti\/tiivis-vai-valja-kumpi-on-hyva\/#article","isPartOf":{"@id":"https:\/\/jennipitko.fi\/koti\/tiivis-vai-valja-kumpi-on-hyva\/"},"author":{"name":"Jenni","@id":"https:\/\/jennipitko.fi\/koti\/#\/schema\/person\/35955c467f851f10124809310e7e7ee8"},"headline":"Tiivis vai v\u00e4lj\u00e4 \u2013 kumpi on hyv\u00e4?","datePublished":"2015-09-25T10:53:02+00:00","dateModified":"2015-09-25T10:53:39+00:00","mainEntityOfPage":{"@id":"https:\/\/jennipitko.fi\/koti\/tiivis-vai-valja-kumpi-on-hyva\/"},"wordCount":293,"commentCount":0,"publisher":{"@id":"https:\/\/jennipitko.fi\/koti\/#organization"},"keywords":["joukkoliikenne","kaupunkisuunnittelu","tiivist\u00e4minen"],"articleSection":["Blogi"],"inLanguage":"fi","potentialAction":[{"@type":"CommentAction","name":"Comment","target":["https:\/\/jennipitko.fi\/koti\/tiivis-vai-valja-kumpi-on-hyva\/#respond"]}]},{"@type":"WebPage","@id":"https:\/\/jennipitko.fi\/koti\/tiivis-vai-valja-kumpi-on-hyva\/","url":"https:\/\/jennipitko.fi\/koti\/tiivis-vai-valja-kumpi-on-hyva\/","name":"Tiivis vai v\u00e4lj\u00e4 \u2013 kumpi on hyv\u00e4? - Jenni Pitko - Vihreiden varapuheenjohtaja, ymp\u00e4rist\u00f6valiokunnan puheenjohtaja, kansanedustaja ja arkkitehti Oulusta","isPartOf":{"@id":"https:\/\/jennipitko.fi\/koti\/#website"},"datePublished":"2015-09-25T10:53:02+00:00","dateModified":"2015-09-25T10:53:39+00:00","breadcrumb":{"@id":"https:\/\/jennipitko.fi\/koti\/tiivis-vai-valja-kumpi-on-hyva\/#breadcrumb"},"inLanguage":"fi","potentialAction":[{"@type":"ReadAction","target":["https:\/\/jennipitko.fi\/koti\/tiivis-vai-valja-kumpi-on-hyva\/"]}]},{"@type":"BreadcrumbList","@id":"https:\/\/jennipitko.fi\/koti\/tiivis-vai-valja-kumpi-on-hyva\/#breadcrumb","itemListElement":[{"@type":"ListItem","position":1,"name":"Home","item":"https:\/\/jennipitko.fi\/koti\/"},{"@type":"ListItem","position":2,"name":"Tiivis vai v\u00e4lj\u00e4 \u2013 kumpi on hyv\u00e4?"}]},{"@type":"WebSite","@id":"https:\/\/jennipitko.fi\/koti\/#website","url":"https:\/\/jennipitko.fi\/koti\/","name":"Jenni Pitko - Vihreiden varapuheenjohtaja, ymp\u00e4rist\u00f6valiokunnan puheenjohtaja, kansanedustaja ja arkkitehti Oulusta","description":"Jenni Pitko - Vihreiden varapuheenjohtaja, ymp\u00e4rist\u00f6valiokunnan puheenjohtaja, kansanedustaja ja arkkitehti Oulusta","publisher":{"@id":"https:\/\/jennipitko.fi\/koti\/#organization"},"potentialAction":[{"@type":"SearchAction","target":{"@type":"EntryPoint","urlTemplate":"https:\/\/jennipitko.fi\/koti\/?s={search_term_string}"},"query-input":{"@type":"PropertyValueSpecification","valueRequired":true,"valueName":"search_term_string"}}],"inLanguage":"fi"},{"@type":"Organization","@id":"https:\/\/jennipitko.fi\/koti\/#organization","name":"Jenni Pitko - Vihreiden varapuheenjohtaja, ymp\u00e4rist\u00f6valiokunnan puheenjohtaja, kansanedustaja ja arkkitehti Oulusta","url":"https:\/\/jennipitko.fi\/koti\/","logo":{"@type":"ImageObject","inLanguage":"fi","@id":"https:\/\/jennipitko.fi\/koti\/#\/schema\/logo\/image\/","url":"https:\/\/jennipitko.fi\/koti\/wp-content\/uploads\/2025\/09\/Nimeton-malli-38.png","contentUrl":"https:\/\/jennipitko.fi\/koti\/wp-content\/uploads\/2025\/09\/Nimeton-malli-38.png","width":1280,"height":847,"caption":"Jenni Pitko - Vihreiden varapuheenjohtaja, ymp\u00e4rist\u00f6valiokunnan puheenjohtaja, kansanedustaja ja arkkitehti Oulusta"},"image":{"@id":"https:\/\/jennipitko.fi\/koti\/#\/schema\/logo\/image\/"}},{"@type":"Person","@id":"https:\/\/jennipitko.fi\/koti\/#\/schema\/person\/35955c467f851f10124809310e7e7ee8","name":"Jenni","image":{"@type":"ImageObject","inLanguage":"fi","@id":"https:\/\/secure.gravatar.com\/avatar\/625a0e6413b293da7739d42617828d564a4d6028aec3f45d8939a2ba1617199f?s=96&d=blank&r=g","url":"https:\/\/secure.gravatar.com\/avatar\/625a0e6413b293da7739d42617828d564a4d6028aec3f45d8939a2ba1617199f?s=96&d=blank&r=g","contentUrl":"https:\/\/secure.gravatar.com\/avatar\/625a0e6413b293da7739d42617828d564a4d6028aec3f45d8939a2ba1617199f?s=96&d=blank&r=g","caption":"Jenni"},"url":"https:\/\/jennipitko.fi\/koti\/author\/jenni\/"}]}},"_links":{"self":[{"href":"https:\/\/jennipitko.fi\/koti\/wp-json\/wp\/v2\/posts\/1311","targetHints":{"allow":["GET"]}}],"collection":[{"href":"https:\/\/jennipitko.fi\/koti\/wp-json\/wp\/v2\/posts"}],"about":[{"href":"https:\/\/jennipitko.fi\/koti\/wp-json\/wp\/v2\/types\/post"}],"author":[{"embeddable":true,"href":"https:\/\/jennipitko.fi\/koti\/wp-json\/wp\/v2\/users\/1"}],"replies":[{"embeddable":true,"href":"https:\/\/jennipitko.fi\/koti\/wp-json\/wp\/v2\/comments?post=1311"}],"version-history":[{"count":1,"href":"https:\/\/jennipitko.fi\/koti\/wp-json\/wp\/v2\/posts\/1311\/revisions"}],"predecessor-version":[{"id":1313,"href":"https:\/\/jennipitko.fi\/koti\/wp-json\/wp\/v2\/posts\/1311\/revisions\/1313"}],"wp:attachment":[{"href":"https:\/\/jennipitko.fi\/koti\/wp-json\/wp\/v2\/media?parent=1311"}],"wp:term":[{"taxonomy":"category","embeddable":true,"href":"https:\/\/jennipitko.fi\/koti\/wp-json\/wp\/v2\/categories?post=1311"},{"taxonomy":"post_tag","embeddable":true,"href":"https:\/\/jennipitko.fi\/koti\/wp-json\/wp\/v2\/tags?post=1311"}],"curies":[{"name":"wp","href":"https:\/\/api.w.org\/{rel}","templated":true}]}}