{"id":1314,"date":"2015-09-26T12:00:37","date_gmt":"2015-09-26T09:00:37","guid":{"rendered":"http:\/\/jennipitko.fi\/koti\/?p=1314"},"modified":"2015-09-26T12:01:19","modified_gmt":"2015-09-26T09:01:19","slug":"inhimillisyys-pakolaiskriisin-hoidon-ydin","status":"publish","type":"post","link":"https:\/\/jennipitko.fi\/koti\/inhimillisyys-pakolaiskriisin-hoidon-ydin\/","title":{"rendered":"Inhimillisyys pakolaiskriisin hoidon ydin"},"content":{"rendered":"<p>J\u00e4rkyttyneen\u00e4 olemme joutuneet lukemaan viime p\u00e4ivien v\u00e4kivaltaisuuksista, jotka on kohdistuneet turvapaikanhakijoihin, heid\u00e4n majoituspaikkoihin sek\u00e4 kuljetusv\u00e4lineisiin sek\u00e4 avustusty\u00f6ntekij\u00f6ihin. Kivityst\u00e4, polttopulloja, ilotulistusrakettien kohtiampumista. Ep\u00e4usko, suru ja pettymys ovat p\u00e4\u00e4limm\u00e4isi\u00e4 tunteita.<\/p>\n<p>Rasistiset ja v\u00e4kivaltaiset iskut eiv\u00e4t ole maahanmuuttokriittisyytt\u00e4 eik\u00e4 niill\u00e4 pyrit\u00e4 rakentamaan parempaa Suomea. N\u00e4ill\u00e4 iskuilla halutaan pelotella sek\u00e4 turvapaikanhakijoita ett\u00e4 suomalaisia ihmisi\u00e4 ja lis\u00e4t\u00e4 vastakkainasettelua. T\u00e4llaista vihaista ja rasistista toimintaa ei tarvitse suvaita vaan se tulee tuomita jyrk\u00e4sti.&nbsp;<br \/>\nPelk\u00e4\u00e4minen ja huolissaan olo on sallittua. Sit\u00e4 voidaan liennytt\u00e4\u00e4 jakamalla oikeaa tietoa ja lis\u00e4\u00e4m\u00e4ll\u00e4 positiivisia kokemuksia ja kohtaamisia. Pelolle ei kuitenkaan saa antaa valtaa.&nbsp;<\/p>\n<p>Haluaisin, ett\u00e4 Suomi on hyv\u00e4 paikka niin suomalaisille kuin muunmaalaisille ja sanoo tervetuloa h\u00e4d\u00e4nalaisille turvallista, uutta kotia etsiville pakolaisille. Kustannuksia voidaan laskea, mutta niit\u00e4 ei voida tuijottaa, sill\u00e4 turvapaikanhakijatilanteen hoitamisessa on oltava inhimillisyys. Kokonaiskustannusten laskeminen on muutenkin l\u00e4hes mahdotonta, siksi sen sijaan tulisi mietti\u00e4, miten saamme hoidettua kotouttamisen mahdollisimman hyvin ja sit\u00e4, ett\u00e4 kaikille l\u00f6ytyy mielek\u00e4st\u00e4 tekemist\u00e4 ja ty\u00f6skentelymahdollisuuksia. T\u00e4ll\u00f6in kansantalouden kannalta luku voi k\u00e4\u00e4nty\u00e4 positiiviseksi, mutta asian hoidossa keski\u00f6ss\u00e4 on aina oltava inhimillisyys.&nbsp;<\/p>\n","protected":false},"excerpt":{"rendered":"<p>J\u00e4rkyttyneen\u00e4 olemme joutuneet lukemaan viime p\u00e4ivien v\u00e4kivaltaisuuksista, jotka on kohdistuneet turvapaikanhakijoihin, heid\u00e4n majoituspaikkoihin sek\u00e4 kuljetusv\u00e4lineisiin sek\u00e4 avustusty\u00f6ntekij\u00f6ihin. Kivityst\u00e4, polttopulloja, ilotulistusrakettien [&hellip;]<\/p>\n","protected":false},"author":1,"featured_media":0,"comment_status":"closed","ping_status":"closed","sticky":false,"template":"","format":"standard","meta":{"_monsterinsights_skip_tracking":false,"_monsterinsights_sitenote_active":false,"_monsterinsights_sitenote_note":"","_monsterinsights_sitenote_category":0,"site-sidebar-layout":"default","site-content-layout":"","ast-site-content-layout":"default","site-content-style":"default","site-sidebar-style":"default","ast-global-header-display":"","ast-banner-title-visibility":"","ast-main-header-display":"","ast-hfb-above-header-display":"","ast-hfb-below-header-display":"","ast-hfb-mobile-header-display":"","site-post-title":"","ast-breadcrumbs-content":"","ast-featured-img":"","footer-sml-layout":"","ast-disable-related-posts":"","theme-transparent-header-meta":"","adv-header-id-meta":"","stick-header-meta":"","header-above-stick-meta":"","header-main-stick-meta":"","header-below-stick-meta":"","astra-migrate-meta-layouts":"default","ast-page-background-enabled":"default","ast-page-background-meta":{"desktop":{"background-color":"var(--ast-global-color-5)","background-image":"","background-repeat":"repeat","background-position":"center center","background-size":"auto","background-attachment":"scroll","background-type":"","background-media":"","overlay-type":"","overlay-color":"","overlay-opacity":"","overlay-gradient":""},"tablet":{"background-color":"","background-image":"","background-repeat":"repeat","background-position":"center center","background-size":"auto","background-attachment":"scroll","background-type":"","background-media":"","overlay-type":"","overlay-color":"","overlay-opacity":"","overlay-gradient":""},"mobile":{"background-color":"","background-image":"","background-repeat":"repeat","background-position":"center center","background-size":"auto","background-attachment":"scroll","background-type":"","background-media":"","overlay-type":"","overlay-color":"","overlay-opacity":"","overlay-gradient":""}},"ast-content-background-meta":{"desktop":{"background-color":"var(--ast-global-color-4)","background-image":"","background-repeat":"repeat","background-position":"center center","background-size":"auto","background-attachment":"scroll","background-type":"","background-media":"","overlay-type":"","overlay-color":"","overlay-opacity":"","overlay-gradient":""},"tablet":{"background-color":"var(--ast-global-color-4)","background-image":"","background-repeat":"repeat","background-position":"center center","background-size":"auto","background-attachment":"scroll","background-type":"","background-media":"","overlay-type":"","overlay-color":"","overlay-opacity":"","overlay-gradient":""},"mobile":{"background-color":"var(--ast-global-color-4)","background-image":"","background-repeat":"repeat","background-position":"center center","background-size":"auto","background-attachment":"scroll","background-type":"","background-media":"","overlay-type":"","overlay-color":"","overlay-opacity":"","overlay-gradient":""}},"footnotes":""},"categories":[1],"tags":[],"class_list":["post-1314","post","type-post","status-publish","format-standard","hentry","category-uncategorized"],"yoast_head":"<!-- This site is optimized with the Yoast SEO plugin v27.5 - https:\/\/yoast.com\/product\/yoast-seo-wordpress\/ -->\n<title>Inhimillisyys pakolaiskriisin hoidon ydin - Jenni Pitko - Vihreiden varapuheenjohtaja, ymp\u00e4rist\u00f6valiokunnan puheenjohtaja, kansanedustaja ja arkkitehti Oulusta<\/title>\n<meta name=\"robots\" content=\"index, follow, max-snippet:-1, max-image-preview:large, max-video-preview:-1\" \/>\n<link rel=\"canonical\" href=\"https:\/\/jennipitko.fi\/koti\/inhimillisyys-pakolaiskriisin-hoidon-ydin\/\" \/>\n<meta property=\"og:locale\" content=\"fi_FI\" \/>\n<meta property=\"og:type\" content=\"article\" \/>\n<meta property=\"og:title\" content=\"Inhimillisyys pakolaiskriisin hoidon ydin - Jenni Pitko - Vihreiden varapuheenjohtaja, ymp\u00e4rist\u00f6valiokunnan puheenjohtaja, kansanedustaja ja arkkitehti Oulusta\" \/>\n<meta property=\"og:description\" content=\"J\u00e4rkyttyneen\u00e4 olemme joutuneet lukemaan viime p\u00e4ivien v\u00e4kivaltaisuuksista, jotka on kohdistuneet turvapaikanhakijoihin, heid\u00e4n majoituspaikkoihin sek\u00e4 kuljetusv\u00e4lineisiin sek\u00e4 avustusty\u00f6ntekij\u00f6ihin. Kivityst\u00e4, polttopulloja, ilotulistusrakettien [&hellip;]\" \/>\n<meta property=\"og:url\" content=\"https:\/\/jennipitko.fi\/koti\/inhimillisyys-pakolaiskriisin-hoidon-ydin\/\" \/>\n<meta property=\"og:site_name\" content=\"Jenni Pitko - Vihreiden varapuheenjohtaja, ymp\u00e4rist\u00f6valiokunnan puheenjohtaja, kansanedustaja ja arkkitehti Oulusta\" \/>\n<meta property=\"article:published_time\" content=\"2015-09-26T09:00:37+00:00\" \/>\n<meta property=\"article:modified_time\" content=\"2015-09-26T09:01:19+00:00\" \/>\n<meta name=\"author\" content=\"Jenni\" \/>\n<meta name=\"twitter:card\" content=\"summary_large_image\" \/>\n<meta name=\"twitter:label1\" content=\"Kirjoittanut\" \/>\n\t<meta name=\"twitter:data1\" content=\"Jenni\" \/>\n\t<meta name=\"twitter:label2\" content=\"Arvioitu lukuaika\" \/>\n\t<meta name=\"twitter:data2\" content=\"1 minuutti\" \/>\n<script type=\"application\/ld+json\" class=\"yoast-schema-graph\">{\"@context\":\"https:\\\/\\\/schema.org\",\"@graph\":[{\"@type\":\"Article\",\"@id\":\"https:\\\/\\\/jennipitko.fi\\\/koti\\\/inhimillisyys-pakolaiskriisin-hoidon-ydin\\\/#article\",\"isPartOf\":{\"@id\":\"https:\\\/\\\/jennipitko.fi\\\/koti\\\/inhimillisyys-pakolaiskriisin-hoidon-ydin\\\/\"},\"author\":{\"name\":\"Jenni\",\"@id\":\"https:\\\/\\\/jennipitko.fi\\\/koti\\\/#\\\/schema\\\/person\\\/35955c467f851f10124809310e7e7ee8\"},\"headline\":\"Inhimillisyys pakolaiskriisin hoidon ydin\",\"datePublished\":\"2015-09-26T09:00:37+00:00\",\"dateModified\":\"2015-09-26T09:01:19+00:00\",\"mainEntityOfPage\":{\"@id\":\"https:\\\/\\\/jennipitko.fi\\\/koti\\\/inhimillisyys-pakolaiskriisin-hoidon-ydin\\\/\"},\"wordCount\":200,\"publisher\":{\"@id\":\"https:\\\/\\\/jennipitko.fi\\\/koti\\\/#organization\"},\"articleSection\":[\"Uncategorized\"],\"inLanguage\":\"fi\"},{\"@type\":\"WebPage\",\"@id\":\"https:\\\/\\\/jennipitko.fi\\\/koti\\\/inhimillisyys-pakolaiskriisin-hoidon-ydin\\\/\",\"url\":\"https:\\\/\\\/jennipitko.fi\\\/koti\\\/inhimillisyys-pakolaiskriisin-hoidon-ydin\\\/\",\"name\":\"Inhimillisyys pakolaiskriisin hoidon ydin - Jenni Pitko - Vihreiden varapuheenjohtaja, ymp\u00e4rist\u00f6valiokunnan puheenjohtaja, kansanedustaja ja arkkitehti Oulusta\",\"isPartOf\":{\"@id\":\"https:\\\/\\\/jennipitko.fi\\\/koti\\\/#website\"},\"datePublished\":\"2015-09-26T09:00:37+00:00\",\"dateModified\":\"2015-09-26T09:01:19+00:00\",\"breadcrumb\":{\"@id\":\"https:\\\/\\\/jennipitko.fi\\\/koti\\\/inhimillisyys-pakolaiskriisin-hoidon-ydin\\\/#breadcrumb\"},\"inLanguage\":\"fi\",\"potentialAction\":[{\"@type\":\"ReadAction\",\"target\":[\"https:\\\/\\\/jennipitko.fi\\\/koti\\\/inhimillisyys-pakolaiskriisin-hoidon-ydin\\\/\"]}]},{\"@type\":\"BreadcrumbList\",\"@id\":\"https:\\\/\\\/jennipitko.fi\\\/koti\\\/inhimillisyys-pakolaiskriisin-hoidon-ydin\\\/#breadcrumb\",\"itemListElement\":[{\"@type\":\"ListItem\",\"position\":1,\"name\":\"Home\",\"item\":\"https:\\\/\\\/jennipitko.fi\\\/koti\\\/\"},{\"@type\":\"ListItem\",\"position\":2,\"name\":\"Inhimillisyys pakolaiskriisin hoidon ydin\"}]},{\"@type\":\"WebSite\",\"@id\":\"https:\\\/\\\/jennipitko.fi\\\/koti\\\/#website\",\"url\":\"https:\\\/\\\/jennipitko.fi\\\/koti\\\/\",\"name\":\"Jenni Pitko - Vihreiden varapuheenjohtaja, ymp\u00e4rist\u00f6valiokunnan puheenjohtaja, kansanedustaja ja arkkitehti Oulusta\",\"description\":\"Jenni Pitko - Vihreiden varapuheenjohtaja, ymp\u00e4rist\u00f6valiokunnan puheenjohtaja, kansanedustaja ja arkkitehti Oulusta\",\"publisher\":{\"@id\":\"https:\\\/\\\/jennipitko.fi\\\/koti\\\/#organization\"},\"potentialAction\":[{\"@type\":\"SearchAction\",\"target\":{\"@type\":\"EntryPoint\",\"urlTemplate\":\"https:\\\/\\\/jennipitko.fi\\\/koti\\\/?s={search_term_string}\"},\"query-input\":{\"@type\":\"PropertyValueSpecification\",\"valueRequired\":true,\"valueName\":\"search_term_string\"}}],\"inLanguage\":\"fi\"},{\"@type\":\"Organization\",\"@id\":\"https:\\\/\\\/jennipitko.fi\\\/koti\\\/#organization\",\"name\":\"Jenni Pitko - Vihreiden varapuheenjohtaja, ymp\u00e4rist\u00f6valiokunnan puheenjohtaja, kansanedustaja ja arkkitehti Oulusta\",\"url\":\"https:\\\/\\\/jennipitko.fi\\\/koti\\\/\",\"logo\":{\"@type\":\"ImageObject\",\"inLanguage\":\"fi\",\"@id\":\"https:\\\/\\\/jennipitko.fi\\\/koti\\\/#\\\/schema\\\/logo\\\/image\\\/\",\"url\":\"https:\\\/\\\/jennipitko.fi\\\/koti\\\/wp-content\\\/uploads\\\/2025\\\/09\\\/Nimeton-malli-38.png\",\"contentUrl\":\"https:\\\/\\\/jennipitko.fi\\\/koti\\\/wp-content\\\/uploads\\\/2025\\\/09\\\/Nimeton-malli-38.png\",\"width\":1280,\"height\":847,\"caption\":\"Jenni Pitko - Vihreiden varapuheenjohtaja, ymp\u00e4rist\u00f6valiokunnan puheenjohtaja, kansanedustaja ja arkkitehti Oulusta\"},\"image\":{\"@id\":\"https:\\\/\\\/jennipitko.fi\\\/koti\\\/#\\\/schema\\\/logo\\\/image\\\/\"}},{\"@type\":\"Person\",\"@id\":\"https:\\\/\\\/jennipitko.fi\\\/koti\\\/#\\\/schema\\\/person\\\/35955c467f851f10124809310e7e7ee8\",\"name\":\"Jenni\",\"image\":{\"@type\":\"ImageObject\",\"inLanguage\":\"fi\",\"@id\":\"https:\\\/\\\/secure.gravatar.com\\\/avatar\\\/625a0e6413b293da7739d42617828d564a4d6028aec3f45d8939a2ba1617199f?s=96&d=blank&r=g\",\"url\":\"https:\\\/\\\/secure.gravatar.com\\\/avatar\\\/625a0e6413b293da7739d42617828d564a4d6028aec3f45d8939a2ba1617199f?s=96&d=blank&r=g\",\"contentUrl\":\"https:\\\/\\\/secure.gravatar.com\\\/avatar\\\/625a0e6413b293da7739d42617828d564a4d6028aec3f45d8939a2ba1617199f?s=96&d=blank&r=g\",\"caption\":\"Jenni\"},\"url\":\"https:\\\/\\\/jennipitko.fi\\\/koti\\\/author\\\/jenni\\\/\"}]}<\/script>\n<!-- \/ Yoast SEO plugin. -->","yoast_head_json":{"title":"Inhimillisyys pakolaiskriisin hoidon ydin - Jenni Pitko - Vihreiden varapuheenjohtaja, ymp\u00e4rist\u00f6valiokunnan puheenjohtaja, kansanedustaja ja arkkitehti Oulusta","robots":{"index":"index","follow":"follow","max-snippet":"max-snippet:-1","max-image-preview":"max-image-preview:large","max-video-preview":"max-video-preview:-1"},"canonical":"https:\/\/jennipitko.fi\/koti\/inhimillisyys-pakolaiskriisin-hoidon-ydin\/","og_locale":"fi_FI","og_type":"article","og_title":"Inhimillisyys pakolaiskriisin hoidon ydin - Jenni Pitko - Vihreiden varapuheenjohtaja, ymp\u00e4rist\u00f6valiokunnan puheenjohtaja, kansanedustaja ja arkkitehti Oulusta","og_description":"J\u00e4rkyttyneen\u00e4 olemme joutuneet lukemaan viime p\u00e4ivien v\u00e4kivaltaisuuksista, jotka on kohdistuneet turvapaikanhakijoihin, heid\u00e4n majoituspaikkoihin sek\u00e4 kuljetusv\u00e4lineisiin sek\u00e4 avustusty\u00f6ntekij\u00f6ihin. Kivityst\u00e4, polttopulloja, ilotulistusrakettien [&hellip;]","og_url":"https:\/\/jennipitko.fi\/koti\/inhimillisyys-pakolaiskriisin-hoidon-ydin\/","og_site_name":"Jenni Pitko - Vihreiden varapuheenjohtaja, ymp\u00e4rist\u00f6valiokunnan puheenjohtaja, kansanedustaja ja arkkitehti Oulusta","article_published_time":"2015-09-26T09:00:37+00:00","article_modified_time":"2015-09-26T09:01:19+00:00","author":"Jenni","twitter_card":"summary_large_image","twitter_misc":{"Kirjoittanut":"Jenni","Arvioitu lukuaika":"1 minuutti"},"schema":{"@context":"https:\/\/schema.org","@graph":[{"@type":"Article","@id":"https:\/\/jennipitko.fi\/koti\/inhimillisyys-pakolaiskriisin-hoidon-ydin\/#article","isPartOf":{"@id":"https:\/\/jennipitko.fi\/koti\/inhimillisyys-pakolaiskriisin-hoidon-ydin\/"},"author":{"name":"Jenni","@id":"https:\/\/jennipitko.fi\/koti\/#\/schema\/person\/35955c467f851f10124809310e7e7ee8"},"headline":"Inhimillisyys pakolaiskriisin hoidon ydin","datePublished":"2015-09-26T09:00:37+00:00","dateModified":"2015-09-26T09:01:19+00:00","mainEntityOfPage":{"@id":"https:\/\/jennipitko.fi\/koti\/inhimillisyys-pakolaiskriisin-hoidon-ydin\/"},"wordCount":200,"publisher":{"@id":"https:\/\/jennipitko.fi\/koti\/#organization"},"articleSection":["Uncategorized"],"inLanguage":"fi"},{"@type":"WebPage","@id":"https:\/\/jennipitko.fi\/koti\/inhimillisyys-pakolaiskriisin-hoidon-ydin\/","url":"https:\/\/jennipitko.fi\/koti\/inhimillisyys-pakolaiskriisin-hoidon-ydin\/","name":"Inhimillisyys pakolaiskriisin hoidon ydin - Jenni Pitko - Vihreiden varapuheenjohtaja, ymp\u00e4rist\u00f6valiokunnan puheenjohtaja, kansanedustaja ja arkkitehti Oulusta","isPartOf":{"@id":"https:\/\/jennipitko.fi\/koti\/#website"},"datePublished":"2015-09-26T09:00:37+00:00","dateModified":"2015-09-26T09:01:19+00:00","breadcrumb":{"@id":"https:\/\/jennipitko.fi\/koti\/inhimillisyys-pakolaiskriisin-hoidon-ydin\/#breadcrumb"},"inLanguage":"fi","potentialAction":[{"@type":"ReadAction","target":["https:\/\/jennipitko.fi\/koti\/inhimillisyys-pakolaiskriisin-hoidon-ydin\/"]}]},{"@type":"BreadcrumbList","@id":"https:\/\/jennipitko.fi\/koti\/inhimillisyys-pakolaiskriisin-hoidon-ydin\/#breadcrumb","itemListElement":[{"@type":"ListItem","position":1,"name":"Home","item":"https:\/\/jennipitko.fi\/koti\/"},{"@type":"ListItem","position":2,"name":"Inhimillisyys pakolaiskriisin hoidon ydin"}]},{"@type":"WebSite","@id":"https:\/\/jennipitko.fi\/koti\/#website","url":"https:\/\/jennipitko.fi\/koti\/","name":"Jenni Pitko - Vihreiden varapuheenjohtaja, ymp\u00e4rist\u00f6valiokunnan puheenjohtaja, kansanedustaja ja arkkitehti Oulusta","description":"Jenni Pitko - Vihreiden varapuheenjohtaja, ymp\u00e4rist\u00f6valiokunnan puheenjohtaja, kansanedustaja ja arkkitehti Oulusta","publisher":{"@id":"https:\/\/jennipitko.fi\/koti\/#organization"},"potentialAction":[{"@type":"SearchAction","target":{"@type":"EntryPoint","urlTemplate":"https:\/\/jennipitko.fi\/koti\/?s={search_term_string}"},"query-input":{"@type":"PropertyValueSpecification","valueRequired":true,"valueName":"search_term_string"}}],"inLanguage":"fi"},{"@type":"Organization","@id":"https:\/\/jennipitko.fi\/koti\/#organization","name":"Jenni Pitko - Vihreiden varapuheenjohtaja, ymp\u00e4rist\u00f6valiokunnan puheenjohtaja, kansanedustaja ja arkkitehti Oulusta","url":"https:\/\/jennipitko.fi\/koti\/","logo":{"@type":"ImageObject","inLanguage":"fi","@id":"https:\/\/jennipitko.fi\/koti\/#\/schema\/logo\/image\/","url":"https:\/\/jennipitko.fi\/koti\/wp-content\/uploads\/2025\/09\/Nimeton-malli-38.png","contentUrl":"https:\/\/jennipitko.fi\/koti\/wp-content\/uploads\/2025\/09\/Nimeton-malli-38.png","width":1280,"height":847,"caption":"Jenni Pitko - Vihreiden varapuheenjohtaja, ymp\u00e4rist\u00f6valiokunnan puheenjohtaja, kansanedustaja ja arkkitehti Oulusta"},"image":{"@id":"https:\/\/jennipitko.fi\/koti\/#\/schema\/logo\/image\/"}},{"@type":"Person","@id":"https:\/\/jennipitko.fi\/koti\/#\/schema\/person\/35955c467f851f10124809310e7e7ee8","name":"Jenni","image":{"@type":"ImageObject","inLanguage":"fi","@id":"https:\/\/secure.gravatar.com\/avatar\/625a0e6413b293da7739d42617828d564a4d6028aec3f45d8939a2ba1617199f?s=96&d=blank&r=g","url":"https:\/\/secure.gravatar.com\/avatar\/625a0e6413b293da7739d42617828d564a4d6028aec3f45d8939a2ba1617199f?s=96&d=blank&r=g","contentUrl":"https:\/\/secure.gravatar.com\/avatar\/625a0e6413b293da7739d42617828d564a4d6028aec3f45d8939a2ba1617199f?s=96&d=blank&r=g","caption":"Jenni"},"url":"https:\/\/jennipitko.fi\/koti\/author\/jenni\/"}]}},"_links":{"self":[{"href":"https:\/\/jennipitko.fi\/koti\/wp-json\/wp\/v2\/posts\/1314","targetHints":{"allow":["GET"]}}],"collection":[{"href":"https:\/\/jennipitko.fi\/koti\/wp-json\/wp\/v2\/posts"}],"about":[{"href":"https:\/\/jennipitko.fi\/koti\/wp-json\/wp\/v2\/types\/post"}],"author":[{"embeddable":true,"href":"https:\/\/jennipitko.fi\/koti\/wp-json\/wp\/v2\/users\/1"}],"replies":[{"embeddable":true,"href":"https:\/\/jennipitko.fi\/koti\/wp-json\/wp\/v2\/comments?post=1314"}],"version-history":[{"count":1,"href":"https:\/\/jennipitko.fi\/koti\/wp-json\/wp\/v2\/posts\/1314\/revisions"}],"predecessor-version":[{"id":1315,"href":"https:\/\/jennipitko.fi\/koti\/wp-json\/wp\/v2\/posts\/1314\/revisions\/1315"}],"wp:attachment":[{"href":"https:\/\/jennipitko.fi\/koti\/wp-json\/wp\/v2\/media?parent=1314"}],"wp:term":[{"taxonomy":"category","embeddable":true,"href":"https:\/\/jennipitko.fi\/koti\/wp-json\/wp\/v2\/categories?post=1314"},{"taxonomy":"post_tag","embeddable":true,"href":"https:\/\/jennipitko.fi\/koti\/wp-json\/wp\/v2\/tags?post=1314"}],"curies":[{"name":"wp","href":"https:\/\/api.w.org\/{rel}","templated":true}]}}