{"id":1316,"date":"2015-11-30T15:14:17","date_gmt":"2015-11-30T12:14:17","guid":{"rendered":"http:\/\/jennipitko.fi\/koti\/?p=1316"},"modified":"2015-11-30T23:30:53","modified_gmt":"2015-11-30T20:30:53","slug":"moderni-ja-valittava-kaupunki-vihreiden-ryhmapuheenvuoro-oulun-kaupungin-budjettikokouksessa","status":"publish","type":"post","link":"https:\/\/jennipitko.fi\/koti\/moderni-ja-valittava-kaupunki-vihreiden-ryhmapuheenvuoro-oulun-kaupungin-budjettikokouksessa\/","title":{"rendered":"Moderni ja v\u00e4litt\u00e4v\u00e4 kaupunki. Vihreiden ryhm\u00e4puheenvuoro Oulun kaupungin budjettikokouksessa."},"content":{"rendered":"<p>Vihre\u00e4n valtuustoryhm\u00e4n ryhm\u00e4puhe Oulun kaupungin budjettiin 30.11.2015<\/p>\n<p>Arvoisa puheenjohtaja, hyv\u00e4t valtuutetut<\/p>\n<p>Kaupunginjohtajan esitt\u00e4m\u00e4 talousarvio vuodelle 2016 jatkaa edellisten budjettien viitoittamaa linjaa. Koska talousluvut eiv\u00e4t edelleenk\u00e4\u00e4n t\u00e4sm\u00e4\u00e4, on menopuolta edelleen pyritty kovalla k\u00e4dell\u00e4 karsimaan. Hyvinvointipuolen jo t\u00e4n\u00e4 vuonna k\u00e4ynnistynytt\u00e4 rakenteellista uudistusta ja yksipuolisen valmistelun vuoksi odottamaan j\u00e4\u00e4v\u00e4\u00e4 lukiouudistusta lukuunottamatta, on menopuolen karsimiseksi keinoina p\u00e4\u00e4asiassa ollut k\u00e4yt\u00f6ss\u00e4 juustoh\u00f6yl\u00e4 ja palvelutason karsiminen.<\/p>\n<p>Olisiko kuitenkin niin, ett\u00e4 panostamalla vahvuuksiin, sijoittamalla ihmisiin ja katsomalla pidemm\u00e4ksi tulevaisuuteen, pystytt\u00e4isiin luomaan jotain uutta, toiveikkaampaa kaupunkia. Jos sen sijaan, ett\u00e4 jatkamme kurjuudessa rypemist\u00e4 ja tehtyjen virheiden suremista, ottaisimmekin kokonaan uuden suunnan ja kulkisimme kohti v\u00e4litt\u00e4v\u00e4\u00e4, modernia kaupunkia.<!--more--><\/p>\n<p>Suurimmalla otteella budjettiesitys kajoaa sivistys- ja kulttuuripalveluiden m\u00e4\u00e4r\u00e4rahoihin. Se tarkoittaa leikkaamista kouluista, p\u00e4iv\u00e4kodeista, kirjastoista, kulttuurista ja juuri niist\u00e4 palveluista, joista 90-luvun laman aikana leikkaamalla saatiin aikaan tuhoisaa j\u00e4lke\u00e4. Haluan muistuttaa, ett\u00e4 yhteiskunnasta syrj\u00e4ytynyt nuori maksaa yhteiskunnalle yli miljoonan. Laman lapsista, 87-syntyneist\u00e4 tutkimukseen osallistuneista suomalaisnuorista oli jopa viidennes tarvinnut psykiatrista apua ennen 21 ik\u00e4vuotta.<\/p>\n<p>Maamme hallitus haluaa antaa varhaiskasvatuslakia muuttamalla kunnille mahdollisuuden luopua varhaiskasvatuksen subjektiivisesta p\u00e4iv\u00e4hoito-oikeudesta ja mahdollisuuden kasvattaa ryhm\u00e4kokoja. T\u00e4h\u00e4n muutokseen ei Oulun kannata l\u00e4hte\u00e4 mukaan. Se tulee kalliiksi, lis\u00e4\u00e4 hallintoa ja eriarvoistaa perheit\u00e4, etenkin lapsia.<\/p>\n<p>Varhaiskasvatukseen satsatut eurot n\u00e4kyv\u00e4t lasten hyvinvoinnissa ja lasten kanssa ty\u00f6skentelevien jaksamisessa. Kansainv\u00e4listen tutkimusten mukaan varhaiskasvatukseen osallistuvilla lapsilla on paremmat kouluvalmiudet ja lukemaan oppimisen edellytykset.<\/p>\n<p>Sanotaan ei subjektiivisen p\u00e4iv\u00e4hoidon rajaamiselle ja ryhm\u00e4kokojen kasvattamiselle ja liityt\u00e4\u00e4n siihen komeaan suurten kaupunkien joukkoon, jotka ovat sanoneet lapsilta leikkaamiselle ei.<\/p>\n<p>Tulevassa kouluverkkotarkastelussa, jonka tekemisest\u00e4 neuvotteluissa on p\u00e4\u00e4sty yksimielisyyteen, tulee vaihtoehtoja olla tutkimassa laaja-alainen ty\u00f6ryhm\u00e4, jossa on useita asiantuntijoita ja joiden \u00e4\u00e4ni p\u00e4\u00e4see kuuluviin. Kouluverkon uudistamisessa ensisijalla on oltava lapsen etu, vasta sen j\u00e4lkeen tulevat talouden s\u00e4\u00e4st\u00f6t.<\/p>\n<p>Hyv\u00e4t valtuutetut, kaupunkimme arvot ovat rohkeus, reiluus ja vastuullisuus. Vastuullista ei ole leikata tulevaisuuden osaamiselta ja kasvulta eli koulutukselta. Reilua ei olisi j\u00e4tt\u00e4\u00e4 tulevia sukupolvia maksamaan t\u00e4n\u00e4\u00e4n tehtyjen p\u00e4\u00e4t\u00f6ksien inhimillisi\u00e4 kustannuksia eik\u00e4 rohkeutta ole se, ett\u00e4 emme uskalla uudistua kun toteamme ett\u00e4 k\u00e4yt\u00f6ss\u00e4 olleet keinot eiv\u00e4t toimi.<\/p>\n<p>Toinen askel, mik\u00e4 Oulun tulisi ottaa, on kaupungin modernisointi. Me olemme l\u00e4hes 200 000 asukkaan kaupunki, joka kasvaa ja jossa v\u00e4est\u00f6 on keskim\u00e4\u00e4r\u00e4ist\u00e4 nuorempaa. Oulussa on kuitenkin viime vuodet panostettu infarahat p\u00e4\u00e4asiassa vanhanaikaiseen infraan, autoliikenteeseen ja yksityisautoilua tukeviin pys\u00e4k\u00f6intiratkaisuihin.<\/p>\n<p>Resurssit tulisi kohdistaa modernin kaupungin infraan eli k\u00e4velyyn, py\u00f6r\u00e4ilyyn ja joukkoliikenteeseen. Raideliikenne voi olla Oulun tulevaisuus, mutta ty\u00f6t\u00e4 on alettava tekem\u00e4\u00e4n heti. T\u00e4h\u00e4n muutokseen ei budjettiesitys ei tartu, vaikka strategiassamme olemme linjanneet, ett\u00e4 k\u00e4velyn, py\u00f6r\u00e4ilyn ja joukkoliikenteen osuus kasvaa. Tilastojen, kuten Oulun ymp\u00e4rist\u00f6tilinp\u00e4\u00e4t\u00f6ksen mukaan nykyinen tapa kehitt\u00e4\u00e4 kaupunkia on lis\u00e4nnyt autoilua ja v\u00e4hent\u00e4nyt joukkoliikenteen osuutta ja py\u00f6r\u00e4ilyss\u00e4kin olemme menett\u00e4m\u00e4ss\u00e4 paikkaamme parhaana py\u00f6r\u00e4ilykaupunkina, kun vertaillaan py\u00f6r\u00e4ll\u00e4 tehtyj\u00e4 matkoja.<\/p>\n<p>Ensi vuoden aikana olisi korkea aika saada k\u00e4yntiin Oulun keskustan k\u00e4velyn ja py\u00f6r\u00e4ilyn olosuhteiden parantaminen. Moni kaupunkilainen odottaa, miss\u00e4 luvattu keskustan kehittyminen luuraa, jota Kallioparkin my\u00f6t\u00e4 lupailtiin. Hallituskadun py\u00f6r\u00e4kaistat ovat osoittautuneet hyv\u00e4ksi ratkaisuksi, niit\u00e4 siis lis\u00e4\u00e4.<\/p>\n<p>Maapolitiikassaan Oulu on jo ottanut oikeanlaisia askeleita kohdentamalla puolet luovutetuista tonteista olemassa olevan rakenteen sis\u00e4lle. Tonttien kysynn\u00e4n perusteella n\u00e4ytt\u00e4\u00e4kin silt\u00e4, ett\u00e4 kysynt\u00e4 tulee entist\u00e4kin vahvemmin kohdistumaan keskustan l\u00e4helle ja tiiviin Kaupunkirakenteen sis\u00e4lle.<\/p>\n<p>Samalla kun tiivist\u00e4mme kaupunkirakennetta, on meid\u00e4n my\u00f6s muistettava, ett\u00e4 l\u00e4hiliikunta- ja virkistysalueiden merkitys kasvaa. Tarvitsemme kaupunkia l\u00e4p\u00e4isevi\u00e4 viherk\u00e4yt\u00e4vi\u00e4 ja viihtyisi\u00e4 l\u00e4hipuistoja. Tarvitsemme kaupunkilaisille my\u00f6s kohtaamispaikkoja, joissa kaupunkikulttuuri eri muodoissaan sek\u00e4 eri tapahtumat luontevasti sijoittuvat kaupunkikuvaan.<\/p>\n<p>T\u00e4ss\u00e4 kohdassa haluammekin kiitt\u00e4\u00e4 Kuusisaaren kehitt\u00e4miseen tapahtumapuistoksi on varattu budjetissa m\u00e4\u00e4r\u00e4rahat.<\/p>\n<p>Koska juurin t\u00e4n\u00e4\u00e4n alkavassa Pariisin ilmastokokouksessa maailman maat kokoontuvat yhteen saadakseen aikaan kaikkia koskevan ilmastosopimuksen, on hyv\u00e4 mietti\u00e4 hetki my\u00f6s omaa osaamme.<\/p>\n<p>Siksi toivon, ett\u00e4 Oulu ottaa tulevien vuosien aikana rohkean askeleen energiapolitiikassa ja vaihtaa turpeen polttamisen uusiutuviin energioihin. Ilmastokuormaa voimme pienent\u00e4\u00e4 kaavoittamalla tiiviit\u00e4 ja mukavia asuinalueita. Edistet\u00e4\u00e4n joukkoliikennett\u00e4 ja v\u00e4hennet\u00e4\u00e4n yksityisautoilua. Ilmaston l\u00e4mpeneminen tulee kalliiksi monella tavalla esim. lis\u00e4\u00e4ntynein\u00e4 tulvina ja talvimatkailun v\u00e4henemisen\u00e4.<\/p>\n<p>T\u00e4n\u00e4\u00e4n syntyv\u00e4t lapset ovat 85-vuotiaita t\u00e4m\u00e4n vuosisadan lopussa. Silloin maailman l\u00e4mp\u00f6tila on nelisen astetta kuumempi kuin nyt, jos emme tee mit\u00e4\u00e4n. Olemme velkaa lastemme ja heid\u00e4n lastensa tulevaisuudelle sen, ett\u00e4 t\u00e4t\u00e4 ei tapahdu ja ett\u00e4 maailma ja Oulu, on hyv\u00e4 paikka asua viel\u00e4 silloinkin.<\/p>\n<p>Jenni Pitko<\/p>\n<p>Valtuustoryhm\u00e4n puheenjohtaja<\/p>\n<p>30.11.2015<\/p>\n","protected":false},"excerpt":{"rendered":"<p>Vihre\u00e4n valtuustoryhm\u00e4n ryhm\u00e4puhe Oulun kaupungin budjettiin 30.11.2015 Arvoisa puheenjohtaja, hyv\u00e4t valtuutetut Kaupunginjohtajan esitt\u00e4m\u00e4 talousarvio vuodelle 2016 jatkaa edellisten budjettien viitoittamaa [&hellip;]<\/p>\n","protected":false},"author":1,"featured_media":0,"comment_status":"open","ping_status":"closed","sticky":false,"template":"","format":"standard","meta":{"_monsterinsights_skip_tracking":false,"_monsterinsights_sitenote_active":false,"_monsterinsights_sitenote_note":"","_monsterinsights_sitenote_category":0,"site-sidebar-layout":"default","site-content-layout":"","ast-site-content-layout":"default","site-content-style":"default","site-sidebar-style":"default","ast-global-header-display":"","ast-banner-title-visibility":"","ast-main-header-display":"","ast-hfb-above-header-display":"","ast-hfb-below-header-display":"","ast-hfb-mobile-header-display":"","site-post-title":"","ast-breadcrumbs-content":"","ast-featured-img":"","footer-sml-layout":"","ast-disable-related-posts":"","theme-transparent-header-meta":"","adv-header-id-meta":"","stick-header-meta":"","header-above-stick-meta":"","header-main-stick-meta":"","header-below-stick-meta":"","astra-migrate-meta-layouts":"default","ast-page-background-enabled":"default","ast-page-background-meta":{"desktop":{"background-color":"var(--ast-global-color-5)","background-image":"","background-repeat":"repeat","background-position":"center center","background-size":"auto","background-attachment":"scroll","background-type":"","background-media":"","overlay-type":"","overlay-color":"","overlay-opacity":"","overlay-gradient":""},"tablet":{"background-color":"","background-image":"","background-repeat":"repeat","background-position":"center center","background-size":"auto","background-attachment":"scroll","background-type":"","background-media":"","overlay-type":"","overlay-color":"","overlay-opacity":"","overlay-gradient":""},"mobile":{"background-color":"","background-image":"","background-repeat":"repeat","background-position":"center center","background-size":"auto","background-attachment":"scroll","background-type":"","background-media":"","overlay-type":"","overlay-color":"","overlay-opacity":"","overlay-gradient":""}},"ast-content-background-meta":{"desktop":{"background-color":"var(--ast-global-color-4)","background-image":"","background-repeat":"repeat","background-position":"center center","background-size":"auto","background-attachment":"scroll","background-type":"","background-media":"","overlay-type":"","overlay-color":"","overlay-opacity":"","overlay-gradient":""},"tablet":{"background-color":"var(--ast-global-color-4)","background-image":"","background-repeat":"repeat","background-position":"center center","background-size":"auto","background-attachment":"scroll","background-type":"","background-media":"","overlay-type":"","overlay-color":"","overlay-opacity":"","overlay-gradient":""},"mobile":{"background-color":"var(--ast-global-color-4)","background-image":"","background-repeat":"repeat","background-position":"center center","background-size":"auto","background-attachment":"scroll","background-type":"","background-media":"","overlay-type":"","overlay-color":"","overlay-opacity":"","overlay-gradient":""}},"footnotes":""},"categories":[126],"tags":[],"class_list":["post-1316","post","type-post","status-publish","format-standard","hentry","category-puheeni-valtuustossa"],"yoast_head":"<!-- This site is optimized with the Yoast SEO plugin v27.5 - https:\/\/yoast.com\/product\/yoast-seo-wordpress\/ -->\n<title>Moderni ja v\u00e4litt\u00e4v\u00e4 kaupunki. Vihreiden ryhm\u00e4puheenvuoro Oulun kaupungin budjettikokouksessa. - Jenni Pitko - Vihreiden varapuheenjohtaja, ymp\u00e4rist\u00f6valiokunnan puheenjohtaja, kansanedustaja ja arkkitehti Oulusta<\/title>\n<meta name=\"robots\" content=\"index, follow, max-snippet:-1, max-image-preview:large, max-video-preview:-1\" \/>\n<link rel=\"canonical\" href=\"https:\/\/jennipitko.fi\/koti\/moderni-ja-valittava-kaupunki-vihreiden-ryhmapuheenvuoro-oulun-kaupungin-budjettikokouksessa\/\" \/>\n<meta property=\"og:locale\" content=\"fi_FI\" \/>\n<meta property=\"og:type\" content=\"article\" \/>\n<meta property=\"og:title\" content=\"Moderni ja v\u00e4litt\u00e4v\u00e4 kaupunki. Vihreiden ryhm\u00e4puheenvuoro Oulun kaupungin budjettikokouksessa. - Jenni Pitko - Vihreiden varapuheenjohtaja, ymp\u00e4rist\u00f6valiokunnan puheenjohtaja, kansanedustaja ja arkkitehti Oulusta\" \/>\n<meta property=\"og:description\" content=\"Vihre\u00e4n valtuustoryhm\u00e4n ryhm\u00e4puhe Oulun kaupungin budjettiin 30.11.2015 Arvoisa puheenjohtaja, hyv\u00e4t valtuutetut Kaupunginjohtajan esitt\u00e4m\u00e4 talousarvio vuodelle 2016 jatkaa edellisten budjettien viitoittamaa [&hellip;]\" \/>\n<meta property=\"og:url\" content=\"https:\/\/jennipitko.fi\/koti\/moderni-ja-valittava-kaupunki-vihreiden-ryhmapuheenvuoro-oulun-kaupungin-budjettikokouksessa\/\" \/>\n<meta property=\"og:site_name\" content=\"Jenni Pitko - Vihreiden varapuheenjohtaja, ymp\u00e4rist\u00f6valiokunnan puheenjohtaja, kansanedustaja ja arkkitehti Oulusta\" \/>\n<meta property=\"article:published_time\" content=\"2015-11-30T12:14:17+00:00\" \/>\n<meta property=\"article:modified_time\" content=\"2015-11-30T20:30:53+00:00\" \/>\n<meta name=\"author\" content=\"Jenni\" \/>\n<meta name=\"twitter:card\" content=\"summary_large_image\" \/>\n<meta name=\"twitter:label1\" content=\"Kirjoittanut\" \/>\n\t<meta name=\"twitter:data1\" content=\"Jenni\" \/>\n\t<meta name=\"twitter:label2\" content=\"Arvioitu lukuaika\" \/>\n\t<meta name=\"twitter:data2\" content=\"4 minuuttia\" \/>\n<script type=\"application\/ld+json\" class=\"yoast-schema-graph\">{\"@context\":\"https:\\\/\\\/schema.org\",\"@graph\":[{\"@type\":\"Article\",\"@id\":\"https:\\\/\\\/jennipitko.fi\\\/koti\\\/moderni-ja-valittava-kaupunki-vihreiden-ryhmapuheenvuoro-oulun-kaupungin-budjettikokouksessa\\\/#article\",\"isPartOf\":{\"@id\":\"https:\\\/\\\/jennipitko.fi\\\/koti\\\/moderni-ja-valittava-kaupunki-vihreiden-ryhmapuheenvuoro-oulun-kaupungin-budjettikokouksessa\\\/\"},\"author\":{\"name\":\"Jenni\",\"@id\":\"https:\\\/\\\/jennipitko.fi\\\/koti\\\/#\\\/schema\\\/person\\\/35955c467f851f10124809310e7e7ee8\"},\"headline\":\"Moderni ja v\u00e4litt\u00e4v\u00e4 kaupunki. Vihreiden ryhm\u00e4puheenvuoro Oulun kaupungin budjettikokouksessa.\",\"datePublished\":\"2015-11-30T12:14:17+00:00\",\"dateModified\":\"2015-11-30T20:30:53+00:00\",\"mainEntityOfPage\":{\"@id\":\"https:\\\/\\\/jennipitko.fi\\\/koti\\\/moderni-ja-valittava-kaupunki-vihreiden-ryhmapuheenvuoro-oulun-kaupungin-budjettikokouksessa\\\/\"},\"wordCount\":789,\"commentCount\":0,\"publisher\":{\"@id\":\"https:\\\/\\\/jennipitko.fi\\\/koti\\\/#organization\"},\"articleSection\":[\"Puheeni valtuustossa\"],\"inLanguage\":\"fi\",\"potentialAction\":[{\"@type\":\"CommentAction\",\"name\":\"Comment\",\"target\":[\"https:\\\/\\\/jennipitko.fi\\\/koti\\\/moderni-ja-valittava-kaupunki-vihreiden-ryhmapuheenvuoro-oulun-kaupungin-budjettikokouksessa\\\/#respond\"]}]},{\"@type\":\"WebPage\",\"@id\":\"https:\\\/\\\/jennipitko.fi\\\/koti\\\/moderni-ja-valittava-kaupunki-vihreiden-ryhmapuheenvuoro-oulun-kaupungin-budjettikokouksessa\\\/\",\"url\":\"https:\\\/\\\/jennipitko.fi\\\/koti\\\/moderni-ja-valittava-kaupunki-vihreiden-ryhmapuheenvuoro-oulun-kaupungin-budjettikokouksessa\\\/\",\"name\":\"Moderni ja v\u00e4litt\u00e4v\u00e4 kaupunki. Vihreiden ryhm\u00e4puheenvuoro Oulun kaupungin budjettikokouksessa. - Jenni Pitko - Vihreiden varapuheenjohtaja, ymp\u00e4rist\u00f6valiokunnan puheenjohtaja, kansanedustaja ja arkkitehti Oulusta\",\"isPartOf\":{\"@id\":\"https:\\\/\\\/jennipitko.fi\\\/koti\\\/#website\"},\"datePublished\":\"2015-11-30T12:14:17+00:00\",\"dateModified\":\"2015-11-30T20:30:53+00:00\",\"breadcrumb\":{\"@id\":\"https:\\\/\\\/jennipitko.fi\\\/koti\\\/moderni-ja-valittava-kaupunki-vihreiden-ryhmapuheenvuoro-oulun-kaupungin-budjettikokouksessa\\\/#breadcrumb\"},\"inLanguage\":\"fi\",\"potentialAction\":[{\"@type\":\"ReadAction\",\"target\":[\"https:\\\/\\\/jennipitko.fi\\\/koti\\\/moderni-ja-valittava-kaupunki-vihreiden-ryhmapuheenvuoro-oulun-kaupungin-budjettikokouksessa\\\/\"]}]},{\"@type\":\"BreadcrumbList\",\"@id\":\"https:\\\/\\\/jennipitko.fi\\\/koti\\\/moderni-ja-valittava-kaupunki-vihreiden-ryhmapuheenvuoro-oulun-kaupungin-budjettikokouksessa\\\/#breadcrumb\",\"itemListElement\":[{\"@type\":\"ListItem\",\"position\":1,\"name\":\"Home\",\"item\":\"https:\\\/\\\/jennipitko.fi\\\/koti\\\/\"},{\"@type\":\"ListItem\",\"position\":2,\"name\":\"Moderni ja v\u00e4litt\u00e4v\u00e4 kaupunki. Vihreiden ryhm\u00e4puheenvuoro Oulun kaupungin budjettikokouksessa.\"}]},{\"@type\":\"WebSite\",\"@id\":\"https:\\\/\\\/jennipitko.fi\\\/koti\\\/#website\",\"url\":\"https:\\\/\\\/jennipitko.fi\\\/koti\\\/\",\"name\":\"Jenni Pitko - Vihreiden varapuheenjohtaja, ymp\u00e4rist\u00f6valiokunnan puheenjohtaja, kansanedustaja ja arkkitehti Oulusta\",\"description\":\"Jenni Pitko - Vihreiden varapuheenjohtaja, ymp\u00e4rist\u00f6valiokunnan puheenjohtaja, kansanedustaja ja arkkitehti Oulusta\",\"publisher\":{\"@id\":\"https:\\\/\\\/jennipitko.fi\\\/koti\\\/#organization\"},\"potentialAction\":[{\"@type\":\"SearchAction\",\"target\":{\"@type\":\"EntryPoint\",\"urlTemplate\":\"https:\\\/\\\/jennipitko.fi\\\/koti\\\/?s={search_term_string}\"},\"query-input\":{\"@type\":\"PropertyValueSpecification\",\"valueRequired\":true,\"valueName\":\"search_term_string\"}}],\"inLanguage\":\"fi\"},{\"@type\":\"Organization\",\"@id\":\"https:\\\/\\\/jennipitko.fi\\\/koti\\\/#organization\",\"name\":\"Jenni Pitko - Vihreiden varapuheenjohtaja, ymp\u00e4rist\u00f6valiokunnan puheenjohtaja, kansanedustaja ja arkkitehti Oulusta\",\"url\":\"https:\\\/\\\/jennipitko.fi\\\/koti\\\/\",\"logo\":{\"@type\":\"ImageObject\",\"inLanguage\":\"fi\",\"@id\":\"https:\\\/\\\/jennipitko.fi\\\/koti\\\/#\\\/schema\\\/logo\\\/image\\\/\",\"url\":\"https:\\\/\\\/jennipitko.fi\\\/koti\\\/wp-content\\\/uploads\\\/2025\\\/09\\\/Nimeton-malli-38.png\",\"contentUrl\":\"https:\\\/\\\/jennipitko.fi\\\/koti\\\/wp-content\\\/uploads\\\/2025\\\/09\\\/Nimeton-malli-38.png\",\"width\":1280,\"height\":847,\"caption\":\"Jenni Pitko - Vihreiden varapuheenjohtaja, ymp\u00e4rist\u00f6valiokunnan puheenjohtaja, kansanedustaja ja arkkitehti Oulusta\"},\"image\":{\"@id\":\"https:\\\/\\\/jennipitko.fi\\\/koti\\\/#\\\/schema\\\/logo\\\/image\\\/\"}},{\"@type\":\"Person\",\"@id\":\"https:\\\/\\\/jennipitko.fi\\\/koti\\\/#\\\/schema\\\/person\\\/35955c467f851f10124809310e7e7ee8\",\"name\":\"Jenni\",\"image\":{\"@type\":\"ImageObject\",\"inLanguage\":\"fi\",\"@id\":\"https:\\\/\\\/secure.gravatar.com\\\/avatar\\\/625a0e6413b293da7739d42617828d564a4d6028aec3f45d8939a2ba1617199f?s=96&d=blank&r=g\",\"url\":\"https:\\\/\\\/secure.gravatar.com\\\/avatar\\\/625a0e6413b293da7739d42617828d564a4d6028aec3f45d8939a2ba1617199f?s=96&d=blank&r=g\",\"contentUrl\":\"https:\\\/\\\/secure.gravatar.com\\\/avatar\\\/625a0e6413b293da7739d42617828d564a4d6028aec3f45d8939a2ba1617199f?s=96&d=blank&r=g\",\"caption\":\"Jenni\"},\"url\":\"https:\\\/\\\/jennipitko.fi\\\/koti\\\/author\\\/jenni\\\/\"}]}<\/script>\n<!-- \/ Yoast SEO plugin. -->","yoast_head_json":{"title":"Moderni ja v\u00e4litt\u00e4v\u00e4 kaupunki. Vihreiden ryhm\u00e4puheenvuoro Oulun kaupungin budjettikokouksessa. - Jenni Pitko - Vihreiden varapuheenjohtaja, ymp\u00e4rist\u00f6valiokunnan puheenjohtaja, kansanedustaja ja arkkitehti Oulusta","robots":{"index":"index","follow":"follow","max-snippet":"max-snippet:-1","max-image-preview":"max-image-preview:large","max-video-preview":"max-video-preview:-1"},"canonical":"https:\/\/jennipitko.fi\/koti\/moderni-ja-valittava-kaupunki-vihreiden-ryhmapuheenvuoro-oulun-kaupungin-budjettikokouksessa\/","og_locale":"fi_FI","og_type":"article","og_title":"Moderni ja v\u00e4litt\u00e4v\u00e4 kaupunki. Vihreiden ryhm\u00e4puheenvuoro Oulun kaupungin budjettikokouksessa. - Jenni Pitko - Vihreiden varapuheenjohtaja, ymp\u00e4rist\u00f6valiokunnan puheenjohtaja, kansanedustaja ja arkkitehti Oulusta","og_description":"Vihre\u00e4n valtuustoryhm\u00e4n ryhm\u00e4puhe Oulun kaupungin budjettiin 30.11.2015 Arvoisa puheenjohtaja, hyv\u00e4t valtuutetut Kaupunginjohtajan esitt\u00e4m\u00e4 talousarvio vuodelle 2016 jatkaa edellisten budjettien viitoittamaa [&hellip;]","og_url":"https:\/\/jennipitko.fi\/koti\/moderni-ja-valittava-kaupunki-vihreiden-ryhmapuheenvuoro-oulun-kaupungin-budjettikokouksessa\/","og_site_name":"Jenni Pitko - Vihreiden varapuheenjohtaja, ymp\u00e4rist\u00f6valiokunnan puheenjohtaja, kansanedustaja ja arkkitehti Oulusta","article_published_time":"2015-11-30T12:14:17+00:00","article_modified_time":"2015-11-30T20:30:53+00:00","author":"Jenni","twitter_card":"summary_large_image","twitter_misc":{"Kirjoittanut":"Jenni","Arvioitu lukuaika":"4 minuuttia"},"schema":{"@context":"https:\/\/schema.org","@graph":[{"@type":"Article","@id":"https:\/\/jennipitko.fi\/koti\/moderni-ja-valittava-kaupunki-vihreiden-ryhmapuheenvuoro-oulun-kaupungin-budjettikokouksessa\/#article","isPartOf":{"@id":"https:\/\/jennipitko.fi\/koti\/moderni-ja-valittava-kaupunki-vihreiden-ryhmapuheenvuoro-oulun-kaupungin-budjettikokouksessa\/"},"author":{"name":"Jenni","@id":"https:\/\/jennipitko.fi\/koti\/#\/schema\/person\/35955c467f851f10124809310e7e7ee8"},"headline":"Moderni ja v\u00e4litt\u00e4v\u00e4 kaupunki. Vihreiden ryhm\u00e4puheenvuoro Oulun kaupungin budjettikokouksessa.","datePublished":"2015-11-30T12:14:17+00:00","dateModified":"2015-11-30T20:30:53+00:00","mainEntityOfPage":{"@id":"https:\/\/jennipitko.fi\/koti\/moderni-ja-valittava-kaupunki-vihreiden-ryhmapuheenvuoro-oulun-kaupungin-budjettikokouksessa\/"},"wordCount":789,"commentCount":0,"publisher":{"@id":"https:\/\/jennipitko.fi\/koti\/#organization"},"articleSection":["Puheeni valtuustossa"],"inLanguage":"fi","potentialAction":[{"@type":"CommentAction","name":"Comment","target":["https:\/\/jennipitko.fi\/koti\/moderni-ja-valittava-kaupunki-vihreiden-ryhmapuheenvuoro-oulun-kaupungin-budjettikokouksessa\/#respond"]}]},{"@type":"WebPage","@id":"https:\/\/jennipitko.fi\/koti\/moderni-ja-valittava-kaupunki-vihreiden-ryhmapuheenvuoro-oulun-kaupungin-budjettikokouksessa\/","url":"https:\/\/jennipitko.fi\/koti\/moderni-ja-valittava-kaupunki-vihreiden-ryhmapuheenvuoro-oulun-kaupungin-budjettikokouksessa\/","name":"Moderni ja v\u00e4litt\u00e4v\u00e4 kaupunki. Vihreiden ryhm\u00e4puheenvuoro Oulun kaupungin budjettikokouksessa. - Jenni Pitko - Vihreiden varapuheenjohtaja, ymp\u00e4rist\u00f6valiokunnan puheenjohtaja, kansanedustaja ja arkkitehti Oulusta","isPartOf":{"@id":"https:\/\/jennipitko.fi\/koti\/#website"},"datePublished":"2015-11-30T12:14:17+00:00","dateModified":"2015-11-30T20:30:53+00:00","breadcrumb":{"@id":"https:\/\/jennipitko.fi\/koti\/moderni-ja-valittava-kaupunki-vihreiden-ryhmapuheenvuoro-oulun-kaupungin-budjettikokouksessa\/#breadcrumb"},"inLanguage":"fi","potentialAction":[{"@type":"ReadAction","target":["https:\/\/jennipitko.fi\/koti\/moderni-ja-valittava-kaupunki-vihreiden-ryhmapuheenvuoro-oulun-kaupungin-budjettikokouksessa\/"]}]},{"@type":"BreadcrumbList","@id":"https:\/\/jennipitko.fi\/koti\/moderni-ja-valittava-kaupunki-vihreiden-ryhmapuheenvuoro-oulun-kaupungin-budjettikokouksessa\/#breadcrumb","itemListElement":[{"@type":"ListItem","position":1,"name":"Home","item":"https:\/\/jennipitko.fi\/koti\/"},{"@type":"ListItem","position":2,"name":"Moderni ja v\u00e4litt\u00e4v\u00e4 kaupunki. Vihreiden ryhm\u00e4puheenvuoro Oulun kaupungin budjettikokouksessa."}]},{"@type":"WebSite","@id":"https:\/\/jennipitko.fi\/koti\/#website","url":"https:\/\/jennipitko.fi\/koti\/","name":"Jenni Pitko - Vihreiden varapuheenjohtaja, ymp\u00e4rist\u00f6valiokunnan puheenjohtaja, kansanedustaja ja arkkitehti Oulusta","description":"Jenni Pitko - Vihreiden varapuheenjohtaja, ymp\u00e4rist\u00f6valiokunnan puheenjohtaja, kansanedustaja ja arkkitehti Oulusta","publisher":{"@id":"https:\/\/jennipitko.fi\/koti\/#organization"},"potentialAction":[{"@type":"SearchAction","target":{"@type":"EntryPoint","urlTemplate":"https:\/\/jennipitko.fi\/koti\/?s={search_term_string}"},"query-input":{"@type":"PropertyValueSpecification","valueRequired":true,"valueName":"search_term_string"}}],"inLanguage":"fi"},{"@type":"Organization","@id":"https:\/\/jennipitko.fi\/koti\/#organization","name":"Jenni Pitko - Vihreiden varapuheenjohtaja, ymp\u00e4rist\u00f6valiokunnan puheenjohtaja, kansanedustaja ja arkkitehti Oulusta","url":"https:\/\/jennipitko.fi\/koti\/","logo":{"@type":"ImageObject","inLanguage":"fi","@id":"https:\/\/jennipitko.fi\/koti\/#\/schema\/logo\/image\/","url":"https:\/\/jennipitko.fi\/koti\/wp-content\/uploads\/2025\/09\/Nimeton-malli-38.png","contentUrl":"https:\/\/jennipitko.fi\/koti\/wp-content\/uploads\/2025\/09\/Nimeton-malli-38.png","width":1280,"height":847,"caption":"Jenni Pitko - Vihreiden varapuheenjohtaja, ymp\u00e4rist\u00f6valiokunnan puheenjohtaja, kansanedustaja ja arkkitehti Oulusta"},"image":{"@id":"https:\/\/jennipitko.fi\/koti\/#\/schema\/logo\/image\/"}},{"@type":"Person","@id":"https:\/\/jennipitko.fi\/koti\/#\/schema\/person\/35955c467f851f10124809310e7e7ee8","name":"Jenni","image":{"@type":"ImageObject","inLanguage":"fi","@id":"https:\/\/secure.gravatar.com\/avatar\/625a0e6413b293da7739d42617828d564a4d6028aec3f45d8939a2ba1617199f?s=96&d=blank&r=g","url":"https:\/\/secure.gravatar.com\/avatar\/625a0e6413b293da7739d42617828d564a4d6028aec3f45d8939a2ba1617199f?s=96&d=blank&r=g","contentUrl":"https:\/\/secure.gravatar.com\/avatar\/625a0e6413b293da7739d42617828d564a4d6028aec3f45d8939a2ba1617199f?s=96&d=blank&r=g","caption":"Jenni"},"url":"https:\/\/jennipitko.fi\/koti\/author\/jenni\/"}]}},"_links":{"self":[{"href":"https:\/\/jennipitko.fi\/koti\/wp-json\/wp\/v2\/posts\/1316","targetHints":{"allow":["GET"]}}],"collection":[{"href":"https:\/\/jennipitko.fi\/koti\/wp-json\/wp\/v2\/posts"}],"about":[{"href":"https:\/\/jennipitko.fi\/koti\/wp-json\/wp\/v2\/types\/post"}],"author":[{"embeddable":true,"href":"https:\/\/jennipitko.fi\/koti\/wp-json\/wp\/v2\/users\/1"}],"replies":[{"embeddable":true,"href":"https:\/\/jennipitko.fi\/koti\/wp-json\/wp\/v2\/comments?post=1316"}],"version-history":[{"count":1,"href":"https:\/\/jennipitko.fi\/koti\/wp-json\/wp\/v2\/posts\/1316\/revisions"}],"predecessor-version":[{"id":1320,"href":"https:\/\/jennipitko.fi\/koti\/wp-json\/wp\/v2\/posts\/1316\/revisions\/1320"}],"wp:attachment":[{"href":"https:\/\/jennipitko.fi\/koti\/wp-json\/wp\/v2\/media?parent=1316"}],"wp:term":[{"taxonomy":"category","embeddable":true,"href":"https:\/\/jennipitko.fi\/koti\/wp-json\/wp\/v2\/categories?post=1316"},{"taxonomy":"post_tag","embeddable":true,"href":"https:\/\/jennipitko.fi\/koti\/wp-json\/wp\/v2\/tags?post=1316"}],"curies":[{"name":"wp","href":"https:\/\/api.w.org\/{rel}","templated":true}]}}