{"id":132,"date":"2012-08-17T18:19:44","date_gmt":"2012-08-17T16:19:44","guid":{"rendered":"http:\/\/henkilot.vihreat.fi\/jenni.pitko\/?p=132"},"modified":"2014-12-30T15:05:23","modified_gmt":"2014-12-30T15:05:23","slug":"miten-oulussa-asutaan","status":"publish","type":"post","link":"https:\/\/jennipitko.fi\/koti\/miten-oulussa-asutaan\/","title":{"rendered":"Asuttaisko v\u00e4h\u00e4n tiiviimmin?"},"content":{"rendered":"<p>Asumisen ekologisuus on asia mihin voimme jokainen vaikuttaa jo pienill\u00e4 teoilla; kierr\u00e4tt\u00e4m\u00e4ll\u00e4, v\u00e4hent\u00e4m\u00e4ll\u00e4 s\u00e4hk\u00f6laitteiden k\u00e4ytt\u00f6\u00e4 ja sijoittamalla s\u00e4hk\u00f6yhti\u00f6n tarjoamaan vihre\u00e4\u00e4n energiaan tai valita taloa rakentaessa ekologisia rakennusmateriaaleja, kuten puun. Yksitt\u00e4iset toimet eiv\u00e4t kuitenkaan riit\u00e4 tekem\u00e4\u00e4n asuinymp\u00e4rist\u00f6st\u00e4 ekologista. Suurimmat valinnat tehd\u00e4\u00e4n jo ennen kuin yksik\u00e4\u00e4n talo on edes rakentunut.<\/p>\n<p>Kuten yleinen tahto on, asumisen ekologisuutta on parannettava. Itse kiinnitt\u00e4isin yksitt\u00e4isten rakennusten sijaan huomion kokonaisten asuinalueiden suunnitteluun.<!--more--><\/p>\n<p>Suomalaiset asuvat niin kuin kunnissa p\u00e4\u00e4tet\u00e4\u00e4n, ja oululaiset asuvat niin kuin Oulu on suunniteltu. Kaavoitus m\u00e4\u00e4r\u00e4\u00e4 asumisv\u00e4ljyyden. Mit\u00e4 v\u00e4ljemmin asutaan, sit\u00e4 harvempaan syntyy palveluita ja sit\u00e4 pidempi matka niiden saavutettamiseksi keskim\u00e4\u00e4rin on. Yleens\u00e4 kehnommatkin tontit menev\u00e4t kaupaksi, koska niiden hinta on halpa.<\/p>\n<p>Oulu on eritt\u00e4in v\u00e4lj\u00e4sti kaavoitettu. Sen kertoo vertailu muihin Eurooppalaisiin saman kokoisiin kaupunkeihin (Freiburg, Saksa 1,465 hl\u00f6\/km\u00b2, Oulu\u00a0102,21 hl\u00f6\/km\u00b2), mutta my\u00f6s\u00a0<a href=\"http:\/\/oulu.ouka.fi\/seutu\/pdf\/ASUKASBAROMETRI2011_netti.pdf\" target=\"_blank\">Oulun seudun asukasbarometri 2011<\/a>,\u00a0joka kysyi Oulun seudulla asuvien ihmisten ty\u00f6matkan pituutta. Se on keskim\u00e4\u00e4rin jopa\u00a017,7km!<\/p>\n<p><img fetchpriority=\"high\" decoding=\"async\" class=\" alignright\" style=\"max-width: 100%;\" title=\"Karjasillan alueella asutaan tiiviisti\" src=\"http:\/\/s3-eu-west-1.amazonaws.com\/images-prod-kaleva-fi\/default\/35452644-29b4-11e1-93bf-12314303c108\/large-20091120-091120karjasilta.jpg\" alt=\"Karjasillan tiivis asuinalue. Kuva: http:\/\/www.kaleva.fi\/uutiset\/oulu\/karjasilta-on-suomen-paras\/248987\/\" width=\"364\" height=\"259\" \/><\/p>\n<p style=\"text-align: left;\">Ajattelematta ekologisuutta, onko t\u00e4m\u00e4 v\u00e4ljyys ja v\u00e4limatkat edes sit\u00e4 mit\u00e4 kaupunkilaiset haluavat? Voiko olla, ett\u00e4 kauempana asuvat olisivat ostaneet mieluummin saman hintaisen ja tasoisen asunnon\/talon l\u00e4hemp\u00e4\u00e4 palveluja ja keskustaa? Asukasbarometrista selvi\u00e4\u00e4, ett\u00e4 \u00a0suurimmat puutteet asuinymp\u00e4rist\u00f6ss\u00e4 koetaan asuinalueen puutteellisissa palveluissa sek\u00e4 joukkoliikenteen heikossa tasossa. N\u00e4m\u00e4 kaksi ovat asioita, joita on \u00e4\u00e4rimm\u00e4isen vaikea toteuttaa v\u00e4lj\u00e4sti kaavoitetussa kaupungissa laadukkaasti.<\/p>\n<p>Katsomalla netiss\u00e4 myynniss\u00e4 olevia taloja huomaa, ett\u00e4 ostaja joutuu pulittamaan suurimman neli\u00f6hinnan ihan keskustan kupeessa olevista Karjasillan taloista. Karjasilta onkin valittu muutama vuosi sitten Suomen parhaaksi asuinalueeksi. En ihmettele! Karjasilta on tiivis asuinalue, jossa on aktiivinen asukasyhteis\u00f6 ja sielt\u00e4 on vain kivenheiton matka keskustan palveluiden \u00e4\u00e4relle.<\/p>\n<p>Uskoakseni alueen talojen korkea hinta kertoo siit\u00e4, ett\u00e4 kysynt\u00e4 n\u00e4ist\u00e4 taloista on suuri. T\u00e4st\u00e4 p\u00e4\u00e4tellen\u00a0eniten kysynt\u00e4\u00e4 on tiiviiseen asumiseen ja keskustan l\u00e4heisyyteen. Joskin viihtyis\u00e4ll\u00e4 vehreydell\u00e4 ja tunnelmallisilla rintamamiestaloilla on osansa asiassa, niist\u00e4kin voisimme ottaa oppia!<\/p>\n<p>V\u00e4ite oululaisten halusta tiiviyteen saa vahvistuksen aikaisemmin mainitsemastani asukasbarometri-tutkimuksesta. Se kertoo, ett\u00e4 jopa kolmanneksen oululaisen vastaajan toiveasunto on keskustassa. Toisessa kohtaa tutkimus toteaa, ett\u00e4 asunnon ominaisuuksista juuri sijainti on se, mist\u00e4 muuttaessa\u00a0joudutaan tinkim\u00e4\u00e4n. Vain harva l\u00f6yt\u00e4\u00e4 v\u00e4h\u00e4isest\u00e4 keskustan ja sen l\u00e4hialueiden tarjonnasta mieleisen asunnon tai jos l\u00f6yt\u00e4\u00e4, niin harva ehtii napata sen ennen kuin se on jo myyty. My\u00f6s hinnan puolesta se ei sovi monellekaan asunnonostajalle.<\/p>\n<p><img decoding=\"async\" class=\"alignleft\" title=\"toiveasunnon sijainti\" src=\"http:\/\/henkilot.vihreat.fi\/jenni.pitko\/files\/2012\/08\/toiveasunnon-sijainti1.jpg\" alt=\"Toiveasunnon Sijainti1\" width=\"390\" height=\"222\"><\/p>\n<p><img decoding=\"async\" class=\"alignleft  wp-image-136\" style=\"cursor: default; outline-width: 0px; outline-style: initial; outline-color: initial; font-weight: inherit; font-style: inherit; font-size: 13px; font-family: inherit; vertical-align: baseline; text-decoration: none; background-image: initial; background-attachment: initial; background-origin: initial; background-clip: initial; background-color: transparent; float: left; background-position: initial initial; background-repeat: initial initial; padding: 0px; margin: 0px 1em 1em 0px; border: 0px initial initial;\" title=\"muuttaessa_tingitaan\" src=\"http:\/\/henkilot.vihreat.fi\/jenni.pitko\/files\/2012\/08\/muuttaessa_tingitaan1.jpg\" alt=\"Muuttaessa Tingitaan1\" width=\"390\" height=\"191\"><\/p>\n<p>Aina on ja tulee olemaan my\u00f6s ihmisi\u00e4 jotka haluavat asua kauempana, ket\u00e4\u00e4n en l\u00e4htisi pakottamaan muuttamaan. Asumista pit\u00e4\u00e4 kuitenkin mielest\u00e4ni ohjata tonttipolitiikalla ja kaavoituksella tiiviimm\u00e4ksi. Lis\u00e4ksi haja-asutusta voitaisiin hillit\u00e4 haittaverotuksella, jolla kompensoitaisiin aiheutettua ymp\u00e4rist\u00f6kuormaa. Veroilla ker\u00e4tyt tuotot sijoitetaan uusiutuvien enrgiamutojen tukemiseen.<\/p>\n<p>T\u00e4rkeint\u00e4 joka tapauksessa on, ett\u00e4 niiden jotka eiv\u00e4t halua asua palveluiden saavuttamattomissa, ei tarvitsisi.<\/p>\n<p>Vaikka t\u00e4n\u00e4 p\u00e4iv\u00e4n\u00e4 ei ole mielt\u00e4 rakentaa keskustan v\u00e4litt\u00f6m\u00e4\u00e4n l\u00e4heisyyteen Karjasillan kaltaista omakotitaloaluetta, on meill\u00e4 alueesta ja sen tyytyv\u00e4isist\u00e4 asukkaista paljon opittavaa.<\/p>\n<p>Jos kaavoittaisimme tiiviimmin, ja osoittaisimme t\u00e4ydennysrakentamista jo rakennetuille alueille, olisi useammalla ihmisell\u00e4 mahdollisuus asua palveluiden l\u00e4heisyydess\u00e4. My\u00f6s ne kaivatut l\u00e4hipalvelut ja joukkoliikenne voisivat toimia.<\/p>\n<p>Olen kuullut, ett\u00e4 todellisuudessa Hiukkavaaran tulevalle asuinalueelle kaavaillut 20 000 asukasta voisi sijoittaa helposti Oulun jo rakennetuille alueille.<\/p>\n<p>Kuva Karjasillan asuinalueesta, l\u00e4hde:\u00a0http:\/\/www.kaleva.fi\/uutiset\/oulu\/karjasilta-on-suomen-paras\/248987\/<\/p>\n<p><a title=\"Oulun seudun asukasbarometri 2011\" href=\"http:\/\/oulu.ouka.fi\/seutu\/pdf\/ASUKASBAROMETRI2011_netti.pdf\" target=\"_blank\">T\u00e4ss\u00e4 linkki<\/a> asukasbarometrin tuloksiin<\/p>\n","protected":false},"excerpt":{"rendered":"<p>Asumisen ekologisuus on asia mihin voimme jokainen vaikuttaa jo pienill\u00e4 teoilla; kierr\u00e4tt\u00e4m\u00e4ll\u00e4, v\u00e4hent\u00e4m\u00e4ll\u00e4 s\u00e4hk\u00f6laitteiden k\u00e4ytt\u00f6\u00e4 ja sijoittamalla s\u00e4hk\u00f6yhti\u00f6n tarjoamaan vihre\u00e4\u00e4n [&hellip;]<\/p>\n","protected":false},"author":2,"featured_media":0,"comment_status":"open","ping_status":"open","sticky":false,"template":"","format":"standard","meta":{"_monsterinsights_skip_tracking":false,"_monsterinsights_sitenote_active":false,"_monsterinsights_sitenote_note":"","_monsterinsights_sitenote_category":0,"site-sidebar-layout":"default","site-content-layout":"","ast-site-content-layout":"default","site-content-style":"default","site-sidebar-style":"default","ast-global-header-display":"","ast-banner-title-visibility":"","ast-main-header-display":"","ast-hfb-above-header-display":"","ast-hfb-below-header-display":"","ast-hfb-mobile-header-display":"","site-post-title":"","ast-breadcrumbs-content":"","ast-featured-img":"","footer-sml-layout":"","ast-disable-related-posts":"","theme-transparent-header-meta":"","adv-header-id-meta":"","stick-header-meta":"","header-above-stick-meta":"","header-main-stick-meta":"","header-below-stick-meta":"","astra-migrate-meta-layouts":"default","ast-page-background-enabled":"default","ast-page-background-meta":{"desktop":{"background-color":"var(--ast-global-color-5)","background-image":"","background-repeat":"repeat","background-position":"center center","background-size":"auto","background-attachment":"scroll","background-type":"","background-media":"","overlay-type":"","overlay-color":"","overlay-opacity":"","overlay-gradient":""},"tablet":{"background-color":"","background-image":"","background-repeat":"repeat","background-position":"center center","background-size":"auto","background-attachment":"scroll","background-type":"","background-media":"","overlay-type":"","overlay-color":"","overlay-opacity":"","overlay-gradient":""},"mobile":{"background-color":"","background-image":"","background-repeat":"repeat","background-position":"center center","background-size":"auto","background-attachment":"scroll","background-type":"","background-media":"","overlay-type":"","overlay-color":"","overlay-opacity":"","overlay-gradient":""}},"ast-content-background-meta":{"desktop":{"background-color":"var(--ast-global-color-4)","background-image":"","background-repeat":"repeat","background-position":"center center","background-size":"auto","background-attachment":"scroll","background-type":"","background-media":"","overlay-type":"","overlay-color":"","overlay-opacity":"","overlay-gradient":""},"tablet":{"background-color":"var(--ast-global-color-4)","background-image":"","background-repeat":"repeat","background-position":"center center","background-size":"auto","background-attachment":"scroll","background-type":"","background-media":"","overlay-type":"","overlay-color":"","overlay-opacity":"","overlay-gradient":""},"mobile":{"background-color":"var(--ast-global-color-4)","background-image":"","background-repeat":"repeat","background-position":"center center","background-size":"auto","background-attachment":"scroll","background-type":"","background-media":"","overlay-type":"","overlay-color":"","overlay-opacity":"","overlay-gradient":""}},"footnotes":""},"categories":[2],"tags":[3,4,5,6,7,8,9],"class_list":["post-132","post","type-post","status-publish","format-standard","hentry","category-blogi","tag-asukas","tag-asukasbarometri","tag-asuminen","tag-ekologisuus","tag-joukkoliikenne","tag-kaavoitus","tag-oulu"],"yoast_head":"<!-- This site is optimized with the Yoast SEO plugin v27.5 - https:\/\/yoast.com\/product\/yoast-seo-wordpress\/ -->\n<title>Asuttaisko v\u00e4h\u00e4n tiiviimmin? - Jenni Pitko - Vihreiden varapuheenjohtaja, ymp\u00e4rist\u00f6valiokunnan puheenjohtaja, kansanedustaja ja arkkitehti Oulusta<\/title>\n<meta name=\"robots\" content=\"index, follow, max-snippet:-1, max-image-preview:large, max-video-preview:-1\" \/>\n<link rel=\"canonical\" href=\"https:\/\/jennipitko.fi\/koti\/miten-oulussa-asutaan\/\" \/>\n<meta property=\"og:locale\" content=\"fi_FI\" \/>\n<meta property=\"og:type\" content=\"article\" \/>\n<meta property=\"og:title\" content=\"Asuttaisko v\u00e4h\u00e4n tiiviimmin? - Jenni Pitko - Vihreiden varapuheenjohtaja, ymp\u00e4rist\u00f6valiokunnan puheenjohtaja, kansanedustaja ja arkkitehti Oulusta\" \/>\n<meta property=\"og:description\" content=\"Asumisen ekologisuus on asia mihin voimme jokainen vaikuttaa jo pienill\u00e4 teoilla; kierr\u00e4tt\u00e4m\u00e4ll\u00e4, v\u00e4hent\u00e4m\u00e4ll\u00e4 s\u00e4hk\u00f6laitteiden k\u00e4ytt\u00f6\u00e4 ja sijoittamalla s\u00e4hk\u00f6yhti\u00f6n tarjoamaan vihre\u00e4\u00e4n [&hellip;]\" \/>\n<meta property=\"og:url\" content=\"https:\/\/jennipitko.fi\/koti\/miten-oulussa-asutaan\/\" \/>\n<meta property=\"og:site_name\" content=\"Jenni Pitko - Vihreiden varapuheenjohtaja, ymp\u00e4rist\u00f6valiokunnan puheenjohtaja, kansanedustaja ja arkkitehti Oulusta\" \/>\n<meta property=\"article:published_time\" content=\"2012-08-17T16:19:44+00:00\" \/>\n<meta property=\"article:modified_time\" content=\"2014-12-30T15:05:23+00:00\" \/>\n<meta property=\"og:image\" content=\"http:\/\/s3-eu-west-1.amazonaws.com\/images-prod-kaleva-fi\/default\/35452644-29b4-11e1-93bf-12314303c108\/large-20091120-091120karjasilta.jpg\" \/>\n<meta name=\"author\" content=\"Jenni\" \/>\n<meta name=\"twitter:card\" content=\"summary_large_image\" \/>\n<meta name=\"twitter:label1\" content=\"Kirjoittanut\" \/>\n\t<meta name=\"twitter:data1\" content=\"Jenni\" \/>\n\t<meta name=\"twitter:label2\" content=\"Arvioitu lukuaika\" \/>\n\t<meta name=\"twitter:data2\" content=\"3 minuuttia\" \/>\n<script type=\"application\/ld+json\" class=\"yoast-schema-graph\">{\"@context\":\"https:\\\/\\\/schema.org\",\"@graph\":[{\"@type\":\"Article\",\"@id\":\"https:\\\/\\\/jennipitko.fi\\\/koti\\\/miten-oulussa-asutaan\\\/#article\",\"isPartOf\":{\"@id\":\"https:\\\/\\\/jennipitko.fi\\\/koti\\\/miten-oulussa-asutaan\\\/\"},\"author\":{\"name\":\"Jenni\",\"@id\":\"https:\\\/\\\/jennipitko.fi\\\/koti\\\/#\\\/schema\\\/person\\\/3f242bfe958144234373266ea416e4d6\"},\"headline\":\"Asuttaisko v\u00e4h\u00e4n tiiviimmin?\",\"datePublished\":\"2012-08-17T16:19:44+00:00\",\"dateModified\":\"2014-12-30T15:05:23+00:00\",\"mainEntityOfPage\":{\"@id\":\"https:\\\/\\\/jennipitko.fi\\\/koti\\\/miten-oulussa-asutaan\\\/\"},\"wordCount\":573,\"commentCount\":0,\"publisher\":{\"@id\":\"https:\\\/\\\/jennipitko.fi\\\/koti\\\/#organization\"},\"image\":{\"@id\":\"https:\\\/\\\/jennipitko.fi\\\/koti\\\/miten-oulussa-asutaan\\\/#primaryimage\"},\"thumbnailUrl\":\"http:\\\/\\\/s3-eu-west-1.amazonaws.com\\\/images-prod-kaleva-fi\\\/default\\\/35452644-29b4-11e1-93bf-12314303c108\\\/large-20091120-091120karjasilta.jpg\",\"keywords\":[\"asukas\",\"asukasbarometri\",\"asuminen\",\"ekologisuus\",\"joukkoliikenne\",\"kaavoitus\",\"oulu\"],\"articleSection\":[\"Blogi\"],\"inLanguage\":\"fi\",\"potentialAction\":[{\"@type\":\"CommentAction\",\"name\":\"Comment\",\"target\":[\"https:\\\/\\\/jennipitko.fi\\\/koti\\\/miten-oulussa-asutaan\\\/#respond\"]}]},{\"@type\":\"WebPage\",\"@id\":\"https:\\\/\\\/jennipitko.fi\\\/koti\\\/miten-oulussa-asutaan\\\/\",\"url\":\"https:\\\/\\\/jennipitko.fi\\\/koti\\\/miten-oulussa-asutaan\\\/\",\"name\":\"Asuttaisko v\u00e4h\u00e4n tiiviimmin? - Jenni Pitko - Vihreiden varapuheenjohtaja, ymp\u00e4rist\u00f6valiokunnan puheenjohtaja, kansanedustaja ja arkkitehti Oulusta\",\"isPartOf\":{\"@id\":\"https:\\\/\\\/jennipitko.fi\\\/koti\\\/#website\"},\"primaryImageOfPage\":{\"@id\":\"https:\\\/\\\/jennipitko.fi\\\/koti\\\/miten-oulussa-asutaan\\\/#primaryimage\"},\"image\":{\"@id\":\"https:\\\/\\\/jennipitko.fi\\\/koti\\\/miten-oulussa-asutaan\\\/#primaryimage\"},\"thumbnailUrl\":\"http:\\\/\\\/s3-eu-west-1.amazonaws.com\\\/images-prod-kaleva-fi\\\/default\\\/35452644-29b4-11e1-93bf-12314303c108\\\/large-20091120-091120karjasilta.jpg\",\"datePublished\":\"2012-08-17T16:19:44+00:00\",\"dateModified\":\"2014-12-30T15:05:23+00:00\",\"breadcrumb\":{\"@id\":\"https:\\\/\\\/jennipitko.fi\\\/koti\\\/miten-oulussa-asutaan\\\/#breadcrumb\"},\"inLanguage\":\"fi\",\"potentialAction\":[{\"@type\":\"ReadAction\",\"target\":[\"https:\\\/\\\/jennipitko.fi\\\/koti\\\/miten-oulussa-asutaan\\\/\"]}]},{\"@type\":\"ImageObject\",\"inLanguage\":\"fi\",\"@id\":\"https:\\\/\\\/jennipitko.fi\\\/koti\\\/miten-oulussa-asutaan\\\/#primaryimage\",\"url\":\"http:\\\/\\\/s3-eu-west-1.amazonaws.com\\\/images-prod-kaleva-fi\\\/default\\\/35452644-29b4-11e1-93bf-12314303c108\\\/large-20091120-091120karjasilta.jpg\",\"contentUrl\":\"http:\\\/\\\/s3-eu-west-1.amazonaws.com\\\/images-prod-kaleva-fi\\\/default\\\/35452644-29b4-11e1-93bf-12314303c108\\\/large-20091120-091120karjasilta.jpg\"},{\"@type\":\"BreadcrumbList\",\"@id\":\"https:\\\/\\\/jennipitko.fi\\\/koti\\\/miten-oulussa-asutaan\\\/#breadcrumb\",\"itemListElement\":[{\"@type\":\"ListItem\",\"position\":1,\"name\":\"Home\",\"item\":\"https:\\\/\\\/jennipitko.fi\\\/koti\\\/\"},{\"@type\":\"ListItem\",\"position\":2,\"name\":\"Asuttaisko v\u00e4h\u00e4n tiiviimmin?\"}]},{\"@type\":\"WebSite\",\"@id\":\"https:\\\/\\\/jennipitko.fi\\\/koti\\\/#website\",\"url\":\"https:\\\/\\\/jennipitko.fi\\\/koti\\\/\",\"name\":\"Jenni Pitko - Vihreiden varapuheenjohtaja, ymp\u00e4rist\u00f6valiokunnan puheenjohtaja, kansanedustaja ja arkkitehti Oulusta\",\"description\":\"Jenni Pitko - Vihreiden varapuheenjohtaja, ymp\u00e4rist\u00f6valiokunnan puheenjohtaja, kansanedustaja ja arkkitehti Oulusta\",\"publisher\":{\"@id\":\"https:\\\/\\\/jennipitko.fi\\\/koti\\\/#organization\"},\"potentialAction\":[{\"@type\":\"SearchAction\",\"target\":{\"@type\":\"EntryPoint\",\"urlTemplate\":\"https:\\\/\\\/jennipitko.fi\\\/koti\\\/?s={search_term_string}\"},\"query-input\":{\"@type\":\"PropertyValueSpecification\",\"valueRequired\":true,\"valueName\":\"search_term_string\"}}],\"inLanguage\":\"fi\"},{\"@type\":\"Organization\",\"@id\":\"https:\\\/\\\/jennipitko.fi\\\/koti\\\/#organization\",\"name\":\"Jenni Pitko - Vihreiden varapuheenjohtaja, ymp\u00e4rist\u00f6valiokunnan puheenjohtaja, kansanedustaja ja arkkitehti Oulusta\",\"url\":\"https:\\\/\\\/jennipitko.fi\\\/koti\\\/\",\"logo\":{\"@type\":\"ImageObject\",\"inLanguage\":\"fi\",\"@id\":\"https:\\\/\\\/jennipitko.fi\\\/koti\\\/#\\\/schema\\\/logo\\\/image\\\/\",\"url\":\"https:\\\/\\\/jennipitko.fi\\\/koti\\\/wp-content\\\/uploads\\\/2025\\\/09\\\/Nimeton-malli-38.png\",\"contentUrl\":\"https:\\\/\\\/jennipitko.fi\\\/koti\\\/wp-content\\\/uploads\\\/2025\\\/09\\\/Nimeton-malli-38.png\",\"width\":1280,\"height\":847,\"caption\":\"Jenni Pitko - Vihreiden varapuheenjohtaja, ymp\u00e4rist\u00f6valiokunnan puheenjohtaja, kansanedustaja ja arkkitehti Oulusta\"},\"image\":{\"@id\":\"https:\\\/\\\/jennipitko.fi\\\/koti\\\/#\\\/schema\\\/logo\\\/image\\\/\"}},{\"@type\":\"Person\",\"@id\":\"https:\\\/\\\/jennipitko.fi\\\/koti\\\/#\\\/schema\\\/person\\\/3f242bfe958144234373266ea416e4d6\",\"name\":\"Jenni\",\"image\":{\"@type\":\"ImageObject\",\"inLanguage\":\"fi\",\"@id\":\"https:\\\/\\\/secure.gravatar.com\\\/avatar\\\/469343e1290c3e818159b4a4348708c09929f07a2f460e664497d6fb92f80743?s=96&d=blank&r=g\",\"url\":\"https:\\\/\\\/secure.gravatar.com\\\/avatar\\\/469343e1290c3e818159b4a4348708c09929f07a2f460e664497d6fb92f80743?s=96&d=blank&r=g\",\"contentUrl\":\"https:\\\/\\\/secure.gravatar.com\\\/avatar\\\/469343e1290c3e818159b4a4348708c09929f07a2f460e664497d6fb92f80743?s=96&d=blank&r=g\",\"caption\":\"Jenni\"},\"url\":\"https:\\\/\\\/jennipitko.fi\\\/koti\\\/author\\\/jenni-pitko\\\/\"}]}<\/script>\n<!-- \/ Yoast SEO plugin. -->","yoast_head_json":{"title":"Asuttaisko v\u00e4h\u00e4n tiiviimmin? - Jenni Pitko - Vihreiden varapuheenjohtaja, ymp\u00e4rist\u00f6valiokunnan puheenjohtaja, kansanedustaja ja arkkitehti Oulusta","robots":{"index":"index","follow":"follow","max-snippet":"max-snippet:-1","max-image-preview":"max-image-preview:large","max-video-preview":"max-video-preview:-1"},"canonical":"https:\/\/jennipitko.fi\/koti\/miten-oulussa-asutaan\/","og_locale":"fi_FI","og_type":"article","og_title":"Asuttaisko v\u00e4h\u00e4n tiiviimmin? - Jenni Pitko - Vihreiden varapuheenjohtaja, ymp\u00e4rist\u00f6valiokunnan puheenjohtaja, kansanedustaja ja arkkitehti Oulusta","og_description":"Asumisen ekologisuus on asia mihin voimme jokainen vaikuttaa jo pienill\u00e4 teoilla; kierr\u00e4tt\u00e4m\u00e4ll\u00e4, v\u00e4hent\u00e4m\u00e4ll\u00e4 s\u00e4hk\u00f6laitteiden k\u00e4ytt\u00f6\u00e4 ja sijoittamalla s\u00e4hk\u00f6yhti\u00f6n tarjoamaan vihre\u00e4\u00e4n [&hellip;]","og_url":"https:\/\/jennipitko.fi\/koti\/miten-oulussa-asutaan\/","og_site_name":"Jenni Pitko - Vihreiden varapuheenjohtaja, ymp\u00e4rist\u00f6valiokunnan puheenjohtaja, kansanedustaja ja arkkitehti Oulusta","article_published_time":"2012-08-17T16:19:44+00:00","article_modified_time":"2014-12-30T15:05:23+00:00","og_image":[{"url":"http:\/\/s3-eu-west-1.amazonaws.com\/images-prod-kaleva-fi\/default\/35452644-29b4-11e1-93bf-12314303c108\/large-20091120-091120karjasilta.jpg","type":"","width":"","height":""}],"author":"Jenni","twitter_card":"summary_large_image","twitter_misc":{"Kirjoittanut":"Jenni","Arvioitu lukuaika":"3 minuuttia"},"schema":{"@context":"https:\/\/schema.org","@graph":[{"@type":"Article","@id":"https:\/\/jennipitko.fi\/koti\/miten-oulussa-asutaan\/#article","isPartOf":{"@id":"https:\/\/jennipitko.fi\/koti\/miten-oulussa-asutaan\/"},"author":{"name":"Jenni","@id":"https:\/\/jennipitko.fi\/koti\/#\/schema\/person\/3f242bfe958144234373266ea416e4d6"},"headline":"Asuttaisko v\u00e4h\u00e4n tiiviimmin?","datePublished":"2012-08-17T16:19:44+00:00","dateModified":"2014-12-30T15:05:23+00:00","mainEntityOfPage":{"@id":"https:\/\/jennipitko.fi\/koti\/miten-oulussa-asutaan\/"},"wordCount":573,"commentCount":0,"publisher":{"@id":"https:\/\/jennipitko.fi\/koti\/#organization"},"image":{"@id":"https:\/\/jennipitko.fi\/koti\/miten-oulussa-asutaan\/#primaryimage"},"thumbnailUrl":"http:\/\/s3-eu-west-1.amazonaws.com\/images-prod-kaleva-fi\/default\/35452644-29b4-11e1-93bf-12314303c108\/large-20091120-091120karjasilta.jpg","keywords":["asukas","asukasbarometri","asuminen","ekologisuus","joukkoliikenne","kaavoitus","oulu"],"articleSection":["Blogi"],"inLanguage":"fi","potentialAction":[{"@type":"CommentAction","name":"Comment","target":["https:\/\/jennipitko.fi\/koti\/miten-oulussa-asutaan\/#respond"]}]},{"@type":"WebPage","@id":"https:\/\/jennipitko.fi\/koti\/miten-oulussa-asutaan\/","url":"https:\/\/jennipitko.fi\/koti\/miten-oulussa-asutaan\/","name":"Asuttaisko v\u00e4h\u00e4n tiiviimmin? - Jenni Pitko - Vihreiden varapuheenjohtaja, ymp\u00e4rist\u00f6valiokunnan puheenjohtaja, kansanedustaja ja arkkitehti Oulusta","isPartOf":{"@id":"https:\/\/jennipitko.fi\/koti\/#website"},"primaryImageOfPage":{"@id":"https:\/\/jennipitko.fi\/koti\/miten-oulussa-asutaan\/#primaryimage"},"image":{"@id":"https:\/\/jennipitko.fi\/koti\/miten-oulussa-asutaan\/#primaryimage"},"thumbnailUrl":"http:\/\/s3-eu-west-1.amazonaws.com\/images-prod-kaleva-fi\/default\/35452644-29b4-11e1-93bf-12314303c108\/large-20091120-091120karjasilta.jpg","datePublished":"2012-08-17T16:19:44+00:00","dateModified":"2014-12-30T15:05:23+00:00","breadcrumb":{"@id":"https:\/\/jennipitko.fi\/koti\/miten-oulussa-asutaan\/#breadcrumb"},"inLanguage":"fi","potentialAction":[{"@type":"ReadAction","target":["https:\/\/jennipitko.fi\/koti\/miten-oulussa-asutaan\/"]}]},{"@type":"ImageObject","inLanguage":"fi","@id":"https:\/\/jennipitko.fi\/koti\/miten-oulussa-asutaan\/#primaryimage","url":"http:\/\/s3-eu-west-1.amazonaws.com\/images-prod-kaleva-fi\/default\/35452644-29b4-11e1-93bf-12314303c108\/large-20091120-091120karjasilta.jpg","contentUrl":"http:\/\/s3-eu-west-1.amazonaws.com\/images-prod-kaleva-fi\/default\/35452644-29b4-11e1-93bf-12314303c108\/large-20091120-091120karjasilta.jpg"},{"@type":"BreadcrumbList","@id":"https:\/\/jennipitko.fi\/koti\/miten-oulussa-asutaan\/#breadcrumb","itemListElement":[{"@type":"ListItem","position":1,"name":"Home","item":"https:\/\/jennipitko.fi\/koti\/"},{"@type":"ListItem","position":2,"name":"Asuttaisko v\u00e4h\u00e4n tiiviimmin?"}]},{"@type":"WebSite","@id":"https:\/\/jennipitko.fi\/koti\/#website","url":"https:\/\/jennipitko.fi\/koti\/","name":"Jenni Pitko - Vihreiden varapuheenjohtaja, ymp\u00e4rist\u00f6valiokunnan puheenjohtaja, kansanedustaja ja arkkitehti Oulusta","description":"Jenni Pitko - Vihreiden varapuheenjohtaja, ymp\u00e4rist\u00f6valiokunnan puheenjohtaja, kansanedustaja ja arkkitehti Oulusta","publisher":{"@id":"https:\/\/jennipitko.fi\/koti\/#organization"},"potentialAction":[{"@type":"SearchAction","target":{"@type":"EntryPoint","urlTemplate":"https:\/\/jennipitko.fi\/koti\/?s={search_term_string}"},"query-input":{"@type":"PropertyValueSpecification","valueRequired":true,"valueName":"search_term_string"}}],"inLanguage":"fi"},{"@type":"Organization","@id":"https:\/\/jennipitko.fi\/koti\/#organization","name":"Jenni Pitko - Vihreiden varapuheenjohtaja, ymp\u00e4rist\u00f6valiokunnan puheenjohtaja, kansanedustaja ja arkkitehti Oulusta","url":"https:\/\/jennipitko.fi\/koti\/","logo":{"@type":"ImageObject","inLanguage":"fi","@id":"https:\/\/jennipitko.fi\/koti\/#\/schema\/logo\/image\/","url":"https:\/\/jennipitko.fi\/koti\/wp-content\/uploads\/2025\/09\/Nimeton-malli-38.png","contentUrl":"https:\/\/jennipitko.fi\/koti\/wp-content\/uploads\/2025\/09\/Nimeton-malli-38.png","width":1280,"height":847,"caption":"Jenni Pitko - Vihreiden varapuheenjohtaja, ymp\u00e4rist\u00f6valiokunnan puheenjohtaja, kansanedustaja ja arkkitehti Oulusta"},"image":{"@id":"https:\/\/jennipitko.fi\/koti\/#\/schema\/logo\/image\/"}},{"@type":"Person","@id":"https:\/\/jennipitko.fi\/koti\/#\/schema\/person\/3f242bfe958144234373266ea416e4d6","name":"Jenni","image":{"@type":"ImageObject","inLanguage":"fi","@id":"https:\/\/secure.gravatar.com\/avatar\/469343e1290c3e818159b4a4348708c09929f07a2f460e664497d6fb92f80743?s=96&d=blank&r=g","url":"https:\/\/secure.gravatar.com\/avatar\/469343e1290c3e818159b4a4348708c09929f07a2f460e664497d6fb92f80743?s=96&d=blank&r=g","contentUrl":"https:\/\/secure.gravatar.com\/avatar\/469343e1290c3e818159b4a4348708c09929f07a2f460e664497d6fb92f80743?s=96&d=blank&r=g","caption":"Jenni"},"url":"https:\/\/jennipitko.fi\/koti\/author\/jenni-pitko\/"}]}},"_links":{"self":[{"href":"https:\/\/jennipitko.fi\/koti\/wp-json\/wp\/v2\/posts\/132","targetHints":{"allow":["GET"]}}],"collection":[{"href":"https:\/\/jennipitko.fi\/koti\/wp-json\/wp\/v2\/posts"}],"about":[{"href":"https:\/\/jennipitko.fi\/koti\/wp-json\/wp\/v2\/types\/post"}],"author":[{"embeddable":true,"href":"https:\/\/jennipitko.fi\/koti\/wp-json\/wp\/v2\/users\/2"}],"replies":[{"embeddable":true,"href":"https:\/\/jennipitko.fi\/koti\/wp-json\/wp\/v2\/comments?post=132"}],"version-history":[{"count":1,"href":"https:\/\/jennipitko.fi\/koti\/wp-json\/wp\/v2\/posts\/132\/revisions"}],"predecessor-version":[{"id":786,"href":"https:\/\/jennipitko.fi\/koti\/wp-json\/wp\/v2\/posts\/132\/revisions\/786"}],"wp:attachment":[{"href":"https:\/\/jennipitko.fi\/koti\/wp-json\/wp\/v2\/media?parent=132"}],"wp:term":[{"taxonomy":"category","embeddable":true,"href":"https:\/\/jennipitko.fi\/koti\/wp-json\/wp\/v2\/categories?post=132"},{"taxonomy":"post_tag","embeddable":true,"href":"https:\/\/jennipitko.fi\/koti\/wp-json\/wp\/v2\/tags?post=132"}],"curies":[{"name":"wp","href":"https:\/\/api.w.org\/{rel}","templated":true}]}}