{"id":1324,"date":"2016-03-02T16:48:57","date_gmt":"2016-03-02T13:48:57","guid":{"rendered":"http:\/\/jennipitko.fi\/koti\/?p=1324"},"modified":"2016-04-21T09:50:31","modified_gmt":"2016-04-21T06:50:31","slug":"kuntarajat-elavat-yha-vahvoina","status":"publish","type":"post","link":"https:\/\/jennipitko.fi\/koti\/kuntarajat-elavat-yha-vahvoina\/","title":{"rendered":"Kuntarajat el\u00e4v\u00e4t yh\u00e4 vahvoina"},"content":{"rendered":"<p>Kuntaliitoksia suunniteltaessa tavoitteena on yleens\u00e4 palveluiden vahvistuminen ja kuntien v\u00e4lisen ep\u00e4terveen kilpailun v\u00e4hent\u00e4minen. Kun samaa ty\u00f6ss\u00e4k\u00e4yntialuetta olevat kunnat muodostavat yhden kunnan, voidaan yhdyskuntarakennetta kehitt\u00e4\u00e4 kokonaistaloudellisesti, ilman ep\u00e4edulliseen kaupunkirakenteeseen johtavaa tonttikilpailua.<\/p>\n<p>Yll\u00e4tyksekseni t\u00e4m\u00e4 kilpailu ei kadonnutkaan, vaikka viiden kunnan muodostama uusi Oulu aloitti toimintansa vuonna 2013. Kilpailu siirtyi kaupungin sis\u00e4lle, vanhoista kuntarajoista yh\u00e4 tiukasti kiinni pit\u00e4en.<\/p>\n<p>Vaikka tontteja ohjataankin valtuustokauden alussa tehdyn linjauksen mukaisesti osittain v\u00e4\u00e4riin paikkoihin kysynn\u00e4n n\u00e4k\u00f6kulmasta, perustuu tonttituotanto eritt\u00e4in toimivaksi koettuun, ja asumisen hinnan alhaisena pit\u00e4v\u00e4\u00e4n periaatteeseen, miss\u00e4 kaupunki hankkii omistukseensa raakamaata ja kaavoittaa sen asuintonteiksi.<!--more--><\/p>\n<p>T\u00e4m\u00e4n suunnitelmallisuuteen perustuvan maapolitiikan vastaisesti Oulun valtuustossa on ruvettu puuhaamaan nyt ep\u00e4virallista sopimusta, jolla pyrit\u00e4\u00e4n vapauttamaan my\u00f6s yksityisten maiden rakentamista. Halutaan lis\u00e4t\u00e4 hajarakentamista luopumalla mm. Oulussa k\u00e4yt\u00f6ss\u00e4 olleesta em\u00e4tilatarkastelusta, jolla on pyritty kylien kest\u00e4v\u00e4\u00e4n t\u00e4ydennysrakentamiseen.<\/p>\n<p>Maanomistajien tarpeista l\u00e4htev\u00e4 suhmurointi on itsekkyyden huipentuma, joka ei mill\u00e4\u00e4n tavalla palvele kuntalaisten etua. Se lis\u00e4\u00e4 kustannuksia, vaikeuttaa palveluiden j\u00e4rjest\u00e4mist\u00e4 ja nostaa pahimmillaan asumisen hintaa.<\/p>\n<p>Kuntaliitos ei siis tuonutkaan, ainakaan t\u00e4ll\u00e4 vaalikaudella, kaupungistumisen hy\u00f6dynt\u00e4misest\u00e4 koituvaa kasaantumisetua ja yhdyskuntarakenteen taloudellistamisesta. Sen sijaan kuntaliitos toi mukanaan maanomistajien painavan \u00e4\u00e4nen, jonka ollaan nyt antamassa ohjata koko kaupunkiseudun tulevaisuutta piirt\u00e4v\u00e4\u00e4 maank\u00e4ytt\u00f6politiikkaa.<\/p>\n<p>Talutushihnan p\u00e4\u00e4ss\u00e4 kipitt\u00e4v\u00e4t Keskusta, Kokoomus ja Perussuomalaiset eiv\u00e4t ole kiinnostuneet vaikutuksista, asiantuntijoista tai hyv\u00e4st\u00e4 hallintotavasta, seuraten maan hallituksen esimerkki\u00e4.<\/p>\n<p><em>Teksi on julkaistu Oulu-lehden Oululaisten asialla -kolumnipalstalla 2.3.2016<\/em><\/p>\n","protected":false},"excerpt":{"rendered":"<p>Kuntaliitoksia suunniteltaessa tavoitteena on yleens\u00e4 palveluiden vahvistuminen ja kuntien v\u00e4lisen ep\u00e4terveen kilpailun v\u00e4hent\u00e4minen. Kun samaa ty\u00f6ss\u00e4k\u00e4yntialuetta olevat kunnat muodostavat yhden [&hellip;]<\/p>\n","protected":false},"author":1,"featured_media":0,"comment_status":"open","ping_status":"closed","sticky":false,"template":"","format":"standard","meta":{"_monsterinsights_skip_tracking":false,"_monsterinsights_sitenote_active":false,"_monsterinsights_sitenote_note":"","_monsterinsights_sitenote_category":0,"site-sidebar-layout":"default","site-content-layout":"","ast-site-content-layout":"default","site-content-style":"default","site-sidebar-style":"default","ast-global-header-display":"","ast-banner-title-visibility":"","ast-main-header-display":"","ast-hfb-above-header-display":"","ast-hfb-below-header-display":"","ast-hfb-mobile-header-display":"","site-post-title":"","ast-breadcrumbs-content":"","ast-featured-img":"","footer-sml-layout":"","ast-disable-related-posts":"","theme-transparent-header-meta":"","adv-header-id-meta":"","stick-header-meta":"","header-above-stick-meta":"","header-main-stick-meta":"","header-below-stick-meta":"","astra-migrate-meta-layouts":"default","ast-page-background-enabled":"default","ast-page-background-meta":{"desktop":{"background-color":"var(--ast-global-color-5)","background-image":"","background-repeat":"repeat","background-position":"center center","background-size":"auto","background-attachment":"scroll","background-type":"","background-media":"","overlay-type":"","overlay-color":"","overlay-opacity":"","overlay-gradient":""},"tablet":{"background-color":"","background-image":"","background-repeat":"repeat","background-position":"center center","background-size":"auto","background-attachment":"scroll","background-type":"","background-media":"","overlay-type":"","overlay-color":"","overlay-opacity":"","overlay-gradient":""},"mobile":{"background-color":"","background-image":"","background-repeat":"repeat","background-position":"center center","background-size":"auto","background-attachment":"scroll","background-type":"","background-media":"","overlay-type":"","overlay-color":"","overlay-opacity":"","overlay-gradient":""}},"ast-content-background-meta":{"desktop":{"background-color":"var(--ast-global-color-4)","background-image":"","background-repeat":"repeat","background-position":"center center","background-size":"auto","background-attachment":"scroll","background-type":"","background-media":"","overlay-type":"","overlay-color":"","overlay-opacity":"","overlay-gradient":""},"tablet":{"background-color":"var(--ast-global-color-4)","background-image":"","background-repeat":"repeat","background-position":"center center","background-size":"auto","background-attachment":"scroll","background-type":"","background-media":"","overlay-type":"","overlay-color":"","overlay-opacity":"","overlay-gradient":""},"mobile":{"background-color":"var(--ast-global-color-4)","background-image":"","background-repeat":"repeat","background-position":"center center","background-size":"auto","background-attachment":"scroll","background-type":"","background-media":"","overlay-type":"","overlay-color":"","overlay-opacity":"","overlay-gradient":""}},"footnotes":""},"categories":[2],"tags":[8,212,211,32,210,209,73,213,41],"class_list":["post-1324","post","type-post","status-publish","format-standard","hentry","category-blogi","tag-kaavoitus","tag-keskusta","tag-kokoomus","tag-kuntaliitos","tag-kylien-kehittaminen","tag-maankaytto","tag-maapolitiikka","tag-perussuomalaiset","tag-uusi-oulu"],"yoast_head":"<!-- This site is optimized with the Yoast SEO plugin v27.5 - https:\/\/yoast.com\/product\/yoast-seo-wordpress\/ -->\n<title>Kuntarajat el\u00e4v\u00e4t yh\u00e4 vahvoina - Jenni Pitko - Vihreiden varapuheenjohtaja, ymp\u00e4rist\u00f6valiokunnan puheenjohtaja, kansanedustaja ja arkkitehti Oulusta<\/title>\n<meta name=\"robots\" content=\"index, follow, max-snippet:-1, max-image-preview:large, max-video-preview:-1\" \/>\n<link rel=\"canonical\" href=\"https:\/\/jennipitko.fi\/koti\/kuntarajat-elavat-yha-vahvoina\/\" \/>\n<meta property=\"og:locale\" content=\"fi_FI\" \/>\n<meta property=\"og:type\" content=\"article\" \/>\n<meta property=\"og:title\" content=\"Kuntarajat el\u00e4v\u00e4t yh\u00e4 vahvoina - Jenni Pitko - Vihreiden varapuheenjohtaja, ymp\u00e4rist\u00f6valiokunnan puheenjohtaja, kansanedustaja ja arkkitehti Oulusta\" \/>\n<meta property=\"og:description\" content=\"Kuntaliitoksia suunniteltaessa tavoitteena on yleens\u00e4 palveluiden vahvistuminen ja kuntien v\u00e4lisen ep\u00e4terveen kilpailun v\u00e4hent\u00e4minen. Kun samaa ty\u00f6ss\u00e4k\u00e4yntialuetta olevat kunnat muodostavat yhden [&hellip;]\" \/>\n<meta property=\"og:url\" content=\"https:\/\/jennipitko.fi\/koti\/kuntarajat-elavat-yha-vahvoina\/\" \/>\n<meta property=\"og:site_name\" content=\"Jenni Pitko - Vihreiden varapuheenjohtaja, ymp\u00e4rist\u00f6valiokunnan puheenjohtaja, kansanedustaja ja arkkitehti Oulusta\" \/>\n<meta property=\"article:published_time\" content=\"2016-03-02T13:48:57+00:00\" \/>\n<meta property=\"article:modified_time\" content=\"2016-04-21T06:50:31+00:00\" \/>\n<meta name=\"author\" content=\"Jenni\" \/>\n<meta name=\"twitter:card\" content=\"summary_large_image\" \/>\n<meta name=\"twitter:label1\" content=\"Kirjoittanut\" \/>\n\t<meta name=\"twitter:data1\" content=\"Jenni\" \/>\n\t<meta name=\"twitter:label2\" content=\"Arvioitu lukuaika\" \/>\n\t<meta name=\"twitter:data2\" content=\"1 minuutti\" \/>\n<script type=\"application\/ld+json\" class=\"yoast-schema-graph\">{\"@context\":\"https:\\\/\\\/schema.org\",\"@graph\":[{\"@type\":\"Article\",\"@id\":\"https:\\\/\\\/jennipitko.fi\\\/koti\\\/kuntarajat-elavat-yha-vahvoina\\\/#article\",\"isPartOf\":{\"@id\":\"https:\\\/\\\/jennipitko.fi\\\/koti\\\/kuntarajat-elavat-yha-vahvoina\\\/\"},\"author\":{\"name\":\"Jenni\",\"@id\":\"https:\\\/\\\/jennipitko.fi\\\/koti\\\/#\\\/schema\\\/person\\\/35955c467f851f10124809310e7e7ee8\"},\"headline\":\"Kuntarajat el\u00e4v\u00e4t yh\u00e4 vahvoina\",\"datePublished\":\"2016-03-02T13:48:57+00:00\",\"dateModified\":\"2016-04-21T06:50:31+00:00\",\"mainEntityOfPage\":{\"@id\":\"https:\\\/\\\/jennipitko.fi\\\/koti\\\/kuntarajat-elavat-yha-vahvoina\\\/\"},\"wordCount\":257,\"commentCount\":0,\"publisher\":{\"@id\":\"https:\\\/\\\/jennipitko.fi\\\/koti\\\/#organization\"},\"keywords\":[\"kaavoitus\",\"keskusta\",\"kokoomus\",\"kuntaliitos\",\"kylien kehitt\u00e4minen\",\"maank\u00e4ytt\u00f6\",\"Maapolitiikka\",\"perussuomalaiset\",\"uusi Oulu\"],\"articleSection\":[\"Blogi\"],\"inLanguage\":\"fi\",\"potentialAction\":[{\"@type\":\"CommentAction\",\"name\":\"Comment\",\"target\":[\"https:\\\/\\\/jennipitko.fi\\\/koti\\\/kuntarajat-elavat-yha-vahvoina\\\/#respond\"]}]},{\"@type\":\"WebPage\",\"@id\":\"https:\\\/\\\/jennipitko.fi\\\/koti\\\/kuntarajat-elavat-yha-vahvoina\\\/\",\"url\":\"https:\\\/\\\/jennipitko.fi\\\/koti\\\/kuntarajat-elavat-yha-vahvoina\\\/\",\"name\":\"Kuntarajat el\u00e4v\u00e4t yh\u00e4 vahvoina - Jenni Pitko - Vihreiden varapuheenjohtaja, ymp\u00e4rist\u00f6valiokunnan puheenjohtaja, kansanedustaja ja arkkitehti Oulusta\",\"isPartOf\":{\"@id\":\"https:\\\/\\\/jennipitko.fi\\\/koti\\\/#website\"},\"datePublished\":\"2016-03-02T13:48:57+00:00\",\"dateModified\":\"2016-04-21T06:50:31+00:00\",\"breadcrumb\":{\"@id\":\"https:\\\/\\\/jennipitko.fi\\\/koti\\\/kuntarajat-elavat-yha-vahvoina\\\/#breadcrumb\"},\"inLanguage\":\"fi\",\"potentialAction\":[{\"@type\":\"ReadAction\",\"target\":[\"https:\\\/\\\/jennipitko.fi\\\/koti\\\/kuntarajat-elavat-yha-vahvoina\\\/\"]}]},{\"@type\":\"BreadcrumbList\",\"@id\":\"https:\\\/\\\/jennipitko.fi\\\/koti\\\/kuntarajat-elavat-yha-vahvoina\\\/#breadcrumb\",\"itemListElement\":[{\"@type\":\"ListItem\",\"position\":1,\"name\":\"Home\",\"item\":\"https:\\\/\\\/jennipitko.fi\\\/koti\\\/\"},{\"@type\":\"ListItem\",\"position\":2,\"name\":\"Kuntarajat el\u00e4v\u00e4t yh\u00e4 vahvoina\"}]},{\"@type\":\"WebSite\",\"@id\":\"https:\\\/\\\/jennipitko.fi\\\/koti\\\/#website\",\"url\":\"https:\\\/\\\/jennipitko.fi\\\/koti\\\/\",\"name\":\"Jenni Pitko - Vihreiden varapuheenjohtaja, ymp\u00e4rist\u00f6valiokunnan puheenjohtaja, kansanedustaja ja arkkitehti Oulusta\",\"description\":\"Jenni Pitko - Vihreiden varapuheenjohtaja, ymp\u00e4rist\u00f6valiokunnan puheenjohtaja, kansanedustaja ja arkkitehti Oulusta\",\"publisher\":{\"@id\":\"https:\\\/\\\/jennipitko.fi\\\/koti\\\/#organization\"},\"potentialAction\":[{\"@type\":\"SearchAction\",\"target\":{\"@type\":\"EntryPoint\",\"urlTemplate\":\"https:\\\/\\\/jennipitko.fi\\\/koti\\\/?s={search_term_string}\"},\"query-input\":{\"@type\":\"PropertyValueSpecification\",\"valueRequired\":true,\"valueName\":\"search_term_string\"}}],\"inLanguage\":\"fi\"},{\"@type\":\"Organization\",\"@id\":\"https:\\\/\\\/jennipitko.fi\\\/koti\\\/#organization\",\"name\":\"Jenni Pitko - Vihreiden varapuheenjohtaja, ymp\u00e4rist\u00f6valiokunnan puheenjohtaja, kansanedustaja ja arkkitehti Oulusta\",\"url\":\"https:\\\/\\\/jennipitko.fi\\\/koti\\\/\",\"logo\":{\"@type\":\"ImageObject\",\"inLanguage\":\"fi\",\"@id\":\"https:\\\/\\\/jennipitko.fi\\\/koti\\\/#\\\/schema\\\/logo\\\/image\\\/\",\"url\":\"https:\\\/\\\/jennipitko.fi\\\/koti\\\/wp-content\\\/uploads\\\/2025\\\/09\\\/Nimeton-malli-38.png\",\"contentUrl\":\"https:\\\/\\\/jennipitko.fi\\\/koti\\\/wp-content\\\/uploads\\\/2025\\\/09\\\/Nimeton-malli-38.png\",\"width\":1280,\"height\":847,\"caption\":\"Jenni Pitko - Vihreiden varapuheenjohtaja, ymp\u00e4rist\u00f6valiokunnan puheenjohtaja, kansanedustaja ja arkkitehti Oulusta\"},\"image\":{\"@id\":\"https:\\\/\\\/jennipitko.fi\\\/koti\\\/#\\\/schema\\\/logo\\\/image\\\/\"}},{\"@type\":\"Person\",\"@id\":\"https:\\\/\\\/jennipitko.fi\\\/koti\\\/#\\\/schema\\\/person\\\/35955c467f851f10124809310e7e7ee8\",\"name\":\"Jenni\",\"image\":{\"@type\":\"ImageObject\",\"inLanguage\":\"fi\",\"@id\":\"https:\\\/\\\/secure.gravatar.com\\\/avatar\\\/625a0e6413b293da7739d42617828d564a4d6028aec3f45d8939a2ba1617199f?s=96&d=blank&r=g\",\"url\":\"https:\\\/\\\/secure.gravatar.com\\\/avatar\\\/625a0e6413b293da7739d42617828d564a4d6028aec3f45d8939a2ba1617199f?s=96&d=blank&r=g\",\"contentUrl\":\"https:\\\/\\\/secure.gravatar.com\\\/avatar\\\/625a0e6413b293da7739d42617828d564a4d6028aec3f45d8939a2ba1617199f?s=96&d=blank&r=g\",\"caption\":\"Jenni\"},\"url\":\"https:\\\/\\\/jennipitko.fi\\\/koti\\\/author\\\/jenni\\\/\"}]}<\/script>\n<!-- \/ Yoast SEO plugin. -->","yoast_head_json":{"title":"Kuntarajat el\u00e4v\u00e4t yh\u00e4 vahvoina - Jenni Pitko - Vihreiden varapuheenjohtaja, ymp\u00e4rist\u00f6valiokunnan puheenjohtaja, kansanedustaja ja arkkitehti Oulusta","robots":{"index":"index","follow":"follow","max-snippet":"max-snippet:-1","max-image-preview":"max-image-preview:large","max-video-preview":"max-video-preview:-1"},"canonical":"https:\/\/jennipitko.fi\/koti\/kuntarajat-elavat-yha-vahvoina\/","og_locale":"fi_FI","og_type":"article","og_title":"Kuntarajat el\u00e4v\u00e4t yh\u00e4 vahvoina - Jenni Pitko - Vihreiden varapuheenjohtaja, ymp\u00e4rist\u00f6valiokunnan puheenjohtaja, kansanedustaja ja arkkitehti Oulusta","og_description":"Kuntaliitoksia suunniteltaessa tavoitteena on yleens\u00e4 palveluiden vahvistuminen ja kuntien v\u00e4lisen ep\u00e4terveen kilpailun v\u00e4hent\u00e4minen. Kun samaa ty\u00f6ss\u00e4k\u00e4yntialuetta olevat kunnat muodostavat yhden [&hellip;]","og_url":"https:\/\/jennipitko.fi\/koti\/kuntarajat-elavat-yha-vahvoina\/","og_site_name":"Jenni Pitko - Vihreiden varapuheenjohtaja, ymp\u00e4rist\u00f6valiokunnan puheenjohtaja, kansanedustaja ja arkkitehti Oulusta","article_published_time":"2016-03-02T13:48:57+00:00","article_modified_time":"2016-04-21T06:50:31+00:00","author":"Jenni","twitter_card":"summary_large_image","twitter_misc":{"Kirjoittanut":"Jenni","Arvioitu lukuaika":"1 minuutti"},"schema":{"@context":"https:\/\/schema.org","@graph":[{"@type":"Article","@id":"https:\/\/jennipitko.fi\/koti\/kuntarajat-elavat-yha-vahvoina\/#article","isPartOf":{"@id":"https:\/\/jennipitko.fi\/koti\/kuntarajat-elavat-yha-vahvoina\/"},"author":{"name":"Jenni","@id":"https:\/\/jennipitko.fi\/koti\/#\/schema\/person\/35955c467f851f10124809310e7e7ee8"},"headline":"Kuntarajat el\u00e4v\u00e4t yh\u00e4 vahvoina","datePublished":"2016-03-02T13:48:57+00:00","dateModified":"2016-04-21T06:50:31+00:00","mainEntityOfPage":{"@id":"https:\/\/jennipitko.fi\/koti\/kuntarajat-elavat-yha-vahvoina\/"},"wordCount":257,"commentCount":0,"publisher":{"@id":"https:\/\/jennipitko.fi\/koti\/#organization"},"keywords":["kaavoitus","keskusta","kokoomus","kuntaliitos","kylien kehitt\u00e4minen","maank\u00e4ytt\u00f6","Maapolitiikka","perussuomalaiset","uusi Oulu"],"articleSection":["Blogi"],"inLanguage":"fi","potentialAction":[{"@type":"CommentAction","name":"Comment","target":["https:\/\/jennipitko.fi\/koti\/kuntarajat-elavat-yha-vahvoina\/#respond"]}]},{"@type":"WebPage","@id":"https:\/\/jennipitko.fi\/koti\/kuntarajat-elavat-yha-vahvoina\/","url":"https:\/\/jennipitko.fi\/koti\/kuntarajat-elavat-yha-vahvoina\/","name":"Kuntarajat el\u00e4v\u00e4t yh\u00e4 vahvoina - Jenni Pitko - Vihreiden varapuheenjohtaja, ymp\u00e4rist\u00f6valiokunnan puheenjohtaja, kansanedustaja ja arkkitehti Oulusta","isPartOf":{"@id":"https:\/\/jennipitko.fi\/koti\/#website"},"datePublished":"2016-03-02T13:48:57+00:00","dateModified":"2016-04-21T06:50:31+00:00","breadcrumb":{"@id":"https:\/\/jennipitko.fi\/koti\/kuntarajat-elavat-yha-vahvoina\/#breadcrumb"},"inLanguage":"fi","potentialAction":[{"@type":"ReadAction","target":["https:\/\/jennipitko.fi\/koti\/kuntarajat-elavat-yha-vahvoina\/"]}]},{"@type":"BreadcrumbList","@id":"https:\/\/jennipitko.fi\/koti\/kuntarajat-elavat-yha-vahvoina\/#breadcrumb","itemListElement":[{"@type":"ListItem","position":1,"name":"Home","item":"https:\/\/jennipitko.fi\/koti\/"},{"@type":"ListItem","position":2,"name":"Kuntarajat el\u00e4v\u00e4t yh\u00e4 vahvoina"}]},{"@type":"WebSite","@id":"https:\/\/jennipitko.fi\/koti\/#website","url":"https:\/\/jennipitko.fi\/koti\/","name":"Jenni Pitko - Vihreiden varapuheenjohtaja, ymp\u00e4rist\u00f6valiokunnan puheenjohtaja, kansanedustaja ja arkkitehti Oulusta","description":"Jenni Pitko - Vihreiden varapuheenjohtaja, ymp\u00e4rist\u00f6valiokunnan puheenjohtaja, kansanedustaja ja arkkitehti Oulusta","publisher":{"@id":"https:\/\/jennipitko.fi\/koti\/#organization"},"potentialAction":[{"@type":"SearchAction","target":{"@type":"EntryPoint","urlTemplate":"https:\/\/jennipitko.fi\/koti\/?s={search_term_string}"},"query-input":{"@type":"PropertyValueSpecification","valueRequired":true,"valueName":"search_term_string"}}],"inLanguage":"fi"},{"@type":"Organization","@id":"https:\/\/jennipitko.fi\/koti\/#organization","name":"Jenni Pitko - Vihreiden varapuheenjohtaja, ymp\u00e4rist\u00f6valiokunnan puheenjohtaja, kansanedustaja ja arkkitehti Oulusta","url":"https:\/\/jennipitko.fi\/koti\/","logo":{"@type":"ImageObject","inLanguage":"fi","@id":"https:\/\/jennipitko.fi\/koti\/#\/schema\/logo\/image\/","url":"https:\/\/jennipitko.fi\/koti\/wp-content\/uploads\/2025\/09\/Nimeton-malli-38.png","contentUrl":"https:\/\/jennipitko.fi\/koti\/wp-content\/uploads\/2025\/09\/Nimeton-malli-38.png","width":1280,"height":847,"caption":"Jenni Pitko - Vihreiden varapuheenjohtaja, ymp\u00e4rist\u00f6valiokunnan puheenjohtaja, kansanedustaja ja arkkitehti Oulusta"},"image":{"@id":"https:\/\/jennipitko.fi\/koti\/#\/schema\/logo\/image\/"}},{"@type":"Person","@id":"https:\/\/jennipitko.fi\/koti\/#\/schema\/person\/35955c467f851f10124809310e7e7ee8","name":"Jenni","image":{"@type":"ImageObject","inLanguage":"fi","@id":"https:\/\/secure.gravatar.com\/avatar\/625a0e6413b293da7739d42617828d564a4d6028aec3f45d8939a2ba1617199f?s=96&d=blank&r=g","url":"https:\/\/secure.gravatar.com\/avatar\/625a0e6413b293da7739d42617828d564a4d6028aec3f45d8939a2ba1617199f?s=96&d=blank&r=g","contentUrl":"https:\/\/secure.gravatar.com\/avatar\/625a0e6413b293da7739d42617828d564a4d6028aec3f45d8939a2ba1617199f?s=96&d=blank&r=g","caption":"Jenni"},"url":"https:\/\/jennipitko.fi\/koti\/author\/jenni\/"}]}},"_links":{"self":[{"href":"https:\/\/jennipitko.fi\/koti\/wp-json\/wp\/v2\/posts\/1324","targetHints":{"allow":["GET"]}}],"collection":[{"href":"https:\/\/jennipitko.fi\/koti\/wp-json\/wp\/v2\/posts"}],"about":[{"href":"https:\/\/jennipitko.fi\/koti\/wp-json\/wp\/v2\/types\/post"}],"author":[{"embeddable":true,"href":"https:\/\/jennipitko.fi\/koti\/wp-json\/wp\/v2\/users\/1"}],"replies":[{"embeddable":true,"href":"https:\/\/jennipitko.fi\/koti\/wp-json\/wp\/v2\/comments?post=1324"}],"version-history":[{"count":1,"href":"https:\/\/jennipitko.fi\/koti\/wp-json\/wp\/v2\/posts\/1324\/revisions"}],"predecessor-version":[{"id":1331,"href":"https:\/\/jennipitko.fi\/koti\/wp-json\/wp\/v2\/posts\/1324\/revisions\/1331"}],"wp:attachment":[{"href":"https:\/\/jennipitko.fi\/koti\/wp-json\/wp\/v2\/media?parent=1324"}],"wp:term":[{"taxonomy":"category","embeddable":true,"href":"https:\/\/jennipitko.fi\/koti\/wp-json\/wp\/v2\/categories?post=1324"},{"taxonomy":"post_tag","embeddable":true,"href":"https:\/\/jennipitko.fi\/koti\/wp-json\/wp\/v2\/tags?post=1324"}],"curies":[{"name":"wp","href":"https:\/\/api.w.org\/{rel}","templated":true}]}}