{"id":1327,"date":"2016-04-21T09:44:45","date_gmt":"2016-04-21T06:44:45","guid":{"rendered":"http:\/\/jennipitko.fi\/koti\/?p=1327"},"modified":"2016-04-21T09:51:02","modified_gmt":"2016-04-21T06:51:02","slug":"oulun-tulevaisuus-on-kaupunkimainen","status":"publish","type":"post","link":"https:\/\/jennipitko.fi\/koti\/oulun-tulevaisuus-on-kaupunkimainen\/","title":{"rendered":"Oulun tulevaisuus on kaupunkimainen"},"content":{"rendered":"<p>Oulussa on viime vuosina totuttu rakennusp\u00f6lyyn, r\u00e4j\u00e4hdyksiin ja monenmoisiin rakennusty\u00f6maihin. Se on merkki siit\u00e4, ett\u00e4 Oulussa tapahtuu. Keskeiset alueet ovat asukkaiden ja yritysten n\u00e4k\u00f6kulmasta houkuttelevia ja asukasm\u00e4\u00e4r\u00e4 keskustassakin on ollut jo pitk\u00e4\u00e4n nousussa.<\/p>\n<p>Keskustassa asuvien lukum\u00e4\u00e4r\u00e4 on kuitenkin, aika yll\u00e4tt\u00e4en, vasta 60-luvun tasolla, joten Euroopan mittakaavalla eniten kasvaneen kaupunkiseudun keskustan tiheydess\u00e4 on viel\u00e4 rakentamista. Kaupungistumisen trendi on globaali, se miten Oulu ottaa keskustaan pyrkiv\u00e4t asukkaat ja toimijat haltuun, m\u00e4\u00e4ritt\u00e4\u00e4 pitk\u00e4lti onnistumisemme kaupunkien v\u00e4lisess\u00e4 kilpailussa yrityksist\u00e4 ja osaajista pitk\u00e4lle tulevaisuuteen.<\/p>\n<p>Kaupunginvaltuusto k\u00e4sittelee uuden Oulun yleiskaavaa. Yleiskaava ottaa suuren harppauksen tiiviimm\u00e4n, vire\u00e4mm\u00e4n ja kaupunkimaisemman Oulun rakentamisessa. Se mahdollistaa muun muassa sis\u00e4\u00e4ntulov\u00e4ylien bulevardisoimisen, kuten Kemintien pilottialueen kehitt\u00e4misprojekti, johon toteuttajakin on jo l\u00f6ytynyt.<\/p>\n<p>Bulevardit kaupungin sis\u00e4\u00e4ntulov\u00e4ylill\u00e4 ja keskeisten alueiden t\u00e4ydennysrakentaminen mahdollistaa unelman Oulun ratikasta. Tampere, joka oma ratikkansa vihdoin saa, on kehitt\u00e4nyt \u00a0joukkoliikennett\u00e4 tukevaa kaupunkirakentamista jo pitk\u00e4\u00e4n.<!--more--><\/p>\n<p>Ihmisten kasaantuessa tiiviimmin seuraa monenlaista hy\u00f6ty\u00e4. Palvelut paranee, yritykset menestyy ja autoriippuvaisuus v\u00e4henee. Pienhiukkasten v\u00e4hentyess\u00e4 ja k\u00e4vely- ja py\u00f6r\u00e4ilyolosuhteiden parantuessa saadaan sote-menoihinkin helpotusta. Urbaani el\u00e4m\u00e4 houkuttelee tulevaisuuden osaajia, t\u00e4m\u00e4n p\u00e4iv\u00e4n nuoria, joita tarvitaan uusien yritysten perustamisessa ja huoltosuhteen s\u00e4ilytt\u00e4misess\u00e4 terveen\u00e4. Tiiviiss\u00e4 kaupungissa on p\u00f6hin\u00e4\u00e4: el\u00e4myksellist\u00e4 kaupunkikulttuuria, kes\u00e4iltojen ulkoilmakeikkoja, monipuolisia taiden\u00e4yttelyit\u00e4, ketter\u00e4\u00e4 kansalaistoimintaa, pirist\u00e4vi\u00e4 pop-up-putiikkeja, teemabrunsseja sunnuntaisin ja aamuun asti auki olevia y\u00f6kerhoja.<\/p>\n<p>Tiivistymisen tiimellyksess\u00e4 on muistettava kaupunkipuistojen t\u00e4rkeys. Puistoihin rakentaminen olisikin lyhytn\u00e4k\u00f6ist\u00e4 kaupunkikehitt\u00e4mist\u00e4, jossa pikavoitot kostautuvat houkuttelevuuden v\u00e4henemisen\u00e4 ja v\u00e4hemm\u00e4n tervein\u00e4 asukkaina. Tiivist\u00e4minen kannattaakin aloittaa katujen bulevardisoinnista, parkkipaikkakentist\u00e4 ja olemassa olevia rakennuksia korottamalla ja kortteleita t\u00e4ydent\u00e4m\u00e4ll\u00e4. T\u00e4ydennysrakentamisen edellytys on kaavoituksen ja rakennusvalvonnan joustaminen autopaikkanormeissa. My\u00f6s lis\u00e4\u00e4ntyv\u00e4t k\u00e4velij\u00e4t ja py\u00f6r\u00e4ilij\u00e4t tarvitsevat tilaa, yleiskaava mahdollistaa pikapy\u00f6r\u00e4teiden rakentamisen. K\u00e4velykeskustan laajentamiseen tarvitaan vain poliittista tahtoa.<\/p>\n<p>En malta odottaa, milt\u00e4 Oulu n\u00e4ytt\u00e4\u00e4 Yleiskaavan tavoitevuonna 2050!<\/p>\n<p><em>Kirjoitus on julkaistu Forum24-lehden vieraskolumnina 20.4.2016<\/em><\/p>\n","protected":false},"excerpt":{"rendered":"<p>Oulussa on viime vuosina totuttu rakennusp\u00f6lyyn, r\u00e4j\u00e4hdyksiin ja monenmoisiin rakennusty\u00f6maihin. Se on merkki siit\u00e4, ett\u00e4 Oulussa tapahtuu. Keskeiset alueet ovat [&hellip;]<\/p>\n","protected":false},"author":1,"featured_media":0,"comment_status":"open","ping_status":"closed","sticky":false,"template":"","format":"standard","meta":{"_monsterinsights_skip_tracking":false,"_monsterinsights_sitenote_active":false,"_monsterinsights_sitenote_note":"","_monsterinsights_sitenote_category":0,"site-sidebar-layout":"default","site-content-layout":"","ast-site-content-layout":"default","site-content-style":"default","site-sidebar-style":"default","ast-global-header-display":"","ast-banner-title-visibility":"","ast-main-header-display":"","ast-hfb-above-header-display":"","ast-hfb-below-header-display":"","ast-hfb-mobile-header-display":"","site-post-title":"","ast-breadcrumbs-content":"","ast-featured-img":"","footer-sml-layout":"","ast-disable-related-posts":"","theme-transparent-header-meta":"","adv-header-id-meta":"","stick-header-meta":"","header-above-stick-meta":"","header-main-stick-meta":"","header-below-stick-meta":"","astra-migrate-meta-layouts":"default","ast-page-background-enabled":"default","ast-page-background-meta":{"desktop":{"background-color":"var(--ast-global-color-5)","background-image":"","background-repeat":"repeat","background-position":"center center","background-size":"auto","background-attachment":"scroll","background-type":"","background-media":"","overlay-type":"","overlay-color":"","overlay-opacity":"","overlay-gradient":""},"tablet":{"background-color":"","background-image":"","background-repeat":"repeat","background-position":"center center","background-size":"auto","background-attachment":"scroll","background-type":"","background-media":"","overlay-type":"","overlay-color":"","overlay-opacity":"","overlay-gradient":""},"mobile":{"background-color":"","background-image":"","background-repeat":"repeat","background-position":"center center","background-size":"auto","background-attachment":"scroll","background-type":"","background-media":"","overlay-type":"","overlay-color":"","overlay-opacity":"","overlay-gradient":""}},"ast-content-background-meta":{"desktop":{"background-color":"var(--ast-global-color-4)","background-image":"","background-repeat":"repeat","background-position":"center center","background-size":"auto","background-attachment":"scroll","background-type":"","background-media":"","overlay-type":"","overlay-color":"","overlay-opacity":"","overlay-gradient":""},"tablet":{"background-color":"var(--ast-global-color-4)","background-image":"","background-repeat":"repeat","background-position":"center center","background-size":"auto","background-attachment":"scroll","background-type":"","background-media":"","overlay-type":"","overlay-color":"","overlay-opacity":"","overlay-gradient":""},"mobile":{"background-color":"var(--ast-global-color-4)","background-image":"","background-repeat":"repeat","background-position":"center center","background-size":"auto","background-attachment":"scroll","background-type":"","background-media":"","overlay-type":"","overlay-color":"","overlay-opacity":"","overlay-gradient":""}},"footnotes":""},"categories":[2],"tags":[114,215,214,207,27,209,19,216,88],"class_list":["post-1327","post","type-post","status-publish","format-standard","hentry","category-blogi","tag-autopaikkanormi","tag-kaupunkibulevardi","tag-kaupunkipuistot","tag-kaupunkisuunnittelu","tag-kavely","tag-maankaytto","tag-pyoraily","tag-taydennysrakentaminen","tag-yleiskaava"],"yoast_head":"<!-- This site is optimized with the Yoast SEO plugin v27.5 - https:\/\/yoast.com\/product\/yoast-seo-wordpress\/ -->\n<title>Oulun tulevaisuus on kaupunkimainen - Jenni Pitko - Vihreiden varapuheenjohtaja, ymp\u00e4rist\u00f6valiokunnan puheenjohtaja, kansanedustaja ja arkkitehti Oulusta<\/title>\n<meta name=\"robots\" content=\"index, follow, max-snippet:-1, max-image-preview:large, max-video-preview:-1\" \/>\n<link rel=\"canonical\" href=\"https:\/\/jennipitko.fi\/koti\/oulun-tulevaisuus-on-kaupunkimainen\/\" \/>\n<meta property=\"og:locale\" content=\"fi_FI\" \/>\n<meta property=\"og:type\" content=\"article\" \/>\n<meta property=\"og:title\" content=\"Oulun tulevaisuus on kaupunkimainen - Jenni Pitko - Vihreiden varapuheenjohtaja, ymp\u00e4rist\u00f6valiokunnan puheenjohtaja, kansanedustaja ja arkkitehti Oulusta\" \/>\n<meta property=\"og:description\" content=\"Oulussa on viime vuosina totuttu rakennusp\u00f6lyyn, r\u00e4j\u00e4hdyksiin ja monenmoisiin rakennusty\u00f6maihin. Se on merkki siit\u00e4, ett\u00e4 Oulussa tapahtuu. Keskeiset alueet ovat [&hellip;]\" \/>\n<meta property=\"og:url\" content=\"https:\/\/jennipitko.fi\/koti\/oulun-tulevaisuus-on-kaupunkimainen\/\" \/>\n<meta property=\"og:site_name\" content=\"Jenni Pitko - Vihreiden varapuheenjohtaja, ymp\u00e4rist\u00f6valiokunnan puheenjohtaja, kansanedustaja ja arkkitehti Oulusta\" \/>\n<meta property=\"article:published_time\" content=\"2016-04-21T06:44:45+00:00\" \/>\n<meta property=\"article:modified_time\" content=\"2016-04-21T06:51:02+00:00\" \/>\n<meta name=\"author\" content=\"Jenni\" \/>\n<meta name=\"twitter:card\" content=\"summary_large_image\" \/>\n<meta name=\"twitter:label1\" content=\"Kirjoittanut\" \/>\n\t<meta name=\"twitter:data1\" content=\"Jenni\" \/>\n\t<meta name=\"twitter:label2\" content=\"Arvioitu lukuaika\" \/>\n\t<meta name=\"twitter:data2\" content=\"2 minuuttia\" \/>\n<script type=\"application\/ld+json\" class=\"yoast-schema-graph\">{\"@context\":\"https:\\\/\\\/schema.org\",\"@graph\":[{\"@type\":\"Article\",\"@id\":\"https:\\\/\\\/jennipitko.fi\\\/koti\\\/oulun-tulevaisuus-on-kaupunkimainen\\\/#article\",\"isPartOf\":{\"@id\":\"https:\\\/\\\/jennipitko.fi\\\/koti\\\/oulun-tulevaisuus-on-kaupunkimainen\\\/\"},\"author\":{\"name\":\"Jenni\",\"@id\":\"https:\\\/\\\/jennipitko.fi\\\/koti\\\/#\\\/schema\\\/person\\\/35955c467f851f10124809310e7e7ee8\"},\"headline\":\"Oulun tulevaisuus on kaupunkimainen\",\"datePublished\":\"2016-04-21T06:44:45+00:00\",\"dateModified\":\"2016-04-21T06:51:02+00:00\",\"mainEntityOfPage\":{\"@id\":\"https:\\\/\\\/jennipitko.fi\\\/koti\\\/oulun-tulevaisuus-on-kaupunkimainen\\\/\"},\"wordCount\":344,\"commentCount\":0,\"publisher\":{\"@id\":\"https:\\\/\\\/jennipitko.fi\\\/koti\\\/#organization\"},\"keywords\":[\"autopaikkanormi\",\"kaupunkibulevardi\",\"kaupunkipuistot\",\"kaupunkisuunnittelu\",\"k\u00e4vely\",\"maank\u00e4ytt\u00f6\",\"py\u00f6r\u00e4ily\",\"t\u00e4ydennysrakentaminen\",\"yleiskaava\"],\"articleSection\":[\"Blogi\"],\"inLanguage\":\"fi\",\"potentialAction\":[{\"@type\":\"CommentAction\",\"name\":\"Comment\",\"target\":[\"https:\\\/\\\/jennipitko.fi\\\/koti\\\/oulun-tulevaisuus-on-kaupunkimainen\\\/#respond\"]}]},{\"@type\":\"WebPage\",\"@id\":\"https:\\\/\\\/jennipitko.fi\\\/koti\\\/oulun-tulevaisuus-on-kaupunkimainen\\\/\",\"url\":\"https:\\\/\\\/jennipitko.fi\\\/koti\\\/oulun-tulevaisuus-on-kaupunkimainen\\\/\",\"name\":\"Oulun tulevaisuus on kaupunkimainen - Jenni Pitko - Vihreiden varapuheenjohtaja, ymp\u00e4rist\u00f6valiokunnan puheenjohtaja, kansanedustaja ja arkkitehti Oulusta\",\"isPartOf\":{\"@id\":\"https:\\\/\\\/jennipitko.fi\\\/koti\\\/#website\"},\"datePublished\":\"2016-04-21T06:44:45+00:00\",\"dateModified\":\"2016-04-21T06:51:02+00:00\",\"breadcrumb\":{\"@id\":\"https:\\\/\\\/jennipitko.fi\\\/koti\\\/oulun-tulevaisuus-on-kaupunkimainen\\\/#breadcrumb\"},\"inLanguage\":\"fi\",\"potentialAction\":[{\"@type\":\"ReadAction\",\"target\":[\"https:\\\/\\\/jennipitko.fi\\\/koti\\\/oulun-tulevaisuus-on-kaupunkimainen\\\/\"]}]},{\"@type\":\"BreadcrumbList\",\"@id\":\"https:\\\/\\\/jennipitko.fi\\\/koti\\\/oulun-tulevaisuus-on-kaupunkimainen\\\/#breadcrumb\",\"itemListElement\":[{\"@type\":\"ListItem\",\"position\":1,\"name\":\"Home\",\"item\":\"https:\\\/\\\/jennipitko.fi\\\/koti\\\/\"},{\"@type\":\"ListItem\",\"position\":2,\"name\":\"Oulun tulevaisuus on kaupunkimainen\"}]},{\"@type\":\"WebSite\",\"@id\":\"https:\\\/\\\/jennipitko.fi\\\/koti\\\/#website\",\"url\":\"https:\\\/\\\/jennipitko.fi\\\/koti\\\/\",\"name\":\"Jenni Pitko - Vihreiden varapuheenjohtaja, ymp\u00e4rist\u00f6valiokunnan puheenjohtaja, kansanedustaja ja arkkitehti Oulusta\",\"description\":\"Jenni Pitko - Vihreiden varapuheenjohtaja, ymp\u00e4rist\u00f6valiokunnan puheenjohtaja, kansanedustaja ja arkkitehti Oulusta\",\"publisher\":{\"@id\":\"https:\\\/\\\/jennipitko.fi\\\/koti\\\/#organization\"},\"potentialAction\":[{\"@type\":\"SearchAction\",\"target\":{\"@type\":\"EntryPoint\",\"urlTemplate\":\"https:\\\/\\\/jennipitko.fi\\\/koti\\\/?s={search_term_string}\"},\"query-input\":{\"@type\":\"PropertyValueSpecification\",\"valueRequired\":true,\"valueName\":\"search_term_string\"}}],\"inLanguage\":\"fi\"},{\"@type\":\"Organization\",\"@id\":\"https:\\\/\\\/jennipitko.fi\\\/koti\\\/#organization\",\"name\":\"Jenni Pitko - Vihreiden varapuheenjohtaja, ymp\u00e4rist\u00f6valiokunnan puheenjohtaja, kansanedustaja ja arkkitehti Oulusta\",\"url\":\"https:\\\/\\\/jennipitko.fi\\\/koti\\\/\",\"logo\":{\"@type\":\"ImageObject\",\"inLanguage\":\"fi\",\"@id\":\"https:\\\/\\\/jennipitko.fi\\\/koti\\\/#\\\/schema\\\/logo\\\/image\\\/\",\"url\":\"https:\\\/\\\/jennipitko.fi\\\/koti\\\/wp-content\\\/uploads\\\/2025\\\/09\\\/Nimeton-malli-38.png\",\"contentUrl\":\"https:\\\/\\\/jennipitko.fi\\\/koti\\\/wp-content\\\/uploads\\\/2025\\\/09\\\/Nimeton-malli-38.png\",\"width\":1280,\"height\":847,\"caption\":\"Jenni Pitko - Vihreiden varapuheenjohtaja, ymp\u00e4rist\u00f6valiokunnan puheenjohtaja, kansanedustaja ja arkkitehti Oulusta\"},\"image\":{\"@id\":\"https:\\\/\\\/jennipitko.fi\\\/koti\\\/#\\\/schema\\\/logo\\\/image\\\/\"}},{\"@type\":\"Person\",\"@id\":\"https:\\\/\\\/jennipitko.fi\\\/koti\\\/#\\\/schema\\\/person\\\/35955c467f851f10124809310e7e7ee8\",\"name\":\"Jenni\",\"image\":{\"@type\":\"ImageObject\",\"inLanguage\":\"fi\",\"@id\":\"https:\\\/\\\/secure.gravatar.com\\\/avatar\\\/625a0e6413b293da7739d42617828d564a4d6028aec3f45d8939a2ba1617199f?s=96&d=blank&r=g\",\"url\":\"https:\\\/\\\/secure.gravatar.com\\\/avatar\\\/625a0e6413b293da7739d42617828d564a4d6028aec3f45d8939a2ba1617199f?s=96&d=blank&r=g\",\"contentUrl\":\"https:\\\/\\\/secure.gravatar.com\\\/avatar\\\/625a0e6413b293da7739d42617828d564a4d6028aec3f45d8939a2ba1617199f?s=96&d=blank&r=g\",\"caption\":\"Jenni\"},\"url\":\"https:\\\/\\\/jennipitko.fi\\\/koti\\\/author\\\/jenni\\\/\"}]}<\/script>\n<!-- \/ Yoast SEO plugin. -->","yoast_head_json":{"title":"Oulun tulevaisuus on kaupunkimainen - Jenni Pitko - Vihreiden varapuheenjohtaja, ymp\u00e4rist\u00f6valiokunnan puheenjohtaja, kansanedustaja ja arkkitehti Oulusta","robots":{"index":"index","follow":"follow","max-snippet":"max-snippet:-1","max-image-preview":"max-image-preview:large","max-video-preview":"max-video-preview:-1"},"canonical":"https:\/\/jennipitko.fi\/koti\/oulun-tulevaisuus-on-kaupunkimainen\/","og_locale":"fi_FI","og_type":"article","og_title":"Oulun tulevaisuus on kaupunkimainen - Jenni Pitko - Vihreiden varapuheenjohtaja, ymp\u00e4rist\u00f6valiokunnan puheenjohtaja, kansanedustaja ja arkkitehti Oulusta","og_description":"Oulussa on viime vuosina totuttu rakennusp\u00f6lyyn, r\u00e4j\u00e4hdyksiin ja monenmoisiin rakennusty\u00f6maihin. Se on merkki siit\u00e4, ett\u00e4 Oulussa tapahtuu. Keskeiset alueet ovat [&hellip;]","og_url":"https:\/\/jennipitko.fi\/koti\/oulun-tulevaisuus-on-kaupunkimainen\/","og_site_name":"Jenni Pitko - Vihreiden varapuheenjohtaja, ymp\u00e4rist\u00f6valiokunnan puheenjohtaja, kansanedustaja ja arkkitehti Oulusta","article_published_time":"2016-04-21T06:44:45+00:00","article_modified_time":"2016-04-21T06:51:02+00:00","author":"Jenni","twitter_card":"summary_large_image","twitter_misc":{"Kirjoittanut":"Jenni","Arvioitu lukuaika":"2 minuuttia"},"schema":{"@context":"https:\/\/schema.org","@graph":[{"@type":"Article","@id":"https:\/\/jennipitko.fi\/koti\/oulun-tulevaisuus-on-kaupunkimainen\/#article","isPartOf":{"@id":"https:\/\/jennipitko.fi\/koti\/oulun-tulevaisuus-on-kaupunkimainen\/"},"author":{"name":"Jenni","@id":"https:\/\/jennipitko.fi\/koti\/#\/schema\/person\/35955c467f851f10124809310e7e7ee8"},"headline":"Oulun tulevaisuus on kaupunkimainen","datePublished":"2016-04-21T06:44:45+00:00","dateModified":"2016-04-21T06:51:02+00:00","mainEntityOfPage":{"@id":"https:\/\/jennipitko.fi\/koti\/oulun-tulevaisuus-on-kaupunkimainen\/"},"wordCount":344,"commentCount":0,"publisher":{"@id":"https:\/\/jennipitko.fi\/koti\/#organization"},"keywords":["autopaikkanormi","kaupunkibulevardi","kaupunkipuistot","kaupunkisuunnittelu","k\u00e4vely","maank\u00e4ytt\u00f6","py\u00f6r\u00e4ily","t\u00e4ydennysrakentaminen","yleiskaava"],"articleSection":["Blogi"],"inLanguage":"fi","potentialAction":[{"@type":"CommentAction","name":"Comment","target":["https:\/\/jennipitko.fi\/koti\/oulun-tulevaisuus-on-kaupunkimainen\/#respond"]}]},{"@type":"WebPage","@id":"https:\/\/jennipitko.fi\/koti\/oulun-tulevaisuus-on-kaupunkimainen\/","url":"https:\/\/jennipitko.fi\/koti\/oulun-tulevaisuus-on-kaupunkimainen\/","name":"Oulun tulevaisuus on kaupunkimainen - Jenni Pitko - Vihreiden varapuheenjohtaja, ymp\u00e4rist\u00f6valiokunnan puheenjohtaja, kansanedustaja ja arkkitehti Oulusta","isPartOf":{"@id":"https:\/\/jennipitko.fi\/koti\/#website"},"datePublished":"2016-04-21T06:44:45+00:00","dateModified":"2016-04-21T06:51:02+00:00","breadcrumb":{"@id":"https:\/\/jennipitko.fi\/koti\/oulun-tulevaisuus-on-kaupunkimainen\/#breadcrumb"},"inLanguage":"fi","potentialAction":[{"@type":"ReadAction","target":["https:\/\/jennipitko.fi\/koti\/oulun-tulevaisuus-on-kaupunkimainen\/"]}]},{"@type":"BreadcrumbList","@id":"https:\/\/jennipitko.fi\/koti\/oulun-tulevaisuus-on-kaupunkimainen\/#breadcrumb","itemListElement":[{"@type":"ListItem","position":1,"name":"Home","item":"https:\/\/jennipitko.fi\/koti\/"},{"@type":"ListItem","position":2,"name":"Oulun tulevaisuus on kaupunkimainen"}]},{"@type":"WebSite","@id":"https:\/\/jennipitko.fi\/koti\/#website","url":"https:\/\/jennipitko.fi\/koti\/","name":"Jenni Pitko - Vihreiden varapuheenjohtaja, ymp\u00e4rist\u00f6valiokunnan puheenjohtaja, kansanedustaja ja arkkitehti Oulusta","description":"Jenni Pitko - Vihreiden varapuheenjohtaja, ymp\u00e4rist\u00f6valiokunnan puheenjohtaja, kansanedustaja ja arkkitehti Oulusta","publisher":{"@id":"https:\/\/jennipitko.fi\/koti\/#organization"},"potentialAction":[{"@type":"SearchAction","target":{"@type":"EntryPoint","urlTemplate":"https:\/\/jennipitko.fi\/koti\/?s={search_term_string}"},"query-input":{"@type":"PropertyValueSpecification","valueRequired":true,"valueName":"search_term_string"}}],"inLanguage":"fi"},{"@type":"Organization","@id":"https:\/\/jennipitko.fi\/koti\/#organization","name":"Jenni Pitko - Vihreiden varapuheenjohtaja, ymp\u00e4rist\u00f6valiokunnan puheenjohtaja, kansanedustaja ja arkkitehti Oulusta","url":"https:\/\/jennipitko.fi\/koti\/","logo":{"@type":"ImageObject","inLanguage":"fi","@id":"https:\/\/jennipitko.fi\/koti\/#\/schema\/logo\/image\/","url":"https:\/\/jennipitko.fi\/koti\/wp-content\/uploads\/2025\/09\/Nimeton-malli-38.png","contentUrl":"https:\/\/jennipitko.fi\/koti\/wp-content\/uploads\/2025\/09\/Nimeton-malli-38.png","width":1280,"height":847,"caption":"Jenni Pitko - Vihreiden varapuheenjohtaja, ymp\u00e4rist\u00f6valiokunnan puheenjohtaja, kansanedustaja ja arkkitehti Oulusta"},"image":{"@id":"https:\/\/jennipitko.fi\/koti\/#\/schema\/logo\/image\/"}},{"@type":"Person","@id":"https:\/\/jennipitko.fi\/koti\/#\/schema\/person\/35955c467f851f10124809310e7e7ee8","name":"Jenni","image":{"@type":"ImageObject","inLanguage":"fi","@id":"https:\/\/secure.gravatar.com\/avatar\/625a0e6413b293da7739d42617828d564a4d6028aec3f45d8939a2ba1617199f?s=96&d=blank&r=g","url":"https:\/\/secure.gravatar.com\/avatar\/625a0e6413b293da7739d42617828d564a4d6028aec3f45d8939a2ba1617199f?s=96&d=blank&r=g","contentUrl":"https:\/\/secure.gravatar.com\/avatar\/625a0e6413b293da7739d42617828d564a4d6028aec3f45d8939a2ba1617199f?s=96&d=blank&r=g","caption":"Jenni"},"url":"https:\/\/jennipitko.fi\/koti\/author\/jenni\/"}]}},"_links":{"self":[{"href":"https:\/\/jennipitko.fi\/koti\/wp-json\/wp\/v2\/posts\/1327","targetHints":{"allow":["GET"]}}],"collection":[{"href":"https:\/\/jennipitko.fi\/koti\/wp-json\/wp\/v2\/posts"}],"about":[{"href":"https:\/\/jennipitko.fi\/koti\/wp-json\/wp\/v2\/types\/post"}],"author":[{"embeddable":true,"href":"https:\/\/jennipitko.fi\/koti\/wp-json\/wp\/v2\/users\/1"}],"replies":[{"embeddable":true,"href":"https:\/\/jennipitko.fi\/koti\/wp-json\/wp\/v2\/comments?post=1327"}],"version-history":[{"count":1,"href":"https:\/\/jennipitko.fi\/koti\/wp-json\/wp\/v2\/posts\/1327\/revisions"}],"predecessor-version":[{"id":1332,"href":"https:\/\/jennipitko.fi\/koti\/wp-json\/wp\/v2\/posts\/1327\/revisions\/1332"}],"wp:attachment":[{"href":"https:\/\/jennipitko.fi\/koti\/wp-json\/wp\/v2\/media?parent=1327"}],"wp:term":[{"taxonomy":"category","embeddable":true,"href":"https:\/\/jennipitko.fi\/koti\/wp-json\/wp\/v2\/categories?post=1327"},{"taxonomy":"post_tag","embeddable":true,"href":"https:\/\/jennipitko.fi\/koti\/wp-json\/wp\/v2\/tags?post=1327"}],"curies":[{"name":"wp","href":"https:\/\/api.w.org\/{rel}","templated":true}]}}