{"id":1329,"date":"2016-04-21T09:49:39","date_gmt":"2016-04-21T06:49:39","guid":{"rendered":"http:\/\/jennipitko.fi\/koti\/?p=1329"},"modified":"2016-04-21T09:49:39","modified_gmt":"2016-04-21T06:49:39","slug":"kuntalaisten-rahoja-suojeltava-veroparatiiseilta","status":"publish","type":"post","link":"https:\/\/jennipitko.fi\/koti\/kuntalaisten-rahoja-suojeltava-veroparatiiseilta\/","title":{"rendered":"Kuntalaisten rahoja suojeltava veroparatiiseilta"},"content":{"rendered":"<p>Samalla kun odottelemme hallituksen esityksi\u00e4 sote-uudistuksesta, julkistettiin muutama viikko sitten massiivinen tietovuoto. Sen keski\u00f6ss\u00e4 on asiakkaitaan verojen piilottamisessa auttanut panamalainen Mossack Fonseca -asianajotoimisto. Vaikka yritysten laitoin veronkierto &#8211; tai laillinen, mutta kyseenalainen &#8211; verosuunnittelu ei olekaan uusi asia, nosti tietovuoto esille ongelman laajuuden ja sen, ett\u00e4 my\u00f6s l\u00e4heisilt\u00e4 tuntuvat ja tutut yritykset voivat kaikessa hiljaisuudessa siihen syyllisty\u00e4.<\/p>\n<p>Hallituksen sote-uudistuksen yksi l\u00e4ht\u00f6ajatus on valinnanvapauden edist\u00e4minen. Valinnanpauden lis\u00e4\u00e4misell\u00e4 ei tavoitella kustannuss\u00e4\u00e4st\u00f6j\u00e4, vaan se on enemm\u00e4nkin ideologinen valinta. Valinnanvapaus tarkoittaa palveluiden avaamista kilpailulle niin, ett\u00e4 jatkossa julkisen tahon lis\u00e4ksi sosiaali- ja terveyspalveluja tuottavat julkisen tuottajan rinnalla my\u00f6s yritykset.<\/p>\n<p>Valinnanvapaus on hieno ajatus, mutta pelkona on kansalaisten sosiaali- ja terveyspalveluiden alistaminen voittoa tavoitteleville ja veroja v\u00e4ltteleville yrityksille.<\/p>\n<p><!--more--><br \/>\nVerov\u00e4lttelyn arvioidaan aiheuttavan EU:n j\u00e4senmaille vuosittain jopa tuhannen miljardin euron verotulojen menetykset. Se on suoraan pois julkisten hyvinvointipalveluiden rahoittamisesta.<\/p>\n<p>Ajatus pienist\u00e4 paikallisista yrityksist\u00e4 tuottamassa kuntalaisl\u00e4ht\u00f6isi\u00e4 palveluja on ihana. Kehitys terveydenhoitoalalla on valitettavasti ollut, ett\u00e4 monikansalliset yritykset sy\u00f6v\u00e4t pieni\u00e4 paikallisia yrityksi\u00e4. Kauhuskenaario on, ett\u00e4 markkinoille j\u00e4\u00e4 vain kourallinen toimijoita. Jo nyt tied\u00e4mme, ett\u00e4 moni n\u00e4ist\u00e4 monikansallisista suuryrityksist\u00e4 ei maksa veroja Suomeen. T\u00e4m\u00e4 on merkitt\u00e4v\u00e4 uhka terveydenhuoltopalveluiden rahoitukselle.<\/p>\n<p>Hallituksen tulisi valinnanvapautta edist\u00e4ess\u00e4\u00e4n ottaa mukaan verov\u00e4lttelyn est\u00e4minen esimerkiksi maakohtaisen erillislains\u00e4\u00e4d\u00e4nn\u00f6n kautta. EU:n hankintas\u00e4\u00e4d\u00f6ksi\u00e4 tulee uudistaa niin, ett\u00e4 veroparatiiseja hy\u00f6dynt\u00e4v\u00e4t yritykset voidaan sulkea pois julkisista hankinnoista.<\/p>\n<p>T\u00e4m\u00e4n lis\u00e4ksi sote-alueiden tarjouksissa t\u00e4ytyy vaatia tuottajilta avointa maakohtaista tilinp\u00e4\u00e4t\u00f6sraportointia, jossa yritykset jakavat maakohtaista tietoa voitoistaan ja veroistaan.<\/p>\n<p><em>Kirjoitus on julkaistu Oulu-lehden Oululaisten asialla -kolumnisarjassa 21.4.2016.<\/em><\/p>\n","protected":false},"excerpt":{"rendered":"<p>Samalla kun odottelemme hallituksen esityksi\u00e4 sote-uudistuksesta, julkistettiin muutama viikko sitten massiivinen tietovuoto. Sen keski\u00f6ss\u00e4 on asiakkaitaan verojen piilottamisessa auttanut panamalainen [&hellip;]<\/p>\n","protected":false},"author":1,"featured_media":0,"comment_status":"open","ping_status":"closed","sticky":false,"template":"","format":"standard","meta":{"_monsterinsights_skip_tracking":false,"_monsterinsights_sitenote_active":false,"_monsterinsights_sitenote_note":"","_monsterinsights_sitenote_category":0,"site-sidebar-layout":"default","site-content-layout":"","ast-site-content-layout":"default","site-content-style":"default","site-sidebar-style":"default","ast-global-header-display":"","ast-banner-title-visibility":"","ast-main-header-display":"","ast-hfb-above-header-display":"","ast-hfb-below-header-display":"","ast-hfb-mobile-header-display":"","site-post-title":"","ast-breadcrumbs-content":"","ast-featured-img":"","footer-sml-layout":"","ast-disable-related-posts":"","theme-transparent-header-meta":"","adv-header-id-meta":"","stick-header-meta":"","header-above-stick-meta":"","header-main-stick-meta":"","header-below-stick-meta":"","astra-migrate-meta-layouts":"default","ast-page-background-enabled":"default","ast-page-background-meta":{"desktop":{"background-color":"var(--ast-global-color-5)","background-image":"","background-repeat":"repeat","background-position":"center center","background-size":"auto","background-attachment":"scroll","background-type":"","background-media":"","overlay-type":"","overlay-color":"","overlay-opacity":"","overlay-gradient":""},"tablet":{"background-color":"","background-image":"","background-repeat":"repeat","background-position":"center center","background-size":"auto","background-attachment":"scroll","background-type":"","background-media":"","overlay-type":"","overlay-color":"","overlay-opacity":"","overlay-gradient":""},"mobile":{"background-color":"","background-image":"","background-repeat":"repeat","background-position":"center center","background-size":"auto","background-attachment":"scroll","background-type":"","background-media":"","overlay-type":"","overlay-color":"","overlay-opacity":"","overlay-gradient":""}},"ast-content-background-meta":{"desktop":{"background-color":"var(--ast-global-color-4)","background-image":"","background-repeat":"repeat","background-position":"center center","background-size":"auto","background-attachment":"scroll","background-type":"","background-media":"","overlay-type":"","overlay-color":"","overlay-opacity":"","overlay-gradient":""},"tablet":{"background-color":"var(--ast-global-color-4)","background-image":"","background-repeat":"repeat","background-position":"center center","background-size":"auto","background-attachment":"scroll","background-type":"","background-media":"","overlay-type":"","overlay-color":"","overlay-opacity":"","overlay-gradient":""},"mobile":{"background-color":"var(--ast-global-color-4)","background-image":"","background-repeat":"repeat","background-position":"center center","background-size":"auto","background-attachment":"scroll","background-type":"","background-media":"","overlay-type":"","overlay-color":"","overlay-opacity":"","overlay-gradient":""}},"footnotes":""},"categories":[1],"tags":[92,221,217,218,219,220],"class_list":["post-1329","post","type-post","status-publish","format-standard","hentry","category-uncategorized","tag-euroopan-unioni","tag-sosiaali-ja-terveyspalvelut","tag-sote","tag-valinnanvapaus","tag-veroparatiisit","tag-verovalttely"],"yoast_head":"<!-- This site is optimized with the Yoast SEO plugin v27.5 - https:\/\/yoast.com\/product\/yoast-seo-wordpress\/ -->\n<title>Kuntalaisten rahoja suojeltava veroparatiiseilta - Jenni Pitko - Vihreiden varapuheenjohtaja, ymp\u00e4rist\u00f6valiokunnan puheenjohtaja, kansanedustaja ja arkkitehti Oulusta<\/title>\n<meta name=\"robots\" content=\"index, follow, max-snippet:-1, max-image-preview:large, max-video-preview:-1\" \/>\n<link rel=\"canonical\" href=\"https:\/\/jennipitko.fi\/koti\/kuntalaisten-rahoja-suojeltava-veroparatiiseilta\/\" \/>\n<meta property=\"og:locale\" content=\"fi_FI\" \/>\n<meta property=\"og:type\" content=\"article\" \/>\n<meta property=\"og:title\" content=\"Kuntalaisten rahoja suojeltava veroparatiiseilta - Jenni Pitko - Vihreiden varapuheenjohtaja, ymp\u00e4rist\u00f6valiokunnan puheenjohtaja, kansanedustaja ja arkkitehti Oulusta\" \/>\n<meta property=\"og:description\" content=\"Samalla kun odottelemme hallituksen esityksi\u00e4 sote-uudistuksesta, julkistettiin muutama viikko sitten massiivinen tietovuoto. Sen keski\u00f6ss\u00e4 on asiakkaitaan verojen piilottamisessa auttanut panamalainen [&hellip;]\" \/>\n<meta property=\"og:url\" content=\"https:\/\/jennipitko.fi\/koti\/kuntalaisten-rahoja-suojeltava-veroparatiiseilta\/\" \/>\n<meta property=\"og:site_name\" content=\"Jenni Pitko - Vihreiden varapuheenjohtaja, ymp\u00e4rist\u00f6valiokunnan puheenjohtaja, kansanedustaja ja arkkitehti Oulusta\" \/>\n<meta property=\"article:published_time\" content=\"2016-04-21T06:49:39+00:00\" \/>\n<meta name=\"author\" content=\"Jenni\" \/>\n<meta name=\"twitter:card\" content=\"summary_large_image\" \/>\n<meta name=\"twitter:label1\" content=\"Kirjoittanut\" \/>\n\t<meta name=\"twitter:data1\" content=\"Jenni\" \/>\n\t<meta name=\"twitter:label2\" content=\"Arvioitu lukuaika\" \/>\n\t<meta name=\"twitter:data2\" content=\"1 minuutti\" \/>\n<script type=\"application\/ld+json\" class=\"yoast-schema-graph\">{\"@context\":\"https:\\\/\\\/schema.org\",\"@graph\":[{\"@type\":\"Article\",\"@id\":\"https:\\\/\\\/jennipitko.fi\\\/koti\\\/kuntalaisten-rahoja-suojeltava-veroparatiiseilta\\\/#article\",\"isPartOf\":{\"@id\":\"https:\\\/\\\/jennipitko.fi\\\/koti\\\/kuntalaisten-rahoja-suojeltava-veroparatiiseilta\\\/\"},\"author\":{\"name\":\"Jenni\",\"@id\":\"https:\\\/\\\/jennipitko.fi\\\/koti\\\/#\\\/schema\\\/person\\\/35955c467f851f10124809310e7e7ee8\"},\"headline\":\"Kuntalaisten rahoja suojeltava veroparatiiseilta\",\"datePublished\":\"2016-04-21T06:49:39+00:00\",\"mainEntityOfPage\":{\"@id\":\"https:\\\/\\\/jennipitko.fi\\\/koti\\\/kuntalaisten-rahoja-suojeltava-veroparatiiseilta\\\/\"},\"wordCount\":277,\"commentCount\":0,\"publisher\":{\"@id\":\"https:\\\/\\\/jennipitko.fi\\\/koti\\\/#organization\"},\"keywords\":[\"Euroopan unioni\",\"sosiaali- ja terveyspalvelut\",\"sote\",\"valinnanvapaus\",\"veroparatiisit\",\"verov\u00e4lttely\"],\"articleSection\":[\"Uncategorized\"],\"inLanguage\":\"fi\",\"potentialAction\":[{\"@type\":\"CommentAction\",\"name\":\"Comment\",\"target\":[\"https:\\\/\\\/jennipitko.fi\\\/koti\\\/kuntalaisten-rahoja-suojeltava-veroparatiiseilta\\\/#respond\"]}]},{\"@type\":\"WebPage\",\"@id\":\"https:\\\/\\\/jennipitko.fi\\\/koti\\\/kuntalaisten-rahoja-suojeltava-veroparatiiseilta\\\/\",\"url\":\"https:\\\/\\\/jennipitko.fi\\\/koti\\\/kuntalaisten-rahoja-suojeltava-veroparatiiseilta\\\/\",\"name\":\"Kuntalaisten rahoja suojeltava veroparatiiseilta - Jenni Pitko - Vihreiden varapuheenjohtaja, ymp\u00e4rist\u00f6valiokunnan puheenjohtaja, kansanedustaja ja arkkitehti Oulusta\",\"isPartOf\":{\"@id\":\"https:\\\/\\\/jennipitko.fi\\\/koti\\\/#website\"},\"datePublished\":\"2016-04-21T06:49:39+00:00\",\"breadcrumb\":{\"@id\":\"https:\\\/\\\/jennipitko.fi\\\/koti\\\/kuntalaisten-rahoja-suojeltava-veroparatiiseilta\\\/#breadcrumb\"},\"inLanguage\":\"fi\",\"potentialAction\":[{\"@type\":\"ReadAction\",\"target\":[\"https:\\\/\\\/jennipitko.fi\\\/koti\\\/kuntalaisten-rahoja-suojeltava-veroparatiiseilta\\\/\"]}]},{\"@type\":\"BreadcrumbList\",\"@id\":\"https:\\\/\\\/jennipitko.fi\\\/koti\\\/kuntalaisten-rahoja-suojeltava-veroparatiiseilta\\\/#breadcrumb\",\"itemListElement\":[{\"@type\":\"ListItem\",\"position\":1,\"name\":\"Home\",\"item\":\"https:\\\/\\\/jennipitko.fi\\\/koti\\\/\"},{\"@type\":\"ListItem\",\"position\":2,\"name\":\"Kuntalaisten rahoja suojeltava veroparatiiseilta\"}]},{\"@type\":\"WebSite\",\"@id\":\"https:\\\/\\\/jennipitko.fi\\\/koti\\\/#website\",\"url\":\"https:\\\/\\\/jennipitko.fi\\\/koti\\\/\",\"name\":\"Jenni Pitko - Vihreiden varapuheenjohtaja, ymp\u00e4rist\u00f6valiokunnan puheenjohtaja, kansanedustaja ja arkkitehti Oulusta\",\"description\":\"Jenni Pitko - Vihreiden varapuheenjohtaja, ymp\u00e4rist\u00f6valiokunnan puheenjohtaja, kansanedustaja ja arkkitehti Oulusta\",\"publisher\":{\"@id\":\"https:\\\/\\\/jennipitko.fi\\\/koti\\\/#organization\"},\"potentialAction\":[{\"@type\":\"SearchAction\",\"target\":{\"@type\":\"EntryPoint\",\"urlTemplate\":\"https:\\\/\\\/jennipitko.fi\\\/koti\\\/?s={search_term_string}\"},\"query-input\":{\"@type\":\"PropertyValueSpecification\",\"valueRequired\":true,\"valueName\":\"search_term_string\"}}],\"inLanguage\":\"fi\"},{\"@type\":\"Organization\",\"@id\":\"https:\\\/\\\/jennipitko.fi\\\/koti\\\/#organization\",\"name\":\"Jenni Pitko - Vihreiden varapuheenjohtaja, ymp\u00e4rist\u00f6valiokunnan puheenjohtaja, kansanedustaja ja arkkitehti Oulusta\",\"url\":\"https:\\\/\\\/jennipitko.fi\\\/koti\\\/\",\"logo\":{\"@type\":\"ImageObject\",\"inLanguage\":\"fi\",\"@id\":\"https:\\\/\\\/jennipitko.fi\\\/koti\\\/#\\\/schema\\\/logo\\\/image\\\/\",\"url\":\"https:\\\/\\\/jennipitko.fi\\\/koti\\\/wp-content\\\/uploads\\\/2025\\\/09\\\/Nimeton-malli-38.png\",\"contentUrl\":\"https:\\\/\\\/jennipitko.fi\\\/koti\\\/wp-content\\\/uploads\\\/2025\\\/09\\\/Nimeton-malli-38.png\",\"width\":1280,\"height\":847,\"caption\":\"Jenni Pitko - Vihreiden varapuheenjohtaja, ymp\u00e4rist\u00f6valiokunnan puheenjohtaja, kansanedustaja ja arkkitehti Oulusta\"},\"image\":{\"@id\":\"https:\\\/\\\/jennipitko.fi\\\/koti\\\/#\\\/schema\\\/logo\\\/image\\\/\"}},{\"@type\":\"Person\",\"@id\":\"https:\\\/\\\/jennipitko.fi\\\/koti\\\/#\\\/schema\\\/person\\\/35955c467f851f10124809310e7e7ee8\",\"name\":\"Jenni\",\"image\":{\"@type\":\"ImageObject\",\"inLanguage\":\"fi\",\"@id\":\"https:\\\/\\\/secure.gravatar.com\\\/avatar\\\/625a0e6413b293da7739d42617828d564a4d6028aec3f45d8939a2ba1617199f?s=96&d=blank&r=g\",\"url\":\"https:\\\/\\\/secure.gravatar.com\\\/avatar\\\/625a0e6413b293da7739d42617828d564a4d6028aec3f45d8939a2ba1617199f?s=96&d=blank&r=g\",\"contentUrl\":\"https:\\\/\\\/secure.gravatar.com\\\/avatar\\\/625a0e6413b293da7739d42617828d564a4d6028aec3f45d8939a2ba1617199f?s=96&d=blank&r=g\",\"caption\":\"Jenni\"},\"url\":\"https:\\\/\\\/jennipitko.fi\\\/koti\\\/author\\\/jenni\\\/\"}]}<\/script>\n<!-- \/ Yoast SEO plugin. -->","yoast_head_json":{"title":"Kuntalaisten rahoja suojeltava veroparatiiseilta - Jenni Pitko - Vihreiden varapuheenjohtaja, ymp\u00e4rist\u00f6valiokunnan puheenjohtaja, kansanedustaja ja arkkitehti Oulusta","robots":{"index":"index","follow":"follow","max-snippet":"max-snippet:-1","max-image-preview":"max-image-preview:large","max-video-preview":"max-video-preview:-1"},"canonical":"https:\/\/jennipitko.fi\/koti\/kuntalaisten-rahoja-suojeltava-veroparatiiseilta\/","og_locale":"fi_FI","og_type":"article","og_title":"Kuntalaisten rahoja suojeltava veroparatiiseilta - Jenni Pitko - Vihreiden varapuheenjohtaja, ymp\u00e4rist\u00f6valiokunnan puheenjohtaja, kansanedustaja ja arkkitehti Oulusta","og_description":"Samalla kun odottelemme hallituksen esityksi\u00e4 sote-uudistuksesta, julkistettiin muutama viikko sitten massiivinen tietovuoto. Sen keski\u00f6ss\u00e4 on asiakkaitaan verojen piilottamisessa auttanut panamalainen [&hellip;]","og_url":"https:\/\/jennipitko.fi\/koti\/kuntalaisten-rahoja-suojeltava-veroparatiiseilta\/","og_site_name":"Jenni Pitko - Vihreiden varapuheenjohtaja, ymp\u00e4rist\u00f6valiokunnan puheenjohtaja, kansanedustaja ja arkkitehti Oulusta","article_published_time":"2016-04-21T06:49:39+00:00","author":"Jenni","twitter_card":"summary_large_image","twitter_misc":{"Kirjoittanut":"Jenni","Arvioitu lukuaika":"1 minuutti"},"schema":{"@context":"https:\/\/schema.org","@graph":[{"@type":"Article","@id":"https:\/\/jennipitko.fi\/koti\/kuntalaisten-rahoja-suojeltava-veroparatiiseilta\/#article","isPartOf":{"@id":"https:\/\/jennipitko.fi\/koti\/kuntalaisten-rahoja-suojeltava-veroparatiiseilta\/"},"author":{"name":"Jenni","@id":"https:\/\/jennipitko.fi\/koti\/#\/schema\/person\/35955c467f851f10124809310e7e7ee8"},"headline":"Kuntalaisten rahoja suojeltava veroparatiiseilta","datePublished":"2016-04-21T06:49:39+00:00","mainEntityOfPage":{"@id":"https:\/\/jennipitko.fi\/koti\/kuntalaisten-rahoja-suojeltava-veroparatiiseilta\/"},"wordCount":277,"commentCount":0,"publisher":{"@id":"https:\/\/jennipitko.fi\/koti\/#organization"},"keywords":["Euroopan unioni","sosiaali- ja terveyspalvelut","sote","valinnanvapaus","veroparatiisit","verov\u00e4lttely"],"articleSection":["Uncategorized"],"inLanguage":"fi","potentialAction":[{"@type":"CommentAction","name":"Comment","target":["https:\/\/jennipitko.fi\/koti\/kuntalaisten-rahoja-suojeltava-veroparatiiseilta\/#respond"]}]},{"@type":"WebPage","@id":"https:\/\/jennipitko.fi\/koti\/kuntalaisten-rahoja-suojeltava-veroparatiiseilta\/","url":"https:\/\/jennipitko.fi\/koti\/kuntalaisten-rahoja-suojeltava-veroparatiiseilta\/","name":"Kuntalaisten rahoja suojeltava veroparatiiseilta - Jenni Pitko - Vihreiden varapuheenjohtaja, ymp\u00e4rist\u00f6valiokunnan puheenjohtaja, kansanedustaja ja arkkitehti Oulusta","isPartOf":{"@id":"https:\/\/jennipitko.fi\/koti\/#website"},"datePublished":"2016-04-21T06:49:39+00:00","breadcrumb":{"@id":"https:\/\/jennipitko.fi\/koti\/kuntalaisten-rahoja-suojeltava-veroparatiiseilta\/#breadcrumb"},"inLanguage":"fi","potentialAction":[{"@type":"ReadAction","target":["https:\/\/jennipitko.fi\/koti\/kuntalaisten-rahoja-suojeltava-veroparatiiseilta\/"]}]},{"@type":"BreadcrumbList","@id":"https:\/\/jennipitko.fi\/koti\/kuntalaisten-rahoja-suojeltava-veroparatiiseilta\/#breadcrumb","itemListElement":[{"@type":"ListItem","position":1,"name":"Home","item":"https:\/\/jennipitko.fi\/koti\/"},{"@type":"ListItem","position":2,"name":"Kuntalaisten rahoja suojeltava veroparatiiseilta"}]},{"@type":"WebSite","@id":"https:\/\/jennipitko.fi\/koti\/#website","url":"https:\/\/jennipitko.fi\/koti\/","name":"Jenni Pitko - Vihreiden varapuheenjohtaja, ymp\u00e4rist\u00f6valiokunnan puheenjohtaja, kansanedustaja ja arkkitehti Oulusta","description":"Jenni Pitko - Vihreiden varapuheenjohtaja, ymp\u00e4rist\u00f6valiokunnan puheenjohtaja, kansanedustaja ja arkkitehti Oulusta","publisher":{"@id":"https:\/\/jennipitko.fi\/koti\/#organization"},"potentialAction":[{"@type":"SearchAction","target":{"@type":"EntryPoint","urlTemplate":"https:\/\/jennipitko.fi\/koti\/?s={search_term_string}"},"query-input":{"@type":"PropertyValueSpecification","valueRequired":true,"valueName":"search_term_string"}}],"inLanguage":"fi"},{"@type":"Organization","@id":"https:\/\/jennipitko.fi\/koti\/#organization","name":"Jenni Pitko - Vihreiden varapuheenjohtaja, ymp\u00e4rist\u00f6valiokunnan puheenjohtaja, kansanedustaja ja arkkitehti Oulusta","url":"https:\/\/jennipitko.fi\/koti\/","logo":{"@type":"ImageObject","inLanguage":"fi","@id":"https:\/\/jennipitko.fi\/koti\/#\/schema\/logo\/image\/","url":"https:\/\/jennipitko.fi\/koti\/wp-content\/uploads\/2025\/09\/Nimeton-malli-38.png","contentUrl":"https:\/\/jennipitko.fi\/koti\/wp-content\/uploads\/2025\/09\/Nimeton-malli-38.png","width":1280,"height":847,"caption":"Jenni Pitko - Vihreiden varapuheenjohtaja, ymp\u00e4rist\u00f6valiokunnan puheenjohtaja, kansanedustaja ja arkkitehti Oulusta"},"image":{"@id":"https:\/\/jennipitko.fi\/koti\/#\/schema\/logo\/image\/"}},{"@type":"Person","@id":"https:\/\/jennipitko.fi\/koti\/#\/schema\/person\/35955c467f851f10124809310e7e7ee8","name":"Jenni","image":{"@type":"ImageObject","inLanguage":"fi","@id":"https:\/\/secure.gravatar.com\/avatar\/625a0e6413b293da7739d42617828d564a4d6028aec3f45d8939a2ba1617199f?s=96&d=blank&r=g","url":"https:\/\/secure.gravatar.com\/avatar\/625a0e6413b293da7739d42617828d564a4d6028aec3f45d8939a2ba1617199f?s=96&d=blank&r=g","contentUrl":"https:\/\/secure.gravatar.com\/avatar\/625a0e6413b293da7739d42617828d564a4d6028aec3f45d8939a2ba1617199f?s=96&d=blank&r=g","caption":"Jenni"},"url":"https:\/\/jennipitko.fi\/koti\/author\/jenni\/"}]}},"_links":{"self":[{"href":"https:\/\/jennipitko.fi\/koti\/wp-json\/wp\/v2\/posts\/1329","targetHints":{"allow":["GET"]}}],"collection":[{"href":"https:\/\/jennipitko.fi\/koti\/wp-json\/wp\/v2\/posts"}],"about":[{"href":"https:\/\/jennipitko.fi\/koti\/wp-json\/wp\/v2\/types\/post"}],"author":[{"embeddable":true,"href":"https:\/\/jennipitko.fi\/koti\/wp-json\/wp\/v2\/users\/1"}],"replies":[{"embeddable":true,"href":"https:\/\/jennipitko.fi\/koti\/wp-json\/wp\/v2\/comments?post=1329"}],"version-history":[{"count":1,"href":"https:\/\/jennipitko.fi\/koti\/wp-json\/wp\/v2\/posts\/1329\/revisions"}],"predecessor-version":[{"id":1330,"href":"https:\/\/jennipitko.fi\/koti\/wp-json\/wp\/v2\/posts\/1329\/revisions\/1330"}],"wp:attachment":[{"href":"https:\/\/jennipitko.fi\/koti\/wp-json\/wp\/v2\/media?parent=1329"}],"wp:term":[{"taxonomy":"category","embeddable":true,"href":"https:\/\/jennipitko.fi\/koti\/wp-json\/wp\/v2\/categories?post=1329"},{"taxonomy":"post_tag","embeddable":true,"href":"https:\/\/jennipitko.fi\/koti\/wp-json\/wp\/v2\/tags?post=1329"}],"curies":[{"name":"wp","href":"https:\/\/api.w.org\/{rel}","templated":true}]}}