{"id":1335,"date":"2016-04-24T08:31:22","date_gmt":"2016-04-24T05:31:22","guid":{"rendered":"http:\/\/jennipitko.fi\/koti\/?p=1335"},"modified":"2016-04-24T11:04:21","modified_gmt":"2016-04-24T08:04:21","slug":"ehdolla-kuntavaaleissa-2017","status":"publish","type":"post","link":"https:\/\/jennipitko.fi\/koti\/ehdolla-kuntavaaleissa-2017\/","title":{"rendered":"Ehdolla kuntavaaleissa 2017"},"content":{"rendered":"<p>Raahessa piirin kev\u00e4tkokouksessa on julkaistu 25 vihre\u00e4\u00e4 oululaista kuntavaaliehdokasta, minut mukaanlukien. Olen iloinen ja kiitollinen.<\/p>\n<p>Haluan jatkaa ty\u00f6t\u00e4 kunnallispolitiikassa ja olla rakentamassa edelleen modernimpaa ja v\u00e4litt\u00e4v\u00e4\u00e4 kaupunkia, jossa arki on sujuvaa ja kest\u00e4v\u00e4t valinnat helppoja. Py\u00f6r\u00e4ilyn, k\u00e4velyn ja joukkoliikenteen puolustaminen kaupungissa, jossa autojen suhteellinen m\u00e4\u00e4r\u00e4 kasvaa kokoajan, on edelleenkin t\u00e4rke\u00e4\u00e4. Py\u00f6r\u00e4ilyinfra, kuten py\u00f6r\u00e4kaistat ja -kadut, tarvitsevat investointeja ja joukkoliikenne enemm\u00e4n m\u00e4\u00e4r\u00e4rahoja. Keskustaa on suunniteltava k\u00e4velij\u00e4t etusijalla. Haluan olla tekem\u00e4ss\u00e4 modernia kaupunkia, joka toimii hyv\u00e4n\u00e4 alustana liiketoiminnalle ja uusien ty\u00f6paikkojen syntymiselle sek\u00e4 tuo asiakkaita ja yritt\u00e4ji\u00e4 yhteen.<\/p>\n<p>V\u00e4litt\u00e4v\u00e4 kaupunki kohtaa jokaisen kuntalaisen kuunnellen ja apua tarjoten. Laadukkaat palvelut tarvitsevat puolustajia n\u00e4in\u00e4 hallituksen jatkuvien leikkausten aikana. Varhaiskasvatusta ja opetusta pit\u00e4\u00e4 pysty\u00e4 uudistamaan ja palveluverkkoa tarkastelemaan, mutta laadusta ja inhimillisyydest\u00e4 ei varaa tinki\u00e4 piiruakaan. Kouluissa on t\u00e4m\u00e4n kaupungin menestymisen avaimet ja koko seudun tulevaisuus.<\/p>\n<p>L\u00e4hden tavoittelemaan jatkokautta kaupunginvaltuustossa itselleni ja samalla haluan olla tekem\u00e4ss\u00e4 oululaista vihre\u00e4\u00e4 vaalivoittoa. Tavoitteenani on, ett\u00e4 vihre\u00e4 valtuustoryhm\u00e4 kasvaisi merkitt\u00e4v\u00e4sti seuraavalla kaudella.<\/p>\n<p>Kuntavaalit pidet\u00e4\u00e4n huhtikuussa 2017. L\u00e4mpim\u00e4sti tervetuloa mukaan vaality\u00f6h\u00f6ni, tiimi tulee j\u00e4rjest\u00e4ytym\u00e4\u00e4n hieman my\u00f6hemmin, mutta kiinnostuksen mukanaolosta voi jo ilmaista minulle s\u00e4hk\u00f6postilla jenni.pitko@gmail.com. Jos sinua kiinnostaa ehdokkuus tai tied\u00e4t sopivan ehdokkaan, siit\u00e4kin voi ilmoittaa vaikka minulle!<\/p>\n<p>#onnellinenkaupunki #vihre\u00e4t #oulu<\/p>\n","protected":false},"excerpt":{"rendered":"<p>Raahessa piirin kev\u00e4tkokouksessa on julkaistu 25 vihre\u00e4\u00e4 oululaista kuntavaaliehdokasta, minut mukaanlukien. Olen iloinen ja kiitollinen. Haluan jatkaa ty\u00f6t\u00e4 kunnallispolitiikassa ja [&hellip;]<\/p>\n","protected":false},"author":1,"featured_media":0,"comment_status":"closed","ping_status":"closed","sticky":false,"template":"","format":"standard","meta":{"_monsterinsights_skip_tracking":false,"_monsterinsights_sitenote_active":false,"_monsterinsights_sitenote_note":"","_monsterinsights_sitenote_category":0,"site-sidebar-layout":"default","site-content-layout":"","ast-site-content-layout":"default","site-content-style":"default","site-sidebar-style":"default","ast-global-header-display":"","ast-banner-title-visibility":"","ast-main-header-display":"","ast-hfb-above-header-display":"","ast-hfb-below-header-display":"","ast-hfb-mobile-header-display":"","site-post-title":"","ast-breadcrumbs-content":"","ast-featured-img":"","footer-sml-layout":"","ast-disable-related-posts":"","theme-transparent-header-meta":"","adv-header-id-meta":"","stick-header-meta":"","header-above-stick-meta":"","header-main-stick-meta":"","header-below-stick-meta":"","astra-migrate-meta-layouts":"default","ast-page-background-enabled":"default","ast-page-background-meta":{"desktop":{"background-color":"var(--ast-global-color-5)","background-image":"","background-repeat":"repeat","background-position":"center center","background-size":"auto","background-attachment":"scroll","background-type":"","background-media":"","overlay-type":"","overlay-color":"","overlay-opacity":"","overlay-gradient":""},"tablet":{"background-color":"","background-image":"","background-repeat":"repeat","background-position":"center center","background-size":"auto","background-attachment":"scroll","background-type":"","background-media":"","overlay-type":"","overlay-color":"","overlay-opacity":"","overlay-gradient":""},"mobile":{"background-color":"","background-image":"","background-repeat":"repeat","background-position":"center center","background-size":"auto","background-attachment":"scroll","background-type":"","background-media":"","overlay-type":"","overlay-color":"","overlay-opacity":"","overlay-gradient":""}},"ast-content-background-meta":{"desktop":{"background-color":"var(--ast-global-color-4)","background-image":"","background-repeat":"repeat","background-position":"center center","background-size":"auto","background-attachment":"scroll","background-type":"","background-media":"","overlay-type":"","overlay-color":"","overlay-opacity":"","overlay-gradient":""},"tablet":{"background-color":"var(--ast-global-color-4)","background-image":"","background-repeat":"repeat","background-position":"center center","background-size":"auto","background-attachment":"scroll","background-type":"","background-media":"","overlay-type":"","overlay-color":"","overlay-opacity":"","overlay-gradient":""},"mobile":{"background-color":"var(--ast-global-color-4)","background-image":"","background-repeat":"repeat","background-position":"center center","background-size":"auto","background-attachment":"scroll","background-type":"","background-media":"","overlay-type":"","overlay-color":"","overlay-opacity":"","overlay-gradient":""}},"footnotes":""},"categories":[1],"tags":[222,188],"class_list":["post-1335","post","type-post","status-publish","format-standard","hentry","category-uncategorized","tag-kuntavaalit","tag-vaalit"],"yoast_head":"<!-- This site is optimized with the Yoast SEO plugin v27.5 - https:\/\/yoast.com\/product\/yoast-seo-wordpress\/ -->\n<title>Ehdolla kuntavaaleissa 2017 - Jenni Pitko - Vihreiden varapuheenjohtaja, ymp\u00e4rist\u00f6valiokunnan puheenjohtaja, kansanedustaja ja arkkitehti Oulusta<\/title>\n<meta name=\"robots\" content=\"index, follow, max-snippet:-1, max-image-preview:large, max-video-preview:-1\" \/>\n<link rel=\"canonical\" href=\"https:\/\/jennipitko.fi\/koti\/ehdolla-kuntavaaleissa-2017\/\" \/>\n<meta property=\"og:locale\" content=\"fi_FI\" \/>\n<meta property=\"og:type\" content=\"article\" \/>\n<meta property=\"og:title\" content=\"Ehdolla kuntavaaleissa 2017 - Jenni Pitko - Vihreiden varapuheenjohtaja, ymp\u00e4rist\u00f6valiokunnan puheenjohtaja, kansanedustaja ja arkkitehti Oulusta\" \/>\n<meta property=\"og:description\" content=\"Raahessa piirin kev\u00e4tkokouksessa on julkaistu 25 vihre\u00e4\u00e4 oululaista kuntavaaliehdokasta, minut mukaanlukien. Olen iloinen ja kiitollinen. Haluan jatkaa ty\u00f6t\u00e4 kunnallispolitiikassa ja [&hellip;]\" \/>\n<meta property=\"og:url\" content=\"https:\/\/jennipitko.fi\/koti\/ehdolla-kuntavaaleissa-2017\/\" \/>\n<meta property=\"og:site_name\" content=\"Jenni Pitko - Vihreiden varapuheenjohtaja, ymp\u00e4rist\u00f6valiokunnan puheenjohtaja, kansanedustaja ja arkkitehti Oulusta\" \/>\n<meta property=\"article:published_time\" content=\"2016-04-24T05:31:22+00:00\" \/>\n<meta property=\"article:modified_time\" content=\"2016-04-24T08:04:21+00:00\" \/>\n<meta name=\"author\" content=\"Jenni\" \/>\n<meta name=\"twitter:card\" content=\"summary_large_image\" \/>\n<meta name=\"twitter:label1\" content=\"Kirjoittanut\" \/>\n\t<meta name=\"twitter:data1\" content=\"Jenni\" \/>\n\t<meta name=\"twitter:label2\" content=\"Arvioitu lukuaika\" \/>\n\t<meta name=\"twitter:data2\" content=\"1 minuutti\" \/>\n<script type=\"application\/ld+json\" class=\"yoast-schema-graph\">{\"@context\":\"https:\\\/\\\/schema.org\",\"@graph\":[{\"@type\":\"Article\",\"@id\":\"https:\\\/\\\/jennipitko.fi\\\/koti\\\/ehdolla-kuntavaaleissa-2017\\\/#article\",\"isPartOf\":{\"@id\":\"https:\\\/\\\/jennipitko.fi\\\/koti\\\/ehdolla-kuntavaaleissa-2017\\\/\"},\"author\":{\"name\":\"Jenni\",\"@id\":\"https:\\\/\\\/jennipitko.fi\\\/koti\\\/#\\\/schema\\\/person\\\/35955c467f851f10124809310e7e7ee8\"},\"headline\":\"Ehdolla kuntavaaleissa 2017\",\"datePublished\":\"2016-04-24T05:31:22+00:00\",\"dateModified\":\"2016-04-24T08:04:21+00:00\",\"mainEntityOfPage\":{\"@id\":\"https:\\\/\\\/jennipitko.fi\\\/koti\\\/ehdolla-kuntavaaleissa-2017\\\/\"},\"wordCount\":241,\"publisher\":{\"@id\":\"https:\\\/\\\/jennipitko.fi\\\/koti\\\/#organization\"},\"keywords\":[\"kuntavaalit\",\"vaalit\"],\"articleSection\":[\"Uncategorized\"],\"inLanguage\":\"fi\"},{\"@type\":\"WebPage\",\"@id\":\"https:\\\/\\\/jennipitko.fi\\\/koti\\\/ehdolla-kuntavaaleissa-2017\\\/\",\"url\":\"https:\\\/\\\/jennipitko.fi\\\/koti\\\/ehdolla-kuntavaaleissa-2017\\\/\",\"name\":\"Ehdolla kuntavaaleissa 2017 - Jenni Pitko - Vihreiden varapuheenjohtaja, ymp\u00e4rist\u00f6valiokunnan puheenjohtaja, kansanedustaja ja arkkitehti Oulusta\",\"isPartOf\":{\"@id\":\"https:\\\/\\\/jennipitko.fi\\\/koti\\\/#website\"},\"datePublished\":\"2016-04-24T05:31:22+00:00\",\"dateModified\":\"2016-04-24T08:04:21+00:00\",\"breadcrumb\":{\"@id\":\"https:\\\/\\\/jennipitko.fi\\\/koti\\\/ehdolla-kuntavaaleissa-2017\\\/#breadcrumb\"},\"inLanguage\":\"fi\",\"potentialAction\":[{\"@type\":\"ReadAction\",\"target\":[\"https:\\\/\\\/jennipitko.fi\\\/koti\\\/ehdolla-kuntavaaleissa-2017\\\/\"]}]},{\"@type\":\"BreadcrumbList\",\"@id\":\"https:\\\/\\\/jennipitko.fi\\\/koti\\\/ehdolla-kuntavaaleissa-2017\\\/#breadcrumb\",\"itemListElement\":[{\"@type\":\"ListItem\",\"position\":1,\"name\":\"Home\",\"item\":\"https:\\\/\\\/jennipitko.fi\\\/koti\\\/\"},{\"@type\":\"ListItem\",\"position\":2,\"name\":\"Ehdolla kuntavaaleissa 2017\"}]},{\"@type\":\"WebSite\",\"@id\":\"https:\\\/\\\/jennipitko.fi\\\/koti\\\/#website\",\"url\":\"https:\\\/\\\/jennipitko.fi\\\/koti\\\/\",\"name\":\"Jenni Pitko - Vihreiden varapuheenjohtaja, ymp\u00e4rist\u00f6valiokunnan puheenjohtaja, kansanedustaja ja arkkitehti Oulusta\",\"description\":\"Jenni Pitko - Vihreiden varapuheenjohtaja, ymp\u00e4rist\u00f6valiokunnan puheenjohtaja, kansanedustaja ja arkkitehti Oulusta\",\"publisher\":{\"@id\":\"https:\\\/\\\/jennipitko.fi\\\/koti\\\/#organization\"},\"potentialAction\":[{\"@type\":\"SearchAction\",\"target\":{\"@type\":\"EntryPoint\",\"urlTemplate\":\"https:\\\/\\\/jennipitko.fi\\\/koti\\\/?s={search_term_string}\"},\"query-input\":{\"@type\":\"PropertyValueSpecification\",\"valueRequired\":true,\"valueName\":\"search_term_string\"}}],\"inLanguage\":\"fi\"},{\"@type\":\"Organization\",\"@id\":\"https:\\\/\\\/jennipitko.fi\\\/koti\\\/#organization\",\"name\":\"Jenni Pitko - Vihreiden varapuheenjohtaja, ymp\u00e4rist\u00f6valiokunnan puheenjohtaja, kansanedustaja ja arkkitehti Oulusta\",\"url\":\"https:\\\/\\\/jennipitko.fi\\\/koti\\\/\",\"logo\":{\"@type\":\"ImageObject\",\"inLanguage\":\"fi\",\"@id\":\"https:\\\/\\\/jennipitko.fi\\\/koti\\\/#\\\/schema\\\/logo\\\/image\\\/\",\"url\":\"https:\\\/\\\/jennipitko.fi\\\/koti\\\/wp-content\\\/uploads\\\/2025\\\/09\\\/Nimeton-malli-38.png\",\"contentUrl\":\"https:\\\/\\\/jennipitko.fi\\\/koti\\\/wp-content\\\/uploads\\\/2025\\\/09\\\/Nimeton-malli-38.png\",\"width\":1280,\"height\":847,\"caption\":\"Jenni Pitko - Vihreiden varapuheenjohtaja, ymp\u00e4rist\u00f6valiokunnan puheenjohtaja, kansanedustaja ja arkkitehti Oulusta\"},\"image\":{\"@id\":\"https:\\\/\\\/jennipitko.fi\\\/koti\\\/#\\\/schema\\\/logo\\\/image\\\/\"}},{\"@type\":\"Person\",\"@id\":\"https:\\\/\\\/jennipitko.fi\\\/koti\\\/#\\\/schema\\\/person\\\/35955c467f851f10124809310e7e7ee8\",\"name\":\"Jenni\",\"image\":{\"@type\":\"ImageObject\",\"inLanguage\":\"fi\",\"@id\":\"https:\\\/\\\/secure.gravatar.com\\\/avatar\\\/625a0e6413b293da7739d42617828d564a4d6028aec3f45d8939a2ba1617199f?s=96&d=blank&r=g\",\"url\":\"https:\\\/\\\/secure.gravatar.com\\\/avatar\\\/625a0e6413b293da7739d42617828d564a4d6028aec3f45d8939a2ba1617199f?s=96&d=blank&r=g\",\"contentUrl\":\"https:\\\/\\\/secure.gravatar.com\\\/avatar\\\/625a0e6413b293da7739d42617828d564a4d6028aec3f45d8939a2ba1617199f?s=96&d=blank&r=g\",\"caption\":\"Jenni\"},\"url\":\"https:\\\/\\\/jennipitko.fi\\\/koti\\\/author\\\/jenni\\\/\"}]}<\/script>\n<!-- \/ Yoast SEO plugin. -->","yoast_head_json":{"title":"Ehdolla kuntavaaleissa 2017 - Jenni Pitko - Vihreiden varapuheenjohtaja, ymp\u00e4rist\u00f6valiokunnan puheenjohtaja, kansanedustaja ja arkkitehti Oulusta","robots":{"index":"index","follow":"follow","max-snippet":"max-snippet:-1","max-image-preview":"max-image-preview:large","max-video-preview":"max-video-preview:-1"},"canonical":"https:\/\/jennipitko.fi\/koti\/ehdolla-kuntavaaleissa-2017\/","og_locale":"fi_FI","og_type":"article","og_title":"Ehdolla kuntavaaleissa 2017 - Jenni Pitko - Vihreiden varapuheenjohtaja, ymp\u00e4rist\u00f6valiokunnan puheenjohtaja, kansanedustaja ja arkkitehti Oulusta","og_description":"Raahessa piirin kev\u00e4tkokouksessa on julkaistu 25 vihre\u00e4\u00e4 oululaista kuntavaaliehdokasta, minut mukaanlukien. Olen iloinen ja kiitollinen. Haluan jatkaa ty\u00f6t\u00e4 kunnallispolitiikassa ja [&hellip;]","og_url":"https:\/\/jennipitko.fi\/koti\/ehdolla-kuntavaaleissa-2017\/","og_site_name":"Jenni Pitko - Vihreiden varapuheenjohtaja, ymp\u00e4rist\u00f6valiokunnan puheenjohtaja, kansanedustaja ja arkkitehti Oulusta","article_published_time":"2016-04-24T05:31:22+00:00","article_modified_time":"2016-04-24T08:04:21+00:00","author":"Jenni","twitter_card":"summary_large_image","twitter_misc":{"Kirjoittanut":"Jenni","Arvioitu lukuaika":"1 minuutti"},"schema":{"@context":"https:\/\/schema.org","@graph":[{"@type":"Article","@id":"https:\/\/jennipitko.fi\/koti\/ehdolla-kuntavaaleissa-2017\/#article","isPartOf":{"@id":"https:\/\/jennipitko.fi\/koti\/ehdolla-kuntavaaleissa-2017\/"},"author":{"name":"Jenni","@id":"https:\/\/jennipitko.fi\/koti\/#\/schema\/person\/35955c467f851f10124809310e7e7ee8"},"headline":"Ehdolla kuntavaaleissa 2017","datePublished":"2016-04-24T05:31:22+00:00","dateModified":"2016-04-24T08:04:21+00:00","mainEntityOfPage":{"@id":"https:\/\/jennipitko.fi\/koti\/ehdolla-kuntavaaleissa-2017\/"},"wordCount":241,"publisher":{"@id":"https:\/\/jennipitko.fi\/koti\/#organization"},"keywords":["kuntavaalit","vaalit"],"articleSection":["Uncategorized"],"inLanguage":"fi"},{"@type":"WebPage","@id":"https:\/\/jennipitko.fi\/koti\/ehdolla-kuntavaaleissa-2017\/","url":"https:\/\/jennipitko.fi\/koti\/ehdolla-kuntavaaleissa-2017\/","name":"Ehdolla kuntavaaleissa 2017 - Jenni Pitko - Vihreiden varapuheenjohtaja, ymp\u00e4rist\u00f6valiokunnan puheenjohtaja, kansanedustaja ja arkkitehti Oulusta","isPartOf":{"@id":"https:\/\/jennipitko.fi\/koti\/#website"},"datePublished":"2016-04-24T05:31:22+00:00","dateModified":"2016-04-24T08:04:21+00:00","breadcrumb":{"@id":"https:\/\/jennipitko.fi\/koti\/ehdolla-kuntavaaleissa-2017\/#breadcrumb"},"inLanguage":"fi","potentialAction":[{"@type":"ReadAction","target":["https:\/\/jennipitko.fi\/koti\/ehdolla-kuntavaaleissa-2017\/"]}]},{"@type":"BreadcrumbList","@id":"https:\/\/jennipitko.fi\/koti\/ehdolla-kuntavaaleissa-2017\/#breadcrumb","itemListElement":[{"@type":"ListItem","position":1,"name":"Home","item":"https:\/\/jennipitko.fi\/koti\/"},{"@type":"ListItem","position":2,"name":"Ehdolla kuntavaaleissa 2017"}]},{"@type":"WebSite","@id":"https:\/\/jennipitko.fi\/koti\/#website","url":"https:\/\/jennipitko.fi\/koti\/","name":"Jenni Pitko - Vihreiden varapuheenjohtaja, ymp\u00e4rist\u00f6valiokunnan puheenjohtaja, kansanedustaja ja arkkitehti Oulusta","description":"Jenni Pitko - Vihreiden varapuheenjohtaja, ymp\u00e4rist\u00f6valiokunnan puheenjohtaja, kansanedustaja ja arkkitehti Oulusta","publisher":{"@id":"https:\/\/jennipitko.fi\/koti\/#organization"},"potentialAction":[{"@type":"SearchAction","target":{"@type":"EntryPoint","urlTemplate":"https:\/\/jennipitko.fi\/koti\/?s={search_term_string}"},"query-input":{"@type":"PropertyValueSpecification","valueRequired":true,"valueName":"search_term_string"}}],"inLanguage":"fi"},{"@type":"Organization","@id":"https:\/\/jennipitko.fi\/koti\/#organization","name":"Jenni Pitko - Vihreiden varapuheenjohtaja, ymp\u00e4rist\u00f6valiokunnan puheenjohtaja, kansanedustaja ja arkkitehti Oulusta","url":"https:\/\/jennipitko.fi\/koti\/","logo":{"@type":"ImageObject","inLanguage":"fi","@id":"https:\/\/jennipitko.fi\/koti\/#\/schema\/logo\/image\/","url":"https:\/\/jennipitko.fi\/koti\/wp-content\/uploads\/2025\/09\/Nimeton-malli-38.png","contentUrl":"https:\/\/jennipitko.fi\/koti\/wp-content\/uploads\/2025\/09\/Nimeton-malli-38.png","width":1280,"height":847,"caption":"Jenni Pitko - Vihreiden varapuheenjohtaja, ymp\u00e4rist\u00f6valiokunnan puheenjohtaja, kansanedustaja ja arkkitehti Oulusta"},"image":{"@id":"https:\/\/jennipitko.fi\/koti\/#\/schema\/logo\/image\/"}},{"@type":"Person","@id":"https:\/\/jennipitko.fi\/koti\/#\/schema\/person\/35955c467f851f10124809310e7e7ee8","name":"Jenni","image":{"@type":"ImageObject","inLanguage":"fi","@id":"https:\/\/secure.gravatar.com\/avatar\/625a0e6413b293da7739d42617828d564a4d6028aec3f45d8939a2ba1617199f?s=96&d=blank&r=g","url":"https:\/\/secure.gravatar.com\/avatar\/625a0e6413b293da7739d42617828d564a4d6028aec3f45d8939a2ba1617199f?s=96&d=blank&r=g","contentUrl":"https:\/\/secure.gravatar.com\/avatar\/625a0e6413b293da7739d42617828d564a4d6028aec3f45d8939a2ba1617199f?s=96&d=blank&r=g","caption":"Jenni"},"url":"https:\/\/jennipitko.fi\/koti\/author\/jenni\/"}]}},"_links":{"self":[{"href":"https:\/\/jennipitko.fi\/koti\/wp-json\/wp\/v2\/posts\/1335","targetHints":{"allow":["GET"]}}],"collection":[{"href":"https:\/\/jennipitko.fi\/koti\/wp-json\/wp\/v2\/posts"}],"about":[{"href":"https:\/\/jennipitko.fi\/koti\/wp-json\/wp\/v2\/types\/post"}],"author":[{"embeddable":true,"href":"https:\/\/jennipitko.fi\/koti\/wp-json\/wp\/v2\/users\/1"}],"replies":[{"embeddable":true,"href":"https:\/\/jennipitko.fi\/koti\/wp-json\/wp\/v2\/comments?post=1335"}],"version-history":[{"count":1,"href":"https:\/\/jennipitko.fi\/koti\/wp-json\/wp\/v2\/posts\/1335\/revisions"}],"predecessor-version":[{"id":1337,"href":"https:\/\/jennipitko.fi\/koti\/wp-json\/wp\/v2\/posts\/1335\/revisions\/1337"}],"wp:attachment":[{"href":"https:\/\/jennipitko.fi\/koti\/wp-json\/wp\/v2\/media?parent=1335"}],"wp:term":[{"taxonomy":"category","embeddable":true,"href":"https:\/\/jennipitko.fi\/koti\/wp-json\/wp\/v2\/categories?post=1335"},{"taxonomy":"post_tag","embeddable":true,"href":"https:\/\/jennipitko.fi\/koti\/wp-json\/wp\/v2\/tags?post=1335"}],"curies":[{"name":"wp","href":"https:\/\/api.w.org\/{rel}","templated":true}]}}