{"id":1338,"date":"2016-06-13T21:25:38","date_gmt":"2016-06-13T18:25:38","guid":{"rendered":"http:\/\/jennipitko.fi\/koti\/?p=1338"},"modified":"2016-06-14T15:11:50","modified_gmt":"2016-06-14T12:11:50","slug":"oulun-koulut-2020-valtuuston-kokouksessa","status":"publish","type":"post","link":"https:\/\/jennipitko.fi\/koti\/oulun-koulut-2020-valtuuston-kokouksessa\/","title":{"rendered":"Oulun koulut 2020 valtuuston kokouksessa"},"content":{"rendered":"<p>2000 lapsen kasvu perusopetuksessa asettaa meille valtavan haasteen. kaupunki muuttuu, kasvaa ja muovautuu. Palveluverkko ei t\u00e4llaisena pysty vastaanottamaan t\u00e4t\u00e4 kasvavaa lapsijoukkoa. Olemme suurten haasteiden edess\u00e4, joudumme tekem\u00e4\u00e4n valintoja.<br \/>\nKaupunginjohtajan esitys, jota l\u00e4hes kaikki puolueet olivat loppukev\u00e4\u00e4st\u00e4 ty\u00f6st\u00e4m\u00e4ss\u00e4, l\u00e4htee siit\u00e4, ett\u00e4 lukioilta vapautetaan tilaa perusopetukselle. N\u00e4in pystyt\u00e4\u00e4n v\u00e4ltt\u00e4m\u00e4\u00e4n uudisinvestointeja.<\/p>\n<p>Jos uudistusta ei tehd\u00e4, minua pelottaa, miten me pystymme turvaamaan turvallisen ja terveellisen koulun jokaiselle oululaiselle lapselle ja nuorelle. Jo nyt olemme juustoh\u00f6yl\u00e4\u00e4m\u00e4ll\u00e4 huononnettu koulutusta muun muassa ryhm\u00e4kokoja kasvattamalla, koulunk\u00e4yntiavustajia v\u00e4hent\u00e4m\u00e4ll\u00e4, antamalla oppimateriaalin ja -v\u00e4lineiden vanhentua, lukioiden kurssitarjontaa ja perusopetuksen vuosiviikkotunteja leikkaamalla. Lukion kursseja on juustoh\u00f6yl\u00e4tty jopa yhden kokonaisen lukion verran!<\/p>\n<p>Koulujen arki on kertomusten mukaan jo nyt todella ahtaalla. Tilannetta ei ainakaan helpota se, ett\u00e4 lis\u00e4simme kiinteist\u00e4menoja. Lis\u00e4\u00e4m\u00e4ll\u00e4 koulurakennusten lukum\u00e4\u00e4r\u00e4\u00e4, valuu opetusviraston m\u00e4\u00e4r\u00e4rahoja seinien yll\u00e4pit\u00e4miseen ja koulujen hallintoon opetuksen sis\u00e4lt\u00f6jen sijasta.<br \/>\nUudistamalla kouluverkkoa ja keskitt\u00e4m\u00e4ll\u00e4 lukioita, voidaan tehdyt s\u00e4\u00e4st\u00f6t k\u00e4ytt\u00e4\u00e4 opetuksen laatuun.<!--more--><\/p>\n<p>Kiitos siit\u00e4, ett\u00e4 kouluverkkoselvityksen yhteydess\u00e4 on tehty paikkatietoanalyysi. Analyysissa selvisi se, ett\u00e4 jo t\u00e4ll\u00e4kin hetkell\u00e4 oululaisten nuorten koulumatka on pitk\u00e4. Vaikka kilometreilt\u00e4\u00e4n matkaa ei olisi kuin alle 10 kilometri\u00e4, voi nuori joutua istumaan bussissa jopa tunnin ajan. Pidempi\u00e4 matkoja kuljetaan Oulun ja kauempana sijaitsevien lukioiden v\u00e4lill\u00e4 molempiin suuntiin. Et\u00e4lukio itseasiassa v\u00e4hent\u00e4isi kulkemista Oulun suunnasta eik\u00e4 lis\u00e4isi kulkemista Oulun suuntaan, koska niiden, ketk\u00e4 eiv\u00e4t Oulun lukioihin halua tulla, voisivat valita et\u00e4lukioon.<\/p>\n<p>Tulipa kumpi tahansa malleista valittua, toivon, ett\u00e4 t\u00e4m\u00e4n uuden tiedon valossa, kehitt\u00e4isimme my\u00f6s nuorten vuoksi meid\u00e4n joukkoliikennett\u00e4 niin, ett\u00e4 sek\u00e4 nuorten, ett\u00e4 muiden kaupunkilaisten vapaa-aikaa kulutettaisiin v\u00e4hemm\u00e4n paikoittain jopa kaupunkialueella heikosti toimivan joukkoliikenteen vuoksi.<\/p>\n<p>Bussimatkat ei kuitenkaan t\u00e4h\u00e4n menness\u00e4 ole, eik\u00e4 vastaisuudessakaan tule meid\u00e4n nuoria syrj\u00e4ytt\u00e4m\u00e4\u00e4n. Kun itse edustaa sit\u00e4 ik\u00e4luokkaa, josta joka viides on tarvinnut psykiatrista erikoishoitoa, en voi antaa syrj\u00e4ytymist\u00e4 k\u00e4ytett\u00e4v\u00e4n keppihevosena. Nuoria syrj\u00e4ytt\u00e4\u00e4 t\u00e4ss\u00e4 yhteiskunnassa osallisuuden puute, yksin\u00e4isyys, aikuisen tuen puute, n\u00e4k\u00f6alattomuus ja mahdollisuuksien ja toivon puute, ei bussissa istuminen.<\/p>\n<p>Se, mihin panostetaan ne meid\u00e4n v\u00e4h\u00e4t rahat, on se valinta, mink\u00e4 me t\u00e4n\u00e4\u00e4n t\u00e4\u00e4ll\u00e4 teemme. Sijoitammeko me ne laadukkaaseen koulutukseen, rakkaan kaupunkimme lapsiin ja nuoriin vai k\u00e4ytet\u00e4\u00e4nk\u00f6 ne vanhojen rakenteiden yll\u00e4pit\u00e4miseen.<br \/>\nLis\u00e4ttyn\u00e4 tuolla Niemenrannan alakoulun 1-6 luokilla, t\u00e4m\u00e4 esitys on uudistamisen tavoista mielest\u00e4ni kaikista inhimillisin. Kannatan Pirjo Sirvi\u00f6n esityst\u00e4.<\/p>\n<p><i>Puheeni Oulun kaupunginvaltuustossa 13.6. Kouluverkkouudistuksen k\u00e4sittelyss\u00e4.<\/i><\/p>\n","protected":false},"excerpt":{"rendered":"<p>2000 lapsen kasvu perusopetuksessa asettaa meille valtavan haasteen. kaupunki muuttuu, kasvaa ja muovautuu. Palveluverkko ei t\u00e4llaisena pysty vastaanottamaan t\u00e4t\u00e4 kasvavaa [&hellip;]<\/p>\n","protected":false},"author":1,"featured_media":0,"comment_status":"closed","ping_status":"closed","sticky":false,"template":"","format":"standard","meta":{"_monsterinsights_skip_tracking":false,"_monsterinsights_sitenote_active":false,"_monsterinsights_sitenote_note":"","_monsterinsights_sitenote_category":0,"site-sidebar-layout":"default","site-content-layout":"","ast-site-content-layout":"default","site-content-style":"default","site-sidebar-style":"default","ast-global-header-display":"","ast-banner-title-visibility":"","ast-main-header-display":"","ast-hfb-above-header-display":"","ast-hfb-below-header-display":"","ast-hfb-mobile-header-display":"","site-post-title":"","ast-breadcrumbs-content":"","ast-featured-img":"","footer-sml-layout":"","ast-disable-related-posts":"","theme-transparent-header-meta":"","adv-header-id-meta":"","stick-header-meta":"","header-above-stick-meta":"","header-main-stick-meta":"","header-below-stick-meta":"","astra-migrate-meta-layouts":"default","ast-page-background-enabled":"default","ast-page-background-meta":{"desktop":{"background-color":"var(--ast-global-color-5)","background-image":"","background-repeat":"repeat","background-position":"center center","background-size":"auto","background-attachment":"scroll","background-type":"","background-media":"","overlay-type":"","overlay-color":"","overlay-opacity":"","overlay-gradient":""},"tablet":{"background-color":"","background-image":"","background-repeat":"repeat","background-position":"center center","background-size":"auto","background-attachment":"scroll","background-type":"","background-media":"","overlay-type":"","overlay-color":"","overlay-opacity":"","overlay-gradient":""},"mobile":{"background-color":"","background-image":"","background-repeat":"repeat","background-position":"center center","background-size":"auto","background-attachment":"scroll","background-type":"","background-media":"","overlay-type":"","overlay-color":"","overlay-opacity":"","overlay-gradient":""}},"ast-content-background-meta":{"desktop":{"background-color":"var(--ast-global-color-4)","background-image":"","background-repeat":"repeat","background-position":"center center","background-size":"auto","background-attachment":"scroll","background-type":"","background-media":"","overlay-type":"","overlay-color":"","overlay-opacity":"","overlay-gradient":""},"tablet":{"background-color":"var(--ast-global-color-4)","background-image":"","background-repeat":"repeat","background-position":"center center","background-size":"auto","background-attachment":"scroll","background-type":"","background-media":"","overlay-type":"","overlay-color":"","overlay-opacity":"","overlay-gradient":""},"mobile":{"background-color":"var(--ast-global-color-4)","background-image":"","background-repeat":"repeat","background-position":"center center","background-size":"auto","background-attachment":"scroll","background-type":"","background-media":"","overlay-type":"","overlay-color":"","overlay-opacity":"","overlay-gradient":""}},"footnotes":""},"categories":[126],"tags":[223,33,224],"class_list":["post-1338","post","type-post","status-publish","format-standard","hentry","category-puheeni-valtuustossa","tag-kouluverkko","tag-lahikoulu","tag-lukiot"],"yoast_head":"<!-- This site is optimized with the Yoast SEO plugin v27.5 - https:\/\/yoast.com\/product\/yoast-seo-wordpress\/ -->\n<title>Oulun koulut 2020 valtuuston kokouksessa - Jenni Pitko - Vihreiden varapuheenjohtaja, ymp\u00e4rist\u00f6valiokunnan puheenjohtaja, kansanedustaja ja arkkitehti Oulusta<\/title>\n<meta name=\"robots\" content=\"index, follow, max-snippet:-1, max-image-preview:large, max-video-preview:-1\" \/>\n<link rel=\"canonical\" href=\"https:\/\/jennipitko.fi\/koti\/oulun-koulut-2020-valtuuston-kokouksessa\/\" \/>\n<meta property=\"og:locale\" content=\"fi_FI\" \/>\n<meta property=\"og:type\" content=\"article\" \/>\n<meta property=\"og:title\" content=\"Oulun koulut 2020 valtuuston kokouksessa - Jenni Pitko - Vihreiden varapuheenjohtaja, ymp\u00e4rist\u00f6valiokunnan puheenjohtaja, kansanedustaja ja arkkitehti Oulusta\" \/>\n<meta property=\"og:description\" content=\"2000 lapsen kasvu perusopetuksessa asettaa meille valtavan haasteen. kaupunki muuttuu, kasvaa ja muovautuu. Palveluverkko ei t\u00e4llaisena pysty vastaanottamaan t\u00e4t\u00e4 kasvavaa [&hellip;]\" \/>\n<meta property=\"og:url\" content=\"https:\/\/jennipitko.fi\/koti\/oulun-koulut-2020-valtuuston-kokouksessa\/\" \/>\n<meta property=\"og:site_name\" content=\"Jenni Pitko - Vihreiden varapuheenjohtaja, ymp\u00e4rist\u00f6valiokunnan puheenjohtaja, kansanedustaja ja arkkitehti Oulusta\" \/>\n<meta property=\"article:published_time\" content=\"2016-06-13T18:25:38+00:00\" \/>\n<meta property=\"article:modified_time\" content=\"2016-06-14T12:11:50+00:00\" \/>\n<meta name=\"author\" content=\"Jenni\" \/>\n<meta name=\"twitter:card\" content=\"summary_large_image\" \/>\n<meta name=\"twitter:label1\" content=\"Kirjoittanut\" \/>\n\t<meta name=\"twitter:data1\" content=\"Jenni\" \/>\n\t<meta name=\"twitter:label2\" content=\"Arvioitu lukuaika\" \/>\n\t<meta name=\"twitter:data2\" content=\"2 minuuttia\" \/>\n<script type=\"application\/ld+json\" class=\"yoast-schema-graph\">{\"@context\":\"https:\\\/\\\/schema.org\",\"@graph\":[{\"@type\":\"Article\",\"@id\":\"https:\\\/\\\/jennipitko.fi\\\/koti\\\/oulun-koulut-2020-valtuuston-kokouksessa\\\/#article\",\"isPartOf\":{\"@id\":\"https:\\\/\\\/jennipitko.fi\\\/koti\\\/oulun-koulut-2020-valtuuston-kokouksessa\\\/\"},\"author\":{\"name\":\"Jenni\",\"@id\":\"https:\\\/\\\/jennipitko.fi\\\/koti\\\/#\\\/schema\\\/person\\\/35955c467f851f10124809310e7e7ee8\"},\"headline\":\"Oulun koulut 2020 valtuuston kokouksessa\",\"datePublished\":\"2016-06-13T18:25:38+00:00\",\"dateModified\":\"2016-06-14T12:11:50+00:00\",\"mainEntityOfPage\":{\"@id\":\"https:\\\/\\\/jennipitko.fi\\\/koti\\\/oulun-koulut-2020-valtuuston-kokouksessa\\\/\"},\"wordCount\":439,\"publisher\":{\"@id\":\"https:\\\/\\\/jennipitko.fi\\\/koti\\\/#organization\"},\"keywords\":[\"kouluverkko\",\"l\u00e4hikoulu\",\"lukiot\"],\"articleSection\":[\"Puheeni valtuustossa\"],\"inLanguage\":\"fi\"},{\"@type\":\"WebPage\",\"@id\":\"https:\\\/\\\/jennipitko.fi\\\/koti\\\/oulun-koulut-2020-valtuuston-kokouksessa\\\/\",\"url\":\"https:\\\/\\\/jennipitko.fi\\\/koti\\\/oulun-koulut-2020-valtuuston-kokouksessa\\\/\",\"name\":\"Oulun koulut 2020 valtuuston kokouksessa - Jenni Pitko - Vihreiden varapuheenjohtaja, ymp\u00e4rist\u00f6valiokunnan puheenjohtaja, kansanedustaja ja arkkitehti Oulusta\",\"isPartOf\":{\"@id\":\"https:\\\/\\\/jennipitko.fi\\\/koti\\\/#website\"},\"datePublished\":\"2016-06-13T18:25:38+00:00\",\"dateModified\":\"2016-06-14T12:11:50+00:00\",\"breadcrumb\":{\"@id\":\"https:\\\/\\\/jennipitko.fi\\\/koti\\\/oulun-koulut-2020-valtuuston-kokouksessa\\\/#breadcrumb\"},\"inLanguage\":\"fi\",\"potentialAction\":[{\"@type\":\"ReadAction\",\"target\":[\"https:\\\/\\\/jennipitko.fi\\\/koti\\\/oulun-koulut-2020-valtuuston-kokouksessa\\\/\"]}]},{\"@type\":\"BreadcrumbList\",\"@id\":\"https:\\\/\\\/jennipitko.fi\\\/koti\\\/oulun-koulut-2020-valtuuston-kokouksessa\\\/#breadcrumb\",\"itemListElement\":[{\"@type\":\"ListItem\",\"position\":1,\"name\":\"Home\",\"item\":\"https:\\\/\\\/jennipitko.fi\\\/koti\\\/\"},{\"@type\":\"ListItem\",\"position\":2,\"name\":\"Oulun koulut 2020 valtuuston kokouksessa\"}]},{\"@type\":\"WebSite\",\"@id\":\"https:\\\/\\\/jennipitko.fi\\\/koti\\\/#website\",\"url\":\"https:\\\/\\\/jennipitko.fi\\\/koti\\\/\",\"name\":\"Jenni Pitko - Vihreiden varapuheenjohtaja, ymp\u00e4rist\u00f6valiokunnan puheenjohtaja, kansanedustaja ja arkkitehti Oulusta\",\"description\":\"Jenni Pitko - Vihreiden varapuheenjohtaja, ymp\u00e4rist\u00f6valiokunnan puheenjohtaja, kansanedustaja ja arkkitehti Oulusta\",\"publisher\":{\"@id\":\"https:\\\/\\\/jennipitko.fi\\\/koti\\\/#organization\"},\"potentialAction\":[{\"@type\":\"SearchAction\",\"target\":{\"@type\":\"EntryPoint\",\"urlTemplate\":\"https:\\\/\\\/jennipitko.fi\\\/koti\\\/?s={search_term_string}\"},\"query-input\":{\"@type\":\"PropertyValueSpecification\",\"valueRequired\":true,\"valueName\":\"search_term_string\"}}],\"inLanguage\":\"fi\"},{\"@type\":\"Organization\",\"@id\":\"https:\\\/\\\/jennipitko.fi\\\/koti\\\/#organization\",\"name\":\"Jenni Pitko - Vihreiden varapuheenjohtaja, ymp\u00e4rist\u00f6valiokunnan puheenjohtaja, kansanedustaja ja arkkitehti Oulusta\",\"url\":\"https:\\\/\\\/jennipitko.fi\\\/koti\\\/\",\"logo\":{\"@type\":\"ImageObject\",\"inLanguage\":\"fi\",\"@id\":\"https:\\\/\\\/jennipitko.fi\\\/koti\\\/#\\\/schema\\\/logo\\\/image\\\/\",\"url\":\"https:\\\/\\\/jennipitko.fi\\\/koti\\\/wp-content\\\/uploads\\\/2025\\\/09\\\/Nimeton-malli-38.png\",\"contentUrl\":\"https:\\\/\\\/jennipitko.fi\\\/koti\\\/wp-content\\\/uploads\\\/2025\\\/09\\\/Nimeton-malli-38.png\",\"width\":1280,\"height\":847,\"caption\":\"Jenni Pitko - Vihreiden varapuheenjohtaja, ymp\u00e4rist\u00f6valiokunnan puheenjohtaja, kansanedustaja ja arkkitehti Oulusta\"},\"image\":{\"@id\":\"https:\\\/\\\/jennipitko.fi\\\/koti\\\/#\\\/schema\\\/logo\\\/image\\\/\"}},{\"@type\":\"Person\",\"@id\":\"https:\\\/\\\/jennipitko.fi\\\/koti\\\/#\\\/schema\\\/person\\\/35955c467f851f10124809310e7e7ee8\",\"name\":\"Jenni\",\"image\":{\"@type\":\"ImageObject\",\"inLanguage\":\"fi\",\"@id\":\"https:\\\/\\\/secure.gravatar.com\\\/avatar\\\/625a0e6413b293da7739d42617828d564a4d6028aec3f45d8939a2ba1617199f?s=96&d=blank&r=g\",\"url\":\"https:\\\/\\\/secure.gravatar.com\\\/avatar\\\/625a0e6413b293da7739d42617828d564a4d6028aec3f45d8939a2ba1617199f?s=96&d=blank&r=g\",\"contentUrl\":\"https:\\\/\\\/secure.gravatar.com\\\/avatar\\\/625a0e6413b293da7739d42617828d564a4d6028aec3f45d8939a2ba1617199f?s=96&d=blank&r=g\",\"caption\":\"Jenni\"},\"url\":\"https:\\\/\\\/jennipitko.fi\\\/koti\\\/author\\\/jenni\\\/\"}]}<\/script>\n<!-- \/ Yoast SEO plugin. -->","yoast_head_json":{"title":"Oulun koulut 2020 valtuuston kokouksessa - Jenni Pitko - Vihreiden varapuheenjohtaja, ymp\u00e4rist\u00f6valiokunnan puheenjohtaja, kansanedustaja ja arkkitehti Oulusta","robots":{"index":"index","follow":"follow","max-snippet":"max-snippet:-1","max-image-preview":"max-image-preview:large","max-video-preview":"max-video-preview:-1"},"canonical":"https:\/\/jennipitko.fi\/koti\/oulun-koulut-2020-valtuuston-kokouksessa\/","og_locale":"fi_FI","og_type":"article","og_title":"Oulun koulut 2020 valtuuston kokouksessa - Jenni Pitko - Vihreiden varapuheenjohtaja, ymp\u00e4rist\u00f6valiokunnan puheenjohtaja, kansanedustaja ja arkkitehti Oulusta","og_description":"2000 lapsen kasvu perusopetuksessa asettaa meille valtavan haasteen. kaupunki muuttuu, kasvaa ja muovautuu. Palveluverkko ei t\u00e4llaisena pysty vastaanottamaan t\u00e4t\u00e4 kasvavaa [&hellip;]","og_url":"https:\/\/jennipitko.fi\/koti\/oulun-koulut-2020-valtuuston-kokouksessa\/","og_site_name":"Jenni Pitko - Vihreiden varapuheenjohtaja, ymp\u00e4rist\u00f6valiokunnan puheenjohtaja, kansanedustaja ja arkkitehti Oulusta","article_published_time":"2016-06-13T18:25:38+00:00","article_modified_time":"2016-06-14T12:11:50+00:00","author":"Jenni","twitter_card":"summary_large_image","twitter_misc":{"Kirjoittanut":"Jenni","Arvioitu lukuaika":"2 minuuttia"},"schema":{"@context":"https:\/\/schema.org","@graph":[{"@type":"Article","@id":"https:\/\/jennipitko.fi\/koti\/oulun-koulut-2020-valtuuston-kokouksessa\/#article","isPartOf":{"@id":"https:\/\/jennipitko.fi\/koti\/oulun-koulut-2020-valtuuston-kokouksessa\/"},"author":{"name":"Jenni","@id":"https:\/\/jennipitko.fi\/koti\/#\/schema\/person\/35955c467f851f10124809310e7e7ee8"},"headline":"Oulun koulut 2020 valtuuston kokouksessa","datePublished":"2016-06-13T18:25:38+00:00","dateModified":"2016-06-14T12:11:50+00:00","mainEntityOfPage":{"@id":"https:\/\/jennipitko.fi\/koti\/oulun-koulut-2020-valtuuston-kokouksessa\/"},"wordCount":439,"publisher":{"@id":"https:\/\/jennipitko.fi\/koti\/#organization"},"keywords":["kouluverkko","l\u00e4hikoulu","lukiot"],"articleSection":["Puheeni valtuustossa"],"inLanguage":"fi"},{"@type":"WebPage","@id":"https:\/\/jennipitko.fi\/koti\/oulun-koulut-2020-valtuuston-kokouksessa\/","url":"https:\/\/jennipitko.fi\/koti\/oulun-koulut-2020-valtuuston-kokouksessa\/","name":"Oulun koulut 2020 valtuuston kokouksessa - Jenni Pitko - Vihreiden varapuheenjohtaja, ymp\u00e4rist\u00f6valiokunnan puheenjohtaja, kansanedustaja ja arkkitehti Oulusta","isPartOf":{"@id":"https:\/\/jennipitko.fi\/koti\/#website"},"datePublished":"2016-06-13T18:25:38+00:00","dateModified":"2016-06-14T12:11:50+00:00","breadcrumb":{"@id":"https:\/\/jennipitko.fi\/koti\/oulun-koulut-2020-valtuuston-kokouksessa\/#breadcrumb"},"inLanguage":"fi","potentialAction":[{"@type":"ReadAction","target":["https:\/\/jennipitko.fi\/koti\/oulun-koulut-2020-valtuuston-kokouksessa\/"]}]},{"@type":"BreadcrumbList","@id":"https:\/\/jennipitko.fi\/koti\/oulun-koulut-2020-valtuuston-kokouksessa\/#breadcrumb","itemListElement":[{"@type":"ListItem","position":1,"name":"Home","item":"https:\/\/jennipitko.fi\/koti\/"},{"@type":"ListItem","position":2,"name":"Oulun koulut 2020 valtuuston kokouksessa"}]},{"@type":"WebSite","@id":"https:\/\/jennipitko.fi\/koti\/#website","url":"https:\/\/jennipitko.fi\/koti\/","name":"Jenni Pitko - Vihreiden varapuheenjohtaja, ymp\u00e4rist\u00f6valiokunnan puheenjohtaja, kansanedustaja ja arkkitehti Oulusta","description":"Jenni Pitko - Vihreiden varapuheenjohtaja, ymp\u00e4rist\u00f6valiokunnan puheenjohtaja, kansanedustaja ja arkkitehti Oulusta","publisher":{"@id":"https:\/\/jennipitko.fi\/koti\/#organization"},"potentialAction":[{"@type":"SearchAction","target":{"@type":"EntryPoint","urlTemplate":"https:\/\/jennipitko.fi\/koti\/?s={search_term_string}"},"query-input":{"@type":"PropertyValueSpecification","valueRequired":true,"valueName":"search_term_string"}}],"inLanguage":"fi"},{"@type":"Organization","@id":"https:\/\/jennipitko.fi\/koti\/#organization","name":"Jenni Pitko - Vihreiden varapuheenjohtaja, ymp\u00e4rist\u00f6valiokunnan puheenjohtaja, kansanedustaja ja arkkitehti Oulusta","url":"https:\/\/jennipitko.fi\/koti\/","logo":{"@type":"ImageObject","inLanguage":"fi","@id":"https:\/\/jennipitko.fi\/koti\/#\/schema\/logo\/image\/","url":"https:\/\/jennipitko.fi\/koti\/wp-content\/uploads\/2025\/09\/Nimeton-malli-38.png","contentUrl":"https:\/\/jennipitko.fi\/koti\/wp-content\/uploads\/2025\/09\/Nimeton-malli-38.png","width":1280,"height":847,"caption":"Jenni Pitko - Vihreiden varapuheenjohtaja, ymp\u00e4rist\u00f6valiokunnan puheenjohtaja, kansanedustaja ja arkkitehti Oulusta"},"image":{"@id":"https:\/\/jennipitko.fi\/koti\/#\/schema\/logo\/image\/"}},{"@type":"Person","@id":"https:\/\/jennipitko.fi\/koti\/#\/schema\/person\/35955c467f851f10124809310e7e7ee8","name":"Jenni","image":{"@type":"ImageObject","inLanguage":"fi","@id":"https:\/\/secure.gravatar.com\/avatar\/625a0e6413b293da7739d42617828d564a4d6028aec3f45d8939a2ba1617199f?s=96&d=blank&r=g","url":"https:\/\/secure.gravatar.com\/avatar\/625a0e6413b293da7739d42617828d564a4d6028aec3f45d8939a2ba1617199f?s=96&d=blank&r=g","contentUrl":"https:\/\/secure.gravatar.com\/avatar\/625a0e6413b293da7739d42617828d564a4d6028aec3f45d8939a2ba1617199f?s=96&d=blank&r=g","caption":"Jenni"},"url":"https:\/\/jennipitko.fi\/koti\/author\/jenni\/"}]}},"_links":{"self":[{"href":"https:\/\/jennipitko.fi\/koti\/wp-json\/wp\/v2\/posts\/1338","targetHints":{"allow":["GET"]}}],"collection":[{"href":"https:\/\/jennipitko.fi\/koti\/wp-json\/wp\/v2\/posts"}],"about":[{"href":"https:\/\/jennipitko.fi\/koti\/wp-json\/wp\/v2\/types\/post"}],"author":[{"embeddable":true,"href":"https:\/\/jennipitko.fi\/koti\/wp-json\/wp\/v2\/users\/1"}],"replies":[{"embeddable":true,"href":"https:\/\/jennipitko.fi\/koti\/wp-json\/wp\/v2\/comments?post=1338"}],"version-history":[{"count":1,"href":"https:\/\/jennipitko.fi\/koti\/wp-json\/wp\/v2\/posts\/1338\/revisions"}],"predecessor-version":[{"id":1341,"href":"https:\/\/jennipitko.fi\/koti\/wp-json\/wp\/v2\/posts\/1338\/revisions\/1341"}],"wp:attachment":[{"href":"https:\/\/jennipitko.fi\/koti\/wp-json\/wp\/v2\/media?parent=1338"}],"wp:term":[{"taxonomy":"category","embeddable":true,"href":"https:\/\/jennipitko.fi\/koti\/wp-json\/wp\/v2\/categories?post=1338"},{"taxonomy":"post_tag","embeddable":true,"href":"https:\/\/jennipitko.fi\/koti\/wp-json\/wp\/v2\/tags?post=1338"}],"curies":[{"name":"wp","href":"https:\/\/api.w.org\/{rel}","templated":true}]}}