{"id":1350,"date":"2016-09-30T10:21:03","date_gmt":"2016-09-30T07:21:03","guid":{"rendered":"http:\/\/jennipitko.fi\/koti\/?p=1350"},"modified":"2016-09-30T10:21:03","modified_gmt":"2016-09-30T07:21:03","slug":"linnunlaulu-kuuluu-kaupunkiin","status":"publish","type":"post","link":"https:\/\/jennipitko.fi\/koti\/linnunlaulu-kuuluu-kaupunkiin\/","title":{"rendered":"Linnunlaulu kuuluu kaupunkiin"},"content":{"rendered":"<p>Hollihaan puistoa uudistetaan paraikaa, mutta samalla sen tulevaisuus n\u00e4ytt\u00e4\u00e4 ep\u00e4varmalta. Puistosta melkein puolet sen pinta-alasta ottamista asun\u00adto\u00adra\u00adken\u00adta\u00admi\u00adselle on alettu selvitt\u00e4m\u00e4\u00e4n. Kaupun\u00adki\u00adra\u00adken\u00adteen laajentamista virkis\u00adty\u00adsa\u00adlu\u00adeelle perustellaan keskustan asukasm\u00e4\u00e4r\u00e4n kasvat\u00adta\u00admi\u00adsella ja tontin\u00adluo\u00advu\u00adtuk\u00adsesta saatavilla tuloilla.<\/p>\n<p>Koko Hollihaan puisto on juuri kaupun\u00adgin\u00adval\u00adtuuston hyv\u00e4ksym\u00e4ss\u00e4 ja kuntalaisia laajasti osal\u00adlis\u00adta\u00adneessa yleiskaavassa merkitty virkis\u00adty\u00adsa\u00adlu\u00adeeksi. Siksi t\u00e4m\u00e4 avaus puiston raken\u00adta\u00admi\u00adsesta ihmetytt\u00e4\u00e4 suuresti. Viel\u00e4p\u00e4 kun t\u00e4yden\u00adnys\u00adra\u00adken\u00adta\u00admisen paikkoja on yleiskaavassa osoitettu moneen muuhun paikkaan tavalla, joka ei v\u00e4henn\u00e4 kaupungin viihtyisyytt\u00e4.<\/p>\n<p>Oulua tulee rakentaa tiiviiksi ja kaupungin on oltava siin\u00e4 aktiivinen. Puiston ottaminen raken\u00adnus\u00admaaksi on kuitenkin lyhytn\u00e4k\u00f6ist\u00e4. L\u00e4hi\u00advir\u00adkis\u00adty\u00adsa\u00adlueet ovat t\u00e4rkeit\u00e4 hyvinvoinnin l\u00e4hteit\u00e4 tiiviill\u00e4 kaupun\u00adki\u00ada\u00adlu\u00adeella asuville ihmisille mutta my\u00f6s muille kaupun\u00adki\u00adlai\u00adsille. Hollihaan puisto on harvoja meren rannalla sijaitsevia puistoja ja turisminkin kannalta siksi oleellinen, joskin merellisyytt\u00e4 voisi t\u00e4ll\u00e4kin paikalla tuoda konk\u00adreet\u00adti\u00adsem\u00admaksi esimerkiksi laitureilla ja rantoja avaamalla.<!--more--><\/p>\n<p>Viheralueilla kaupungissa on my\u00f6s kaupun\u00adkie\u00adko\u00adlo\u00adgisia vaikutuksia. Ne sitovat p\u00e4\u00e4st\u00f6j\u00e4 ja parantavat ilmanlaatua. Ne pid\u00e4tt\u00e4v\u00e4t ja imev\u00e4t sade- ja sulamisvesi\u00e4 ja tarjoavat my\u00f6s el\u00e4imille elintilaa. Unohtamatta sit\u00e4, ett\u00e4 ne tuovat kauneutta arkeemme. Linnunlaulu kuuluu kaupunkiin.<\/p>\n<p>Vaikka tontin\u00adluo\u00advu\u00adtuk\u00adsesta saaduilla rahoilla raken\u00adnet\u00adtai\u00adsiinkin l\u00e4hisaarille uusia niittym\u00e4isi\u00e4 kulke\u00admis\u00adpaik\u00adkoja, ei ne silti voi korvata sit\u00e4, mik\u00e4 menetet\u00e4\u00e4n kaupungin kyljess\u00e4 oleva yhten\u00e4inen puistoalue puoliksi tuhoamalla. Jos rakentamiseen ryhdyt\u00e4\u00e4n, tulee sen olla huomattavasti nykyist\u00e4 kaavailtua pienemp\u00e4\u00e4 ja tulot on k\u00e4ytett\u00e4v\u00e4 virkis\u00adty\u00adsa\u00adlueen laajen\u00adta\u00admi\u00adseen saarille t\u00e4ysi\u00adm\u00e4\u00e4\u00adr\u00e4i\u00adsesti.<\/p>\n<p>Parempia keinoja olisi kuitenkin auto\u00adpaik\u00adka\u00adnormin lievent\u00e4minen ja kortteleiden t\u00e4ydent\u00e4minen, nykyisten rakennusten korottaminen ja ullak\u00adko\u00adra\u00adken\u00adta\u00adminen sek\u00e4 sis\u00e4\u00e4n\u00adtu\u00adlo\u00adv\u00e4y\u00adlien bule\u00advar\u00addi\u00adsoi\u00adminen. My\u00f6s korkeampaa kaupunkia rakentamalla saadaan helposti lis\u00e4\u00e4 asukkaita keskustaan. Pelk\u00e4st\u00e4\u00e4n Hein\u00e4p\u00e4\u00e4n jo rakennetulla alueelle on arvion mukaan mahdollista saada nykyisill\u00e4 normeilla 5000 uutta asukasta t\u00e4yden\u00adnys\u00adra\u00adken\u00adta\u00admisen keinoilla.<\/p>\n<p><em>Kirjoitus on julkaistu Oulu-lehden Oululaisten asialla -kolumnipalstalla 16.9.2016<\/em><\/p>\n","protected":false},"excerpt":{"rendered":"<p>Hollihaan puistoa uudistetaan paraikaa, mutta samalla sen tulevaisuus n\u00e4ytt\u00e4\u00e4 ep\u00e4varmalta. Puistosta melkein puolet sen pinta-alasta ottamista asun\u00adto\u00adra\u00adken\u00adta\u00admi\u00adselle on alettu selvitt\u00e4m\u00e4\u00e4n. [&hellip;]<\/p>\n","protected":false},"author":1,"featured_media":0,"comment_status":"open","ping_status":"closed","sticky":false,"template":"","format":"standard","meta":{"_monsterinsights_skip_tracking":false,"_monsterinsights_sitenote_active":false,"_monsterinsights_sitenote_note":"","_monsterinsights_sitenote_category":0,"site-sidebar-layout":"default","site-content-layout":"","ast-site-content-layout":"default","site-content-style":"default","site-sidebar-style":"default","ast-global-header-display":"","ast-banner-title-visibility":"","ast-main-header-display":"","ast-hfb-above-header-display":"","ast-hfb-below-header-display":"","ast-hfb-mobile-header-display":"","site-post-title":"","ast-breadcrumbs-content":"","ast-featured-img":"","footer-sml-layout":"","ast-disable-related-posts":"","theme-transparent-header-meta":"","adv-header-id-meta":"","stick-header-meta":"","header-above-stick-meta":"","header-main-stick-meta":"","header-below-stick-meta":"","astra-migrate-meta-layouts":"default","ast-page-background-enabled":"default","ast-page-background-meta":{"desktop":{"background-color":"var(--ast-global-color-5)","background-image":"","background-repeat":"repeat","background-position":"center center","background-size":"auto","background-attachment":"scroll","background-type":"","background-media":"","overlay-type":"","overlay-color":"","overlay-opacity":"","overlay-gradient":""},"tablet":{"background-color":"","background-image":"","background-repeat":"repeat","background-position":"center center","background-size":"auto","background-attachment":"scroll","background-type":"","background-media":"","overlay-type":"","overlay-color":"","overlay-opacity":"","overlay-gradient":""},"mobile":{"background-color":"","background-image":"","background-repeat":"repeat","background-position":"center center","background-size":"auto","background-attachment":"scroll","background-type":"","background-media":"","overlay-type":"","overlay-color":"","overlay-opacity":"","overlay-gradient":""}},"ast-content-background-meta":{"desktop":{"background-color":"var(--ast-global-color-4)","background-image":"","background-repeat":"repeat","background-position":"center center","background-size":"auto","background-attachment":"scroll","background-type":"","background-media":"","overlay-type":"","overlay-color":"","overlay-opacity":"","overlay-gradient":""},"tablet":{"background-color":"var(--ast-global-color-4)","background-image":"","background-repeat":"repeat","background-position":"center center","background-size":"auto","background-attachment":"scroll","background-type":"","background-media":"","overlay-type":"","overlay-color":"","overlay-opacity":"","overlay-gradient":""},"mobile":{"background-color":"var(--ast-global-color-4)","background-image":"","background-repeat":"repeat","background-position":"center center","background-size":"auto","background-attachment":"scroll","background-type":"","background-media":"","overlay-type":"","overlay-color":"","overlay-opacity":"","overlay-gradient":""}},"footnotes":""},"categories":[2],"tags":[227,82,9,228,216],"class_list":["post-1350","post","type-post","status-publish","format-standard","hentry","category-blogi","tag-hollihaka","tag-kaupunkikehittaminen","tag-oulu","tag-puistot","tag-taydennysrakentaminen"],"yoast_head":"<!-- This site is optimized with the Yoast SEO plugin v27.5 - https:\/\/yoast.com\/product\/yoast-seo-wordpress\/ -->\n<title>Linnunlaulu kuuluu kaupunkiin - Jenni Pitko - Vihreiden varapuheenjohtaja, ymp\u00e4rist\u00f6valiokunnan puheenjohtaja, kansanedustaja ja arkkitehti Oulusta<\/title>\n<meta name=\"robots\" content=\"index, follow, max-snippet:-1, max-image-preview:large, max-video-preview:-1\" \/>\n<link rel=\"canonical\" href=\"https:\/\/jennipitko.fi\/koti\/linnunlaulu-kuuluu-kaupunkiin\/\" \/>\n<meta property=\"og:locale\" content=\"fi_FI\" \/>\n<meta property=\"og:type\" content=\"article\" \/>\n<meta property=\"og:title\" content=\"Linnunlaulu kuuluu kaupunkiin - Jenni Pitko - Vihreiden varapuheenjohtaja, ymp\u00e4rist\u00f6valiokunnan puheenjohtaja, kansanedustaja ja arkkitehti Oulusta\" \/>\n<meta property=\"og:description\" content=\"Hollihaan puistoa uudistetaan paraikaa, mutta samalla sen tulevaisuus n\u00e4ytt\u00e4\u00e4 ep\u00e4varmalta. Puistosta melkein puolet sen pinta-alasta ottamista asun\u00adto\u00adra\u00adken\u00adta\u00admi\u00adselle on alettu selvitt\u00e4m\u00e4\u00e4n. [&hellip;]\" \/>\n<meta property=\"og:url\" content=\"https:\/\/jennipitko.fi\/koti\/linnunlaulu-kuuluu-kaupunkiin\/\" \/>\n<meta property=\"og:site_name\" content=\"Jenni Pitko - Vihreiden varapuheenjohtaja, ymp\u00e4rist\u00f6valiokunnan puheenjohtaja, kansanedustaja ja arkkitehti Oulusta\" \/>\n<meta property=\"article:published_time\" content=\"2016-09-30T07:21:03+00:00\" \/>\n<meta name=\"author\" content=\"Jenni\" \/>\n<meta name=\"twitter:card\" content=\"summary_large_image\" \/>\n<meta name=\"twitter:label1\" content=\"Kirjoittanut\" \/>\n\t<meta name=\"twitter:data1\" content=\"Jenni\" \/>\n\t<meta name=\"twitter:label2\" content=\"Arvioitu lukuaika\" \/>\n\t<meta name=\"twitter:data2\" content=\"2 minuuttia\" \/>\n<script type=\"application\/ld+json\" class=\"yoast-schema-graph\">{\"@context\":\"https:\\\/\\\/schema.org\",\"@graph\":[{\"@type\":\"Article\",\"@id\":\"https:\\\/\\\/jennipitko.fi\\\/koti\\\/linnunlaulu-kuuluu-kaupunkiin\\\/#article\",\"isPartOf\":{\"@id\":\"https:\\\/\\\/jennipitko.fi\\\/koti\\\/linnunlaulu-kuuluu-kaupunkiin\\\/\"},\"author\":{\"name\":\"Jenni\",\"@id\":\"https:\\\/\\\/jennipitko.fi\\\/koti\\\/#\\\/schema\\\/person\\\/35955c467f851f10124809310e7e7ee8\"},\"headline\":\"Linnunlaulu kuuluu kaupunkiin\",\"datePublished\":\"2016-09-30T07:21:03+00:00\",\"mainEntityOfPage\":{\"@id\":\"https:\\\/\\\/jennipitko.fi\\\/koti\\\/linnunlaulu-kuuluu-kaupunkiin\\\/\"},\"wordCount\":400,\"commentCount\":0,\"publisher\":{\"@id\":\"https:\\\/\\\/jennipitko.fi\\\/koti\\\/#organization\"},\"keywords\":[\"hollihaka\",\"kaupunkikehitt\u00e4minen\",\"oulu\",\"puistot\",\"t\u00e4ydennysrakentaminen\"],\"articleSection\":[\"Blogi\"],\"inLanguage\":\"fi\",\"potentialAction\":[{\"@type\":\"CommentAction\",\"name\":\"Comment\",\"target\":[\"https:\\\/\\\/jennipitko.fi\\\/koti\\\/linnunlaulu-kuuluu-kaupunkiin\\\/#respond\"]}]},{\"@type\":\"WebPage\",\"@id\":\"https:\\\/\\\/jennipitko.fi\\\/koti\\\/linnunlaulu-kuuluu-kaupunkiin\\\/\",\"url\":\"https:\\\/\\\/jennipitko.fi\\\/koti\\\/linnunlaulu-kuuluu-kaupunkiin\\\/\",\"name\":\"Linnunlaulu kuuluu kaupunkiin - Jenni Pitko - Vihreiden varapuheenjohtaja, ymp\u00e4rist\u00f6valiokunnan puheenjohtaja, kansanedustaja ja arkkitehti Oulusta\",\"isPartOf\":{\"@id\":\"https:\\\/\\\/jennipitko.fi\\\/koti\\\/#website\"},\"datePublished\":\"2016-09-30T07:21:03+00:00\",\"breadcrumb\":{\"@id\":\"https:\\\/\\\/jennipitko.fi\\\/koti\\\/linnunlaulu-kuuluu-kaupunkiin\\\/#breadcrumb\"},\"inLanguage\":\"fi\",\"potentialAction\":[{\"@type\":\"ReadAction\",\"target\":[\"https:\\\/\\\/jennipitko.fi\\\/koti\\\/linnunlaulu-kuuluu-kaupunkiin\\\/\"]}]},{\"@type\":\"BreadcrumbList\",\"@id\":\"https:\\\/\\\/jennipitko.fi\\\/koti\\\/linnunlaulu-kuuluu-kaupunkiin\\\/#breadcrumb\",\"itemListElement\":[{\"@type\":\"ListItem\",\"position\":1,\"name\":\"Home\",\"item\":\"https:\\\/\\\/jennipitko.fi\\\/koti\\\/\"},{\"@type\":\"ListItem\",\"position\":2,\"name\":\"Linnunlaulu kuuluu kaupunkiin\"}]},{\"@type\":\"WebSite\",\"@id\":\"https:\\\/\\\/jennipitko.fi\\\/koti\\\/#website\",\"url\":\"https:\\\/\\\/jennipitko.fi\\\/koti\\\/\",\"name\":\"Jenni Pitko - Vihreiden varapuheenjohtaja, ymp\u00e4rist\u00f6valiokunnan puheenjohtaja, kansanedustaja ja arkkitehti Oulusta\",\"description\":\"Jenni Pitko - Vihreiden varapuheenjohtaja, ymp\u00e4rist\u00f6valiokunnan puheenjohtaja, kansanedustaja ja arkkitehti Oulusta\",\"publisher\":{\"@id\":\"https:\\\/\\\/jennipitko.fi\\\/koti\\\/#organization\"},\"potentialAction\":[{\"@type\":\"SearchAction\",\"target\":{\"@type\":\"EntryPoint\",\"urlTemplate\":\"https:\\\/\\\/jennipitko.fi\\\/koti\\\/?s={search_term_string}\"},\"query-input\":{\"@type\":\"PropertyValueSpecification\",\"valueRequired\":true,\"valueName\":\"search_term_string\"}}],\"inLanguage\":\"fi\"},{\"@type\":\"Organization\",\"@id\":\"https:\\\/\\\/jennipitko.fi\\\/koti\\\/#organization\",\"name\":\"Jenni Pitko - Vihreiden varapuheenjohtaja, ymp\u00e4rist\u00f6valiokunnan puheenjohtaja, kansanedustaja ja arkkitehti Oulusta\",\"url\":\"https:\\\/\\\/jennipitko.fi\\\/koti\\\/\",\"logo\":{\"@type\":\"ImageObject\",\"inLanguage\":\"fi\",\"@id\":\"https:\\\/\\\/jennipitko.fi\\\/koti\\\/#\\\/schema\\\/logo\\\/image\\\/\",\"url\":\"https:\\\/\\\/jennipitko.fi\\\/koti\\\/wp-content\\\/uploads\\\/2025\\\/09\\\/Nimeton-malli-38.png\",\"contentUrl\":\"https:\\\/\\\/jennipitko.fi\\\/koti\\\/wp-content\\\/uploads\\\/2025\\\/09\\\/Nimeton-malli-38.png\",\"width\":1280,\"height\":847,\"caption\":\"Jenni Pitko - Vihreiden varapuheenjohtaja, ymp\u00e4rist\u00f6valiokunnan puheenjohtaja, kansanedustaja ja arkkitehti Oulusta\"},\"image\":{\"@id\":\"https:\\\/\\\/jennipitko.fi\\\/koti\\\/#\\\/schema\\\/logo\\\/image\\\/\"}},{\"@type\":\"Person\",\"@id\":\"https:\\\/\\\/jennipitko.fi\\\/koti\\\/#\\\/schema\\\/person\\\/35955c467f851f10124809310e7e7ee8\",\"name\":\"Jenni\",\"image\":{\"@type\":\"ImageObject\",\"inLanguage\":\"fi\",\"@id\":\"https:\\\/\\\/secure.gravatar.com\\\/avatar\\\/625a0e6413b293da7739d42617828d564a4d6028aec3f45d8939a2ba1617199f?s=96&d=blank&r=g\",\"url\":\"https:\\\/\\\/secure.gravatar.com\\\/avatar\\\/625a0e6413b293da7739d42617828d564a4d6028aec3f45d8939a2ba1617199f?s=96&d=blank&r=g\",\"contentUrl\":\"https:\\\/\\\/secure.gravatar.com\\\/avatar\\\/625a0e6413b293da7739d42617828d564a4d6028aec3f45d8939a2ba1617199f?s=96&d=blank&r=g\",\"caption\":\"Jenni\"},\"url\":\"https:\\\/\\\/jennipitko.fi\\\/koti\\\/author\\\/jenni\\\/\"}]}<\/script>\n<!-- \/ Yoast SEO plugin. -->","yoast_head_json":{"title":"Linnunlaulu kuuluu kaupunkiin - Jenni Pitko - Vihreiden varapuheenjohtaja, ymp\u00e4rist\u00f6valiokunnan puheenjohtaja, kansanedustaja ja arkkitehti Oulusta","robots":{"index":"index","follow":"follow","max-snippet":"max-snippet:-1","max-image-preview":"max-image-preview:large","max-video-preview":"max-video-preview:-1"},"canonical":"https:\/\/jennipitko.fi\/koti\/linnunlaulu-kuuluu-kaupunkiin\/","og_locale":"fi_FI","og_type":"article","og_title":"Linnunlaulu kuuluu kaupunkiin - Jenni Pitko - Vihreiden varapuheenjohtaja, ymp\u00e4rist\u00f6valiokunnan puheenjohtaja, kansanedustaja ja arkkitehti Oulusta","og_description":"Hollihaan puistoa uudistetaan paraikaa, mutta samalla sen tulevaisuus n\u00e4ytt\u00e4\u00e4 ep\u00e4varmalta. Puistosta melkein puolet sen pinta-alasta ottamista asun\u00adto\u00adra\u00adken\u00adta\u00admi\u00adselle on alettu selvitt\u00e4m\u00e4\u00e4n. [&hellip;]","og_url":"https:\/\/jennipitko.fi\/koti\/linnunlaulu-kuuluu-kaupunkiin\/","og_site_name":"Jenni Pitko - Vihreiden varapuheenjohtaja, ymp\u00e4rist\u00f6valiokunnan puheenjohtaja, kansanedustaja ja arkkitehti Oulusta","article_published_time":"2016-09-30T07:21:03+00:00","author":"Jenni","twitter_card":"summary_large_image","twitter_misc":{"Kirjoittanut":"Jenni","Arvioitu lukuaika":"2 minuuttia"},"schema":{"@context":"https:\/\/schema.org","@graph":[{"@type":"Article","@id":"https:\/\/jennipitko.fi\/koti\/linnunlaulu-kuuluu-kaupunkiin\/#article","isPartOf":{"@id":"https:\/\/jennipitko.fi\/koti\/linnunlaulu-kuuluu-kaupunkiin\/"},"author":{"name":"Jenni","@id":"https:\/\/jennipitko.fi\/koti\/#\/schema\/person\/35955c467f851f10124809310e7e7ee8"},"headline":"Linnunlaulu kuuluu kaupunkiin","datePublished":"2016-09-30T07:21:03+00:00","mainEntityOfPage":{"@id":"https:\/\/jennipitko.fi\/koti\/linnunlaulu-kuuluu-kaupunkiin\/"},"wordCount":400,"commentCount":0,"publisher":{"@id":"https:\/\/jennipitko.fi\/koti\/#organization"},"keywords":["hollihaka","kaupunkikehitt\u00e4minen","oulu","puistot","t\u00e4ydennysrakentaminen"],"articleSection":["Blogi"],"inLanguage":"fi","potentialAction":[{"@type":"CommentAction","name":"Comment","target":["https:\/\/jennipitko.fi\/koti\/linnunlaulu-kuuluu-kaupunkiin\/#respond"]}]},{"@type":"WebPage","@id":"https:\/\/jennipitko.fi\/koti\/linnunlaulu-kuuluu-kaupunkiin\/","url":"https:\/\/jennipitko.fi\/koti\/linnunlaulu-kuuluu-kaupunkiin\/","name":"Linnunlaulu kuuluu kaupunkiin - Jenni Pitko - Vihreiden varapuheenjohtaja, ymp\u00e4rist\u00f6valiokunnan puheenjohtaja, kansanedustaja ja arkkitehti Oulusta","isPartOf":{"@id":"https:\/\/jennipitko.fi\/koti\/#website"},"datePublished":"2016-09-30T07:21:03+00:00","breadcrumb":{"@id":"https:\/\/jennipitko.fi\/koti\/linnunlaulu-kuuluu-kaupunkiin\/#breadcrumb"},"inLanguage":"fi","potentialAction":[{"@type":"ReadAction","target":["https:\/\/jennipitko.fi\/koti\/linnunlaulu-kuuluu-kaupunkiin\/"]}]},{"@type":"BreadcrumbList","@id":"https:\/\/jennipitko.fi\/koti\/linnunlaulu-kuuluu-kaupunkiin\/#breadcrumb","itemListElement":[{"@type":"ListItem","position":1,"name":"Home","item":"https:\/\/jennipitko.fi\/koti\/"},{"@type":"ListItem","position":2,"name":"Linnunlaulu kuuluu kaupunkiin"}]},{"@type":"WebSite","@id":"https:\/\/jennipitko.fi\/koti\/#website","url":"https:\/\/jennipitko.fi\/koti\/","name":"Jenni Pitko - Vihreiden varapuheenjohtaja, ymp\u00e4rist\u00f6valiokunnan puheenjohtaja, kansanedustaja ja arkkitehti Oulusta","description":"Jenni Pitko - Vihreiden varapuheenjohtaja, ymp\u00e4rist\u00f6valiokunnan puheenjohtaja, kansanedustaja ja arkkitehti Oulusta","publisher":{"@id":"https:\/\/jennipitko.fi\/koti\/#organization"},"potentialAction":[{"@type":"SearchAction","target":{"@type":"EntryPoint","urlTemplate":"https:\/\/jennipitko.fi\/koti\/?s={search_term_string}"},"query-input":{"@type":"PropertyValueSpecification","valueRequired":true,"valueName":"search_term_string"}}],"inLanguage":"fi"},{"@type":"Organization","@id":"https:\/\/jennipitko.fi\/koti\/#organization","name":"Jenni Pitko - Vihreiden varapuheenjohtaja, ymp\u00e4rist\u00f6valiokunnan puheenjohtaja, kansanedustaja ja arkkitehti Oulusta","url":"https:\/\/jennipitko.fi\/koti\/","logo":{"@type":"ImageObject","inLanguage":"fi","@id":"https:\/\/jennipitko.fi\/koti\/#\/schema\/logo\/image\/","url":"https:\/\/jennipitko.fi\/koti\/wp-content\/uploads\/2025\/09\/Nimeton-malli-38.png","contentUrl":"https:\/\/jennipitko.fi\/koti\/wp-content\/uploads\/2025\/09\/Nimeton-malli-38.png","width":1280,"height":847,"caption":"Jenni Pitko - Vihreiden varapuheenjohtaja, ymp\u00e4rist\u00f6valiokunnan puheenjohtaja, kansanedustaja ja arkkitehti Oulusta"},"image":{"@id":"https:\/\/jennipitko.fi\/koti\/#\/schema\/logo\/image\/"}},{"@type":"Person","@id":"https:\/\/jennipitko.fi\/koti\/#\/schema\/person\/35955c467f851f10124809310e7e7ee8","name":"Jenni","image":{"@type":"ImageObject","inLanguage":"fi","@id":"https:\/\/secure.gravatar.com\/avatar\/625a0e6413b293da7739d42617828d564a4d6028aec3f45d8939a2ba1617199f?s=96&d=blank&r=g","url":"https:\/\/secure.gravatar.com\/avatar\/625a0e6413b293da7739d42617828d564a4d6028aec3f45d8939a2ba1617199f?s=96&d=blank&r=g","contentUrl":"https:\/\/secure.gravatar.com\/avatar\/625a0e6413b293da7739d42617828d564a4d6028aec3f45d8939a2ba1617199f?s=96&d=blank&r=g","caption":"Jenni"},"url":"https:\/\/jennipitko.fi\/koti\/author\/jenni\/"}]}},"_links":{"self":[{"href":"https:\/\/jennipitko.fi\/koti\/wp-json\/wp\/v2\/posts\/1350","targetHints":{"allow":["GET"]}}],"collection":[{"href":"https:\/\/jennipitko.fi\/koti\/wp-json\/wp\/v2\/posts"}],"about":[{"href":"https:\/\/jennipitko.fi\/koti\/wp-json\/wp\/v2\/types\/post"}],"author":[{"embeddable":true,"href":"https:\/\/jennipitko.fi\/koti\/wp-json\/wp\/v2\/users\/1"}],"replies":[{"embeddable":true,"href":"https:\/\/jennipitko.fi\/koti\/wp-json\/wp\/v2\/comments?post=1350"}],"version-history":[{"count":1,"href":"https:\/\/jennipitko.fi\/koti\/wp-json\/wp\/v2\/posts\/1350\/revisions"}],"predecessor-version":[{"id":1351,"href":"https:\/\/jennipitko.fi\/koti\/wp-json\/wp\/v2\/posts\/1350\/revisions\/1351"}],"wp:attachment":[{"href":"https:\/\/jennipitko.fi\/koti\/wp-json\/wp\/v2\/media?parent=1350"}],"wp:term":[{"taxonomy":"category","embeddable":true,"href":"https:\/\/jennipitko.fi\/koti\/wp-json\/wp\/v2\/categories?post=1350"},{"taxonomy":"post_tag","embeddable":true,"href":"https:\/\/jennipitko.fi\/koti\/wp-json\/wp\/v2\/tags?post=1350"}],"curies":[{"name":"wp","href":"https:\/\/api.w.org\/{rel}","templated":true}]}}