{"id":1352,"date":"2016-10-04T12:36:08","date_gmt":"2016-10-04T09:36:08","guid":{"rendered":"http:\/\/jennipitko.fi\/koti\/?p=1352"},"modified":"2016-10-04T12:43:06","modified_gmt":"2016-10-04T09:43:06","slug":"styroksiruuan-jakajasta-yhteisollisen-ja-omaehtoisen-asumisen-mahdollistajaksi","status":"publish","type":"post","link":"https:\/\/jennipitko.fi\/koti\/styroksiruuan-jakajasta-yhteisollisen-ja-omaehtoisen-asumisen-mahdollistajaksi\/","title":{"rendered":"Styroksiruuan jakajasta yhteis\u00f6llisen ja omaehtoisen asumisen mahdollistajaksi"},"content":{"rendered":"<div><em>T\u00e4m\u00e4 kirjoitus on laadittu yhdess\u00e4 Tuija Pohjolan kanssa ja julkaistu Sanomalehti Kalevan Yl\u00e4kerta-palstalla 3.10.2016.<\/em><\/div>\n<p><P><\/p>\n<div><\/div>\n<p>Oulu on monella mittarilla hyv\u00e4 paikka el\u00e4\u00e4 ik\u00e4ihmisille. Erityist\u00e4 kiitosta ik\u00e4ihmisilt\u00e4 saa asumisen edullisuus sek\u00e4 liikuntamahdollisuudet. Tyytyv\u00e4isyytt\u00e4 mittasi vuonna 2015 tehty Eurobarometri-kysely. Oululaisista 96-prosenttia oli tyytyv\u00e4isi\u00e4 el\u00e4m\u00e4\u00e4ns\u00e4 ja 94% prosenttia oli tyytyv\u00e4isi\u00e4 kotikaupunkiinsa.<P><\/p>\n<p>Joulukuussa 2015 oululaisista yli 75-vuotiaista ik\u00e4ihmisist\u00e4 asui kotona 91,1%. Tavoite itsen\u00e4isen asumisen lis\u00e4\u00e4misest\u00e4 vaati palveluasumiseen siirtymisen syiden tarkastelusta. Oulun Palvelus\u00e4\u00e4ti\u00f6n kysyi 205:lt\u00e4 asiakkaaltaan syit\u00e4 ja vastaajista noin nelj\u00e4sosa (51 vastaajaa) kertoi syyksi terveydelliset tekij\u00e4t. Terveydellisten syiden rinnalle nousi yksin\u00e4isyys ja turvattomuus (46 vastaajaa) ja asumisolosuhteet (59 vastaajaa).<\/p>\n<div>N\u00e4iden kahden tekij\u00e4n, ik\u00e4ihmisten yksin\u00e4isyyden ja turvattomuuden kokemisen ja asumisen olosuhteiden haltuunotto edellytt\u00e4\u00e4 monenlaista asiantuntemusta ja monen hallinnon panostuksia kaavoituksesta sosiaalipalveluihin. Unohtamatta t\u00e4rke\u00e4\u00e4 omaishoitoa ja kolmannen sektorin, seurakuntien ja vapaaehtoisten ty\u00f6t\u00e4, joiden merkitys palvelukokonaisuudessa on korvaamaton.<\/div>\n<div>\u00a0<!--more--><\/div>\n<div>Ik\u00e4\u00e4ntyminen on yksil\u00f6llist\u00e4 ja ik\u00e4ihmisten palvelut tulee suunnitella yhdess\u00e4 k\u00e4ytt\u00e4j\u00e4n kanssa. T\u00e4m\u00e4 haastaa kaupungin luomaan uusia osallistamisen tapoja. Hyv\u00e4n\u00e4 esimerkkin\u00e4 osallistavasta suunnittelusta on Lintulammen asukasyhdistyksen viriketoiminta. K\u00e4ytt\u00e4jien toiveiden perusteella koottiin lukuj\u00e4rjestys ja toiminta jaoteltiin jokaiselle p\u00e4iv\u00e4lle. Toiminta koostuu bingosta ja lauluk\u00f6\u00f6rist\u00e4 jumppaan ja k\u00e4dentaitoihin, lounasruokailua unohtamatta.<\/div>\n<div><\/div>\n<p><P><\/p>\n<div>Palveluohjaus on oleellista, jotta ik\u00e4ihmiset saavat tiedon tarjottavista palveluista. Kaikilla ik\u00e4ihmisi\u00e4 kohtaavilla toimijoilla tulee olla ajantasainen tieto mahdollisuuksista, joita ik\u00e4ihmisille on olemassa. Liikuntaneuvonta ei voi olla vain liikuntatoimijoiden k\u00e4siss\u00e4 eik\u00e4 sosiaalipalvelujen asiakkuudet rajoitu vain sosiaality\u00f6ntekij\u00f6ihin.<\/div>\n<p><P><\/p>\n<div><\/div>\n<div>Moni ik\u00e4ihminen k\u00e4ytt\u00e4\u00e4 sujuvasti s\u00e4hk\u00f6isi\u00e4 palveluja ja l\u00f6yt\u00e4\u00e4 palvelut kootusti ik\u00e4ihmisten s\u00e4hk\u00f6isest\u00e4 palvelutarjottimesta. Interaktiiviset mobiilisovellukset lis\u00e4\u00e4v\u00e4t kohtaamisia kun pikaviestill\u00e4 voi etsi\u00e4 lenkkiseuraa alueen muista senioriliikkujista, kuten nyt jo toimii kutsuk\u00e4vely-sovellus.<\/div>\n<p><P><\/p>\n<div><\/div>\n<div>Lintulammen asukastuvan V\u00e4lkkeen viriketoimintaan saatiin yhdess\u00e4 kaupungin ty\u00f6llisyyspalveluiden kanssa ty\u00f6llistetty\u00e4 tekij\u00f6it\u00e4. T\u00e4m\u00e4 on hyv\u00e4 esimerkki monitoimijaisesta yhteisty\u00f6st\u00e4, joka tuottaa lis\u00e4arvoa monella sektorilla, t\u00e4ss\u00e4 tapauksessa ty\u00f6llist\u00e4misess\u00e4 ja yksin\u00e4isyyden torjumisessa. Seuraava askel viriketoiminnan kehitt\u00e4misess\u00e4 on ratkaista haaste, kuinka toimintaan p\u00e4\u00e4see osallistumaan et\u00e4n\u00e4, kotoa poistumatta.<\/div>\n<p><P><\/p>\n<div><\/div>\n<div>Kotiin tuotavien palveluiden ja yhteis\u00f6llisyytt\u00e4 edist\u00e4v\u00e4n toiminnan lis\u00e4ksi kotona asumiseen vaikuttaa fyysinen asuinymp\u00e4rist\u00f6. Kaikessa uudisrakentamisessa noudatetaan esteett\u00f6m\u00e4n rakentamisen periaatteita, mutta vanhusv\u00e4est\u00f6 kasvaa nopeammin kuin rakennuskanta uudistuu. Ik\u00e4ihmisell\u00e4 ei my\u00f6sk\u00e4\u00e4n aina ole varaa ostaa tai vuokrata asuntoa esteett\u00f6m\u00e4st\u00e4 uudisrakennuksesta tai sosiaalinen ymp\u00e4rist\u00f6 on jo vakiintunut vanhalle asuinalueelle. Suurimmaksi ongelmaksi rakennusten esteett\u00f6myyden parantamisessa on muodostunut hissitt\u00f6myys, jonka korjaaminen on taloyhti\u00f6lle kallis eik\u00e4 sen vuoksi kaikki asukkaat ole uuden hissin rakentamisesta kiinnostuneita vaikka siihen onkin tarjolla pient\u00e4 taloudellista tukea.<\/div>\n<p><P><\/p>\n<div><\/div>\n<div>Hyvi\u00e4 esimerkkej\u00e4 l\u00f6ytyy kun kaupungit Suomessa ovat mahdollistaneet kevyell\u00e4 lupaprosessilla lis\u00e4kerroksien rakentamisen jolloin uusista asunnoista saaduilla tuloilla on kustannettu hissiremontti. V\u00e4ljiss\u00e4 l\u00e4hi\u00f6iss\u00e4, joissa asuu paljon ik\u00e4ihmisi\u00e4, on usein my\u00f6s mahdollisuus tienata estett\u00f6myysrahoja t\u00e4ydennysrakentamalla tontteja. Samalla vahvistaen palveluita.<\/div>\n<p><P><\/p>\n<div><\/div>\n<div>Kaupunkiymp\u00e4rist\u00f6n suunnittelussa on otettava huomioon ik\u00e4ihmiset, joiden tarpeet joiltakin osin poikkeavat oleellisesti esimerkiksi kiireisen ty\u00f6ss\u00e4k\u00e4yv\u00e4n kaupunkilaisten tarpeista. Ik\u00e4ihmisen vapaa-ajan ymp\u00e4rist\u00f6 on usein l\u00e4hell\u00e4 kotia ja katuverkoston tulee mahdollistaa rollaattorilla tai muilla apuv\u00e4lineill\u00e4 liikkuminen.<\/div>\n<p><P><\/p>\n<div><\/div>\n<div>Ymp\u00e4rist\u00f6n laatu ja aistiymp\u00e4rist\u00f6 korostuu kun ymp\u00e4rist\u00f6ss\u00e4 vietet\u00e4\u00e4n iso osa p\u00e4iv\u00e4st\u00e4 ja lomallakin harvemmin l\u00e4hdet\u00e4\u00e4n pitkiksi ajoiksi pois. Kukat, perhoset ja tuoksut ovat ik\u00e4ihmisen el\u00e4myksi\u00e4. Ymp\u00e4rist\u00f6n on tarjottava virikkeit\u00e4 ja el\u00e4myksi\u00e4 sek\u00e4 mahdollistettava turvallinen liikkuminen my\u00f6s talvella.<\/div>\n<p><P><\/p>\n<div><\/div>\n<div>Sukupolvien v\u00e4liset kohtaamiset ovat t\u00e4rkeit\u00e4 ehe\u00e4n sosiaalisen ymp\u00e4rist\u00f6n kannalta. Tavoiteltavaa onkin, ett\u00e4 kaupunki edist\u00e4\u00e4 kaavoituksella yhteis\u00f6llisi\u00e4 monisukupolvisia kortteleita, joissa eri-ik\u00e4isten vapaa-ajan toiminnot yhdistyv\u00e4t luontevasti.<\/div>\n<p><P><\/p>\n<div><\/div>\n<div>Kirjoittajat:<\/div>\n<div>\n<p>Jenni pitko, kaupunginhallituksen j\u00e4sen (vihr.), arkkitehti ja Tuija Pohjola, kaupunginhallituksen j\u00e4sen (sd.), Lintulammen asukasyhdistyksen puheenjohtaja<\/p>\n<\/div>\n","protected":false},"excerpt":{"rendered":"<p>T\u00e4m\u00e4 kirjoitus on laadittu yhdess\u00e4 Tuija Pohjolan kanssa ja julkaistu Sanomalehti Kalevan Yl\u00e4kerta-palstalla 3.10.2016. Oulu on monella mittarilla hyv\u00e4 paikka [&hellip;]<\/p>\n","protected":false},"author":1,"featured_media":0,"comment_status":"closed","ping_status":"closed","sticky":false,"template":"","format":"standard","meta":{"_monsterinsights_skip_tracking":false,"_monsterinsights_sitenote_active":false,"_monsterinsights_sitenote_note":"","_monsterinsights_sitenote_category":0,"site-sidebar-layout":"default","site-content-layout":"","ast-site-content-layout":"default","site-content-style":"default","site-sidebar-style":"default","ast-global-header-display":"","ast-banner-title-visibility":"","ast-main-header-display":"","ast-hfb-above-header-display":"","ast-hfb-below-header-display":"","ast-hfb-mobile-header-display":"","site-post-title":"","ast-breadcrumbs-content":"","ast-featured-img":"","footer-sml-layout":"","ast-disable-related-posts":"","theme-transparent-header-meta":"","adv-header-id-meta":"","stick-header-meta":"","header-above-stick-meta":"","header-main-stick-meta":"","header-below-stick-meta":"","astra-migrate-meta-layouts":"default","ast-page-background-enabled":"default","ast-page-background-meta":{"desktop":{"background-color":"var(--ast-global-color-5)","background-image":"","background-repeat":"repeat","background-position":"center center","background-size":"auto","background-attachment":"scroll","background-type":"","background-media":"","overlay-type":"","overlay-color":"","overlay-opacity":"","overlay-gradient":""},"tablet":{"background-color":"","background-image":"","background-repeat":"repeat","background-position":"center center","background-size":"auto","background-attachment":"scroll","background-type":"","background-media":"","overlay-type":"","overlay-color":"","overlay-opacity":"","overlay-gradient":""},"mobile":{"background-color":"","background-image":"","background-repeat":"repeat","background-position":"center center","background-size":"auto","background-attachment":"scroll","background-type":"","background-media":"","overlay-type":"","overlay-color":"","overlay-opacity":"","overlay-gradient":""}},"ast-content-background-meta":{"desktop":{"background-color":"var(--ast-global-color-4)","background-image":"","background-repeat":"repeat","background-position":"center center","background-size":"auto","background-attachment":"scroll","background-type":"","background-media":"","overlay-type":"","overlay-color":"","overlay-opacity":"","overlay-gradient":""},"tablet":{"background-color":"var(--ast-global-color-4)","background-image":"","background-repeat":"repeat","background-position":"center center","background-size":"auto","background-attachment":"scroll","background-type":"","background-media":"","overlay-type":"","overlay-color":"","overlay-opacity":"","overlay-gradient":""},"mobile":{"background-color":"var(--ast-global-color-4)","background-image":"","background-repeat":"repeat","background-position":"center center","background-size":"auto","background-attachment":"scroll","background-type":"","background-media":"","overlay-type":"","overlay-color":"","overlay-opacity":"","overlay-gradient":""}},"footnotes":""},"categories":[2],"tags":[232,5,231,229,230,87],"class_list":["post-1352","post","type-post","status-publish","format-standard","hentry","category-blogi","tag-asuinymparistot","tag-asuminen","tag-ikaantyminen","tag-ikaihmiset","tag-senioriasuminen","tag-yhteisollisyys"],"yoast_head":"<!-- This site is optimized with the Yoast SEO plugin v27.5 - https:\/\/yoast.com\/product\/yoast-seo-wordpress\/ -->\n<title>Styroksiruuan jakajasta yhteis\u00f6llisen ja omaehtoisen asumisen mahdollistajaksi - Jenni Pitko - Vihreiden varapuheenjohtaja, ymp\u00e4rist\u00f6valiokunnan puheenjohtaja, kansanedustaja ja arkkitehti Oulusta<\/title>\n<meta name=\"robots\" content=\"index, follow, max-snippet:-1, max-image-preview:large, max-video-preview:-1\" \/>\n<link rel=\"canonical\" href=\"https:\/\/jennipitko.fi\/koti\/styroksiruuan-jakajasta-yhteisollisen-ja-omaehtoisen-asumisen-mahdollistajaksi\/\" \/>\n<meta property=\"og:locale\" content=\"fi_FI\" \/>\n<meta property=\"og:type\" content=\"article\" \/>\n<meta property=\"og:title\" content=\"Styroksiruuan jakajasta yhteis\u00f6llisen ja omaehtoisen asumisen mahdollistajaksi - Jenni Pitko - Vihreiden varapuheenjohtaja, ymp\u00e4rist\u00f6valiokunnan puheenjohtaja, kansanedustaja ja arkkitehti Oulusta\" \/>\n<meta property=\"og:description\" content=\"T\u00e4m\u00e4 kirjoitus on laadittu yhdess\u00e4 Tuija Pohjolan kanssa ja julkaistu Sanomalehti Kalevan Yl\u00e4kerta-palstalla 3.10.2016. Oulu on monella mittarilla hyv\u00e4 paikka [&hellip;]\" \/>\n<meta property=\"og:url\" content=\"https:\/\/jennipitko.fi\/koti\/styroksiruuan-jakajasta-yhteisollisen-ja-omaehtoisen-asumisen-mahdollistajaksi\/\" \/>\n<meta property=\"og:site_name\" content=\"Jenni Pitko - Vihreiden varapuheenjohtaja, ymp\u00e4rist\u00f6valiokunnan puheenjohtaja, kansanedustaja ja arkkitehti Oulusta\" \/>\n<meta property=\"article:published_time\" content=\"2016-10-04T09:36:08+00:00\" \/>\n<meta property=\"article:modified_time\" content=\"2016-10-04T09:43:06+00:00\" \/>\n<meta name=\"author\" content=\"Jenni\" \/>\n<meta name=\"twitter:card\" content=\"summary_large_image\" \/>\n<meta name=\"twitter:label1\" content=\"Kirjoittanut\" \/>\n\t<meta name=\"twitter:data1\" content=\"Jenni\" \/>\n\t<meta name=\"twitter:label2\" content=\"Arvioitu lukuaika\" \/>\n\t<meta name=\"twitter:data2\" content=\"3 minuuttia\" \/>\n<script type=\"application\/ld+json\" class=\"yoast-schema-graph\">{\"@context\":\"https:\\\/\\\/schema.org\",\"@graph\":[{\"@type\":\"Article\",\"@id\":\"https:\\\/\\\/jennipitko.fi\\\/koti\\\/styroksiruuan-jakajasta-yhteisollisen-ja-omaehtoisen-asumisen-mahdollistajaksi\\\/#article\",\"isPartOf\":{\"@id\":\"https:\\\/\\\/jennipitko.fi\\\/koti\\\/styroksiruuan-jakajasta-yhteisollisen-ja-omaehtoisen-asumisen-mahdollistajaksi\\\/\"},\"author\":{\"name\":\"Jenni\",\"@id\":\"https:\\\/\\\/jennipitko.fi\\\/koti\\\/#\\\/schema\\\/person\\\/35955c467f851f10124809310e7e7ee8\"},\"headline\":\"Styroksiruuan jakajasta yhteis\u00f6llisen ja omaehtoisen asumisen mahdollistajaksi\",\"datePublished\":\"2016-10-04T09:36:08+00:00\",\"dateModified\":\"2016-10-04T09:43:06+00:00\",\"mainEntityOfPage\":{\"@id\":\"https:\\\/\\\/jennipitko.fi\\\/koti\\\/styroksiruuan-jakajasta-yhteisollisen-ja-omaehtoisen-asumisen-mahdollistajaksi\\\/\"},\"wordCount\":638,\"publisher\":{\"@id\":\"https:\\\/\\\/jennipitko.fi\\\/koti\\\/#organization\"},\"keywords\":[\"asuinymp\u00e4rist\u00f6t\",\"asuminen\",\"ik\u00e4\u00e4ntyminen\",\"ik\u00e4ihmiset\",\"senioriasuminen\",\"yhteis\u00f6llisyys\"],\"articleSection\":[\"Blogi\"],\"inLanguage\":\"fi\"},{\"@type\":\"WebPage\",\"@id\":\"https:\\\/\\\/jennipitko.fi\\\/koti\\\/styroksiruuan-jakajasta-yhteisollisen-ja-omaehtoisen-asumisen-mahdollistajaksi\\\/\",\"url\":\"https:\\\/\\\/jennipitko.fi\\\/koti\\\/styroksiruuan-jakajasta-yhteisollisen-ja-omaehtoisen-asumisen-mahdollistajaksi\\\/\",\"name\":\"Styroksiruuan jakajasta yhteis\u00f6llisen ja omaehtoisen asumisen mahdollistajaksi - Jenni Pitko - Vihreiden varapuheenjohtaja, ymp\u00e4rist\u00f6valiokunnan puheenjohtaja, kansanedustaja ja arkkitehti Oulusta\",\"isPartOf\":{\"@id\":\"https:\\\/\\\/jennipitko.fi\\\/koti\\\/#website\"},\"datePublished\":\"2016-10-04T09:36:08+00:00\",\"dateModified\":\"2016-10-04T09:43:06+00:00\",\"breadcrumb\":{\"@id\":\"https:\\\/\\\/jennipitko.fi\\\/koti\\\/styroksiruuan-jakajasta-yhteisollisen-ja-omaehtoisen-asumisen-mahdollistajaksi\\\/#breadcrumb\"},\"inLanguage\":\"fi\",\"potentialAction\":[{\"@type\":\"ReadAction\",\"target\":[\"https:\\\/\\\/jennipitko.fi\\\/koti\\\/styroksiruuan-jakajasta-yhteisollisen-ja-omaehtoisen-asumisen-mahdollistajaksi\\\/\"]}]},{\"@type\":\"BreadcrumbList\",\"@id\":\"https:\\\/\\\/jennipitko.fi\\\/koti\\\/styroksiruuan-jakajasta-yhteisollisen-ja-omaehtoisen-asumisen-mahdollistajaksi\\\/#breadcrumb\",\"itemListElement\":[{\"@type\":\"ListItem\",\"position\":1,\"name\":\"Home\",\"item\":\"https:\\\/\\\/jennipitko.fi\\\/koti\\\/\"},{\"@type\":\"ListItem\",\"position\":2,\"name\":\"Styroksiruuan jakajasta yhteis\u00f6llisen ja omaehtoisen asumisen mahdollistajaksi\"}]},{\"@type\":\"WebSite\",\"@id\":\"https:\\\/\\\/jennipitko.fi\\\/koti\\\/#website\",\"url\":\"https:\\\/\\\/jennipitko.fi\\\/koti\\\/\",\"name\":\"Jenni Pitko - Vihreiden varapuheenjohtaja, ymp\u00e4rist\u00f6valiokunnan puheenjohtaja, kansanedustaja ja arkkitehti Oulusta\",\"description\":\"Jenni Pitko - Vihreiden varapuheenjohtaja, ymp\u00e4rist\u00f6valiokunnan puheenjohtaja, kansanedustaja ja arkkitehti Oulusta\",\"publisher\":{\"@id\":\"https:\\\/\\\/jennipitko.fi\\\/koti\\\/#organization\"},\"potentialAction\":[{\"@type\":\"SearchAction\",\"target\":{\"@type\":\"EntryPoint\",\"urlTemplate\":\"https:\\\/\\\/jennipitko.fi\\\/koti\\\/?s={search_term_string}\"},\"query-input\":{\"@type\":\"PropertyValueSpecification\",\"valueRequired\":true,\"valueName\":\"search_term_string\"}}],\"inLanguage\":\"fi\"},{\"@type\":\"Organization\",\"@id\":\"https:\\\/\\\/jennipitko.fi\\\/koti\\\/#organization\",\"name\":\"Jenni Pitko - Vihreiden varapuheenjohtaja, ymp\u00e4rist\u00f6valiokunnan puheenjohtaja, kansanedustaja ja arkkitehti Oulusta\",\"url\":\"https:\\\/\\\/jennipitko.fi\\\/koti\\\/\",\"logo\":{\"@type\":\"ImageObject\",\"inLanguage\":\"fi\",\"@id\":\"https:\\\/\\\/jennipitko.fi\\\/koti\\\/#\\\/schema\\\/logo\\\/image\\\/\",\"url\":\"https:\\\/\\\/jennipitko.fi\\\/koti\\\/wp-content\\\/uploads\\\/2025\\\/09\\\/Nimeton-malli-38.png\",\"contentUrl\":\"https:\\\/\\\/jennipitko.fi\\\/koti\\\/wp-content\\\/uploads\\\/2025\\\/09\\\/Nimeton-malli-38.png\",\"width\":1280,\"height\":847,\"caption\":\"Jenni Pitko - Vihreiden varapuheenjohtaja, ymp\u00e4rist\u00f6valiokunnan puheenjohtaja, kansanedustaja ja arkkitehti Oulusta\"},\"image\":{\"@id\":\"https:\\\/\\\/jennipitko.fi\\\/koti\\\/#\\\/schema\\\/logo\\\/image\\\/\"}},{\"@type\":\"Person\",\"@id\":\"https:\\\/\\\/jennipitko.fi\\\/koti\\\/#\\\/schema\\\/person\\\/35955c467f851f10124809310e7e7ee8\",\"name\":\"Jenni\",\"image\":{\"@type\":\"ImageObject\",\"inLanguage\":\"fi\",\"@id\":\"https:\\\/\\\/secure.gravatar.com\\\/avatar\\\/625a0e6413b293da7739d42617828d564a4d6028aec3f45d8939a2ba1617199f?s=96&d=blank&r=g\",\"url\":\"https:\\\/\\\/secure.gravatar.com\\\/avatar\\\/625a0e6413b293da7739d42617828d564a4d6028aec3f45d8939a2ba1617199f?s=96&d=blank&r=g\",\"contentUrl\":\"https:\\\/\\\/secure.gravatar.com\\\/avatar\\\/625a0e6413b293da7739d42617828d564a4d6028aec3f45d8939a2ba1617199f?s=96&d=blank&r=g\",\"caption\":\"Jenni\"},\"url\":\"https:\\\/\\\/jennipitko.fi\\\/koti\\\/author\\\/jenni\\\/\"}]}<\/script>\n<!-- \/ Yoast SEO plugin. -->","yoast_head_json":{"title":"Styroksiruuan jakajasta yhteis\u00f6llisen ja omaehtoisen asumisen mahdollistajaksi - Jenni Pitko - Vihreiden varapuheenjohtaja, ymp\u00e4rist\u00f6valiokunnan puheenjohtaja, kansanedustaja ja arkkitehti Oulusta","robots":{"index":"index","follow":"follow","max-snippet":"max-snippet:-1","max-image-preview":"max-image-preview:large","max-video-preview":"max-video-preview:-1"},"canonical":"https:\/\/jennipitko.fi\/koti\/styroksiruuan-jakajasta-yhteisollisen-ja-omaehtoisen-asumisen-mahdollistajaksi\/","og_locale":"fi_FI","og_type":"article","og_title":"Styroksiruuan jakajasta yhteis\u00f6llisen ja omaehtoisen asumisen mahdollistajaksi - Jenni Pitko - Vihreiden varapuheenjohtaja, ymp\u00e4rist\u00f6valiokunnan puheenjohtaja, kansanedustaja ja arkkitehti Oulusta","og_description":"T\u00e4m\u00e4 kirjoitus on laadittu yhdess\u00e4 Tuija Pohjolan kanssa ja julkaistu Sanomalehti Kalevan Yl\u00e4kerta-palstalla 3.10.2016. Oulu on monella mittarilla hyv\u00e4 paikka [&hellip;]","og_url":"https:\/\/jennipitko.fi\/koti\/styroksiruuan-jakajasta-yhteisollisen-ja-omaehtoisen-asumisen-mahdollistajaksi\/","og_site_name":"Jenni Pitko - Vihreiden varapuheenjohtaja, ymp\u00e4rist\u00f6valiokunnan puheenjohtaja, kansanedustaja ja arkkitehti Oulusta","article_published_time":"2016-10-04T09:36:08+00:00","article_modified_time":"2016-10-04T09:43:06+00:00","author":"Jenni","twitter_card":"summary_large_image","twitter_misc":{"Kirjoittanut":"Jenni","Arvioitu lukuaika":"3 minuuttia"},"schema":{"@context":"https:\/\/schema.org","@graph":[{"@type":"Article","@id":"https:\/\/jennipitko.fi\/koti\/styroksiruuan-jakajasta-yhteisollisen-ja-omaehtoisen-asumisen-mahdollistajaksi\/#article","isPartOf":{"@id":"https:\/\/jennipitko.fi\/koti\/styroksiruuan-jakajasta-yhteisollisen-ja-omaehtoisen-asumisen-mahdollistajaksi\/"},"author":{"name":"Jenni","@id":"https:\/\/jennipitko.fi\/koti\/#\/schema\/person\/35955c467f851f10124809310e7e7ee8"},"headline":"Styroksiruuan jakajasta yhteis\u00f6llisen ja omaehtoisen asumisen mahdollistajaksi","datePublished":"2016-10-04T09:36:08+00:00","dateModified":"2016-10-04T09:43:06+00:00","mainEntityOfPage":{"@id":"https:\/\/jennipitko.fi\/koti\/styroksiruuan-jakajasta-yhteisollisen-ja-omaehtoisen-asumisen-mahdollistajaksi\/"},"wordCount":638,"publisher":{"@id":"https:\/\/jennipitko.fi\/koti\/#organization"},"keywords":["asuinymp\u00e4rist\u00f6t","asuminen","ik\u00e4\u00e4ntyminen","ik\u00e4ihmiset","senioriasuminen","yhteis\u00f6llisyys"],"articleSection":["Blogi"],"inLanguage":"fi"},{"@type":"WebPage","@id":"https:\/\/jennipitko.fi\/koti\/styroksiruuan-jakajasta-yhteisollisen-ja-omaehtoisen-asumisen-mahdollistajaksi\/","url":"https:\/\/jennipitko.fi\/koti\/styroksiruuan-jakajasta-yhteisollisen-ja-omaehtoisen-asumisen-mahdollistajaksi\/","name":"Styroksiruuan jakajasta yhteis\u00f6llisen ja omaehtoisen asumisen mahdollistajaksi - Jenni Pitko - Vihreiden varapuheenjohtaja, ymp\u00e4rist\u00f6valiokunnan puheenjohtaja, kansanedustaja ja arkkitehti Oulusta","isPartOf":{"@id":"https:\/\/jennipitko.fi\/koti\/#website"},"datePublished":"2016-10-04T09:36:08+00:00","dateModified":"2016-10-04T09:43:06+00:00","breadcrumb":{"@id":"https:\/\/jennipitko.fi\/koti\/styroksiruuan-jakajasta-yhteisollisen-ja-omaehtoisen-asumisen-mahdollistajaksi\/#breadcrumb"},"inLanguage":"fi","potentialAction":[{"@type":"ReadAction","target":["https:\/\/jennipitko.fi\/koti\/styroksiruuan-jakajasta-yhteisollisen-ja-omaehtoisen-asumisen-mahdollistajaksi\/"]}]},{"@type":"BreadcrumbList","@id":"https:\/\/jennipitko.fi\/koti\/styroksiruuan-jakajasta-yhteisollisen-ja-omaehtoisen-asumisen-mahdollistajaksi\/#breadcrumb","itemListElement":[{"@type":"ListItem","position":1,"name":"Home","item":"https:\/\/jennipitko.fi\/koti\/"},{"@type":"ListItem","position":2,"name":"Styroksiruuan jakajasta yhteis\u00f6llisen ja omaehtoisen asumisen mahdollistajaksi"}]},{"@type":"WebSite","@id":"https:\/\/jennipitko.fi\/koti\/#website","url":"https:\/\/jennipitko.fi\/koti\/","name":"Jenni Pitko - Vihreiden varapuheenjohtaja, ymp\u00e4rist\u00f6valiokunnan puheenjohtaja, kansanedustaja ja arkkitehti Oulusta","description":"Jenni Pitko - Vihreiden varapuheenjohtaja, ymp\u00e4rist\u00f6valiokunnan puheenjohtaja, kansanedustaja ja arkkitehti Oulusta","publisher":{"@id":"https:\/\/jennipitko.fi\/koti\/#organization"},"potentialAction":[{"@type":"SearchAction","target":{"@type":"EntryPoint","urlTemplate":"https:\/\/jennipitko.fi\/koti\/?s={search_term_string}"},"query-input":{"@type":"PropertyValueSpecification","valueRequired":true,"valueName":"search_term_string"}}],"inLanguage":"fi"},{"@type":"Organization","@id":"https:\/\/jennipitko.fi\/koti\/#organization","name":"Jenni Pitko - Vihreiden varapuheenjohtaja, ymp\u00e4rist\u00f6valiokunnan puheenjohtaja, kansanedustaja ja arkkitehti Oulusta","url":"https:\/\/jennipitko.fi\/koti\/","logo":{"@type":"ImageObject","inLanguage":"fi","@id":"https:\/\/jennipitko.fi\/koti\/#\/schema\/logo\/image\/","url":"https:\/\/jennipitko.fi\/koti\/wp-content\/uploads\/2025\/09\/Nimeton-malli-38.png","contentUrl":"https:\/\/jennipitko.fi\/koti\/wp-content\/uploads\/2025\/09\/Nimeton-malli-38.png","width":1280,"height":847,"caption":"Jenni Pitko - Vihreiden varapuheenjohtaja, ymp\u00e4rist\u00f6valiokunnan puheenjohtaja, kansanedustaja ja arkkitehti Oulusta"},"image":{"@id":"https:\/\/jennipitko.fi\/koti\/#\/schema\/logo\/image\/"}},{"@type":"Person","@id":"https:\/\/jennipitko.fi\/koti\/#\/schema\/person\/35955c467f851f10124809310e7e7ee8","name":"Jenni","image":{"@type":"ImageObject","inLanguage":"fi","@id":"https:\/\/secure.gravatar.com\/avatar\/625a0e6413b293da7739d42617828d564a4d6028aec3f45d8939a2ba1617199f?s=96&d=blank&r=g","url":"https:\/\/secure.gravatar.com\/avatar\/625a0e6413b293da7739d42617828d564a4d6028aec3f45d8939a2ba1617199f?s=96&d=blank&r=g","contentUrl":"https:\/\/secure.gravatar.com\/avatar\/625a0e6413b293da7739d42617828d564a4d6028aec3f45d8939a2ba1617199f?s=96&d=blank&r=g","caption":"Jenni"},"url":"https:\/\/jennipitko.fi\/koti\/author\/jenni\/"}]}},"_links":{"self":[{"href":"https:\/\/jennipitko.fi\/koti\/wp-json\/wp\/v2\/posts\/1352","targetHints":{"allow":["GET"]}}],"collection":[{"href":"https:\/\/jennipitko.fi\/koti\/wp-json\/wp\/v2\/posts"}],"about":[{"href":"https:\/\/jennipitko.fi\/koti\/wp-json\/wp\/v2\/types\/post"}],"author":[{"embeddable":true,"href":"https:\/\/jennipitko.fi\/koti\/wp-json\/wp\/v2\/users\/1"}],"replies":[{"embeddable":true,"href":"https:\/\/jennipitko.fi\/koti\/wp-json\/wp\/v2\/comments?post=1352"}],"version-history":[{"count":2,"href":"https:\/\/jennipitko.fi\/koti\/wp-json\/wp\/v2\/posts\/1352\/revisions"}],"predecessor-version":[{"id":1361,"href":"https:\/\/jennipitko.fi\/koti\/wp-json\/wp\/v2\/posts\/1352\/revisions\/1361"}],"wp:attachment":[{"href":"https:\/\/jennipitko.fi\/koti\/wp-json\/wp\/v2\/media?parent=1352"}],"wp:term":[{"taxonomy":"category","embeddable":true,"href":"https:\/\/jennipitko.fi\/koti\/wp-json\/wp\/v2\/categories?post=1352"},{"taxonomy":"post_tag","embeddable":true,"href":"https:\/\/jennipitko.fi\/koti\/wp-json\/wp\/v2\/tags?post=1352"}],"curies":[{"name":"wp","href":"https:\/\/api.w.org\/{rel}","templated":true}]}}