{"id":1365,"date":"2016-10-31T19:07:05","date_gmt":"2016-10-31T16:07:05","guid":{"rendered":"http:\/\/jennipitko.fi\/koti\/?p=1365"},"modified":"2016-10-31T19:09:18","modified_gmt":"2016-10-31T16:09:18","slug":"valtuustoaloite-kaupunkipyorat-ouluun","status":"publish","type":"post","link":"https:\/\/jennipitko.fi\/koti\/valtuustoaloite-kaupunkipyorat-ouluun\/","title":{"rendered":"\ufeffValtuustoaloite: kaupunkipy\u00f6r\u00e4t Ouluun"},"content":{"rendered":"<p>Oulun vihre\u00e4 valtuustoryhm\u00e4 j\u00e4tti 31.10. kaupunginvaltuuston kokouksessa aloitteen kaupunkipy\u00f6rist\u00e4 Ouluun. T\u00e4ss\u00e4 perustelut:<\/p>\n<p>Kaupunkipy\u00f6r\u00e4t ovat lainattavia tai vuokrattavia yhteisk\u00e4ytt\u00f6polkupy\u00f6ri\u00e4, joita voi k\u00e4ytt\u00e4\u00e4 kuka tahansa, kuten asukkaat, turistit ja ty\u00f6matkalaiset. Kaupunkipy\u00f6r\u00e4j\u00e4rjestelm\u00e4 on osa joukkoliikenneverkostoa, ja ne tuovat monenlaisia terveyshy\u00f6tyj\u00e4 kuten ilmanlaadun parantuminen koko kunnan tasolla ja kunnon kohoaminen yksil\u00f6tasolla.<br \/>\nHelsingiss\u00e4 on otettu kaupunkipy\u00f6r\u00e4t k\u00e4ytt\u00f6\u00f6n kuluvan vuoden 2016 aikana ja niiden suosio on ollut todella suuri. Ensimm\u00e4isen viikon aikana kaupunkipy\u00f6rill\u00e4 ajettiin yli 15 000 matkaa. Helsingiss\u00e4 j\u00e4rjestelm\u00e4 on rahoitettu mainoksilla ja sponsoroinnilla sek\u00e4 k\u00e4ytt\u00f6maksuilla. T\u00e4n\u00e4 vuonna 2016 k\u00e4yt\u00f6ss\u00e4 on 500 py\u00f6r\u00e4\u00e4 ja 50 py\u00f6r\u00e4asemaa. Kes\u00e4lle 2017 j\u00e4rjestelm\u00e4\u00e4 ollaan laajentamassa viel\u00e4 tuhannella py\u00f6r\u00e4ll\u00e4 ja sadalla asemalla. Helsingiss\u00e4 py\u00f6r\u00e4n saa k\u00e4ytt\u00f6\u00f6ns\u00e4 rekister\u00f6itym\u00e4ll\u00e4 palveluun verkossa. T\u00e4m\u00e4n on todettu olevan toimiva keino eik\u00e4 vandalismista ole ollut ongelmaa. Kaupunkipy\u00f6ri\u00e4 on k\u00e4yt\u00f6ss\u00e4 monissa muissakin eurooppalaisissa kaupungeissa. Esimerkiksi Saksassa on monta Oulua pienemp\u00e4\u00e4 kaupunkia, jossa on kaupunkipy\u00f6r\u00e4t, kuten Aschaffenburg, Darmstadt, Kassel, L\u00fcneburg, Marburg, Norderstedt, Offenburg ja R\u00fcsselsheim. My\u00f6s Ranskan 200 000 asukkaan Rennesiss\u00e4 ja Norjan alle 200 000 asukkaan Trondheimissa on k\u00e4yt\u00f6ss\u00e4 kaupunkipy\u00f6r\u00e4t.&nbsp;<br \/>\nKaupunkipy\u00f6r\u00e4t olisivat kustannustehokas keino Oulun joukkoliikenteen tason parantamiseen, mik\u00e4 on my\u00f6s kaupungin strateginen tavoite. Kaupunkipy\u00f6r\u00e4t tukisivat Oulun imagoa py\u00f6r\u00e4ilykaupunkina ja toisivat yh\u00e4 enemm\u00e4n k\u00e4ytt\u00e4ji\u00e4 sek\u00e4 joukkoliikenteelle ett\u00e4 py\u00f6r\u00e4liikenteelle. Py\u00f6r\u00e4t ovat jo nyt olennainen osa Oulun kaupunkikuvaa ja v\u00e4rikk\u00e4\u00e4t kaupunkipy\u00f6r\u00e4t veisiv\u00e4t sen viel\u00e4 seuraavalle tasolle. Kaupunkipy\u00f6rien toiminta-alue voisi ensi vaiheessa olla keskusta-alue, mutta my\u00f6hemmin sen voisi ulottaa koskemaan my\u00f6s suurempia kaupunginosakeskuksia ja ty\u00f6paikkakeskittymi\u00e4.<\/p>\n<p>Edell\u00e4 olevan perusteella ehdotamme, ett\u00e4 Oulun kaupunki ryhtyy toimenpiteisiin kaupunkipy\u00f6rien hankkimiseksi Ouluun. Kaupunkipy\u00f6rien toimintamahdollisuudet ja rahoituskeinot on syyt\u00e4 tutkia tarkasti hy\u00f6dynt\u00e4en Helsingist\u00e4 saatuja positiivisia kokemuksia.<br \/>\n31.10.2016<\/p>\n<p>Vihre\u00e4 valtuustoryhm\u00e4<\/p>\n<p>Lis\u00e4tietoja: Jenni Pitko<\/p>\n<p>0445570263<\/p>\n","protected":false},"excerpt":{"rendered":"<p>Oulun vihre\u00e4 valtuustoryhm\u00e4 j\u00e4tti 31.10. kaupunginvaltuuston kokouksessa aloitteen kaupunkipy\u00f6rist\u00e4 Ouluun. T\u00e4ss\u00e4 perustelut: Kaupunkipy\u00f6r\u00e4t ovat lainattavia tai vuokrattavia yhteisk\u00e4ytt\u00f6polkupy\u00f6ri\u00e4, joita voi [&hellip;]<\/p>\n","protected":false},"author":1,"featured_media":0,"comment_status":"closed","ping_status":"closed","sticky":false,"template":"","format":"standard","meta":{"_monsterinsights_skip_tracking":false,"_monsterinsights_sitenote_active":false,"_monsterinsights_sitenote_note":"","_monsterinsights_sitenote_category":0,"site-sidebar-layout":"default","site-content-layout":"","ast-site-content-layout":"default","site-content-style":"default","site-sidebar-style":"default","ast-global-header-display":"","ast-banner-title-visibility":"","ast-main-header-display":"","ast-hfb-above-header-display":"","ast-hfb-below-header-display":"","ast-hfb-mobile-header-display":"","site-post-title":"","ast-breadcrumbs-content":"","ast-featured-img":"","footer-sml-layout":"","ast-disable-related-posts":"","theme-transparent-header-meta":"","adv-header-id-meta":"","stick-header-meta":"","header-above-stick-meta":"","header-main-stick-meta":"","header-below-stick-meta":"","astra-migrate-meta-layouts":"default","ast-page-background-enabled":"default","ast-page-background-meta":{"desktop":{"background-color":"var(--ast-global-color-5)","background-image":"","background-repeat":"repeat","background-position":"center center","background-size":"auto","background-attachment":"scroll","background-type":"","background-media":"","overlay-type":"","overlay-color":"","overlay-opacity":"","overlay-gradient":""},"tablet":{"background-color":"","background-image":"","background-repeat":"repeat","background-position":"center center","background-size":"auto","background-attachment":"scroll","background-type":"","background-media":"","overlay-type":"","overlay-color":"","overlay-opacity":"","overlay-gradient":""},"mobile":{"background-color":"","background-image":"","background-repeat":"repeat","background-position":"center center","background-size":"auto","background-attachment":"scroll","background-type":"","background-media":"","overlay-type":"","overlay-color":"","overlay-opacity":"","overlay-gradient":""}},"ast-content-background-meta":{"desktop":{"background-color":"var(--ast-global-color-4)","background-image":"","background-repeat":"repeat","background-position":"center center","background-size":"auto","background-attachment":"scroll","background-type":"","background-media":"","overlay-type":"","overlay-color":"","overlay-opacity":"","overlay-gradient":""},"tablet":{"background-color":"var(--ast-global-color-4)","background-image":"","background-repeat":"repeat","background-position":"center center","background-size":"auto","background-attachment":"scroll","background-type":"","background-media":"","overlay-type":"","overlay-color":"","overlay-opacity":"","overlay-gradient":""},"mobile":{"background-color":"var(--ast-global-color-4)","background-image":"","background-repeat":"repeat","background-position":"center center","background-size":"auto","background-attachment":"scroll","background-type":"","background-media":"","overlay-type":"","overlay-color":"","overlay-opacity":"","overlay-gradient":""}},"footnotes":""},"categories":[1],"tags":[7,233,234,19],"class_list":["post-1365","post","type-post","status-publish","format-standard","hentry","category-uncategorized","tag-joukkoliikenne","tag-kaupunkipyorat","tag-liikenne","tag-pyoraily"],"yoast_head":"<!-- This site is optimized with the Yoast SEO plugin v27.5 - https:\/\/yoast.com\/product\/yoast-seo-wordpress\/ -->\n<title>\ufeffValtuustoaloite: kaupunkipy\u00f6r\u00e4t Ouluun - Jenni Pitko - Vihreiden varapuheenjohtaja, ymp\u00e4rist\u00f6valiokunnan puheenjohtaja, kansanedustaja ja arkkitehti Oulusta<\/title>\n<meta name=\"robots\" content=\"index, follow, max-snippet:-1, max-image-preview:large, max-video-preview:-1\" \/>\n<link rel=\"canonical\" href=\"https:\/\/jennipitko.fi\/koti\/valtuustoaloite-kaupunkipyorat-ouluun\/\" \/>\n<meta property=\"og:locale\" content=\"fi_FI\" \/>\n<meta property=\"og:type\" content=\"article\" \/>\n<meta property=\"og:title\" content=\"\ufeffValtuustoaloite: kaupunkipy\u00f6r\u00e4t Ouluun - Jenni Pitko - Vihreiden varapuheenjohtaja, ymp\u00e4rist\u00f6valiokunnan puheenjohtaja, kansanedustaja ja arkkitehti Oulusta\" \/>\n<meta property=\"og:description\" content=\"Oulun vihre\u00e4 valtuustoryhm\u00e4 j\u00e4tti 31.10. kaupunginvaltuuston kokouksessa aloitteen kaupunkipy\u00f6rist\u00e4 Ouluun. T\u00e4ss\u00e4 perustelut: Kaupunkipy\u00f6r\u00e4t ovat lainattavia tai vuokrattavia yhteisk\u00e4ytt\u00f6polkupy\u00f6ri\u00e4, joita voi [&hellip;]\" \/>\n<meta property=\"og:url\" content=\"https:\/\/jennipitko.fi\/koti\/valtuustoaloite-kaupunkipyorat-ouluun\/\" \/>\n<meta property=\"og:site_name\" content=\"Jenni Pitko - Vihreiden varapuheenjohtaja, ymp\u00e4rist\u00f6valiokunnan puheenjohtaja, kansanedustaja ja arkkitehti Oulusta\" \/>\n<meta property=\"article:published_time\" content=\"2016-10-31T16:07:05+00:00\" \/>\n<meta property=\"article:modified_time\" content=\"2016-10-31T16:09:18+00:00\" \/>\n<meta name=\"author\" content=\"Jenni\" \/>\n<meta name=\"twitter:card\" content=\"summary_large_image\" \/>\n<meta name=\"twitter:label1\" content=\"Kirjoittanut\" \/>\n\t<meta name=\"twitter:data1\" content=\"Jenni\" \/>\n\t<meta name=\"twitter:label2\" content=\"Arvioitu lukuaika\" \/>\n\t<meta name=\"twitter:data2\" content=\"2 minuuttia\" \/>\n<script type=\"application\/ld+json\" class=\"yoast-schema-graph\">{\"@context\":\"https:\\\/\\\/schema.org\",\"@graph\":[{\"@type\":\"Article\",\"@id\":\"https:\\\/\\\/jennipitko.fi\\\/koti\\\/valtuustoaloite-kaupunkipyorat-ouluun\\\/#article\",\"isPartOf\":{\"@id\":\"https:\\\/\\\/jennipitko.fi\\\/koti\\\/valtuustoaloite-kaupunkipyorat-ouluun\\\/\"},\"author\":{\"name\":\"Jenni\",\"@id\":\"https:\\\/\\\/jennipitko.fi\\\/koti\\\/#\\\/schema\\\/person\\\/35955c467f851f10124809310e7e7ee8\"},\"headline\":\"\ufeffValtuustoaloite: kaupunkipy\u00f6r\u00e4t Ouluun\",\"datePublished\":\"2016-10-31T16:07:05+00:00\",\"dateModified\":\"2016-10-31T16:09:18+00:00\",\"mainEntityOfPage\":{\"@id\":\"https:\\\/\\\/jennipitko.fi\\\/koti\\\/valtuustoaloite-kaupunkipyorat-ouluun\\\/\"},\"wordCount\":331,\"publisher\":{\"@id\":\"https:\\\/\\\/jennipitko.fi\\\/koti\\\/#organization\"},\"keywords\":[\"joukkoliikenne\",\"kaupunkipy\u00f6r\u00e4t\",\"liikenne\",\"py\u00f6r\u00e4ily\"],\"articleSection\":[\"Uncategorized\"],\"inLanguage\":\"fi\"},{\"@type\":\"WebPage\",\"@id\":\"https:\\\/\\\/jennipitko.fi\\\/koti\\\/valtuustoaloite-kaupunkipyorat-ouluun\\\/\",\"url\":\"https:\\\/\\\/jennipitko.fi\\\/koti\\\/valtuustoaloite-kaupunkipyorat-ouluun\\\/\",\"name\":\"\ufeffValtuustoaloite: kaupunkipy\u00f6r\u00e4t Ouluun - Jenni Pitko - Vihreiden varapuheenjohtaja, ymp\u00e4rist\u00f6valiokunnan puheenjohtaja, kansanedustaja ja arkkitehti Oulusta\",\"isPartOf\":{\"@id\":\"https:\\\/\\\/jennipitko.fi\\\/koti\\\/#website\"},\"datePublished\":\"2016-10-31T16:07:05+00:00\",\"dateModified\":\"2016-10-31T16:09:18+00:00\",\"breadcrumb\":{\"@id\":\"https:\\\/\\\/jennipitko.fi\\\/koti\\\/valtuustoaloite-kaupunkipyorat-ouluun\\\/#breadcrumb\"},\"inLanguage\":\"fi\",\"potentialAction\":[{\"@type\":\"ReadAction\",\"target\":[\"https:\\\/\\\/jennipitko.fi\\\/koti\\\/valtuustoaloite-kaupunkipyorat-ouluun\\\/\"]}]},{\"@type\":\"BreadcrumbList\",\"@id\":\"https:\\\/\\\/jennipitko.fi\\\/koti\\\/valtuustoaloite-kaupunkipyorat-ouluun\\\/#breadcrumb\",\"itemListElement\":[{\"@type\":\"ListItem\",\"position\":1,\"name\":\"Home\",\"item\":\"https:\\\/\\\/jennipitko.fi\\\/koti\\\/\"},{\"@type\":\"ListItem\",\"position\":2,\"name\":\"\ufeffValtuustoaloite: kaupunkipy\u00f6r\u00e4t Ouluun\"}]},{\"@type\":\"WebSite\",\"@id\":\"https:\\\/\\\/jennipitko.fi\\\/koti\\\/#website\",\"url\":\"https:\\\/\\\/jennipitko.fi\\\/koti\\\/\",\"name\":\"Jenni Pitko - Vihreiden varapuheenjohtaja, ymp\u00e4rist\u00f6valiokunnan puheenjohtaja, kansanedustaja ja arkkitehti Oulusta\",\"description\":\"Jenni Pitko - Vihreiden varapuheenjohtaja, ymp\u00e4rist\u00f6valiokunnan puheenjohtaja, kansanedustaja ja arkkitehti Oulusta\",\"publisher\":{\"@id\":\"https:\\\/\\\/jennipitko.fi\\\/koti\\\/#organization\"},\"potentialAction\":[{\"@type\":\"SearchAction\",\"target\":{\"@type\":\"EntryPoint\",\"urlTemplate\":\"https:\\\/\\\/jennipitko.fi\\\/koti\\\/?s={search_term_string}\"},\"query-input\":{\"@type\":\"PropertyValueSpecification\",\"valueRequired\":true,\"valueName\":\"search_term_string\"}}],\"inLanguage\":\"fi\"},{\"@type\":\"Organization\",\"@id\":\"https:\\\/\\\/jennipitko.fi\\\/koti\\\/#organization\",\"name\":\"Jenni Pitko - Vihreiden varapuheenjohtaja, ymp\u00e4rist\u00f6valiokunnan puheenjohtaja, kansanedustaja ja arkkitehti Oulusta\",\"url\":\"https:\\\/\\\/jennipitko.fi\\\/koti\\\/\",\"logo\":{\"@type\":\"ImageObject\",\"inLanguage\":\"fi\",\"@id\":\"https:\\\/\\\/jennipitko.fi\\\/koti\\\/#\\\/schema\\\/logo\\\/image\\\/\",\"url\":\"https:\\\/\\\/jennipitko.fi\\\/koti\\\/wp-content\\\/uploads\\\/2025\\\/09\\\/Nimeton-malli-38.png\",\"contentUrl\":\"https:\\\/\\\/jennipitko.fi\\\/koti\\\/wp-content\\\/uploads\\\/2025\\\/09\\\/Nimeton-malli-38.png\",\"width\":1280,\"height\":847,\"caption\":\"Jenni Pitko - Vihreiden varapuheenjohtaja, ymp\u00e4rist\u00f6valiokunnan puheenjohtaja, kansanedustaja ja arkkitehti Oulusta\"},\"image\":{\"@id\":\"https:\\\/\\\/jennipitko.fi\\\/koti\\\/#\\\/schema\\\/logo\\\/image\\\/\"}},{\"@type\":\"Person\",\"@id\":\"https:\\\/\\\/jennipitko.fi\\\/koti\\\/#\\\/schema\\\/person\\\/35955c467f851f10124809310e7e7ee8\",\"name\":\"Jenni\",\"image\":{\"@type\":\"ImageObject\",\"inLanguage\":\"fi\",\"@id\":\"https:\\\/\\\/secure.gravatar.com\\\/avatar\\\/625a0e6413b293da7739d42617828d564a4d6028aec3f45d8939a2ba1617199f?s=96&d=blank&r=g\",\"url\":\"https:\\\/\\\/secure.gravatar.com\\\/avatar\\\/625a0e6413b293da7739d42617828d564a4d6028aec3f45d8939a2ba1617199f?s=96&d=blank&r=g\",\"contentUrl\":\"https:\\\/\\\/secure.gravatar.com\\\/avatar\\\/625a0e6413b293da7739d42617828d564a4d6028aec3f45d8939a2ba1617199f?s=96&d=blank&r=g\",\"caption\":\"Jenni\"},\"url\":\"https:\\\/\\\/jennipitko.fi\\\/koti\\\/author\\\/jenni\\\/\"}]}<\/script>\n<!-- \/ Yoast SEO plugin. -->","yoast_head_json":{"title":"\ufeffValtuustoaloite: kaupunkipy\u00f6r\u00e4t Ouluun - Jenni Pitko - Vihreiden varapuheenjohtaja, ymp\u00e4rist\u00f6valiokunnan puheenjohtaja, kansanedustaja ja arkkitehti Oulusta","robots":{"index":"index","follow":"follow","max-snippet":"max-snippet:-1","max-image-preview":"max-image-preview:large","max-video-preview":"max-video-preview:-1"},"canonical":"https:\/\/jennipitko.fi\/koti\/valtuustoaloite-kaupunkipyorat-ouluun\/","og_locale":"fi_FI","og_type":"article","og_title":"\ufeffValtuustoaloite: kaupunkipy\u00f6r\u00e4t Ouluun - Jenni Pitko - Vihreiden varapuheenjohtaja, ymp\u00e4rist\u00f6valiokunnan puheenjohtaja, kansanedustaja ja arkkitehti Oulusta","og_description":"Oulun vihre\u00e4 valtuustoryhm\u00e4 j\u00e4tti 31.10. kaupunginvaltuuston kokouksessa aloitteen kaupunkipy\u00f6rist\u00e4 Ouluun. T\u00e4ss\u00e4 perustelut: Kaupunkipy\u00f6r\u00e4t ovat lainattavia tai vuokrattavia yhteisk\u00e4ytt\u00f6polkupy\u00f6ri\u00e4, joita voi [&hellip;]","og_url":"https:\/\/jennipitko.fi\/koti\/valtuustoaloite-kaupunkipyorat-ouluun\/","og_site_name":"Jenni Pitko - Vihreiden varapuheenjohtaja, ymp\u00e4rist\u00f6valiokunnan puheenjohtaja, kansanedustaja ja arkkitehti Oulusta","article_published_time":"2016-10-31T16:07:05+00:00","article_modified_time":"2016-10-31T16:09:18+00:00","author":"Jenni","twitter_card":"summary_large_image","twitter_misc":{"Kirjoittanut":"Jenni","Arvioitu lukuaika":"2 minuuttia"},"schema":{"@context":"https:\/\/schema.org","@graph":[{"@type":"Article","@id":"https:\/\/jennipitko.fi\/koti\/valtuustoaloite-kaupunkipyorat-ouluun\/#article","isPartOf":{"@id":"https:\/\/jennipitko.fi\/koti\/valtuustoaloite-kaupunkipyorat-ouluun\/"},"author":{"name":"Jenni","@id":"https:\/\/jennipitko.fi\/koti\/#\/schema\/person\/35955c467f851f10124809310e7e7ee8"},"headline":"\ufeffValtuustoaloite: kaupunkipy\u00f6r\u00e4t Ouluun","datePublished":"2016-10-31T16:07:05+00:00","dateModified":"2016-10-31T16:09:18+00:00","mainEntityOfPage":{"@id":"https:\/\/jennipitko.fi\/koti\/valtuustoaloite-kaupunkipyorat-ouluun\/"},"wordCount":331,"publisher":{"@id":"https:\/\/jennipitko.fi\/koti\/#organization"},"keywords":["joukkoliikenne","kaupunkipy\u00f6r\u00e4t","liikenne","py\u00f6r\u00e4ily"],"articleSection":["Uncategorized"],"inLanguage":"fi"},{"@type":"WebPage","@id":"https:\/\/jennipitko.fi\/koti\/valtuustoaloite-kaupunkipyorat-ouluun\/","url":"https:\/\/jennipitko.fi\/koti\/valtuustoaloite-kaupunkipyorat-ouluun\/","name":"\ufeffValtuustoaloite: kaupunkipy\u00f6r\u00e4t Ouluun - Jenni Pitko - Vihreiden varapuheenjohtaja, ymp\u00e4rist\u00f6valiokunnan puheenjohtaja, kansanedustaja ja arkkitehti Oulusta","isPartOf":{"@id":"https:\/\/jennipitko.fi\/koti\/#website"},"datePublished":"2016-10-31T16:07:05+00:00","dateModified":"2016-10-31T16:09:18+00:00","breadcrumb":{"@id":"https:\/\/jennipitko.fi\/koti\/valtuustoaloite-kaupunkipyorat-ouluun\/#breadcrumb"},"inLanguage":"fi","potentialAction":[{"@type":"ReadAction","target":["https:\/\/jennipitko.fi\/koti\/valtuustoaloite-kaupunkipyorat-ouluun\/"]}]},{"@type":"BreadcrumbList","@id":"https:\/\/jennipitko.fi\/koti\/valtuustoaloite-kaupunkipyorat-ouluun\/#breadcrumb","itemListElement":[{"@type":"ListItem","position":1,"name":"Home","item":"https:\/\/jennipitko.fi\/koti\/"},{"@type":"ListItem","position":2,"name":"\ufeffValtuustoaloite: kaupunkipy\u00f6r\u00e4t Ouluun"}]},{"@type":"WebSite","@id":"https:\/\/jennipitko.fi\/koti\/#website","url":"https:\/\/jennipitko.fi\/koti\/","name":"Jenni Pitko - Vihreiden varapuheenjohtaja, ymp\u00e4rist\u00f6valiokunnan puheenjohtaja, kansanedustaja ja arkkitehti Oulusta","description":"Jenni Pitko - Vihreiden varapuheenjohtaja, ymp\u00e4rist\u00f6valiokunnan puheenjohtaja, kansanedustaja ja arkkitehti Oulusta","publisher":{"@id":"https:\/\/jennipitko.fi\/koti\/#organization"},"potentialAction":[{"@type":"SearchAction","target":{"@type":"EntryPoint","urlTemplate":"https:\/\/jennipitko.fi\/koti\/?s={search_term_string}"},"query-input":{"@type":"PropertyValueSpecification","valueRequired":true,"valueName":"search_term_string"}}],"inLanguage":"fi"},{"@type":"Organization","@id":"https:\/\/jennipitko.fi\/koti\/#organization","name":"Jenni Pitko - Vihreiden varapuheenjohtaja, ymp\u00e4rist\u00f6valiokunnan puheenjohtaja, kansanedustaja ja arkkitehti Oulusta","url":"https:\/\/jennipitko.fi\/koti\/","logo":{"@type":"ImageObject","inLanguage":"fi","@id":"https:\/\/jennipitko.fi\/koti\/#\/schema\/logo\/image\/","url":"https:\/\/jennipitko.fi\/koti\/wp-content\/uploads\/2025\/09\/Nimeton-malli-38.png","contentUrl":"https:\/\/jennipitko.fi\/koti\/wp-content\/uploads\/2025\/09\/Nimeton-malli-38.png","width":1280,"height":847,"caption":"Jenni Pitko - Vihreiden varapuheenjohtaja, ymp\u00e4rist\u00f6valiokunnan puheenjohtaja, kansanedustaja ja arkkitehti Oulusta"},"image":{"@id":"https:\/\/jennipitko.fi\/koti\/#\/schema\/logo\/image\/"}},{"@type":"Person","@id":"https:\/\/jennipitko.fi\/koti\/#\/schema\/person\/35955c467f851f10124809310e7e7ee8","name":"Jenni","image":{"@type":"ImageObject","inLanguage":"fi","@id":"https:\/\/secure.gravatar.com\/avatar\/625a0e6413b293da7739d42617828d564a4d6028aec3f45d8939a2ba1617199f?s=96&d=blank&r=g","url":"https:\/\/secure.gravatar.com\/avatar\/625a0e6413b293da7739d42617828d564a4d6028aec3f45d8939a2ba1617199f?s=96&d=blank&r=g","contentUrl":"https:\/\/secure.gravatar.com\/avatar\/625a0e6413b293da7739d42617828d564a4d6028aec3f45d8939a2ba1617199f?s=96&d=blank&r=g","caption":"Jenni"},"url":"https:\/\/jennipitko.fi\/koti\/author\/jenni\/"}]}},"_links":{"self":[{"href":"https:\/\/jennipitko.fi\/koti\/wp-json\/wp\/v2\/posts\/1365","targetHints":{"allow":["GET"]}}],"collection":[{"href":"https:\/\/jennipitko.fi\/koti\/wp-json\/wp\/v2\/posts"}],"about":[{"href":"https:\/\/jennipitko.fi\/koti\/wp-json\/wp\/v2\/types\/post"}],"author":[{"embeddable":true,"href":"https:\/\/jennipitko.fi\/koti\/wp-json\/wp\/v2\/users\/1"}],"replies":[{"embeddable":true,"href":"https:\/\/jennipitko.fi\/koti\/wp-json\/wp\/v2\/comments?post=1365"}],"version-history":[{"count":1,"href":"https:\/\/jennipitko.fi\/koti\/wp-json\/wp\/v2\/posts\/1365\/revisions"}],"predecessor-version":[{"id":1367,"href":"https:\/\/jennipitko.fi\/koti\/wp-json\/wp\/v2\/posts\/1365\/revisions\/1367"}],"wp:attachment":[{"href":"https:\/\/jennipitko.fi\/koti\/wp-json\/wp\/v2\/media?parent=1365"}],"wp:term":[{"taxonomy":"category","embeddable":true,"href":"https:\/\/jennipitko.fi\/koti\/wp-json\/wp\/v2\/categories?post=1365"},{"taxonomy":"post_tag","embeddable":true,"href":"https:\/\/jennipitko.fi\/koti\/wp-json\/wp\/v2\/tags?post=1365"}],"curies":[{"name":"wp","href":"https:\/\/api.w.org\/{rel}","templated":true}]}}