{"id":1368,"date":"2016-11-28T20:15:34","date_gmt":"2016-11-28T17:15:34","guid":{"rendered":"http:\/\/jennipitko.fi\/koti\/?p=1368"},"modified":"2017-02-19T16:44:25","modified_gmt":"2017-02-19T14:44:25","slug":"vihreiden-ryhmapuhe-oulun-kaupungin-talousarvioon-2017","status":"publish","type":"post","link":"https:\/\/jennipitko.fi\/koti\/vihreiden-ryhmapuhe-oulun-kaupungin-talousarvioon-2017\/","title":{"rendered":"Vihreiden ryhm\u00e4puhe Oulun kaupungin talousarvioon 2017"},"content":{"rendered":"<p>Taloutta ja toimintaa suunniteltaessa on hyv\u00e4 pys\u00e4hty\u00e4 pohtimaan, ket\u00e4 varten ja miksi me t\u00e4t\u00e4 teemme. Mik\u00e4 on kunnan teht\u00e4v\u00e4? Kaupunki on paljon muutakin kuin vain palvelutuotanto-organisaatio. Me vihre\u00e4t olemme sit\u00e4 mielt\u00e4, ett\u00e4 kaupunki on hyv\u00e4n el\u00e4m\u00e4n mahdollistaja. Mahdollistaja, jonka t\u00e4rkein teht\u00e4v\u00e4 on v\u00e4hent\u00e4\u00e4 eriarvoisuutta ja turvata hyv\u00e4 tulevaisuus jokaiselle.<br \/>\nT\u00e4m\u00e4n budjetin ty\u00f6st\u00e4miseen me vihre\u00e4t l\u00e4hdimme ajatuksella, ett\u00e4 varhaiskasvatus ja koulutus on se pohja, joka kantaa. Ett\u00e4 ennaltaehk\u00e4isy tulee pidemm\u00e4ll\u00e4 t\u00e4ht\u00e4imell\u00e4 taloudellisesti ja inhimillisesti edullisemmaksi ja ett\u00e4 luonnon monimuotoisuuden turvaamiseksi t\u00e4ytyy toimia. Me haluamme, ett\u00e4 Oulun kaupungissa arki sujuu hyvin ja ett\u00e4 kaunis luonto sek\u00e4 puhdas ilma ja vedet s\u00e4ilyv\u00e4t my\u00f6s tuleville sukupolville.\u00a0<!--more--><br \/>\nKaupunginhallituksen budjettiriihess\u00e4 on viime vuosina ollut toive, ett\u00e4 jos kaupunginhallituksen j\u00e4sen esitt\u00e4\u00e4 jotain, josta aiheutuu kustannuksia, tulisi h\u00e4nen esitt\u00e4\u00e4 my\u00f6s rahoitus saman toimintavuoden budjetissa jos haluaa saada esitykselleen kannatusta. Budjetin pit\u00e4minen tasapainossa on sin\u00e4ns\u00e4 hyv\u00e4 tavoite, mutta on samalla kyseenalaistettava, onko t\u00e4llainen talouden ja sen vaikutusten suunnitteleminen yhden vuoden aikaj\u00e4nteell\u00e4 kaupungin kehittymisen kannalta se oikea tapa. Jos haluamme kaupunkina uudistua, on k\u00e4yt\u00e4nn\u00f6n tasolla t\u00e4rke\u00e4\u00e4 tehd\u00e4 panostuksia (niihin) valittuihin k\u00e4rkiin.T\u00e4st\u00e4 hyv\u00e4n\u00e4 esimerkkin\u00e4 on joukkoliikenne. Toimivan joukkoliikenteen hy\u00f6tyj\u00e4 kaupungeille ei lasketa vain lipputuloissa vaan ne ovat paljon suurempia ja ne n\u00e4kyv\u00e4t pitk\u00e4ll\u00e4 t\u00e4ht\u00e4imell\u00e4 positiivisena tuloksena kaupungin budjetissa monella tasolla. Joukkoliikenne v\u00e4hent\u00e4\u00e4 liikenteen ruuhkia, parantaa ilmanlaatua ja sen kautta v\u00e4hent\u00e4\u00e4 hengitystiesairauksia. Se mahdollistaa yhdyskuntarakenteen eheytt\u00e4misen ja kerrytt\u00e4\u00e4 askelia arjessa. Joukkoliikenne on my\u00f6s kaupungeille t\u00e4rke\u00e4 imago- ja vetovoimatekij\u00e4.<\/p>\n<p>T\u00e4llaisiin taloudellisuutta ja terveytt\u00e4 parantaviin toimiin meid\u00e4n tulisi my\u00f6s vaikeina taloudellisina panostaa rohkeasti. Satunnaisilla leikkauksilla sielt\u00e4 t\u00e4\u00e4lt\u00e4 ei taloutta tasapainoteta pitk\u00e4ll\u00e4 aikaj\u00e4nteell\u00e4. Meid\u00e4n tuleekin my\u00f6s luottamushenkil\u00f6iden osalta siirty\u00e4 keskipitk\u00e4n aikav\u00e4lin suunnitteluun jossa huomioidaan kaupunkistrategian painotukset ja p\u00e4\u00e4t\u00f6sten pitk\u00e4aikais- ja kerrannaisvaikutukset &#8211; n\u00e4k\u00f6kulmat, jotka t\u00e4ll\u00e4 valtuustokaudella ovat j\u00e4\u00e4neet hyvin ohuiksi.<\/p>\n<p>Taloutta ei vihre\u00e4n ryhm\u00e4n mielest\u00e4 voida tasapainottaa leikkaamalla ydinpalveluista tai ennaltaehk\u00e4isevist\u00e4 toiminnoista. Tulevassa budjetissa ei valitettavasti esitet\u00e4 uusia rakenteellisia uudistuksia mutta siin\u00e4 kyll\u00e4 jatketaan jo p\u00e4\u00e4tettyj\u00e4 rakennemuutoksia muun muassa hyvinvointikeskusten osalta ja johtamisj\u00e4rjestelm\u00e4n uudistamista. Jatkossa tarvitsemme virkamiesten suunnalta my\u00f6s uusia avauksia palvelurakenteen uudistamisesta ja palveluiden uudistamisesta inhimillisesti niin, ett\u00e4 painotus siirtyy korjaavista toimista ennaltaehk\u00e4isyyn.<\/p>\n<p>T\u00e4t\u00e4 keskustelua p\u00e4\u00e4semmekin tulevina vuosina k\u00e4ym\u00e4\u00e4n aktiivisesti kun hyvinvointipalvelut siirtyv\u00e4t kunnalta maakunnalle, mik\u00e4li hallituksen reformi saadaan maaliin. Kunnalle j\u00e4\u00e4 kuitenkin eritt\u00e4in t\u00e4rke\u00e4 teht\u00e4v\u00e4 hyvinvoinnin edist\u00e4misess\u00e4. Kulttuuri- ja liikuntapalvelut sek\u00e4 yhteis\u00f6toiminta ovat parhaimmillaan yksin\u00e4isyytt\u00e4 v\u00e4hent\u00e4v\u00e4\u00e4 ja terveytt\u00e4 edist\u00e4v\u00e4\u00e4 ennaltaehk\u00e4isev\u00e4\u00e4 toimintaa. Kaupunkiymp\u00e4rist\u00f6n yhteis\u00f6llisyytt\u00e4 tukevat tilat ja rakennetut kohtaamispaikat edist\u00e4v\u00e4t sosiaalisia kohtaamisia. N\u00e4iden rakentaminen tulee paljon edullisemmaksi kuin mit\u00e4 yksin\u00e4isyyden hoitamisen kulut t\u00e4lle yhteiskunnalle.<\/p>\n<p>Varhaiskasvatus ja koulutus on t\u00e4rkeit\u00e4 tekij\u00f6it\u00e4 eriarvoistumisen ehk\u00e4isemisess\u00e4 ja me vihre\u00e4t olisimme olleet valmiita perumaan ryhm\u00e4kokoihin ja subjektiivisen p\u00e4iv\u00e4hoito-oikeuteen tehtyj\u00e4 leikkauksia. N\u00e4ill\u00e4 lapsiin kohdistuvilla s\u00e4\u00e4st\u00f6ill\u00e4 ei kuntataloutta pelastateta mutta saatetaan aiheuttaa peruuttamatonta vahinkoa. Riskiryhm\u00e4n\u00e4 ovat ne lapset, joiden kotona saama tuki ja kasvatus on syyst\u00e4 tai toisesta v\u00e4h\u00e4isemp\u00e4\u00e4.<\/p>\n<p>Iloitsemme kuitenkin kaikkien ryhmien kesken tehdyst\u00e4 kompromissista, jossa osa s\u00e4\u00e4st\u00f6ist\u00e4 perutaan ja juuri niiden lasten, jotka erityist\u00e4 tukea tarvitsevat, arkea helpotetaan lis\u00e4\u00e4m\u00e4ll\u00e4 varhaiskasvatuksen ammattilaisia p\u00e4iv\u00e4koteihin. Tulevissa budjeteissa leikkaukset tulisi kuitenkin perua kaikkien ryhm\u00e4kokojen kasvattamisen osalta ja palauttaa kokop\u00e4iv\u00e4inen p\u00e4iv\u00e4hoito-oikeus my\u00f6s ty\u00f6tt\u00f6mien tai muusta syyst\u00e4 kotona olevien vanhempien lapsille. Perheiden arkea helpottava p\u00e4\u00e4t\u00f6s tokaluokkalaisten aamu- ja iltap\u00e4iv\u00e4kerhojen uusista j\u00e4rjestelyist\u00e4 on my\u00f6s eritt\u00e4in hyv\u00e4 p\u00e4\u00e4t\u00f6s.<\/p>\n<p>Kaupungilla ei ole varaa p\u00e4\u00e4st\u00e4\u00e4 yht\u00e4k\u00e4\u00e4n nuorta putoamaan. Kaupungin toimia nuorten ja lasten eteen tarvitaan entist\u00e4 enemm\u00e4n. Nuorisoty\u00f6tt\u00f6myyden v\u00e4hent\u00e4minen, maahanmuuttajalasten ja -nuorten integroiminen ja kouluttaminen, yhden luukun palveluperiaatteen kehitt\u00e4minen ja varhainen puuttuminen sek\u00e4 nuorten mielenterveys- ja p\u00e4ihdepalveluiden toimintamallien uudistaminen tulisi olla kaupungin palveluiden kehitt\u00e4misen painopisteit\u00e4 tulevina vuosina.<\/p>\n<p>Toimivassa kaupungissa paikasta toiseen kulkemiseen ei tarvitse omaaa autoa, seist\u00e4 liikenneruuhkissa ja ilmanlaatu on aina hyv\u00e4. T\u00e4n\u00e4 vuonna hyv\u00e4ksytty k\u00e4velyn ja py\u00f6r\u00e4ilyn kehitt\u00e4missuunnitelma on hieno edistysaskel. Pelkk\u00e4 suunnitelma ei kuitenkaan riit\u00e4, vaan on ryhdytt\u00e4v\u00e4 sanoista tekoihin. Kevyenliikenteenv\u00e4ylien kunto on p\u00e4\u00e4stetty todella huonoksi leikattujen kunnossapitom\u00e4\u00e4r\u00e4rahojen vuoksi ett\u00e4 pelk\u00e4st\u00e4\u00e4n niiden korjaaminen vaatisi merkitt\u00e4vi\u00e4 taloudellisia panostuksia. Nyt infrarahat menev\u00e4t p\u00e4\u00e4asiassa vanhanaikaista yksityisautoliikennett\u00e4 tukeviin lis\u00e4kaistoihin ja liittymiin<\/p>\n<p>Joukkoliikenteess\u00e4 suunta on ollut viime vuodet parempaan niin palvelutason parantumisen kannalta kuin k\u00e4ytt\u00e4j\u00e4m\u00e4\u00e4riss\u00e4kin. On kuitenkin harmillista, ett\u00e4 budjettiesityksess\u00e4 ei oteta k\u00e4ytt\u00f6\u00f6n t\u00e4ysim\u00e4\u00e4r\u00e4isesti sit\u00e4 kasvanutta potentiaalia mit\u00e4 joukkoliikenteess\u00e4 nyt on. Ei pid\u00e4 tyyty\u00e4 vain nyt saatuun kasvuun vaan aidon kehityksen aikaansaamiseksi kannattaa takoa kun rauta on kuumaa ja tavoitella yh\u00e4 lis\u00e4\u00e4 k\u00e4ytt\u00e4ji\u00e4. Kuluvana vuonna tulot nousivat yhden vuoden aikana jopa miljoonalla ja ennustettuun tulokseen verrattuna tuloja kertynee t\u00e4n\u00e4 vuonna jopa melkein kolme miljoonaa enemm\u00e4n kuin ennustettiin vuoden 2016 alkuper\u00e4isess\u00e4 talousarviossa. Kuinka paljon k\u00e4ytt\u00e4j\u00e4m\u00e4\u00e4r\u00e4t kasvaisikaan jos n\u00e4m\u00e4 ylim\u00e4\u00e4r\u00e4iset rahat laitettaisiin suoraan joukkoliikenteen tason parantamiseen esimerkiksi runkolinjojen vahvistamiseen ja vuorov\u00e4lien tihent\u00e4miseen. N\u00e4it\u00e4 kolmea miljoonaa, mit\u00e4 budjettiin siis tuli v\u00e4ljyytt\u00e4 ei k\u00e4ytetty joukkoliikenteen tason parantamiseksi t\u00e4n\u00e4 vuonna vaan ne siirrettiin ymp\u00e4rist\u00f6- ja yhdyskuntalautakunnan tulosta parantamaan. Tulemme esitt\u00e4m\u00e4\u00e4n joukkoliikenteen tason parantamista nyt esitetyst\u00e4 voimakkaammin ensi vuodelle<\/p>\n<p>Hyvinvoinnin edist\u00e4misess\u00e4 ja sujuvassa arjessa oleellista on harrastusmahdollisuudet ja l\u00e4hiliikunta. Tavoitteena tulisi olla, ett\u00e4 jokaisella oululaisella on lyhyt matka luontoon ja jokaisella lapsella ja nuorella ainakin yksi harrastus. Esit\u00e4mme, ett\u00e4 Sanginjoelle perustetaan suojelualue joka takaa t\u00e4m\u00e4n ulkomets\u00e4n parhaiden ominaisuuksien ja liikunta- ja virkistysmahdollisuuksien s\u00e4ilymisen my\u00f6s tuleville sukupolville.<\/p>\n<p>Ihmisten ottaminen mukaan palveluiden suunnitteluun ja kaupungin kehitt\u00e4miseen on onnellisuutta lis\u00e4\u00e4v\u00e4n kaupungin ydinteht\u00e4v\u00e4. Kuluvana vuonna t\u00e4m\u00e4n teht\u00e4v\u00e4n hoitaminen uskottavasti on ollut koetuksella. Kouluverkko ja Oulu-raadit, Hietasaaren k\u00e4ytt\u00e4jien mielipiteen sivuuttaminen Hietasaari-kaavan valmistelussa ja p\u00e4\u00e4t\u00f6ksenteossa osoittaa, ett\u00e4 kuntalaisten on eritt\u00e4in vaikea saada \u00e4\u00e4nt\u00e4ns\u00e4 kuuluviin tai p\u00e4\u00e4st\u00e4 vaikuttamaan esitysten sis\u00e4lt\u00f6\u00f6n. Johtamisj\u00e4rjestelm\u00e4\u00e4 uudistaessa on kehitelt\u00e4v\u00e4 uusia tapoja osallistaa kaupunkilaisia ja siten antaa heille mahdollisuus vaikuttaa oikeasti oman kotikaupunkinsa asioihin.<\/p>\n<p>Kaikessa kaupungin toiminnan suunnittelussa on huomioitava my\u00f6s tasa-arvo ja yhdenvertaisuus. Koulujen, p\u00e4iv\u00e4kotien, vanhusten palvelujen ja asiakaspalvelupisteiden henkil\u00f6kunnille on turvattava riitt\u00e4v\u00e4 koulutus ihmisten monimuotoisuuden asialliseen ja kunnioittavaan kohtaamiseen niin, ett\u00e4 t\u00e4ss\u00e4 kaupungissa jokainen lapsi, nuori sek\u00e4 seksuaali- tai sukupuoliv\u00e4hemmist\u00f6ihin kuuluva kokee olevansa tervetullut ja oikeanlainen juuri sellaisena kuin on. Ihmisten monimuotoisuutta kunnioittavassa ja vaalivassa kaupungissa kaikkien on hyv\u00e4 olla. Tasa-arvon kokemus ja ihmisoikeuksien toteutuminen on oleellinen osa yksil\u00f6n hyvinvointia ja kest\u00e4v\u00e4n sosiaalisen yhteis\u00f6n muodostumista.<br \/>\nBudjettia suunniteltaessa puhutaan p\u00e4\u00e4asiassa rahasta, mutta budjettia laatiessamme me poliitikot teemme paljon ihmisi\u00e4 koskettavia arvovalintoja. Me vihre\u00e4t haluamme, ett\u00e4 Oulu on kest\u00e4v\u00e4sti kasvava, moderni kaupunki, jonka kaikessa toiminnassa n\u00e4kyy arvostus luontoa kohtaan. Tehd\u00e4\u00e4n Oulusta paikka, jossa jokaisella oululaisella on mahdollisuus tavoitella onnellisuutta ja josta me oululaiset voimme olla ylpeit\u00e4.<\/p>\n","protected":false},"excerpt":{"rendered":"<p>Taloutta ja toimintaa suunniteltaessa on hyv\u00e4 pys\u00e4hty\u00e4 pohtimaan, ket\u00e4 varten ja miksi me t\u00e4t\u00e4 teemme. Mik\u00e4 on kunnan teht\u00e4v\u00e4? Kaupunki [&hellip;]<\/p>\n","protected":false},"author":1,"featured_media":0,"comment_status":"closed","ping_status":"closed","sticky":false,"template":"","format":"standard","meta":{"_monsterinsights_skip_tracking":false,"_monsterinsights_sitenote_active":false,"_monsterinsights_sitenote_note":"","_monsterinsights_sitenote_category":0,"site-sidebar-layout":"default","site-content-layout":"","ast-site-content-layout":"default","site-content-style":"default","site-sidebar-style":"default","ast-global-header-display":"","ast-banner-title-visibility":"","ast-main-header-display":"","ast-hfb-above-header-display":"","ast-hfb-below-header-display":"","ast-hfb-mobile-header-display":"","site-post-title":"","ast-breadcrumbs-content":"","ast-featured-img":"","footer-sml-layout":"","ast-disable-related-posts":"","theme-transparent-header-meta":"","adv-header-id-meta":"","stick-header-meta":"","header-above-stick-meta":"","header-main-stick-meta":"","header-below-stick-meta":"","astra-migrate-meta-layouts":"default","ast-page-background-enabled":"default","ast-page-background-meta":{"desktop":{"background-color":"var(--ast-global-color-5)","background-image":"","background-repeat":"repeat","background-position":"center center","background-size":"auto","background-attachment":"scroll","background-type":"","background-media":"","overlay-type":"","overlay-color":"","overlay-opacity":"","overlay-gradient":""},"tablet":{"background-color":"","background-image":"","background-repeat":"repeat","background-position":"center center","background-size":"auto","background-attachment":"scroll","background-type":"","background-media":"","overlay-type":"","overlay-color":"","overlay-opacity":"","overlay-gradient":""},"mobile":{"background-color":"","background-image":"","background-repeat":"repeat","background-position":"center center","background-size":"auto","background-attachment":"scroll","background-type":"","background-media":"","overlay-type":"","overlay-color":"","overlay-opacity":"","overlay-gradient":""}},"ast-content-background-meta":{"desktop":{"background-color":"var(--ast-global-color-4)","background-image":"","background-repeat":"repeat","background-position":"center center","background-size":"auto","background-attachment":"scroll","background-type":"","background-media":"","overlay-type":"","overlay-color":"","overlay-opacity":"","overlay-gradient":""},"tablet":{"background-color":"var(--ast-global-color-4)","background-image":"","background-repeat":"repeat","background-position":"center center","background-size":"auto","background-attachment":"scroll","background-type":"","background-media":"","overlay-type":"","overlay-color":"","overlay-opacity":"","overlay-gradient":""},"mobile":{"background-color":"var(--ast-global-color-4)","background-image":"","background-repeat":"repeat","background-position":"center center","background-size":"auto","background-attachment":"scroll","background-type":"","background-media":"","overlay-type":"","overlay-color":"","overlay-opacity":"","overlay-gradient":""}},"footnotes":""},"categories":[2,126],"tags":[132,236,157,235],"class_list":["post-1368","post","type-post","status-publish","format-standard","hentry","category-blogi","category-puheeni-valtuustossa","tag-hyvinvointi","tag-onnellinen-kaupunki","tag-talous","tag-talousarvio"],"yoast_head":"<!-- This site is optimized with the Yoast SEO plugin v27.5 - https:\/\/yoast.com\/product\/yoast-seo-wordpress\/ -->\n<title>Vihreiden ryhm\u00e4puhe Oulun kaupungin talousarvioon 2017 - Jenni Pitko - Vihreiden varapuheenjohtaja, ymp\u00e4rist\u00f6valiokunnan puheenjohtaja, kansanedustaja ja arkkitehti Oulusta<\/title>\n<meta name=\"robots\" content=\"index, follow, max-snippet:-1, max-image-preview:large, max-video-preview:-1\" \/>\n<link rel=\"canonical\" href=\"https:\/\/jennipitko.fi\/koti\/vihreiden-ryhmapuhe-oulun-kaupungin-talousarvioon-2017\/\" \/>\n<meta property=\"og:locale\" content=\"fi_FI\" \/>\n<meta property=\"og:type\" content=\"article\" \/>\n<meta property=\"og:title\" content=\"Vihreiden ryhm\u00e4puhe Oulun kaupungin talousarvioon 2017 - Jenni Pitko - Vihreiden varapuheenjohtaja, ymp\u00e4rist\u00f6valiokunnan puheenjohtaja, kansanedustaja ja arkkitehti Oulusta\" \/>\n<meta property=\"og:description\" content=\"Taloutta ja toimintaa suunniteltaessa on hyv\u00e4 pys\u00e4hty\u00e4 pohtimaan, ket\u00e4 varten ja miksi me t\u00e4t\u00e4 teemme. Mik\u00e4 on kunnan teht\u00e4v\u00e4? Kaupunki [&hellip;]\" \/>\n<meta property=\"og:url\" content=\"https:\/\/jennipitko.fi\/koti\/vihreiden-ryhmapuhe-oulun-kaupungin-talousarvioon-2017\/\" \/>\n<meta property=\"og:site_name\" content=\"Jenni Pitko - Vihreiden varapuheenjohtaja, ymp\u00e4rist\u00f6valiokunnan puheenjohtaja, kansanedustaja ja arkkitehti Oulusta\" \/>\n<meta property=\"article:published_time\" content=\"2016-11-28T17:15:34+00:00\" \/>\n<meta property=\"article:modified_time\" content=\"2017-02-19T14:44:25+00:00\" \/>\n<meta name=\"author\" content=\"Jenni\" \/>\n<meta name=\"twitter:card\" content=\"summary_large_image\" \/>\n<meta name=\"twitter:label1\" content=\"Kirjoittanut\" \/>\n\t<meta name=\"twitter:data1\" content=\"Jenni\" \/>\n\t<meta name=\"twitter:label2\" content=\"Arvioitu lukuaika\" \/>\n\t<meta name=\"twitter:data2\" content=\"6 minuuttia\" \/>\n<script type=\"application\/ld+json\" class=\"yoast-schema-graph\">{\"@context\":\"https:\\\/\\\/schema.org\",\"@graph\":[{\"@type\":\"Article\",\"@id\":\"https:\\\/\\\/jennipitko.fi\\\/koti\\\/vihreiden-ryhmapuhe-oulun-kaupungin-talousarvioon-2017\\\/#article\",\"isPartOf\":{\"@id\":\"https:\\\/\\\/jennipitko.fi\\\/koti\\\/vihreiden-ryhmapuhe-oulun-kaupungin-talousarvioon-2017\\\/\"},\"author\":{\"name\":\"Jenni\",\"@id\":\"https:\\\/\\\/jennipitko.fi\\\/koti\\\/#\\\/schema\\\/person\\\/35955c467f851f10124809310e7e7ee8\"},\"headline\":\"Vihreiden ryhm\u00e4puhe Oulun kaupungin talousarvioon 2017\",\"datePublished\":\"2016-11-28T17:15:34+00:00\",\"dateModified\":\"2017-02-19T14:44:25+00:00\",\"mainEntityOfPage\":{\"@id\":\"https:\\\/\\\/jennipitko.fi\\\/koti\\\/vihreiden-ryhmapuhe-oulun-kaupungin-talousarvioon-2017\\\/\"},\"wordCount\":1223,\"publisher\":{\"@id\":\"https:\\\/\\\/jennipitko.fi\\\/koti\\\/#organization\"},\"keywords\":[\"hyvinvointi\",\"onnellinen kaupunki\",\"talous\",\"talousarvio\"],\"articleSection\":[\"Blogi\",\"Puheeni valtuustossa\"],\"inLanguage\":\"fi\"},{\"@type\":\"WebPage\",\"@id\":\"https:\\\/\\\/jennipitko.fi\\\/koti\\\/vihreiden-ryhmapuhe-oulun-kaupungin-talousarvioon-2017\\\/\",\"url\":\"https:\\\/\\\/jennipitko.fi\\\/koti\\\/vihreiden-ryhmapuhe-oulun-kaupungin-talousarvioon-2017\\\/\",\"name\":\"Vihreiden ryhm\u00e4puhe Oulun kaupungin talousarvioon 2017 - Jenni Pitko - Vihreiden varapuheenjohtaja, ymp\u00e4rist\u00f6valiokunnan puheenjohtaja, kansanedustaja ja arkkitehti Oulusta\",\"isPartOf\":{\"@id\":\"https:\\\/\\\/jennipitko.fi\\\/koti\\\/#website\"},\"datePublished\":\"2016-11-28T17:15:34+00:00\",\"dateModified\":\"2017-02-19T14:44:25+00:00\",\"breadcrumb\":{\"@id\":\"https:\\\/\\\/jennipitko.fi\\\/koti\\\/vihreiden-ryhmapuhe-oulun-kaupungin-talousarvioon-2017\\\/#breadcrumb\"},\"inLanguage\":\"fi\",\"potentialAction\":[{\"@type\":\"ReadAction\",\"target\":[\"https:\\\/\\\/jennipitko.fi\\\/koti\\\/vihreiden-ryhmapuhe-oulun-kaupungin-talousarvioon-2017\\\/\"]}]},{\"@type\":\"BreadcrumbList\",\"@id\":\"https:\\\/\\\/jennipitko.fi\\\/koti\\\/vihreiden-ryhmapuhe-oulun-kaupungin-talousarvioon-2017\\\/#breadcrumb\",\"itemListElement\":[{\"@type\":\"ListItem\",\"position\":1,\"name\":\"Home\",\"item\":\"https:\\\/\\\/jennipitko.fi\\\/koti\\\/\"},{\"@type\":\"ListItem\",\"position\":2,\"name\":\"Vihreiden ryhm\u00e4puhe Oulun kaupungin talousarvioon 2017\"}]},{\"@type\":\"WebSite\",\"@id\":\"https:\\\/\\\/jennipitko.fi\\\/koti\\\/#website\",\"url\":\"https:\\\/\\\/jennipitko.fi\\\/koti\\\/\",\"name\":\"Jenni Pitko - Vihreiden varapuheenjohtaja, ymp\u00e4rist\u00f6valiokunnan puheenjohtaja, kansanedustaja ja arkkitehti Oulusta\",\"description\":\"Jenni Pitko - Vihreiden varapuheenjohtaja, ymp\u00e4rist\u00f6valiokunnan puheenjohtaja, kansanedustaja ja arkkitehti Oulusta\",\"publisher\":{\"@id\":\"https:\\\/\\\/jennipitko.fi\\\/koti\\\/#organization\"},\"potentialAction\":[{\"@type\":\"SearchAction\",\"target\":{\"@type\":\"EntryPoint\",\"urlTemplate\":\"https:\\\/\\\/jennipitko.fi\\\/koti\\\/?s={search_term_string}\"},\"query-input\":{\"@type\":\"PropertyValueSpecification\",\"valueRequired\":true,\"valueName\":\"search_term_string\"}}],\"inLanguage\":\"fi\"},{\"@type\":\"Organization\",\"@id\":\"https:\\\/\\\/jennipitko.fi\\\/koti\\\/#organization\",\"name\":\"Jenni Pitko - Vihreiden varapuheenjohtaja, ymp\u00e4rist\u00f6valiokunnan puheenjohtaja, kansanedustaja ja arkkitehti Oulusta\",\"url\":\"https:\\\/\\\/jennipitko.fi\\\/koti\\\/\",\"logo\":{\"@type\":\"ImageObject\",\"inLanguage\":\"fi\",\"@id\":\"https:\\\/\\\/jennipitko.fi\\\/koti\\\/#\\\/schema\\\/logo\\\/image\\\/\",\"url\":\"https:\\\/\\\/jennipitko.fi\\\/koti\\\/wp-content\\\/uploads\\\/2025\\\/09\\\/Nimeton-malli-38.png\",\"contentUrl\":\"https:\\\/\\\/jennipitko.fi\\\/koti\\\/wp-content\\\/uploads\\\/2025\\\/09\\\/Nimeton-malli-38.png\",\"width\":1280,\"height\":847,\"caption\":\"Jenni Pitko - Vihreiden varapuheenjohtaja, ymp\u00e4rist\u00f6valiokunnan puheenjohtaja, kansanedustaja ja arkkitehti Oulusta\"},\"image\":{\"@id\":\"https:\\\/\\\/jennipitko.fi\\\/koti\\\/#\\\/schema\\\/logo\\\/image\\\/\"}},{\"@type\":\"Person\",\"@id\":\"https:\\\/\\\/jennipitko.fi\\\/koti\\\/#\\\/schema\\\/person\\\/35955c467f851f10124809310e7e7ee8\",\"name\":\"Jenni\",\"image\":{\"@type\":\"ImageObject\",\"inLanguage\":\"fi\",\"@id\":\"https:\\\/\\\/secure.gravatar.com\\\/avatar\\\/625a0e6413b293da7739d42617828d564a4d6028aec3f45d8939a2ba1617199f?s=96&d=blank&r=g\",\"url\":\"https:\\\/\\\/secure.gravatar.com\\\/avatar\\\/625a0e6413b293da7739d42617828d564a4d6028aec3f45d8939a2ba1617199f?s=96&d=blank&r=g\",\"contentUrl\":\"https:\\\/\\\/secure.gravatar.com\\\/avatar\\\/625a0e6413b293da7739d42617828d564a4d6028aec3f45d8939a2ba1617199f?s=96&d=blank&r=g\",\"caption\":\"Jenni\"},\"url\":\"https:\\\/\\\/jennipitko.fi\\\/koti\\\/author\\\/jenni\\\/\"}]}<\/script>\n<!-- \/ Yoast SEO plugin. -->","yoast_head_json":{"title":"Vihreiden ryhm\u00e4puhe Oulun kaupungin talousarvioon 2017 - Jenni Pitko - Vihreiden varapuheenjohtaja, ymp\u00e4rist\u00f6valiokunnan puheenjohtaja, kansanedustaja ja arkkitehti Oulusta","robots":{"index":"index","follow":"follow","max-snippet":"max-snippet:-1","max-image-preview":"max-image-preview:large","max-video-preview":"max-video-preview:-1"},"canonical":"https:\/\/jennipitko.fi\/koti\/vihreiden-ryhmapuhe-oulun-kaupungin-talousarvioon-2017\/","og_locale":"fi_FI","og_type":"article","og_title":"Vihreiden ryhm\u00e4puhe Oulun kaupungin talousarvioon 2017 - Jenni Pitko - Vihreiden varapuheenjohtaja, ymp\u00e4rist\u00f6valiokunnan puheenjohtaja, kansanedustaja ja arkkitehti Oulusta","og_description":"Taloutta ja toimintaa suunniteltaessa on hyv\u00e4 pys\u00e4hty\u00e4 pohtimaan, ket\u00e4 varten ja miksi me t\u00e4t\u00e4 teemme. Mik\u00e4 on kunnan teht\u00e4v\u00e4? Kaupunki [&hellip;]","og_url":"https:\/\/jennipitko.fi\/koti\/vihreiden-ryhmapuhe-oulun-kaupungin-talousarvioon-2017\/","og_site_name":"Jenni Pitko - Vihreiden varapuheenjohtaja, ymp\u00e4rist\u00f6valiokunnan puheenjohtaja, kansanedustaja ja arkkitehti Oulusta","article_published_time":"2016-11-28T17:15:34+00:00","article_modified_time":"2017-02-19T14:44:25+00:00","author":"Jenni","twitter_card":"summary_large_image","twitter_misc":{"Kirjoittanut":"Jenni","Arvioitu lukuaika":"6 minuuttia"},"schema":{"@context":"https:\/\/schema.org","@graph":[{"@type":"Article","@id":"https:\/\/jennipitko.fi\/koti\/vihreiden-ryhmapuhe-oulun-kaupungin-talousarvioon-2017\/#article","isPartOf":{"@id":"https:\/\/jennipitko.fi\/koti\/vihreiden-ryhmapuhe-oulun-kaupungin-talousarvioon-2017\/"},"author":{"name":"Jenni","@id":"https:\/\/jennipitko.fi\/koti\/#\/schema\/person\/35955c467f851f10124809310e7e7ee8"},"headline":"Vihreiden ryhm\u00e4puhe Oulun kaupungin talousarvioon 2017","datePublished":"2016-11-28T17:15:34+00:00","dateModified":"2017-02-19T14:44:25+00:00","mainEntityOfPage":{"@id":"https:\/\/jennipitko.fi\/koti\/vihreiden-ryhmapuhe-oulun-kaupungin-talousarvioon-2017\/"},"wordCount":1223,"publisher":{"@id":"https:\/\/jennipitko.fi\/koti\/#organization"},"keywords":["hyvinvointi","onnellinen kaupunki","talous","talousarvio"],"articleSection":["Blogi","Puheeni valtuustossa"],"inLanguage":"fi"},{"@type":"WebPage","@id":"https:\/\/jennipitko.fi\/koti\/vihreiden-ryhmapuhe-oulun-kaupungin-talousarvioon-2017\/","url":"https:\/\/jennipitko.fi\/koti\/vihreiden-ryhmapuhe-oulun-kaupungin-talousarvioon-2017\/","name":"Vihreiden ryhm\u00e4puhe Oulun kaupungin talousarvioon 2017 - Jenni Pitko - Vihreiden varapuheenjohtaja, ymp\u00e4rist\u00f6valiokunnan puheenjohtaja, kansanedustaja ja arkkitehti Oulusta","isPartOf":{"@id":"https:\/\/jennipitko.fi\/koti\/#website"},"datePublished":"2016-11-28T17:15:34+00:00","dateModified":"2017-02-19T14:44:25+00:00","breadcrumb":{"@id":"https:\/\/jennipitko.fi\/koti\/vihreiden-ryhmapuhe-oulun-kaupungin-talousarvioon-2017\/#breadcrumb"},"inLanguage":"fi","potentialAction":[{"@type":"ReadAction","target":["https:\/\/jennipitko.fi\/koti\/vihreiden-ryhmapuhe-oulun-kaupungin-talousarvioon-2017\/"]}]},{"@type":"BreadcrumbList","@id":"https:\/\/jennipitko.fi\/koti\/vihreiden-ryhmapuhe-oulun-kaupungin-talousarvioon-2017\/#breadcrumb","itemListElement":[{"@type":"ListItem","position":1,"name":"Home","item":"https:\/\/jennipitko.fi\/koti\/"},{"@type":"ListItem","position":2,"name":"Vihreiden ryhm\u00e4puhe Oulun kaupungin talousarvioon 2017"}]},{"@type":"WebSite","@id":"https:\/\/jennipitko.fi\/koti\/#website","url":"https:\/\/jennipitko.fi\/koti\/","name":"Jenni Pitko - Vihreiden varapuheenjohtaja, ymp\u00e4rist\u00f6valiokunnan puheenjohtaja, kansanedustaja ja arkkitehti Oulusta","description":"Jenni Pitko - Vihreiden varapuheenjohtaja, ymp\u00e4rist\u00f6valiokunnan puheenjohtaja, kansanedustaja ja arkkitehti Oulusta","publisher":{"@id":"https:\/\/jennipitko.fi\/koti\/#organization"},"potentialAction":[{"@type":"SearchAction","target":{"@type":"EntryPoint","urlTemplate":"https:\/\/jennipitko.fi\/koti\/?s={search_term_string}"},"query-input":{"@type":"PropertyValueSpecification","valueRequired":true,"valueName":"search_term_string"}}],"inLanguage":"fi"},{"@type":"Organization","@id":"https:\/\/jennipitko.fi\/koti\/#organization","name":"Jenni Pitko - Vihreiden varapuheenjohtaja, ymp\u00e4rist\u00f6valiokunnan puheenjohtaja, kansanedustaja ja arkkitehti Oulusta","url":"https:\/\/jennipitko.fi\/koti\/","logo":{"@type":"ImageObject","inLanguage":"fi","@id":"https:\/\/jennipitko.fi\/koti\/#\/schema\/logo\/image\/","url":"https:\/\/jennipitko.fi\/koti\/wp-content\/uploads\/2025\/09\/Nimeton-malli-38.png","contentUrl":"https:\/\/jennipitko.fi\/koti\/wp-content\/uploads\/2025\/09\/Nimeton-malli-38.png","width":1280,"height":847,"caption":"Jenni Pitko - Vihreiden varapuheenjohtaja, ymp\u00e4rist\u00f6valiokunnan puheenjohtaja, kansanedustaja ja arkkitehti Oulusta"},"image":{"@id":"https:\/\/jennipitko.fi\/koti\/#\/schema\/logo\/image\/"}},{"@type":"Person","@id":"https:\/\/jennipitko.fi\/koti\/#\/schema\/person\/35955c467f851f10124809310e7e7ee8","name":"Jenni","image":{"@type":"ImageObject","inLanguage":"fi","@id":"https:\/\/secure.gravatar.com\/avatar\/625a0e6413b293da7739d42617828d564a4d6028aec3f45d8939a2ba1617199f?s=96&d=blank&r=g","url":"https:\/\/secure.gravatar.com\/avatar\/625a0e6413b293da7739d42617828d564a4d6028aec3f45d8939a2ba1617199f?s=96&d=blank&r=g","contentUrl":"https:\/\/secure.gravatar.com\/avatar\/625a0e6413b293da7739d42617828d564a4d6028aec3f45d8939a2ba1617199f?s=96&d=blank&r=g","caption":"Jenni"},"url":"https:\/\/jennipitko.fi\/koti\/author\/jenni\/"}]}},"_links":{"self":[{"href":"https:\/\/jennipitko.fi\/koti\/wp-json\/wp\/v2\/posts\/1368","targetHints":{"allow":["GET"]}}],"collection":[{"href":"https:\/\/jennipitko.fi\/koti\/wp-json\/wp\/v2\/posts"}],"about":[{"href":"https:\/\/jennipitko.fi\/koti\/wp-json\/wp\/v2\/types\/post"}],"author":[{"embeddable":true,"href":"https:\/\/jennipitko.fi\/koti\/wp-json\/wp\/v2\/users\/1"}],"replies":[{"embeddable":true,"href":"https:\/\/jennipitko.fi\/koti\/wp-json\/wp\/v2\/comments?post=1368"}],"version-history":[{"count":1,"href":"https:\/\/jennipitko.fi\/koti\/wp-json\/wp\/v2\/posts\/1368\/revisions"}],"predecessor-version":[{"id":1482,"href":"https:\/\/jennipitko.fi\/koti\/wp-json\/wp\/v2\/posts\/1368\/revisions\/1482"}],"wp:attachment":[{"href":"https:\/\/jennipitko.fi\/koti\/wp-json\/wp\/v2\/media?parent=1368"}],"wp:term":[{"taxonomy":"category","embeddable":true,"href":"https:\/\/jennipitko.fi\/koti\/wp-json\/wp\/v2\/categories?post=1368"},{"taxonomy":"post_tag","embeddable":true,"href":"https:\/\/jennipitko.fi\/koti\/wp-json\/wp\/v2\/tags?post=1368"}],"curies":[{"name":"wp","href":"https:\/\/api.w.org\/{rel}","templated":true}]}}