{"id":1371,"date":"2016-12-12T20:10:04","date_gmt":"2016-12-12T17:10:04","guid":{"rendered":"http:\/\/jennipitko.fi\/koti\/?p=1371"},"modified":"2016-12-12T20:10:04","modified_gmt":"2016-12-12T17:10:04","slug":"hietasaarta-kehitettava-sen-vahvuuksista-kasin-huvipuisto-ei-kuulu-luonnon-keskelle","status":"publish","type":"post","link":"https:\/\/jennipitko.fi\/koti\/hietasaarta-kehitettava-sen-vahvuuksista-kasin-huvipuisto-ei-kuulu-luonnon-keskelle\/","title":{"rendered":"Hietasaarta kehitett\u00e4v\u00e4 sen vahvuuksista k\u00e4sin. Huvipuisto ei kuulu luonnon keskelle."},"content":{"rendered":"<p>Valtuusto p\u00e4\u00e4tt\u00e4\u00e4 t\u00e4n\u00e4\u00e4n 12.12. Hietasaaren huvipuistokaavaasta. T\u00e4t\u00e4 kiistanalaista hanketta on viety eteenp\u00e4in vuosia vaikka sill\u00e4 ei ole saaren asujien ja k\u00e4ytt\u00e4jien tukea!&nbsp;<\/p>\n<p>Huvipuistohankkeella ei ole hietasaarelaisten, hietasaaren k\u00e4ytt\u00e4jien eik\u00e4 siell\u00e4 toimivien yhteis\u00f6jen tukea. Kaupunkilaiset on usein kyselyvastauksin, adressien ja kampanjoiden, julkaisuin ja taphtumin n\u00e4ytt\u00e4neet, ett\u00e4 huvipuisto ei kuulu Hietasaareen.&nbsp;<\/p>\n<p>Meille keskustassa asuville kaupunkilaisille Hietasaari on henkireik\u00e4. T\u00e4ss\u00e4 l\u00e4hist\u00f6ll\u00e4 ei ole samanlaisia luonnontilaisia paikkoja, joissa mielt\u00e4 voi lepuuttaa ja hetkisen arjen keskell\u00e4 rauhoittua. Jos Hietasaaren valtaa huvipuisto ja sen mukana tuleva autoliikenne, on t\u00e4m\u00e4 paikka menetetty.&nbsp;<\/p>\n<p>Hietasaarta tulisi kehitt\u00e4\u00e4 sen vahvuuksista l\u00e4htien. Luonnonl\u00e4heisyys, rauhallisuus, kiireett\u00f6myys, kauneus, herkkyys, yhdess\u00e4 tekeminen, taide ja kulttuuri, sen kulttuurihistoria ja ihmiset. Niist\u00e4  voisi ammentaa jotain aivan ainutlaatuisen ihanaa, jos sen arvo n\u00e4ht\u00e4isiin.&nbsp;<br \/>\nHuvipuistolle kyll\u00e4 l\u00f6ytyy paikka muualtakin. Minun mieless\u00e4ni oikea paikka olisi radanvarsi, jossa huvipuisto sulautuisi kaupungin siluettiin ja toivottaisi kaupunkiin saapuvat matkailijat iloisesti tervetulleiksi.&nbsp;<\/p>\n<p>Hietasaareen huvipuisto ei kertakaikkiaan mill\u00e4\u00e4n tavalla sovi. Liikenteellisesti paikka on oikea pussinper\u00e4. Parkkipaikkoja tarvitaan todella paljon, n\u00e4iden parkkipaikkojen vuoksi joutuvat niin luonto kuin palstaviljelij\u00e4t v\u00e4istym\u00e4\u00e4n.&nbsp;<br \/>\nLuonnonymp\u00e4rist\u00f6ss\u00e4 \u00e4\u00e4nimaisema on merkityksellinen osa luonnetta. Huvipuistolaitteiden \u00e4\u00e4net, ihmisten \u00e4\u00e4net ja liikenteen \u00e4\u00e4net. Ne tulevat muuttamaan aivan varmasti Hietasaaren luonnetta.&nbsp;<br \/>\nNyt olisi aika rohkeasti hyv\u00e4ksy\u00e4 Nallikaari-kaava ilman huvipuistoa ja etsi\u00e4 sille toiminnolle parempi paikka.<\/p>\n","protected":false},"excerpt":{"rendered":"<p>Valtuusto p\u00e4\u00e4tt\u00e4\u00e4 t\u00e4n\u00e4\u00e4n 12.12. Hietasaaren huvipuistokaavaasta. T\u00e4t\u00e4 kiistanalaista hanketta on viety eteenp\u00e4in vuosia vaikka sill\u00e4 ei ole saaren asujien ja [&hellip;]<\/p>\n","protected":false},"author":1,"featured_media":0,"comment_status":"closed","ping_status":"closed","sticky":false,"template":"","format":"standard","meta":{"_monsterinsights_skip_tracking":false,"_monsterinsights_sitenote_active":false,"_monsterinsights_sitenote_note":"","_monsterinsights_sitenote_category":0,"site-sidebar-layout":"default","site-content-layout":"","ast-site-content-layout":"default","site-content-style":"default","site-sidebar-style":"default","ast-global-header-display":"","ast-banner-title-visibility":"","ast-main-header-display":"","ast-hfb-above-header-display":"","ast-hfb-below-header-display":"","ast-hfb-mobile-header-display":"","site-post-title":"","ast-breadcrumbs-content":"","ast-featured-img":"","footer-sml-layout":"","ast-disable-related-posts":"","theme-transparent-header-meta":"","adv-header-id-meta":"","stick-header-meta":"","header-above-stick-meta":"","header-main-stick-meta":"","header-below-stick-meta":"","astra-migrate-meta-layouts":"default","ast-page-background-enabled":"default","ast-page-background-meta":{"desktop":{"background-color":"var(--ast-global-color-5)","background-image":"","background-repeat":"repeat","background-position":"center center","background-size":"auto","background-attachment":"scroll","background-type":"","background-media":"","overlay-type":"","overlay-color":"","overlay-opacity":"","overlay-gradient":""},"tablet":{"background-color":"","background-image":"","background-repeat":"repeat","background-position":"center center","background-size":"auto","background-attachment":"scroll","background-type":"","background-media":"","overlay-type":"","overlay-color":"","overlay-opacity":"","overlay-gradient":""},"mobile":{"background-color":"","background-image":"","background-repeat":"repeat","background-position":"center center","background-size":"auto","background-attachment":"scroll","background-type":"","background-media":"","overlay-type":"","overlay-color":"","overlay-opacity":"","overlay-gradient":""}},"ast-content-background-meta":{"desktop":{"background-color":"var(--ast-global-color-4)","background-image":"","background-repeat":"repeat","background-position":"center center","background-size":"auto","background-attachment":"scroll","background-type":"","background-media":"","overlay-type":"","overlay-color":"","overlay-opacity":"","overlay-gradient":""},"tablet":{"background-color":"var(--ast-global-color-4)","background-image":"","background-repeat":"repeat","background-position":"center center","background-size":"auto","background-attachment":"scroll","background-type":"","background-media":"","overlay-type":"","overlay-color":"","overlay-opacity":"","overlay-gradient":""},"mobile":{"background-color":"var(--ast-global-color-4)","background-image":"","background-repeat":"repeat","background-position":"center center","background-size":"auto","background-attachment":"scroll","background-type":"","background-media":"","overlay-type":"","overlay-color":"","overlay-opacity":"","overlay-gradient":""}},"footnotes":""},"categories":[1],"tags":[],"class_list":["post-1371","post","type-post","status-publish","format-standard","hentry","category-uncategorized"],"yoast_head":"<!-- This site is optimized with the Yoast SEO plugin v27.5 - https:\/\/yoast.com\/product\/yoast-seo-wordpress\/ -->\n<title>Hietasaarta kehitett\u00e4v\u00e4 sen vahvuuksista k\u00e4sin. Huvipuisto ei kuulu luonnon keskelle. - Jenni Pitko - Vihreiden varapuheenjohtaja, ymp\u00e4rist\u00f6valiokunnan puheenjohtaja, kansanedustaja ja arkkitehti Oulusta<\/title>\n<meta name=\"robots\" content=\"index, follow, max-snippet:-1, max-image-preview:large, max-video-preview:-1\" \/>\n<link rel=\"canonical\" href=\"https:\/\/jennipitko.fi\/koti\/hietasaarta-kehitettava-sen-vahvuuksista-kasin-huvipuisto-ei-kuulu-luonnon-keskelle\/\" \/>\n<meta property=\"og:locale\" content=\"fi_FI\" \/>\n<meta property=\"og:type\" content=\"article\" \/>\n<meta property=\"og:title\" content=\"Hietasaarta kehitett\u00e4v\u00e4 sen vahvuuksista k\u00e4sin. Huvipuisto ei kuulu luonnon keskelle. - Jenni Pitko - Vihreiden varapuheenjohtaja, ymp\u00e4rist\u00f6valiokunnan puheenjohtaja, kansanedustaja ja arkkitehti Oulusta\" \/>\n<meta property=\"og:description\" content=\"Valtuusto p\u00e4\u00e4tt\u00e4\u00e4 t\u00e4n\u00e4\u00e4n 12.12. Hietasaaren huvipuistokaavaasta. T\u00e4t\u00e4 kiistanalaista hanketta on viety eteenp\u00e4in vuosia vaikka sill\u00e4 ei ole saaren asujien ja [&hellip;]\" \/>\n<meta property=\"og:url\" content=\"https:\/\/jennipitko.fi\/koti\/hietasaarta-kehitettava-sen-vahvuuksista-kasin-huvipuisto-ei-kuulu-luonnon-keskelle\/\" \/>\n<meta property=\"og:site_name\" content=\"Jenni Pitko - Vihreiden varapuheenjohtaja, ymp\u00e4rist\u00f6valiokunnan puheenjohtaja, kansanedustaja ja arkkitehti Oulusta\" \/>\n<meta property=\"article:published_time\" content=\"2016-12-12T17:10:04+00:00\" \/>\n<meta name=\"author\" content=\"Jenni\" \/>\n<meta name=\"twitter:card\" content=\"summary_large_image\" \/>\n<meta name=\"twitter:label1\" content=\"Kirjoittanut\" \/>\n\t<meta name=\"twitter:data1\" content=\"Jenni\" \/>\n\t<meta name=\"twitter:label2\" content=\"Arvioitu lukuaika\" \/>\n\t<meta name=\"twitter:data2\" content=\"1 minuutti\" \/>\n<script type=\"application\/ld+json\" class=\"yoast-schema-graph\">{\"@context\":\"https:\\\/\\\/schema.org\",\"@graph\":[{\"@type\":\"Article\",\"@id\":\"https:\\\/\\\/jennipitko.fi\\\/koti\\\/hietasaarta-kehitettava-sen-vahvuuksista-kasin-huvipuisto-ei-kuulu-luonnon-keskelle\\\/#article\",\"isPartOf\":{\"@id\":\"https:\\\/\\\/jennipitko.fi\\\/koti\\\/hietasaarta-kehitettava-sen-vahvuuksista-kasin-huvipuisto-ei-kuulu-luonnon-keskelle\\\/\"},\"author\":{\"name\":\"Jenni\",\"@id\":\"https:\\\/\\\/jennipitko.fi\\\/koti\\\/#\\\/schema\\\/person\\\/35955c467f851f10124809310e7e7ee8\"},\"headline\":\"Hietasaarta kehitett\u00e4v\u00e4 sen vahvuuksista k\u00e4sin. Huvipuisto ei kuulu luonnon keskelle.\",\"datePublished\":\"2016-12-12T17:10:04+00:00\",\"mainEntityOfPage\":{\"@id\":\"https:\\\/\\\/jennipitko.fi\\\/koti\\\/hietasaarta-kehitettava-sen-vahvuuksista-kasin-huvipuisto-ei-kuulu-luonnon-keskelle\\\/\"},\"wordCount\":247,\"publisher\":{\"@id\":\"https:\\\/\\\/jennipitko.fi\\\/koti\\\/#organization\"},\"articleSection\":[\"Uncategorized\"],\"inLanguage\":\"fi\"},{\"@type\":\"WebPage\",\"@id\":\"https:\\\/\\\/jennipitko.fi\\\/koti\\\/hietasaarta-kehitettava-sen-vahvuuksista-kasin-huvipuisto-ei-kuulu-luonnon-keskelle\\\/\",\"url\":\"https:\\\/\\\/jennipitko.fi\\\/koti\\\/hietasaarta-kehitettava-sen-vahvuuksista-kasin-huvipuisto-ei-kuulu-luonnon-keskelle\\\/\",\"name\":\"Hietasaarta kehitett\u00e4v\u00e4 sen vahvuuksista k\u00e4sin. Huvipuisto ei kuulu luonnon keskelle. - Jenni Pitko - Vihreiden varapuheenjohtaja, ymp\u00e4rist\u00f6valiokunnan puheenjohtaja, kansanedustaja ja arkkitehti Oulusta\",\"isPartOf\":{\"@id\":\"https:\\\/\\\/jennipitko.fi\\\/koti\\\/#website\"},\"datePublished\":\"2016-12-12T17:10:04+00:00\",\"breadcrumb\":{\"@id\":\"https:\\\/\\\/jennipitko.fi\\\/koti\\\/hietasaarta-kehitettava-sen-vahvuuksista-kasin-huvipuisto-ei-kuulu-luonnon-keskelle\\\/#breadcrumb\"},\"inLanguage\":\"fi\",\"potentialAction\":[{\"@type\":\"ReadAction\",\"target\":[\"https:\\\/\\\/jennipitko.fi\\\/koti\\\/hietasaarta-kehitettava-sen-vahvuuksista-kasin-huvipuisto-ei-kuulu-luonnon-keskelle\\\/\"]}]},{\"@type\":\"BreadcrumbList\",\"@id\":\"https:\\\/\\\/jennipitko.fi\\\/koti\\\/hietasaarta-kehitettava-sen-vahvuuksista-kasin-huvipuisto-ei-kuulu-luonnon-keskelle\\\/#breadcrumb\",\"itemListElement\":[{\"@type\":\"ListItem\",\"position\":1,\"name\":\"Home\",\"item\":\"https:\\\/\\\/jennipitko.fi\\\/koti\\\/\"},{\"@type\":\"ListItem\",\"position\":2,\"name\":\"Hietasaarta kehitett\u00e4v\u00e4 sen vahvuuksista k\u00e4sin. Huvipuisto ei kuulu luonnon keskelle.\"}]},{\"@type\":\"WebSite\",\"@id\":\"https:\\\/\\\/jennipitko.fi\\\/koti\\\/#website\",\"url\":\"https:\\\/\\\/jennipitko.fi\\\/koti\\\/\",\"name\":\"Jenni Pitko - Vihreiden varapuheenjohtaja, ymp\u00e4rist\u00f6valiokunnan puheenjohtaja, kansanedustaja ja arkkitehti Oulusta\",\"description\":\"Jenni Pitko - Vihreiden varapuheenjohtaja, ymp\u00e4rist\u00f6valiokunnan puheenjohtaja, kansanedustaja ja arkkitehti Oulusta\",\"publisher\":{\"@id\":\"https:\\\/\\\/jennipitko.fi\\\/koti\\\/#organization\"},\"potentialAction\":[{\"@type\":\"SearchAction\",\"target\":{\"@type\":\"EntryPoint\",\"urlTemplate\":\"https:\\\/\\\/jennipitko.fi\\\/koti\\\/?s={search_term_string}\"},\"query-input\":{\"@type\":\"PropertyValueSpecification\",\"valueRequired\":true,\"valueName\":\"search_term_string\"}}],\"inLanguage\":\"fi\"},{\"@type\":\"Organization\",\"@id\":\"https:\\\/\\\/jennipitko.fi\\\/koti\\\/#organization\",\"name\":\"Jenni Pitko - Vihreiden varapuheenjohtaja, ymp\u00e4rist\u00f6valiokunnan puheenjohtaja, kansanedustaja ja arkkitehti Oulusta\",\"url\":\"https:\\\/\\\/jennipitko.fi\\\/koti\\\/\",\"logo\":{\"@type\":\"ImageObject\",\"inLanguage\":\"fi\",\"@id\":\"https:\\\/\\\/jennipitko.fi\\\/koti\\\/#\\\/schema\\\/logo\\\/image\\\/\",\"url\":\"https:\\\/\\\/jennipitko.fi\\\/koti\\\/wp-content\\\/uploads\\\/2025\\\/09\\\/Nimeton-malli-38.png\",\"contentUrl\":\"https:\\\/\\\/jennipitko.fi\\\/koti\\\/wp-content\\\/uploads\\\/2025\\\/09\\\/Nimeton-malli-38.png\",\"width\":1280,\"height\":847,\"caption\":\"Jenni Pitko - Vihreiden varapuheenjohtaja, ymp\u00e4rist\u00f6valiokunnan puheenjohtaja, kansanedustaja ja arkkitehti Oulusta\"},\"image\":{\"@id\":\"https:\\\/\\\/jennipitko.fi\\\/koti\\\/#\\\/schema\\\/logo\\\/image\\\/\"}},{\"@type\":\"Person\",\"@id\":\"https:\\\/\\\/jennipitko.fi\\\/koti\\\/#\\\/schema\\\/person\\\/35955c467f851f10124809310e7e7ee8\",\"name\":\"Jenni\",\"image\":{\"@type\":\"ImageObject\",\"inLanguage\":\"fi\",\"@id\":\"https:\\\/\\\/secure.gravatar.com\\\/avatar\\\/625a0e6413b293da7739d42617828d564a4d6028aec3f45d8939a2ba1617199f?s=96&d=blank&r=g\",\"url\":\"https:\\\/\\\/secure.gravatar.com\\\/avatar\\\/625a0e6413b293da7739d42617828d564a4d6028aec3f45d8939a2ba1617199f?s=96&d=blank&r=g\",\"contentUrl\":\"https:\\\/\\\/secure.gravatar.com\\\/avatar\\\/625a0e6413b293da7739d42617828d564a4d6028aec3f45d8939a2ba1617199f?s=96&d=blank&r=g\",\"caption\":\"Jenni\"},\"url\":\"https:\\\/\\\/jennipitko.fi\\\/koti\\\/author\\\/jenni\\\/\"}]}<\/script>\n<!-- \/ Yoast SEO plugin. -->","yoast_head_json":{"title":"Hietasaarta kehitett\u00e4v\u00e4 sen vahvuuksista k\u00e4sin. Huvipuisto ei kuulu luonnon keskelle. - Jenni Pitko - Vihreiden varapuheenjohtaja, ymp\u00e4rist\u00f6valiokunnan puheenjohtaja, kansanedustaja ja arkkitehti Oulusta","robots":{"index":"index","follow":"follow","max-snippet":"max-snippet:-1","max-image-preview":"max-image-preview:large","max-video-preview":"max-video-preview:-1"},"canonical":"https:\/\/jennipitko.fi\/koti\/hietasaarta-kehitettava-sen-vahvuuksista-kasin-huvipuisto-ei-kuulu-luonnon-keskelle\/","og_locale":"fi_FI","og_type":"article","og_title":"Hietasaarta kehitett\u00e4v\u00e4 sen vahvuuksista k\u00e4sin. Huvipuisto ei kuulu luonnon keskelle. - Jenni Pitko - Vihreiden varapuheenjohtaja, ymp\u00e4rist\u00f6valiokunnan puheenjohtaja, kansanedustaja ja arkkitehti Oulusta","og_description":"Valtuusto p\u00e4\u00e4tt\u00e4\u00e4 t\u00e4n\u00e4\u00e4n 12.12. Hietasaaren huvipuistokaavaasta. T\u00e4t\u00e4 kiistanalaista hanketta on viety eteenp\u00e4in vuosia vaikka sill\u00e4 ei ole saaren asujien ja [&hellip;]","og_url":"https:\/\/jennipitko.fi\/koti\/hietasaarta-kehitettava-sen-vahvuuksista-kasin-huvipuisto-ei-kuulu-luonnon-keskelle\/","og_site_name":"Jenni Pitko - Vihreiden varapuheenjohtaja, ymp\u00e4rist\u00f6valiokunnan puheenjohtaja, kansanedustaja ja arkkitehti Oulusta","article_published_time":"2016-12-12T17:10:04+00:00","author":"Jenni","twitter_card":"summary_large_image","twitter_misc":{"Kirjoittanut":"Jenni","Arvioitu lukuaika":"1 minuutti"},"schema":{"@context":"https:\/\/schema.org","@graph":[{"@type":"Article","@id":"https:\/\/jennipitko.fi\/koti\/hietasaarta-kehitettava-sen-vahvuuksista-kasin-huvipuisto-ei-kuulu-luonnon-keskelle\/#article","isPartOf":{"@id":"https:\/\/jennipitko.fi\/koti\/hietasaarta-kehitettava-sen-vahvuuksista-kasin-huvipuisto-ei-kuulu-luonnon-keskelle\/"},"author":{"name":"Jenni","@id":"https:\/\/jennipitko.fi\/koti\/#\/schema\/person\/35955c467f851f10124809310e7e7ee8"},"headline":"Hietasaarta kehitett\u00e4v\u00e4 sen vahvuuksista k\u00e4sin. Huvipuisto ei kuulu luonnon keskelle.","datePublished":"2016-12-12T17:10:04+00:00","mainEntityOfPage":{"@id":"https:\/\/jennipitko.fi\/koti\/hietasaarta-kehitettava-sen-vahvuuksista-kasin-huvipuisto-ei-kuulu-luonnon-keskelle\/"},"wordCount":247,"publisher":{"@id":"https:\/\/jennipitko.fi\/koti\/#organization"},"articleSection":["Uncategorized"],"inLanguage":"fi"},{"@type":"WebPage","@id":"https:\/\/jennipitko.fi\/koti\/hietasaarta-kehitettava-sen-vahvuuksista-kasin-huvipuisto-ei-kuulu-luonnon-keskelle\/","url":"https:\/\/jennipitko.fi\/koti\/hietasaarta-kehitettava-sen-vahvuuksista-kasin-huvipuisto-ei-kuulu-luonnon-keskelle\/","name":"Hietasaarta kehitett\u00e4v\u00e4 sen vahvuuksista k\u00e4sin. Huvipuisto ei kuulu luonnon keskelle. - Jenni Pitko - Vihreiden varapuheenjohtaja, ymp\u00e4rist\u00f6valiokunnan puheenjohtaja, kansanedustaja ja arkkitehti Oulusta","isPartOf":{"@id":"https:\/\/jennipitko.fi\/koti\/#website"},"datePublished":"2016-12-12T17:10:04+00:00","breadcrumb":{"@id":"https:\/\/jennipitko.fi\/koti\/hietasaarta-kehitettava-sen-vahvuuksista-kasin-huvipuisto-ei-kuulu-luonnon-keskelle\/#breadcrumb"},"inLanguage":"fi","potentialAction":[{"@type":"ReadAction","target":["https:\/\/jennipitko.fi\/koti\/hietasaarta-kehitettava-sen-vahvuuksista-kasin-huvipuisto-ei-kuulu-luonnon-keskelle\/"]}]},{"@type":"BreadcrumbList","@id":"https:\/\/jennipitko.fi\/koti\/hietasaarta-kehitettava-sen-vahvuuksista-kasin-huvipuisto-ei-kuulu-luonnon-keskelle\/#breadcrumb","itemListElement":[{"@type":"ListItem","position":1,"name":"Home","item":"https:\/\/jennipitko.fi\/koti\/"},{"@type":"ListItem","position":2,"name":"Hietasaarta kehitett\u00e4v\u00e4 sen vahvuuksista k\u00e4sin. Huvipuisto ei kuulu luonnon keskelle."}]},{"@type":"WebSite","@id":"https:\/\/jennipitko.fi\/koti\/#website","url":"https:\/\/jennipitko.fi\/koti\/","name":"Jenni Pitko - Vihreiden varapuheenjohtaja, ymp\u00e4rist\u00f6valiokunnan puheenjohtaja, kansanedustaja ja arkkitehti Oulusta","description":"Jenni Pitko - Vihreiden varapuheenjohtaja, ymp\u00e4rist\u00f6valiokunnan puheenjohtaja, kansanedustaja ja arkkitehti Oulusta","publisher":{"@id":"https:\/\/jennipitko.fi\/koti\/#organization"},"potentialAction":[{"@type":"SearchAction","target":{"@type":"EntryPoint","urlTemplate":"https:\/\/jennipitko.fi\/koti\/?s={search_term_string}"},"query-input":{"@type":"PropertyValueSpecification","valueRequired":true,"valueName":"search_term_string"}}],"inLanguage":"fi"},{"@type":"Organization","@id":"https:\/\/jennipitko.fi\/koti\/#organization","name":"Jenni Pitko - Vihreiden varapuheenjohtaja, ymp\u00e4rist\u00f6valiokunnan puheenjohtaja, kansanedustaja ja arkkitehti Oulusta","url":"https:\/\/jennipitko.fi\/koti\/","logo":{"@type":"ImageObject","inLanguage":"fi","@id":"https:\/\/jennipitko.fi\/koti\/#\/schema\/logo\/image\/","url":"https:\/\/jennipitko.fi\/koti\/wp-content\/uploads\/2025\/09\/Nimeton-malli-38.png","contentUrl":"https:\/\/jennipitko.fi\/koti\/wp-content\/uploads\/2025\/09\/Nimeton-malli-38.png","width":1280,"height":847,"caption":"Jenni Pitko - Vihreiden varapuheenjohtaja, ymp\u00e4rist\u00f6valiokunnan puheenjohtaja, kansanedustaja ja arkkitehti Oulusta"},"image":{"@id":"https:\/\/jennipitko.fi\/koti\/#\/schema\/logo\/image\/"}},{"@type":"Person","@id":"https:\/\/jennipitko.fi\/koti\/#\/schema\/person\/35955c467f851f10124809310e7e7ee8","name":"Jenni","image":{"@type":"ImageObject","inLanguage":"fi","@id":"https:\/\/secure.gravatar.com\/avatar\/625a0e6413b293da7739d42617828d564a4d6028aec3f45d8939a2ba1617199f?s=96&d=blank&r=g","url":"https:\/\/secure.gravatar.com\/avatar\/625a0e6413b293da7739d42617828d564a4d6028aec3f45d8939a2ba1617199f?s=96&d=blank&r=g","contentUrl":"https:\/\/secure.gravatar.com\/avatar\/625a0e6413b293da7739d42617828d564a4d6028aec3f45d8939a2ba1617199f?s=96&d=blank&r=g","caption":"Jenni"},"url":"https:\/\/jennipitko.fi\/koti\/author\/jenni\/"}]}},"_links":{"self":[{"href":"https:\/\/jennipitko.fi\/koti\/wp-json\/wp\/v2\/posts\/1371","targetHints":{"allow":["GET"]}}],"collection":[{"href":"https:\/\/jennipitko.fi\/koti\/wp-json\/wp\/v2\/posts"}],"about":[{"href":"https:\/\/jennipitko.fi\/koti\/wp-json\/wp\/v2\/types\/post"}],"author":[{"embeddable":true,"href":"https:\/\/jennipitko.fi\/koti\/wp-json\/wp\/v2\/users\/1"}],"replies":[{"embeddable":true,"href":"https:\/\/jennipitko.fi\/koti\/wp-json\/wp\/v2\/comments?post=1371"}],"version-history":[{"count":1,"href":"https:\/\/jennipitko.fi\/koti\/wp-json\/wp\/v2\/posts\/1371\/revisions"}],"predecessor-version":[{"id":1372,"href":"https:\/\/jennipitko.fi\/koti\/wp-json\/wp\/v2\/posts\/1371\/revisions\/1372"}],"wp:attachment":[{"href":"https:\/\/jennipitko.fi\/koti\/wp-json\/wp\/v2\/media?parent=1371"}],"wp:term":[{"taxonomy":"category","embeddable":true,"href":"https:\/\/jennipitko.fi\/koti\/wp-json\/wp\/v2\/categories?post=1371"},{"taxonomy":"post_tag","embeddable":true,"href":"https:\/\/jennipitko.fi\/koti\/wp-json\/wp\/v2\/tags?post=1371"}],"curies":[{"name":"wp","href":"https:\/\/api.w.org\/{rel}","templated":true}]}}