{"id":1373,"date":"2017-01-30T18:43:40","date_gmt":"2017-01-30T15:43:40","guid":{"rendered":"http:\/\/jennipitko.fi\/koti\/?p=1373"},"modified":"2017-02-19T17:22:33","modified_gmt":"2017-02-19T15:22:33","slug":"kasvisruoasta-saastoja-ja-terveytta","status":"publish","type":"post","link":"https:\/\/jennipitko.fi\/koti\/kasvisruoasta-saastoja-ja-terveytta\/","title":{"rendered":"Kasvisruoasta s\u00e4\u00e4st\u00f6j\u00e4 ja terveytt\u00e4"},"content":{"rendered":"<p>Valtuustoaloite 30.1. Oulun kaupunginvaltuuston kokouksessa<\/p>\n<p>Kasvisruoasta s\u00e4\u00e4st\u00f6j\u00e4 ja terveytt\u00e4<br \/>\nKasvisruoan on todettu monissa tutkimuksissa olevan terveellinen ruokavalio. Kasvisten lis\u00e4\u00e4miseen ja lihansy\u00f6nnin v\u00e4hent\u00e4miseen ohjaa uusimmat kouluruokasuosituksetkin. T\u00e4h\u00e4n suuntaan kannattaa voimakkaasti liikkua my\u00f6s Oulun kouluissa, p\u00e4iv\u00e4kodeissa ja muissakin Serviisin ravintoloissa.<br \/>\nLis\u00e4\u00e4m\u00e4ll\u00e4 kasvisten osuutta Serviisin hankinnoista voi samalla nousta l\u00e4hiruoan k\u00e4ytt\u00f6, sill\u00e4 Serviisin hankinnoista l\u00e4hell\u00e4 tuotettua ruokaa on nimenomaan kasvikset. Niiden osuuden lis\u00e4\u00e4minen lis\u00e4isi siis paikallisten ja seudun yritysten hy\u00f6dynt\u00e4mist\u00e4.\u00a0<!--more--><\/p>\n<p>Ehdotankin, ett\u00e4 Oulun kouluissa siirryt\u00e4\u00e4n kuluvana vuonna kasvispainoitteiseen ruokailuun niin, ett\u00e4 suurimpana osana koulup\u00e4ivist\u00e4 tarjoillaan kasvisruokaa ja muina p\u00e4ivin\u00e4 liha- ja kalaruokia kasvisruoan vaihtoehtona. Punaisen lihan tarjoaminen olisi syyt\u00e4 rajoittaa maksimissaan yhteen p\u00e4iv\u00e4\u00e4n. Tarkoituksena on siis v\u00e4hent\u00e4\u00e4 kouluik\u00e4isten lihansy\u00f6nti\u00e4 ja lis\u00e4t\u00e4 kasvisten sy\u00f6nti\u00e4.<\/p>\n<p>Kasvisruoka on ekologinen vaihtoehto ja el\u00e4inper\u00e4isten tuotteiden rajoittaminen on k\u00e4yt\u00e4nn\u00f6llinen tapa olla hidastamassa ilmastonmuutoksen etenemist\u00e4. Lihankulutuksen v\u00e4hent\u00e4minen tulisi olla koko kaupungin tavoite.<\/p>\n<p>Kasvisruokavaliolla on paljon terveydellisi\u00e4 vaikutuksia. Se on esimerkiksi yhteydess\u00e4 noin 40 prosenttia pienemp\u00e4\u00e4n riskiin sairastua tyypin 2 diabetekseen, jonka hoidon kustannukset kasvavat kokoajan. Lis\u00e4ksi kasvisruokavalio v\u00e4hent\u00e4\u00e4 riski\u00e4 sairastua syd\u00e4n- ja verisuonitauteihin joten se suosiminen toisi suuria s\u00e4\u00e4st\u00f6j\u00e4 sote-puolella.<\/p>\n","protected":false},"excerpt":{"rendered":"<p>Valtuustoaloite 30.1. Oulun kaupunginvaltuuston kokouksessa Kasvisruoasta s\u00e4\u00e4st\u00f6j\u00e4 ja terveytt\u00e4 Kasvisruoan on todettu monissa tutkimuksissa olevan terveellinen ruokavalio. Kasvisten lis\u00e4\u00e4miseen ja [&hellip;]<\/p>\n","protected":false},"author":1,"featured_media":0,"comment_status":"closed","ping_status":"closed","sticky":false,"template":"","format":"standard","meta":{"_monsterinsights_skip_tracking":false,"_monsterinsights_sitenote_active":false,"_monsterinsights_sitenote_note":"","_monsterinsights_sitenote_category":0,"site-sidebar-layout":"default","site-content-layout":"","ast-site-content-layout":"default","site-content-style":"default","site-sidebar-style":"default","ast-global-header-display":"","ast-banner-title-visibility":"","ast-main-header-display":"","ast-hfb-above-header-display":"","ast-hfb-below-header-display":"","ast-hfb-mobile-header-display":"","site-post-title":"","ast-breadcrumbs-content":"","ast-featured-img":"","footer-sml-layout":"","ast-disable-related-posts":"","theme-transparent-header-meta":"","adv-header-id-meta":"","stick-header-meta":"","header-above-stick-meta":"","header-main-stick-meta":"","header-below-stick-meta":"","astra-migrate-meta-layouts":"default","ast-page-background-enabled":"default","ast-page-background-meta":{"desktop":{"background-color":"var(--ast-global-color-5)","background-image":"","background-repeat":"repeat","background-position":"center center","background-size":"auto","background-attachment":"scroll","background-type":"","background-media":"","overlay-type":"","overlay-color":"","overlay-opacity":"","overlay-gradient":""},"tablet":{"background-color":"","background-image":"","background-repeat":"repeat","background-position":"center center","background-size":"auto","background-attachment":"scroll","background-type":"","background-media":"","overlay-type":"","overlay-color":"","overlay-opacity":"","overlay-gradient":""},"mobile":{"background-color":"","background-image":"","background-repeat":"repeat","background-position":"center center","background-size":"auto","background-attachment":"scroll","background-type":"","background-media":"","overlay-type":"","overlay-color":"","overlay-opacity":"","overlay-gradient":""}},"ast-content-background-meta":{"desktop":{"background-color":"var(--ast-global-color-4)","background-image":"","background-repeat":"repeat","background-position":"center center","background-size":"auto","background-attachment":"scroll","background-type":"","background-media":"","overlay-type":"","overlay-color":"","overlay-opacity":"","overlay-gradient":""},"tablet":{"background-color":"var(--ast-global-color-4)","background-image":"","background-repeat":"repeat","background-position":"center center","background-size":"auto","background-attachment":"scroll","background-type":"","background-media":"","overlay-type":"","overlay-color":"","overlay-opacity":"","overlay-gradient":""},"mobile":{"background-color":"var(--ast-global-color-4)","background-image":"","background-repeat":"repeat","background-position":"center center","background-size":"auto","background-attachment":"scroll","background-type":"","background-media":"","overlay-type":"","overlay-color":"","overlay-opacity":"","overlay-gradient":""}},"footnotes":""},"categories":[125],"tags":[6,237,238,240,239,241,131],"class_list":["post-1373","post","type-post","status-publish","format-standard","hentry","category-valtuustoaloitteet","tag-ekologisuus","tag-kasvisruoa","tag-kasvissyonti","tag-kouluruoka","tag-oulun-serviisi","tag-paikallistalous","tag-terveys"],"yoast_head":"<!-- This site is optimized with the Yoast SEO plugin v27.5 - https:\/\/yoast.com\/product\/yoast-seo-wordpress\/ -->\n<title>Kasvisruoasta s\u00e4\u00e4st\u00f6j\u00e4 ja terveytt\u00e4 - Jenni Pitko - Vihreiden varapuheenjohtaja, ymp\u00e4rist\u00f6valiokunnan puheenjohtaja, kansanedustaja ja arkkitehti Oulusta<\/title>\n<meta name=\"robots\" content=\"index, follow, max-snippet:-1, max-image-preview:large, max-video-preview:-1\" \/>\n<link rel=\"canonical\" href=\"https:\/\/jennipitko.fi\/koti\/kasvisruoasta-saastoja-ja-terveytta\/\" \/>\n<meta property=\"og:locale\" content=\"fi_FI\" \/>\n<meta property=\"og:type\" content=\"article\" \/>\n<meta property=\"og:title\" content=\"Kasvisruoasta s\u00e4\u00e4st\u00f6j\u00e4 ja terveytt\u00e4 - Jenni Pitko - Vihreiden varapuheenjohtaja, ymp\u00e4rist\u00f6valiokunnan puheenjohtaja, kansanedustaja ja arkkitehti Oulusta\" \/>\n<meta property=\"og:description\" content=\"Valtuustoaloite 30.1. Oulun kaupunginvaltuuston kokouksessa Kasvisruoasta s\u00e4\u00e4st\u00f6j\u00e4 ja terveytt\u00e4 Kasvisruoan on todettu monissa tutkimuksissa olevan terveellinen ruokavalio. Kasvisten lis\u00e4\u00e4miseen ja [&hellip;]\" \/>\n<meta property=\"og:url\" content=\"https:\/\/jennipitko.fi\/koti\/kasvisruoasta-saastoja-ja-terveytta\/\" \/>\n<meta property=\"og:site_name\" content=\"Jenni Pitko - Vihreiden varapuheenjohtaja, ymp\u00e4rist\u00f6valiokunnan puheenjohtaja, kansanedustaja ja arkkitehti Oulusta\" \/>\n<meta property=\"article:published_time\" content=\"2017-01-30T15:43:40+00:00\" \/>\n<meta property=\"article:modified_time\" content=\"2017-02-19T15:22:33+00:00\" \/>\n<meta name=\"author\" content=\"Jenni\" \/>\n<meta name=\"twitter:card\" content=\"summary_large_image\" \/>\n<meta name=\"twitter:label1\" content=\"Kirjoittanut\" \/>\n\t<meta name=\"twitter:data1\" content=\"Jenni\" \/>\n\t<meta name=\"twitter:label2\" content=\"Arvioitu lukuaika\" \/>\n\t<meta name=\"twitter:data2\" content=\"1 minuutti\" \/>\n<script type=\"application\/ld+json\" class=\"yoast-schema-graph\">{\"@context\":\"https:\\\/\\\/schema.org\",\"@graph\":[{\"@type\":\"Article\",\"@id\":\"https:\\\/\\\/jennipitko.fi\\\/koti\\\/kasvisruoasta-saastoja-ja-terveytta\\\/#article\",\"isPartOf\":{\"@id\":\"https:\\\/\\\/jennipitko.fi\\\/koti\\\/kasvisruoasta-saastoja-ja-terveytta\\\/\"},\"author\":{\"name\":\"Jenni\",\"@id\":\"https:\\\/\\\/jennipitko.fi\\\/koti\\\/#\\\/schema\\\/person\\\/35955c467f851f10124809310e7e7ee8\"},\"headline\":\"Kasvisruoasta s\u00e4\u00e4st\u00f6j\u00e4 ja terveytt\u00e4\",\"datePublished\":\"2017-01-30T15:43:40+00:00\",\"dateModified\":\"2017-02-19T15:22:33+00:00\",\"mainEntityOfPage\":{\"@id\":\"https:\\\/\\\/jennipitko.fi\\\/koti\\\/kasvisruoasta-saastoja-ja-terveytta\\\/\"},\"wordCount\":216,\"publisher\":{\"@id\":\"https:\\\/\\\/jennipitko.fi\\\/koti\\\/#organization\"},\"keywords\":[\"ekologisuus\",\"kasvisruoa\",\"kasvissy\u00f6nti\",\"kouluruoka\",\"oulun serviisi\",\"paikallistalous\",\"terveys\"],\"articleSection\":[\"Valtuustoaloitteet\"],\"inLanguage\":\"fi\"},{\"@type\":\"WebPage\",\"@id\":\"https:\\\/\\\/jennipitko.fi\\\/koti\\\/kasvisruoasta-saastoja-ja-terveytta\\\/\",\"url\":\"https:\\\/\\\/jennipitko.fi\\\/koti\\\/kasvisruoasta-saastoja-ja-terveytta\\\/\",\"name\":\"Kasvisruoasta s\u00e4\u00e4st\u00f6j\u00e4 ja terveytt\u00e4 - Jenni Pitko - Vihreiden varapuheenjohtaja, ymp\u00e4rist\u00f6valiokunnan puheenjohtaja, kansanedustaja ja arkkitehti Oulusta\",\"isPartOf\":{\"@id\":\"https:\\\/\\\/jennipitko.fi\\\/koti\\\/#website\"},\"datePublished\":\"2017-01-30T15:43:40+00:00\",\"dateModified\":\"2017-02-19T15:22:33+00:00\",\"breadcrumb\":{\"@id\":\"https:\\\/\\\/jennipitko.fi\\\/koti\\\/kasvisruoasta-saastoja-ja-terveytta\\\/#breadcrumb\"},\"inLanguage\":\"fi\",\"potentialAction\":[{\"@type\":\"ReadAction\",\"target\":[\"https:\\\/\\\/jennipitko.fi\\\/koti\\\/kasvisruoasta-saastoja-ja-terveytta\\\/\"]}]},{\"@type\":\"BreadcrumbList\",\"@id\":\"https:\\\/\\\/jennipitko.fi\\\/koti\\\/kasvisruoasta-saastoja-ja-terveytta\\\/#breadcrumb\",\"itemListElement\":[{\"@type\":\"ListItem\",\"position\":1,\"name\":\"Home\",\"item\":\"https:\\\/\\\/jennipitko.fi\\\/koti\\\/\"},{\"@type\":\"ListItem\",\"position\":2,\"name\":\"Kasvisruoasta s\u00e4\u00e4st\u00f6j\u00e4 ja terveytt\u00e4\"}]},{\"@type\":\"WebSite\",\"@id\":\"https:\\\/\\\/jennipitko.fi\\\/koti\\\/#website\",\"url\":\"https:\\\/\\\/jennipitko.fi\\\/koti\\\/\",\"name\":\"Jenni Pitko - Vihreiden varapuheenjohtaja, ymp\u00e4rist\u00f6valiokunnan puheenjohtaja, kansanedustaja ja arkkitehti Oulusta\",\"description\":\"Jenni Pitko - Vihreiden varapuheenjohtaja, ymp\u00e4rist\u00f6valiokunnan puheenjohtaja, kansanedustaja ja arkkitehti Oulusta\",\"publisher\":{\"@id\":\"https:\\\/\\\/jennipitko.fi\\\/koti\\\/#organization\"},\"potentialAction\":[{\"@type\":\"SearchAction\",\"target\":{\"@type\":\"EntryPoint\",\"urlTemplate\":\"https:\\\/\\\/jennipitko.fi\\\/koti\\\/?s={search_term_string}\"},\"query-input\":{\"@type\":\"PropertyValueSpecification\",\"valueRequired\":true,\"valueName\":\"search_term_string\"}}],\"inLanguage\":\"fi\"},{\"@type\":\"Organization\",\"@id\":\"https:\\\/\\\/jennipitko.fi\\\/koti\\\/#organization\",\"name\":\"Jenni Pitko - Vihreiden varapuheenjohtaja, ymp\u00e4rist\u00f6valiokunnan puheenjohtaja, kansanedustaja ja arkkitehti Oulusta\",\"url\":\"https:\\\/\\\/jennipitko.fi\\\/koti\\\/\",\"logo\":{\"@type\":\"ImageObject\",\"inLanguage\":\"fi\",\"@id\":\"https:\\\/\\\/jennipitko.fi\\\/koti\\\/#\\\/schema\\\/logo\\\/image\\\/\",\"url\":\"https:\\\/\\\/jennipitko.fi\\\/koti\\\/wp-content\\\/uploads\\\/2025\\\/09\\\/Nimeton-malli-38.png\",\"contentUrl\":\"https:\\\/\\\/jennipitko.fi\\\/koti\\\/wp-content\\\/uploads\\\/2025\\\/09\\\/Nimeton-malli-38.png\",\"width\":1280,\"height\":847,\"caption\":\"Jenni Pitko - Vihreiden varapuheenjohtaja, ymp\u00e4rist\u00f6valiokunnan puheenjohtaja, kansanedustaja ja arkkitehti Oulusta\"},\"image\":{\"@id\":\"https:\\\/\\\/jennipitko.fi\\\/koti\\\/#\\\/schema\\\/logo\\\/image\\\/\"}},{\"@type\":\"Person\",\"@id\":\"https:\\\/\\\/jennipitko.fi\\\/koti\\\/#\\\/schema\\\/person\\\/35955c467f851f10124809310e7e7ee8\",\"name\":\"Jenni\",\"image\":{\"@type\":\"ImageObject\",\"inLanguage\":\"fi\",\"@id\":\"https:\\\/\\\/secure.gravatar.com\\\/avatar\\\/625a0e6413b293da7739d42617828d564a4d6028aec3f45d8939a2ba1617199f?s=96&d=blank&r=g\",\"url\":\"https:\\\/\\\/secure.gravatar.com\\\/avatar\\\/625a0e6413b293da7739d42617828d564a4d6028aec3f45d8939a2ba1617199f?s=96&d=blank&r=g\",\"contentUrl\":\"https:\\\/\\\/secure.gravatar.com\\\/avatar\\\/625a0e6413b293da7739d42617828d564a4d6028aec3f45d8939a2ba1617199f?s=96&d=blank&r=g\",\"caption\":\"Jenni\"},\"url\":\"https:\\\/\\\/jennipitko.fi\\\/koti\\\/author\\\/jenni\\\/\"}]}<\/script>\n<!-- \/ Yoast SEO plugin. -->","yoast_head_json":{"title":"Kasvisruoasta s\u00e4\u00e4st\u00f6j\u00e4 ja terveytt\u00e4 - Jenni Pitko - Vihreiden varapuheenjohtaja, ymp\u00e4rist\u00f6valiokunnan puheenjohtaja, kansanedustaja ja arkkitehti Oulusta","robots":{"index":"index","follow":"follow","max-snippet":"max-snippet:-1","max-image-preview":"max-image-preview:large","max-video-preview":"max-video-preview:-1"},"canonical":"https:\/\/jennipitko.fi\/koti\/kasvisruoasta-saastoja-ja-terveytta\/","og_locale":"fi_FI","og_type":"article","og_title":"Kasvisruoasta s\u00e4\u00e4st\u00f6j\u00e4 ja terveytt\u00e4 - Jenni Pitko - Vihreiden varapuheenjohtaja, ymp\u00e4rist\u00f6valiokunnan puheenjohtaja, kansanedustaja ja arkkitehti Oulusta","og_description":"Valtuustoaloite 30.1. Oulun kaupunginvaltuuston kokouksessa Kasvisruoasta s\u00e4\u00e4st\u00f6j\u00e4 ja terveytt\u00e4 Kasvisruoan on todettu monissa tutkimuksissa olevan terveellinen ruokavalio. Kasvisten lis\u00e4\u00e4miseen ja [&hellip;]","og_url":"https:\/\/jennipitko.fi\/koti\/kasvisruoasta-saastoja-ja-terveytta\/","og_site_name":"Jenni Pitko - Vihreiden varapuheenjohtaja, ymp\u00e4rist\u00f6valiokunnan puheenjohtaja, kansanedustaja ja arkkitehti Oulusta","article_published_time":"2017-01-30T15:43:40+00:00","article_modified_time":"2017-02-19T15:22:33+00:00","author":"Jenni","twitter_card":"summary_large_image","twitter_misc":{"Kirjoittanut":"Jenni","Arvioitu lukuaika":"1 minuutti"},"schema":{"@context":"https:\/\/schema.org","@graph":[{"@type":"Article","@id":"https:\/\/jennipitko.fi\/koti\/kasvisruoasta-saastoja-ja-terveytta\/#article","isPartOf":{"@id":"https:\/\/jennipitko.fi\/koti\/kasvisruoasta-saastoja-ja-terveytta\/"},"author":{"name":"Jenni","@id":"https:\/\/jennipitko.fi\/koti\/#\/schema\/person\/35955c467f851f10124809310e7e7ee8"},"headline":"Kasvisruoasta s\u00e4\u00e4st\u00f6j\u00e4 ja terveytt\u00e4","datePublished":"2017-01-30T15:43:40+00:00","dateModified":"2017-02-19T15:22:33+00:00","mainEntityOfPage":{"@id":"https:\/\/jennipitko.fi\/koti\/kasvisruoasta-saastoja-ja-terveytta\/"},"wordCount":216,"publisher":{"@id":"https:\/\/jennipitko.fi\/koti\/#organization"},"keywords":["ekologisuus","kasvisruoa","kasvissy\u00f6nti","kouluruoka","oulun serviisi","paikallistalous","terveys"],"articleSection":["Valtuustoaloitteet"],"inLanguage":"fi"},{"@type":"WebPage","@id":"https:\/\/jennipitko.fi\/koti\/kasvisruoasta-saastoja-ja-terveytta\/","url":"https:\/\/jennipitko.fi\/koti\/kasvisruoasta-saastoja-ja-terveytta\/","name":"Kasvisruoasta s\u00e4\u00e4st\u00f6j\u00e4 ja terveytt\u00e4 - Jenni Pitko - Vihreiden varapuheenjohtaja, ymp\u00e4rist\u00f6valiokunnan puheenjohtaja, kansanedustaja ja arkkitehti Oulusta","isPartOf":{"@id":"https:\/\/jennipitko.fi\/koti\/#website"},"datePublished":"2017-01-30T15:43:40+00:00","dateModified":"2017-02-19T15:22:33+00:00","breadcrumb":{"@id":"https:\/\/jennipitko.fi\/koti\/kasvisruoasta-saastoja-ja-terveytta\/#breadcrumb"},"inLanguage":"fi","potentialAction":[{"@type":"ReadAction","target":["https:\/\/jennipitko.fi\/koti\/kasvisruoasta-saastoja-ja-terveytta\/"]}]},{"@type":"BreadcrumbList","@id":"https:\/\/jennipitko.fi\/koti\/kasvisruoasta-saastoja-ja-terveytta\/#breadcrumb","itemListElement":[{"@type":"ListItem","position":1,"name":"Home","item":"https:\/\/jennipitko.fi\/koti\/"},{"@type":"ListItem","position":2,"name":"Kasvisruoasta s\u00e4\u00e4st\u00f6j\u00e4 ja terveytt\u00e4"}]},{"@type":"WebSite","@id":"https:\/\/jennipitko.fi\/koti\/#website","url":"https:\/\/jennipitko.fi\/koti\/","name":"Jenni Pitko - Vihreiden varapuheenjohtaja, ymp\u00e4rist\u00f6valiokunnan puheenjohtaja, kansanedustaja ja arkkitehti Oulusta","description":"Jenni Pitko - Vihreiden varapuheenjohtaja, ymp\u00e4rist\u00f6valiokunnan puheenjohtaja, kansanedustaja ja arkkitehti Oulusta","publisher":{"@id":"https:\/\/jennipitko.fi\/koti\/#organization"},"potentialAction":[{"@type":"SearchAction","target":{"@type":"EntryPoint","urlTemplate":"https:\/\/jennipitko.fi\/koti\/?s={search_term_string}"},"query-input":{"@type":"PropertyValueSpecification","valueRequired":true,"valueName":"search_term_string"}}],"inLanguage":"fi"},{"@type":"Organization","@id":"https:\/\/jennipitko.fi\/koti\/#organization","name":"Jenni Pitko - Vihreiden varapuheenjohtaja, ymp\u00e4rist\u00f6valiokunnan puheenjohtaja, kansanedustaja ja arkkitehti Oulusta","url":"https:\/\/jennipitko.fi\/koti\/","logo":{"@type":"ImageObject","inLanguage":"fi","@id":"https:\/\/jennipitko.fi\/koti\/#\/schema\/logo\/image\/","url":"https:\/\/jennipitko.fi\/koti\/wp-content\/uploads\/2025\/09\/Nimeton-malli-38.png","contentUrl":"https:\/\/jennipitko.fi\/koti\/wp-content\/uploads\/2025\/09\/Nimeton-malli-38.png","width":1280,"height":847,"caption":"Jenni Pitko - Vihreiden varapuheenjohtaja, ymp\u00e4rist\u00f6valiokunnan puheenjohtaja, kansanedustaja ja arkkitehti Oulusta"},"image":{"@id":"https:\/\/jennipitko.fi\/koti\/#\/schema\/logo\/image\/"}},{"@type":"Person","@id":"https:\/\/jennipitko.fi\/koti\/#\/schema\/person\/35955c467f851f10124809310e7e7ee8","name":"Jenni","image":{"@type":"ImageObject","inLanguage":"fi","@id":"https:\/\/secure.gravatar.com\/avatar\/625a0e6413b293da7739d42617828d564a4d6028aec3f45d8939a2ba1617199f?s=96&d=blank&r=g","url":"https:\/\/secure.gravatar.com\/avatar\/625a0e6413b293da7739d42617828d564a4d6028aec3f45d8939a2ba1617199f?s=96&d=blank&r=g","contentUrl":"https:\/\/secure.gravatar.com\/avatar\/625a0e6413b293da7739d42617828d564a4d6028aec3f45d8939a2ba1617199f?s=96&d=blank&r=g","caption":"Jenni"},"url":"https:\/\/jennipitko.fi\/koti\/author\/jenni\/"}]}},"_links":{"self":[{"href":"https:\/\/jennipitko.fi\/koti\/wp-json\/wp\/v2\/posts\/1373","targetHints":{"allow":["GET"]}}],"collection":[{"href":"https:\/\/jennipitko.fi\/koti\/wp-json\/wp\/v2\/posts"}],"about":[{"href":"https:\/\/jennipitko.fi\/koti\/wp-json\/wp\/v2\/types\/post"}],"author":[{"embeddable":true,"href":"https:\/\/jennipitko.fi\/koti\/wp-json\/wp\/v2\/users\/1"}],"replies":[{"embeddable":true,"href":"https:\/\/jennipitko.fi\/koti\/wp-json\/wp\/v2\/comments?post=1373"}],"version-history":[{"count":1,"href":"https:\/\/jennipitko.fi\/koti\/wp-json\/wp\/v2\/posts\/1373\/revisions"}],"predecessor-version":[{"id":1493,"href":"https:\/\/jennipitko.fi\/koti\/wp-json\/wp\/v2\/posts\/1373\/revisions\/1493"}],"wp:attachment":[{"href":"https:\/\/jennipitko.fi\/koti\/wp-json\/wp\/v2\/media?parent=1373"}],"wp:term":[{"taxonomy":"category","embeddable":true,"href":"https:\/\/jennipitko.fi\/koti\/wp-json\/wp\/v2\/categories?post=1373"},{"taxonomy":"post_tag","embeddable":true,"href":"https:\/\/jennipitko.fi\/koti\/wp-json\/wp\/v2\/tags?post=1373"}],"curies":[{"name":"wp","href":"https:\/\/api.w.org\/{rel}","templated":true}]}}