{"id":1376,"date":"2017-02-12T13:42:04","date_gmt":"2017-02-12T10:42:04","guid":{"rendered":"http:\/\/jennipitko.fi\/koti\/?p=1376"},"modified":"2017-02-12T13:42:04","modified_gmt":"2017-02-12T10:42:04","slug":"kestava-kaupunkisuunnittelu-alkaa-hallitusta-maankayton-ohjaamisesta","status":"publish","type":"post","link":"https:\/\/jennipitko.fi\/koti\/kestava-kaupunkisuunnittelu-alkaa-hallitusta-maankayton-ohjaamisesta\/","title":{"rendered":"Kest\u00e4v\u00e4 kaupunkisuunnittelu alkaa hallitusta maank\u00e4yt\u00f6n ohjaamisesta"},"content":{"rendered":"<p><em>T\u00e4m\u00e4 kirjoitus on julkaistu sanomalehti Kalevassa 12.2.2017 ja se on kirjoitettu yhdess\u00e4 Karoliina Niemel\u00e4n kanssa.\u00a0<\/em><\/p>\n<p><span style=\"font-weight: 400;\">Keskustan valtuutetut kirjoittavat 8.2.2017 Kalevan yleis\u00f6nosastolla, ett\u00e4 Oulun valtuusto on p\u00e4\u00e4tt\u00e4nyt siirty\u00e4 entist\u00e4 notkeampaan yleiskaavoitukseen, jonka mahdollistaa luopuminen em\u00e4tilatarkastelusta. Samalla he hehkuttavat maatila-asumisen edist\u00e4v\u00e4n kest\u00e4v\u00e4\u00e4 kehityst\u00e4. Parhaimmillaan n\u00e4in onkin. <\/span><\/p>\n<p><span style=\"font-weight: 400;\">Maatila-asuminen on jokaisen ihmisen oma valinta ja sin\u00e4ll\u00e4\u00e4n hieno ja kannatettava asia, varsinkin jos siihen liittyy maaseutuelinkeinoja, kuten l\u00e4hiruoan tuottaminen. Hienoa on, ett\u00e4 kaupunkimme alueilla l\u00f6ytyy monipuolisia asumismahdollisuuksia. <\/span><\/p>\n<p><span style=\"font-weight: 400;\">Oulun kaupungin t\u00e4rkein tavoite tulisi olla jo rakennettujen alueiden pit\u00e4minen elinvoimaisina. T\u00e4h\u00e4n tarvitaan ohjausta ja yhteiset pelis\u00e4\u00e4nn\u00f6t. Hallitsematon maank\u00e4ytt\u00f6 lis\u00e4\u00e4 kustannuksia, koska hajarakentaminen tarkoittaa uuden tiest\u00f6n ja infran rakentamista ja yll\u00e4pitoa samalla kun vanhan korjausvelka jatkaa kasvuaan. Fakta on, ett\u00e4 mit\u00e4 enemm\u00e4n yhdyskuntarakenteen annetaan hajaantua, sit\u00e4 vaikeampaa ja kalliimpaa palveluiden ja joukkoliikenteen j\u00e4rjest\u00e4minen on.<\/span><!--more--><\/p>\n<p><span style=\"font-weight: 400;\">Oulun alueella on monta pient\u00e4 maaseutumaista kyl\u00e4\u00e4, jotka voidaan pit\u00e4\u00e4 elinvoimaisina hallitulla ja kyl\u00e4n ominaispiirteit\u00e4 kunnioittavalla t\u00e4ydennysrakentamisella. N\u00e4in voidaan vaalia meill\u00e4 kaikille t\u00e4rkeit\u00e4 kulttuurimaisemia samalla turvaten olemassa olevien palveluiden s\u00e4ilyminen kyl\u00e4l\u00e4isille. Jo olemassa oleva palveluverkkorakenne takaa lapsille ja nuorille yhdenvertaiset varhaiskasvatus ja koulupalvelut. Harvemmin tarvittavat palvelut voidaan keskitt\u00e4\u00e4 isompiin aluekeskuksiin. <\/span><\/p>\n<p><span style=\"font-weight: 400;\">Hallittu t\u00e4ydennysrakentaminen auttaa l\u00e4hiluonnon vaalimisessa ja tekee liikkumisen helpoksi toimivan joukkoliikenteen avulla. Rakentamalla viihtyis\u00e4\u00e4 ja toimivaa elinymp\u00e4rist\u00f6\u00e4 saadaan kuntalaisten arki sujumaan. Jotta tulevaisuudessa my\u00f6s kauempana keskustaa asuvilla ihmisill\u00e4 olisi mahdollisuus toimivaan joukkoliikenteeseen, tulee maank\u00e4ytt\u00f6\u00e4 ohjata joukkoliikenteen vy\u00f6hykkeille.<\/span><\/p>\n<p><span style=\"font-weight: 400;\">Elinvoimaisuus kunnissa vaatii p\u00e4\u00e4t\u00f6ksentekoa, jolla mahdollistetaan erilaisten ihmisten mahdollisuudet asua, el\u00e4\u00e4, oppia ja tehd\u00e4 ty\u00f6t\u00e4. P\u00e4\u00e4t\u00f6ksentekoa, joka ehk\u00e4isee syrj\u00e4ytymist\u00e4 ja lis\u00e4\u00e4 yhdenvertaisuutta.<\/span><\/p>\n<p><span style=\"font-weight: 400;\">Meneill\u00e4\u00e4n on kaupungistumisen suuntaus, joka tuo kaikenlaisia ihmisi\u00e4 ja perheit\u00e4 l\u00e4helle keskuksia. T\u00e4st\u00e4 kannattaa ottaa kaikki hy\u00f6ty irti, sill\u00e4 ostovoiman kasaantuminen mahdollistaa entist\u00e4 laadukkaampia keskitettyj\u00e4 palveluita my\u00f6s kulttuurin, liikunnan ja vapaan sivistysty\u00f6n tarpeisiin. Oulussa jo k\u00e4yt\u00f6ss\u00e4 oleva monitoimitalo-ajatusmalli mahdollistaa alueiden koulujen ja kirjastojen monipuolisen k\u00e4yt\u00f6n harrastustoiminnassa. Kulttuuri- ja liikuntatarjonta pit\u00e4\u00e4 kaupunginosien asukkaat virein\u00e4. Kaupunkikulttuuri saadaan luonnolliseksi osaksi ihmisten elinymp\u00e4rist\u00f6\u00e4.<\/span><\/p>\n<p>&nbsp;<\/p>\n<p><span style=\"font-weight: 400;\">Karoliina Niemel\u00e4, sivistys- ja kulttuurilautakunnan j\u00e4sen (vihr.)<\/span><\/p>\n<p><span style=\"font-weight: 400;\">Jenni Pitko, kaupunginvaltuutettu, kaupunginhallituksen j\u00e4sen (vihr.)<\/span><\/p>\n","protected":false},"excerpt":{"rendered":"<p>T\u00e4m\u00e4 kirjoitus on julkaistu sanomalehti Kalevassa 12.2.2017 ja se on kirjoitettu yhdess\u00e4 Karoliina Niemel\u00e4n kanssa.\u00a0 Keskustan valtuutetut kirjoittavat 8.2.2017 Kalevan [&hellip;]<\/p>\n","protected":false},"author":1,"featured_media":0,"comment_status":"closed","ping_status":"closed","sticky":false,"template":"","format":"standard","meta":{"_monsterinsights_skip_tracking":false,"_monsterinsights_sitenote_active":false,"_monsterinsights_sitenote_note":"","_monsterinsights_sitenote_category":0,"site-sidebar-layout":"default","site-content-layout":"","ast-site-content-layout":"default","site-content-style":"default","site-sidebar-style":"default","ast-global-header-display":"","ast-banner-title-visibility":"","ast-main-header-display":"","ast-hfb-above-header-display":"","ast-hfb-below-header-display":"","ast-hfb-mobile-header-display":"","site-post-title":"","ast-breadcrumbs-content":"","ast-featured-img":"","footer-sml-layout":"","ast-disable-related-posts":"","theme-transparent-header-meta":"","adv-header-id-meta":"","stick-header-meta":"","header-above-stick-meta":"","header-main-stick-meta":"","header-below-stick-meta":"","astra-migrate-meta-layouts":"default","ast-page-background-enabled":"default","ast-page-background-meta":{"desktop":{"background-color":"var(--ast-global-color-5)","background-image":"","background-repeat":"repeat","background-position":"center center","background-size":"auto","background-attachment":"scroll","background-type":"","background-media":"","overlay-type":"","overlay-color":"","overlay-opacity":"","overlay-gradient":""},"tablet":{"background-color":"","background-image":"","background-repeat":"repeat","background-position":"center center","background-size":"auto","background-attachment":"scroll","background-type":"","background-media":"","overlay-type":"","overlay-color":"","overlay-opacity":"","overlay-gradient":""},"mobile":{"background-color":"","background-image":"","background-repeat":"repeat","background-position":"center center","background-size":"auto","background-attachment":"scroll","background-type":"","background-media":"","overlay-type":"","overlay-color":"","overlay-opacity":"","overlay-gradient":""}},"ast-content-background-meta":{"desktop":{"background-color":"var(--ast-global-color-4)","background-image":"","background-repeat":"repeat","background-position":"center center","background-size":"auto","background-attachment":"scroll","background-type":"","background-media":"","overlay-type":"","overlay-color":"","overlay-opacity":"","overlay-gradient":""},"tablet":{"background-color":"var(--ast-global-color-4)","background-image":"","background-repeat":"repeat","background-position":"center center","background-size":"auto","background-attachment":"scroll","background-type":"","background-media":"","overlay-type":"","overlay-color":"","overlay-opacity":"","overlay-gradient":""},"mobile":{"background-color":"var(--ast-global-color-4)","background-image":"","background-repeat":"repeat","background-position":"center center","background-size":"auto","background-attachment":"scroll","background-type":"","background-media":"","overlay-type":"","overlay-color":"","overlay-opacity":"","overlay-gradient":""}},"footnotes":""},"categories":[2],"tags":[242,207,210,209,216],"class_list":["post-1376","post","type-post","status-publish","format-standard","hentry","category-blogi","tag-hajarakentaminen","tag-kaupunkisuunnittelu","tag-kylien-kehittaminen","tag-maankaytto","tag-taydennysrakentaminen"],"yoast_head":"<!-- This site is optimized with the Yoast SEO plugin v27.5 - https:\/\/yoast.com\/product\/yoast-seo-wordpress\/ -->\n<title>Kest\u00e4v\u00e4 kaupunkisuunnittelu alkaa hallitusta maank\u00e4yt\u00f6n ohjaamisesta - Jenni Pitko - Vihreiden varapuheenjohtaja, ymp\u00e4rist\u00f6valiokunnan puheenjohtaja, kansanedustaja ja arkkitehti Oulusta<\/title>\n<meta name=\"robots\" content=\"index, follow, max-snippet:-1, max-image-preview:large, max-video-preview:-1\" \/>\n<link rel=\"canonical\" href=\"https:\/\/jennipitko.fi\/koti\/kestava-kaupunkisuunnittelu-alkaa-hallitusta-maankayton-ohjaamisesta\/\" \/>\n<meta property=\"og:locale\" content=\"fi_FI\" \/>\n<meta property=\"og:type\" content=\"article\" \/>\n<meta property=\"og:title\" content=\"Kest\u00e4v\u00e4 kaupunkisuunnittelu alkaa hallitusta maank\u00e4yt\u00f6n ohjaamisesta - Jenni Pitko - Vihreiden varapuheenjohtaja, ymp\u00e4rist\u00f6valiokunnan puheenjohtaja, kansanedustaja ja arkkitehti Oulusta\" \/>\n<meta property=\"og:description\" content=\"T\u00e4m\u00e4 kirjoitus on julkaistu sanomalehti Kalevassa 12.2.2017 ja se on kirjoitettu yhdess\u00e4 Karoliina Niemel\u00e4n kanssa.\u00a0 Keskustan valtuutetut kirjoittavat 8.2.2017 Kalevan [&hellip;]\" \/>\n<meta property=\"og:url\" content=\"https:\/\/jennipitko.fi\/koti\/kestava-kaupunkisuunnittelu-alkaa-hallitusta-maankayton-ohjaamisesta\/\" \/>\n<meta property=\"og:site_name\" content=\"Jenni Pitko - Vihreiden varapuheenjohtaja, ymp\u00e4rist\u00f6valiokunnan puheenjohtaja, kansanedustaja ja arkkitehti Oulusta\" \/>\n<meta property=\"article:published_time\" content=\"2017-02-12T10:42:04+00:00\" \/>\n<meta name=\"author\" content=\"Jenni\" \/>\n<meta name=\"twitter:card\" content=\"summary_large_image\" \/>\n<meta name=\"twitter:label1\" content=\"Kirjoittanut\" \/>\n\t<meta name=\"twitter:data1\" content=\"Jenni\" \/>\n\t<meta name=\"twitter:label2\" content=\"Arvioitu lukuaika\" \/>\n\t<meta name=\"twitter:data2\" content=\"2 minuuttia\" \/>\n<script type=\"application\/ld+json\" class=\"yoast-schema-graph\">{\"@context\":\"https:\\\/\\\/schema.org\",\"@graph\":[{\"@type\":\"Article\",\"@id\":\"https:\\\/\\\/jennipitko.fi\\\/koti\\\/kestava-kaupunkisuunnittelu-alkaa-hallitusta-maankayton-ohjaamisesta\\\/#article\",\"isPartOf\":{\"@id\":\"https:\\\/\\\/jennipitko.fi\\\/koti\\\/kestava-kaupunkisuunnittelu-alkaa-hallitusta-maankayton-ohjaamisesta\\\/\"},\"author\":{\"name\":\"Jenni\",\"@id\":\"https:\\\/\\\/jennipitko.fi\\\/koti\\\/#\\\/schema\\\/person\\\/35955c467f851f10124809310e7e7ee8\"},\"headline\":\"Kest\u00e4v\u00e4 kaupunkisuunnittelu alkaa hallitusta maank\u00e4yt\u00f6n ohjaamisesta\",\"datePublished\":\"2017-02-12T10:42:04+00:00\",\"mainEntityOfPage\":{\"@id\":\"https:\\\/\\\/jennipitko.fi\\\/koti\\\/kestava-kaupunkisuunnittelu-alkaa-hallitusta-maankayton-ohjaamisesta\\\/\"},\"wordCount\":374,\"publisher\":{\"@id\":\"https:\\\/\\\/jennipitko.fi\\\/koti\\\/#organization\"},\"keywords\":[\"hajarakentaminen\",\"kaupunkisuunnittelu\",\"kylien kehitt\u00e4minen\",\"maank\u00e4ytt\u00f6\",\"t\u00e4ydennysrakentaminen\"],\"articleSection\":[\"Blogi\"],\"inLanguage\":\"fi\"},{\"@type\":\"WebPage\",\"@id\":\"https:\\\/\\\/jennipitko.fi\\\/koti\\\/kestava-kaupunkisuunnittelu-alkaa-hallitusta-maankayton-ohjaamisesta\\\/\",\"url\":\"https:\\\/\\\/jennipitko.fi\\\/koti\\\/kestava-kaupunkisuunnittelu-alkaa-hallitusta-maankayton-ohjaamisesta\\\/\",\"name\":\"Kest\u00e4v\u00e4 kaupunkisuunnittelu alkaa hallitusta maank\u00e4yt\u00f6n ohjaamisesta - Jenni Pitko - Vihreiden varapuheenjohtaja, ymp\u00e4rist\u00f6valiokunnan puheenjohtaja, kansanedustaja ja arkkitehti Oulusta\",\"isPartOf\":{\"@id\":\"https:\\\/\\\/jennipitko.fi\\\/koti\\\/#website\"},\"datePublished\":\"2017-02-12T10:42:04+00:00\",\"breadcrumb\":{\"@id\":\"https:\\\/\\\/jennipitko.fi\\\/koti\\\/kestava-kaupunkisuunnittelu-alkaa-hallitusta-maankayton-ohjaamisesta\\\/#breadcrumb\"},\"inLanguage\":\"fi\",\"potentialAction\":[{\"@type\":\"ReadAction\",\"target\":[\"https:\\\/\\\/jennipitko.fi\\\/koti\\\/kestava-kaupunkisuunnittelu-alkaa-hallitusta-maankayton-ohjaamisesta\\\/\"]}]},{\"@type\":\"BreadcrumbList\",\"@id\":\"https:\\\/\\\/jennipitko.fi\\\/koti\\\/kestava-kaupunkisuunnittelu-alkaa-hallitusta-maankayton-ohjaamisesta\\\/#breadcrumb\",\"itemListElement\":[{\"@type\":\"ListItem\",\"position\":1,\"name\":\"Home\",\"item\":\"https:\\\/\\\/jennipitko.fi\\\/koti\\\/\"},{\"@type\":\"ListItem\",\"position\":2,\"name\":\"Kest\u00e4v\u00e4 kaupunkisuunnittelu alkaa hallitusta maank\u00e4yt\u00f6n ohjaamisesta\"}]},{\"@type\":\"WebSite\",\"@id\":\"https:\\\/\\\/jennipitko.fi\\\/koti\\\/#website\",\"url\":\"https:\\\/\\\/jennipitko.fi\\\/koti\\\/\",\"name\":\"Jenni Pitko - Vihreiden varapuheenjohtaja, ymp\u00e4rist\u00f6valiokunnan puheenjohtaja, kansanedustaja ja arkkitehti Oulusta\",\"description\":\"Jenni Pitko - Vihreiden varapuheenjohtaja, ymp\u00e4rist\u00f6valiokunnan puheenjohtaja, kansanedustaja ja arkkitehti Oulusta\",\"publisher\":{\"@id\":\"https:\\\/\\\/jennipitko.fi\\\/koti\\\/#organization\"},\"potentialAction\":[{\"@type\":\"SearchAction\",\"target\":{\"@type\":\"EntryPoint\",\"urlTemplate\":\"https:\\\/\\\/jennipitko.fi\\\/koti\\\/?s={search_term_string}\"},\"query-input\":{\"@type\":\"PropertyValueSpecification\",\"valueRequired\":true,\"valueName\":\"search_term_string\"}}],\"inLanguage\":\"fi\"},{\"@type\":\"Organization\",\"@id\":\"https:\\\/\\\/jennipitko.fi\\\/koti\\\/#organization\",\"name\":\"Jenni Pitko - Vihreiden varapuheenjohtaja, ymp\u00e4rist\u00f6valiokunnan puheenjohtaja, kansanedustaja ja arkkitehti Oulusta\",\"url\":\"https:\\\/\\\/jennipitko.fi\\\/koti\\\/\",\"logo\":{\"@type\":\"ImageObject\",\"inLanguage\":\"fi\",\"@id\":\"https:\\\/\\\/jennipitko.fi\\\/koti\\\/#\\\/schema\\\/logo\\\/image\\\/\",\"url\":\"https:\\\/\\\/jennipitko.fi\\\/koti\\\/wp-content\\\/uploads\\\/2025\\\/09\\\/Nimeton-malli-38.png\",\"contentUrl\":\"https:\\\/\\\/jennipitko.fi\\\/koti\\\/wp-content\\\/uploads\\\/2025\\\/09\\\/Nimeton-malli-38.png\",\"width\":1280,\"height\":847,\"caption\":\"Jenni Pitko - Vihreiden varapuheenjohtaja, ymp\u00e4rist\u00f6valiokunnan puheenjohtaja, kansanedustaja ja arkkitehti Oulusta\"},\"image\":{\"@id\":\"https:\\\/\\\/jennipitko.fi\\\/koti\\\/#\\\/schema\\\/logo\\\/image\\\/\"}},{\"@type\":\"Person\",\"@id\":\"https:\\\/\\\/jennipitko.fi\\\/koti\\\/#\\\/schema\\\/person\\\/35955c467f851f10124809310e7e7ee8\",\"name\":\"Jenni\",\"image\":{\"@type\":\"ImageObject\",\"inLanguage\":\"fi\",\"@id\":\"https:\\\/\\\/secure.gravatar.com\\\/avatar\\\/625a0e6413b293da7739d42617828d564a4d6028aec3f45d8939a2ba1617199f?s=96&d=blank&r=g\",\"url\":\"https:\\\/\\\/secure.gravatar.com\\\/avatar\\\/625a0e6413b293da7739d42617828d564a4d6028aec3f45d8939a2ba1617199f?s=96&d=blank&r=g\",\"contentUrl\":\"https:\\\/\\\/secure.gravatar.com\\\/avatar\\\/625a0e6413b293da7739d42617828d564a4d6028aec3f45d8939a2ba1617199f?s=96&d=blank&r=g\",\"caption\":\"Jenni\"},\"url\":\"https:\\\/\\\/jennipitko.fi\\\/koti\\\/author\\\/jenni\\\/\"}]}<\/script>\n<!-- \/ Yoast SEO plugin. -->","yoast_head_json":{"title":"Kest\u00e4v\u00e4 kaupunkisuunnittelu alkaa hallitusta maank\u00e4yt\u00f6n ohjaamisesta - Jenni Pitko - Vihreiden varapuheenjohtaja, ymp\u00e4rist\u00f6valiokunnan puheenjohtaja, kansanedustaja ja arkkitehti Oulusta","robots":{"index":"index","follow":"follow","max-snippet":"max-snippet:-1","max-image-preview":"max-image-preview:large","max-video-preview":"max-video-preview:-1"},"canonical":"https:\/\/jennipitko.fi\/koti\/kestava-kaupunkisuunnittelu-alkaa-hallitusta-maankayton-ohjaamisesta\/","og_locale":"fi_FI","og_type":"article","og_title":"Kest\u00e4v\u00e4 kaupunkisuunnittelu alkaa hallitusta maank\u00e4yt\u00f6n ohjaamisesta - Jenni Pitko - Vihreiden varapuheenjohtaja, ymp\u00e4rist\u00f6valiokunnan puheenjohtaja, kansanedustaja ja arkkitehti Oulusta","og_description":"T\u00e4m\u00e4 kirjoitus on julkaistu sanomalehti Kalevassa 12.2.2017 ja se on kirjoitettu yhdess\u00e4 Karoliina Niemel\u00e4n kanssa.\u00a0 Keskustan valtuutetut kirjoittavat 8.2.2017 Kalevan [&hellip;]","og_url":"https:\/\/jennipitko.fi\/koti\/kestava-kaupunkisuunnittelu-alkaa-hallitusta-maankayton-ohjaamisesta\/","og_site_name":"Jenni Pitko - Vihreiden varapuheenjohtaja, ymp\u00e4rist\u00f6valiokunnan puheenjohtaja, kansanedustaja ja arkkitehti Oulusta","article_published_time":"2017-02-12T10:42:04+00:00","author":"Jenni","twitter_card":"summary_large_image","twitter_misc":{"Kirjoittanut":"Jenni","Arvioitu lukuaika":"2 minuuttia"},"schema":{"@context":"https:\/\/schema.org","@graph":[{"@type":"Article","@id":"https:\/\/jennipitko.fi\/koti\/kestava-kaupunkisuunnittelu-alkaa-hallitusta-maankayton-ohjaamisesta\/#article","isPartOf":{"@id":"https:\/\/jennipitko.fi\/koti\/kestava-kaupunkisuunnittelu-alkaa-hallitusta-maankayton-ohjaamisesta\/"},"author":{"name":"Jenni","@id":"https:\/\/jennipitko.fi\/koti\/#\/schema\/person\/35955c467f851f10124809310e7e7ee8"},"headline":"Kest\u00e4v\u00e4 kaupunkisuunnittelu alkaa hallitusta maank\u00e4yt\u00f6n ohjaamisesta","datePublished":"2017-02-12T10:42:04+00:00","mainEntityOfPage":{"@id":"https:\/\/jennipitko.fi\/koti\/kestava-kaupunkisuunnittelu-alkaa-hallitusta-maankayton-ohjaamisesta\/"},"wordCount":374,"publisher":{"@id":"https:\/\/jennipitko.fi\/koti\/#organization"},"keywords":["hajarakentaminen","kaupunkisuunnittelu","kylien kehitt\u00e4minen","maank\u00e4ytt\u00f6","t\u00e4ydennysrakentaminen"],"articleSection":["Blogi"],"inLanguage":"fi"},{"@type":"WebPage","@id":"https:\/\/jennipitko.fi\/koti\/kestava-kaupunkisuunnittelu-alkaa-hallitusta-maankayton-ohjaamisesta\/","url":"https:\/\/jennipitko.fi\/koti\/kestava-kaupunkisuunnittelu-alkaa-hallitusta-maankayton-ohjaamisesta\/","name":"Kest\u00e4v\u00e4 kaupunkisuunnittelu alkaa hallitusta maank\u00e4yt\u00f6n ohjaamisesta - Jenni Pitko - Vihreiden varapuheenjohtaja, ymp\u00e4rist\u00f6valiokunnan puheenjohtaja, kansanedustaja ja arkkitehti Oulusta","isPartOf":{"@id":"https:\/\/jennipitko.fi\/koti\/#website"},"datePublished":"2017-02-12T10:42:04+00:00","breadcrumb":{"@id":"https:\/\/jennipitko.fi\/koti\/kestava-kaupunkisuunnittelu-alkaa-hallitusta-maankayton-ohjaamisesta\/#breadcrumb"},"inLanguage":"fi","potentialAction":[{"@type":"ReadAction","target":["https:\/\/jennipitko.fi\/koti\/kestava-kaupunkisuunnittelu-alkaa-hallitusta-maankayton-ohjaamisesta\/"]}]},{"@type":"BreadcrumbList","@id":"https:\/\/jennipitko.fi\/koti\/kestava-kaupunkisuunnittelu-alkaa-hallitusta-maankayton-ohjaamisesta\/#breadcrumb","itemListElement":[{"@type":"ListItem","position":1,"name":"Home","item":"https:\/\/jennipitko.fi\/koti\/"},{"@type":"ListItem","position":2,"name":"Kest\u00e4v\u00e4 kaupunkisuunnittelu alkaa hallitusta maank\u00e4yt\u00f6n ohjaamisesta"}]},{"@type":"WebSite","@id":"https:\/\/jennipitko.fi\/koti\/#website","url":"https:\/\/jennipitko.fi\/koti\/","name":"Jenni Pitko - Vihreiden varapuheenjohtaja, ymp\u00e4rist\u00f6valiokunnan puheenjohtaja, kansanedustaja ja arkkitehti Oulusta","description":"Jenni Pitko - Vihreiden varapuheenjohtaja, ymp\u00e4rist\u00f6valiokunnan puheenjohtaja, kansanedustaja ja arkkitehti Oulusta","publisher":{"@id":"https:\/\/jennipitko.fi\/koti\/#organization"},"potentialAction":[{"@type":"SearchAction","target":{"@type":"EntryPoint","urlTemplate":"https:\/\/jennipitko.fi\/koti\/?s={search_term_string}"},"query-input":{"@type":"PropertyValueSpecification","valueRequired":true,"valueName":"search_term_string"}}],"inLanguage":"fi"},{"@type":"Organization","@id":"https:\/\/jennipitko.fi\/koti\/#organization","name":"Jenni Pitko - Vihreiden varapuheenjohtaja, ymp\u00e4rist\u00f6valiokunnan puheenjohtaja, kansanedustaja ja arkkitehti Oulusta","url":"https:\/\/jennipitko.fi\/koti\/","logo":{"@type":"ImageObject","inLanguage":"fi","@id":"https:\/\/jennipitko.fi\/koti\/#\/schema\/logo\/image\/","url":"https:\/\/jennipitko.fi\/koti\/wp-content\/uploads\/2025\/09\/Nimeton-malli-38.png","contentUrl":"https:\/\/jennipitko.fi\/koti\/wp-content\/uploads\/2025\/09\/Nimeton-malli-38.png","width":1280,"height":847,"caption":"Jenni Pitko - Vihreiden varapuheenjohtaja, ymp\u00e4rist\u00f6valiokunnan puheenjohtaja, kansanedustaja ja arkkitehti Oulusta"},"image":{"@id":"https:\/\/jennipitko.fi\/koti\/#\/schema\/logo\/image\/"}},{"@type":"Person","@id":"https:\/\/jennipitko.fi\/koti\/#\/schema\/person\/35955c467f851f10124809310e7e7ee8","name":"Jenni","image":{"@type":"ImageObject","inLanguage":"fi","@id":"https:\/\/secure.gravatar.com\/avatar\/625a0e6413b293da7739d42617828d564a4d6028aec3f45d8939a2ba1617199f?s=96&d=blank&r=g","url":"https:\/\/secure.gravatar.com\/avatar\/625a0e6413b293da7739d42617828d564a4d6028aec3f45d8939a2ba1617199f?s=96&d=blank&r=g","contentUrl":"https:\/\/secure.gravatar.com\/avatar\/625a0e6413b293da7739d42617828d564a4d6028aec3f45d8939a2ba1617199f?s=96&d=blank&r=g","caption":"Jenni"},"url":"https:\/\/jennipitko.fi\/koti\/author\/jenni\/"}]}},"_links":{"self":[{"href":"https:\/\/jennipitko.fi\/koti\/wp-json\/wp\/v2\/posts\/1376","targetHints":{"allow":["GET"]}}],"collection":[{"href":"https:\/\/jennipitko.fi\/koti\/wp-json\/wp\/v2\/posts"}],"about":[{"href":"https:\/\/jennipitko.fi\/koti\/wp-json\/wp\/v2\/types\/post"}],"author":[{"embeddable":true,"href":"https:\/\/jennipitko.fi\/koti\/wp-json\/wp\/v2\/users\/1"}],"replies":[{"embeddable":true,"href":"https:\/\/jennipitko.fi\/koti\/wp-json\/wp\/v2\/comments?post=1376"}],"version-history":[{"count":1,"href":"https:\/\/jennipitko.fi\/koti\/wp-json\/wp\/v2\/posts\/1376\/revisions"}],"predecessor-version":[{"id":1377,"href":"https:\/\/jennipitko.fi\/koti\/wp-json\/wp\/v2\/posts\/1376\/revisions\/1377"}],"wp:attachment":[{"href":"https:\/\/jennipitko.fi\/koti\/wp-json\/wp\/v2\/media?parent=1376"}],"wp:term":[{"taxonomy":"category","embeddable":true,"href":"https:\/\/jennipitko.fi\/koti\/wp-json\/wp\/v2\/categories?post=1376"},{"taxonomy":"post_tag","embeddable":true,"href":"https:\/\/jennipitko.fi\/koti\/wp-json\/wp\/v2\/tags?post=1376"}],"curies":[{"name":"wp","href":"https:\/\/api.w.org\/{rel}","templated":true}]}}