{"id":1524,"date":"2017-02-23T08:42:35","date_gmt":"2017-02-23T06:42:35","guid":{"rendered":"http:\/\/jennipitko.fi\/koti\/?p=1524"},"modified":"2017-02-23T10:16:25","modified_gmt":"2017-02-23T08:16:25","slug":"paras-tuki-kaupungilta-on-laadukas-varhaiskasvatus","status":"publish","type":"post","link":"https:\/\/jennipitko.fi\/koti\/paras-tuki-kaupungilta-on-laadukas-varhaiskasvatus\/","title":{"rendered":"Paras tuki kaupungilta on laadukas varhaiskasvatus"},"content":{"rendered":"<p><i>Mielipidekirjoitus on tehty yhdess\u00e4 Aino-Kaisa Mannisen kanssa ja julkaistu sanomalehti Kalevassa 23.2.<\/i><\/p>\n<p>Jari-Pekka Teuraj\u00e4rvi (kesk.) kirjoitti (Kaleva 20.2.\/Lukijalta) siit\u00e4, kuinka Oulun kaupungin on kannustettava alle 3-vuotiaiden lasten kotihoitoon. Mielest\u00e4mme parasta, mit\u00e4 Oulun kaupunki voi tehd\u00e4, on tukea perheit\u00e4 laadukkaalla varhaiskasvatuksella.<\/p>\n<p>Tilastojenvalossa kotihoidontuen saajista yli 90 prosenttia on naisia. Suomessa vuonna 2015 kotihoidontukea sai 102\u2009400 naista ja vain 7\u2009600 miest\u00e4. Tukemalla kotihoitoa entisest\u00e4\u00e4n pidet\u00e4\u00e4n k\u00e4yt\u00e4nn\u00f6ss\u00e4 naiset pois ty\u00f6el\u00e4m\u00e4st\u00e4.<br \/>\nEi ole lapsien eik\u00e4 \u00e4itien etu, ett\u00e4 \u00e4idit j\u00e4\u00e4v\u00e4t pitk\u00e4ksi aikaa ty\u00f6el\u00e4m\u00e4n ulkopuolelle. Monelle jo valmiiksi pienituloisille naiselle se voi johtaa loppuel\u00e4m\u00e4n mittaiseen k\u00f6yhyyskierteeseen.<\/p>\n<p>Perhevapaaj\u00e4rjestelm\u00e4mme kaipaa kokonaisuudistusta. Lapsen hoitaminen kotona on arvokasta, mutta mielest\u00e4mme perhevapaat ja hoitovastuut pit\u00e4isi jakaa tasaisesti molempien vanhempien kesken. T\u00e4ll\u00e4 tavoin saavutetaan parempi ty\u00f6llisyysaste ja sit\u00e4 kautta enemm\u00e4n verotettavaa kunnan ja valtion kassaan.<\/p>\n<p>Viimeisimp\u00e4n\u00e4 Elinkeinoel\u00e4m\u00e4n keskusliitto on alkanut kannattaa perhevapaiden jakamista ja arvioi, ett\u00e4 jos saavuttaisimme Ruotsin ty\u00f6llisyysasteen, Suomessa olisi jopa 50\u2009000 naista enemm\u00e4n ty\u00f6el\u00e4m\u00e4ss\u00e4. Ruotsissa kotihoitoa ei tueta yht\u00e4 pitk\u00e4\u00e4n kuin Suomessa.<\/p>\n<p>Kotihoidon lis\u00e4tukeminen on meid\u00e4n mielest\u00e4mme lyhytn\u00e4k\u00f6ist\u00e4 ja lis\u00e4\u00e4 miesten ja naisten v\u00e4list\u00e4 ep\u00e4tasa-arvoa. On nurinkurista, ett\u00e4 Oulu-lis\u00e4ll\u00e4 tuetaan t\u00e4ll\u00e4 hetkell\u00e4 hyv\u00e4tuloisiakin lapsiperheit\u00e4 samaan aikaan kun kaupunki on leikannut pois subjektiivisen p\u00e4iv\u00e4hoito-oikeuden ja kasvattanut ryhm\u00e4kokoja.<\/p>\n<p>Olemme Teuraj\u00e4rven kanssa samaa mielt\u00e4 siit\u00e4, ett\u00e4 varhaiskasvatuksen asiakasmaksuja olisi syyt\u00e4 huojentaa ja kannustinloukkuja purkaa. Olisimme valmiita poistamaan asteittain maksut kokonaan, n\u00e4in kannustinloukkua ei syntyisi lainkaan.<\/p>\n","protected":false},"excerpt":{"rendered":"<p>Mielipidekirjoitus on tehty yhdess\u00e4 Aino-Kaisa Mannisen kanssa ja julkaistu sanomalehti Kalevassa 23.2. Jari-Pekka Teuraj\u00e4rvi (kesk.) kirjoitti (Kaleva 20.2.\/Lukijalta) siit\u00e4, kuinka [&hellip;]<\/p>\n","protected":false},"author":1,"featured_media":0,"comment_status":"closed","ping_status":"closed","sticky":false,"template":"","format":"standard","meta":{"_monsterinsights_skip_tracking":false,"_monsterinsights_sitenote_active":false,"_monsterinsights_sitenote_note":"","_monsterinsights_sitenote_category":0,"site-sidebar-layout":"default","site-content-layout":"","ast-site-content-layout":"default","site-content-style":"default","site-sidebar-style":"default","ast-global-header-display":"","ast-banner-title-visibility":"","ast-main-header-display":"","ast-hfb-above-header-display":"","ast-hfb-below-header-display":"","ast-hfb-mobile-header-display":"","site-post-title":"","ast-breadcrumbs-content":"","ast-featured-img":"","footer-sml-layout":"","ast-disable-related-posts":"","theme-transparent-header-meta":"","adv-header-id-meta":"","stick-header-meta":"","header-above-stick-meta":"","header-main-stick-meta":"","header-below-stick-meta":"","astra-migrate-meta-layouts":"default","ast-page-background-enabled":"default","ast-page-background-meta":{"desktop":{"background-color":"var(--ast-global-color-5)","background-image":"","background-repeat":"repeat","background-position":"center center","background-size":"auto","background-attachment":"scroll","background-type":"","background-media":"","overlay-type":"","overlay-color":"","overlay-opacity":"","overlay-gradient":""},"tablet":{"background-color":"","background-image":"","background-repeat":"repeat","background-position":"center center","background-size":"auto","background-attachment":"scroll","background-type":"","background-media":"","overlay-type":"","overlay-color":"","overlay-opacity":"","overlay-gradient":""},"mobile":{"background-color":"","background-image":"","background-repeat":"repeat","background-position":"center center","background-size":"auto","background-attachment":"scroll","background-type":"","background-media":"","overlay-type":"","overlay-color":"","overlay-opacity":"","overlay-gradient":""}},"ast-content-background-meta":{"desktop":{"background-color":"var(--ast-global-color-4)","background-image":"","background-repeat":"repeat","background-position":"center center","background-size":"auto","background-attachment":"scroll","background-type":"","background-media":"","overlay-type":"","overlay-color":"","overlay-opacity":"","overlay-gradient":""},"tablet":{"background-color":"var(--ast-global-color-4)","background-image":"","background-repeat":"repeat","background-position":"center center","background-size":"auto","background-attachment":"scroll","background-type":"","background-media":"","overlay-type":"","overlay-color":"","overlay-opacity":"","overlay-gradient":""},"mobile":{"background-color":"var(--ast-global-color-4)","background-image":"","background-repeat":"repeat","background-position":"center center","background-size":"auto","background-attachment":"scroll","background-type":"","background-media":"","overlay-type":"","overlay-color":"","overlay-opacity":"","overlay-gradient":""}},"footnotes":""},"categories":[1],"tags":[],"class_list":["post-1524","post","type-post","status-publish","format-standard","hentry","category-uncategorized"],"yoast_head":"<!-- This site is optimized with the Yoast SEO plugin v27.5 - https:\/\/yoast.com\/product\/yoast-seo-wordpress\/ -->\n<title>Paras tuki kaupungilta on laadukas varhaiskasvatus - Jenni Pitko - Vihreiden varapuheenjohtaja, ymp\u00e4rist\u00f6valiokunnan puheenjohtaja, kansanedustaja ja arkkitehti Oulusta<\/title>\n<meta name=\"robots\" content=\"index, follow, max-snippet:-1, max-image-preview:large, max-video-preview:-1\" \/>\n<link rel=\"canonical\" href=\"https:\/\/jennipitko.fi\/koti\/paras-tuki-kaupungilta-on-laadukas-varhaiskasvatus\/\" \/>\n<meta property=\"og:locale\" content=\"fi_FI\" \/>\n<meta property=\"og:type\" content=\"article\" \/>\n<meta property=\"og:title\" content=\"Paras tuki kaupungilta on laadukas varhaiskasvatus - Jenni Pitko - Vihreiden varapuheenjohtaja, ymp\u00e4rist\u00f6valiokunnan puheenjohtaja, kansanedustaja ja arkkitehti Oulusta\" \/>\n<meta property=\"og:description\" content=\"Mielipidekirjoitus on tehty yhdess\u00e4 Aino-Kaisa Mannisen kanssa ja julkaistu sanomalehti Kalevassa 23.2. Jari-Pekka Teuraj\u00e4rvi (kesk.) kirjoitti (Kaleva 20.2.\/Lukijalta) siit\u00e4, kuinka [&hellip;]\" \/>\n<meta property=\"og:url\" content=\"https:\/\/jennipitko.fi\/koti\/paras-tuki-kaupungilta-on-laadukas-varhaiskasvatus\/\" \/>\n<meta property=\"og:site_name\" content=\"Jenni Pitko - Vihreiden varapuheenjohtaja, ymp\u00e4rist\u00f6valiokunnan puheenjohtaja, kansanedustaja ja arkkitehti Oulusta\" \/>\n<meta property=\"article:published_time\" content=\"2017-02-23T06:42:35+00:00\" \/>\n<meta property=\"article:modified_time\" content=\"2017-02-23T08:16:25+00:00\" \/>\n<meta name=\"author\" content=\"Jenni\" \/>\n<meta name=\"twitter:card\" content=\"summary_large_image\" \/>\n<meta name=\"twitter:label1\" content=\"Kirjoittanut\" \/>\n\t<meta name=\"twitter:data1\" content=\"Jenni\" \/>\n\t<meta name=\"twitter:label2\" content=\"Arvioitu lukuaika\" \/>\n\t<meta name=\"twitter:data2\" content=\"1 minuutti\" \/>\n<script type=\"application\/ld+json\" class=\"yoast-schema-graph\">{\"@context\":\"https:\\\/\\\/schema.org\",\"@graph\":[{\"@type\":\"Article\",\"@id\":\"https:\\\/\\\/jennipitko.fi\\\/koti\\\/paras-tuki-kaupungilta-on-laadukas-varhaiskasvatus\\\/#article\",\"isPartOf\":{\"@id\":\"https:\\\/\\\/jennipitko.fi\\\/koti\\\/paras-tuki-kaupungilta-on-laadukas-varhaiskasvatus\\\/\"},\"author\":{\"name\":\"Jenni\",\"@id\":\"https:\\\/\\\/jennipitko.fi\\\/koti\\\/#\\\/schema\\\/person\\\/35955c467f851f10124809310e7e7ee8\"},\"headline\":\"Paras tuki kaupungilta on laadukas varhaiskasvatus\",\"datePublished\":\"2017-02-23T06:42:35+00:00\",\"dateModified\":\"2017-02-23T08:16:25+00:00\",\"mainEntityOfPage\":{\"@id\":\"https:\\\/\\\/jennipitko.fi\\\/koti\\\/paras-tuki-kaupungilta-on-laadukas-varhaiskasvatus\\\/\"},\"wordCount\":264,\"publisher\":{\"@id\":\"https:\\\/\\\/jennipitko.fi\\\/koti\\\/#organization\"},\"articleSection\":[\"Uncategorized\"],\"inLanguage\":\"fi\"},{\"@type\":\"WebPage\",\"@id\":\"https:\\\/\\\/jennipitko.fi\\\/koti\\\/paras-tuki-kaupungilta-on-laadukas-varhaiskasvatus\\\/\",\"url\":\"https:\\\/\\\/jennipitko.fi\\\/koti\\\/paras-tuki-kaupungilta-on-laadukas-varhaiskasvatus\\\/\",\"name\":\"Paras tuki kaupungilta on laadukas varhaiskasvatus - Jenni Pitko - Vihreiden varapuheenjohtaja, ymp\u00e4rist\u00f6valiokunnan puheenjohtaja, kansanedustaja ja arkkitehti Oulusta\",\"isPartOf\":{\"@id\":\"https:\\\/\\\/jennipitko.fi\\\/koti\\\/#website\"},\"datePublished\":\"2017-02-23T06:42:35+00:00\",\"dateModified\":\"2017-02-23T08:16:25+00:00\",\"breadcrumb\":{\"@id\":\"https:\\\/\\\/jennipitko.fi\\\/koti\\\/paras-tuki-kaupungilta-on-laadukas-varhaiskasvatus\\\/#breadcrumb\"},\"inLanguage\":\"fi\",\"potentialAction\":[{\"@type\":\"ReadAction\",\"target\":[\"https:\\\/\\\/jennipitko.fi\\\/koti\\\/paras-tuki-kaupungilta-on-laadukas-varhaiskasvatus\\\/\"]}]},{\"@type\":\"BreadcrumbList\",\"@id\":\"https:\\\/\\\/jennipitko.fi\\\/koti\\\/paras-tuki-kaupungilta-on-laadukas-varhaiskasvatus\\\/#breadcrumb\",\"itemListElement\":[{\"@type\":\"ListItem\",\"position\":1,\"name\":\"Home\",\"item\":\"https:\\\/\\\/jennipitko.fi\\\/koti\\\/\"},{\"@type\":\"ListItem\",\"position\":2,\"name\":\"Paras tuki kaupungilta on laadukas varhaiskasvatus\"}]},{\"@type\":\"WebSite\",\"@id\":\"https:\\\/\\\/jennipitko.fi\\\/koti\\\/#website\",\"url\":\"https:\\\/\\\/jennipitko.fi\\\/koti\\\/\",\"name\":\"Jenni Pitko - Vihreiden varapuheenjohtaja, ymp\u00e4rist\u00f6valiokunnan puheenjohtaja, kansanedustaja ja arkkitehti Oulusta\",\"description\":\"Jenni Pitko - Vihreiden varapuheenjohtaja, ymp\u00e4rist\u00f6valiokunnan puheenjohtaja, kansanedustaja ja arkkitehti Oulusta\",\"publisher\":{\"@id\":\"https:\\\/\\\/jennipitko.fi\\\/koti\\\/#organization\"},\"potentialAction\":[{\"@type\":\"SearchAction\",\"target\":{\"@type\":\"EntryPoint\",\"urlTemplate\":\"https:\\\/\\\/jennipitko.fi\\\/koti\\\/?s={search_term_string}\"},\"query-input\":{\"@type\":\"PropertyValueSpecification\",\"valueRequired\":true,\"valueName\":\"search_term_string\"}}],\"inLanguage\":\"fi\"},{\"@type\":\"Organization\",\"@id\":\"https:\\\/\\\/jennipitko.fi\\\/koti\\\/#organization\",\"name\":\"Jenni Pitko - Vihreiden varapuheenjohtaja, ymp\u00e4rist\u00f6valiokunnan puheenjohtaja, kansanedustaja ja arkkitehti Oulusta\",\"url\":\"https:\\\/\\\/jennipitko.fi\\\/koti\\\/\",\"logo\":{\"@type\":\"ImageObject\",\"inLanguage\":\"fi\",\"@id\":\"https:\\\/\\\/jennipitko.fi\\\/koti\\\/#\\\/schema\\\/logo\\\/image\\\/\",\"url\":\"https:\\\/\\\/jennipitko.fi\\\/koti\\\/wp-content\\\/uploads\\\/2025\\\/09\\\/Nimeton-malli-38.png\",\"contentUrl\":\"https:\\\/\\\/jennipitko.fi\\\/koti\\\/wp-content\\\/uploads\\\/2025\\\/09\\\/Nimeton-malli-38.png\",\"width\":1280,\"height\":847,\"caption\":\"Jenni Pitko - Vihreiden varapuheenjohtaja, ymp\u00e4rist\u00f6valiokunnan puheenjohtaja, kansanedustaja ja arkkitehti Oulusta\"},\"image\":{\"@id\":\"https:\\\/\\\/jennipitko.fi\\\/koti\\\/#\\\/schema\\\/logo\\\/image\\\/\"}},{\"@type\":\"Person\",\"@id\":\"https:\\\/\\\/jennipitko.fi\\\/koti\\\/#\\\/schema\\\/person\\\/35955c467f851f10124809310e7e7ee8\",\"name\":\"Jenni\",\"image\":{\"@type\":\"ImageObject\",\"inLanguage\":\"fi\",\"@id\":\"https:\\\/\\\/secure.gravatar.com\\\/avatar\\\/625a0e6413b293da7739d42617828d564a4d6028aec3f45d8939a2ba1617199f?s=96&d=blank&r=g\",\"url\":\"https:\\\/\\\/secure.gravatar.com\\\/avatar\\\/625a0e6413b293da7739d42617828d564a4d6028aec3f45d8939a2ba1617199f?s=96&d=blank&r=g\",\"contentUrl\":\"https:\\\/\\\/secure.gravatar.com\\\/avatar\\\/625a0e6413b293da7739d42617828d564a4d6028aec3f45d8939a2ba1617199f?s=96&d=blank&r=g\",\"caption\":\"Jenni\"},\"url\":\"https:\\\/\\\/jennipitko.fi\\\/koti\\\/author\\\/jenni\\\/\"}]}<\/script>\n<!-- \/ Yoast SEO plugin. -->","yoast_head_json":{"title":"Paras tuki kaupungilta on laadukas varhaiskasvatus - Jenni Pitko - Vihreiden varapuheenjohtaja, ymp\u00e4rist\u00f6valiokunnan puheenjohtaja, kansanedustaja ja arkkitehti Oulusta","robots":{"index":"index","follow":"follow","max-snippet":"max-snippet:-1","max-image-preview":"max-image-preview:large","max-video-preview":"max-video-preview:-1"},"canonical":"https:\/\/jennipitko.fi\/koti\/paras-tuki-kaupungilta-on-laadukas-varhaiskasvatus\/","og_locale":"fi_FI","og_type":"article","og_title":"Paras tuki kaupungilta on laadukas varhaiskasvatus - Jenni Pitko - Vihreiden varapuheenjohtaja, ymp\u00e4rist\u00f6valiokunnan puheenjohtaja, kansanedustaja ja arkkitehti Oulusta","og_description":"Mielipidekirjoitus on tehty yhdess\u00e4 Aino-Kaisa Mannisen kanssa ja julkaistu sanomalehti Kalevassa 23.2. Jari-Pekka Teuraj\u00e4rvi (kesk.) kirjoitti (Kaleva 20.2.\/Lukijalta) siit\u00e4, kuinka [&hellip;]","og_url":"https:\/\/jennipitko.fi\/koti\/paras-tuki-kaupungilta-on-laadukas-varhaiskasvatus\/","og_site_name":"Jenni Pitko - Vihreiden varapuheenjohtaja, ymp\u00e4rist\u00f6valiokunnan puheenjohtaja, kansanedustaja ja arkkitehti Oulusta","article_published_time":"2017-02-23T06:42:35+00:00","article_modified_time":"2017-02-23T08:16:25+00:00","author":"Jenni","twitter_card":"summary_large_image","twitter_misc":{"Kirjoittanut":"Jenni","Arvioitu lukuaika":"1 minuutti"},"schema":{"@context":"https:\/\/schema.org","@graph":[{"@type":"Article","@id":"https:\/\/jennipitko.fi\/koti\/paras-tuki-kaupungilta-on-laadukas-varhaiskasvatus\/#article","isPartOf":{"@id":"https:\/\/jennipitko.fi\/koti\/paras-tuki-kaupungilta-on-laadukas-varhaiskasvatus\/"},"author":{"name":"Jenni","@id":"https:\/\/jennipitko.fi\/koti\/#\/schema\/person\/35955c467f851f10124809310e7e7ee8"},"headline":"Paras tuki kaupungilta on laadukas varhaiskasvatus","datePublished":"2017-02-23T06:42:35+00:00","dateModified":"2017-02-23T08:16:25+00:00","mainEntityOfPage":{"@id":"https:\/\/jennipitko.fi\/koti\/paras-tuki-kaupungilta-on-laadukas-varhaiskasvatus\/"},"wordCount":264,"publisher":{"@id":"https:\/\/jennipitko.fi\/koti\/#organization"},"articleSection":["Uncategorized"],"inLanguage":"fi"},{"@type":"WebPage","@id":"https:\/\/jennipitko.fi\/koti\/paras-tuki-kaupungilta-on-laadukas-varhaiskasvatus\/","url":"https:\/\/jennipitko.fi\/koti\/paras-tuki-kaupungilta-on-laadukas-varhaiskasvatus\/","name":"Paras tuki kaupungilta on laadukas varhaiskasvatus - Jenni Pitko - Vihreiden varapuheenjohtaja, ymp\u00e4rist\u00f6valiokunnan puheenjohtaja, kansanedustaja ja arkkitehti Oulusta","isPartOf":{"@id":"https:\/\/jennipitko.fi\/koti\/#website"},"datePublished":"2017-02-23T06:42:35+00:00","dateModified":"2017-02-23T08:16:25+00:00","breadcrumb":{"@id":"https:\/\/jennipitko.fi\/koti\/paras-tuki-kaupungilta-on-laadukas-varhaiskasvatus\/#breadcrumb"},"inLanguage":"fi","potentialAction":[{"@type":"ReadAction","target":["https:\/\/jennipitko.fi\/koti\/paras-tuki-kaupungilta-on-laadukas-varhaiskasvatus\/"]}]},{"@type":"BreadcrumbList","@id":"https:\/\/jennipitko.fi\/koti\/paras-tuki-kaupungilta-on-laadukas-varhaiskasvatus\/#breadcrumb","itemListElement":[{"@type":"ListItem","position":1,"name":"Home","item":"https:\/\/jennipitko.fi\/koti\/"},{"@type":"ListItem","position":2,"name":"Paras tuki kaupungilta on laadukas varhaiskasvatus"}]},{"@type":"WebSite","@id":"https:\/\/jennipitko.fi\/koti\/#website","url":"https:\/\/jennipitko.fi\/koti\/","name":"Jenni Pitko - Vihreiden varapuheenjohtaja, ymp\u00e4rist\u00f6valiokunnan puheenjohtaja, kansanedustaja ja arkkitehti Oulusta","description":"Jenni Pitko - Vihreiden varapuheenjohtaja, ymp\u00e4rist\u00f6valiokunnan puheenjohtaja, kansanedustaja ja arkkitehti Oulusta","publisher":{"@id":"https:\/\/jennipitko.fi\/koti\/#organization"},"potentialAction":[{"@type":"SearchAction","target":{"@type":"EntryPoint","urlTemplate":"https:\/\/jennipitko.fi\/koti\/?s={search_term_string}"},"query-input":{"@type":"PropertyValueSpecification","valueRequired":true,"valueName":"search_term_string"}}],"inLanguage":"fi"},{"@type":"Organization","@id":"https:\/\/jennipitko.fi\/koti\/#organization","name":"Jenni Pitko - Vihreiden varapuheenjohtaja, ymp\u00e4rist\u00f6valiokunnan puheenjohtaja, kansanedustaja ja arkkitehti Oulusta","url":"https:\/\/jennipitko.fi\/koti\/","logo":{"@type":"ImageObject","inLanguage":"fi","@id":"https:\/\/jennipitko.fi\/koti\/#\/schema\/logo\/image\/","url":"https:\/\/jennipitko.fi\/koti\/wp-content\/uploads\/2025\/09\/Nimeton-malli-38.png","contentUrl":"https:\/\/jennipitko.fi\/koti\/wp-content\/uploads\/2025\/09\/Nimeton-malli-38.png","width":1280,"height":847,"caption":"Jenni Pitko - Vihreiden varapuheenjohtaja, ymp\u00e4rist\u00f6valiokunnan puheenjohtaja, kansanedustaja ja arkkitehti Oulusta"},"image":{"@id":"https:\/\/jennipitko.fi\/koti\/#\/schema\/logo\/image\/"}},{"@type":"Person","@id":"https:\/\/jennipitko.fi\/koti\/#\/schema\/person\/35955c467f851f10124809310e7e7ee8","name":"Jenni","image":{"@type":"ImageObject","inLanguage":"fi","@id":"https:\/\/secure.gravatar.com\/avatar\/625a0e6413b293da7739d42617828d564a4d6028aec3f45d8939a2ba1617199f?s=96&d=blank&r=g","url":"https:\/\/secure.gravatar.com\/avatar\/625a0e6413b293da7739d42617828d564a4d6028aec3f45d8939a2ba1617199f?s=96&d=blank&r=g","contentUrl":"https:\/\/secure.gravatar.com\/avatar\/625a0e6413b293da7739d42617828d564a4d6028aec3f45d8939a2ba1617199f?s=96&d=blank&r=g","caption":"Jenni"},"url":"https:\/\/jennipitko.fi\/koti\/author\/jenni\/"}]}},"_links":{"self":[{"href":"https:\/\/jennipitko.fi\/koti\/wp-json\/wp\/v2\/posts\/1524","targetHints":{"allow":["GET"]}}],"collection":[{"href":"https:\/\/jennipitko.fi\/koti\/wp-json\/wp\/v2\/posts"}],"about":[{"href":"https:\/\/jennipitko.fi\/koti\/wp-json\/wp\/v2\/types\/post"}],"author":[{"embeddable":true,"href":"https:\/\/jennipitko.fi\/koti\/wp-json\/wp\/v2\/users\/1"}],"replies":[{"embeddable":true,"href":"https:\/\/jennipitko.fi\/koti\/wp-json\/wp\/v2\/comments?post=1524"}],"version-history":[{"count":1,"href":"https:\/\/jennipitko.fi\/koti\/wp-json\/wp\/v2\/posts\/1524\/revisions"}],"predecessor-version":[{"id":1526,"href":"https:\/\/jennipitko.fi\/koti\/wp-json\/wp\/v2\/posts\/1524\/revisions\/1526"}],"wp:attachment":[{"href":"https:\/\/jennipitko.fi\/koti\/wp-json\/wp\/v2\/media?parent=1524"}],"wp:term":[{"taxonomy":"category","embeddable":true,"href":"https:\/\/jennipitko.fi\/koti\/wp-json\/wp\/v2\/categories?post=1524"},{"taxonomy":"post_tag","embeddable":true,"href":"https:\/\/jennipitko.fi\/koti\/wp-json\/wp\/v2\/tags?post=1524"}],"curies":[{"name":"wp","href":"https:\/\/api.w.org\/{rel}","templated":true}]}}