{"id":1601,"date":"2017-04-04T18:32:46","date_gmt":"2017-04-04T16:32:46","guid":{"rendered":"http:\/\/jennipitko.fi\/koti\/?p=1601"},"modified":"2017-04-04T18:33:42","modified_gmt":"2017-04-04T16:33:42","slug":"pitko-ja-tapaninen-sailytetaan-raatti-virkistys-ja-urheilualueena","status":"publish","type":"post","link":"https:\/\/jennipitko.fi\/koti\/pitko-ja-tapaninen-sailytetaan-raatti-virkistys-ja-urheilualueena\/","title":{"rendered":"Pitko ja Tapaninen: S\u00e4ilytet\u00e4\u00e4n Raatti virkistys- ja urheilualueena"},"content":{"rendered":"<p>Yhdyskuntalautakunnan ja kaupunginhallituksen k\u00e4sittelyss\u00e4 on paraikaa Raatin suistoalueen tontinluovutuskilpailun k\u00e4ynnist\u00e4minen. Asia on osa Pohjoinen vetovoimainen kaupunki -ohjelmaa, jossa on erilaisia toimenpiteit\u00e4 Oulun vetovoiman lis\u00e4\u00e4miseksi. Suurin osa toimenpiteist\u00e4 on jo tehtyjen suunnitelmien mukaisia ja eritt\u00e4in kannatettavia. Yksi toimenpiteist\u00e4, Raatin rantojen asuntorakentaminen kuitenkin her\u00e4tt\u00e4\u00e4 ihmetyst\u00e4 &#8211; miksi ja miten?<\/p>\n<p>Oulun kaupunginvaltuusto hyv\u00e4ksyi noin vuosi sitten Uuden Oulun yleiskaavan, joka ohjaa koko kaupungin maank\u00e4ytt\u00f6\u00e4. Raatin asuntorakentamissuunnitelma on selv\u00e4sti yleiskaavan vastainen, alue on kaavassa virkistysaluetta, kuten suistoalueen rannat p\u00e4\u00e4asiassa muutenkin. Paikkoja uudelle asuntorakentamiselle on osoitettu keskustassa ja l\u00e4hialueilla paljon &#8211; sill\u00e4 ei Raatin rantojen asuntorakentamista voi perustella.<!--more--><\/p>\n<p>Aluehan ei ole my\u00f6sk\u00e4\u00e4n mit\u00e4 tahansa rantaa, vaan se on osa valtakunnallisesti merkitt\u00e4v\u00e4\u00e4 kulttuuriymp\u00e4rist\u00f6\u00e4 ja osa Oululle kulttuurihistoriallisesti merkitt\u00e4v\u00e4\u00e4 suistoymp\u00e4rist\u00f6\u00e4. Arvokkaaseen suistoymp\u00e4rist\u00f6\u00f6n rakentaminen tulisi perustua maisemallisiin selvityksiin, jotta rakentaminen ei est\u00e4isi upeita maisemia, suistosta ja suistolle. Lis\u00e4ksi toimintojen yhteensopivuutta pit\u00e4isi tukia. Raatin urheilutoiminnot sek\u00e4 Kuusisaaren tapahtumapuisto eiv\u00e4t taida olla paras naapuri asumiselle.<\/p>\n<p>Kuusisaari ja Raatti ovat virkistys- ja urheilualuetta, johon odotetaan entist\u00e4 enemm\u00e4n suurtapahtumia. Mielest\u00e4mme Raattia tulisi kehitt\u00e4\u00e4 virkistyksen ja urheilun ehdoilla. T\u00e4m\u00e4 ranta olisi mahtava paikka esimerkiksi Oulun maauimalalle tai yleiselle saunalle.<\/p>\n<p>Jenni Pitko<br \/>\nVihreiden kaupunginvaltuutettu, Oulu<\/p>\n<p>Marjo Tapaninen<br \/>\nOulun vihreiden puheenjohtaja<\/p>\n<p><em>Kirjoitus on julkaistu sanomalehti Kalevassa 1.4.2017<\/em><\/p>\n","protected":false},"excerpt":{"rendered":"<p>Yhdyskuntalautakunnan ja kaupunginhallituksen k\u00e4sittelyss\u00e4 on paraikaa Raatin suistoalueen tontinluovutuskilpailun k\u00e4ynnist\u00e4minen. Asia on osa Pohjoinen vetovoimainen kaupunki -ohjelmaa, jossa on erilaisia [&hellip;]<\/p>\n","protected":false},"author":1,"featured_media":0,"comment_status":"closed","ping_status":"closed","sticky":false,"template":"","format":"standard","meta":{"_monsterinsights_skip_tracking":false,"_monsterinsights_sitenote_active":false,"_monsterinsights_sitenote_note":"","_monsterinsights_sitenote_category":0,"site-sidebar-layout":"default","site-content-layout":"","ast-site-content-layout":"default","site-content-style":"default","site-sidebar-style":"default","ast-global-header-display":"","ast-banner-title-visibility":"","ast-main-header-display":"","ast-hfb-above-header-display":"","ast-hfb-below-header-display":"","ast-hfb-mobile-header-display":"","site-post-title":"","ast-breadcrumbs-content":"","ast-featured-img":"","footer-sml-layout":"","ast-disable-related-posts":"","theme-transparent-header-meta":"","adv-header-id-meta":"","stick-header-meta":"","header-above-stick-meta":"","header-main-stick-meta":"","header-below-stick-meta":"","astra-migrate-meta-layouts":"default","ast-page-background-enabled":"default","ast-page-background-meta":{"desktop":{"background-color":"var(--ast-global-color-5)","background-image":"","background-repeat":"repeat","background-position":"center center","background-size":"auto","background-attachment":"scroll","background-type":"","background-media":"","overlay-type":"","overlay-color":"","overlay-opacity":"","overlay-gradient":""},"tablet":{"background-color":"","background-image":"","background-repeat":"repeat","background-position":"center center","background-size":"auto","background-attachment":"scroll","background-type":"","background-media":"","overlay-type":"","overlay-color":"","overlay-opacity":"","overlay-gradient":""},"mobile":{"background-color":"","background-image":"","background-repeat":"repeat","background-position":"center center","background-size":"auto","background-attachment":"scroll","background-type":"","background-media":"","overlay-type":"","overlay-color":"","overlay-opacity":"","overlay-gradient":""}},"ast-content-background-meta":{"desktop":{"background-color":"var(--ast-global-color-4)","background-image":"","background-repeat":"repeat","background-position":"center center","background-size":"auto","background-attachment":"scroll","background-type":"","background-media":"","overlay-type":"","overlay-color":"","overlay-opacity":"","overlay-gradient":""},"tablet":{"background-color":"var(--ast-global-color-4)","background-image":"","background-repeat":"repeat","background-position":"center center","background-size":"auto","background-attachment":"scroll","background-type":"","background-media":"","overlay-type":"","overlay-color":"","overlay-opacity":"","overlay-gradient":""},"mobile":{"background-color":"var(--ast-global-color-4)","background-image":"","background-repeat":"repeat","background-position":"center center","background-size":"auto","background-attachment":"scroll","background-type":"","background-media":"","overlay-type":"","overlay-color":"","overlay-opacity":"","overlay-gradient":""}},"footnotes":""},"categories":[2,117],"tags":[247,248,249,23],"class_list":["post-1601","post","type-post","status-publish","format-standard","hentry","category-blogi","category-tiedotteet","tag-raatti","tag-suisto","tag-urheilu","tag-virkistys"],"yoast_head":"<!-- This site is optimized with the Yoast SEO plugin v27.5 - https:\/\/yoast.com\/product\/yoast-seo-wordpress\/ -->\n<title>Pitko ja Tapaninen: S\u00e4ilytet\u00e4\u00e4n Raatti virkistys- ja urheilualueena - Jenni Pitko - Vihreiden varapuheenjohtaja, ymp\u00e4rist\u00f6valiokunnan puheenjohtaja, kansanedustaja ja arkkitehti Oulusta<\/title>\n<meta name=\"robots\" content=\"index, follow, max-snippet:-1, max-image-preview:large, max-video-preview:-1\" \/>\n<link rel=\"canonical\" href=\"https:\/\/jennipitko.fi\/koti\/pitko-ja-tapaninen-sailytetaan-raatti-virkistys-ja-urheilualueena\/\" \/>\n<meta property=\"og:locale\" content=\"fi_FI\" \/>\n<meta property=\"og:type\" content=\"article\" \/>\n<meta property=\"og:title\" content=\"Pitko ja Tapaninen: S\u00e4ilytet\u00e4\u00e4n Raatti virkistys- ja urheilualueena - Jenni Pitko - Vihreiden varapuheenjohtaja, ymp\u00e4rist\u00f6valiokunnan puheenjohtaja, kansanedustaja ja arkkitehti Oulusta\" \/>\n<meta property=\"og:description\" content=\"Yhdyskuntalautakunnan ja kaupunginhallituksen k\u00e4sittelyss\u00e4 on paraikaa Raatin suistoalueen tontinluovutuskilpailun k\u00e4ynnist\u00e4minen. Asia on osa Pohjoinen vetovoimainen kaupunki -ohjelmaa, jossa on erilaisia [&hellip;]\" \/>\n<meta property=\"og:url\" content=\"https:\/\/jennipitko.fi\/koti\/pitko-ja-tapaninen-sailytetaan-raatti-virkistys-ja-urheilualueena\/\" \/>\n<meta property=\"og:site_name\" content=\"Jenni Pitko - Vihreiden varapuheenjohtaja, ymp\u00e4rist\u00f6valiokunnan puheenjohtaja, kansanedustaja ja arkkitehti Oulusta\" \/>\n<meta property=\"article:published_time\" content=\"2017-04-04T16:32:46+00:00\" \/>\n<meta property=\"article:modified_time\" content=\"2017-04-04T16:33:42+00:00\" \/>\n<meta name=\"author\" content=\"Jenni\" \/>\n<meta name=\"twitter:card\" content=\"summary_large_image\" \/>\n<meta name=\"twitter:label1\" content=\"Kirjoittanut\" \/>\n\t<meta name=\"twitter:data1\" content=\"Jenni\" \/>\n\t<meta name=\"twitter:label2\" content=\"Arvioitu lukuaika\" \/>\n\t<meta name=\"twitter:data2\" content=\"1 minuutti\" \/>\n<script type=\"application\/ld+json\" class=\"yoast-schema-graph\">{\"@context\":\"https:\\\/\\\/schema.org\",\"@graph\":[{\"@type\":\"Article\",\"@id\":\"https:\\\/\\\/jennipitko.fi\\\/koti\\\/pitko-ja-tapaninen-sailytetaan-raatti-virkistys-ja-urheilualueena\\\/#article\",\"isPartOf\":{\"@id\":\"https:\\\/\\\/jennipitko.fi\\\/koti\\\/pitko-ja-tapaninen-sailytetaan-raatti-virkistys-ja-urheilualueena\\\/\"},\"author\":{\"name\":\"Jenni\",\"@id\":\"https:\\\/\\\/jennipitko.fi\\\/koti\\\/#\\\/schema\\\/person\\\/35955c467f851f10124809310e7e7ee8\"},\"headline\":\"Pitko ja Tapaninen: S\u00e4ilytet\u00e4\u00e4n Raatti virkistys- ja urheilualueena\",\"datePublished\":\"2017-04-04T16:32:46+00:00\",\"dateModified\":\"2017-04-04T16:33:42+00:00\",\"mainEntityOfPage\":{\"@id\":\"https:\\\/\\\/jennipitko.fi\\\/koti\\\/pitko-ja-tapaninen-sailytetaan-raatti-virkistys-ja-urheilualueena\\\/\"},\"wordCount\":227,\"publisher\":{\"@id\":\"https:\\\/\\\/jennipitko.fi\\\/koti\\\/#organization\"},\"keywords\":[\"raatti\",\"suisto\",\"urheilu\",\"virkistys\"],\"articleSection\":[\"Blogi\",\"Tiedotteet\"],\"inLanguage\":\"fi\"},{\"@type\":\"WebPage\",\"@id\":\"https:\\\/\\\/jennipitko.fi\\\/koti\\\/pitko-ja-tapaninen-sailytetaan-raatti-virkistys-ja-urheilualueena\\\/\",\"url\":\"https:\\\/\\\/jennipitko.fi\\\/koti\\\/pitko-ja-tapaninen-sailytetaan-raatti-virkistys-ja-urheilualueena\\\/\",\"name\":\"Pitko ja Tapaninen: S\u00e4ilytet\u00e4\u00e4n Raatti virkistys- ja urheilualueena - Jenni Pitko - Vihreiden varapuheenjohtaja, ymp\u00e4rist\u00f6valiokunnan puheenjohtaja, kansanedustaja ja arkkitehti Oulusta\",\"isPartOf\":{\"@id\":\"https:\\\/\\\/jennipitko.fi\\\/koti\\\/#website\"},\"datePublished\":\"2017-04-04T16:32:46+00:00\",\"dateModified\":\"2017-04-04T16:33:42+00:00\",\"breadcrumb\":{\"@id\":\"https:\\\/\\\/jennipitko.fi\\\/koti\\\/pitko-ja-tapaninen-sailytetaan-raatti-virkistys-ja-urheilualueena\\\/#breadcrumb\"},\"inLanguage\":\"fi\",\"potentialAction\":[{\"@type\":\"ReadAction\",\"target\":[\"https:\\\/\\\/jennipitko.fi\\\/koti\\\/pitko-ja-tapaninen-sailytetaan-raatti-virkistys-ja-urheilualueena\\\/\"]}]},{\"@type\":\"BreadcrumbList\",\"@id\":\"https:\\\/\\\/jennipitko.fi\\\/koti\\\/pitko-ja-tapaninen-sailytetaan-raatti-virkistys-ja-urheilualueena\\\/#breadcrumb\",\"itemListElement\":[{\"@type\":\"ListItem\",\"position\":1,\"name\":\"Home\",\"item\":\"https:\\\/\\\/jennipitko.fi\\\/koti\\\/\"},{\"@type\":\"ListItem\",\"position\":2,\"name\":\"Pitko ja Tapaninen: S\u00e4ilytet\u00e4\u00e4n Raatti virkistys- ja urheilualueena\"}]},{\"@type\":\"WebSite\",\"@id\":\"https:\\\/\\\/jennipitko.fi\\\/koti\\\/#website\",\"url\":\"https:\\\/\\\/jennipitko.fi\\\/koti\\\/\",\"name\":\"Jenni Pitko - Vihreiden varapuheenjohtaja, ymp\u00e4rist\u00f6valiokunnan puheenjohtaja, kansanedustaja ja arkkitehti Oulusta\",\"description\":\"Jenni Pitko - Vihreiden varapuheenjohtaja, ymp\u00e4rist\u00f6valiokunnan puheenjohtaja, kansanedustaja ja arkkitehti Oulusta\",\"publisher\":{\"@id\":\"https:\\\/\\\/jennipitko.fi\\\/koti\\\/#organization\"},\"potentialAction\":[{\"@type\":\"SearchAction\",\"target\":{\"@type\":\"EntryPoint\",\"urlTemplate\":\"https:\\\/\\\/jennipitko.fi\\\/koti\\\/?s={search_term_string}\"},\"query-input\":{\"@type\":\"PropertyValueSpecification\",\"valueRequired\":true,\"valueName\":\"search_term_string\"}}],\"inLanguage\":\"fi\"},{\"@type\":\"Organization\",\"@id\":\"https:\\\/\\\/jennipitko.fi\\\/koti\\\/#organization\",\"name\":\"Jenni Pitko - Vihreiden varapuheenjohtaja, ymp\u00e4rist\u00f6valiokunnan puheenjohtaja, kansanedustaja ja arkkitehti Oulusta\",\"url\":\"https:\\\/\\\/jennipitko.fi\\\/koti\\\/\",\"logo\":{\"@type\":\"ImageObject\",\"inLanguage\":\"fi\",\"@id\":\"https:\\\/\\\/jennipitko.fi\\\/koti\\\/#\\\/schema\\\/logo\\\/image\\\/\",\"url\":\"https:\\\/\\\/jennipitko.fi\\\/koti\\\/wp-content\\\/uploads\\\/2025\\\/09\\\/Nimeton-malli-38.png\",\"contentUrl\":\"https:\\\/\\\/jennipitko.fi\\\/koti\\\/wp-content\\\/uploads\\\/2025\\\/09\\\/Nimeton-malli-38.png\",\"width\":1280,\"height\":847,\"caption\":\"Jenni Pitko - Vihreiden varapuheenjohtaja, ymp\u00e4rist\u00f6valiokunnan puheenjohtaja, kansanedustaja ja arkkitehti Oulusta\"},\"image\":{\"@id\":\"https:\\\/\\\/jennipitko.fi\\\/koti\\\/#\\\/schema\\\/logo\\\/image\\\/\"}},{\"@type\":\"Person\",\"@id\":\"https:\\\/\\\/jennipitko.fi\\\/koti\\\/#\\\/schema\\\/person\\\/35955c467f851f10124809310e7e7ee8\",\"name\":\"Jenni\",\"image\":{\"@type\":\"ImageObject\",\"inLanguage\":\"fi\",\"@id\":\"https:\\\/\\\/secure.gravatar.com\\\/avatar\\\/625a0e6413b293da7739d42617828d564a4d6028aec3f45d8939a2ba1617199f?s=96&d=blank&r=g\",\"url\":\"https:\\\/\\\/secure.gravatar.com\\\/avatar\\\/625a0e6413b293da7739d42617828d564a4d6028aec3f45d8939a2ba1617199f?s=96&d=blank&r=g\",\"contentUrl\":\"https:\\\/\\\/secure.gravatar.com\\\/avatar\\\/625a0e6413b293da7739d42617828d564a4d6028aec3f45d8939a2ba1617199f?s=96&d=blank&r=g\",\"caption\":\"Jenni\"},\"url\":\"https:\\\/\\\/jennipitko.fi\\\/koti\\\/author\\\/jenni\\\/\"}]}<\/script>\n<!-- \/ Yoast SEO plugin. -->","yoast_head_json":{"title":"Pitko ja Tapaninen: S\u00e4ilytet\u00e4\u00e4n Raatti virkistys- ja urheilualueena - Jenni Pitko - Vihreiden varapuheenjohtaja, ymp\u00e4rist\u00f6valiokunnan puheenjohtaja, kansanedustaja ja arkkitehti Oulusta","robots":{"index":"index","follow":"follow","max-snippet":"max-snippet:-1","max-image-preview":"max-image-preview:large","max-video-preview":"max-video-preview:-1"},"canonical":"https:\/\/jennipitko.fi\/koti\/pitko-ja-tapaninen-sailytetaan-raatti-virkistys-ja-urheilualueena\/","og_locale":"fi_FI","og_type":"article","og_title":"Pitko ja Tapaninen: S\u00e4ilytet\u00e4\u00e4n Raatti virkistys- ja urheilualueena - Jenni Pitko - Vihreiden varapuheenjohtaja, ymp\u00e4rist\u00f6valiokunnan puheenjohtaja, kansanedustaja ja arkkitehti Oulusta","og_description":"Yhdyskuntalautakunnan ja kaupunginhallituksen k\u00e4sittelyss\u00e4 on paraikaa Raatin suistoalueen tontinluovutuskilpailun k\u00e4ynnist\u00e4minen. Asia on osa Pohjoinen vetovoimainen kaupunki -ohjelmaa, jossa on erilaisia [&hellip;]","og_url":"https:\/\/jennipitko.fi\/koti\/pitko-ja-tapaninen-sailytetaan-raatti-virkistys-ja-urheilualueena\/","og_site_name":"Jenni Pitko - Vihreiden varapuheenjohtaja, ymp\u00e4rist\u00f6valiokunnan puheenjohtaja, kansanedustaja ja arkkitehti Oulusta","article_published_time":"2017-04-04T16:32:46+00:00","article_modified_time":"2017-04-04T16:33:42+00:00","author":"Jenni","twitter_card":"summary_large_image","twitter_misc":{"Kirjoittanut":"Jenni","Arvioitu lukuaika":"1 minuutti"},"schema":{"@context":"https:\/\/schema.org","@graph":[{"@type":"Article","@id":"https:\/\/jennipitko.fi\/koti\/pitko-ja-tapaninen-sailytetaan-raatti-virkistys-ja-urheilualueena\/#article","isPartOf":{"@id":"https:\/\/jennipitko.fi\/koti\/pitko-ja-tapaninen-sailytetaan-raatti-virkistys-ja-urheilualueena\/"},"author":{"name":"Jenni","@id":"https:\/\/jennipitko.fi\/koti\/#\/schema\/person\/35955c467f851f10124809310e7e7ee8"},"headline":"Pitko ja Tapaninen: S\u00e4ilytet\u00e4\u00e4n Raatti virkistys- ja urheilualueena","datePublished":"2017-04-04T16:32:46+00:00","dateModified":"2017-04-04T16:33:42+00:00","mainEntityOfPage":{"@id":"https:\/\/jennipitko.fi\/koti\/pitko-ja-tapaninen-sailytetaan-raatti-virkistys-ja-urheilualueena\/"},"wordCount":227,"publisher":{"@id":"https:\/\/jennipitko.fi\/koti\/#organization"},"keywords":["raatti","suisto","urheilu","virkistys"],"articleSection":["Blogi","Tiedotteet"],"inLanguage":"fi"},{"@type":"WebPage","@id":"https:\/\/jennipitko.fi\/koti\/pitko-ja-tapaninen-sailytetaan-raatti-virkistys-ja-urheilualueena\/","url":"https:\/\/jennipitko.fi\/koti\/pitko-ja-tapaninen-sailytetaan-raatti-virkistys-ja-urheilualueena\/","name":"Pitko ja Tapaninen: S\u00e4ilytet\u00e4\u00e4n Raatti virkistys- ja urheilualueena - Jenni Pitko - Vihreiden varapuheenjohtaja, ymp\u00e4rist\u00f6valiokunnan puheenjohtaja, kansanedustaja ja arkkitehti Oulusta","isPartOf":{"@id":"https:\/\/jennipitko.fi\/koti\/#website"},"datePublished":"2017-04-04T16:32:46+00:00","dateModified":"2017-04-04T16:33:42+00:00","breadcrumb":{"@id":"https:\/\/jennipitko.fi\/koti\/pitko-ja-tapaninen-sailytetaan-raatti-virkistys-ja-urheilualueena\/#breadcrumb"},"inLanguage":"fi","potentialAction":[{"@type":"ReadAction","target":["https:\/\/jennipitko.fi\/koti\/pitko-ja-tapaninen-sailytetaan-raatti-virkistys-ja-urheilualueena\/"]}]},{"@type":"BreadcrumbList","@id":"https:\/\/jennipitko.fi\/koti\/pitko-ja-tapaninen-sailytetaan-raatti-virkistys-ja-urheilualueena\/#breadcrumb","itemListElement":[{"@type":"ListItem","position":1,"name":"Home","item":"https:\/\/jennipitko.fi\/koti\/"},{"@type":"ListItem","position":2,"name":"Pitko ja Tapaninen: S\u00e4ilytet\u00e4\u00e4n Raatti virkistys- ja urheilualueena"}]},{"@type":"WebSite","@id":"https:\/\/jennipitko.fi\/koti\/#website","url":"https:\/\/jennipitko.fi\/koti\/","name":"Jenni Pitko - Vihreiden varapuheenjohtaja, ymp\u00e4rist\u00f6valiokunnan puheenjohtaja, kansanedustaja ja arkkitehti Oulusta","description":"Jenni Pitko - Vihreiden varapuheenjohtaja, ymp\u00e4rist\u00f6valiokunnan puheenjohtaja, kansanedustaja ja arkkitehti Oulusta","publisher":{"@id":"https:\/\/jennipitko.fi\/koti\/#organization"},"potentialAction":[{"@type":"SearchAction","target":{"@type":"EntryPoint","urlTemplate":"https:\/\/jennipitko.fi\/koti\/?s={search_term_string}"},"query-input":{"@type":"PropertyValueSpecification","valueRequired":true,"valueName":"search_term_string"}}],"inLanguage":"fi"},{"@type":"Organization","@id":"https:\/\/jennipitko.fi\/koti\/#organization","name":"Jenni Pitko - Vihreiden varapuheenjohtaja, ymp\u00e4rist\u00f6valiokunnan puheenjohtaja, kansanedustaja ja arkkitehti Oulusta","url":"https:\/\/jennipitko.fi\/koti\/","logo":{"@type":"ImageObject","inLanguage":"fi","@id":"https:\/\/jennipitko.fi\/koti\/#\/schema\/logo\/image\/","url":"https:\/\/jennipitko.fi\/koti\/wp-content\/uploads\/2025\/09\/Nimeton-malli-38.png","contentUrl":"https:\/\/jennipitko.fi\/koti\/wp-content\/uploads\/2025\/09\/Nimeton-malli-38.png","width":1280,"height":847,"caption":"Jenni Pitko - Vihreiden varapuheenjohtaja, ymp\u00e4rist\u00f6valiokunnan puheenjohtaja, kansanedustaja ja arkkitehti Oulusta"},"image":{"@id":"https:\/\/jennipitko.fi\/koti\/#\/schema\/logo\/image\/"}},{"@type":"Person","@id":"https:\/\/jennipitko.fi\/koti\/#\/schema\/person\/35955c467f851f10124809310e7e7ee8","name":"Jenni","image":{"@type":"ImageObject","inLanguage":"fi","@id":"https:\/\/secure.gravatar.com\/avatar\/625a0e6413b293da7739d42617828d564a4d6028aec3f45d8939a2ba1617199f?s=96&d=blank&r=g","url":"https:\/\/secure.gravatar.com\/avatar\/625a0e6413b293da7739d42617828d564a4d6028aec3f45d8939a2ba1617199f?s=96&d=blank&r=g","contentUrl":"https:\/\/secure.gravatar.com\/avatar\/625a0e6413b293da7739d42617828d564a4d6028aec3f45d8939a2ba1617199f?s=96&d=blank&r=g","caption":"Jenni"},"url":"https:\/\/jennipitko.fi\/koti\/author\/jenni\/"}]}},"_links":{"self":[{"href":"https:\/\/jennipitko.fi\/koti\/wp-json\/wp\/v2\/posts\/1601","targetHints":{"allow":["GET"]}}],"collection":[{"href":"https:\/\/jennipitko.fi\/koti\/wp-json\/wp\/v2\/posts"}],"about":[{"href":"https:\/\/jennipitko.fi\/koti\/wp-json\/wp\/v2\/types\/post"}],"author":[{"embeddable":true,"href":"https:\/\/jennipitko.fi\/koti\/wp-json\/wp\/v2\/users\/1"}],"replies":[{"embeddable":true,"href":"https:\/\/jennipitko.fi\/koti\/wp-json\/wp\/v2\/comments?post=1601"}],"version-history":[{"count":1,"href":"https:\/\/jennipitko.fi\/koti\/wp-json\/wp\/v2\/posts\/1601\/revisions"}],"predecessor-version":[{"id":1603,"href":"https:\/\/jennipitko.fi\/koti\/wp-json\/wp\/v2\/posts\/1601\/revisions\/1603"}],"wp:attachment":[{"href":"https:\/\/jennipitko.fi\/koti\/wp-json\/wp\/v2\/media?parent=1601"}],"wp:term":[{"taxonomy":"category","embeddable":true,"href":"https:\/\/jennipitko.fi\/koti\/wp-json\/wp\/v2\/categories?post=1601"},{"taxonomy":"post_tag","embeddable":true,"href":"https:\/\/jennipitko.fi\/koti\/wp-json\/wp\/v2\/tags?post=1601"}],"curies":[{"name":"wp","href":"https:\/\/api.w.org\/{rel}","templated":true}]}}