{"id":1604,"date":"2017-04-05T10:34:50","date_gmt":"2017-04-05T08:34:50","guid":{"rendered":"http:\/\/jennipitko.fi\/koti\/?p=1604"},"modified":"2017-04-05T10:34:50","modified_gmt":"2017-04-05T08:34:50","slug":"nuorillamme-on-toivoa-jos-me-paatamme-niin","status":"publish","type":"post","link":"https:\/\/jennipitko.fi\/koti\/nuorillamme-on-toivoa-jos-me-paatamme-niin\/","title":{"rendered":"Nuorillamme on toivoa &#8211; jos me p\u00e4\u00e4t\u00e4mme niin"},"content":{"rendered":"<p><span style=\"font-weight: 400;\">El\u00e4mme Suomessa tilanteessa, jossa yh\u00e4 useampi nuori ei l\u00f6yd\u00e4 omaa paikkaansa. Erityisesti yh\u00e4 useampi poika j\u00e4\u00e4 tyhj\u00e4n p\u00e4\u00e4lle eik\u00e4 saa riitt\u00e4v\u00e4sti tukea.<\/span><\/p>\n<p><span style=\"font-weight: 400;\">Nuorten mielipiteit\u00e4 tutkinut Nuorisobarometri 2016 kertoi, ett\u00e4 nuorten luottamus Suomen tulevasuuteen asuinmaana on heikentynyt selv\u00e4sti. Muun muassa huoli ty\u00f6n l\u00f6yt\u00e4misest\u00e4 on kasvanut. <\/span><\/p>\n<p><span style=\"font-weight: 400;\">Mik\u00e4\u00e4n uutinen t\u00e4m\u00e4 ei sin\u00e4ns\u00e4 ole. Nuorisoty\u00f6tt\u00f6myys on yhteiskunnamme h\u00e4pe\u00e4pilkku ja hallitus kohdistaa leikkauksia juuri lapsiin ja nuoriin &#8211; varhaiskasvatukseen, toisen asteen koulutukseen, korkeakoulutukseen ja opiskelijoiden toimeentuloon. Pienituloisten perheiden ostovoima on v\u00e4hentynyt ja se vaikeuttaa lasten harrastamista ja arjessa p\u00e4rj\u00e4\u00e4mist\u00e4.<\/span><\/p>\n<p><span style=\"font-weight: 400;\">T\u00e4lle kehitykselle on teht\u00e4v\u00e4 loppu. Meill\u00e4 ei ole varaa hukata kokonaista sukupolvea ja taloudellisessakin mieless\u00e4 ongelmiin kannattaa puuttua mieluummin aiemmin kuin my\u00f6hemmin. On paljon helpompaa kasvattaa ehji\u00e4 lapsia kuin korjata rikkin\u00e4isi\u00e4 aikuisia. <\/span><\/p>\n<p><span style=\"font-weight: 400;\">Keinoja puuttua t\u00e4h\u00e4n kunnissa on, niihin on nyt tartuttava rohkeasti!<\/span><span style=\"font-weight: 400;\"><\/p>\n<p><\/span><\/p>\n<p><span style=\"font-weight: 400;\">Satsataan lis\u00e4\u00e4 varhaiskasvatuksen osallisuuden lis\u00e4\u00e4miseen, pieniin ryhm\u00e4kokoihin ja palautetaan t\u00e4ysi p\u00e4iv\u00e4hoito-oikeus kaikille lapsille. Autetaan peruskouluissa lis\u00e4\u00e4 juuri erityist\u00e4 tukea tarvitsevia. Samoin ammatilliseen koulutukseen on panostettava lukioiden ohella torjumalla hallituksen leikkaukset ja lis\u00e4\u00e4m\u00e4ll\u00e4 mm. etsiv\u00e4n nuorisoty\u00f6n ja ty\u00f6pajojen voimavaroja. Lukion oppimateriaali on oltava opiskelijalle maksutonta.<\/span><\/p>\n<p><span style=\"font-weight: 400;\">Satsataan nuorten mielenterveypalveluiden jonojen lyhent\u00e4miseen ja tehd\u00e4\u00e4n hoitoon hakeutumisesta helppoa. Varmistetaan ett\u00e4 jokaisella lapsella ja nuorella on harrastus. <\/span><\/p>\n<p><span style=\"font-weight: 400;\">Opetetaan jo peruskoulussa ty\u00f6nhakutaitoja kuten ty\u00f6hakemuksen kirjoittamista ja panostetaan opinto-ohjaukseen ja kannustetaan yrityksi\u00e4 palkkaamaan kes\u00e4ty\u00f6setelinuoria.<\/span><\/p>\n<p><span style=\"font-weight: 400;\">Tehd\u00e4\u00e4n Oulussa yhteinen p\u00e4\u00e4t\u00f6s &#8211; palautetaan nuorten usko tulevaisuuteen!<\/span><\/p>\n<p><em>T\u00e4m\u00e4 kirjoitus on julkaistu Oulu-lehden Oululaisten asialla -kolumnipalstalla 5.4.2017<\/em><\/p>\n","protected":false},"excerpt":{"rendered":"<p>El\u00e4mme Suomessa tilanteessa, jossa yh\u00e4 useampi nuori ei l\u00f6yd\u00e4 omaa paikkaansa. Erityisesti yh\u00e4 useampi poika j\u00e4\u00e4 tyhj\u00e4n p\u00e4\u00e4lle eik\u00e4 saa [&hellip;]<\/p>\n","protected":false},"author":1,"featured_media":0,"comment_status":"closed","ping_status":"closed","sticky":false,"template":"","format":"standard","meta":{"_monsterinsights_skip_tracking":false,"_monsterinsights_sitenote_active":false,"_monsterinsights_sitenote_note":"","_monsterinsights_sitenote_category":0,"site-sidebar-layout":"default","site-content-layout":"","ast-site-content-layout":"default","site-content-style":"default","site-sidebar-style":"default","ast-global-header-display":"","ast-banner-title-visibility":"","ast-main-header-display":"","ast-hfb-above-header-display":"","ast-hfb-below-header-display":"","ast-hfb-mobile-header-display":"","site-post-title":"","ast-breadcrumbs-content":"","ast-featured-img":"","footer-sml-layout":"","ast-disable-related-posts":"","theme-transparent-header-meta":"","adv-header-id-meta":"","stick-header-meta":"","header-above-stick-meta":"","header-main-stick-meta":"","header-below-stick-meta":"","astra-migrate-meta-layouts":"default","ast-page-background-enabled":"default","ast-page-background-meta":{"desktop":{"background-color":"var(--ast-global-color-5)","background-image":"","background-repeat":"repeat","background-position":"center center","background-size":"auto","background-attachment":"scroll","background-type":"","background-media":"","overlay-type":"","overlay-color":"","overlay-opacity":"","overlay-gradient":""},"tablet":{"background-color":"","background-image":"","background-repeat":"repeat","background-position":"center center","background-size":"auto","background-attachment":"scroll","background-type":"","background-media":"","overlay-type":"","overlay-color":"","overlay-opacity":"","overlay-gradient":""},"mobile":{"background-color":"","background-image":"","background-repeat":"repeat","background-position":"center center","background-size":"auto","background-attachment":"scroll","background-type":"","background-media":"","overlay-type":"","overlay-color":"","overlay-opacity":"","overlay-gradient":""}},"ast-content-background-meta":{"desktop":{"background-color":"var(--ast-global-color-4)","background-image":"","background-repeat":"repeat","background-position":"center center","background-size":"auto","background-attachment":"scroll","background-type":"","background-media":"","overlay-type":"","overlay-color":"","overlay-opacity":"","overlay-gradient":""},"tablet":{"background-color":"var(--ast-global-color-4)","background-image":"","background-repeat":"repeat","background-position":"center center","background-size":"auto","background-attachment":"scroll","background-type":"","background-media":"","overlay-type":"","overlay-color":"","overlay-opacity":"","overlay-gradient":""},"mobile":{"background-color":"var(--ast-global-color-4)","background-image":"","background-repeat":"repeat","background-position":"center center","background-size":"auto","background-attachment":"scroll","background-type":"","background-media":"","overlay-type":"","overlay-color":"","overlay-opacity":"","overlay-gradient":""}},"footnotes":""},"categories":[1],"tags":[],"class_list":["post-1604","post","type-post","status-publish","format-standard","hentry","category-uncategorized"],"yoast_head":"<!-- This site is optimized with the Yoast SEO plugin v27.5 - https:\/\/yoast.com\/product\/yoast-seo-wordpress\/ -->\n<title>Nuorillamme on toivoa - jos me p\u00e4\u00e4t\u00e4mme niin - Jenni Pitko - Vihreiden varapuheenjohtaja, ymp\u00e4rist\u00f6valiokunnan puheenjohtaja, kansanedustaja ja arkkitehti Oulusta<\/title>\n<meta name=\"robots\" content=\"index, follow, max-snippet:-1, max-image-preview:large, max-video-preview:-1\" \/>\n<link rel=\"canonical\" href=\"https:\/\/jennipitko.fi\/koti\/nuorillamme-on-toivoa-jos-me-paatamme-niin\/\" \/>\n<meta property=\"og:locale\" content=\"fi_FI\" \/>\n<meta property=\"og:type\" content=\"article\" \/>\n<meta property=\"og:title\" content=\"Nuorillamme on toivoa - jos me p\u00e4\u00e4t\u00e4mme niin - Jenni Pitko - Vihreiden varapuheenjohtaja, ymp\u00e4rist\u00f6valiokunnan puheenjohtaja, kansanedustaja ja arkkitehti Oulusta\" \/>\n<meta property=\"og:description\" content=\"El\u00e4mme Suomessa tilanteessa, jossa yh\u00e4 useampi nuori ei l\u00f6yd\u00e4 omaa paikkaansa. Erityisesti yh\u00e4 useampi poika j\u00e4\u00e4 tyhj\u00e4n p\u00e4\u00e4lle eik\u00e4 saa [&hellip;]\" \/>\n<meta property=\"og:url\" content=\"https:\/\/jennipitko.fi\/koti\/nuorillamme-on-toivoa-jos-me-paatamme-niin\/\" \/>\n<meta property=\"og:site_name\" content=\"Jenni Pitko - Vihreiden varapuheenjohtaja, ymp\u00e4rist\u00f6valiokunnan puheenjohtaja, kansanedustaja ja arkkitehti Oulusta\" \/>\n<meta property=\"article:published_time\" content=\"2017-04-05T08:34:50+00:00\" \/>\n<meta name=\"author\" content=\"Jenni\" \/>\n<meta name=\"twitter:card\" content=\"summary_large_image\" \/>\n<meta name=\"twitter:label1\" content=\"Kirjoittanut\" \/>\n\t<meta name=\"twitter:data1\" content=\"Jenni\" \/>\n\t<meta name=\"twitter:label2\" content=\"Arvioitu lukuaika\" \/>\n\t<meta name=\"twitter:data2\" content=\"1 minuutti\" \/>\n<script type=\"application\/ld+json\" class=\"yoast-schema-graph\">{\"@context\":\"https:\\\/\\\/schema.org\",\"@graph\":[{\"@type\":\"Article\",\"@id\":\"https:\\\/\\\/jennipitko.fi\\\/koti\\\/nuorillamme-on-toivoa-jos-me-paatamme-niin\\\/#article\",\"isPartOf\":{\"@id\":\"https:\\\/\\\/jennipitko.fi\\\/koti\\\/nuorillamme-on-toivoa-jos-me-paatamme-niin\\\/\"},\"author\":{\"name\":\"Jenni\",\"@id\":\"https:\\\/\\\/jennipitko.fi\\\/koti\\\/#\\\/schema\\\/person\\\/35955c467f851f10124809310e7e7ee8\"},\"headline\":\"Nuorillamme on toivoa &#8211; jos me p\u00e4\u00e4t\u00e4mme niin\",\"datePublished\":\"2017-04-05T08:34:50+00:00\",\"mainEntityOfPage\":{\"@id\":\"https:\\\/\\\/jennipitko.fi\\\/koti\\\/nuorillamme-on-toivoa-jos-me-paatamme-niin\\\/\"},\"wordCount\":275,\"publisher\":{\"@id\":\"https:\\\/\\\/jennipitko.fi\\\/koti\\\/#organization\"},\"articleSection\":[\"Uncategorized\"],\"inLanguage\":\"fi\"},{\"@type\":\"WebPage\",\"@id\":\"https:\\\/\\\/jennipitko.fi\\\/koti\\\/nuorillamme-on-toivoa-jos-me-paatamme-niin\\\/\",\"url\":\"https:\\\/\\\/jennipitko.fi\\\/koti\\\/nuorillamme-on-toivoa-jos-me-paatamme-niin\\\/\",\"name\":\"Nuorillamme on toivoa - jos me p\u00e4\u00e4t\u00e4mme niin - Jenni Pitko - Vihreiden varapuheenjohtaja, ymp\u00e4rist\u00f6valiokunnan puheenjohtaja, kansanedustaja ja arkkitehti Oulusta\",\"isPartOf\":{\"@id\":\"https:\\\/\\\/jennipitko.fi\\\/koti\\\/#website\"},\"datePublished\":\"2017-04-05T08:34:50+00:00\",\"breadcrumb\":{\"@id\":\"https:\\\/\\\/jennipitko.fi\\\/koti\\\/nuorillamme-on-toivoa-jos-me-paatamme-niin\\\/#breadcrumb\"},\"inLanguage\":\"fi\",\"potentialAction\":[{\"@type\":\"ReadAction\",\"target\":[\"https:\\\/\\\/jennipitko.fi\\\/koti\\\/nuorillamme-on-toivoa-jos-me-paatamme-niin\\\/\"]}]},{\"@type\":\"BreadcrumbList\",\"@id\":\"https:\\\/\\\/jennipitko.fi\\\/koti\\\/nuorillamme-on-toivoa-jos-me-paatamme-niin\\\/#breadcrumb\",\"itemListElement\":[{\"@type\":\"ListItem\",\"position\":1,\"name\":\"Home\",\"item\":\"https:\\\/\\\/jennipitko.fi\\\/koti\\\/\"},{\"@type\":\"ListItem\",\"position\":2,\"name\":\"Nuorillamme on toivoa &#8211; jos me p\u00e4\u00e4t\u00e4mme niin\"}]},{\"@type\":\"WebSite\",\"@id\":\"https:\\\/\\\/jennipitko.fi\\\/koti\\\/#website\",\"url\":\"https:\\\/\\\/jennipitko.fi\\\/koti\\\/\",\"name\":\"Jenni Pitko - Vihreiden varapuheenjohtaja, ymp\u00e4rist\u00f6valiokunnan puheenjohtaja, kansanedustaja ja arkkitehti Oulusta\",\"description\":\"Jenni Pitko - Vihreiden varapuheenjohtaja, ymp\u00e4rist\u00f6valiokunnan puheenjohtaja, kansanedustaja ja arkkitehti Oulusta\",\"publisher\":{\"@id\":\"https:\\\/\\\/jennipitko.fi\\\/koti\\\/#organization\"},\"potentialAction\":[{\"@type\":\"SearchAction\",\"target\":{\"@type\":\"EntryPoint\",\"urlTemplate\":\"https:\\\/\\\/jennipitko.fi\\\/koti\\\/?s={search_term_string}\"},\"query-input\":{\"@type\":\"PropertyValueSpecification\",\"valueRequired\":true,\"valueName\":\"search_term_string\"}}],\"inLanguage\":\"fi\"},{\"@type\":\"Organization\",\"@id\":\"https:\\\/\\\/jennipitko.fi\\\/koti\\\/#organization\",\"name\":\"Jenni Pitko - Vihreiden varapuheenjohtaja, ymp\u00e4rist\u00f6valiokunnan puheenjohtaja, kansanedustaja ja arkkitehti Oulusta\",\"url\":\"https:\\\/\\\/jennipitko.fi\\\/koti\\\/\",\"logo\":{\"@type\":\"ImageObject\",\"inLanguage\":\"fi\",\"@id\":\"https:\\\/\\\/jennipitko.fi\\\/koti\\\/#\\\/schema\\\/logo\\\/image\\\/\",\"url\":\"https:\\\/\\\/jennipitko.fi\\\/koti\\\/wp-content\\\/uploads\\\/2025\\\/09\\\/Nimeton-malli-38.png\",\"contentUrl\":\"https:\\\/\\\/jennipitko.fi\\\/koti\\\/wp-content\\\/uploads\\\/2025\\\/09\\\/Nimeton-malli-38.png\",\"width\":1280,\"height\":847,\"caption\":\"Jenni Pitko - Vihreiden varapuheenjohtaja, ymp\u00e4rist\u00f6valiokunnan puheenjohtaja, kansanedustaja ja arkkitehti Oulusta\"},\"image\":{\"@id\":\"https:\\\/\\\/jennipitko.fi\\\/koti\\\/#\\\/schema\\\/logo\\\/image\\\/\"}},{\"@type\":\"Person\",\"@id\":\"https:\\\/\\\/jennipitko.fi\\\/koti\\\/#\\\/schema\\\/person\\\/35955c467f851f10124809310e7e7ee8\",\"name\":\"Jenni\",\"image\":{\"@type\":\"ImageObject\",\"inLanguage\":\"fi\",\"@id\":\"https:\\\/\\\/secure.gravatar.com\\\/avatar\\\/625a0e6413b293da7739d42617828d564a4d6028aec3f45d8939a2ba1617199f?s=96&d=blank&r=g\",\"url\":\"https:\\\/\\\/secure.gravatar.com\\\/avatar\\\/625a0e6413b293da7739d42617828d564a4d6028aec3f45d8939a2ba1617199f?s=96&d=blank&r=g\",\"contentUrl\":\"https:\\\/\\\/secure.gravatar.com\\\/avatar\\\/625a0e6413b293da7739d42617828d564a4d6028aec3f45d8939a2ba1617199f?s=96&d=blank&r=g\",\"caption\":\"Jenni\"},\"url\":\"https:\\\/\\\/jennipitko.fi\\\/koti\\\/author\\\/jenni\\\/\"}]}<\/script>\n<!-- \/ Yoast SEO plugin. -->","yoast_head_json":{"title":"Nuorillamme on toivoa - jos me p\u00e4\u00e4t\u00e4mme niin - Jenni Pitko - Vihreiden varapuheenjohtaja, ymp\u00e4rist\u00f6valiokunnan puheenjohtaja, kansanedustaja ja arkkitehti Oulusta","robots":{"index":"index","follow":"follow","max-snippet":"max-snippet:-1","max-image-preview":"max-image-preview:large","max-video-preview":"max-video-preview:-1"},"canonical":"https:\/\/jennipitko.fi\/koti\/nuorillamme-on-toivoa-jos-me-paatamme-niin\/","og_locale":"fi_FI","og_type":"article","og_title":"Nuorillamme on toivoa - jos me p\u00e4\u00e4t\u00e4mme niin - Jenni Pitko - Vihreiden varapuheenjohtaja, ymp\u00e4rist\u00f6valiokunnan puheenjohtaja, kansanedustaja ja arkkitehti Oulusta","og_description":"El\u00e4mme Suomessa tilanteessa, jossa yh\u00e4 useampi nuori ei l\u00f6yd\u00e4 omaa paikkaansa. Erityisesti yh\u00e4 useampi poika j\u00e4\u00e4 tyhj\u00e4n p\u00e4\u00e4lle eik\u00e4 saa [&hellip;]","og_url":"https:\/\/jennipitko.fi\/koti\/nuorillamme-on-toivoa-jos-me-paatamme-niin\/","og_site_name":"Jenni Pitko - Vihreiden varapuheenjohtaja, ymp\u00e4rist\u00f6valiokunnan puheenjohtaja, kansanedustaja ja arkkitehti Oulusta","article_published_time":"2017-04-05T08:34:50+00:00","author":"Jenni","twitter_card":"summary_large_image","twitter_misc":{"Kirjoittanut":"Jenni","Arvioitu lukuaika":"1 minuutti"},"schema":{"@context":"https:\/\/schema.org","@graph":[{"@type":"Article","@id":"https:\/\/jennipitko.fi\/koti\/nuorillamme-on-toivoa-jos-me-paatamme-niin\/#article","isPartOf":{"@id":"https:\/\/jennipitko.fi\/koti\/nuorillamme-on-toivoa-jos-me-paatamme-niin\/"},"author":{"name":"Jenni","@id":"https:\/\/jennipitko.fi\/koti\/#\/schema\/person\/35955c467f851f10124809310e7e7ee8"},"headline":"Nuorillamme on toivoa &#8211; jos me p\u00e4\u00e4t\u00e4mme niin","datePublished":"2017-04-05T08:34:50+00:00","mainEntityOfPage":{"@id":"https:\/\/jennipitko.fi\/koti\/nuorillamme-on-toivoa-jos-me-paatamme-niin\/"},"wordCount":275,"publisher":{"@id":"https:\/\/jennipitko.fi\/koti\/#organization"},"articleSection":["Uncategorized"],"inLanguage":"fi"},{"@type":"WebPage","@id":"https:\/\/jennipitko.fi\/koti\/nuorillamme-on-toivoa-jos-me-paatamme-niin\/","url":"https:\/\/jennipitko.fi\/koti\/nuorillamme-on-toivoa-jos-me-paatamme-niin\/","name":"Nuorillamme on toivoa - jos me p\u00e4\u00e4t\u00e4mme niin - Jenni Pitko - Vihreiden varapuheenjohtaja, ymp\u00e4rist\u00f6valiokunnan puheenjohtaja, kansanedustaja ja arkkitehti Oulusta","isPartOf":{"@id":"https:\/\/jennipitko.fi\/koti\/#website"},"datePublished":"2017-04-05T08:34:50+00:00","breadcrumb":{"@id":"https:\/\/jennipitko.fi\/koti\/nuorillamme-on-toivoa-jos-me-paatamme-niin\/#breadcrumb"},"inLanguage":"fi","potentialAction":[{"@type":"ReadAction","target":["https:\/\/jennipitko.fi\/koti\/nuorillamme-on-toivoa-jos-me-paatamme-niin\/"]}]},{"@type":"BreadcrumbList","@id":"https:\/\/jennipitko.fi\/koti\/nuorillamme-on-toivoa-jos-me-paatamme-niin\/#breadcrumb","itemListElement":[{"@type":"ListItem","position":1,"name":"Home","item":"https:\/\/jennipitko.fi\/koti\/"},{"@type":"ListItem","position":2,"name":"Nuorillamme on toivoa &#8211; jos me p\u00e4\u00e4t\u00e4mme niin"}]},{"@type":"WebSite","@id":"https:\/\/jennipitko.fi\/koti\/#website","url":"https:\/\/jennipitko.fi\/koti\/","name":"Jenni Pitko - Vihreiden varapuheenjohtaja, ymp\u00e4rist\u00f6valiokunnan puheenjohtaja, kansanedustaja ja arkkitehti Oulusta","description":"Jenni Pitko - Vihreiden varapuheenjohtaja, ymp\u00e4rist\u00f6valiokunnan puheenjohtaja, kansanedustaja ja arkkitehti Oulusta","publisher":{"@id":"https:\/\/jennipitko.fi\/koti\/#organization"},"potentialAction":[{"@type":"SearchAction","target":{"@type":"EntryPoint","urlTemplate":"https:\/\/jennipitko.fi\/koti\/?s={search_term_string}"},"query-input":{"@type":"PropertyValueSpecification","valueRequired":true,"valueName":"search_term_string"}}],"inLanguage":"fi"},{"@type":"Organization","@id":"https:\/\/jennipitko.fi\/koti\/#organization","name":"Jenni Pitko - Vihreiden varapuheenjohtaja, ymp\u00e4rist\u00f6valiokunnan puheenjohtaja, kansanedustaja ja arkkitehti Oulusta","url":"https:\/\/jennipitko.fi\/koti\/","logo":{"@type":"ImageObject","inLanguage":"fi","@id":"https:\/\/jennipitko.fi\/koti\/#\/schema\/logo\/image\/","url":"https:\/\/jennipitko.fi\/koti\/wp-content\/uploads\/2025\/09\/Nimeton-malli-38.png","contentUrl":"https:\/\/jennipitko.fi\/koti\/wp-content\/uploads\/2025\/09\/Nimeton-malli-38.png","width":1280,"height":847,"caption":"Jenni Pitko - Vihreiden varapuheenjohtaja, ymp\u00e4rist\u00f6valiokunnan puheenjohtaja, kansanedustaja ja arkkitehti Oulusta"},"image":{"@id":"https:\/\/jennipitko.fi\/koti\/#\/schema\/logo\/image\/"}},{"@type":"Person","@id":"https:\/\/jennipitko.fi\/koti\/#\/schema\/person\/35955c467f851f10124809310e7e7ee8","name":"Jenni","image":{"@type":"ImageObject","inLanguage":"fi","@id":"https:\/\/secure.gravatar.com\/avatar\/625a0e6413b293da7739d42617828d564a4d6028aec3f45d8939a2ba1617199f?s=96&d=blank&r=g","url":"https:\/\/secure.gravatar.com\/avatar\/625a0e6413b293da7739d42617828d564a4d6028aec3f45d8939a2ba1617199f?s=96&d=blank&r=g","contentUrl":"https:\/\/secure.gravatar.com\/avatar\/625a0e6413b293da7739d42617828d564a4d6028aec3f45d8939a2ba1617199f?s=96&d=blank&r=g","caption":"Jenni"},"url":"https:\/\/jennipitko.fi\/koti\/author\/jenni\/"}]}},"_links":{"self":[{"href":"https:\/\/jennipitko.fi\/koti\/wp-json\/wp\/v2\/posts\/1604","targetHints":{"allow":["GET"]}}],"collection":[{"href":"https:\/\/jennipitko.fi\/koti\/wp-json\/wp\/v2\/posts"}],"about":[{"href":"https:\/\/jennipitko.fi\/koti\/wp-json\/wp\/v2\/types\/post"}],"author":[{"embeddable":true,"href":"https:\/\/jennipitko.fi\/koti\/wp-json\/wp\/v2\/users\/1"}],"replies":[{"embeddable":true,"href":"https:\/\/jennipitko.fi\/koti\/wp-json\/wp\/v2\/comments?post=1604"}],"version-history":[{"count":1,"href":"https:\/\/jennipitko.fi\/koti\/wp-json\/wp\/v2\/posts\/1604\/revisions"}],"predecessor-version":[{"id":1605,"href":"https:\/\/jennipitko.fi\/koti\/wp-json\/wp\/v2\/posts\/1604\/revisions\/1605"}],"wp:attachment":[{"href":"https:\/\/jennipitko.fi\/koti\/wp-json\/wp\/v2\/media?parent=1604"}],"wp:term":[{"taxonomy":"category","embeddable":true,"href":"https:\/\/jennipitko.fi\/koti\/wp-json\/wp\/v2\/categories?post=1604"},{"taxonomy":"post_tag","embeddable":true,"href":"https:\/\/jennipitko.fi\/koti\/wp-json\/wp\/v2\/tags?post=1604"}],"curies":[{"name":"wp","href":"https:\/\/api.w.org\/{rel}","templated":true}]}}