{"id":1613,"date":"2017-04-07T09:13:47","date_gmt":"2017-04-07T07:13:47","guid":{"rendered":"http:\/\/jennipitko.fi\/koti\/?p=1613"},"modified":"2017-04-07T09:25:12","modified_gmt":"2017-04-07T07:25:12","slug":"kunnissa-paatetaan-80-paastoista-on-todellakin-valia-ketka-on-paattamassa","status":"publish","type":"post","link":"https:\/\/jennipitko.fi\/koti\/kunnissa-paatetaan-80-paastoista-on-todellakin-valia-ketka-on-paattamassa\/","title":{"rendered":"Kunnissa p\u00e4\u00e4tet\u00e4\u00e4n 80% p\u00e4\u00e4st\u00f6ist\u00e4 &#8211; on todellakin v\u00e4li\u00e4 ketk\u00e4 on p\u00e4\u00e4tt\u00e4m\u00e4ss\u00e4"},"content":{"rendered":"<p>Kuntavaalit ovat ymp\u00e4rist\u00f6n ja luonnon kannalta erityisen t\u00e4rke\u00e4t vaalit. Sen lis\u00e4ksi, ett\u00e4 valtuustoissa p\u00e4\u00e4tet\u00e4\u00e4n kuinka pitk\u00e4 matka asuinalueilta on mets\u00e4\u00e4n tai onko kunnan alueella luonnonsuojelualueita, niiss\u00e4 p\u00e4\u00e4tet\u00e4\u00e4n suurimmasta osasta suomalaisten aiheuttamista p\u00e4\u00e4st\u00f6ist\u00e4. Suomen ilmastopaneelin puheenjohtajan Markku Ollikaisen mukaan kaupungeissa p\u00e4\u00e4tet\u00e4\u00e4n 80 % Suomen p\u00e4\u00e4st\u00f6ist\u00e4. Ei siis ole todellakaan yhdentekev\u00e4\u00e4, keit\u00e4 kuntien valtuustoihin valitaan p\u00e4\u00e4t\u00f6ksi\u00e4 tekem\u00e4\u00e4n!<\/p>\n<p>Yhdess\u00e4 voimme tehd\u00e4 Oulusta ilmastonmuutoksen hillitsemisen edell\u00e4k\u00e4vij\u00e4. Otetaan ilmaston\u00e4k\u00f6kulma l\u00e4pileikkaavasti kaikkeen toimintaan. Oulun tulisi tavoitella hiilineutraaliutta ja uusiutuvien energioiden monipuolista hy\u00f6dynt\u00e4mist\u00e4. Vinkkej\u00e4 voidaan kysy\u00e4 naapuriltamme Iilt\u00e4, joka on tehnyt jo vuosia t\u00f6it\u00e4 HINKU-verkostossa (hiilineutraali kunta) ja saanut aikaiseksi merkitt\u00e4vi\u00e4 tuloksia.<\/p>\n<p>Samanaikaisesti energian tehostamistoimenpiteiden ja hiilineutraaliuden tavoittelun kanssa Oulun tulee kiinnitt\u00e4\u00e4 huomiota hankintojen kest\u00e4vyyteen, kaupunki tekee hankintoja sadoilla miljoonilla euroilla joka vuosi. Hankinnoille voidaan antaa laadullisia m\u00e4\u00e4reit\u00e4 ja Oulun tulee huomioida jokaisessa kilpailutuksessa ymp\u00e4rist\u00f6n\u00e4k\u00f6kulma!<!--more--><\/p>\n<p>Arjen toimenpitein\u00e4 kouluissa tulee siirty\u00e4 kasvispainotteiseen ruokailuun, jossa terveydellisyyden lis\u00e4ksi otetaan huomioon ilmastovaikutukset. L\u00e4hell\u00e4 tuotettu kasvispainotteinen ruoka on ekologinen ja terveellinen vaihtoehto joka my\u00f6s lis\u00e4\u00e4 paikallista ty\u00f6t\u00e4<\/p>\n<h3><span style=\"color: #000000;\"><i>Kaavoituksella ohjataan liikenteen ja rakentamisen p\u00e4\u00e4st\u00f6j\u00e4<\/i><\/span><\/h3>\n<p>T\u00e4rkeimm\u00e4t p\u00e4\u00e4t\u00f6kset rakennettuun ymp\u00e4rist\u00f6\u00f6n tehd\u00e4\u00e4n kunnissa. Kunta kaavoittaa ja m\u00e4\u00e4rittelee, miten muut rakentavat. Rakennettu ymp\u00e4rist\u00f6 vastaa l\u00e4hes 60 % koko Suomen energian k\u00e4yt\u00f6st\u00e4 ja p\u00e4\u00e4st\u00f6ist\u00e4. Kuntien alueilla tapahtuvan liikenteen osuus kokonaisenergiankulutuksesta on l\u00e4hes viidenneksen luokkaa.<\/p>\n<p>Yleiskaavoituksella m\u00e4\u00e4ritell\u00e4\u00e4n toimintojen v\u00e4liset et\u00e4isyydet ja joukkoliikenteen edellytykset. Liikenteen painopistett\u00e4 tulisikin siirt\u00e4\u00e4 paljon nykyist\u00e4 vahvemmin joukkoliikenteeseen, py\u00f6r\u00e4ilyyn ja k\u00e4velyyn.<\/p>\n<p>Asemakaavoituksella luodaan yksityiskohtaisemman olosuhteet kuten py\u00f6r\u00e4kaistat ja m\u00e4\u00e4ritell\u00e4\u00e4n autopaikoille varattava tila. Kaupunki voi my\u00f6s kannustaa kimppakyyteihin ja yhteisk\u00e4ytt\u00f6autoihin. Lis\u00e4ksi Joukkoliikenteen uusilla muodoilla, kuten kutsuliikenteell\u00e4 voidaan v\u00e4hent\u00e4\u00e4 yksityisautoilun tarvetta etenkin siell\u00e4, miss\u00e4 joukkoliikenne on heikompaa.<\/p>\n<p>S\u00e4hk\u00f6autot tulevat yleistym\u00e4\u00e4n merkitt\u00e4v\u00e4sti jo l\u00e4hivuosina. T\u00e4h\u00e4n kannustaa my\u00f6s Suomen hallituksen tuoreen Ilmasto- ja energiastrategian linjaus s\u00e4hk\u00f6isen liikenteen tukemisesta. Oulussa on luotava joustavia mahdollisuuksia s\u00e4hk\u00f6auton lataamiselle.<\/p>\n<p>Kansallisen tason liikennehanke kaksoisraide ja sen rakentaminen Ouluun saakka tulisi olla kaupungin t\u00e4rkein lobbauskohde. Radan kehitt\u00e4minen tekisi Helsinkiin matkustamisesta ekologisesti junalla yht\u00e4 houkuttelevaa kuin lentokoneella matka-ajan lyhentyess\u00e4 alle nelj\u00e4\u00e4n tuntiin.<\/p>\n<p>Liikenteen painottuessa entist\u00e4 enemm\u00e4n joukkoliikenteeseen ja moottorittomaan liiekenteeseen tulee my\u00f6s asunto-osakeyhti\u00f6iden parkkipaikkanormia tarkastella uudelleen. Kaikkien asuntojen yhteyteen ei ole tarve rakentaa nykyisi\u00e4 vaatimuksia vastaavaa m\u00e4\u00e4r\u00e4\u00e4 rakentamiskustannuksia kasvattavia ja suoraan asuntojen myyntihintoja nostavia sek\u00e4 arvokasta maa-alaa vievi\u00e4 pys\u00e4k\u00f6intipaikkoa. Esimerkiksi opiskelijoilla asukasryhm\u00e4n\u00e4 ei ole tutkitusti l\u00e4hesk\u00e4\u00e4n niin paljon autoja kuin kaupunkilaisilla keskim\u00e4\u00e4rin.<\/p>\n<p>Kaavoituksella ohjataan lis\u00e4ksi viheralueiden rakentamista. Viherkatoilla, vehreill\u00e4 pihoilla ja l\u00e4p\u00e4isevill\u00e4 pinnoitteilla voidaan v\u00e4hent\u00e4\u00e4 lis\u00e4\u00e4ntyv\u00e4n sadeveden vaatimaa viem\u00e4rikapasiteettia. Kaupunkirakenteen reunalla tai kaavoitetun alueen ulkopuolella asuvia kaupunki voi ymp\u00e4rist\u00f6tekona tukea muun muassa j\u00e4rjest\u00e4m\u00e4ll\u00e4 hyv\u00e4t tietoliikenneyhteydet, jotka mahdollistavat sujuvan et\u00e4ty\u00f6n tekemisen.<\/p>\n<p>Oululla on vuosikymmenien ajan luotu vahva osaaminen ymp\u00e4rist\u00f6- ja teknologia-aloilla, joten kunnianhimoisten ymp\u00e4rist\u00f6nsuojelua edist\u00e4vill\u00e4 tavoitteilla on mahdollisuus luoda merkitt\u00e4v\u00e4sti uusia cleantech-alan ty\u00f6paikkoja ja markkinoita.<\/p>\n<ul>\n<li><span style=\"color: #339966;\">Tiivistet\u00e4\u00e4n kaupunkirakennetta<\/span><\/li>\n<li><span style=\"color: #339966;\">Lievennet\u00e4\u00e4n autopaikkanormia<\/span><\/li>\n<li><span style=\"color: #339966;\">Panostetaan py\u00f6r\u00e4ilyyn, k\u00e4velyyn ja joukkoliikenteen<\/span><\/li>\n<li><span style=\"color: #339966;\">Edistet\u00e4\u00e4n viherkattojen rakentamista ja l\u00e4p\u00e4isevien pintojen k\u00e4ytt\u00e4mist\u00e4<\/span><\/li>\n<li><span style=\"color: #339966;\">Ohjataan rakentamista energiatehokkaaksi<\/span><\/li>\n<\/ul>\n<p>\n<h3><span style=\"color: #000000;\"><i>Energiatehokkuutta omissa kiinteist\u00f6iss\u00e4<\/i><\/span><\/h3>\n<p>Rakennusten k\u00e4ytt\u00e4v\u00e4t energiaa noin 38 % kokonaiskulutuksesta. Asumisen energiankulutuksen p\u00e4\u00e4st\u00f6j\u00e4 voidaan v\u00e4hent\u00e4\u00e4, kun mahdollistetaan kevyt lupaprosessi aurinkopaneeleiden ja muiden uusiutuvaa energiaa hy\u00f6dynt\u00e4v\u00e4n energial\u00e4hteiden \u00a0asentamiseen rakennusten julkisivuihin ja neuvomalla energiatehokasta asumista rakennuslupien yhteydess\u00e4.<\/p>\n<p>Kaupunki on my\u00f6s itse merkitt\u00e4v\u00e4 rakennuttaja. Uusien koulujen ja muiden kaupungin kiinteist\u00f6jen rakentaminen ja korjaaminen tarvitsee kymmenien miljoonien vuosittaisen rahapotin. Merkitt\u00e4v\u00e4n rakennuttajana kaupunki voi tehd\u00e4 kest\u00e4v\u00e4n p\u00e4\u00e4t\u00f6ksen rakentaa puusta ja ottaa kaikissa uusissa rakennuksissa k\u00e4ytt\u00f6\u00f6n maal\u00e4mm\u00f6n ja aurinkopaneelit. My\u00f6s ekologisesti kest\u00e4vien ja v\u00e4h\u00e4p\u00e4\u00e4st\u00f6isten rakennusmateriaalien valitseminen ja niist\u00e4 kaupunkilaisten opastaminen on merkitt\u00e4v\u00e4ss\u00e4 osassa kest\u00e4v\u00e4n Oulun rakentamista.<\/p>\n<p>Monik\u00e4ytt\u00f6iset ja mukautuvat tilat ja rakennusten aktiivinen iltak\u00e4ytt\u00f6 s\u00e4\u00e4st\u00e4\u00e4 energiaa ja tuo selv\u00e4\u00e4 s\u00e4\u00e4st\u00f6\u00e4 kaupungin kassaan. Uudisrakentamisen lis\u00e4ksi energiaremontit vanhoihin kiinteist\u00f6ihin tuottavat ajan my\u00f6t\u00e4 selv\u00e4\u00e4 s\u00e4\u00e4st\u00f6\u00e4 ja voisivat olla hyv\u00e4 tapa rahoittaa homekoulujen korjauksia.<\/p>\n<ul>\n<li><span style=\"color: #339966;\">Rakennetaan puusta ja muista kest\u00e4vist\u00e4 materiaaleista<\/span><\/li>\n<li><span style=\"color: #339966;\">Kaupungin uusiin rakennukseen maal\u00e4mp\u00f6 ja aurinkopaneelit<\/span><\/li>\n<li><span style=\"color: #339966;\">Panostetaan energiatehokkuuteen<\/span><\/li>\n<\/ul>\n<p>\n<h3><i><span style=\"color: #000000;\">Energiantuotannossa langat on omissa k\u00e4siss\u00e4<\/span><br \/>\n<\/i><\/h3>\n<p>Oulun kaupunki omistaa 100%:sti Oulun energia Oy:n ja on omistajana p\u00e4\u00e4tt\u00e4m\u00e4ss\u00e4 sen energian tuotantomuodoista. T\u00e4ll\u00e4 hetkell\u00e4 l\u00e4mm\u00f6ntuotannossa polttoaineena k\u00e4ytet\u00e4\u00e4n p\u00e4\u00e4asiassa turvetta ja sen vuoksi p\u00e4\u00e4st\u00f6t on Oulun kaukol\u00e4mm\u00f6ll\u00e4 todella korkeat. Turpeen polttaminen my\u00f6s rehev\u00f6itt\u00e4\u00e4 vesist\u00f6j\u00e4 ja k\u00f6yhdytt\u00e4\u00e4 luonnon monimuotoisuutta. Se on my\u00f6s hy\u00f6tysuhteelta kivihiilt\u00e4kin huonompi ja kannattava polttoaine sen saamien ymp\u00e4rist\u00f6lle haitallisten verotukien vuoksi.<\/p>\n<p>Turpeen k\u00e4ytt\u00f6\u00e4 tulee v\u00e4hent\u00e4\u00e4 kaukol\u00e4mm\u00f6ss\u00e4 siirtym\u00e4ll\u00e4 uudisinvestoinneissa t\u00e4ysin uusiutuviin energianl\u00e4hteisiin. Vanhoihin kiinteist\u00f6ihin tulee saneerauksien yhteydess\u00e4 toteuttaa energiaremontteja, joista esimerkkin\u00e4 on esimerkiksi vanhan \u00f6ljyl\u00e4mmityksen korvaaminen maal\u00e4mm\u00f6ll\u00e4, kaukol\u00e4mm\u00f6n tuottaminen suuren kokoluokan l\u00e4mp\u00f6pumpuilla ja energian talteenotto aurinkoker\u00e4imill\u00e4 sek\u00e4 energiaa s\u00e4\u00e4st\u00e4vien ikkunoiden asentamisella.<\/p>\n<p>Oulun energia kehittelee koko ajan vihreit\u00e4 innovaatioita, joista hyvi\u00e4 esimerkkej\u00e4 ovat Farmivirta, jossa s\u00e4hk\u00f6 tuotetaan mikro- ja pienvoimalaitoksissa uusiutuvilla raaka-aineilla tuottajan omiin tarpeisiin ja ylim\u00e4\u00e4r\u00e4inen s\u00e4hk\u00f6 myyd\u00e4\u00e4n verkkoon sek\u00e4 pari vuotta sitten valmistuessaan Suomen suurin aurinkovoimala ollut Kalevan painotalon aurinkopaneelit. Voimala tuottaa parhaimmillaan 90% painotalon s\u00e4hk\u00f6st\u00e4.<\/p>\n<p>Oulussa on my\u00f6s mahdollisuus hy\u00f6dynt\u00e4\u00e4 maatilojen tarpeettomia sivutuotteita, kuten kesantohein\u00e4\u00e4, olkea ja lantaa biokaasun pientuotannossa. Maatiloilla tuotettavassa biokaasussa piilee merkitt\u00e4v\u00e4 potentiaali koko Suomessa ja se on my\u00f6s yleistym\u00e4ss\u00e4. Maatilojen biokaasun tuotanto on uusiutuvaa energiaa ja se mahdollistaa ahdingossa olevien maatilojen elinkeinorakenteen laajentamisen.<\/p>\n<p>Oulun tulee pysy\u00e4 ajan hermolla uusien innovaatioiden osalta, esimerkiksi Espoossa tehd\u00e4\u00e4n parhaillaan geotermist\u00e4 l\u00e4mp\u00f6\u00e4 tuottavaa usean kilometrin syvyist\u00e4 reik\u00e4\u00e4, joka on toimintaperiaatteeltaan kuin suuri maal\u00e4mp\u00f6pumppu. Hankkeen valmistuessa sill\u00e4 voidaan tuottaa merkitt\u00e4v\u00e4 osa koko Espoon tarvitsemasta kaukol\u00e4mm\u00f6st\u00e4. Hanketta toteutetaan osittain my\u00f6s pohjoispohjanmaalaisin voimin. On hienoa, ett\u00e4 maakunnastamme l\u00f6ytyy osaamista toteuttaa t\u00e4m\u00e4n kokoluokan hankkeita, kun ne tulevat ajankohtaisiksi.<\/p>\n<ul>\n<li><span style=\"color: #339966;\">Siirryt\u00e4\u00e4n energiantuotannossa hajautettujen uusiutuvien energioiden k\u00e4ytt\u00f6\u00f6n<\/span><\/li>\n<li><span style=\"color: #339966;\">Luovutaan turpeen k\u00e4yt\u00f6st\u00e4<\/span><\/li>\n<li><span style=\"color: #339966;\">Kehitet\u00e4\u00e4n uusia palveluinnovaatioita liittyen kulutushuippuihin ja energians\u00e4\u00e4st\u00f6\u00f6n<\/span><\/li>\n<\/ul>\n<p>\n<h3><i><span style=\"color: #000000;\">Energians\u00e4\u00e4st\u00f6\u00e4 arjessa<\/span><br \/>\n<\/i><\/h3>\n<p>Jo nyt ja l\u00e4hitulevaisuudessa energians\u00e4\u00e4st\u00f6 on suuressa osassa p\u00e4\u00e4st\u00f6jen v\u00e4hent\u00e4mist\u00e4. Energiaa s\u00e4\u00e4stet\u00e4\u00e4n jos edell\u00e4 k\u00e4siteltyjen rakentamisen, liikenteen ja kaavoittamiskeinojen lis\u00e4ksi esimerkiksi l\u00e4hivuosina k\u00e4ytt\u00f6\u00f6n tulevilla \u00e4lyverkkoratkaisuilla. \u00c4lyverkoilla voidaan esimerkiksi kovimmilla pakkasilla laskea et\u00e4n\u00e4 kaukol\u00e4mmitett\u00e4vien asuntojen l\u00e4mp\u00f6tiloja puolella asteella tai \u00a0katkaista pakastimien virrat kaikilta 10 minuutiksi, joka tasoittaa kulutushuippuja. T\u00e4m\u00e4n kaltaiset toimet ovat tapoja saada s\u00e4hk\u00f6j\u00e4rjestelm\u00e4st\u00e4mme tehokkaampi vuoden kylmimpin\u00e4 p\u00e4ivin\u00e4 ja n\u00e4in v\u00e4henn\u00e4mme riippuvuutta vanhanaikaisille suuren kokoluokan s\u00e4hk\u00f6n ja energian tuotantolaitoksille. Edell\u00e4 kuvatun kaltaiset toimet eiv\u00e4t v\u00e4henn\u00e4 lainkaan asumismukavuutta.<\/p>\n<p>Meill\u00e4 on lis\u00e4ksi jo k\u00e4yt\u00f6ss\u00e4 energian myynti takaisin verkkoon, jos tuotamme esimerkiksi asuntomme aurinkopaneeleilla energiaa enemm\u00e4n kuin omat tarpeemme ovat. \u00c4lyverkot my\u00f6s tulevat mahdollistamaan oman ylij\u00e4\u00e4m\u00e4energian lahjoittamisen verkon yli, vaikka omalle Oulussa opiskelevalle sukulaiselle.<\/p>\n<p>Emme saa my\u00f6s unohtaa kuinka hieno ja t\u00e4rke\u00e4 energian s\u00e4\u00e4st\u00f6uudistus on, ett\u00e4 Oulu siirtyy tulevien vuosien aikana kaikessa katuvalaistuksessa energiaa s\u00e4\u00e4st\u00e4viin led-valoihin. Uuden tekniikan mahdollistamalla \u00e4lykk\u00e4\u00e4ll\u00e4 valaistuksen ohjauksella voidaan sammuttaa valot silloin kuin niille ei ole tarvetta, automaattiset tunnistimet tunnistavan ihmisen ja valot syttyv\u00e4t.<\/p>\n","protected":false},"excerpt":{"rendered":"<p>Kuntavaalit ovat ymp\u00e4rist\u00f6n ja luonnon kannalta erityisen t\u00e4rke\u00e4t vaalit. Sen lis\u00e4ksi, ett\u00e4 valtuustoissa p\u00e4\u00e4tet\u00e4\u00e4n kuinka pitk\u00e4 matka asuinalueilta on mets\u00e4\u00e4n [&hellip;]<\/p>\n","protected":false},"author":1,"featured_media":0,"comment_status":"open","ping_status":"closed","sticky":false,"template":"","format":"standard","meta":{"_monsterinsights_skip_tracking":false,"_monsterinsights_sitenote_active":false,"_monsterinsights_sitenote_note":"","_monsterinsights_sitenote_category":0,"site-sidebar-layout":"default","site-content-layout":"","ast-site-content-layout":"default","site-content-style":"default","site-sidebar-style":"default","ast-global-header-display":"","ast-banner-title-visibility":"","ast-main-header-display":"","ast-hfb-above-header-display":"","ast-hfb-below-header-display":"","ast-hfb-mobile-header-display":"","site-post-title":"","ast-breadcrumbs-content":"","ast-featured-img":"","footer-sml-layout":"","ast-disable-related-posts":"","theme-transparent-header-meta":"","adv-header-id-meta":"","stick-header-meta":"","header-above-stick-meta":"","header-main-stick-meta":"","header-below-stick-meta":"","astra-migrate-meta-layouts":"default","ast-page-background-enabled":"default","ast-page-background-meta":{"desktop":{"background-color":"var(--ast-global-color-5)","background-image":"","background-repeat":"repeat","background-position":"center center","background-size":"auto","background-attachment":"scroll","background-type":"","background-media":"","overlay-type":"","overlay-color":"","overlay-opacity":"","overlay-gradient":""},"tablet":{"background-color":"","background-image":"","background-repeat":"repeat","background-position":"center center","background-size":"auto","background-attachment":"scroll","background-type":"","background-media":"","overlay-type":"","overlay-color":"","overlay-opacity":"","overlay-gradient":""},"mobile":{"background-color":"","background-image":"","background-repeat":"repeat","background-position":"center center","background-size":"auto","background-attachment":"scroll","background-type":"","background-media":"","overlay-type":"","overlay-color":"","overlay-opacity":"","overlay-gradient":""}},"ast-content-background-meta":{"desktop":{"background-color":"var(--ast-global-color-4)","background-image":"","background-repeat":"repeat","background-position":"center center","background-size":"auto","background-attachment":"scroll","background-type":"","background-media":"","overlay-type":"","overlay-color":"","overlay-opacity":"","overlay-gradient":""},"tablet":{"background-color":"var(--ast-global-color-4)","background-image":"","background-repeat":"repeat","background-position":"center center","background-size":"auto","background-attachment":"scroll","background-type":"","background-media":"","overlay-type":"","overlay-color":"","overlay-opacity":"","overlay-gradient":""},"mobile":{"background-color":"var(--ast-global-color-4)","background-image":"","background-repeat":"repeat","background-position":"center center","background-size":"auto","background-attachment":"scroll","background-type":"","background-media":"","overlay-type":"","overlay-color":"","overlay-opacity":"","overlay-gradient":""}},"footnotes":""},"categories":[1],"tags":[],"class_list":["post-1613","post","type-post","status-publish","format-standard","hentry","category-uncategorized"],"yoast_head":"<!-- This site is optimized with the Yoast SEO plugin v27.5 - https:\/\/yoast.com\/product\/yoast-seo-wordpress\/ -->\n<title>Kunnissa p\u00e4\u00e4tet\u00e4\u00e4n 80% p\u00e4\u00e4st\u00f6ist\u00e4 - on todellakin v\u00e4li\u00e4 ketk\u00e4 on p\u00e4\u00e4tt\u00e4m\u00e4ss\u00e4 - Jenni Pitko - Vihreiden varapuheenjohtaja, ymp\u00e4rist\u00f6valiokunnan puheenjohtaja, kansanedustaja ja arkkitehti Oulusta<\/title>\n<meta name=\"robots\" content=\"index, follow, max-snippet:-1, max-image-preview:large, max-video-preview:-1\" \/>\n<link rel=\"canonical\" href=\"https:\/\/jennipitko.fi\/koti\/kunnissa-paatetaan-80-paastoista-on-todellakin-valia-ketka-on-paattamassa\/\" \/>\n<meta property=\"og:locale\" content=\"fi_FI\" \/>\n<meta property=\"og:type\" content=\"article\" \/>\n<meta property=\"og:title\" content=\"Kunnissa p\u00e4\u00e4tet\u00e4\u00e4n 80% p\u00e4\u00e4st\u00f6ist\u00e4 - on todellakin v\u00e4li\u00e4 ketk\u00e4 on p\u00e4\u00e4tt\u00e4m\u00e4ss\u00e4 - Jenni Pitko - Vihreiden varapuheenjohtaja, ymp\u00e4rist\u00f6valiokunnan puheenjohtaja, kansanedustaja ja arkkitehti Oulusta\" \/>\n<meta property=\"og:description\" content=\"Kuntavaalit ovat ymp\u00e4rist\u00f6n ja luonnon kannalta erityisen t\u00e4rke\u00e4t vaalit. Sen lis\u00e4ksi, ett\u00e4 valtuustoissa p\u00e4\u00e4tet\u00e4\u00e4n kuinka pitk\u00e4 matka asuinalueilta on mets\u00e4\u00e4n [&hellip;]\" \/>\n<meta property=\"og:url\" content=\"https:\/\/jennipitko.fi\/koti\/kunnissa-paatetaan-80-paastoista-on-todellakin-valia-ketka-on-paattamassa\/\" \/>\n<meta property=\"og:site_name\" content=\"Jenni Pitko - Vihreiden varapuheenjohtaja, ymp\u00e4rist\u00f6valiokunnan puheenjohtaja, kansanedustaja ja arkkitehti Oulusta\" \/>\n<meta property=\"article:published_time\" content=\"2017-04-07T07:13:47+00:00\" \/>\n<meta property=\"article:modified_time\" content=\"2017-04-07T07:25:12+00:00\" \/>\n<meta name=\"author\" content=\"Jenni\" \/>\n<meta name=\"twitter:card\" content=\"summary_large_image\" \/>\n<meta name=\"twitter:label1\" content=\"Kirjoittanut\" \/>\n\t<meta name=\"twitter:data1\" content=\"Jenni\" \/>\n\t<meta name=\"twitter:label2\" content=\"Arvioitu lukuaika\" \/>\n\t<meta name=\"twitter:data2\" content=\"6 minuuttia\" \/>\n<script type=\"application\/ld+json\" class=\"yoast-schema-graph\">{\"@context\":\"https:\\\/\\\/schema.org\",\"@graph\":[{\"@type\":\"Article\",\"@id\":\"https:\\\/\\\/jennipitko.fi\\\/koti\\\/kunnissa-paatetaan-80-paastoista-on-todellakin-valia-ketka-on-paattamassa\\\/#article\",\"isPartOf\":{\"@id\":\"https:\\\/\\\/jennipitko.fi\\\/koti\\\/kunnissa-paatetaan-80-paastoista-on-todellakin-valia-ketka-on-paattamassa\\\/\"},\"author\":{\"name\":\"Jenni\",\"@id\":\"https:\\\/\\\/jennipitko.fi\\\/koti\\\/#\\\/schema\\\/person\\\/35955c467f851f10124809310e7e7ee8\"},\"headline\":\"Kunnissa p\u00e4\u00e4tet\u00e4\u00e4n 80% p\u00e4\u00e4st\u00f6ist\u00e4 &#8211; on todellakin v\u00e4li\u00e4 ketk\u00e4 on p\u00e4\u00e4tt\u00e4m\u00e4ss\u00e4\",\"datePublished\":\"2017-04-07T07:13:47+00:00\",\"dateModified\":\"2017-04-07T07:25:12+00:00\",\"mainEntityOfPage\":{\"@id\":\"https:\\\/\\\/jennipitko.fi\\\/koti\\\/kunnissa-paatetaan-80-paastoista-on-todellakin-valia-ketka-on-paattamassa\\\/\"},\"wordCount\":1296,\"commentCount\":0,\"publisher\":{\"@id\":\"https:\\\/\\\/jennipitko.fi\\\/koti\\\/#organization\"},\"articleSection\":[\"Uncategorized\"],\"inLanguage\":\"fi\",\"potentialAction\":[{\"@type\":\"CommentAction\",\"name\":\"Comment\",\"target\":[\"https:\\\/\\\/jennipitko.fi\\\/koti\\\/kunnissa-paatetaan-80-paastoista-on-todellakin-valia-ketka-on-paattamassa\\\/#respond\"]}]},{\"@type\":\"WebPage\",\"@id\":\"https:\\\/\\\/jennipitko.fi\\\/koti\\\/kunnissa-paatetaan-80-paastoista-on-todellakin-valia-ketka-on-paattamassa\\\/\",\"url\":\"https:\\\/\\\/jennipitko.fi\\\/koti\\\/kunnissa-paatetaan-80-paastoista-on-todellakin-valia-ketka-on-paattamassa\\\/\",\"name\":\"Kunnissa p\u00e4\u00e4tet\u00e4\u00e4n 80% p\u00e4\u00e4st\u00f6ist\u00e4 - on todellakin v\u00e4li\u00e4 ketk\u00e4 on p\u00e4\u00e4tt\u00e4m\u00e4ss\u00e4 - Jenni Pitko - Vihreiden varapuheenjohtaja, ymp\u00e4rist\u00f6valiokunnan puheenjohtaja, kansanedustaja ja arkkitehti Oulusta\",\"isPartOf\":{\"@id\":\"https:\\\/\\\/jennipitko.fi\\\/koti\\\/#website\"},\"datePublished\":\"2017-04-07T07:13:47+00:00\",\"dateModified\":\"2017-04-07T07:25:12+00:00\",\"breadcrumb\":{\"@id\":\"https:\\\/\\\/jennipitko.fi\\\/koti\\\/kunnissa-paatetaan-80-paastoista-on-todellakin-valia-ketka-on-paattamassa\\\/#breadcrumb\"},\"inLanguage\":\"fi\",\"potentialAction\":[{\"@type\":\"ReadAction\",\"target\":[\"https:\\\/\\\/jennipitko.fi\\\/koti\\\/kunnissa-paatetaan-80-paastoista-on-todellakin-valia-ketka-on-paattamassa\\\/\"]}]},{\"@type\":\"BreadcrumbList\",\"@id\":\"https:\\\/\\\/jennipitko.fi\\\/koti\\\/kunnissa-paatetaan-80-paastoista-on-todellakin-valia-ketka-on-paattamassa\\\/#breadcrumb\",\"itemListElement\":[{\"@type\":\"ListItem\",\"position\":1,\"name\":\"Home\",\"item\":\"https:\\\/\\\/jennipitko.fi\\\/koti\\\/\"},{\"@type\":\"ListItem\",\"position\":2,\"name\":\"Kunnissa p\u00e4\u00e4tet\u00e4\u00e4n 80% p\u00e4\u00e4st\u00f6ist\u00e4 &#8211; on todellakin v\u00e4li\u00e4 ketk\u00e4 on p\u00e4\u00e4tt\u00e4m\u00e4ss\u00e4\"}]},{\"@type\":\"WebSite\",\"@id\":\"https:\\\/\\\/jennipitko.fi\\\/koti\\\/#website\",\"url\":\"https:\\\/\\\/jennipitko.fi\\\/koti\\\/\",\"name\":\"Jenni Pitko - Vihreiden varapuheenjohtaja, ymp\u00e4rist\u00f6valiokunnan puheenjohtaja, kansanedustaja ja arkkitehti Oulusta\",\"description\":\"Jenni Pitko - Vihreiden varapuheenjohtaja, ymp\u00e4rist\u00f6valiokunnan puheenjohtaja, kansanedustaja ja arkkitehti Oulusta\",\"publisher\":{\"@id\":\"https:\\\/\\\/jennipitko.fi\\\/koti\\\/#organization\"},\"potentialAction\":[{\"@type\":\"SearchAction\",\"target\":{\"@type\":\"EntryPoint\",\"urlTemplate\":\"https:\\\/\\\/jennipitko.fi\\\/koti\\\/?s={search_term_string}\"},\"query-input\":{\"@type\":\"PropertyValueSpecification\",\"valueRequired\":true,\"valueName\":\"search_term_string\"}}],\"inLanguage\":\"fi\"},{\"@type\":\"Organization\",\"@id\":\"https:\\\/\\\/jennipitko.fi\\\/koti\\\/#organization\",\"name\":\"Jenni Pitko - Vihreiden varapuheenjohtaja, ymp\u00e4rist\u00f6valiokunnan puheenjohtaja, kansanedustaja ja arkkitehti Oulusta\",\"url\":\"https:\\\/\\\/jennipitko.fi\\\/koti\\\/\",\"logo\":{\"@type\":\"ImageObject\",\"inLanguage\":\"fi\",\"@id\":\"https:\\\/\\\/jennipitko.fi\\\/koti\\\/#\\\/schema\\\/logo\\\/image\\\/\",\"url\":\"https:\\\/\\\/jennipitko.fi\\\/koti\\\/wp-content\\\/uploads\\\/2025\\\/09\\\/Nimeton-malli-38.png\",\"contentUrl\":\"https:\\\/\\\/jennipitko.fi\\\/koti\\\/wp-content\\\/uploads\\\/2025\\\/09\\\/Nimeton-malli-38.png\",\"width\":1280,\"height\":847,\"caption\":\"Jenni Pitko - Vihreiden varapuheenjohtaja, ymp\u00e4rist\u00f6valiokunnan puheenjohtaja, kansanedustaja ja arkkitehti Oulusta\"},\"image\":{\"@id\":\"https:\\\/\\\/jennipitko.fi\\\/koti\\\/#\\\/schema\\\/logo\\\/image\\\/\"}},{\"@type\":\"Person\",\"@id\":\"https:\\\/\\\/jennipitko.fi\\\/koti\\\/#\\\/schema\\\/person\\\/35955c467f851f10124809310e7e7ee8\",\"name\":\"Jenni\",\"image\":{\"@type\":\"ImageObject\",\"inLanguage\":\"fi\",\"@id\":\"https:\\\/\\\/secure.gravatar.com\\\/avatar\\\/625a0e6413b293da7739d42617828d564a4d6028aec3f45d8939a2ba1617199f?s=96&d=blank&r=g\",\"url\":\"https:\\\/\\\/secure.gravatar.com\\\/avatar\\\/625a0e6413b293da7739d42617828d564a4d6028aec3f45d8939a2ba1617199f?s=96&d=blank&r=g\",\"contentUrl\":\"https:\\\/\\\/secure.gravatar.com\\\/avatar\\\/625a0e6413b293da7739d42617828d564a4d6028aec3f45d8939a2ba1617199f?s=96&d=blank&r=g\",\"caption\":\"Jenni\"},\"url\":\"https:\\\/\\\/jennipitko.fi\\\/koti\\\/author\\\/jenni\\\/\"}]}<\/script>\n<!-- \/ Yoast SEO plugin. -->","yoast_head_json":{"title":"Kunnissa p\u00e4\u00e4tet\u00e4\u00e4n 80% p\u00e4\u00e4st\u00f6ist\u00e4 - on todellakin v\u00e4li\u00e4 ketk\u00e4 on p\u00e4\u00e4tt\u00e4m\u00e4ss\u00e4 - Jenni Pitko - Vihreiden varapuheenjohtaja, ymp\u00e4rist\u00f6valiokunnan puheenjohtaja, kansanedustaja ja arkkitehti Oulusta","robots":{"index":"index","follow":"follow","max-snippet":"max-snippet:-1","max-image-preview":"max-image-preview:large","max-video-preview":"max-video-preview:-1"},"canonical":"https:\/\/jennipitko.fi\/koti\/kunnissa-paatetaan-80-paastoista-on-todellakin-valia-ketka-on-paattamassa\/","og_locale":"fi_FI","og_type":"article","og_title":"Kunnissa p\u00e4\u00e4tet\u00e4\u00e4n 80% p\u00e4\u00e4st\u00f6ist\u00e4 - on todellakin v\u00e4li\u00e4 ketk\u00e4 on p\u00e4\u00e4tt\u00e4m\u00e4ss\u00e4 - Jenni Pitko - Vihreiden varapuheenjohtaja, ymp\u00e4rist\u00f6valiokunnan puheenjohtaja, kansanedustaja ja arkkitehti Oulusta","og_description":"Kuntavaalit ovat ymp\u00e4rist\u00f6n ja luonnon kannalta erityisen t\u00e4rke\u00e4t vaalit. Sen lis\u00e4ksi, ett\u00e4 valtuustoissa p\u00e4\u00e4tet\u00e4\u00e4n kuinka pitk\u00e4 matka asuinalueilta on mets\u00e4\u00e4n [&hellip;]","og_url":"https:\/\/jennipitko.fi\/koti\/kunnissa-paatetaan-80-paastoista-on-todellakin-valia-ketka-on-paattamassa\/","og_site_name":"Jenni Pitko - Vihreiden varapuheenjohtaja, ymp\u00e4rist\u00f6valiokunnan puheenjohtaja, kansanedustaja ja arkkitehti Oulusta","article_published_time":"2017-04-07T07:13:47+00:00","article_modified_time":"2017-04-07T07:25:12+00:00","author":"Jenni","twitter_card":"summary_large_image","twitter_misc":{"Kirjoittanut":"Jenni","Arvioitu lukuaika":"6 minuuttia"},"schema":{"@context":"https:\/\/schema.org","@graph":[{"@type":"Article","@id":"https:\/\/jennipitko.fi\/koti\/kunnissa-paatetaan-80-paastoista-on-todellakin-valia-ketka-on-paattamassa\/#article","isPartOf":{"@id":"https:\/\/jennipitko.fi\/koti\/kunnissa-paatetaan-80-paastoista-on-todellakin-valia-ketka-on-paattamassa\/"},"author":{"name":"Jenni","@id":"https:\/\/jennipitko.fi\/koti\/#\/schema\/person\/35955c467f851f10124809310e7e7ee8"},"headline":"Kunnissa p\u00e4\u00e4tet\u00e4\u00e4n 80% p\u00e4\u00e4st\u00f6ist\u00e4 &#8211; on todellakin v\u00e4li\u00e4 ketk\u00e4 on p\u00e4\u00e4tt\u00e4m\u00e4ss\u00e4","datePublished":"2017-04-07T07:13:47+00:00","dateModified":"2017-04-07T07:25:12+00:00","mainEntityOfPage":{"@id":"https:\/\/jennipitko.fi\/koti\/kunnissa-paatetaan-80-paastoista-on-todellakin-valia-ketka-on-paattamassa\/"},"wordCount":1296,"commentCount":0,"publisher":{"@id":"https:\/\/jennipitko.fi\/koti\/#organization"},"articleSection":["Uncategorized"],"inLanguage":"fi","potentialAction":[{"@type":"CommentAction","name":"Comment","target":["https:\/\/jennipitko.fi\/koti\/kunnissa-paatetaan-80-paastoista-on-todellakin-valia-ketka-on-paattamassa\/#respond"]}]},{"@type":"WebPage","@id":"https:\/\/jennipitko.fi\/koti\/kunnissa-paatetaan-80-paastoista-on-todellakin-valia-ketka-on-paattamassa\/","url":"https:\/\/jennipitko.fi\/koti\/kunnissa-paatetaan-80-paastoista-on-todellakin-valia-ketka-on-paattamassa\/","name":"Kunnissa p\u00e4\u00e4tet\u00e4\u00e4n 80% p\u00e4\u00e4st\u00f6ist\u00e4 - on todellakin v\u00e4li\u00e4 ketk\u00e4 on p\u00e4\u00e4tt\u00e4m\u00e4ss\u00e4 - Jenni Pitko - Vihreiden varapuheenjohtaja, ymp\u00e4rist\u00f6valiokunnan puheenjohtaja, kansanedustaja ja arkkitehti Oulusta","isPartOf":{"@id":"https:\/\/jennipitko.fi\/koti\/#website"},"datePublished":"2017-04-07T07:13:47+00:00","dateModified":"2017-04-07T07:25:12+00:00","breadcrumb":{"@id":"https:\/\/jennipitko.fi\/koti\/kunnissa-paatetaan-80-paastoista-on-todellakin-valia-ketka-on-paattamassa\/#breadcrumb"},"inLanguage":"fi","potentialAction":[{"@type":"ReadAction","target":["https:\/\/jennipitko.fi\/koti\/kunnissa-paatetaan-80-paastoista-on-todellakin-valia-ketka-on-paattamassa\/"]}]},{"@type":"BreadcrumbList","@id":"https:\/\/jennipitko.fi\/koti\/kunnissa-paatetaan-80-paastoista-on-todellakin-valia-ketka-on-paattamassa\/#breadcrumb","itemListElement":[{"@type":"ListItem","position":1,"name":"Home","item":"https:\/\/jennipitko.fi\/koti\/"},{"@type":"ListItem","position":2,"name":"Kunnissa p\u00e4\u00e4tet\u00e4\u00e4n 80% p\u00e4\u00e4st\u00f6ist\u00e4 &#8211; on todellakin v\u00e4li\u00e4 ketk\u00e4 on p\u00e4\u00e4tt\u00e4m\u00e4ss\u00e4"}]},{"@type":"WebSite","@id":"https:\/\/jennipitko.fi\/koti\/#website","url":"https:\/\/jennipitko.fi\/koti\/","name":"Jenni Pitko - Vihreiden varapuheenjohtaja, ymp\u00e4rist\u00f6valiokunnan puheenjohtaja, kansanedustaja ja arkkitehti Oulusta","description":"Jenni Pitko - Vihreiden varapuheenjohtaja, ymp\u00e4rist\u00f6valiokunnan puheenjohtaja, kansanedustaja ja arkkitehti Oulusta","publisher":{"@id":"https:\/\/jennipitko.fi\/koti\/#organization"},"potentialAction":[{"@type":"SearchAction","target":{"@type":"EntryPoint","urlTemplate":"https:\/\/jennipitko.fi\/koti\/?s={search_term_string}"},"query-input":{"@type":"PropertyValueSpecification","valueRequired":true,"valueName":"search_term_string"}}],"inLanguage":"fi"},{"@type":"Organization","@id":"https:\/\/jennipitko.fi\/koti\/#organization","name":"Jenni Pitko - Vihreiden varapuheenjohtaja, ymp\u00e4rist\u00f6valiokunnan puheenjohtaja, kansanedustaja ja arkkitehti Oulusta","url":"https:\/\/jennipitko.fi\/koti\/","logo":{"@type":"ImageObject","inLanguage":"fi","@id":"https:\/\/jennipitko.fi\/koti\/#\/schema\/logo\/image\/","url":"https:\/\/jennipitko.fi\/koti\/wp-content\/uploads\/2025\/09\/Nimeton-malli-38.png","contentUrl":"https:\/\/jennipitko.fi\/koti\/wp-content\/uploads\/2025\/09\/Nimeton-malli-38.png","width":1280,"height":847,"caption":"Jenni Pitko - Vihreiden varapuheenjohtaja, ymp\u00e4rist\u00f6valiokunnan puheenjohtaja, kansanedustaja ja arkkitehti Oulusta"},"image":{"@id":"https:\/\/jennipitko.fi\/koti\/#\/schema\/logo\/image\/"}},{"@type":"Person","@id":"https:\/\/jennipitko.fi\/koti\/#\/schema\/person\/35955c467f851f10124809310e7e7ee8","name":"Jenni","image":{"@type":"ImageObject","inLanguage":"fi","@id":"https:\/\/secure.gravatar.com\/avatar\/625a0e6413b293da7739d42617828d564a4d6028aec3f45d8939a2ba1617199f?s=96&d=blank&r=g","url":"https:\/\/secure.gravatar.com\/avatar\/625a0e6413b293da7739d42617828d564a4d6028aec3f45d8939a2ba1617199f?s=96&d=blank&r=g","contentUrl":"https:\/\/secure.gravatar.com\/avatar\/625a0e6413b293da7739d42617828d564a4d6028aec3f45d8939a2ba1617199f?s=96&d=blank&r=g","caption":"Jenni"},"url":"https:\/\/jennipitko.fi\/koti\/author\/jenni\/"}]}},"_links":{"self":[{"href":"https:\/\/jennipitko.fi\/koti\/wp-json\/wp\/v2\/posts\/1613","targetHints":{"allow":["GET"]}}],"collection":[{"href":"https:\/\/jennipitko.fi\/koti\/wp-json\/wp\/v2\/posts"}],"about":[{"href":"https:\/\/jennipitko.fi\/koti\/wp-json\/wp\/v2\/types\/post"}],"author":[{"embeddable":true,"href":"https:\/\/jennipitko.fi\/koti\/wp-json\/wp\/v2\/users\/1"}],"replies":[{"embeddable":true,"href":"https:\/\/jennipitko.fi\/koti\/wp-json\/wp\/v2\/comments?post=1613"}],"version-history":[{"count":2,"href":"https:\/\/jennipitko.fi\/koti\/wp-json\/wp\/v2\/posts\/1613\/revisions"}],"predecessor-version":[{"id":1628,"href":"https:\/\/jennipitko.fi\/koti\/wp-json\/wp\/v2\/posts\/1613\/revisions\/1628"}],"wp:attachment":[{"href":"https:\/\/jennipitko.fi\/koti\/wp-json\/wp\/v2\/media?parent=1613"}],"wp:term":[{"taxonomy":"category","embeddable":true,"href":"https:\/\/jennipitko.fi\/koti\/wp-json\/wp\/v2\/categories?post=1613"},{"taxonomy":"post_tag","embeddable":true,"href":"https:\/\/jennipitko.fi\/koti\/wp-json\/wp\/v2\/tags?post=1613"}],"curies":[{"name":"wp","href":"https:\/\/api.w.org\/{rel}","templated":true}]}}