{"id":1636,"date":"2017-06-06T13:12:58","date_gmt":"2017-06-06T11:12:58","guid":{"rendered":"http:\/\/jennipitko.fi\/koti\/?p=1636"},"modified":"2017-06-06T13:12:58","modified_gmt":"2017-06-06T11:12:58","slug":"valtuustoaloite-keskustan-nopeusrajoituksen-laskeminen-30-kilometriin-tunnissa","status":"publish","type":"post","link":"https:\/\/jennipitko.fi\/koti\/valtuustoaloite-keskustan-nopeusrajoituksen-laskeminen-30-kilometriin-tunnissa\/","title":{"rendered":"Valtuustoaloite: Keskustan nopeusrajoituksen laskeminen 30 kilometriin tunnissa."},"content":{"rendered":"<p>J\u00e4timme Susa Vikev\u00e4korvan kanssa valtuustoaloitteen keskustan nopeusrajoituksen laskemiseksi 30 kilometriin tunnissa kaupunginvaltuuston kokouksessa 5.6.2017.<\/p>\n<p>Ehdotamme, ett\u00e4 Oulun keskusta-alueen nopeusrajoitus lasketaan 30km\/h koko keskustan ruutukaava-alueen osalta. My\u00f6s asuinalueilla alhaisemmista rajoituksista olisi hy\u00f6ty\u00e4.<\/p>\n<p>Alempi liikennenopeus tekee liikenteest\u00e4 ruuhka-aikoina sujuvampaa autoilijoille ja aina \u00a0turvallisempaa k\u00e4velij\u00f6ille ja py\u00f6r\u00e4ilij\u00f6ille. Liikenneturvan mukaan alhaisemmissa nopeuksissa jalankulkijoiden ja py\u00f6r\u00e4ilij\u00f6iden onnettomuuksia tapahtuu v\u00e4hemm\u00e4n.<\/p>\n<p>Ajonopeus vaikuttaa merkitt\u00e4v\u00e4sti my\u00f6s suojateiden turvallisuuteen. Jalankulkijoilla tienylitys helpottuu ja py\u00f6r\u00e4ilij\u00f6ille liikkuminen ajov\u00e4ylill\u00e4 on \u00a0huomattavasti mukavampaa, kun nopeudet ovat l\u00e4hemp\u00e4n\u00e4 py\u00f6r\u00e4ilij\u00f6iden luontaista kaupunkiajonopeutta (10-20 km\/h). My\u00f6s jarrutusmatka autoilijoilla puolittuu, kun nopeudesta otetaan pois \u00bc.<\/p>\n<p>Helsingin pudotettua monin paikoin nopeusrajoitusta 40:st\u00e4 30:een km\/h vuonna 2004 jalankulkijoiden henkil\u00f6vahinkoon johtaneet onnettomuudet laskivat viidenneksen.<\/p>\n<p>Suomessa 30 kilometrin rajoitus on jo k\u00e4yt\u00f6ss\u00e4 muun muassa Helsingiss\u00e4, Espoossa, Lahdessa, Jyv\u00e4skyl\u00e4ss\u00e4, Tampereella ja Rovaniemell\u00e4.<\/p>\n<p>Muutos voidaan ottaa k\u00e4ytt\u00f6\u00f6n nopeasti, se vaatii vain uudet liikennemerkit ja asiasta tiedottamisen kuntalaisille.<\/p>\n<p>T\u00e4m\u00e4 muutos saattaisi toivottavasti v\u00e4hent\u00e4\u00e4 my\u00f6s jalkak\u00e4yt\u00e4vill\u00e4 py\u00f6r\u00e4ilemist\u00e4. Muutos lis\u00e4isi keskustan saavutettavuutta, viihtyisyytt\u00e4 ja py\u00f6r\u00e4ilt\u00e4vyytt\u00e4. Se toteuttaisi edellisen kaupunginvaltuuston hyv\u00e4sym\u00e4\u00e4 keskustavisiota.<\/p>\n","protected":false},"excerpt":{"rendered":"<p>J\u00e4timme Susa Vikev\u00e4korvan kanssa valtuustoaloitteen keskustan nopeusrajoituksen laskemiseksi 30 kilometriin tunnissa kaupunginvaltuuston kokouksessa 5.6.2017. Ehdotamme, ett\u00e4 Oulun keskusta-alueen nopeusrajoitus lasketaan [&hellip;]<\/p>\n","protected":false},"author":1,"featured_media":0,"comment_status":"closed","ping_status":"closed","sticky":false,"template":"","format":"standard","meta":{"_monsterinsights_skip_tracking":false,"_monsterinsights_sitenote_active":false,"_monsterinsights_sitenote_note":"","_monsterinsights_sitenote_category":0,"site-sidebar-layout":"default","site-content-layout":"","ast-site-content-layout":"default","site-content-style":"default","site-sidebar-style":"default","ast-global-header-display":"","ast-banner-title-visibility":"","ast-main-header-display":"","ast-hfb-above-header-display":"","ast-hfb-below-header-display":"","ast-hfb-mobile-header-display":"","site-post-title":"","ast-breadcrumbs-content":"","ast-featured-img":"","footer-sml-layout":"","ast-disable-related-posts":"","theme-transparent-header-meta":"","adv-header-id-meta":"","stick-header-meta":"","header-above-stick-meta":"","header-main-stick-meta":"","header-below-stick-meta":"","astra-migrate-meta-layouts":"default","ast-page-background-enabled":"default","ast-page-background-meta":{"desktop":{"background-color":"var(--ast-global-color-5)","background-image":"","background-repeat":"repeat","background-position":"center center","background-size":"auto","background-attachment":"scroll","background-type":"","background-media":"","overlay-type":"","overlay-color":"","overlay-opacity":"","overlay-gradient":""},"tablet":{"background-color":"","background-image":"","background-repeat":"repeat","background-position":"center center","background-size":"auto","background-attachment":"scroll","background-type":"","background-media":"","overlay-type":"","overlay-color":"","overlay-opacity":"","overlay-gradient":""},"mobile":{"background-color":"","background-image":"","background-repeat":"repeat","background-position":"center center","background-size":"auto","background-attachment":"scroll","background-type":"","background-media":"","overlay-type":"","overlay-color":"","overlay-opacity":"","overlay-gradient":""}},"ast-content-background-meta":{"desktop":{"background-color":"var(--ast-global-color-4)","background-image":"","background-repeat":"repeat","background-position":"center center","background-size":"auto","background-attachment":"scroll","background-type":"","background-media":"","overlay-type":"","overlay-color":"","overlay-opacity":"","overlay-gradient":""},"tablet":{"background-color":"var(--ast-global-color-4)","background-image":"","background-repeat":"repeat","background-position":"center center","background-size":"auto","background-attachment":"scroll","background-type":"","background-media":"","overlay-type":"","overlay-color":"","overlay-opacity":"","overlay-gradient":""},"mobile":{"background-color":"var(--ast-global-color-4)","background-image":"","background-repeat":"repeat","background-position":"center center","background-size":"auto","background-attachment":"scroll","background-type":"","background-media":"","overlay-type":"","overlay-color":"","overlay-opacity":"","overlay-gradient":""}},"footnotes":""},"categories":[2,125],"tags":[82,28,234,255,256],"class_list":["post-1636","post","type-post","status-publish","format-standard","hentry","category-blogi","category-valtuustoaloitteet","tag-kaupunkikehittaminen","tag-keskustan-kehittaminen","tag-liikenne","tag-liikenneturvallisuus","tag-nopeusrajoitukset"],"yoast_head":"<!-- This site is optimized with the Yoast SEO plugin v27.5 - https:\/\/yoast.com\/product\/yoast-seo-wordpress\/ -->\n<title>Valtuustoaloite: Keskustan nopeusrajoituksen laskeminen 30 kilometriin tunnissa. - Jenni Pitko - Vihreiden varapuheenjohtaja, ymp\u00e4rist\u00f6valiokunnan puheenjohtaja, kansanedustaja ja arkkitehti Oulusta<\/title>\n<meta name=\"robots\" content=\"index, follow, max-snippet:-1, max-image-preview:large, max-video-preview:-1\" \/>\n<link rel=\"canonical\" href=\"https:\/\/jennipitko.fi\/koti\/valtuustoaloite-keskustan-nopeusrajoituksen-laskeminen-30-kilometriin-tunnissa\/\" \/>\n<meta property=\"og:locale\" content=\"fi_FI\" \/>\n<meta property=\"og:type\" content=\"article\" \/>\n<meta property=\"og:title\" content=\"Valtuustoaloite: Keskustan nopeusrajoituksen laskeminen 30 kilometriin tunnissa. - Jenni Pitko - Vihreiden varapuheenjohtaja, ymp\u00e4rist\u00f6valiokunnan puheenjohtaja, kansanedustaja ja arkkitehti Oulusta\" \/>\n<meta property=\"og:description\" content=\"J\u00e4timme Susa Vikev\u00e4korvan kanssa valtuustoaloitteen keskustan nopeusrajoituksen laskemiseksi 30 kilometriin tunnissa kaupunginvaltuuston kokouksessa 5.6.2017. Ehdotamme, ett\u00e4 Oulun keskusta-alueen nopeusrajoitus lasketaan [&hellip;]\" \/>\n<meta property=\"og:url\" content=\"https:\/\/jennipitko.fi\/koti\/valtuustoaloite-keskustan-nopeusrajoituksen-laskeminen-30-kilometriin-tunnissa\/\" \/>\n<meta property=\"og:site_name\" content=\"Jenni Pitko - Vihreiden varapuheenjohtaja, ymp\u00e4rist\u00f6valiokunnan puheenjohtaja, kansanedustaja ja arkkitehti Oulusta\" \/>\n<meta property=\"article:published_time\" content=\"2017-06-06T11:12:58+00:00\" \/>\n<meta name=\"author\" content=\"Jenni\" \/>\n<meta name=\"twitter:card\" content=\"summary_large_image\" \/>\n<meta name=\"twitter:label1\" content=\"Kirjoittanut\" \/>\n\t<meta name=\"twitter:data1\" content=\"Jenni\" \/>\n\t<meta name=\"twitter:label2\" content=\"Arvioitu lukuaika\" \/>\n\t<meta name=\"twitter:data2\" content=\"1 minuutti\" \/>\n<script type=\"application\/ld+json\" class=\"yoast-schema-graph\">{\"@context\":\"https:\\\/\\\/schema.org\",\"@graph\":[{\"@type\":\"Article\",\"@id\":\"https:\\\/\\\/jennipitko.fi\\\/koti\\\/valtuustoaloite-keskustan-nopeusrajoituksen-laskeminen-30-kilometriin-tunnissa\\\/#article\",\"isPartOf\":{\"@id\":\"https:\\\/\\\/jennipitko.fi\\\/koti\\\/valtuustoaloite-keskustan-nopeusrajoituksen-laskeminen-30-kilometriin-tunnissa\\\/\"},\"author\":{\"name\":\"Jenni\",\"@id\":\"https:\\\/\\\/jennipitko.fi\\\/koti\\\/#\\\/schema\\\/person\\\/35955c467f851f10124809310e7e7ee8\"},\"headline\":\"Valtuustoaloite: Keskustan nopeusrajoituksen laskeminen 30 kilometriin tunnissa.\",\"datePublished\":\"2017-06-06T11:12:58+00:00\",\"mainEntityOfPage\":{\"@id\":\"https:\\\/\\\/jennipitko.fi\\\/koti\\\/valtuustoaloite-keskustan-nopeusrajoituksen-laskeminen-30-kilometriin-tunnissa\\\/\"},\"wordCount\":205,\"publisher\":{\"@id\":\"https:\\\/\\\/jennipitko.fi\\\/koti\\\/#organization\"},\"keywords\":[\"kaupunkikehitt\u00e4minen\",\"keskustan kehitt\u00e4minen\",\"liikenne\",\"liikenneturvallisuus\",\"nopeusrajoitukset\"],\"articleSection\":[\"Blogi\",\"Valtuustoaloitteet\"],\"inLanguage\":\"fi\"},{\"@type\":\"WebPage\",\"@id\":\"https:\\\/\\\/jennipitko.fi\\\/koti\\\/valtuustoaloite-keskustan-nopeusrajoituksen-laskeminen-30-kilometriin-tunnissa\\\/\",\"url\":\"https:\\\/\\\/jennipitko.fi\\\/koti\\\/valtuustoaloite-keskustan-nopeusrajoituksen-laskeminen-30-kilometriin-tunnissa\\\/\",\"name\":\"Valtuustoaloite: Keskustan nopeusrajoituksen laskeminen 30 kilometriin tunnissa. - Jenni Pitko - Vihreiden varapuheenjohtaja, ymp\u00e4rist\u00f6valiokunnan puheenjohtaja, kansanedustaja ja arkkitehti Oulusta\",\"isPartOf\":{\"@id\":\"https:\\\/\\\/jennipitko.fi\\\/koti\\\/#website\"},\"datePublished\":\"2017-06-06T11:12:58+00:00\",\"breadcrumb\":{\"@id\":\"https:\\\/\\\/jennipitko.fi\\\/koti\\\/valtuustoaloite-keskustan-nopeusrajoituksen-laskeminen-30-kilometriin-tunnissa\\\/#breadcrumb\"},\"inLanguage\":\"fi\",\"potentialAction\":[{\"@type\":\"ReadAction\",\"target\":[\"https:\\\/\\\/jennipitko.fi\\\/koti\\\/valtuustoaloite-keskustan-nopeusrajoituksen-laskeminen-30-kilometriin-tunnissa\\\/\"]}]},{\"@type\":\"BreadcrumbList\",\"@id\":\"https:\\\/\\\/jennipitko.fi\\\/koti\\\/valtuustoaloite-keskustan-nopeusrajoituksen-laskeminen-30-kilometriin-tunnissa\\\/#breadcrumb\",\"itemListElement\":[{\"@type\":\"ListItem\",\"position\":1,\"name\":\"Home\",\"item\":\"https:\\\/\\\/jennipitko.fi\\\/koti\\\/\"},{\"@type\":\"ListItem\",\"position\":2,\"name\":\"Valtuustoaloite: Keskustan nopeusrajoituksen laskeminen 30 kilometriin tunnissa.\"}]},{\"@type\":\"WebSite\",\"@id\":\"https:\\\/\\\/jennipitko.fi\\\/koti\\\/#website\",\"url\":\"https:\\\/\\\/jennipitko.fi\\\/koti\\\/\",\"name\":\"Jenni Pitko - Vihreiden varapuheenjohtaja, ymp\u00e4rist\u00f6valiokunnan puheenjohtaja, kansanedustaja ja arkkitehti Oulusta\",\"description\":\"Jenni Pitko - Vihreiden varapuheenjohtaja, ymp\u00e4rist\u00f6valiokunnan puheenjohtaja, kansanedustaja ja arkkitehti Oulusta\",\"publisher\":{\"@id\":\"https:\\\/\\\/jennipitko.fi\\\/koti\\\/#organization\"},\"potentialAction\":[{\"@type\":\"SearchAction\",\"target\":{\"@type\":\"EntryPoint\",\"urlTemplate\":\"https:\\\/\\\/jennipitko.fi\\\/koti\\\/?s={search_term_string}\"},\"query-input\":{\"@type\":\"PropertyValueSpecification\",\"valueRequired\":true,\"valueName\":\"search_term_string\"}}],\"inLanguage\":\"fi\"},{\"@type\":\"Organization\",\"@id\":\"https:\\\/\\\/jennipitko.fi\\\/koti\\\/#organization\",\"name\":\"Jenni Pitko - Vihreiden varapuheenjohtaja, ymp\u00e4rist\u00f6valiokunnan puheenjohtaja, kansanedustaja ja arkkitehti Oulusta\",\"url\":\"https:\\\/\\\/jennipitko.fi\\\/koti\\\/\",\"logo\":{\"@type\":\"ImageObject\",\"inLanguage\":\"fi\",\"@id\":\"https:\\\/\\\/jennipitko.fi\\\/koti\\\/#\\\/schema\\\/logo\\\/image\\\/\",\"url\":\"https:\\\/\\\/jennipitko.fi\\\/koti\\\/wp-content\\\/uploads\\\/2025\\\/09\\\/Nimeton-malli-38.png\",\"contentUrl\":\"https:\\\/\\\/jennipitko.fi\\\/koti\\\/wp-content\\\/uploads\\\/2025\\\/09\\\/Nimeton-malli-38.png\",\"width\":1280,\"height\":847,\"caption\":\"Jenni Pitko - Vihreiden varapuheenjohtaja, ymp\u00e4rist\u00f6valiokunnan puheenjohtaja, kansanedustaja ja arkkitehti Oulusta\"},\"image\":{\"@id\":\"https:\\\/\\\/jennipitko.fi\\\/koti\\\/#\\\/schema\\\/logo\\\/image\\\/\"}},{\"@type\":\"Person\",\"@id\":\"https:\\\/\\\/jennipitko.fi\\\/koti\\\/#\\\/schema\\\/person\\\/35955c467f851f10124809310e7e7ee8\",\"name\":\"Jenni\",\"image\":{\"@type\":\"ImageObject\",\"inLanguage\":\"fi\",\"@id\":\"https:\\\/\\\/secure.gravatar.com\\\/avatar\\\/625a0e6413b293da7739d42617828d564a4d6028aec3f45d8939a2ba1617199f?s=96&d=blank&r=g\",\"url\":\"https:\\\/\\\/secure.gravatar.com\\\/avatar\\\/625a0e6413b293da7739d42617828d564a4d6028aec3f45d8939a2ba1617199f?s=96&d=blank&r=g\",\"contentUrl\":\"https:\\\/\\\/secure.gravatar.com\\\/avatar\\\/625a0e6413b293da7739d42617828d564a4d6028aec3f45d8939a2ba1617199f?s=96&d=blank&r=g\",\"caption\":\"Jenni\"},\"url\":\"https:\\\/\\\/jennipitko.fi\\\/koti\\\/author\\\/jenni\\\/\"}]}<\/script>\n<!-- \/ Yoast SEO plugin. -->","yoast_head_json":{"title":"Valtuustoaloite: Keskustan nopeusrajoituksen laskeminen 30 kilometriin tunnissa. - Jenni Pitko - Vihreiden varapuheenjohtaja, ymp\u00e4rist\u00f6valiokunnan puheenjohtaja, kansanedustaja ja arkkitehti Oulusta","robots":{"index":"index","follow":"follow","max-snippet":"max-snippet:-1","max-image-preview":"max-image-preview:large","max-video-preview":"max-video-preview:-1"},"canonical":"https:\/\/jennipitko.fi\/koti\/valtuustoaloite-keskustan-nopeusrajoituksen-laskeminen-30-kilometriin-tunnissa\/","og_locale":"fi_FI","og_type":"article","og_title":"Valtuustoaloite: Keskustan nopeusrajoituksen laskeminen 30 kilometriin tunnissa. - Jenni Pitko - Vihreiden varapuheenjohtaja, ymp\u00e4rist\u00f6valiokunnan puheenjohtaja, kansanedustaja ja arkkitehti Oulusta","og_description":"J\u00e4timme Susa Vikev\u00e4korvan kanssa valtuustoaloitteen keskustan nopeusrajoituksen laskemiseksi 30 kilometriin tunnissa kaupunginvaltuuston kokouksessa 5.6.2017. Ehdotamme, ett\u00e4 Oulun keskusta-alueen nopeusrajoitus lasketaan [&hellip;]","og_url":"https:\/\/jennipitko.fi\/koti\/valtuustoaloite-keskustan-nopeusrajoituksen-laskeminen-30-kilometriin-tunnissa\/","og_site_name":"Jenni Pitko - Vihreiden varapuheenjohtaja, ymp\u00e4rist\u00f6valiokunnan puheenjohtaja, kansanedustaja ja arkkitehti Oulusta","article_published_time":"2017-06-06T11:12:58+00:00","author":"Jenni","twitter_card":"summary_large_image","twitter_misc":{"Kirjoittanut":"Jenni","Arvioitu lukuaika":"1 minuutti"},"schema":{"@context":"https:\/\/schema.org","@graph":[{"@type":"Article","@id":"https:\/\/jennipitko.fi\/koti\/valtuustoaloite-keskustan-nopeusrajoituksen-laskeminen-30-kilometriin-tunnissa\/#article","isPartOf":{"@id":"https:\/\/jennipitko.fi\/koti\/valtuustoaloite-keskustan-nopeusrajoituksen-laskeminen-30-kilometriin-tunnissa\/"},"author":{"name":"Jenni","@id":"https:\/\/jennipitko.fi\/koti\/#\/schema\/person\/35955c467f851f10124809310e7e7ee8"},"headline":"Valtuustoaloite: Keskustan nopeusrajoituksen laskeminen 30 kilometriin tunnissa.","datePublished":"2017-06-06T11:12:58+00:00","mainEntityOfPage":{"@id":"https:\/\/jennipitko.fi\/koti\/valtuustoaloite-keskustan-nopeusrajoituksen-laskeminen-30-kilometriin-tunnissa\/"},"wordCount":205,"publisher":{"@id":"https:\/\/jennipitko.fi\/koti\/#organization"},"keywords":["kaupunkikehitt\u00e4minen","keskustan kehitt\u00e4minen","liikenne","liikenneturvallisuus","nopeusrajoitukset"],"articleSection":["Blogi","Valtuustoaloitteet"],"inLanguage":"fi"},{"@type":"WebPage","@id":"https:\/\/jennipitko.fi\/koti\/valtuustoaloite-keskustan-nopeusrajoituksen-laskeminen-30-kilometriin-tunnissa\/","url":"https:\/\/jennipitko.fi\/koti\/valtuustoaloite-keskustan-nopeusrajoituksen-laskeminen-30-kilometriin-tunnissa\/","name":"Valtuustoaloite: Keskustan nopeusrajoituksen laskeminen 30 kilometriin tunnissa. - Jenni Pitko - Vihreiden varapuheenjohtaja, ymp\u00e4rist\u00f6valiokunnan puheenjohtaja, kansanedustaja ja arkkitehti Oulusta","isPartOf":{"@id":"https:\/\/jennipitko.fi\/koti\/#website"},"datePublished":"2017-06-06T11:12:58+00:00","breadcrumb":{"@id":"https:\/\/jennipitko.fi\/koti\/valtuustoaloite-keskustan-nopeusrajoituksen-laskeminen-30-kilometriin-tunnissa\/#breadcrumb"},"inLanguage":"fi","potentialAction":[{"@type":"ReadAction","target":["https:\/\/jennipitko.fi\/koti\/valtuustoaloite-keskustan-nopeusrajoituksen-laskeminen-30-kilometriin-tunnissa\/"]}]},{"@type":"BreadcrumbList","@id":"https:\/\/jennipitko.fi\/koti\/valtuustoaloite-keskustan-nopeusrajoituksen-laskeminen-30-kilometriin-tunnissa\/#breadcrumb","itemListElement":[{"@type":"ListItem","position":1,"name":"Home","item":"https:\/\/jennipitko.fi\/koti\/"},{"@type":"ListItem","position":2,"name":"Valtuustoaloite: Keskustan nopeusrajoituksen laskeminen 30 kilometriin tunnissa."}]},{"@type":"WebSite","@id":"https:\/\/jennipitko.fi\/koti\/#website","url":"https:\/\/jennipitko.fi\/koti\/","name":"Jenni Pitko - Vihreiden varapuheenjohtaja, ymp\u00e4rist\u00f6valiokunnan puheenjohtaja, kansanedustaja ja arkkitehti Oulusta","description":"Jenni Pitko - Vihreiden varapuheenjohtaja, ymp\u00e4rist\u00f6valiokunnan puheenjohtaja, kansanedustaja ja arkkitehti Oulusta","publisher":{"@id":"https:\/\/jennipitko.fi\/koti\/#organization"},"potentialAction":[{"@type":"SearchAction","target":{"@type":"EntryPoint","urlTemplate":"https:\/\/jennipitko.fi\/koti\/?s={search_term_string}"},"query-input":{"@type":"PropertyValueSpecification","valueRequired":true,"valueName":"search_term_string"}}],"inLanguage":"fi"},{"@type":"Organization","@id":"https:\/\/jennipitko.fi\/koti\/#organization","name":"Jenni Pitko - Vihreiden varapuheenjohtaja, ymp\u00e4rist\u00f6valiokunnan puheenjohtaja, kansanedustaja ja arkkitehti Oulusta","url":"https:\/\/jennipitko.fi\/koti\/","logo":{"@type":"ImageObject","inLanguage":"fi","@id":"https:\/\/jennipitko.fi\/koti\/#\/schema\/logo\/image\/","url":"https:\/\/jennipitko.fi\/koti\/wp-content\/uploads\/2025\/09\/Nimeton-malli-38.png","contentUrl":"https:\/\/jennipitko.fi\/koti\/wp-content\/uploads\/2025\/09\/Nimeton-malli-38.png","width":1280,"height":847,"caption":"Jenni Pitko - Vihreiden varapuheenjohtaja, ymp\u00e4rist\u00f6valiokunnan puheenjohtaja, kansanedustaja ja arkkitehti Oulusta"},"image":{"@id":"https:\/\/jennipitko.fi\/koti\/#\/schema\/logo\/image\/"}},{"@type":"Person","@id":"https:\/\/jennipitko.fi\/koti\/#\/schema\/person\/35955c467f851f10124809310e7e7ee8","name":"Jenni","image":{"@type":"ImageObject","inLanguage":"fi","@id":"https:\/\/secure.gravatar.com\/avatar\/625a0e6413b293da7739d42617828d564a4d6028aec3f45d8939a2ba1617199f?s=96&d=blank&r=g","url":"https:\/\/secure.gravatar.com\/avatar\/625a0e6413b293da7739d42617828d564a4d6028aec3f45d8939a2ba1617199f?s=96&d=blank&r=g","contentUrl":"https:\/\/secure.gravatar.com\/avatar\/625a0e6413b293da7739d42617828d564a4d6028aec3f45d8939a2ba1617199f?s=96&d=blank&r=g","caption":"Jenni"},"url":"https:\/\/jennipitko.fi\/koti\/author\/jenni\/"}]}},"_links":{"self":[{"href":"https:\/\/jennipitko.fi\/koti\/wp-json\/wp\/v2\/posts\/1636","targetHints":{"allow":["GET"]}}],"collection":[{"href":"https:\/\/jennipitko.fi\/koti\/wp-json\/wp\/v2\/posts"}],"about":[{"href":"https:\/\/jennipitko.fi\/koti\/wp-json\/wp\/v2\/types\/post"}],"author":[{"embeddable":true,"href":"https:\/\/jennipitko.fi\/koti\/wp-json\/wp\/v2\/users\/1"}],"replies":[{"embeddable":true,"href":"https:\/\/jennipitko.fi\/koti\/wp-json\/wp\/v2\/comments?post=1636"}],"version-history":[{"count":1,"href":"https:\/\/jennipitko.fi\/koti\/wp-json\/wp\/v2\/posts\/1636\/revisions"}],"predecessor-version":[{"id":1637,"href":"https:\/\/jennipitko.fi\/koti\/wp-json\/wp\/v2\/posts\/1636\/revisions\/1637"}],"wp:attachment":[{"href":"https:\/\/jennipitko.fi\/koti\/wp-json\/wp\/v2\/media?parent=1636"}],"wp:term":[{"taxonomy":"category","embeddable":true,"href":"https:\/\/jennipitko.fi\/koti\/wp-json\/wp\/v2\/categories?post=1636"},{"taxonomy":"post_tag","embeddable":true,"href":"https:\/\/jennipitko.fi\/koti\/wp-json\/wp\/v2\/tags?post=1636"}],"curies":[{"name":"wp","href":"https:\/\/api.w.org\/{rel}","templated":true}]}}