{"id":1639,"date":"2017-08-26T12:35:01","date_gmt":"2017-08-26T10:35:01","guid":{"rendered":"http:\/\/jennipitko.fi\/koti\/hyvaa-suomen-luonnon-paivaa-sanginjoen-aika-on-nyt\/"},"modified":"2017-08-26T12:35:01","modified_gmt":"2017-08-26T10:35:01","slug":"hyvaa-suomen-luonnon-paivaa-sanginjoen-aika-on-nyt","status":"publish","type":"post","link":"https:\/\/jennipitko.fi\/koti\/hyvaa-suomen-luonnon-paivaa-sanginjoen-aika-on-nyt\/","title":{"rendered":"Hyv\u00e4\u00e4 Suomen luonnon p\u00e4iv\u00e4\u00e4 &#8211; Sanginjoen aika on nyt\u00a0"},"content":{"rendered":"<p>Sanginjoen metsien suojelemisessa on kyse luonnon monimuotoisuuden suojelemisesta mutta my\u00f6s siit\u00e4, millaisen kaupungin j\u00e4t\u00e4mme niille jotka tulevat t\u00e4nne meid\u00e4n j\u00e4lkeemme.<\/p>\n<p>T\u00e4n\u00e4\u00e4n 26.8. on Suomen luonnon p\u00e4iv\u00e4. Suomi on sitoutunut pys\u00e4ytt\u00e4m\u00e4\u00e4n luonnon monimuotoisuuden k\u00f6yhtymisen ja kaupungeilla ja kunnilla on suurina metsien omistajina suuri vastuu.&nbsp;Sanginjoen ulkomets\u00e4 on noin 15km kaupungin keskustasta it\u00e4\u00e4n oleva laaja mets\u00e4alue jossa on monilta osin pitk\u00e4lti valmis, joskin paikoittain huonokuntoinen, retkeilyinfrastruktuuri (polut, laavut, opasteet ym). Potentiaalia laajemmallekin virkistystoiminnalle on, mik\u00e4li talousmetsin\u00e4 olleet alueet otettaisiin laajemmin virkistysk\u00e4ytt\u00f6\u00f6n. Matkailupotentiaaliakin on, mutta yritt\u00e4j\u00e4t tarvitsevat lupauksen mets\u00e4n s\u00e4ilymisest\u00e4. Mets\u00e4\u00e4 on noin yhten\u00e4isell\u00e4 2500 hehtaarin alueella.<\/p>\n<p>Miksi luontoa pit\u00e4\u00e4 suojella kaupungissa? Kaupunginstuminen, ty\u00f6el\u00e4m\u00e4n hektisyys ja muut syyt ovat johtaneet luontoalueiden ja metsien virkistysk\u00e4yt\u00f6n uuteen arvostukseen. Omaehtoinen hyvinvoinnin edist\u00e4minen on kaupunkimme yksi strateginen tavoite ja mets\u00e4ss\u00e4 viipyily tukee sit\u00e4 erinomaisesti. Kaupungissa asuville tulisi taata luonnontilaista mets\u00e4\u00e4 viett\u00e4\u00e4 vapaa-aikaa l\u00e4helt\u00e4 keskustaa, Sanginjokea parempaa laajaa mets\u00e4alueitta ei l\u00e4hell\u00e4 kaupunkia ole.&nbsp;<\/p>\n<p>Oulun kaupunki toteutti vuonna 2006 k\u00e4ytt\u00e4j\u00e4kyselyn Sanginjoella. Kysytt\u00e4ess\u00e4 k\u00e4vij\u00f6ilt\u00e4 heid\u00e4n motiivejaan alueelle saapumisesta korostui vastauksissa tarve irtaantua arjen kiireest\u00e4 ja rutiineista luonnonrauhassa vietetyn vapaa-ajan kautta. N\u00e4m\u00e4 motiivit mainitsi t\u00e4rkeimmiksi l\u00e4hes 90 % vastaajista. Yhdess\u00e4olon ja kokemuksen jakamisen merkityst\u00e4 korostettiin my\u00f6s. N\u00e4m\u00e4 arvot ei kuulu mets\u00e4n suojelun vastustajien puheissa, niiss\u00e4 korostuu vain rahallinen hy\u00f6tyminen ja mets\u00e4stysharrastus.<\/p>\n<p>Oulu tekee t\u00e4n\u00e4 syksyn\u00e4 p\u00e4\u00e4t\u00f6ksi\u00e4 Sanginjoen mets\u00e4n tulevaisuudesta. Valitettavan moni Oulun p\u00e4\u00e4tt\u00e4j\u00e4 n\u00e4kee viel\u00e4 vuonna 2017 mets\u00e4n l\u00e4hinn\u00e4 rahanteon v\u00e4lineen\u00e4 ja on valmis jopa avohakkuita k\u00e4ytt\u00e4m\u00e4ll\u00e4 pilkkomaan t\u00e4t\u00e4 upeaa mets\u00e4\u00e4 kaupungin kassavarannon kasvattamiseksi. Vaikka suojeluesitys on nyt esill\u00e4, on t\u00e4rke\u00e4mp\u00e4\u00e4 nyt kuin koskaan, tehd\u00e4 yhdess\u00e4 kaikkemme Sanginjoen ulkomets\u00e4n luonnon tilan s\u00e4ilytt\u00e4misen puolesta. Jos hakkuita suojelun ulkopuolelle j\u00e4\u00e4v\u00e4n ulkomets\u00e4n alueella tehd\u00e4\u00e4n, niiss\u00e4 on oltava rajoitteena luonnon monimuotoisuuden s\u00e4ilytt\u00e4minen ja virkistysk\u00e4ytt\u00f6. Maisemaa rajusti muokkaavia avohakkuita ei saa lainkaan sallia.&nbsp;<\/p>\n<p>Oulu on kaupunki pohjoisessa jossa asuu valtavasti luontoa arvostavia kaupunkilaisia. Suojellaan Sanginjoen ulkomets\u00e4 my\u00f6s tuleville kaupunkilaisille, joille luonto on t\u00e4rke\u00e4 osa el\u00e4m\u00e4\u00e4.&nbsp;<br \/>\nHyv\u00e4\u00e4 Suomen luonnon p\u00e4iv\u00e4\u00e4!<\/p>\n","protected":false},"excerpt":{"rendered":"<p>Sanginjoen metsien suojelemisessa on kyse luonnon monimuotoisuuden suojelemisesta mutta my\u00f6s siit\u00e4, millaisen kaupungin j\u00e4t\u00e4mme niille jotka tulevat t\u00e4nne meid\u00e4n j\u00e4lkeemme. [&hellip;]<\/p>\n","protected":false},"author":1,"featured_media":0,"comment_status":"closed","ping_status":"closed","sticky":false,"template":"","format":"standard","meta":{"_monsterinsights_skip_tracking":false,"_monsterinsights_sitenote_active":false,"_monsterinsights_sitenote_note":"","_monsterinsights_sitenote_category":0,"site-sidebar-layout":"default","site-content-layout":"","ast-site-content-layout":"default","site-content-style":"default","site-sidebar-style":"default","ast-global-header-display":"","ast-banner-title-visibility":"","ast-main-header-display":"","ast-hfb-above-header-display":"","ast-hfb-below-header-display":"","ast-hfb-mobile-header-display":"","site-post-title":"","ast-breadcrumbs-content":"","ast-featured-img":"","footer-sml-layout":"","ast-disable-related-posts":"","theme-transparent-header-meta":"","adv-header-id-meta":"","stick-header-meta":"","header-above-stick-meta":"","header-main-stick-meta":"","header-below-stick-meta":"","astra-migrate-meta-layouts":"default","ast-page-background-enabled":"default","ast-page-background-meta":{"desktop":{"background-color":"var(--ast-global-color-5)","background-image":"","background-repeat":"repeat","background-position":"center center","background-size":"auto","background-attachment":"scroll","background-type":"","background-media":"","overlay-type":"","overlay-color":"","overlay-opacity":"","overlay-gradient":""},"tablet":{"background-color":"","background-image":"","background-repeat":"repeat","background-position":"center center","background-size":"auto","background-attachment":"scroll","background-type":"","background-media":"","overlay-type":"","overlay-color":"","overlay-opacity":"","overlay-gradient":""},"mobile":{"background-color":"","background-image":"","background-repeat":"repeat","background-position":"center center","background-size":"auto","background-attachment":"scroll","background-type":"","background-media":"","overlay-type":"","overlay-color":"","overlay-opacity":"","overlay-gradient":""}},"ast-content-background-meta":{"desktop":{"background-color":"var(--ast-global-color-4)","background-image":"","background-repeat":"repeat","background-position":"center center","background-size":"auto","background-attachment":"scroll","background-type":"","background-media":"","overlay-type":"","overlay-color":"","overlay-opacity":"","overlay-gradient":""},"tablet":{"background-color":"var(--ast-global-color-4)","background-image":"","background-repeat":"repeat","background-position":"center center","background-size":"auto","background-attachment":"scroll","background-type":"","background-media":"","overlay-type":"","overlay-color":"","overlay-opacity":"","overlay-gradient":""},"mobile":{"background-color":"var(--ast-global-color-4)","background-image":"","background-repeat":"repeat","background-position":"center center","background-size":"auto","background-attachment":"scroll","background-type":"","background-media":"","overlay-type":"","overlay-color":"","overlay-opacity":"","overlay-gradient":""}},"footnotes":""},"categories":[1],"tags":[],"class_list":["post-1639","post","type-post","status-publish","format-standard","hentry","category-uncategorized"],"yoast_head":"<!-- This site is optimized with the Yoast SEO plugin v27.5 - https:\/\/yoast.com\/product\/yoast-seo-wordpress\/ -->\n<title>Hyv\u00e4\u00e4 Suomen luonnon p\u00e4iv\u00e4\u00e4 - Sanginjoen aika on nyt\u00a0 - Jenni Pitko - Vihreiden varapuheenjohtaja, ymp\u00e4rist\u00f6valiokunnan puheenjohtaja, kansanedustaja ja arkkitehti Oulusta<\/title>\n<meta name=\"robots\" content=\"index, follow, max-snippet:-1, max-image-preview:large, max-video-preview:-1\" \/>\n<link rel=\"canonical\" href=\"https:\/\/jennipitko.fi\/koti\/hyvaa-suomen-luonnon-paivaa-sanginjoen-aika-on-nyt\/\" \/>\n<meta property=\"og:locale\" content=\"fi_FI\" \/>\n<meta property=\"og:type\" content=\"article\" \/>\n<meta property=\"og:title\" content=\"Hyv\u00e4\u00e4 Suomen luonnon p\u00e4iv\u00e4\u00e4 - Sanginjoen aika on nyt\u00a0 - Jenni Pitko - Vihreiden varapuheenjohtaja, ymp\u00e4rist\u00f6valiokunnan puheenjohtaja, kansanedustaja ja arkkitehti Oulusta\" \/>\n<meta property=\"og:description\" content=\"Sanginjoen metsien suojelemisessa on kyse luonnon monimuotoisuuden suojelemisesta mutta my\u00f6s siit\u00e4, millaisen kaupungin j\u00e4t\u00e4mme niille jotka tulevat t\u00e4nne meid\u00e4n j\u00e4lkeemme. [&hellip;]\" \/>\n<meta property=\"og:url\" content=\"https:\/\/jennipitko.fi\/koti\/hyvaa-suomen-luonnon-paivaa-sanginjoen-aika-on-nyt\/\" \/>\n<meta property=\"og:site_name\" content=\"Jenni Pitko - Vihreiden varapuheenjohtaja, ymp\u00e4rist\u00f6valiokunnan puheenjohtaja, kansanedustaja ja arkkitehti Oulusta\" \/>\n<meta property=\"article:published_time\" content=\"2017-08-26T10:35:01+00:00\" \/>\n<meta name=\"author\" content=\"Jenni\" \/>\n<meta name=\"twitter:card\" content=\"summary_large_image\" \/>\n<meta name=\"twitter:label1\" content=\"Kirjoittanut\" \/>\n\t<meta name=\"twitter:data1\" content=\"Jenni\" \/>\n\t<meta name=\"twitter:label2\" content=\"Arvioitu lukuaika\" \/>\n\t<meta name=\"twitter:data2\" content=\"2 minuuttia\" \/>\n<script type=\"application\/ld+json\" class=\"yoast-schema-graph\">{\"@context\":\"https:\\\/\\\/schema.org\",\"@graph\":[{\"@type\":\"Article\",\"@id\":\"https:\\\/\\\/jennipitko.fi\\\/koti\\\/hyvaa-suomen-luonnon-paivaa-sanginjoen-aika-on-nyt\\\/#article\",\"isPartOf\":{\"@id\":\"https:\\\/\\\/jennipitko.fi\\\/koti\\\/hyvaa-suomen-luonnon-paivaa-sanginjoen-aika-on-nyt\\\/\"},\"author\":{\"name\":\"Jenni\",\"@id\":\"https:\\\/\\\/jennipitko.fi\\\/koti\\\/#\\\/schema\\\/person\\\/35955c467f851f10124809310e7e7ee8\"},\"headline\":\"Hyv\u00e4\u00e4 Suomen luonnon p\u00e4iv\u00e4\u00e4 &#8211; Sanginjoen aika on nyt\u00a0\",\"datePublished\":\"2017-08-26T10:35:01+00:00\",\"mainEntityOfPage\":{\"@id\":\"https:\\\/\\\/jennipitko.fi\\\/koti\\\/hyvaa-suomen-luonnon-paivaa-sanginjoen-aika-on-nyt\\\/\"},\"wordCount\":391,\"publisher\":{\"@id\":\"https:\\\/\\\/jennipitko.fi\\\/koti\\\/#organization\"},\"articleSection\":[\"Uncategorized\"],\"inLanguage\":\"fi\"},{\"@type\":\"WebPage\",\"@id\":\"https:\\\/\\\/jennipitko.fi\\\/koti\\\/hyvaa-suomen-luonnon-paivaa-sanginjoen-aika-on-nyt\\\/\",\"url\":\"https:\\\/\\\/jennipitko.fi\\\/koti\\\/hyvaa-suomen-luonnon-paivaa-sanginjoen-aika-on-nyt\\\/\",\"name\":\"Hyv\u00e4\u00e4 Suomen luonnon p\u00e4iv\u00e4\u00e4 - Sanginjoen aika on nyt\u00a0 - Jenni Pitko - Vihreiden varapuheenjohtaja, ymp\u00e4rist\u00f6valiokunnan puheenjohtaja, kansanedustaja ja arkkitehti Oulusta\",\"isPartOf\":{\"@id\":\"https:\\\/\\\/jennipitko.fi\\\/koti\\\/#website\"},\"datePublished\":\"2017-08-26T10:35:01+00:00\",\"breadcrumb\":{\"@id\":\"https:\\\/\\\/jennipitko.fi\\\/koti\\\/hyvaa-suomen-luonnon-paivaa-sanginjoen-aika-on-nyt\\\/#breadcrumb\"},\"inLanguage\":\"fi\",\"potentialAction\":[{\"@type\":\"ReadAction\",\"target\":[\"https:\\\/\\\/jennipitko.fi\\\/koti\\\/hyvaa-suomen-luonnon-paivaa-sanginjoen-aika-on-nyt\\\/\"]}]},{\"@type\":\"BreadcrumbList\",\"@id\":\"https:\\\/\\\/jennipitko.fi\\\/koti\\\/hyvaa-suomen-luonnon-paivaa-sanginjoen-aika-on-nyt\\\/#breadcrumb\",\"itemListElement\":[{\"@type\":\"ListItem\",\"position\":1,\"name\":\"Home\",\"item\":\"https:\\\/\\\/jennipitko.fi\\\/koti\\\/\"},{\"@type\":\"ListItem\",\"position\":2,\"name\":\"Hyv\u00e4\u00e4 Suomen luonnon p\u00e4iv\u00e4\u00e4 &#8211; Sanginjoen aika on nyt\u00a0\"}]},{\"@type\":\"WebSite\",\"@id\":\"https:\\\/\\\/jennipitko.fi\\\/koti\\\/#website\",\"url\":\"https:\\\/\\\/jennipitko.fi\\\/koti\\\/\",\"name\":\"Jenni Pitko - Vihreiden varapuheenjohtaja, ymp\u00e4rist\u00f6valiokunnan puheenjohtaja, kansanedustaja ja arkkitehti Oulusta\",\"description\":\"Jenni Pitko - Vihreiden varapuheenjohtaja, ymp\u00e4rist\u00f6valiokunnan puheenjohtaja, kansanedustaja ja arkkitehti Oulusta\",\"publisher\":{\"@id\":\"https:\\\/\\\/jennipitko.fi\\\/koti\\\/#organization\"},\"potentialAction\":[{\"@type\":\"SearchAction\",\"target\":{\"@type\":\"EntryPoint\",\"urlTemplate\":\"https:\\\/\\\/jennipitko.fi\\\/koti\\\/?s={search_term_string}\"},\"query-input\":{\"@type\":\"PropertyValueSpecification\",\"valueRequired\":true,\"valueName\":\"search_term_string\"}}],\"inLanguage\":\"fi\"},{\"@type\":\"Organization\",\"@id\":\"https:\\\/\\\/jennipitko.fi\\\/koti\\\/#organization\",\"name\":\"Jenni Pitko - Vihreiden varapuheenjohtaja, ymp\u00e4rist\u00f6valiokunnan puheenjohtaja, kansanedustaja ja arkkitehti Oulusta\",\"url\":\"https:\\\/\\\/jennipitko.fi\\\/koti\\\/\",\"logo\":{\"@type\":\"ImageObject\",\"inLanguage\":\"fi\",\"@id\":\"https:\\\/\\\/jennipitko.fi\\\/koti\\\/#\\\/schema\\\/logo\\\/image\\\/\",\"url\":\"https:\\\/\\\/jennipitko.fi\\\/koti\\\/wp-content\\\/uploads\\\/2025\\\/09\\\/Nimeton-malli-38.png\",\"contentUrl\":\"https:\\\/\\\/jennipitko.fi\\\/koti\\\/wp-content\\\/uploads\\\/2025\\\/09\\\/Nimeton-malli-38.png\",\"width\":1280,\"height\":847,\"caption\":\"Jenni Pitko - Vihreiden varapuheenjohtaja, ymp\u00e4rist\u00f6valiokunnan puheenjohtaja, kansanedustaja ja arkkitehti Oulusta\"},\"image\":{\"@id\":\"https:\\\/\\\/jennipitko.fi\\\/koti\\\/#\\\/schema\\\/logo\\\/image\\\/\"}},{\"@type\":\"Person\",\"@id\":\"https:\\\/\\\/jennipitko.fi\\\/koti\\\/#\\\/schema\\\/person\\\/35955c467f851f10124809310e7e7ee8\",\"name\":\"Jenni\",\"image\":{\"@type\":\"ImageObject\",\"inLanguage\":\"fi\",\"@id\":\"https:\\\/\\\/secure.gravatar.com\\\/avatar\\\/625a0e6413b293da7739d42617828d564a4d6028aec3f45d8939a2ba1617199f?s=96&d=blank&r=g\",\"url\":\"https:\\\/\\\/secure.gravatar.com\\\/avatar\\\/625a0e6413b293da7739d42617828d564a4d6028aec3f45d8939a2ba1617199f?s=96&d=blank&r=g\",\"contentUrl\":\"https:\\\/\\\/secure.gravatar.com\\\/avatar\\\/625a0e6413b293da7739d42617828d564a4d6028aec3f45d8939a2ba1617199f?s=96&d=blank&r=g\",\"caption\":\"Jenni\"},\"url\":\"https:\\\/\\\/jennipitko.fi\\\/koti\\\/author\\\/jenni\\\/\"}]}<\/script>\n<!-- \/ Yoast SEO plugin. -->","yoast_head_json":{"title":"Hyv\u00e4\u00e4 Suomen luonnon p\u00e4iv\u00e4\u00e4 - Sanginjoen aika on nyt\u00a0 - Jenni Pitko - Vihreiden varapuheenjohtaja, ymp\u00e4rist\u00f6valiokunnan puheenjohtaja, kansanedustaja ja arkkitehti Oulusta","robots":{"index":"index","follow":"follow","max-snippet":"max-snippet:-1","max-image-preview":"max-image-preview:large","max-video-preview":"max-video-preview:-1"},"canonical":"https:\/\/jennipitko.fi\/koti\/hyvaa-suomen-luonnon-paivaa-sanginjoen-aika-on-nyt\/","og_locale":"fi_FI","og_type":"article","og_title":"Hyv\u00e4\u00e4 Suomen luonnon p\u00e4iv\u00e4\u00e4 - Sanginjoen aika on nyt\u00a0 - Jenni Pitko - Vihreiden varapuheenjohtaja, ymp\u00e4rist\u00f6valiokunnan puheenjohtaja, kansanedustaja ja arkkitehti Oulusta","og_description":"Sanginjoen metsien suojelemisessa on kyse luonnon monimuotoisuuden suojelemisesta mutta my\u00f6s siit\u00e4, millaisen kaupungin j\u00e4t\u00e4mme niille jotka tulevat t\u00e4nne meid\u00e4n j\u00e4lkeemme. [&hellip;]","og_url":"https:\/\/jennipitko.fi\/koti\/hyvaa-suomen-luonnon-paivaa-sanginjoen-aika-on-nyt\/","og_site_name":"Jenni Pitko - Vihreiden varapuheenjohtaja, ymp\u00e4rist\u00f6valiokunnan puheenjohtaja, kansanedustaja ja arkkitehti Oulusta","article_published_time":"2017-08-26T10:35:01+00:00","author":"Jenni","twitter_card":"summary_large_image","twitter_misc":{"Kirjoittanut":"Jenni","Arvioitu lukuaika":"2 minuuttia"},"schema":{"@context":"https:\/\/schema.org","@graph":[{"@type":"Article","@id":"https:\/\/jennipitko.fi\/koti\/hyvaa-suomen-luonnon-paivaa-sanginjoen-aika-on-nyt\/#article","isPartOf":{"@id":"https:\/\/jennipitko.fi\/koti\/hyvaa-suomen-luonnon-paivaa-sanginjoen-aika-on-nyt\/"},"author":{"name":"Jenni","@id":"https:\/\/jennipitko.fi\/koti\/#\/schema\/person\/35955c467f851f10124809310e7e7ee8"},"headline":"Hyv\u00e4\u00e4 Suomen luonnon p\u00e4iv\u00e4\u00e4 &#8211; Sanginjoen aika on nyt\u00a0","datePublished":"2017-08-26T10:35:01+00:00","mainEntityOfPage":{"@id":"https:\/\/jennipitko.fi\/koti\/hyvaa-suomen-luonnon-paivaa-sanginjoen-aika-on-nyt\/"},"wordCount":391,"publisher":{"@id":"https:\/\/jennipitko.fi\/koti\/#organization"},"articleSection":["Uncategorized"],"inLanguage":"fi"},{"@type":"WebPage","@id":"https:\/\/jennipitko.fi\/koti\/hyvaa-suomen-luonnon-paivaa-sanginjoen-aika-on-nyt\/","url":"https:\/\/jennipitko.fi\/koti\/hyvaa-suomen-luonnon-paivaa-sanginjoen-aika-on-nyt\/","name":"Hyv\u00e4\u00e4 Suomen luonnon p\u00e4iv\u00e4\u00e4 - Sanginjoen aika on nyt\u00a0 - Jenni Pitko - Vihreiden varapuheenjohtaja, ymp\u00e4rist\u00f6valiokunnan puheenjohtaja, kansanedustaja ja arkkitehti Oulusta","isPartOf":{"@id":"https:\/\/jennipitko.fi\/koti\/#website"},"datePublished":"2017-08-26T10:35:01+00:00","breadcrumb":{"@id":"https:\/\/jennipitko.fi\/koti\/hyvaa-suomen-luonnon-paivaa-sanginjoen-aika-on-nyt\/#breadcrumb"},"inLanguage":"fi","potentialAction":[{"@type":"ReadAction","target":["https:\/\/jennipitko.fi\/koti\/hyvaa-suomen-luonnon-paivaa-sanginjoen-aika-on-nyt\/"]}]},{"@type":"BreadcrumbList","@id":"https:\/\/jennipitko.fi\/koti\/hyvaa-suomen-luonnon-paivaa-sanginjoen-aika-on-nyt\/#breadcrumb","itemListElement":[{"@type":"ListItem","position":1,"name":"Home","item":"https:\/\/jennipitko.fi\/koti\/"},{"@type":"ListItem","position":2,"name":"Hyv\u00e4\u00e4 Suomen luonnon p\u00e4iv\u00e4\u00e4 &#8211; Sanginjoen aika on nyt\u00a0"}]},{"@type":"WebSite","@id":"https:\/\/jennipitko.fi\/koti\/#website","url":"https:\/\/jennipitko.fi\/koti\/","name":"Jenni Pitko - Vihreiden varapuheenjohtaja, ymp\u00e4rist\u00f6valiokunnan puheenjohtaja, kansanedustaja ja arkkitehti Oulusta","description":"Jenni Pitko - Vihreiden varapuheenjohtaja, ymp\u00e4rist\u00f6valiokunnan puheenjohtaja, kansanedustaja ja arkkitehti Oulusta","publisher":{"@id":"https:\/\/jennipitko.fi\/koti\/#organization"},"potentialAction":[{"@type":"SearchAction","target":{"@type":"EntryPoint","urlTemplate":"https:\/\/jennipitko.fi\/koti\/?s={search_term_string}"},"query-input":{"@type":"PropertyValueSpecification","valueRequired":true,"valueName":"search_term_string"}}],"inLanguage":"fi"},{"@type":"Organization","@id":"https:\/\/jennipitko.fi\/koti\/#organization","name":"Jenni Pitko - Vihreiden varapuheenjohtaja, ymp\u00e4rist\u00f6valiokunnan puheenjohtaja, kansanedustaja ja arkkitehti Oulusta","url":"https:\/\/jennipitko.fi\/koti\/","logo":{"@type":"ImageObject","inLanguage":"fi","@id":"https:\/\/jennipitko.fi\/koti\/#\/schema\/logo\/image\/","url":"https:\/\/jennipitko.fi\/koti\/wp-content\/uploads\/2025\/09\/Nimeton-malli-38.png","contentUrl":"https:\/\/jennipitko.fi\/koti\/wp-content\/uploads\/2025\/09\/Nimeton-malli-38.png","width":1280,"height":847,"caption":"Jenni Pitko - Vihreiden varapuheenjohtaja, ymp\u00e4rist\u00f6valiokunnan puheenjohtaja, kansanedustaja ja arkkitehti Oulusta"},"image":{"@id":"https:\/\/jennipitko.fi\/koti\/#\/schema\/logo\/image\/"}},{"@type":"Person","@id":"https:\/\/jennipitko.fi\/koti\/#\/schema\/person\/35955c467f851f10124809310e7e7ee8","name":"Jenni","image":{"@type":"ImageObject","inLanguage":"fi","@id":"https:\/\/secure.gravatar.com\/avatar\/625a0e6413b293da7739d42617828d564a4d6028aec3f45d8939a2ba1617199f?s=96&d=blank&r=g","url":"https:\/\/secure.gravatar.com\/avatar\/625a0e6413b293da7739d42617828d564a4d6028aec3f45d8939a2ba1617199f?s=96&d=blank&r=g","contentUrl":"https:\/\/secure.gravatar.com\/avatar\/625a0e6413b293da7739d42617828d564a4d6028aec3f45d8939a2ba1617199f?s=96&d=blank&r=g","caption":"Jenni"},"url":"https:\/\/jennipitko.fi\/koti\/author\/jenni\/"}]}},"_links":{"self":[{"href":"https:\/\/jennipitko.fi\/koti\/wp-json\/wp\/v2\/posts\/1639","targetHints":{"allow":["GET"]}}],"collection":[{"href":"https:\/\/jennipitko.fi\/koti\/wp-json\/wp\/v2\/posts"}],"about":[{"href":"https:\/\/jennipitko.fi\/koti\/wp-json\/wp\/v2\/types\/post"}],"author":[{"embeddable":true,"href":"https:\/\/jennipitko.fi\/koti\/wp-json\/wp\/v2\/users\/1"}],"replies":[{"embeddable":true,"href":"https:\/\/jennipitko.fi\/koti\/wp-json\/wp\/v2\/comments?post=1639"}],"version-history":[{"count":0,"href":"https:\/\/jennipitko.fi\/koti\/wp-json\/wp\/v2\/posts\/1639\/revisions"}],"wp:attachment":[{"href":"https:\/\/jennipitko.fi\/koti\/wp-json\/wp\/v2\/media?parent=1639"}],"wp:term":[{"taxonomy":"category","embeddable":true,"href":"https:\/\/jennipitko.fi\/koti\/wp-json\/wp\/v2\/categories?post=1639"},{"taxonomy":"post_tag","embeddable":true,"href":"https:\/\/jennipitko.fi\/koti\/wp-json\/wp\/v2\/tags?post=1639"}],"curies":[{"name":"wp","href":"https:\/\/api.w.org\/{rel}","templated":true}]}}