{"id":1648,"date":"2017-10-16T15:24:19","date_gmt":"2017-10-16T13:24:19","guid":{"rendered":"http:\/\/jennipitko.fi\/koti\/oulussa-siirryttava-markkinaehtoiseen-pysakointiin\/"},"modified":"2017-10-16T15:24:19","modified_gmt":"2017-10-16T13:24:19","slug":"oulussa-siirryttava-markkinaehtoiseen-pysakointiin","status":"publish","type":"post","link":"https:\/\/jennipitko.fi\/koti\/oulussa-siirryttava-markkinaehtoiseen-pysakointiin\/","title":{"rendered":"Oulussa siirrytt\u00e4v\u00e4 markkinaehtoiseen pys\u00e4k\u00f6intiin"},"content":{"rendered":"<p>Oulussa keskustan asukasm\u00e4\u00e4r\u00e4 kasvaa hitaasti vaikka kaupunkiasuminen kiinnostaa yh\u00e4 enemm\u00e4n oululaisia. T\u00e4n\u00e4 vuonna toteutetussa asukasbarometrikyselyss\u00e4 muuttoa suunnittlevien oululaisten suosituimmaksi toiveasunnoksi nousi kerrostalo ja sijainniksi keskusta.<\/p>\n<p>Keskustan t\u00e4ydennysrakentamisen ja asuntojen m\u00e4\u00e4r\u00e4n lis\u00e4\u00e4miseen yksi konkreettinen hidaste tai jopa este on velvoiteautopaikkojen rakentaminen. Tiiviiss\u00e4 kortteleissa autopaikkoja pit\u00e4isi nykyisten normien mukaan rakentaa jopa useampaan kerrokseen pihakannen alle siit\u00e4kin huolimatta ett\u00e4 todellista kysynt\u00e4\u00e4 ja maksajia t\u00e4lle ei asukkaissa olisi.<\/p>\n<p>Keskustaan muutetaan usein juuri palveluiden l\u00e4heisyyden ja hyv\u00e4n joukkoliikenteen vuoksi ja yhteisk\u00e4ytt\u00f6autojen suosio kasvaa samalla kun oman auton omistaminen on yh\u00e4 harvinaisempaa. Autopaikkanormista luopuminen olisi todellinen uudistus joka johtaisi asuntojen m\u00e4\u00e4r\u00e4n kasvuun ja keskustassa asuvien ihmisten resurssien j\u00e4rkev\u00e4mp\u00e4\u00e4n kohdentumiseen.<\/p>\n<p>Normista luopuminen j\u00e4tt\u00e4isi rakennuttajalle tilaa harkita rakennetaanko kohteeseen autopaikkoja vai panostetaanko kenties laadukkaaseen py\u00f6r\u00e4pys\u00e4k\u00f6intiin. T\u00e4m\u00e4 malli ottaa paremmin huomioon todellisen kysynn\u00e4n ja voi jopa laskea asuntojen hintoja sill\u00e4 nykyinen normi pakottaa rakennuttajia upottamaan autopaikkojen kustannuksia asuntojen hintoihin tilanteissa kun autopaikoille ei l\u00f6ydy maksajia asukkaista. Pys\u00e4k\u00f6intinormi on t\u00e4ysin kaupungin omassa p\u00e4\u00e4t\u00f6svallassa.<\/p>\n<p>Normista luopuminen voisi johtaa my\u00f6s siihen ett\u00e4 autopaikat rakennettaisiin tehokkaammin ja nykyisy\u00e4 enemm\u00e4n keskitetysti. Keskitetyt pys\u00e4k\u00f6intilaitokset on helpompi ottaa muuhun k\u00e4ytt\u00f6\u00f6n, kuten asuinrakentamiseen purkamalla hallit pois kun omien autojen tarve v\u00e4hentyy yhteisk\u00e4ytt\u00f6autojen yleistyess\u00e4 ja robottiautojen tulon my\u00f6t\u00e4. Liikenteen automatisoituminen voi tapahtua jo kymmenen vuoden sis\u00e4ll\u00e4.<\/p>\n<p>Yhdyskuntalautakunnalle esitetty l\u00f6ysennetty pys\u00e4k\u00f6intinormi on selv\u00e4 parannus nykytilaan mutta todellisena uudistuksena siit\u00e4 puuttuu kunnianhimo. Py\u00e4sk\u00f6intinormin v\u00e4ljent\u00e4misen sijaan normista pit\u00e4isi luopua kokonaan ja j\u00e4tt\u00e4\u00e4 pys\u00e4k\u00f6inti kokonaan markkinoiden hoidettavaksi.<\/p>\n<p><em>T\u00e4m\u00e4 teksti on julkaistu sanomalehti Kalevassa lokakuussa 2017<\/em><\/p>\n","protected":false},"excerpt":{"rendered":"<p>Oulussa keskustan asukasm\u00e4\u00e4r\u00e4 kasvaa hitaasti vaikka kaupunkiasuminen kiinnostaa yh\u00e4 enemm\u00e4n oululaisia. T\u00e4n\u00e4 vuonna toteutetussa asukasbarometrikyselyss\u00e4 muuttoa suunnittlevien oululaisten suosituimmaksi toiveasunnoksi [&hellip;]<\/p>\n","protected":false},"author":1,"featured_media":0,"comment_status":"closed","ping_status":"closed","sticky":false,"template":"","format":"standard","meta":{"_monsterinsights_skip_tracking":false,"_monsterinsights_sitenote_active":false,"_monsterinsights_sitenote_note":"","_monsterinsights_sitenote_category":0,"site-sidebar-layout":"default","site-content-layout":"","ast-site-content-layout":"default","site-content-style":"default","site-sidebar-style":"default","ast-global-header-display":"","ast-banner-title-visibility":"","ast-main-header-display":"","ast-hfb-above-header-display":"","ast-hfb-below-header-display":"","ast-hfb-mobile-header-display":"","site-post-title":"","ast-breadcrumbs-content":"","ast-featured-img":"","footer-sml-layout":"","ast-disable-related-posts":"","theme-transparent-header-meta":"","adv-header-id-meta":"","stick-header-meta":"","header-above-stick-meta":"","header-main-stick-meta":"","header-below-stick-meta":"","astra-migrate-meta-layouts":"default","ast-page-background-enabled":"default","ast-page-background-meta":{"desktop":{"background-color":"var(--ast-global-color-5)","background-image":"","background-repeat":"repeat","background-position":"center center","background-size":"auto","background-attachment":"scroll","background-type":"","background-media":"","overlay-type":"","overlay-color":"","overlay-opacity":"","overlay-gradient":""},"tablet":{"background-color":"","background-image":"","background-repeat":"repeat","background-position":"center center","background-size":"auto","background-attachment":"scroll","background-type":"","background-media":"","overlay-type":"","overlay-color":"","overlay-opacity":"","overlay-gradient":""},"mobile":{"background-color":"","background-image":"","background-repeat":"repeat","background-position":"center center","background-size":"auto","background-attachment":"scroll","background-type":"","background-media":"","overlay-type":"","overlay-color":"","overlay-opacity":"","overlay-gradient":""}},"ast-content-background-meta":{"desktop":{"background-color":"var(--ast-global-color-4)","background-image":"","background-repeat":"repeat","background-position":"center center","background-size":"auto","background-attachment":"scroll","background-type":"","background-media":"","overlay-type":"","overlay-color":"","overlay-opacity":"","overlay-gradient":""},"tablet":{"background-color":"var(--ast-global-color-4)","background-image":"","background-repeat":"repeat","background-position":"center center","background-size":"auto","background-attachment":"scroll","background-type":"","background-media":"","overlay-type":"","overlay-color":"","overlay-opacity":"","overlay-gradient":""},"mobile":{"background-color":"var(--ast-global-color-4)","background-image":"","background-repeat":"repeat","background-position":"center center","background-size":"auto","background-attachment":"scroll","background-type":"","background-media":"","overlay-type":"","overlay-color":"","overlay-opacity":"","overlay-gradient":""}},"footnotes":""},"categories":[1],"tags":[],"class_list":["post-1648","post","type-post","status-publish","format-standard","hentry","category-uncategorized"],"yoast_head":"<!-- This site is optimized with the Yoast SEO plugin v27.5 - https:\/\/yoast.com\/product\/yoast-seo-wordpress\/ -->\n<title>Oulussa siirrytt\u00e4v\u00e4 markkinaehtoiseen pys\u00e4k\u00f6intiin - Jenni Pitko - Vihreiden varapuheenjohtaja, ymp\u00e4rist\u00f6valiokunnan puheenjohtaja, kansanedustaja ja arkkitehti Oulusta<\/title>\n<meta name=\"robots\" content=\"index, follow, max-snippet:-1, max-image-preview:large, max-video-preview:-1\" \/>\n<link rel=\"canonical\" href=\"https:\/\/jennipitko.fi\/koti\/oulussa-siirryttava-markkinaehtoiseen-pysakointiin\/\" \/>\n<meta property=\"og:locale\" content=\"fi_FI\" \/>\n<meta property=\"og:type\" content=\"article\" \/>\n<meta property=\"og:title\" content=\"Oulussa siirrytt\u00e4v\u00e4 markkinaehtoiseen pys\u00e4k\u00f6intiin - Jenni Pitko - Vihreiden varapuheenjohtaja, ymp\u00e4rist\u00f6valiokunnan puheenjohtaja, kansanedustaja ja arkkitehti Oulusta\" \/>\n<meta property=\"og:description\" content=\"Oulussa keskustan asukasm\u00e4\u00e4r\u00e4 kasvaa hitaasti vaikka kaupunkiasuminen kiinnostaa yh\u00e4 enemm\u00e4n oululaisia. T\u00e4n\u00e4 vuonna toteutetussa asukasbarometrikyselyss\u00e4 muuttoa suunnittlevien oululaisten suosituimmaksi toiveasunnoksi [&hellip;]\" \/>\n<meta property=\"og:url\" content=\"https:\/\/jennipitko.fi\/koti\/oulussa-siirryttava-markkinaehtoiseen-pysakointiin\/\" \/>\n<meta property=\"og:site_name\" content=\"Jenni Pitko - Vihreiden varapuheenjohtaja, ymp\u00e4rist\u00f6valiokunnan puheenjohtaja, kansanedustaja ja arkkitehti Oulusta\" \/>\n<meta property=\"article:published_time\" content=\"2017-10-16T13:24:19+00:00\" \/>\n<meta name=\"author\" content=\"Jenni\" \/>\n<meta name=\"twitter:card\" content=\"summary_large_image\" \/>\n<meta name=\"twitter:label1\" content=\"Kirjoittanut\" \/>\n\t<meta name=\"twitter:data1\" content=\"Jenni\" \/>\n\t<meta name=\"twitter:label2\" content=\"Arvioitu lukuaika\" \/>\n\t<meta name=\"twitter:data2\" content=\"1 minuutti\" \/>\n<script type=\"application\/ld+json\" class=\"yoast-schema-graph\">{\"@context\":\"https:\\\/\\\/schema.org\",\"@graph\":[{\"@type\":\"Article\",\"@id\":\"https:\\\/\\\/jennipitko.fi\\\/koti\\\/oulussa-siirryttava-markkinaehtoiseen-pysakointiin\\\/#article\",\"isPartOf\":{\"@id\":\"https:\\\/\\\/jennipitko.fi\\\/koti\\\/oulussa-siirryttava-markkinaehtoiseen-pysakointiin\\\/\"},\"author\":{\"name\":\"Jenni\",\"@id\":\"https:\\\/\\\/jennipitko.fi\\\/koti\\\/#\\\/schema\\\/person\\\/35955c467f851f10124809310e7e7ee8\"},\"headline\":\"Oulussa siirrytt\u00e4v\u00e4 markkinaehtoiseen pys\u00e4k\u00f6intiin\",\"datePublished\":\"2017-10-16T13:24:19+00:00\",\"mainEntityOfPage\":{\"@id\":\"https:\\\/\\\/jennipitko.fi\\\/koti\\\/oulussa-siirryttava-markkinaehtoiseen-pysakointiin\\\/\"},\"wordCount\":295,\"publisher\":{\"@id\":\"https:\\\/\\\/jennipitko.fi\\\/koti\\\/#organization\"},\"articleSection\":[\"Uncategorized\"],\"inLanguage\":\"fi\"},{\"@type\":\"WebPage\",\"@id\":\"https:\\\/\\\/jennipitko.fi\\\/koti\\\/oulussa-siirryttava-markkinaehtoiseen-pysakointiin\\\/\",\"url\":\"https:\\\/\\\/jennipitko.fi\\\/koti\\\/oulussa-siirryttava-markkinaehtoiseen-pysakointiin\\\/\",\"name\":\"Oulussa siirrytt\u00e4v\u00e4 markkinaehtoiseen pys\u00e4k\u00f6intiin - Jenni Pitko - Vihreiden varapuheenjohtaja, ymp\u00e4rist\u00f6valiokunnan puheenjohtaja, kansanedustaja ja arkkitehti Oulusta\",\"isPartOf\":{\"@id\":\"https:\\\/\\\/jennipitko.fi\\\/koti\\\/#website\"},\"datePublished\":\"2017-10-16T13:24:19+00:00\",\"breadcrumb\":{\"@id\":\"https:\\\/\\\/jennipitko.fi\\\/koti\\\/oulussa-siirryttava-markkinaehtoiseen-pysakointiin\\\/#breadcrumb\"},\"inLanguage\":\"fi\",\"potentialAction\":[{\"@type\":\"ReadAction\",\"target\":[\"https:\\\/\\\/jennipitko.fi\\\/koti\\\/oulussa-siirryttava-markkinaehtoiseen-pysakointiin\\\/\"]}]},{\"@type\":\"BreadcrumbList\",\"@id\":\"https:\\\/\\\/jennipitko.fi\\\/koti\\\/oulussa-siirryttava-markkinaehtoiseen-pysakointiin\\\/#breadcrumb\",\"itemListElement\":[{\"@type\":\"ListItem\",\"position\":1,\"name\":\"Home\",\"item\":\"https:\\\/\\\/jennipitko.fi\\\/koti\\\/\"},{\"@type\":\"ListItem\",\"position\":2,\"name\":\"Oulussa siirrytt\u00e4v\u00e4 markkinaehtoiseen pys\u00e4k\u00f6intiin\"}]},{\"@type\":\"WebSite\",\"@id\":\"https:\\\/\\\/jennipitko.fi\\\/koti\\\/#website\",\"url\":\"https:\\\/\\\/jennipitko.fi\\\/koti\\\/\",\"name\":\"Jenni Pitko - Vihreiden varapuheenjohtaja, ymp\u00e4rist\u00f6valiokunnan puheenjohtaja, kansanedustaja ja arkkitehti Oulusta\",\"description\":\"Jenni Pitko - Vihreiden varapuheenjohtaja, ymp\u00e4rist\u00f6valiokunnan puheenjohtaja, kansanedustaja ja arkkitehti Oulusta\",\"publisher\":{\"@id\":\"https:\\\/\\\/jennipitko.fi\\\/koti\\\/#organization\"},\"potentialAction\":[{\"@type\":\"SearchAction\",\"target\":{\"@type\":\"EntryPoint\",\"urlTemplate\":\"https:\\\/\\\/jennipitko.fi\\\/koti\\\/?s={search_term_string}\"},\"query-input\":{\"@type\":\"PropertyValueSpecification\",\"valueRequired\":true,\"valueName\":\"search_term_string\"}}],\"inLanguage\":\"fi\"},{\"@type\":\"Organization\",\"@id\":\"https:\\\/\\\/jennipitko.fi\\\/koti\\\/#organization\",\"name\":\"Jenni Pitko - Vihreiden varapuheenjohtaja, ymp\u00e4rist\u00f6valiokunnan puheenjohtaja, kansanedustaja ja arkkitehti Oulusta\",\"url\":\"https:\\\/\\\/jennipitko.fi\\\/koti\\\/\",\"logo\":{\"@type\":\"ImageObject\",\"inLanguage\":\"fi\",\"@id\":\"https:\\\/\\\/jennipitko.fi\\\/koti\\\/#\\\/schema\\\/logo\\\/image\\\/\",\"url\":\"https:\\\/\\\/jennipitko.fi\\\/koti\\\/wp-content\\\/uploads\\\/2025\\\/09\\\/Nimeton-malli-38.png\",\"contentUrl\":\"https:\\\/\\\/jennipitko.fi\\\/koti\\\/wp-content\\\/uploads\\\/2025\\\/09\\\/Nimeton-malli-38.png\",\"width\":1280,\"height\":847,\"caption\":\"Jenni Pitko - Vihreiden varapuheenjohtaja, ymp\u00e4rist\u00f6valiokunnan puheenjohtaja, kansanedustaja ja arkkitehti Oulusta\"},\"image\":{\"@id\":\"https:\\\/\\\/jennipitko.fi\\\/koti\\\/#\\\/schema\\\/logo\\\/image\\\/\"}},{\"@type\":\"Person\",\"@id\":\"https:\\\/\\\/jennipitko.fi\\\/koti\\\/#\\\/schema\\\/person\\\/35955c467f851f10124809310e7e7ee8\",\"name\":\"Jenni\",\"image\":{\"@type\":\"ImageObject\",\"inLanguage\":\"fi\",\"@id\":\"https:\\\/\\\/secure.gravatar.com\\\/avatar\\\/625a0e6413b293da7739d42617828d564a4d6028aec3f45d8939a2ba1617199f?s=96&d=blank&r=g\",\"url\":\"https:\\\/\\\/secure.gravatar.com\\\/avatar\\\/625a0e6413b293da7739d42617828d564a4d6028aec3f45d8939a2ba1617199f?s=96&d=blank&r=g\",\"contentUrl\":\"https:\\\/\\\/secure.gravatar.com\\\/avatar\\\/625a0e6413b293da7739d42617828d564a4d6028aec3f45d8939a2ba1617199f?s=96&d=blank&r=g\",\"caption\":\"Jenni\"},\"url\":\"https:\\\/\\\/jennipitko.fi\\\/koti\\\/author\\\/jenni\\\/\"}]}<\/script>\n<!-- \/ Yoast SEO plugin. -->","yoast_head_json":{"title":"Oulussa siirrytt\u00e4v\u00e4 markkinaehtoiseen pys\u00e4k\u00f6intiin - Jenni Pitko - Vihreiden varapuheenjohtaja, ymp\u00e4rist\u00f6valiokunnan puheenjohtaja, kansanedustaja ja arkkitehti Oulusta","robots":{"index":"index","follow":"follow","max-snippet":"max-snippet:-1","max-image-preview":"max-image-preview:large","max-video-preview":"max-video-preview:-1"},"canonical":"https:\/\/jennipitko.fi\/koti\/oulussa-siirryttava-markkinaehtoiseen-pysakointiin\/","og_locale":"fi_FI","og_type":"article","og_title":"Oulussa siirrytt\u00e4v\u00e4 markkinaehtoiseen pys\u00e4k\u00f6intiin - Jenni Pitko - Vihreiden varapuheenjohtaja, ymp\u00e4rist\u00f6valiokunnan puheenjohtaja, kansanedustaja ja arkkitehti Oulusta","og_description":"Oulussa keskustan asukasm\u00e4\u00e4r\u00e4 kasvaa hitaasti vaikka kaupunkiasuminen kiinnostaa yh\u00e4 enemm\u00e4n oululaisia. T\u00e4n\u00e4 vuonna toteutetussa asukasbarometrikyselyss\u00e4 muuttoa suunnittlevien oululaisten suosituimmaksi toiveasunnoksi [&hellip;]","og_url":"https:\/\/jennipitko.fi\/koti\/oulussa-siirryttava-markkinaehtoiseen-pysakointiin\/","og_site_name":"Jenni Pitko - Vihreiden varapuheenjohtaja, ymp\u00e4rist\u00f6valiokunnan puheenjohtaja, kansanedustaja ja arkkitehti Oulusta","article_published_time":"2017-10-16T13:24:19+00:00","author":"Jenni","twitter_card":"summary_large_image","twitter_misc":{"Kirjoittanut":"Jenni","Arvioitu lukuaika":"1 minuutti"},"schema":{"@context":"https:\/\/schema.org","@graph":[{"@type":"Article","@id":"https:\/\/jennipitko.fi\/koti\/oulussa-siirryttava-markkinaehtoiseen-pysakointiin\/#article","isPartOf":{"@id":"https:\/\/jennipitko.fi\/koti\/oulussa-siirryttava-markkinaehtoiseen-pysakointiin\/"},"author":{"name":"Jenni","@id":"https:\/\/jennipitko.fi\/koti\/#\/schema\/person\/35955c467f851f10124809310e7e7ee8"},"headline":"Oulussa siirrytt\u00e4v\u00e4 markkinaehtoiseen pys\u00e4k\u00f6intiin","datePublished":"2017-10-16T13:24:19+00:00","mainEntityOfPage":{"@id":"https:\/\/jennipitko.fi\/koti\/oulussa-siirryttava-markkinaehtoiseen-pysakointiin\/"},"wordCount":295,"publisher":{"@id":"https:\/\/jennipitko.fi\/koti\/#organization"},"articleSection":["Uncategorized"],"inLanguage":"fi"},{"@type":"WebPage","@id":"https:\/\/jennipitko.fi\/koti\/oulussa-siirryttava-markkinaehtoiseen-pysakointiin\/","url":"https:\/\/jennipitko.fi\/koti\/oulussa-siirryttava-markkinaehtoiseen-pysakointiin\/","name":"Oulussa siirrytt\u00e4v\u00e4 markkinaehtoiseen pys\u00e4k\u00f6intiin - Jenni Pitko - Vihreiden varapuheenjohtaja, ymp\u00e4rist\u00f6valiokunnan puheenjohtaja, kansanedustaja ja arkkitehti Oulusta","isPartOf":{"@id":"https:\/\/jennipitko.fi\/koti\/#website"},"datePublished":"2017-10-16T13:24:19+00:00","breadcrumb":{"@id":"https:\/\/jennipitko.fi\/koti\/oulussa-siirryttava-markkinaehtoiseen-pysakointiin\/#breadcrumb"},"inLanguage":"fi","potentialAction":[{"@type":"ReadAction","target":["https:\/\/jennipitko.fi\/koti\/oulussa-siirryttava-markkinaehtoiseen-pysakointiin\/"]}]},{"@type":"BreadcrumbList","@id":"https:\/\/jennipitko.fi\/koti\/oulussa-siirryttava-markkinaehtoiseen-pysakointiin\/#breadcrumb","itemListElement":[{"@type":"ListItem","position":1,"name":"Home","item":"https:\/\/jennipitko.fi\/koti\/"},{"@type":"ListItem","position":2,"name":"Oulussa siirrytt\u00e4v\u00e4 markkinaehtoiseen pys\u00e4k\u00f6intiin"}]},{"@type":"WebSite","@id":"https:\/\/jennipitko.fi\/koti\/#website","url":"https:\/\/jennipitko.fi\/koti\/","name":"Jenni Pitko - Vihreiden varapuheenjohtaja, ymp\u00e4rist\u00f6valiokunnan puheenjohtaja, kansanedustaja ja arkkitehti Oulusta","description":"Jenni Pitko - Vihreiden varapuheenjohtaja, ymp\u00e4rist\u00f6valiokunnan puheenjohtaja, kansanedustaja ja arkkitehti Oulusta","publisher":{"@id":"https:\/\/jennipitko.fi\/koti\/#organization"},"potentialAction":[{"@type":"SearchAction","target":{"@type":"EntryPoint","urlTemplate":"https:\/\/jennipitko.fi\/koti\/?s={search_term_string}"},"query-input":{"@type":"PropertyValueSpecification","valueRequired":true,"valueName":"search_term_string"}}],"inLanguage":"fi"},{"@type":"Organization","@id":"https:\/\/jennipitko.fi\/koti\/#organization","name":"Jenni Pitko - Vihreiden varapuheenjohtaja, ymp\u00e4rist\u00f6valiokunnan puheenjohtaja, kansanedustaja ja arkkitehti Oulusta","url":"https:\/\/jennipitko.fi\/koti\/","logo":{"@type":"ImageObject","inLanguage":"fi","@id":"https:\/\/jennipitko.fi\/koti\/#\/schema\/logo\/image\/","url":"https:\/\/jennipitko.fi\/koti\/wp-content\/uploads\/2025\/09\/Nimeton-malli-38.png","contentUrl":"https:\/\/jennipitko.fi\/koti\/wp-content\/uploads\/2025\/09\/Nimeton-malli-38.png","width":1280,"height":847,"caption":"Jenni Pitko - Vihreiden varapuheenjohtaja, ymp\u00e4rist\u00f6valiokunnan puheenjohtaja, kansanedustaja ja arkkitehti Oulusta"},"image":{"@id":"https:\/\/jennipitko.fi\/koti\/#\/schema\/logo\/image\/"}},{"@type":"Person","@id":"https:\/\/jennipitko.fi\/koti\/#\/schema\/person\/35955c467f851f10124809310e7e7ee8","name":"Jenni","image":{"@type":"ImageObject","inLanguage":"fi","@id":"https:\/\/secure.gravatar.com\/avatar\/625a0e6413b293da7739d42617828d564a4d6028aec3f45d8939a2ba1617199f?s=96&d=blank&r=g","url":"https:\/\/secure.gravatar.com\/avatar\/625a0e6413b293da7739d42617828d564a4d6028aec3f45d8939a2ba1617199f?s=96&d=blank&r=g","contentUrl":"https:\/\/secure.gravatar.com\/avatar\/625a0e6413b293da7739d42617828d564a4d6028aec3f45d8939a2ba1617199f?s=96&d=blank&r=g","caption":"Jenni"},"url":"https:\/\/jennipitko.fi\/koti\/author\/jenni\/"}]}},"_links":{"self":[{"href":"https:\/\/jennipitko.fi\/koti\/wp-json\/wp\/v2\/posts\/1648","targetHints":{"allow":["GET"]}}],"collection":[{"href":"https:\/\/jennipitko.fi\/koti\/wp-json\/wp\/v2\/posts"}],"about":[{"href":"https:\/\/jennipitko.fi\/koti\/wp-json\/wp\/v2\/types\/post"}],"author":[{"embeddable":true,"href":"https:\/\/jennipitko.fi\/koti\/wp-json\/wp\/v2\/users\/1"}],"replies":[{"embeddable":true,"href":"https:\/\/jennipitko.fi\/koti\/wp-json\/wp\/v2\/comments?post=1648"}],"version-history":[{"count":0,"href":"https:\/\/jennipitko.fi\/koti\/wp-json\/wp\/v2\/posts\/1648\/revisions"}],"wp:attachment":[{"href":"https:\/\/jennipitko.fi\/koti\/wp-json\/wp\/v2\/media?parent=1648"}],"wp:term":[{"taxonomy":"category","embeddable":true,"href":"https:\/\/jennipitko.fi\/koti\/wp-json\/wp\/v2\/categories?post=1648"},{"taxonomy":"post_tag","embeddable":true,"href":"https:\/\/jennipitko.fi\/koti\/wp-json\/wp\/v2\/tags?post=1648"}],"curies":[{"name":"wp","href":"https:\/\/api.w.org\/{rel}","templated":true}]}}