{"id":1650,"date":"2017-10-30T21:16:45","date_gmt":"2017-10-30T19:16:45","guid":{"rendered":"http:\/\/jennipitko.fi\/koti\/?p=1650"},"modified":"2017-10-30T21:16:45","modified_gmt":"2017-10-30T19:16:45","slug":"lisaa-perheasuntoja-keskustaan","status":"publish","type":"post","link":"https:\/\/jennipitko.fi\/koti\/lisaa-perheasuntoja-keskustaan\/","title":{"rendered":"Pitko ja Haaga: Lis\u00e4\u00e4 perheasuntoja Oulun keskustaan"},"content":{"rendered":"<p><span style=\"font-weight: 400;\">Haluamme kiitt\u00e4\u00e4 Oulun yhdyskuntajohtaja Matti Matinheikki\u00e4 kirjoituksesta Kalevassa 26.10. otsikolla \u201cLis\u00e4\u00e4 pitovoimaa nuoriin koulutettuihin perheisiin\u201d ja tuoda esiin keinoja haasteen ratkaisemiseksi. Matinheikki esitt\u00e4\u00e4 aiheellisen huolensa siit\u00e4, ett\u00e4 Oulun keskustan asuntokoot eiv\u00e4t vastaa perheiden tarpeita.<\/span><\/p>\n<p><span style=\"font-weight: 400;\">Olemme iloisia siit\u00e4, ett\u00e4 virkamiesjohdossa on vihdoinkin tunnistettu globaalin kaupungistumistrendin tuoma ilmi\u00f6, jossa keskustojen vetovoima kasvaa my\u00f6s lapsiperheiden keskuudessa. Viime vuonna tehdyn kyselyn mukaan oululaisten asumistoiveiden ykk\u00f6nen on kerrostaloasunto l\u00e4hell\u00e4 palveluja.<\/span><\/p>\n<p><span style=\"font-weight: 400;\">Koska markkinaehtoinen asuntotuotanto tuottaa t\u00e4ll\u00e4 hetkell\u00e4 p\u00e4\u00e4asiassa pelk\u00e4st\u00e4\u00e4n pieni\u00e4 asuntoja, on tosiaan mietitt\u00e4v\u00e4, kuinka saamme keskustaan perheille sopivia asuntoja.<\/span><\/p>\n<p><span style=\"font-weight: 400;\">Matinheikki esitt\u00e4\u00e4 keinoiksi vastuun isojen asuntojen rakentamisen keskitt\u00e4misest\u00e4 Oulun kaupungin vuokra-asuntoyhti\u00f6 Sivakalle ja rakentamista puistoalueille, sill\u00e4 kaupunki ei juuri omista muuta tonttimaata keskustassa.<\/span><\/p>\n<p><span style=\"font-weight: 400;\">Mielest\u00e4mme mukaan t\u00e4ytyy saada my\u00f6s muut toimijat. Laadukkaan vuokra-asumisen lis\u00e4ksi perheit\u00e4 juurruttaisi Ouluun mahdollisuus hankkia kohtuuhintainen omistusasunto keskustasta. Kaupungilla on kaavoituksen monopoli, joten keinot ovat olemassa, vaikka tonttimaa olisikin muussa omistuksessa. Yleens\u00e4 kasvavat kaupungit m\u00e4\u00e4r\u00e4\u00e4v\u00e4t asuntotyyppijakauman asemakaavassa, n\u00e4in voidaan tehd\u00e4 my\u00f6s Oulussa. <\/span><!--more--><\/p>\n<p><span style=\"font-weight: 400;\">Keskustan l\u00e4helt\u00e4 tontteja yksityisille rakentajille luovutettaessa tulee perheasuntojen toteuttaminen ottaa mukaan sopimuksiin. Varsinkin strategisesti t\u00e4rkeill\u00e4 kaupunkialueilla tonttien vuokraaminen rakennuttajille on kohtuuhintaisuuden n\u00e4k\u00f6kulmasta edelleen j\u00e4rkevin tapa. Kerrostalotonttien luovuttaminen tai vuokraaminen ryhm\u00e4rakentajille eli suoraan asukkaille edist\u00e4isi my\u00f6s perheasuntojen ja jopa -kortteleiden syntymist\u00e4. <\/span><\/p>\n<p><span style=\"font-weight: 400;\">Asuntojen kohtuullista hintatasoa, t\u00e4ydennysrakentamista ja monipuolista asuntotarjontaa voi edist\u00e4\u00e4 monella tapaa. Autopaikkanormin tarkastelu on tulossa p\u00e4\u00e4t\u00f6ksentekoon. Huomiota kannattaa kiinnitt\u00e4\u00e4 my\u00f6s kaavoitusmaksuihin, lupaprosessien sujuvoittamiseen ja neuvontaan.<\/span><\/p>\n<p><span style=\"font-weight: 400;\">Lapsiperheiden keskustassa asumista edist\u00e4isiv\u00e4t my\u00f6s taloyhti\u00f6iden laadukkaat yhteistilat, kuten kohtaamispaikat pihapiiriss\u00e4, sis\u00e4\u00e4nk\u00e4yntien s\u00e4ilytystilat kuraeteisineen ja piha-alueiden ymp\u00e4rivuotinen k\u00e4ytt\u00f6.<\/span><\/p>\n<p><span style=\"font-weight: 400;\">Ent\u00e4 mik\u00e4 on viheralueiden rooli?<\/span><\/p>\n<p><span style=\"font-weight: 400;\">Keskustan vetovoima ja viihtyisyys on riippuvainen viheralueiden laadusta ja m\u00e4\u00e4r\u00e4st\u00e4. Perheiden n\u00e4k\u00f6kulmasta niiden tulee sijaita riitt\u00e4v\u00e4n l\u00e4hell\u00e4, jotta ulkoilemaan p\u00e4\u00e4see helposti my\u00f6s sen ik\u00e4isten lasten kanssa, jotka eiv\u00e4t viel\u00e4 liiku omatoimisesti.<\/p>\n<p><em>Kirjoitus on julkaistu Sanomalehti Kalevassa 28.10. ja se on kirjoitettu yhdess\u00e4 kaupunginvaltuutettu Hilkka Haaga (vas.) kanssa <\/em><\/span><\/p>\n","protected":false},"excerpt":{"rendered":"<p>Haluamme kiitt\u00e4\u00e4 Oulun yhdyskuntajohtaja Matti Matinheikki\u00e4 kirjoituksesta Kalevassa 26.10. otsikolla \u201cLis\u00e4\u00e4 pitovoimaa nuoriin koulutettuihin perheisiin\u201d ja tuoda esiin keinoja haasteen [&hellip;]<\/p>\n","protected":false},"author":1,"featured_media":0,"comment_status":"closed","ping_status":"closed","sticky":false,"template":"","format":"standard","meta":{"_monsterinsights_skip_tracking":false,"_monsterinsights_sitenote_active":false,"_monsterinsights_sitenote_note":"","_monsterinsights_sitenote_category":0,"site-sidebar-layout":"default","site-content-layout":"","ast-site-content-layout":"default","site-content-style":"default","site-sidebar-style":"default","ast-global-header-display":"","ast-banner-title-visibility":"","ast-main-header-display":"","ast-hfb-above-header-display":"","ast-hfb-below-header-display":"","ast-hfb-mobile-header-display":"","site-post-title":"","ast-breadcrumbs-content":"","ast-featured-img":"","footer-sml-layout":"","ast-disable-related-posts":"","theme-transparent-header-meta":"","adv-header-id-meta":"","stick-header-meta":"","header-above-stick-meta":"","header-main-stick-meta":"","header-below-stick-meta":"","astra-migrate-meta-layouts":"default","ast-page-background-enabled":"default","ast-page-background-meta":{"desktop":{"background-color":"var(--ast-global-color-5)","background-image":"","background-repeat":"repeat","background-position":"center center","background-size":"auto","background-attachment":"scroll","background-type":"","background-media":"","overlay-type":"","overlay-color":"","overlay-opacity":"","overlay-gradient":""},"tablet":{"background-color":"","background-image":"","background-repeat":"repeat","background-position":"center center","background-size":"auto","background-attachment":"scroll","background-type":"","background-media":"","overlay-type":"","overlay-color":"","overlay-opacity":"","overlay-gradient":""},"mobile":{"background-color":"","background-image":"","background-repeat":"repeat","background-position":"center center","background-size":"auto","background-attachment":"scroll","background-type":"","background-media":"","overlay-type":"","overlay-color":"","overlay-opacity":"","overlay-gradient":""}},"ast-content-background-meta":{"desktop":{"background-color":"var(--ast-global-color-4)","background-image":"","background-repeat":"repeat","background-position":"center center","background-size":"auto","background-attachment":"scroll","background-type":"","background-media":"","overlay-type":"","overlay-color":"","overlay-opacity":"","overlay-gradient":""},"tablet":{"background-color":"var(--ast-global-color-4)","background-image":"","background-repeat":"repeat","background-position":"center center","background-size":"auto","background-attachment":"scroll","background-type":"","background-media":"","overlay-type":"","overlay-color":"","overlay-opacity":"","overlay-gradient":""},"mobile":{"background-color":"var(--ast-global-color-4)","background-image":"","background-repeat":"repeat","background-position":"center center","background-size":"auto","background-attachment":"scroll","background-type":"","background-media":"","overlay-type":"","overlay-color":"","overlay-opacity":"","overlay-gradient":""}},"footnotes":""},"categories":[2],"tags":[5,258,257,28,259],"class_list":["post-1650","post","type-post","status-publish","format-standard","hentry","category-blogi","tag-asuminen","tag-asuntokoko","tag-kaupunksuunnittelu","tag-keskustan-kehittaminen","tag-perheet"],"yoast_head":"<!-- This site is optimized with the Yoast SEO plugin v27.5 - https:\/\/yoast.com\/product\/yoast-seo-wordpress\/ -->\n<title>Pitko ja Haaga: Lis\u00e4\u00e4 perheasuntoja Oulun keskustaan - Jenni Pitko - Vihreiden varapuheenjohtaja, ymp\u00e4rist\u00f6valiokunnan puheenjohtaja, kansanedustaja ja arkkitehti Oulusta<\/title>\n<meta name=\"robots\" content=\"index, follow, max-snippet:-1, max-image-preview:large, max-video-preview:-1\" \/>\n<link rel=\"canonical\" href=\"https:\/\/jennipitko.fi\/koti\/lisaa-perheasuntoja-keskustaan\/\" \/>\n<meta property=\"og:locale\" content=\"fi_FI\" \/>\n<meta property=\"og:type\" content=\"article\" \/>\n<meta property=\"og:title\" content=\"Pitko ja Haaga: Lis\u00e4\u00e4 perheasuntoja Oulun keskustaan - Jenni Pitko - Vihreiden varapuheenjohtaja, ymp\u00e4rist\u00f6valiokunnan puheenjohtaja, kansanedustaja ja arkkitehti Oulusta\" \/>\n<meta property=\"og:description\" content=\"Haluamme kiitt\u00e4\u00e4 Oulun yhdyskuntajohtaja Matti Matinheikki\u00e4 kirjoituksesta Kalevassa 26.10. otsikolla \u201cLis\u00e4\u00e4 pitovoimaa nuoriin koulutettuihin perheisiin\u201d ja tuoda esiin keinoja haasteen [&hellip;]\" \/>\n<meta property=\"og:url\" content=\"https:\/\/jennipitko.fi\/koti\/lisaa-perheasuntoja-keskustaan\/\" \/>\n<meta property=\"og:site_name\" content=\"Jenni Pitko - Vihreiden varapuheenjohtaja, ymp\u00e4rist\u00f6valiokunnan puheenjohtaja, kansanedustaja ja arkkitehti Oulusta\" \/>\n<meta property=\"article:published_time\" content=\"2017-10-30T19:16:45+00:00\" \/>\n<meta name=\"author\" content=\"Jenni\" \/>\n<meta name=\"twitter:card\" content=\"summary_large_image\" \/>\n<meta name=\"twitter:label1\" content=\"Kirjoittanut\" \/>\n\t<meta name=\"twitter:data1\" content=\"Jenni\" \/>\n\t<meta name=\"twitter:label2\" content=\"Arvioitu lukuaika\" \/>\n\t<meta name=\"twitter:data2\" content=\"2 minuuttia\" \/>\n<script type=\"application\/ld+json\" class=\"yoast-schema-graph\">{\"@context\":\"https:\\\/\\\/schema.org\",\"@graph\":[{\"@type\":\"Article\",\"@id\":\"https:\\\/\\\/jennipitko.fi\\\/koti\\\/lisaa-perheasuntoja-keskustaan\\\/#article\",\"isPartOf\":{\"@id\":\"https:\\\/\\\/jennipitko.fi\\\/koti\\\/lisaa-perheasuntoja-keskustaan\\\/\"},\"author\":{\"name\":\"Jenni\",\"@id\":\"https:\\\/\\\/jennipitko.fi\\\/koti\\\/#\\\/schema\\\/person\\\/35955c467f851f10124809310e7e7ee8\"},\"headline\":\"Pitko ja Haaga: Lis\u00e4\u00e4 perheasuntoja Oulun keskustaan\",\"datePublished\":\"2017-10-30T19:16:45+00:00\",\"mainEntityOfPage\":{\"@id\":\"https:\\\/\\\/jennipitko.fi\\\/koti\\\/lisaa-perheasuntoja-keskustaan\\\/\"},\"wordCount\":340,\"publisher\":{\"@id\":\"https:\\\/\\\/jennipitko.fi\\\/koti\\\/#organization\"},\"keywords\":[\"asuminen\",\"asuntokoko\",\"kaupunksuunnittelu\",\"keskustan kehitt\u00e4minen\",\"perheet\"],\"articleSection\":[\"Blogi\"],\"inLanguage\":\"fi\"},{\"@type\":\"WebPage\",\"@id\":\"https:\\\/\\\/jennipitko.fi\\\/koti\\\/lisaa-perheasuntoja-keskustaan\\\/\",\"url\":\"https:\\\/\\\/jennipitko.fi\\\/koti\\\/lisaa-perheasuntoja-keskustaan\\\/\",\"name\":\"Pitko ja Haaga: Lis\u00e4\u00e4 perheasuntoja Oulun keskustaan - Jenni Pitko - Vihreiden varapuheenjohtaja, ymp\u00e4rist\u00f6valiokunnan puheenjohtaja, kansanedustaja ja arkkitehti Oulusta\",\"isPartOf\":{\"@id\":\"https:\\\/\\\/jennipitko.fi\\\/koti\\\/#website\"},\"datePublished\":\"2017-10-30T19:16:45+00:00\",\"breadcrumb\":{\"@id\":\"https:\\\/\\\/jennipitko.fi\\\/koti\\\/lisaa-perheasuntoja-keskustaan\\\/#breadcrumb\"},\"inLanguage\":\"fi\",\"potentialAction\":[{\"@type\":\"ReadAction\",\"target\":[\"https:\\\/\\\/jennipitko.fi\\\/koti\\\/lisaa-perheasuntoja-keskustaan\\\/\"]}]},{\"@type\":\"BreadcrumbList\",\"@id\":\"https:\\\/\\\/jennipitko.fi\\\/koti\\\/lisaa-perheasuntoja-keskustaan\\\/#breadcrumb\",\"itemListElement\":[{\"@type\":\"ListItem\",\"position\":1,\"name\":\"Home\",\"item\":\"https:\\\/\\\/jennipitko.fi\\\/koti\\\/\"},{\"@type\":\"ListItem\",\"position\":2,\"name\":\"Pitko ja Haaga: Lis\u00e4\u00e4 perheasuntoja Oulun keskustaan\"}]},{\"@type\":\"WebSite\",\"@id\":\"https:\\\/\\\/jennipitko.fi\\\/koti\\\/#website\",\"url\":\"https:\\\/\\\/jennipitko.fi\\\/koti\\\/\",\"name\":\"Jenni Pitko - Vihreiden varapuheenjohtaja, ymp\u00e4rist\u00f6valiokunnan puheenjohtaja, kansanedustaja ja arkkitehti Oulusta\",\"description\":\"Jenni Pitko - Vihreiden varapuheenjohtaja, ymp\u00e4rist\u00f6valiokunnan puheenjohtaja, kansanedustaja ja arkkitehti Oulusta\",\"publisher\":{\"@id\":\"https:\\\/\\\/jennipitko.fi\\\/koti\\\/#organization\"},\"potentialAction\":[{\"@type\":\"SearchAction\",\"target\":{\"@type\":\"EntryPoint\",\"urlTemplate\":\"https:\\\/\\\/jennipitko.fi\\\/koti\\\/?s={search_term_string}\"},\"query-input\":{\"@type\":\"PropertyValueSpecification\",\"valueRequired\":true,\"valueName\":\"search_term_string\"}}],\"inLanguage\":\"fi\"},{\"@type\":\"Organization\",\"@id\":\"https:\\\/\\\/jennipitko.fi\\\/koti\\\/#organization\",\"name\":\"Jenni Pitko - Vihreiden varapuheenjohtaja, ymp\u00e4rist\u00f6valiokunnan puheenjohtaja, kansanedustaja ja arkkitehti Oulusta\",\"url\":\"https:\\\/\\\/jennipitko.fi\\\/koti\\\/\",\"logo\":{\"@type\":\"ImageObject\",\"inLanguage\":\"fi\",\"@id\":\"https:\\\/\\\/jennipitko.fi\\\/koti\\\/#\\\/schema\\\/logo\\\/image\\\/\",\"url\":\"https:\\\/\\\/jennipitko.fi\\\/koti\\\/wp-content\\\/uploads\\\/2025\\\/09\\\/Nimeton-malli-38.png\",\"contentUrl\":\"https:\\\/\\\/jennipitko.fi\\\/koti\\\/wp-content\\\/uploads\\\/2025\\\/09\\\/Nimeton-malli-38.png\",\"width\":1280,\"height\":847,\"caption\":\"Jenni Pitko - Vihreiden varapuheenjohtaja, ymp\u00e4rist\u00f6valiokunnan puheenjohtaja, kansanedustaja ja arkkitehti Oulusta\"},\"image\":{\"@id\":\"https:\\\/\\\/jennipitko.fi\\\/koti\\\/#\\\/schema\\\/logo\\\/image\\\/\"}},{\"@type\":\"Person\",\"@id\":\"https:\\\/\\\/jennipitko.fi\\\/koti\\\/#\\\/schema\\\/person\\\/35955c467f851f10124809310e7e7ee8\",\"name\":\"Jenni\",\"image\":{\"@type\":\"ImageObject\",\"inLanguage\":\"fi\",\"@id\":\"https:\\\/\\\/secure.gravatar.com\\\/avatar\\\/625a0e6413b293da7739d42617828d564a4d6028aec3f45d8939a2ba1617199f?s=96&d=blank&r=g\",\"url\":\"https:\\\/\\\/secure.gravatar.com\\\/avatar\\\/625a0e6413b293da7739d42617828d564a4d6028aec3f45d8939a2ba1617199f?s=96&d=blank&r=g\",\"contentUrl\":\"https:\\\/\\\/secure.gravatar.com\\\/avatar\\\/625a0e6413b293da7739d42617828d564a4d6028aec3f45d8939a2ba1617199f?s=96&d=blank&r=g\",\"caption\":\"Jenni\"},\"url\":\"https:\\\/\\\/jennipitko.fi\\\/koti\\\/author\\\/jenni\\\/\"}]}<\/script>\n<!-- \/ Yoast SEO plugin. -->","yoast_head_json":{"title":"Pitko ja Haaga: Lis\u00e4\u00e4 perheasuntoja Oulun keskustaan - Jenni Pitko - Vihreiden varapuheenjohtaja, ymp\u00e4rist\u00f6valiokunnan puheenjohtaja, kansanedustaja ja arkkitehti Oulusta","robots":{"index":"index","follow":"follow","max-snippet":"max-snippet:-1","max-image-preview":"max-image-preview:large","max-video-preview":"max-video-preview:-1"},"canonical":"https:\/\/jennipitko.fi\/koti\/lisaa-perheasuntoja-keskustaan\/","og_locale":"fi_FI","og_type":"article","og_title":"Pitko ja Haaga: Lis\u00e4\u00e4 perheasuntoja Oulun keskustaan - Jenni Pitko - Vihreiden varapuheenjohtaja, ymp\u00e4rist\u00f6valiokunnan puheenjohtaja, kansanedustaja ja arkkitehti Oulusta","og_description":"Haluamme kiitt\u00e4\u00e4 Oulun yhdyskuntajohtaja Matti Matinheikki\u00e4 kirjoituksesta Kalevassa 26.10. otsikolla \u201cLis\u00e4\u00e4 pitovoimaa nuoriin koulutettuihin perheisiin\u201d ja tuoda esiin keinoja haasteen [&hellip;]","og_url":"https:\/\/jennipitko.fi\/koti\/lisaa-perheasuntoja-keskustaan\/","og_site_name":"Jenni Pitko - Vihreiden varapuheenjohtaja, ymp\u00e4rist\u00f6valiokunnan puheenjohtaja, kansanedustaja ja arkkitehti Oulusta","article_published_time":"2017-10-30T19:16:45+00:00","author":"Jenni","twitter_card":"summary_large_image","twitter_misc":{"Kirjoittanut":"Jenni","Arvioitu lukuaika":"2 minuuttia"},"schema":{"@context":"https:\/\/schema.org","@graph":[{"@type":"Article","@id":"https:\/\/jennipitko.fi\/koti\/lisaa-perheasuntoja-keskustaan\/#article","isPartOf":{"@id":"https:\/\/jennipitko.fi\/koti\/lisaa-perheasuntoja-keskustaan\/"},"author":{"name":"Jenni","@id":"https:\/\/jennipitko.fi\/koti\/#\/schema\/person\/35955c467f851f10124809310e7e7ee8"},"headline":"Pitko ja Haaga: Lis\u00e4\u00e4 perheasuntoja Oulun keskustaan","datePublished":"2017-10-30T19:16:45+00:00","mainEntityOfPage":{"@id":"https:\/\/jennipitko.fi\/koti\/lisaa-perheasuntoja-keskustaan\/"},"wordCount":340,"publisher":{"@id":"https:\/\/jennipitko.fi\/koti\/#organization"},"keywords":["asuminen","asuntokoko","kaupunksuunnittelu","keskustan kehitt\u00e4minen","perheet"],"articleSection":["Blogi"],"inLanguage":"fi"},{"@type":"WebPage","@id":"https:\/\/jennipitko.fi\/koti\/lisaa-perheasuntoja-keskustaan\/","url":"https:\/\/jennipitko.fi\/koti\/lisaa-perheasuntoja-keskustaan\/","name":"Pitko ja Haaga: Lis\u00e4\u00e4 perheasuntoja Oulun keskustaan - Jenni Pitko - Vihreiden varapuheenjohtaja, ymp\u00e4rist\u00f6valiokunnan puheenjohtaja, kansanedustaja ja arkkitehti Oulusta","isPartOf":{"@id":"https:\/\/jennipitko.fi\/koti\/#website"},"datePublished":"2017-10-30T19:16:45+00:00","breadcrumb":{"@id":"https:\/\/jennipitko.fi\/koti\/lisaa-perheasuntoja-keskustaan\/#breadcrumb"},"inLanguage":"fi","potentialAction":[{"@type":"ReadAction","target":["https:\/\/jennipitko.fi\/koti\/lisaa-perheasuntoja-keskustaan\/"]}]},{"@type":"BreadcrumbList","@id":"https:\/\/jennipitko.fi\/koti\/lisaa-perheasuntoja-keskustaan\/#breadcrumb","itemListElement":[{"@type":"ListItem","position":1,"name":"Home","item":"https:\/\/jennipitko.fi\/koti\/"},{"@type":"ListItem","position":2,"name":"Pitko ja Haaga: Lis\u00e4\u00e4 perheasuntoja Oulun keskustaan"}]},{"@type":"WebSite","@id":"https:\/\/jennipitko.fi\/koti\/#website","url":"https:\/\/jennipitko.fi\/koti\/","name":"Jenni Pitko - Vihreiden varapuheenjohtaja, ymp\u00e4rist\u00f6valiokunnan puheenjohtaja, kansanedustaja ja arkkitehti Oulusta","description":"Jenni Pitko - Vihreiden varapuheenjohtaja, ymp\u00e4rist\u00f6valiokunnan puheenjohtaja, kansanedustaja ja arkkitehti Oulusta","publisher":{"@id":"https:\/\/jennipitko.fi\/koti\/#organization"},"potentialAction":[{"@type":"SearchAction","target":{"@type":"EntryPoint","urlTemplate":"https:\/\/jennipitko.fi\/koti\/?s={search_term_string}"},"query-input":{"@type":"PropertyValueSpecification","valueRequired":true,"valueName":"search_term_string"}}],"inLanguage":"fi"},{"@type":"Organization","@id":"https:\/\/jennipitko.fi\/koti\/#organization","name":"Jenni Pitko - Vihreiden varapuheenjohtaja, ymp\u00e4rist\u00f6valiokunnan puheenjohtaja, kansanedustaja ja arkkitehti Oulusta","url":"https:\/\/jennipitko.fi\/koti\/","logo":{"@type":"ImageObject","inLanguage":"fi","@id":"https:\/\/jennipitko.fi\/koti\/#\/schema\/logo\/image\/","url":"https:\/\/jennipitko.fi\/koti\/wp-content\/uploads\/2025\/09\/Nimeton-malli-38.png","contentUrl":"https:\/\/jennipitko.fi\/koti\/wp-content\/uploads\/2025\/09\/Nimeton-malli-38.png","width":1280,"height":847,"caption":"Jenni Pitko - Vihreiden varapuheenjohtaja, ymp\u00e4rist\u00f6valiokunnan puheenjohtaja, kansanedustaja ja arkkitehti Oulusta"},"image":{"@id":"https:\/\/jennipitko.fi\/koti\/#\/schema\/logo\/image\/"}},{"@type":"Person","@id":"https:\/\/jennipitko.fi\/koti\/#\/schema\/person\/35955c467f851f10124809310e7e7ee8","name":"Jenni","image":{"@type":"ImageObject","inLanguage":"fi","@id":"https:\/\/secure.gravatar.com\/avatar\/625a0e6413b293da7739d42617828d564a4d6028aec3f45d8939a2ba1617199f?s=96&d=blank&r=g","url":"https:\/\/secure.gravatar.com\/avatar\/625a0e6413b293da7739d42617828d564a4d6028aec3f45d8939a2ba1617199f?s=96&d=blank&r=g","contentUrl":"https:\/\/secure.gravatar.com\/avatar\/625a0e6413b293da7739d42617828d564a4d6028aec3f45d8939a2ba1617199f?s=96&d=blank&r=g","caption":"Jenni"},"url":"https:\/\/jennipitko.fi\/koti\/author\/jenni\/"}]}},"_links":{"self":[{"href":"https:\/\/jennipitko.fi\/koti\/wp-json\/wp\/v2\/posts\/1650","targetHints":{"allow":["GET"]}}],"collection":[{"href":"https:\/\/jennipitko.fi\/koti\/wp-json\/wp\/v2\/posts"}],"about":[{"href":"https:\/\/jennipitko.fi\/koti\/wp-json\/wp\/v2\/types\/post"}],"author":[{"embeddable":true,"href":"https:\/\/jennipitko.fi\/koti\/wp-json\/wp\/v2\/users\/1"}],"replies":[{"embeddable":true,"href":"https:\/\/jennipitko.fi\/koti\/wp-json\/wp\/v2\/comments?post=1650"}],"version-history":[{"count":1,"href":"https:\/\/jennipitko.fi\/koti\/wp-json\/wp\/v2\/posts\/1650\/revisions"}],"predecessor-version":[{"id":1651,"href":"https:\/\/jennipitko.fi\/koti\/wp-json\/wp\/v2\/posts\/1650\/revisions\/1651"}],"wp:attachment":[{"href":"https:\/\/jennipitko.fi\/koti\/wp-json\/wp\/v2\/media?parent=1650"}],"wp:term":[{"taxonomy":"category","embeddable":true,"href":"https:\/\/jennipitko.fi\/koti\/wp-json\/wp\/v2\/categories?post=1650"},{"taxonomy":"post_tag","embeddable":true,"href":"https:\/\/jennipitko.fi\/koti\/wp-json\/wp\/v2\/tags?post=1650"}],"curies":[{"name":"wp","href":"https:\/\/api.w.org\/{rel}","templated":true}]}}