{"id":1658,"date":"2017-11-28T08:57:04","date_gmt":"2017-11-28T06:57:04","guid":{"rendered":"http:\/\/jennipitko.fi\/koti\/oulun-kasvu-perustuu-pehmeisiin-pito-ja-vetovoimiin-vihreiden-ryhmapuhe-budjettiin\/"},"modified":"2017-11-28T08:58:35","modified_gmt":"2017-11-28T06:58:35","slug":"oulun-kasvu-perustuu-pehmeisiin-pito-ja-vetovoimiin-vihreiden-ryhmapuhe-budjettiin","status":"publish","type":"post","link":"https:\/\/jennipitko.fi\/koti\/oulun-kasvu-perustuu-pehmeisiin-pito-ja-vetovoimiin-vihreiden-ryhmapuhe-budjettiin\/","title":{"rendered":"Oulun kasvu perustuu pehmeisiin pito- ja vetovoimiin &#8211; Vihreiden ryhm\u00e4puhe budjettiin"},"content":{"rendered":"<p>\u201cOulun vahvuudet ovat uusiutumiskyvyss\u00e4 ja teknologiassa, mutta jos miettii jotain mukavaa kaupunkia, ei ensimm\u00e4isen\u00e4 tule mieleen Oulu.\u201d Kutakuinkin n\u00e4in sanoi kaupunkimaantieteen tutkija Timo Aro valtuuston strategiaseminaarissa t\u00e4n\u00e4 syksyn\u00e4. Oulun heikkoudet liittyv\u00e4t pitk\u00e4lti pehmeisiin pito- ja vetovoimiin sek\u00e4 henkiseen ilmastoon ja ilmapiiriin liittyviin tekij\u00f6ihin.<\/p>\n<p>Erityisesti pitovoimaa Oulusta valmistuneiden nuorten aikuisten ja lapsiperheiden suhteen tulisi parantaa. Lis\u00e4ksi Oulun heikon aseman parantamiseksi kuntien v\u00e4lisess\u00e4 muuttoliikkeess\u00e4 on meill\u00e4 paljon teht\u00e4v\u00e4\u00e4.<\/p>\n<p>Kulttuurip\u00e4\u00e4kaupunkihaku onkin k\u00e4ynniss\u00e4 juuri oikeaan aikaan. Etenkin nuoriin vaikutetaan juuri t\u00e4m\u00e4nkaltaisilla pehmeill\u00e4 vetovoimatekij\u00f6ill\u00e4. Tapahtumilla, kulttuurilla, vapaa-ajanviettomahdollisuuksilla, kaupungin p\u00f6hin\u00e4ll\u00e4, gallerioilla ja kahviloilla. Mit\u00e4 nuorempi sit\u00e4 t\u00e4rke\u00e4mpi\u00e4 n\u00e4m\u00e4 pehme\u00e4t tekij\u00e4t ovat.<\/p>\n<p>Hyv\u00e4t valtuutetut, k\u00e4sittelyss\u00e4mme on tulevan vuoden budjetti, joka ohjaa kaikkea kaupungin toimintaa. Toimintaa joka tuntuu jokaisen oululaisen arjessa.<!--more--><\/p>\n<p>Kaupunginhallituksen budjettiesityksess\u00e4 on asetettu sivistys- ja kulttuurilautakunnalle 5 miljoonan s\u00e4\u00e4st\u00f6tavoite, t\u00e4m\u00e4 on siis ero lautakunnan raamin, jossa on laskettu kasvun tuomat todelliset kustannukset ja kaupunginhallituksen esityksen v\u00e4lill\u00e4. S\u00e4\u00e4st\u00e4tavoite on siis 5M\u20ac.<\/p>\n<p>Jokainen sivistys- ja kulttuuritoimeen kohdistettu sopeutustoimenpide, jota ei pystyt\u00e4 toteuttamaan rakenteellisten s\u00e4\u00e4st\u00f6jen kautta, heikent\u00e4\u00e4 lasten ja lapsiperheiden saaman palvelun laatua ja kaupungin mainetta ty\u00f6nantajana. N\u00e4m\u00e4 ovat isoja riskitekij\u00f6it\u00e4, kun kaupunkimme kasvu pohjautuu entist\u00e4 voimakkaammin pehmeisiin veto- ja pitovoimatekij\u00f6ihin.<\/p>\n<p>Viime viikolla saimme kuulla kansainv\u00e4liset PISA-tulokset. Ne osoittavat, ett\u00e4 suomalaisilla pojilla ei mene en\u00e4\u00e4 yht\u00e4 hyvin kuin ennen. Opetukseen kohdistuvat leikkaukset tulevatkin olemaan nimenomaan pois pojilta, sill\u00e4 ryhm\u00e4kokojen kasvaessa opettajan huomiota on yksitt\u00e4isen tukea tarvitsevan oppilaan entist\u00e4 vaikeampi saada.<\/p>\n<p>Olemmeko todella valmiita s\u00e4\u00e4st\u00e4m\u00e4\u00e4n t\u00e4st\u00e4?<\/p>\n<p>Hyvinvointilautakunnan s\u00e4\u00e4st\u00f6iss\u00e4 olemme kenties my\u00f6s ylioptimistisia. Inhimillisist\u00e4 palveluista ja ennaltaehk\u00e4isyst\u00e4 ei voi s\u00e4\u00e4st\u00e4\u00e4 taloudellisesti vaikeinakaan aikoina. Tai nimenomaan juuri niin\u00e4.<\/p>\n<p>Motivoituneinkaan ammattilainen ei pysty pelk\u00e4ll\u00e4 v\u00e4litt\u00e4misen voimalla tekem\u00e4\u00e4n m\u00e4\u00e4r\u00e4\u00e4ns\u00e4 enemp\u00e4\u00e4. Ammattilaiset tarvitsevat resursseja ja aikaa.<\/p>\n<p>Resursseja ottaa hoitoon masentunut useiden kuukausien piinallisen odottelun sijaan, ymm\u00e4rryst\u00e4 kohdata sateenkaarivanhus tai puuttua riitt\u00e4v\u00e4n varhain itsetuhoisia ajatuksia hautovan perheen\u00e4idin tuskaan. Puhumattakaan niist\u00e4 perheist\u00e4 lastensuojelussa, jossa aivan liian monen pienen tulevaisuus on musertumassa ammattilaisten liian suuren ty\u00f6kuorman alle.<\/p>\n<p>Mukavassa kaupungissa arki sujuu ja liikkuminen paikasta toiseen on joustavaa ja helppoa. Oulua on pitk\u00e4\u00e4n rakennettu yksityisautojen ehdoilla, mik\u00e4 on johtanut siihen, ett\u00e4 monelle kaupunkilaiselle oman auton omistaminen on v\u00e4ltt\u00e4m\u00e4t\u00f6nt\u00e4 arjesta selviytymiseen. Kaupungin tulee jatkossa kasvaa niin, ett\u00e4 liikenteen eri palveluja hy\u00f6dynt\u00e4en autoton el\u00e4m\u00e4 on houkutteleva vaihtoehto. Yksityisautoiluun sidotut eurot vapautuvat t\u00e4ll\u00f6in ostovoimaksi ja pirist\u00e4v\u00e4t osaltaan paikallista yritystaloutta.<\/p>\n<p>Joukkoliikenteen budjetin kasvattaminen ja kaupunkipy\u00f6r\u00e4t ovat oikeansuuntaisia, joukkoliikenteen palvelutasoa parantavia toimia ja kiit\u00e4mme siit\u00e4, ett\u00e4 n\u00e4iden takana olivat kaupunginhallitusryhm\u00e4t yksimielisesti.<\/p>\n<p>Iloitsemme my\u00f6s keskustan vetovoimaan liittyvist\u00e4 valaistus- ja puistopanostuksista sek\u00e4 l\u00e4hiliikuntapaikkoihin teht\u00e4vist\u00e4 investoinneista. Energiatehokkuuteen panostaminen my\u00f6s tulevana vuonna on t\u00e4rke\u00e4 investointi tulevaisuuteen.<\/p>\n<p>Vihre\u00e4 valtuustoryhm\u00e4 haluaa kiitt\u00e4\u00e4 kaupunginjohtajaa siit\u00e4, ett\u00e4 talouden tasapainottaminen on otettu ty\u00f6n alle Muutosohjelman kautta niin, ett\u00e4 tasapainottaminen on suunnitelmallista. Olemme vahvasti sit\u00e4 mielt\u00e4, ett\u00e4 tasapainottamisessa oikea linja on rakenteelliset uudistukset. Suunnitelmallisuus, avoimuus ja tiedon jakaminen edesauttaa my\u00f6s kuntalaisten ymm\u00e4rryst\u00e4 niille vaikeille p\u00e4\u00e4t\u00f6ksille, joita niit\u00e4kin rakenteiden uudistamiseen liittyy.<\/p>\n<p>Loppuun haluan nostaa Suomen 100-vuotisjuhlan kunniaksi ajatuksen siit\u00e4, millaisen perinn\u00f6n j\u00e4t\u00e4mme tuleville sukupolville seuraavan sadan vuoden p\u00e4\u00e4h\u00e4n ja oululaisille vuonna 2117. Ymp\u00e4rist\u00f6n tila on my\u00f6s meid\u00e4n vastuullamme ja luonnon monimuotoisuuden s\u00e4ilyminen on poliittinen tahtotila.<\/p>\n<p>Toivon meille kaikille strategiaamme mukaillen rohkeutta, reiluutta ja vastuullisuutta, kun m\u00e4\u00e4rittelemme budjettia ensi vuodelle.<\/p>\n<p><em>Pidin t\u00e4m\u00e4n puheen 27.11. Kaupunginvaltuuston budjettikokouksessa Vihre\u00e4n valtuustoryhm\u00e4n puolesta<\/em><\/p>\n","protected":false},"excerpt":{"rendered":"<p>\u201cOulun vahvuudet ovat uusiutumiskyvyss\u00e4 ja teknologiassa, mutta jos miettii jotain mukavaa kaupunkia, ei ensimm\u00e4isen\u00e4 tule mieleen Oulu.\u201d Kutakuinkin n\u00e4in sanoi [&hellip;]<\/p>\n","protected":false},"author":1,"featured_media":0,"comment_status":"closed","ping_status":"closed","sticky":false,"template":"","format":"standard","meta":{"_monsterinsights_skip_tracking":false,"_monsterinsights_sitenote_active":false,"_monsterinsights_sitenote_note":"","_monsterinsights_sitenote_category":0,"site-sidebar-layout":"default","site-content-layout":"","ast-site-content-layout":"default","site-content-style":"default","site-sidebar-style":"default","ast-global-header-display":"","ast-banner-title-visibility":"","ast-main-header-display":"","ast-hfb-above-header-display":"","ast-hfb-below-header-display":"","ast-hfb-mobile-header-display":"","site-post-title":"","ast-breadcrumbs-content":"","ast-featured-img":"","footer-sml-layout":"","ast-disable-related-posts":"","theme-transparent-header-meta":"","adv-header-id-meta":"","stick-header-meta":"","header-above-stick-meta":"","header-main-stick-meta":"","header-below-stick-meta":"","astra-migrate-meta-layouts":"default","ast-page-background-enabled":"default","ast-page-background-meta":{"desktop":{"background-color":"var(--ast-global-color-5)","background-image":"","background-repeat":"repeat","background-position":"center center","background-size":"auto","background-attachment":"scroll","background-type":"","background-media":"","overlay-type":"","overlay-color":"","overlay-opacity":"","overlay-gradient":""},"tablet":{"background-color":"","background-image":"","background-repeat":"repeat","background-position":"center center","background-size":"auto","background-attachment":"scroll","background-type":"","background-media":"","overlay-type":"","overlay-color":"","overlay-opacity":"","overlay-gradient":""},"mobile":{"background-color":"","background-image":"","background-repeat":"repeat","background-position":"center center","background-size":"auto","background-attachment":"scroll","background-type":"","background-media":"","overlay-type":"","overlay-color":"","overlay-opacity":"","overlay-gradient":""}},"ast-content-background-meta":{"desktop":{"background-color":"var(--ast-global-color-4)","background-image":"","background-repeat":"repeat","background-position":"center center","background-size":"auto","background-attachment":"scroll","background-type":"","background-media":"","overlay-type":"","overlay-color":"","overlay-opacity":"","overlay-gradient":""},"tablet":{"background-color":"var(--ast-global-color-4)","background-image":"","background-repeat":"repeat","background-position":"center center","background-size":"auto","background-attachment":"scroll","background-type":"","background-media":"","overlay-type":"","overlay-color":"","overlay-opacity":"","overlay-gradient":""},"mobile":{"background-color":"var(--ast-global-color-4)","background-image":"","background-repeat":"repeat","background-position":"center center","background-size":"auto","background-attachment":"scroll","background-type":"","background-media":"","overlay-type":"","overlay-color":"","overlay-opacity":"","overlay-gradient":""}},"footnotes":""},"categories":[126,1],"tags":[84,173,261,260,262],"class_list":["post-1658","post","type-post","status-publish","format-standard","hentry","category-puheeni-valtuustossa","category-uncategorized","tag-budjetti","tag-rakenteelliset-uudistukset","tag-saastaminen","tag-talouasarvio","tag-talouden-tasapaino"],"yoast_head":"<!-- This site is optimized with the Yoast SEO plugin v27.5 - https:\/\/yoast.com\/product\/yoast-seo-wordpress\/ -->\n<title>Oulun kasvu perustuu pehmeisiin pito- ja vetovoimiin - Vihreiden ryhm\u00e4puhe budjettiin - Jenni Pitko - Vihreiden varapuheenjohtaja, ymp\u00e4rist\u00f6valiokunnan puheenjohtaja, kansanedustaja ja arkkitehti Oulusta<\/title>\n<meta name=\"robots\" content=\"index, follow, max-snippet:-1, max-image-preview:large, max-video-preview:-1\" \/>\n<link rel=\"canonical\" href=\"https:\/\/jennipitko.fi\/koti\/oulun-kasvu-perustuu-pehmeisiin-pito-ja-vetovoimiin-vihreiden-ryhmapuhe-budjettiin\/\" \/>\n<meta property=\"og:locale\" content=\"fi_FI\" \/>\n<meta property=\"og:type\" content=\"article\" \/>\n<meta property=\"og:title\" content=\"Oulun kasvu perustuu pehmeisiin pito- ja vetovoimiin - Vihreiden ryhm\u00e4puhe budjettiin - Jenni Pitko - Vihreiden varapuheenjohtaja, ymp\u00e4rist\u00f6valiokunnan puheenjohtaja, kansanedustaja ja arkkitehti Oulusta\" \/>\n<meta property=\"og:description\" content=\"\u201cOulun vahvuudet ovat uusiutumiskyvyss\u00e4 ja teknologiassa, mutta jos miettii jotain mukavaa kaupunkia, ei ensimm\u00e4isen\u00e4 tule mieleen Oulu.\u201d Kutakuinkin n\u00e4in sanoi [&hellip;]\" \/>\n<meta property=\"og:url\" content=\"https:\/\/jennipitko.fi\/koti\/oulun-kasvu-perustuu-pehmeisiin-pito-ja-vetovoimiin-vihreiden-ryhmapuhe-budjettiin\/\" \/>\n<meta property=\"og:site_name\" content=\"Jenni Pitko - Vihreiden varapuheenjohtaja, ymp\u00e4rist\u00f6valiokunnan puheenjohtaja, kansanedustaja ja arkkitehti Oulusta\" \/>\n<meta property=\"article:published_time\" content=\"2017-11-28T06:57:04+00:00\" \/>\n<meta property=\"article:modified_time\" content=\"2017-11-28T06:58:35+00:00\" \/>\n<meta name=\"author\" content=\"Jenni\" \/>\n<meta name=\"twitter:card\" content=\"summary_large_image\" \/>\n<meta name=\"twitter:label1\" content=\"Kirjoittanut\" \/>\n\t<meta name=\"twitter:data1\" content=\"Jenni\" \/>\n\t<meta name=\"twitter:label2\" content=\"Arvioitu lukuaika\" \/>\n\t<meta name=\"twitter:data2\" content=\"3 minuuttia\" \/>\n<script type=\"application\/ld+json\" class=\"yoast-schema-graph\">{\"@context\":\"https:\\\/\\\/schema.org\",\"@graph\":[{\"@type\":\"Article\",\"@id\":\"https:\\\/\\\/jennipitko.fi\\\/koti\\\/oulun-kasvu-perustuu-pehmeisiin-pito-ja-vetovoimiin-vihreiden-ryhmapuhe-budjettiin\\\/#article\",\"isPartOf\":{\"@id\":\"https:\\\/\\\/jennipitko.fi\\\/koti\\\/oulun-kasvu-perustuu-pehmeisiin-pito-ja-vetovoimiin-vihreiden-ryhmapuhe-budjettiin\\\/\"},\"author\":{\"name\":\"Jenni\",\"@id\":\"https:\\\/\\\/jennipitko.fi\\\/koti\\\/#\\\/schema\\\/person\\\/35955c467f851f10124809310e7e7ee8\"},\"headline\":\"Oulun kasvu perustuu pehmeisiin pito- ja vetovoimiin &#8211; Vihreiden ryhm\u00e4puhe budjettiin\",\"datePublished\":\"2017-11-28T06:57:04+00:00\",\"dateModified\":\"2017-11-28T06:58:35+00:00\",\"mainEntityOfPage\":{\"@id\":\"https:\\\/\\\/jennipitko.fi\\\/koti\\\/oulun-kasvu-perustuu-pehmeisiin-pito-ja-vetovoimiin-vihreiden-ryhmapuhe-budjettiin\\\/\"},\"wordCount\":614,\"publisher\":{\"@id\":\"https:\\\/\\\/jennipitko.fi\\\/koti\\\/#organization\"},\"keywords\":[\"budjetti\",\"rakenteelliset uudistukset\",\"s\u00e4\u00e4st\u00e4minen\",\"talouasarvio\",\"talouden tasapaino\"],\"articleSection\":[\"Puheeni valtuustossa\",\"Uncategorized\"],\"inLanguage\":\"fi\"},{\"@type\":\"WebPage\",\"@id\":\"https:\\\/\\\/jennipitko.fi\\\/koti\\\/oulun-kasvu-perustuu-pehmeisiin-pito-ja-vetovoimiin-vihreiden-ryhmapuhe-budjettiin\\\/\",\"url\":\"https:\\\/\\\/jennipitko.fi\\\/koti\\\/oulun-kasvu-perustuu-pehmeisiin-pito-ja-vetovoimiin-vihreiden-ryhmapuhe-budjettiin\\\/\",\"name\":\"Oulun kasvu perustuu pehmeisiin pito- ja vetovoimiin - Vihreiden ryhm\u00e4puhe budjettiin - Jenni Pitko - Vihreiden varapuheenjohtaja, ymp\u00e4rist\u00f6valiokunnan puheenjohtaja, kansanedustaja ja arkkitehti Oulusta\",\"isPartOf\":{\"@id\":\"https:\\\/\\\/jennipitko.fi\\\/koti\\\/#website\"},\"datePublished\":\"2017-11-28T06:57:04+00:00\",\"dateModified\":\"2017-11-28T06:58:35+00:00\",\"breadcrumb\":{\"@id\":\"https:\\\/\\\/jennipitko.fi\\\/koti\\\/oulun-kasvu-perustuu-pehmeisiin-pito-ja-vetovoimiin-vihreiden-ryhmapuhe-budjettiin\\\/#breadcrumb\"},\"inLanguage\":\"fi\",\"potentialAction\":[{\"@type\":\"ReadAction\",\"target\":[\"https:\\\/\\\/jennipitko.fi\\\/koti\\\/oulun-kasvu-perustuu-pehmeisiin-pito-ja-vetovoimiin-vihreiden-ryhmapuhe-budjettiin\\\/\"]}]},{\"@type\":\"BreadcrumbList\",\"@id\":\"https:\\\/\\\/jennipitko.fi\\\/koti\\\/oulun-kasvu-perustuu-pehmeisiin-pito-ja-vetovoimiin-vihreiden-ryhmapuhe-budjettiin\\\/#breadcrumb\",\"itemListElement\":[{\"@type\":\"ListItem\",\"position\":1,\"name\":\"Home\",\"item\":\"https:\\\/\\\/jennipitko.fi\\\/koti\\\/\"},{\"@type\":\"ListItem\",\"position\":2,\"name\":\"Oulun kasvu perustuu pehmeisiin pito- ja vetovoimiin &#8211; Vihreiden ryhm\u00e4puhe budjettiin\"}]},{\"@type\":\"WebSite\",\"@id\":\"https:\\\/\\\/jennipitko.fi\\\/koti\\\/#website\",\"url\":\"https:\\\/\\\/jennipitko.fi\\\/koti\\\/\",\"name\":\"Jenni Pitko - Vihreiden varapuheenjohtaja, ymp\u00e4rist\u00f6valiokunnan puheenjohtaja, kansanedustaja ja arkkitehti Oulusta\",\"description\":\"Jenni Pitko - Vihreiden varapuheenjohtaja, ymp\u00e4rist\u00f6valiokunnan puheenjohtaja, kansanedustaja ja arkkitehti Oulusta\",\"publisher\":{\"@id\":\"https:\\\/\\\/jennipitko.fi\\\/koti\\\/#organization\"},\"potentialAction\":[{\"@type\":\"SearchAction\",\"target\":{\"@type\":\"EntryPoint\",\"urlTemplate\":\"https:\\\/\\\/jennipitko.fi\\\/koti\\\/?s={search_term_string}\"},\"query-input\":{\"@type\":\"PropertyValueSpecification\",\"valueRequired\":true,\"valueName\":\"search_term_string\"}}],\"inLanguage\":\"fi\"},{\"@type\":\"Organization\",\"@id\":\"https:\\\/\\\/jennipitko.fi\\\/koti\\\/#organization\",\"name\":\"Jenni Pitko - Vihreiden varapuheenjohtaja, ymp\u00e4rist\u00f6valiokunnan puheenjohtaja, kansanedustaja ja arkkitehti Oulusta\",\"url\":\"https:\\\/\\\/jennipitko.fi\\\/koti\\\/\",\"logo\":{\"@type\":\"ImageObject\",\"inLanguage\":\"fi\",\"@id\":\"https:\\\/\\\/jennipitko.fi\\\/koti\\\/#\\\/schema\\\/logo\\\/image\\\/\",\"url\":\"https:\\\/\\\/jennipitko.fi\\\/koti\\\/wp-content\\\/uploads\\\/2025\\\/09\\\/Nimeton-malli-38.png\",\"contentUrl\":\"https:\\\/\\\/jennipitko.fi\\\/koti\\\/wp-content\\\/uploads\\\/2025\\\/09\\\/Nimeton-malli-38.png\",\"width\":1280,\"height\":847,\"caption\":\"Jenni Pitko - Vihreiden varapuheenjohtaja, ymp\u00e4rist\u00f6valiokunnan puheenjohtaja, kansanedustaja ja arkkitehti Oulusta\"},\"image\":{\"@id\":\"https:\\\/\\\/jennipitko.fi\\\/koti\\\/#\\\/schema\\\/logo\\\/image\\\/\"}},{\"@type\":\"Person\",\"@id\":\"https:\\\/\\\/jennipitko.fi\\\/koti\\\/#\\\/schema\\\/person\\\/35955c467f851f10124809310e7e7ee8\",\"name\":\"Jenni\",\"image\":{\"@type\":\"ImageObject\",\"inLanguage\":\"fi\",\"@id\":\"https:\\\/\\\/secure.gravatar.com\\\/avatar\\\/625a0e6413b293da7739d42617828d564a4d6028aec3f45d8939a2ba1617199f?s=96&d=blank&r=g\",\"url\":\"https:\\\/\\\/secure.gravatar.com\\\/avatar\\\/625a0e6413b293da7739d42617828d564a4d6028aec3f45d8939a2ba1617199f?s=96&d=blank&r=g\",\"contentUrl\":\"https:\\\/\\\/secure.gravatar.com\\\/avatar\\\/625a0e6413b293da7739d42617828d564a4d6028aec3f45d8939a2ba1617199f?s=96&d=blank&r=g\",\"caption\":\"Jenni\"},\"url\":\"https:\\\/\\\/jennipitko.fi\\\/koti\\\/author\\\/jenni\\\/\"}]}<\/script>\n<!-- \/ Yoast SEO plugin. -->","yoast_head_json":{"title":"Oulun kasvu perustuu pehmeisiin pito- ja vetovoimiin - Vihreiden ryhm\u00e4puhe budjettiin - Jenni Pitko - Vihreiden varapuheenjohtaja, ymp\u00e4rist\u00f6valiokunnan puheenjohtaja, kansanedustaja ja arkkitehti Oulusta","robots":{"index":"index","follow":"follow","max-snippet":"max-snippet:-1","max-image-preview":"max-image-preview:large","max-video-preview":"max-video-preview:-1"},"canonical":"https:\/\/jennipitko.fi\/koti\/oulun-kasvu-perustuu-pehmeisiin-pito-ja-vetovoimiin-vihreiden-ryhmapuhe-budjettiin\/","og_locale":"fi_FI","og_type":"article","og_title":"Oulun kasvu perustuu pehmeisiin pito- ja vetovoimiin - Vihreiden ryhm\u00e4puhe budjettiin - Jenni Pitko - Vihreiden varapuheenjohtaja, ymp\u00e4rist\u00f6valiokunnan puheenjohtaja, kansanedustaja ja arkkitehti Oulusta","og_description":"\u201cOulun vahvuudet ovat uusiutumiskyvyss\u00e4 ja teknologiassa, mutta jos miettii jotain mukavaa kaupunkia, ei ensimm\u00e4isen\u00e4 tule mieleen Oulu.\u201d Kutakuinkin n\u00e4in sanoi [&hellip;]","og_url":"https:\/\/jennipitko.fi\/koti\/oulun-kasvu-perustuu-pehmeisiin-pito-ja-vetovoimiin-vihreiden-ryhmapuhe-budjettiin\/","og_site_name":"Jenni Pitko - Vihreiden varapuheenjohtaja, ymp\u00e4rist\u00f6valiokunnan puheenjohtaja, kansanedustaja ja arkkitehti Oulusta","article_published_time":"2017-11-28T06:57:04+00:00","article_modified_time":"2017-11-28T06:58:35+00:00","author":"Jenni","twitter_card":"summary_large_image","twitter_misc":{"Kirjoittanut":"Jenni","Arvioitu lukuaika":"3 minuuttia"},"schema":{"@context":"https:\/\/schema.org","@graph":[{"@type":"Article","@id":"https:\/\/jennipitko.fi\/koti\/oulun-kasvu-perustuu-pehmeisiin-pito-ja-vetovoimiin-vihreiden-ryhmapuhe-budjettiin\/#article","isPartOf":{"@id":"https:\/\/jennipitko.fi\/koti\/oulun-kasvu-perustuu-pehmeisiin-pito-ja-vetovoimiin-vihreiden-ryhmapuhe-budjettiin\/"},"author":{"name":"Jenni","@id":"https:\/\/jennipitko.fi\/koti\/#\/schema\/person\/35955c467f851f10124809310e7e7ee8"},"headline":"Oulun kasvu perustuu pehmeisiin pito- ja vetovoimiin &#8211; Vihreiden ryhm\u00e4puhe budjettiin","datePublished":"2017-11-28T06:57:04+00:00","dateModified":"2017-11-28T06:58:35+00:00","mainEntityOfPage":{"@id":"https:\/\/jennipitko.fi\/koti\/oulun-kasvu-perustuu-pehmeisiin-pito-ja-vetovoimiin-vihreiden-ryhmapuhe-budjettiin\/"},"wordCount":614,"publisher":{"@id":"https:\/\/jennipitko.fi\/koti\/#organization"},"keywords":["budjetti","rakenteelliset uudistukset","s\u00e4\u00e4st\u00e4minen","talouasarvio","talouden tasapaino"],"articleSection":["Puheeni valtuustossa","Uncategorized"],"inLanguage":"fi"},{"@type":"WebPage","@id":"https:\/\/jennipitko.fi\/koti\/oulun-kasvu-perustuu-pehmeisiin-pito-ja-vetovoimiin-vihreiden-ryhmapuhe-budjettiin\/","url":"https:\/\/jennipitko.fi\/koti\/oulun-kasvu-perustuu-pehmeisiin-pito-ja-vetovoimiin-vihreiden-ryhmapuhe-budjettiin\/","name":"Oulun kasvu perustuu pehmeisiin pito- ja vetovoimiin - Vihreiden ryhm\u00e4puhe budjettiin - Jenni Pitko - Vihreiden varapuheenjohtaja, ymp\u00e4rist\u00f6valiokunnan puheenjohtaja, kansanedustaja ja arkkitehti Oulusta","isPartOf":{"@id":"https:\/\/jennipitko.fi\/koti\/#website"},"datePublished":"2017-11-28T06:57:04+00:00","dateModified":"2017-11-28T06:58:35+00:00","breadcrumb":{"@id":"https:\/\/jennipitko.fi\/koti\/oulun-kasvu-perustuu-pehmeisiin-pito-ja-vetovoimiin-vihreiden-ryhmapuhe-budjettiin\/#breadcrumb"},"inLanguage":"fi","potentialAction":[{"@type":"ReadAction","target":["https:\/\/jennipitko.fi\/koti\/oulun-kasvu-perustuu-pehmeisiin-pito-ja-vetovoimiin-vihreiden-ryhmapuhe-budjettiin\/"]}]},{"@type":"BreadcrumbList","@id":"https:\/\/jennipitko.fi\/koti\/oulun-kasvu-perustuu-pehmeisiin-pito-ja-vetovoimiin-vihreiden-ryhmapuhe-budjettiin\/#breadcrumb","itemListElement":[{"@type":"ListItem","position":1,"name":"Home","item":"https:\/\/jennipitko.fi\/koti\/"},{"@type":"ListItem","position":2,"name":"Oulun kasvu perustuu pehmeisiin pito- ja vetovoimiin &#8211; Vihreiden ryhm\u00e4puhe budjettiin"}]},{"@type":"WebSite","@id":"https:\/\/jennipitko.fi\/koti\/#website","url":"https:\/\/jennipitko.fi\/koti\/","name":"Jenni Pitko - Vihreiden varapuheenjohtaja, ymp\u00e4rist\u00f6valiokunnan puheenjohtaja, kansanedustaja ja arkkitehti Oulusta","description":"Jenni Pitko - Vihreiden varapuheenjohtaja, ymp\u00e4rist\u00f6valiokunnan puheenjohtaja, kansanedustaja ja arkkitehti Oulusta","publisher":{"@id":"https:\/\/jennipitko.fi\/koti\/#organization"},"potentialAction":[{"@type":"SearchAction","target":{"@type":"EntryPoint","urlTemplate":"https:\/\/jennipitko.fi\/koti\/?s={search_term_string}"},"query-input":{"@type":"PropertyValueSpecification","valueRequired":true,"valueName":"search_term_string"}}],"inLanguage":"fi"},{"@type":"Organization","@id":"https:\/\/jennipitko.fi\/koti\/#organization","name":"Jenni Pitko - Vihreiden varapuheenjohtaja, ymp\u00e4rist\u00f6valiokunnan puheenjohtaja, kansanedustaja ja arkkitehti Oulusta","url":"https:\/\/jennipitko.fi\/koti\/","logo":{"@type":"ImageObject","inLanguage":"fi","@id":"https:\/\/jennipitko.fi\/koti\/#\/schema\/logo\/image\/","url":"https:\/\/jennipitko.fi\/koti\/wp-content\/uploads\/2025\/09\/Nimeton-malli-38.png","contentUrl":"https:\/\/jennipitko.fi\/koti\/wp-content\/uploads\/2025\/09\/Nimeton-malli-38.png","width":1280,"height":847,"caption":"Jenni Pitko - Vihreiden varapuheenjohtaja, ymp\u00e4rist\u00f6valiokunnan puheenjohtaja, kansanedustaja ja arkkitehti Oulusta"},"image":{"@id":"https:\/\/jennipitko.fi\/koti\/#\/schema\/logo\/image\/"}},{"@type":"Person","@id":"https:\/\/jennipitko.fi\/koti\/#\/schema\/person\/35955c467f851f10124809310e7e7ee8","name":"Jenni","image":{"@type":"ImageObject","inLanguage":"fi","@id":"https:\/\/secure.gravatar.com\/avatar\/625a0e6413b293da7739d42617828d564a4d6028aec3f45d8939a2ba1617199f?s=96&d=blank&r=g","url":"https:\/\/secure.gravatar.com\/avatar\/625a0e6413b293da7739d42617828d564a4d6028aec3f45d8939a2ba1617199f?s=96&d=blank&r=g","contentUrl":"https:\/\/secure.gravatar.com\/avatar\/625a0e6413b293da7739d42617828d564a4d6028aec3f45d8939a2ba1617199f?s=96&d=blank&r=g","caption":"Jenni"},"url":"https:\/\/jennipitko.fi\/koti\/author\/jenni\/"}]}},"_links":{"self":[{"href":"https:\/\/jennipitko.fi\/koti\/wp-json\/wp\/v2\/posts\/1658","targetHints":{"allow":["GET"]}}],"collection":[{"href":"https:\/\/jennipitko.fi\/koti\/wp-json\/wp\/v2\/posts"}],"about":[{"href":"https:\/\/jennipitko.fi\/koti\/wp-json\/wp\/v2\/types\/post"}],"author":[{"embeddable":true,"href":"https:\/\/jennipitko.fi\/koti\/wp-json\/wp\/v2\/users\/1"}],"replies":[{"embeddable":true,"href":"https:\/\/jennipitko.fi\/koti\/wp-json\/wp\/v2\/comments?post=1658"}],"version-history":[{"count":1,"href":"https:\/\/jennipitko.fi\/koti\/wp-json\/wp\/v2\/posts\/1658\/revisions"}],"predecessor-version":[{"id":1659,"href":"https:\/\/jennipitko.fi\/koti\/wp-json\/wp\/v2\/posts\/1658\/revisions\/1659"}],"wp:attachment":[{"href":"https:\/\/jennipitko.fi\/koti\/wp-json\/wp\/v2\/media?parent=1658"}],"wp:term":[{"taxonomy":"category","embeddable":true,"href":"https:\/\/jennipitko.fi\/koti\/wp-json\/wp\/v2\/categories?post=1658"},{"taxonomy":"post_tag","embeddable":true,"href":"https:\/\/jennipitko.fi\/koti\/wp-json\/wp\/v2\/tags?post=1658"}],"curies":[{"name":"wp","href":"https:\/\/api.w.org\/{rel}","templated":true}]}}