{"id":1790,"date":"2018-12-10T18:11:57","date_gmt":"2018-12-10T16:11:57","guid":{"rendered":"http:\/\/jennipitko.fi\/koti\/ilmastomuutos-on-oulun-talouden-suurin-uhka-vihreiden-ryhmapuhe-talousarvioon-2019\/"},"modified":"2018-12-11T09:55:15","modified_gmt":"2018-12-11T07:55:15","slug":"ilmastomuutos-on-oulun-talouden-suurin-uhka-vihreiden-ryhmapuhe-talousarvioon-2019","status":"publish","type":"post","link":"https:\/\/jennipitko.fi\/koti\/ilmastomuutos-on-oulun-talouden-suurin-uhka-vihreiden-ryhmapuhe-talousarvioon-2019\/","title":{"rendered":"Ilmastomuutos on Oulun talouden suurin uhka &#8211; Vihreiden ryhm\u00e4puhe talousarvioon 2019"},"content":{"rendered":"<p id=\"docs-internal-guid-08cfb02b-7fff-327e-f451-022eb7ae884b\" dir=\"ltr\">N\u00e4in 70-vuotta t\u00e4ytt\u00e4vien ihmisoikeuksien p\u00e4iv\u00e4n\u00e4 on hieno olla keskustelemassa Oulun kaupungin talousarviosta ja tulevan vuoden toiminnasta. Ihmisoikeuksien edist\u00e4misess\u00e4 on kaupungillamme merkitt\u00e4v\u00e4 rooli. Oululaislasten ja -nuorten vapaus el\u00e4\u00e4 el\u00e4m\u00e4\u00e4 omana itsen\u00e4\u00e4n, vammaisten ihmisten itsem\u00e4\u00e4r\u00e4\u00e4misoikeus, v\u00e4hemmist\u00f6jen syrjim\u00e4tt\u00f6myys ja mahdollisuus osallistumiseen my\u00f6s Suomen kielt\u00e4 vasta opetteleville ja oikeus ty\u00f6h\u00f6n ovat asioita joihin vuoden jokaisena p\u00e4iv\u00e4n\u00e4 kaupunki voi vaikuttaa.<\/p>\n<p>Kaupungin menestys ja palveluiden rahoittaminen perustuu voimakkaaseen v\u00e4est\u00f6nlis\u00e4ykseen jossa olemme Oulussa kohtuullisen hyvin onnistuneet t\u00e4h\u00e4n asti. T\u00e4n\u00e4 vuonna kasvu n\u00e4ytt\u00e4\u00e4 hiipuvan. Ensi vuoden budjettia nyt tehdess\u00e4mme p\u00e4\u00e4semmekin miettim\u00e4\u00e4n, millaiseen kaupunkiin oululaiset haluavat j\u00e4\u00e4d\u00e4 ja millaiseen kaupunkiin ihmiset haluavat muuttaa.<\/p>\n<p>Tilastoissa korostuu Oulun osalta nuorten naisten poismuutto. Poismuuttoa hillitsem\u00e4\u00e4n tarvitsemme kaupunkiin lis\u00e4\u00e4 vetovoimaa. Kulttuurip\u00e4\u00e4kaupunkihanke ei voisikaan tulla parempaan saumaan. Tarvitsemme pehmeit\u00e4 vetovoimatekij\u00f6it\u00e4 ja kiinnostavia kulmia kerrottavaksi kaupungistamme.<\/p>\n<p>Talouden reunaehdot ovat tiukat tulevalle suunnittelukaudelle. Korkea investointitaso ja tulojen hidas kehittyminen asettaa haasteita toiminnan kehitt\u00e4miselle. Vaatii tietoa ja suurta viisautta kohdentaa k\u00e4yt\u00f6ss\u00e4 olevat resurssit tuottamaan tasa-arvoista hyv\u00e4\u00e4 kaikille oululaisille.<!--more--><\/p>\n<p>Konsernivelkamme on muiden kaupunkien tasoon verrattuna kohtuullisen alhaisella tasolla mutta velkaantumisen tahti huolettaa. Tarvitsemme lis\u00e4\u00e4 verotuloja ja toivottavasti l\u00f6yd\u00e4mme tulevaisuudessa luovia keinoja tuottaa kohtuullisilla investoinneilla entist\u00e4 parempia palveluja kaupunkilaisille.<\/p>\n<p>Velkaantumista suurempi talouden ja toiminnan riski on ilmastonmuutos.<\/p>\n<p>Ilmastonmuutos etenee kovaa vauhtia ja uhkaa el\u00e4m\u00e4n edellytyksi\u00e4 maapallolla.<\/p>\n<p>Ilmastonmuutoksen torjunnan suhteen el\u00e4mme kriittisen t\u00e4rkeit\u00e4 aikoja. N\u00e4m\u00e4 ovat ehk\u00e4 viimeisi\u00e4 vuosia, jolloin p\u00e4\u00e4st\u00f6v\u00e4hennykset voidaan toteuttaa kohtuullisin kustannuksin. Me olemme ne p\u00e4\u00e4tt\u00e4j\u00e4t jotka voimme tehd\u00e4 p\u00e4\u00e4st\u00f6jen kehityksen suunnanmuutoksen ilman ett\u00e4 se merkitt\u00e4v\u00e4sti heikent\u00e4\u00e4 el\u00e4m\u00e4nlaatua. Me olemme ne p\u00e4\u00e4tt\u00e4j\u00e4t, joilta tulevat sukupolvet tulevat viel\u00e4 kysym\u00e4\u00e4n, mit\u00e4 Oulu teki kun kuulimme IPCC:n raportista syksyll\u00e4 2018, jolloin kukaan ei Suomessa en\u00e4\u00e4 voinut sanoa ett\u00e4 ei tiennyt.<\/p>\n<p>Strategiassa olemme ottaneet tavoitteeksi olla hiilineutraali vuonna 2040. Nyt tarvitsemme tiekartan t\u00e4h\u00e4n tavoitteeseen p\u00e4\u00e4semiseksi ja samalla meid\u00e4n on my\u00f6s varauduttava siihen, ett\u00e4 aikataulua on t\u00e4st\u00e4 kiristett\u00e4v\u00e4. Pariisissa sovittu maapallon keskil\u00e4mp\u00f6tilan nousun rajoittaminen 1,5 asteeseen ei tutkijoiden mukaan toteudu nykyisill\u00e4 valtioiden kesken sovituilla p\u00e4\u00e4st\u00f6v\u00e4hennyksill\u00e4.<\/p>\n<p>Oulun toimilla on v\u00e4li\u00e4. Ilmastopaneelin puheenjohtajan Markku Ollikaisen mukaan kaupungit ja kunnat p\u00e4\u00e4tt\u00e4v\u00e4t 80 % p\u00e4\u00e4st\u00f6ist\u00e4. Strategiat ja tavoitteet asetetaan kansallisesti ja kansainv\u00e4lisesti. P\u00e4\u00e4t\u00f6kset tehd\u00e4\u00e4n paikallisesti. Emme voi odottaa ett\u00e4 joku muu tekee muutokset puolestamme. On v\u00e4ltt\u00e4m\u00e4t\u00f6nt\u00e4 tehd\u00e4 toimenpiteit\u00e4 jo nyt, sill\u00e4 viivytteleminen johtaa siihen, ett\u00e4 my\u00f6hemmin pakon edess\u00e4 tehdyt muutokset voivat tulla hyvin kalliiksi.<\/p>\n<p>Meill\u00e4 on ty\u00f6kaluja ja osaamista. Kunta kaavoittaa ja m\u00e4\u00e4rittelee, miten kaupungissa rakennetaan. Rakennusvalvontamme tekee hyv\u00e4\u00e4 ty\u00f6t\u00e4 ennakoivassa ohjauksessa mutta omassa rakentamisessa kaupunki voi olla todellinen suunnann\u00e4ytt\u00e4j\u00e4. Toivottavasti n\u00e4emme tulevan vuonna omissa rakennusinvestoinneissamme yh\u00e4 enemm\u00e4n puumateriaaleja ja uusiutuvaa energiaa.<\/p>\n<p>Liikenteen p\u00e4\u00e4st\u00f6ihin voimme my\u00f6s vaikuttaa. Keskustassa ja l\u00e4hialueilla k\u00e4vely ja py\u00f6r\u00e4ily on asetettava selv\u00e4sti ensisijaiseksi tavaksi liikkua. Kaupungin keh\u00e4ll\u00e4 joukkoliikennett\u00e4 on parannettava.<\/p>\n<p>Vihre\u00e4 valtuustoryhm\u00e4 kannattaa joukkoliikenteen p\u00e4\u00e4st\u00f6jen v\u00e4hent\u00e4mist\u00e4 ja siirtymist\u00e4 kaupungin omassa liikenteess\u00e4 eneneviss\u00e4 m\u00e4\u00e4rin t\u00e4yss\u00e4hk\u00f6busseihin ja -autoihin. P\u00e4\u00e4t\u00f6s t\u00e4st\u00e4 voidaan tehd\u00e4 ymp\u00e4rist\u00f6ohjelmassa.<\/p>\n<p>Linnanmaan korkeakoulukampuksen kehittyminen on suurin kaupungin liikennevirtoja ja asumisen painopistett\u00e4 muuttava tekij\u00e4 aikoihin. Muutos on teht\u00e4v\u00e4 kest\u00e4v\u00e4sti. Mit\u00e4 aikaisemmin teemme p\u00e4\u00e4t\u00f6ksen ratikan rakentamisesta, sit\u00e4 enemm\u00e4n voimme ker\u00e4t\u00e4 maan arvonnousun voittoja sen rahoittamiseen ja rakentaa hyvin tiivist\u00e4 raidekaupunkia keskustan ja Linnanmaan v\u00e4lille.<\/p>\n<p>Mets\u00e4t ovat kautta aikojen olleet oleellisessa osassa yhteiskuntamme kehityksess\u00e4. Nyt ilmastokriisin uhatessa niiden t\u00e4rkein teht\u00e4v\u00e4 on sitoa hiilt\u00e4 ilmakeh\u00e4st\u00e4. Oulun kaupunki on suuri mets\u00e4nomistaja ja metsien omistamisen t\u00e4rkein tavoite onkin oltava hiilen sitominen ja luonnon monimuotoisuuden yll\u00e4pit\u00e4minen.<\/p>\n<p>Kaukol\u00e4mm\u00f6n p\u00e4\u00e4st\u00f6t ovat Oulussa korkeat. Turve k\u00f6yhdytt\u00e4\u00e4 luonnon monimuotoisuutta ja on hy\u00f6tysuhteelta kivihiilt\u00e4kin huonompi. Turpeen k\u00e4ytt\u00f6 tulee ajaa alas nopealla aikataululla.<\/p>\n<p>Oululla on vuosikymmenien ajan luotu vahva osaaminen ymp\u00e4rist\u00f6- ja teknologia-aloilla, joten kunnianhimoisilla ymp\u00e4rist\u00f6nsuojelua edist\u00e4vill\u00e4 tavoitteilla on mahdollisuus luoda merkitt\u00e4v\u00e4sti uusia cleantech-alan ty\u00f6paikkoja ja markkinoita ja t\u00e4ten vahvistaa talouttamme.<\/p>\n<p>Vihre\u00e4 valtuustoryhm\u00e4 iloitsee, ettei sivistykseen ja kulttuuriin aseteta suuria s\u00e4\u00e4st\u00f6paineita ensi vuodelle. Varhaiskasvatuksessa ja peruskoulussa luodaan pohja lasten ja nuorten tulevaisuudelle ja toisaalta my\u00f6s ammattitaitoisen ty\u00f6voiman saatavuudelle ja siten koko kaupunkiseudun kehittymiselle. Vihre\u00e4 valtuustoryhm\u00e4 on huolestunut koulupudokkaiden m\u00e4\u00e4r\u00e4n kasvusta toisella asteella ja luku- ja kirjoitustaidon heikkenemisest\u00e4 erityisesti peruskouluik\u00e4isten poikien keskuudessa. Tulevana vuonna tulee arvioida kriittisesti, ovat kokoulujemme taloudelliset resurssit oikealla tasolla ja pystymmek\u00f6 tuottamaan sellaiset koulupalvelut, ett\u00e4 my\u00f6s heikommat oppimisvalmiudet ja -taidot omaavat lapset ja nuoret saavat riitt\u00e4v\u00e4t ev\u00e4\u00e4t jatkokoulutukseen ja hyv\u00e4t valmiudet el\u00e4m\u00e4ss\u00e4 p\u00e4rj\u00e4\u00e4miseen.<\/p>\n<p>Varhaiskasvatuksessa kaupunginhallitus esitt\u00e4\u00e4 huomattavaa parannusta nykyiseen tilanteeseen. Ryhm\u00e4kokojen pienent\u00e4minen tulee helpottamaan p\u00e4iv\u00e4kotien arkea ja n\u00e4in ollen parantaa monen pienen lapsen hyv\u00e4n el\u00e4m\u00e4n edellytyksi\u00e4. Oululaisille perheille t\u00e4m\u00e4 on odotettu parannus ja ilouutinen. T\u00e4st\u00e4 kauaskatseisesta p\u00e4\u00e4t\u00f6ksest\u00e4 haluan valtuustoryhm\u00e4mme puolesta kiitt\u00e4\u00e4 neuvotteluissa mukana olleita, t\u00e4m\u00e4n t\u00e4rke\u00e4n parannuksen mahdollistaneita ryhmi\u00e4.<\/p>\n<p>Sote-palveluiden j\u00e4rjest\u00e4misen tulevista vastuista olemme el\u00e4neet nyt jo vuosia ep\u00e4tietoisuudessa. Hallituskausi l\u00e4henee loppua mutta vuosisadan suurimmaksi uudistukseksi luvatun sote-uudistuksen lakeja ei viel\u00e4k\u00e4\u00e4n ole s\u00e4\u00e4detty. Oulussa olemme kehitt\u00e4neet palveluitamme niin, ett\u00e4 uudistuksen kaatuessakin, pystymme tuottamaan sosiaali- ja terveyspalvelut laadukkaasti ja tehokkaasti kaupunkilaisillemme. T\u00e4m\u00e4 on ollut hyv\u00e4 linja jota tulee jatkaa.<\/p>\n<p>Suhtaudumme positiivisesti ulkopuoliseen selvitykseen kaupungin ja \u00a0sairaanhoitopiirin palveluiden syvemm\u00e4st\u00e4 integraatiosta. Erityisesti toivomme ratkaisuja l\u00f6ytyv\u00e4n yhteisty\u00f6st\u00e4 alkoholi- ja p\u00e4ihdepalveluiden resursointiin sek\u00e4 lasten lis\u00e4\u00e4ntyneen pahoinvoinnin syiden l\u00f6yt\u00e4miseksi ja kitkemiseksi.<\/p>\n<p>Hyvinvointipalveluissa niukat resurssit ja kasvavat kustannukset voivat vaikeuttaa panostamista ennaltaehk\u00e4isev\u00e4\u00e4n ty\u00f6h\u00f6n mutta toivomme ett\u00e4 palveluita kehitet\u00e4\u00e4n ensi vuoden aikana yh\u00e4 enemm\u00e4n ennaltaehk\u00e4iseviksi. On hienoa, ett\u00e4 Sivistys- ja kulttuuri- ja hyvinvointilautakunta ovat aloittaneet yhteisty\u00f6n lasten ja nuorten varhaisen tuen turvaamiseksi. Maksuttoman ehk\u00e4isyn tarjoaminen nuorille on hyv\u00e4 esimerkki toimintamallista joka s\u00e4\u00e4st\u00e4\u00e4 kustannuksissa mutta my\u00f6s tuo inhimillist\u00e4 s\u00e4\u00e4st\u00f6\u00e4 kun v\u00e4ltet\u00e4\u00e4n osa nuorten raskaudenkeskeytyksist\u00e4. Toivomme t\u00e4m\u00e4n esityksen menestymist\u00e4 valtuustossa. Liikuntaneuvonta ja -reseptit, perheiden helposti saatava tuki, asuntoneuvonta ja matalankynnuksen neuvonnat esimerkiksi mobiilisti rakentavat paremmin voivaa yhteiskuntaa verrattain pienin kustannuksin.<\/p>\n<p>Haluan my\u00f6s t\u00e4ss\u00e4 kohdassa muistuttaa, ett\u00e4 ik\u00e4ihmisten palveluissa on Oulussakin kehitt\u00e4misen varaa. Samalla kun haluamme siirt\u00e4\u00e4 ik\u00e4ihmisten asumisen painopistett\u00e4 kotona asumiseen, on tarjottava kattavia, laadukkaita ja helposti saatavia palveluja tukemaan kotona asumista. Yksin\u00e4isyyden kokemuksen v\u00e4hent\u00e4miseen tarvitsemme j\u00e4rjest\u00f6j\u00e4 ja kumppaneita ja kaupungin avustuksilla ja tuilla voimme yhdess\u00e4 edist\u00e4\u00e4 arvokkaan vanhuuden toteutumista kaikkien ik\u00e4\u00e4ntyneiden kuntalaisten kohdalla.<\/p>\n<p>Vihre\u00e4 valtuustoryhm\u00e4 on huolissaan hyvinvointipalveluiden henkil\u00f6st\u00f6n hyvinvoinnista ja lis\u00e4\u00e4ntyneist\u00e4 sairaspoissaoloista. Ty\u00f6rauhan s\u00e4ilyminen uudistusten keskell\u00e4 on turvattava.<\/p>\n<p>Budjetissa luodaan raamit my\u00f6s turvallisuuden tunteelle. Valtuuston teht\u00e4v\u00e4 on luoda puitteet turvalliselle el\u00e4m\u00e4lle kaikille oululaisille. Turvalliset ulkotilat, riitt\u00e4v\u00e4 valvonta, yhteis\u00f6st\u00e4 nouseva huolenpito ovat asioita joilla kaupunki voi edist\u00e4\u00e4 turvallisuutta. Sosiaalipalveluiden resursointi ja nuorisoty\u00f6n oikea-aikaisuus voi tuottaa ennaltaehk\u00e4isev\u00e4\u00e4 taustatietoa. Ulkona liikkumisen on oltava aina turvallista ja kannatettavaa, my\u00f6s nuorille naisille ja tyt\u00f6ille niin p\u00e4iv\u00e4ll\u00e4 kuin y\u00f6ll\u00e4. T\u00e4ss\u00e4 emme voi joustaa.<\/p>\n<p>Haluan lopuksi kiitt\u00e4\u00e4 virkamiehi\u00e4 budjetin valmistelusta ja ilahduttavan nopeasta tiedon tuottamisesta neuvottelujen edetess\u00e4 sek\u00e4 kiitt\u00e4\u00e4 valtuustoryhmi\u00e4 hyv\u00e4st\u00e4 yhteisty\u00f6st\u00e4.<\/p>\n","protected":false},"excerpt":{"rendered":"<p>N\u00e4in 70-vuotta t\u00e4ytt\u00e4vien ihmisoikeuksien p\u00e4iv\u00e4n\u00e4 on hieno olla keskustelemassa Oulun kaupungin talousarviosta ja tulevan vuoden toiminnasta. Ihmisoikeuksien edist\u00e4misess\u00e4 on kaupungillamme [&hellip;]<\/p>\n","protected":false},"author":1,"featured_media":0,"comment_status":"closed","ping_status":"closed","sticky":false,"template":"","format":"standard","meta":{"_monsterinsights_skip_tracking":false,"_monsterinsights_sitenote_active":false,"_monsterinsights_sitenote_note":"","_monsterinsights_sitenote_category":0,"site-sidebar-layout":"default","site-content-layout":"","ast-site-content-layout":"default","site-content-style":"default","site-sidebar-style":"default","ast-global-header-display":"","ast-banner-title-visibility":"","ast-main-header-display":"","ast-hfb-above-header-display":"","ast-hfb-below-header-display":"","ast-hfb-mobile-header-display":"","site-post-title":"","ast-breadcrumbs-content":"","ast-featured-img":"","footer-sml-layout":"","ast-disable-related-posts":"","theme-transparent-header-meta":"","adv-header-id-meta":"","stick-header-meta":"","header-above-stick-meta":"","header-main-stick-meta":"","header-below-stick-meta":"","astra-migrate-meta-layouts":"default","ast-page-background-enabled":"default","ast-page-background-meta":{"desktop":{"background-color":"var(--ast-global-color-5)","background-image":"","background-repeat":"repeat","background-position":"center center","background-size":"auto","background-attachment":"scroll","background-type":"","background-media":"","overlay-type":"","overlay-color":"","overlay-opacity":"","overlay-gradient":""},"tablet":{"background-color":"","background-image":"","background-repeat":"repeat","background-position":"center center","background-size":"auto","background-attachment":"scroll","background-type":"","background-media":"","overlay-type":"","overlay-color":"","overlay-opacity":"","overlay-gradient":""},"mobile":{"background-color":"","background-image":"","background-repeat":"repeat","background-position":"center center","background-size":"auto","background-attachment":"scroll","background-type":"","background-media":"","overlay-type":"","overlay-color":"","overlay-opacity":"","overlay-gradient":""}},"ast-content-background-meta":{"desktop":{"background-color":"var(--ast-global-color-4)","background-image":"","background-repeat":"repeat","background-position":"center center","background-size":"auto","background-attachment":"scroll","background-type":"","background-media":"","overlay-type":"","overlay-color":"","overlay-opacity":"","overlay-gradient":""},"tablet":{"background-color":"var(--ast-global-color-4)","background-image":"","background-repeat":"repeat","background-position":"center center","background-size":"auto","background-attachment":"scroll","background-type":"","background-media":"","overlay-type":"","overlay-color":"","overlay-opacity":"","overlay-gradient":""},"mobile":{"background-color":"var(--ast-global-color-4)","background-image":"","background-repeat":"repeat","background-position":"center center","background-size":"auto","background-attachment":"scroll","background-type":"","background-media":"","overlay-type":"","overlay-color":"","overlay-opacity":"","overlay-gradient":""}},"footnotes":""},"categories":[126,1],"tags":[84,132,93,154,209,9,99,36,268],"class_list":["post-1790","post","type-post","status-publish","format-standard","hentry","category-puheeni-valtuustossa","category-uncategorized","tag-budjetti","tag-hyvinvointi","tag-ilmasto","tag-ilmastonmuutos","tag-maankaytto","tag-oulu","tag-paastot","tag-palvelut","tag-sivistys-ja-kulttuuri"],"yoast_head":"<!-- This site is optimized with the Yoast SEO plugin v27.5 - https:\/\/yoast.com\/product\/yoast-seo-wordpress\/ -->\n<title>Ilmastomuutos on Oulun talouden suurin uhka - Vihreiden ryhm\u00e4puhe talousarvioon 2019 - Jenni Pitko - Vihreiden varapuheenjohtaja, ymp\u00e4rist\u00f6valiokunnan puheenjohtaja, kansanedustaja ja arkkitehti Oulusta<\/title>\n<meta name=\"robots\" content=\"index, follow, max-snippet:-1, max-image-preview:large, max-video-preview:-1\" \/>\n<link rel=\"canonical\" href=\"https:\/\/jennipitko.fi\/koti\/ilmastomuutos-on-oulun-talouden-suurin-uhka-vihreiden-ryhmapuhe-talousarvioon-2019\/\" \/>\n<meta property=\"og:locale\" content=\"fi_FI\" \/>\n<meta property=\"og:type\" content=\"article\" \/>\n<meta property=\"og:title\" content=\"Ilmastomuutos on Oulun talouden suurin uhka - Vihreiden ryhm\u00e4puhe talousarvioon 2019 - Jenni Pitko - Vihreiden varapuheenjohtaja, ymp\u00e4rist\u00f6valiokunnan puheenjohtaja, kansanedustaja ja arkkitehti Oulusta\" \/>\n<meta property=\"og:description\" content=\"N\u00e4in 70-vuotta t\u00e4ytt\u00e4vien ihmisoikeuksien p\u00e4iv\u00e4n\u00e4 on hieno olla keskustelemassa Oulun kaupungin talousarviosta ja tulevan vuoden toiminnasta. Ihmisoikeuksien edist\u00e4misess\u00e4 on kaupungillamme [&hellip;]\" \/>\n<meta property=\"og:url\" content=\"https:\/\/jennipitko.fi\/koti\/ilmastomuutos-on-oulun-talouden-suurin-uhka-vihreiden-ryhmapuhe-talousarvioon-2019\/\" \/>\n<meta property=\"og:site_name\" content=\"Jenni Pitko - Vihreiden varapuheenjohtaja, ymp\u00e4rist\u00f6valiokunnan puheenjohtaja, kansanedustaja ja arkkitehti Oulusta\" \/>\n<meta property=\"article:published_time\" content=\"2018-12-10T16:11:57+00:00\" \/>\n<meta property=\"article:modified_time\" content=\"2018-12-11T07:55:15+00:00\" \/>\n<meta name=\"author\" content=\"Jenni\" \/>\n<meta name=\"twitter:card\" content=\"summary_large_image\" \/>\n<meta name=\"twitter:label1\" content=\"Kirjoittanut\" \/>\n\t<meta name=\"twitter:data1\" content=\"Jenni\" \/>\n\t<meta name=\"twitter:label2\" content=\"Arvioitu lukuaika\" \/>\n\t<meta name=\"twitter:data2\" content=\"6 minuuttia\" \/>\n<script type=\"application\/ld+json\" class=\"yoast-schema-graph\">{\"@context\":\"https:\\\/\\\/schema.org\",\"@graph\":[{\"@type\":\"Article\",\"@id\":\"https:\\\/\\\/jennipitko.fi\\\/koti\\\/ilmastomuutos-on-oulun-talouden-suurin-uhka-vihreiden-ryhmapuhe-talousarvioon-2019\\\/#article\",\"isPartOf\":{\"@id\":\"https:\\\/\\\/jennipitko.fi\\\/koti\\\/ilmastomuutos-on-oulun-talouden-suurin-uhka-vihreiden-ryhmapuhe-talousarvioon-2019\\\/\"},\"author\":{\"name\":\"Jenni\",\"@id\":\"https:\\\/\\\/jennipitko.fi\\\/koti\\\/#\\\/schema\\\/person\\\/35955c467f851f10124809310e7e7ee8\"},\"headline\":\"Ilmastomuutos on Oulun talouden suurin uhka &#8211; Vihreiden ryhm\u00e4puhe talousarvioon 2019\",\"datePublished\":\"2018-12-10T16:11:57+00:00\",\"dateModified\":\"2018-12-11T07:55:15+00:00\",\"mainEntityOfPage\":{\"@id\":\"https:\\\/\\\/jennipitko.fi\\\/koti\\\/ilmastomuutos-on-oulun-talouden-suurin-uhka-vihreiden-ryhmapuhe-talousarvioon-2019\\\/\"},\"wordCount\":1260,\"publisher\":{\"@id\":\"https:\\\/\\\/jennipitko.fi\\\/koti\\\/#organization\"},\"keywords\":[\"budjetti\",\"hyvinvointi\",\"ilmasto\",\"ilmastonmuutos\",\"maank\u00e4ytt\u00f6\",\"oulu\",\"p\u00e4\u00e4st\u00f6t\",\"palvelut\",\"sivistys- ja kulttuuri\"],\"articleSection\":[\"Puheeni valtuustossa\",\"Uncategorized\"],\"inLanguage\":\"fi\"},{\"@type\":\"WebPage\",\"@id\":\"https:\\\/\\\/jennipitko.fi\\\/koti\\\/ilmastomuutos-on-oulun-talouden-suurin-uhka-vihreiden-ryhmapuhe-talousarvioon-2019\\\/\",\"url\":\"https:\\\/\\\/jennipitko.fi\\\/koti\\\/ilmastomuutos-on-oulun-talouden-suurin-uhka-vihreiden-ryhmapuhe-talousarvioon-2019\\\/\",\"name\":\"Ilmastomuutos on Oulun talouden suurin uhka - Vihreiden ryhm\u00e4puhe talousarvioon 2019 - Jenni Pitko - Vihreiden varapuheenjohtaja, ymp\u00e4rist\u00f6valiokunnan puheenjohtaja, kansanedustaja ja arkkitehti Oulusta\",\"isPartOf\":{\"@id\":\"https:\\\/\\\/jennipitko.fi\\\/koti\\\/#website\"},\"datePublished\":\"2018-12-10T16:11:57+00:00\",\"dateModified\":\"2018-12-11T07:55:15+00:00\",\"breadcrumb\":{\"@id\":\"https:\\\/\\\/jennipitko.fi\\\/koti\\\/ilmastomuutos-on-oulun-talouden-suurin-uhka-vihreiden-ryhmapuhe-talousarvioon-2019\\\/#breadcrumb\"},\"inLanguage\":\"fi\",\"potentialAction\":[{\"@type\":\"ReadAction\",\"target\":[\"https:\\\/\\\/jennipitko.fi\\\/koti\\\/ilmastomuutos-on-oulun-talouden-suurin-uhka-vihreiden-ryhmapuhe-talousarvioon-2019\\\/\"]}]},{\"@type\":\"BreadcrumbList\",\"@id\":\"https:\\\/\\\/jennipitko.fi\\\/koti\\\/ilmastomuutos-on-oulun-talouden-suurin-uhka-vihreiden-ryhmapuhe-talousarvioon-2019\\\/#breadcrumb\",\"itemListElement\":[{\"@type\":\"ListItem\",\"position\":1,\"name\":\"Home\",\"item\":\"https:\\\/\\\/jennipitko.fi\\\/koti\\\/\"},{\"@type\":\"ListItem\",\"position\":2,\"name\":\"Ilmastomuutos on Oulun talouden suurin uhka &#8211; Vihreiden ryhm\u00e4puhe talousarvioon 2019\"}]},{\"@type\":\"WebSite\",\"@id\":\"https:\\\/\\\/jennipitko.fi\\\/koti\\\/#website\",\"url\":\"https:\\\/\\\/jennipitko.fi\\\/koti\\\/\",\"name\":\"Jenni Pitko - Vihreiden varapuheenjohtaja, ymp\u00e4rist\u00f6valiokunnan puheenjohtaja, kansanedustaja ja arkkitehti Oulusta\",\"description\":\"Jenni Pitko - Vihreiden varapuheenjohtaja, ymp\u00e4rist\u00f6valiokunnan puheenjohtaja, kansanedustaja ja arkkitehti Oulusta\",\"publisher\":{\"@id\":\"https:\\\/\\\/jennipitko.fi\\\/koti\\\/#organization\"},\"potentialAction\":[{\"@type\":\"SearchAction\",\"target\":{\"@type\":\"EntryPoint\",\"urlTemplate\":\"https:\\\/\\\/jennipitko.fi\\\/koti\\\/?s={search_term_string}\"},\"query-input\":{\"@type\":\"PropertyValueSpecification\",\"valueRequired\":true,\"valueName\":\"search_term_string\"}}],\"inLanguage\":\"fi\"},{\"@type\":\"Organization\",\"@id\":\"https:\\\/\\\/jennipitko.fi\\\/koti\\\/#organization\",\"name\":\"Jenni Pitko - Vihreiden varapuheenjohtaja, ymp\u00e4rist\u00f6valiokunnan puheenjohtaja, kansanedustaja ja arkkitehti Oulusta\",\"url\":\"https:\\\/\\\/jennipitko.fi\\\/koti\\\/\",\"logo\":{\"@type\":\"ImageObject\",\"inLanguage\":\"fi\",\"@id\":\"https:\\\/\\\/jennipitko.fi\\\/koti\\\/#\\\/schema\\\/logo\\\/image\\\/\",\"url\":\"https:\\\/\\\/jennipitko.fi\\\/koti\\\/wp-content\\\/uploads\\\/2025\\\/09\\\/Nimeton-malli-38.png\",\"contentUrl\":\"https:\\\/\\\/jennipitko.fi\\\/koti\\\/wp-content\\\/uploads\\\/2025\\\/09\\\/Nimeton-malli-38.png\",\"width\":1280,\"height\":847,\"caption\":\"Jenni Pitko - Vihreiden varapuheenjohtaja, ymp\u00e4rist\u00f6valiokunnan puheenjohtaja, kansanedustaja ja arkkitehti Oulusta\"},\"image\":{\"@id\":\"https:\\\/\\\/jennipitko.fi\\\/koti\\\/#\\\/schema\\\/logo\\\/image\\\/\"}},{\"@type\":\"Person\",\"@id\":\"https:\\\/\\\/jennipitko.fi\\\/koti\\\/#\\\/schema\\\/person\\\/35955c467f851f10124809310e7e7ee8\",\"name\":\"Jenni\",\"image\":{\"@type\":\"ImageObject\",\"inLanguage\":\"fi\",\"@id\":\"https:\\\/\\\/secure.gravatar.com\\\/avatar\\\/625a0e6413b293da7739d42617828d564a4d6028aec3f45d8939a2ba1617199f?s=96&d=blank&r=g\",\"url\":\"https:\\\/\\\/secure.gravatar.com\\\/avatar\\\/625a0e6413b293da7739d42617828d564a4d6028aec3f45d8939a2ba1617199f?s=96&d=blank&r=g\",\"contentUrl\":\"https:\\\/\\\/secure.gravatar.com\\\/avatar\\\/625a0e6413b293da7739d42617828d564a4d6028aec3f45d8939a2ba1617199f?s=96&d=blank&r=g\",\"caption\":\"Jenni\"},\"url\":\"https:\\\/\\\/jennipitko.fi\\\/koti\\\/author\\\/jenni\\\/\"}]}<\/script>\n<!-- \/ Yoast SEO plugin. -->","yoast_head_json":{"title":"Ilmastomuutos on Oulun talouden suurin uhka - Vihreiden ryhm\u00e4puhe talousarvioon 2019 - Jenni Pitko - Vihreiden varapuheenjohtaja, ymp\u00e4rist\u00f6valiokunnan puheenjohtaja, kansanedustaja ja arkkitehti Oulusta","robots":{"index":"index","follow":"follow","max-snippet":"max-snippet:-1","max-image-preview":"max-image-preview:large","max-video-preview":"max-video-preview:-1"},"canonical":"https:\/\/jennipitko.fi\/koti\/ilmastomuutos-on-oulun-talouden-suurin-uhka-vihreiden-ryhmapuhe-talousarvioon-2019\/","og_locale":"fi_FI","og_type":"article","og_title":"Ilmastomuutos on Oulun talouden suurin uhka - Vihreiden ryhm\u00e4puhe talousarvioon 2019 - Jenni Pitko - Vihreiden varapuheenjohtaja, ymp\u00e4rist\u00f6valiokunnan puheenjohtaja, kansanedustaja ja arkkitehti Oulusta","og_description":"N\u00e4in 70-vuotta t\u00e4ytt\u00e4vien ihmisoikeuksien p\u00e4iv\u00e4n\u00e4 on hieno olla keskustelemassa Oulun kaupungin talousarviosta ja tulevan vuoden toiminnasta. Ihmisoikeuksien edist\u00e4misess\u00e4 on kaupungillamme [&hellip;]","og_url":"https:\/\/jennipitko.fi\/koti\/ilmastomuutos-on-oulun-talouden-suurin-uhka-vihreiden-ryhmapuhe-talousarvioon-2019\/","og_site_name":"Jenni Pitko - Vihreiden varapuheenjohtaja, ymp\u00e4rist\u00f6valiokunnan puheenjohtaja, kansanedustaja ja arkkitehti Oulusta","article_published_time":"2018-12-10T16:11:57+00:00","article_modified_time":"2018-12-11T07:55:15+00:00","author":"Jenni","twitter_card":"summary_large_image","twitter_misc":{"Kirjoittanut":"Jenni","Arvioitu lukuaika":"6 minuuttia"},"schema":{"@context":"https:\/\/schema.org","@graph":[{"@type":"Article","@id":"https:\/\/jennipitko.fi\/koti\/ilmastomuutos-on-oulun-talouden-suurin-uhka-vihreiden-ryhmapuhe-talousarvioon-2019\/#article","isPartOf":{"@id":"https:\/\/jennipitko.fi\/koti\/ilmastomuutos-on-oulun-talouden-suurin-uhka-vihreiden-ryhmapuhe-talousarvioon-2019\/"},"author":{"name":"Jenni","@id":"https:\/\/jennipitko.fi\/koti\/#\/schema\/person\/35955c467f851f10124809310e7e7ee8"},"headline":"Ilmastomuutos on Oulun talouden suurin uhka &#8211; Vihreiden ryhm\u00e4puhe talousarvioon 2019","datePublished":"2018-12-10T16:11:57+00:00","dateModified":"2018-12-11T07:55:15+00:00","mainEntityOfPage":{"@id":"https:\/\/jennipitko.fi\/koti\/ilmastomuutos-on-oulun-talouden-suurin-uhka-vihreiden-ryhmapuhe-talousarvioon-2019\/"},"wordCount":1260,"publisher":{"@id":"https:\/\/jennipitko.fi\/koti\/#organization"},"keywords":["budjetti","hyvinvointi","ilmasto","ilmastonmuutos","maank\u00e4ytt\u00f6","oulu","p\u00e4\u00e4st\u00f6t","palvelut","sivistys- ja kulttuuri"],"articleSection":["Puheeni valtuustossa","Uncategorized"],"inLanguage":"fi"},{"@type":"WebPage","@id":"https:\/\/jennipitko.fi\/koti\/ilmastomuutos-on-oulun-talouden-suurin-uhka-vihreiden-ryhmapuhe-talousarvioon-2019\/","url":"https:\/\/jennipitko.fi\/koti\/ilmastomuutos-on-oulun-talouden-suurin-uhka-vihreiden-ryhmapuhe-talousarvioon-2019\/","name":"Ilmastomuutos on Oulun talouden suurin uhka - Vihreiden ryhm\u00e4puhe talousarvioon 2019 - Jenni Pitko - Vihreiden varapuheenjohtaja, ymp\u00e4rist\u00f6valiokunnan puheenjohtaja, kansanedustaja ja arkkitehti Oulusta","isPartOf":{"@id":"https:\/\/jennipitko.fi\/koti\/#website"},"datePublished":"2018-12-10T16:11:57+00:00","dateModified":"2018-12-11T07:55:15+00:00","breadcrumb":{"@id":"https:\/\/jennipitko.fi\/koti\/ilmastomuutos-on-oulun-talouden-suurin-uhka-vihreiden-ryhmapuhe-talousarvioon-2019\/#breadcrumb"},"inLanguage":"fi","potentialAction":[{"@type":"ReadAction","target":["https:\/\/jennipitko.fi\/koti\/ilmastomuutos-on-oulun-talouden-suurin-uhka-vihreiden-ryhmapuhe-talousarvioon-2019\/"]}]},{"@type":"BreadcrumbList","@id":"https:\/\/jennipitko.fi\/koti\/ilmastomuutos-on-oulun-talouden-suurin-uhka-vihreiden-ryhmapuhe-talousarvioon-2019\/#breadcrumb","itemListElement":[{"@type":"ListItem","position":1,"name":"Home","item":"https:\/\/jennipitko.fi\/koti\/"},{"@type":"ListItem","position":2,"name":"Ilmastomuutos on Oulun talouden suurin uhka &#8211; Vihreiden ryhm\u00e4puhe talousarvioon 2019"}]},{"@type":"WebSite","@id":"https:\/\/jennipitko.fi\/koti\/#website","url":"https:\/\/jennipitko.fi\/koti\/","name":"Jenni Pitko - Vihreiden varapuheenjohtaja, ymp\u00e4rist\u00f6valiokunnan puheenjohtaja, kansanedustaja ja arkkitehti Oulusta","description":"Jenni Pitko - Vihreiden varapuheenjohtaja, ymp\u00e4rist\u00f6valiokunnan puheenjohtaja, kansanedustaja ja arkkitehti Oulusta","publisher":{"@id":"https:\/\/jennipitko.fi\/koti\/#organization"},"potentialAction":[{"@type":"SearchAction","target":{"@type":"EntryPoint","urlTemplate":"https:\/\/jennipitko.fi\/koti\/?s={search_term_string}"},"query-input":{"@type":"PropertyValueSpecification","valueRequired":true,"valueName":"search_term_string"}}],"inLanguage":"fi"},{"@type":"Organization","@id":"https:\/\/jennipitko.fi\/koti\/#organization","name":"Jenni Pitko - Vihreiden varapuheenjohtaja, ymp\u00e4rist\u00f6valiokunnan puheenjohtaja, kansanedustaja ja arkkitehti Oulusta","url":"https:\/\/jennipitko.fi\/koti\/","logo":{"@type":"ImageObject","inLanguage":"fi","@id":"https:\/\/jennipitko.fi\/koti\/#\/schema\/logo\/image\/","url":"https:\/\/jennipitko.fi\/koti\/wp-content\/uploads\/2025\/09\/Nimeton-malli-38.png","contentUrl":"https:\/\/jennipitko.fi\/koti\/wp-content\/uploads\/2025\/09\/Nimeton-malli-38.png","width":1280,"height":847,"caption":"Jenni Pitko - Vihreiden varapuheenjohtaja, ymp\u00e4rist\u00f6valiokunnan puheenjohtaja, kansanedustaja ja arkkitehti Oulusta"},"image":{"@id":"https:\/\/jennipitko.fi\/koti\/#\/schema\/logo\/image\/"}},{"@type":"Person","@id":"https:\/\/jennipitko.fi\/koti\/#\/schema\/person\/35955c467f851f10124809310e7e7ee8","name":"Jenni","image":{"@type":"ImageObject","inLanguage":"fi","@id":"https:\/\/secure.gravatar.com\/avatar\/625a0e6413b293da7739d42617828d564a4d6028aec3f45d8939a2ba1617199f?s=96&d=blank&r=g","url":"https:\/\/secure.gravatar.com\/avatar\/625a0e6413b293da7739d42617828d564a4d6028aec3f45d8939a2ba1617199f?s=96&d=blank&r=g","contentUrl":"https:\/\/secure.gravatar.com\/avatar\/625a0e6413b293da7739d42617828d564a4d6028aec3f45d8939a2ba1617199f?s=96&d=blank&r=g","caption":"Jenni"},"url":"https:\/\/jennipitko.fi\/koti\/author\/jenni\/"}]}},"_links":{"self":[{"href":"https:\/\/jennipitko.fi\/koti\/wp-json\/wp\/v2\/posts\/1790","targetHints":{"allow":["GET"]}}],"collection":[{"href":"https:\/\/jennipitko.fi\/koti\/wp-json\/wp\/v2\/posts"}],"about":[{"href":"https:\/\/jennipitko.fi\/koti\/wp-json\/wp\/v2\/types\/post"}],"author":[{"embeddable":true,"href":"https:\/\/jennipitko.fi\/koti\/wp-json\/wp\/v2\/users\/1"}],"replies":[{"embeddable":true,"href":"https:\/\/jennipitko.fi\/koti\/wp-json\/wp\/v2\/comments?post=1790"}],"version-history":[{"count":1,"href":"https:\/\/jennipitko.fi\/koti\/wp-json\/wp\/v2\/posts\/1790\/revisions"}],"predecessor-version":[{"id":1797,"href":"https:\/\/jennipitko.fi\/koti\/wp-json\/wp\/v2\/posts\/1790\/revisions\/1797"}],"wp:attachment":[{"href":"https:\/\/jennipitko.fi\/koti\/wp-json\/wp\/v2\/media?parent=1790"}],"wp:term":[{"taxonomy":"category","embeddable":true,"href":"https:\/\/jennipitko.fi\/koti\/wp-json\/wp\/v2\/categories?post=1790"},{"taxonomy":"post_tag","embeddable":true,"href":"https:\/\/jennipitko.fi\/koti\/wp-json\/wp\/v2\/tags?post=1790"}],"curies":[{"name":"wp","href":"https:\/\/api.w.org\/{rel}","templated":true}]}}