{"id":1800,"date":"2018-12-18T09:41:10","date_gmt":"2018-12-18T07:41:10","guid":{"rendered":"http:\/\/jennipitko.fi\/koti\/?p=1800"},"modified":"2018-12-18T09:41:16","modified_gmt":"2018-12-18T07:41:16","slug":"valtuustoaloite-turvallisia-tiloja-ja-tekemista-joulun-pyhiksi","status":"publish","type":"post","link":"https:\/\/jennipitko.fi\/koti\/valtuustoaloite-turvallisia-tiloja-ja-tekemista-joulun-pyhiksi\/","title":{"rendered":"Valtuustoaloite: Turvallisia tiloja ja tekemist\u00e4 joulun pyhiksi"},"content":{"rendered":"\n<p>Joulu ei ole kaikissa perheiss\u00e4 onnellinen juhla. Moni ihminen kokee jouluna yksin\u00e4isyytt\u00e4 ja monessa perheess\u00e4 alkoholi ja p\u00e4ihteet viev\u00e4t joulun ilon. K\u00f6yhyydess\u00e4el\u00e4viss\u00e4 perheiss\u00e4 ei v\u00e4ltt\u00e4m\u00e4tt\u00e4 ole mahdollista j\u00e4rjest\u00e4\u00e4 lapsille tekemist\u00e4 pitk\u00e4n pyh\u00e4jakson aikana. Kaupungissamme on my\u00f6s perheit\u00e4 joissa ei joulua vietet\u00e4 lainkaan.<br><br>Suomessa on yli 60 000 lasta, joiden vanhemmista ainakin toisella on todettu p\u00e4ihdeongelma. Vakavat p\u00e4ihdeongelmat n\u00e4kyv\u00e4t lasten ja nuorten el\u00e4m\u00e4ss\u00e4 turvattomuutena,pelkoina, sek\u00e4 riitoina ja n\u00e4m\u00e4 korostuvat pyh\u00e4aikoina. Kun julkiset vapaa-ajan palvelut ja -tilat ovat joulun aikaa; useita p\u00e4ivi\u00e4 kiinni, ei n\u00e4ill\u00e4 lapsilla ole v\u00e4ltt\u00e4m\u00e4tt\u00e4 tilaa, johon hetkeksi paeta ja jossa turvallisesti viett\u00e4\u00e4 aikaa. <br><br>Vihre\u00e4 valtuustoryhm\u00e4 esitt\u00e4\u00e4, ett\u00e4 osa kaupungin vapaa-ajan palveluista ja -tiloista olisi auki my\u00f6s joulun pyhin\u00e4 ja ett\u00e4 joukkoliikenne liikenn\u00f6isi v\u00e4hint\u00e4\u00e4nsunnuntaiaikataulujen mukaisesti.<br><br>Tampereella Sampolan kirjasto on ollut viime vuosina auki jouluaattona ja kokemukset ovat osoittaneet, ett\u00e4 kirjaston palveluilla on kysynt\u00e4\u00e4 my\u00f6s juhlapyhin\u00e4.Sampolassa on k\u00e4ynyt jouluaattoina 400-500 k\u00e4vij\u00e4\u00e4, ja aukiolo on ker\u00e4nnyt paljon kiitosta.<br><br>Ehdotamme, ett\u00e4 ensi vuonna p\u00e4\u00e4kirjastossa j\u00e4rjestet\u00e4\u00e4n ajanvietett\u00e4 ja mukaan kutsutaan my\u00f6s j\u00e4rjest\u00f6j\u00e4. Muissa kirjastoissa olisi v\u00e4hint\u00e4\u00e4n itsepalvelukirjasto auki. <br><br>Vihre\u00e4n valtuustoryhm\u00e4n puolesta<br>Jenni Pitko<\/p>\n","protected":false},"excerpt":{"rendered":"<p>Joulu ei ole kaikissa perheiss\u00e4 onnellinen juhla. Moni ihminen kokee jouluna yksin\u00e4isyytt\u00e4 ja monessa perheess\u00e4 alkoholi ja p\u00e4ihteet viev\u00e4t joulun [&hellip;]<\/p>\n","protected":false},"author":1,"featured_media":0,"comment_status":"closed","ping_status":"closed","sticky":false,"template":"","format":"standard","meta":{"_monsterinsights_skip_tracking":false,"_monsterinsights_sitenote_active":false,"_monsterinsights_sitenote_note":"","_monsterinsights_sitenote_category":0,"site-sidebar-layout":"default","site-content-layout":"","ast-site-content-layout":"default","site-content-style":"default","site-sidebar-style":"default","ast-global-header-display":"","ast-banner-title-visibility":"","ast-main-header-display":"","ast-hfb-above-header-display":"","ast-hfb-below-header-display":"","ast-hfb-mobile-header-display":"","site-post-title":"","ast-breadcrumbs-content":"","ast-featured-img":"","footer-sml-layout":"","ast-disable-related-posts":"","theme-transparent-header-meta":"","adv-header-id-meta":"","stick-header-meta":"","header-above-stick-meta":"","header-main-stick-meta":"","header-below-stick-meta":"","astra-migrate-meta-layouts":"default","ast-page-background-enabled":"default","ast-page-background-meta":{"desktop":{"background-color":"var(--ast-global-color-5)","background-image":"","background-repeat":"repeat","background-position":"center center","background-size":"auto","background-attachment":"scroll","background-type":"","background-media":"","overlay-type":"","overlay-color":"","overlay-opacity":"","overlay-gradient":""},"tablet":{"background-color":"","background-image":"","background-repeat":"repeat","background-position":"center center","background-size":"auto","background-attachment":"scroll","background-type":"","background-media":"","overlay-type":"","overlay-color":"","overlay-opacity":"","overlay-gradient":""},"mobile":{"background-color":"","background-image":"","background-repeat":"repeat","background-position":"center center","background-size":"auto","background-attachment":"scroll","background-type":"","background-media":"","overlay-type":"","overlay-color":"","overlay-opacity":"","overlay-gradient":""}},"ast-content-background-meta":{"desktop":{"background-color":"var(--ast-global-color-4)","background-image":"","background-repeat":"repeat","background-position":"center center","background-size":"auto","background-attachment":"scroll","background-type":"","background-media":"","overlay-type":"","overlay-color":"","overlay-opacity":"","overlay-gradient":""},"tablet":{"background-color":"var(--ast-global-color-4)","background-image":"","background-repeat":"repeat","background-position":"center center","background-size":"auto","background-attachment":"scroll","background-type":"","background-media":"","overlay-type":"","overlay-color":"","overlay-opacity":"","overlay-gradient":""},"mobile":{"background-color":"var(--ast-global-color-4)","background-image":"","background-repeat":"repeat","background-position":"center center","background-size":"auto","background-attachment":"scroll","background-type":"","background-media":"","overlay-type":"","overlay-color":"","overlay-opacity":"","overlay-gradient":""}},"footnotes":""},"categories":[125],"tags":[7,269,270,259],"class_list":["post-1800","post","type-post","status-publish","format-standard","hentry","category-valtuustoaloitteet","tag-joukkoliikenne","tag-joulu","tag-kirjasto","tag-perheet"],"yoast_head":"<!-- This site is optimized with the Yoast SEO plugin v27.5 - https:\/\/yoast.com\/product\/yoast-seo-wordpress\/ -->\n<title>Valtuustoaloite: Turvallisia tiloja ja tekemist\u00e4 joulun pyhiksi - Jenni Pitko - Vihreiden varapuheenjohtaja, ymp\u00e4rist\u00f6valiokunnan puheenjohtaja, kansanedustaja ja arkkitehti Oulusta<\/title>\n<meta name=\"robots\" content=\"index, follow, max-snippet:-1, max-image-preview:large, max-video-preview:-1\" \/>\n<link rel=\"canonical\" href=\"https:\/\/jennipitko.fi\/koti\/valtuustoaloite-turvallisia-tiloja-ja-tekemista-joulun-pyhiksi\/\" \/>\n<meta property=\"og:locale\" content=\"fi_FI\" \/>\n<meta property=\"og:type\" content=\"article\" \/>\n<meta property=\"og:title\" content=\"Valtuustoaloite: Turvallisia tiloja ja tekemist\u00e4 joulun pyhiksi - Jenni Pitko - Vihreiden varapuheenjohtaja, ymp\u00e4rist\u00f6valiokunnan puheenjohtaja, kansanedustaja ja arkkitehti Oulusta\" \/>\n<meta property=\"og:description\" content=\"Joulu ei ole kaikissa perheiss\u00e4 onnellinen juhla. Moni ihminen kokee jouluna yksin\u00e4isyytt\u00e4 ja monessa perheess\u00e4 alkoholi ja p\u00e4ihteet viev\u00e4t joulun [&hellip;]\" \/>\n<meta property=\"og:url\" content=\"https:\/\/jennipitko.fi\/koti\/valtuustoaloite-turvallisia-tiloja-ja-tekemista-joulun-pyhiksi\/\" \/>\n<meta property=\"og:site_name\" content=\"Jenni Pitko - Vihreiden varapuheenjohtaja, ymp\u00e4rist\u00f6valiokunnan puheenjohtaja, kansanedustaja ja arkkitehti Oulusta\" \/>\n<meta property=\"article:published_time\" content=\"2018-12-18T07:41:10+00:00\" \/>\n<meta property=\"article:modified_time\" content=\"2018-12-18T07:41:16+00:00\" \/>\n<meta name=\"author\" content=\"Jenni\" \/>\n<meta name=\"twitter:card\" content=\"summary_large_image\" \/>\n<meta name=\"twitter:label1\" content=\"Kirjoittanut\" \/>\n\t<meta name=\"twitter:data1\" content=\"Jenni\" \/>\n\t<meta name=\"twitter:label2\" content=\"Arvioitu lukuaika\" \/>\n\t<meta name=\"twitter:data2\" content=\"1 minuutti\" \/>\n<script type=\"application\/ld+json\" class=\"yoast-schema-graph\">{\"@context\":\"https:\\\/\\\/schema.org\",\"@graph\":[{\"@type\":\"Article\",\"@id\":\"https:\\\/\\\/jennipitko.fi\\\/koti\\\/valtuustoaloite-turvallisia-tiloja-ja-tekemista-joulun-pyhiksi\\\/#article\",\"isPartOf\":{\"@id\":\"https:\\\/\\\/jennipitko.fi\\\/koti\\\/valtuustoaloite-turvallisia-tiloja-ja-tekemista-joulun-pyhiksi\\\/\"},\"author\":{\"name\":\"Jenni\",\"@id\":\"https:\\\/\\\/jennipitko.fi\\\/koti\\\/#\\\/schema\\\/person\\\/35955c467f851f10124809310e7e7ee8\"},\"headline\":\"Valtuustoaloite: Turvallisia tiloja ja tekemist\u00e4 joulun pyhiksi\",\"datePublished\":\"2018-12-18T07:41:10+00:00\",\"dateModified\":\"2018-12-18T07:41:16+00:00\",\"mainEntityOfPage\":{\"@id\":\"https:\\\/\\\/jennipitko.fi\\\/koti\\\/valtuustoaloite-turvallisia-tiloja-ja-tekemista-joulun-pyhiksi\\\/\"},\"wordCount\":220,\"publisher\":{\"@id\":\"https:\\\/\\\/jennipitko.fi\\\/koti\\\/#organization\"},\"keywords\":[\"joukkoliikenne\",\"joulu\",\"kirjasto\",\"perheet\"],\"articleSection\":[\"Valtuustoaloitteet\"],\"inLanguage\":\"fi\"},{\"@type\":\"WebPage\",\"@id\":\"https:\\\/\\\/jennipitko.fi\\\/koti\\\/valtuustoaloite-turvallisia-tiloja-ja-tekemista-joulun-pyhiksi\\\/\",\"url\":\"https:\\\/\\\/jennipitko.fi\\\/koti\\\/valtuustoaloite-turvallisia-tiloja-ja-tekemista-joulun-pyhiksi\\\/\",\"name\":\"Valtuustoaloite: Turvallisia tiloja ja tekemist\u00e4 joulun pyhiksi - Jenni Pitko - Vihreiden varapuheenjohtaja, ymp\u00e4rist\u00f6valiokunnan puheenjohtaja, kansanedustaja ja arkkitehti Oulusta\",\"isPartOf\":{\"@id\":\"https:\\\/\\\/jennipitko.fi\\\/koti\\\/#website\"},\"datePublished\":\"2018-12-18T07:41:10+00:00\",\"dateModified\":\"2018-12-18T07:41:16+00:00\",\"breadcrumb\":{\"@id\":\"https:\\\/\\\/jennipitko.fi\\\/koti\\\/valtuustoaloite-turvallisia-tiloja-ja-tekemista-joulun-pyhiksi\\\/#breadcrumb\"},\"inLanguage\":\"fi\",\"potentialAction\":[{\"@type\":\"ReadAction\",\"target\":[\"https:\\\/\\\/jennipitko.fi\\\/koti\\\/valtuustoaloite-turvallisia-tiloja-ja-tekemista-joulun-pyhiksi\\\/\"]}]},{\"@type\":\"BreadcrumbList\",\"@id\":\"https:\\\/\\\/jennipitko.fi\\\/koti\\\/valtuustoaloite-turvallisia-tiloja-ja-tekemista-joulun-pyhiksi\\\/#breadcrumb\",\"itemListElement\":[{\"@type\":\"ListItem\",\"position\":1,\"name\":\"Home\",\"item\":\"https:\\\/\\\/jennipitko.fi\\\/koti\\\/\"},{\"@type\":\"ListItem\",\"position\":2,\"name\":\"Valtuustoaloite: Turvallisia tiloja ja tekemist\u00e4 joulun pyhiksi\"}]},{\"@type\":\"WebSite\",\"@id\":\"https:\\\/\\\/jennipitko.fi\\\/koti\\\/#website\",\"url\":\"https:\\\/\\\/jennipitko.fi\\\/koti\\\/\",\"name\":\"Jenni Pitko - Vihreiden varapuheenjohtaja, ymp\u00e4rist\u00f6valiokunnan puheenjohtaja, kansanedustaja ja arkkitehti Oulusta\",\"description\":\"Jenni Pitko - Vihreiden varapuheenjohtaja, ymp\u00e4rist\u00f6valiokunnan puheenjohtaja, kansanedustaja ja arkkitehti Oulusta\",\"publisher\":{\"@id\":\"https:\\\/\\\/jennipitko.fi\\\/koti\\\/#organization\"},\"potentialAction\":[{\"@type\":\"SearchAction\",\"target\":{\"@type\":\"EntryPoint\",\"urlTemplate\":\"https:\\\/\\\/jennipitko.fi\\\/koti\\\/?s={search_term_string}\"},\"query-input\":{\"@type\":\"PropertyValueSpecification\",\"valueRequired\":true,\"valueName\":\"search_term_string\"}}],\"inLanguage\":\"fi\"},{\"@type\":\"Organization\",\"@id\":\"https:\\\/\\\/jennipitko.fi\\\/koti\\\/#organization\",\"name\":\"Jenni Pitko - Vihreiden varapuheenjohtaja, ymp\u00e4rist\u00f6valiokunnan puheenjohtaja, kansanedustaja ja arkkitehti Oulusta\",\"url\":\"https:\\\/\\\/jennipitko.fi\\\/koti\\\/\",\"logo\":{\"@type\":\"ImageObject\",\"inLanguage\":\"fi\",\"@id\":\"https:\\\/\\\/jennipitko.fi\\\/koti\\\/#\\\/schema\\\/logo\\\/image\\\/\",\"url\":\"https:\\\/\\\/jennipitko.fi\\\/koti\\\/wp-content\\\/uploads\\\/2025\\\/09\\\/Nimeton-malli-38.png\",\"contentUrl\":\"https:\\\/\\\/jennipitko.fi\\\/koti\\\/wp-content\\\/uploads\\\/2025\\\/09\\\/Nimeton-malli-38.png\",\"width\":1280,\"height\":847,\"caption\":\"Jenni Pitko - Vihreiden varapuheenjohtaja, ymp\u00e4rist\u00f6valiokunnan puheenjohtaja, kansanedustaja ja arkkitehti Oulusta\"},\"image\":{\"@id\":\"https:\\\/\\\/jennipitko.fi\\\/koti\\\/#\\\/schema\\\/logo\\\/image\\\/\"}},{\"@type\":\"Person\",\"@id\":\"https:\\\/\\\/jennipitko.fi\\\/koti\\\/#\\\/schema\\\/person\\\/35955c467f851f10124809310e7e7ee8\",\"name\":\"Jenni\",\"image\":{\"@type\":\"ImageObject\",\"inLanguage\":\"fi\",\"@id\":\"https:\\\/\\\/secure.gravatar.com\\\/avatar\\\/625a0e6413b293da7739d42617828d564a4d6028aec3f45d8939a2ba1617199f?s=96&d=blank&r=g\",\"url\":\"https:\\\/\\\/secure.gravatar.com\\\/avatar\\\/625a0e6413b293da7739d42617828d564a4d6028aec3f45d8939a2ba1617199f?s=96&d=blank&r=g\",\"contentUrl\":\"https:\\\/\\\/secure.gravatar.com\\\/avatar\\\/625a0e6413b293da7739d42617828d564a4d6028aec3f45d8939a2ba1617199f?s=96&d=blank&r=g\",\"caption\":\"Jenni\"},\"url\":\"https:\\\/\\\/jennipitko.fi\\\/koti\\\/author\\\/jenni\\\/\"}]}<\/script>\n<!-- \/ Yoast SEO plugin. -->","yoast_head_json":{"title":"Valtuustoaloite: Turvallisia tiloja ja tekemist\u00e4 joulun pyhiksi - Jenni Pitko - Vihreiden varapuheenjohtaja, ymp\u00e4rist\u00f6valiokunnan puheenjohtaja, kansanedustaja ja arkkitehti Oulusta","robots":{"index":"index","follow":"follow","max-snippet":"max-snippet:-1","max-image-preview":"max-image-preview:large","max-video-preview":"max-video-preview:-1"},"canonical":"https:\/\/jennipitko.fi\/koti\/valtuustoaloite-turvallisia-tiloja-ja-tekemista-joulun-pyhiksi\/","og_locale":"fi_FI","og_type":"article","og_title":"Valtuustoaloite: Turvallisia tiloja ja tekemist\u00e4 joulun pyhiksi - Jenni Pitko - Vihreiden varapuheenjohtaja, ymp\u00e4rist\u00f6valiokunnan puheenjohtaja, kansanedustaja ja arkkitehti Oulusta","og_description":"Joulu ei ole kaikissa perheiss\u00e4 onnellinen juhla. Moni ihminen kokee jouluna yksin\u00e4isyytt\u00e4 ja monessa perheess\u00e4 alkoholi ja p\u00e4ihteet viev\u00e4t joulun [&hellip;]","og_url":"https:\/\/jennipitko.fi\/koti\/valtuustoaloite-turvallisia-tiloja-ja-tekemista-joulun-pyhiksi\/","og_site_name":"Jenni Pitko - Vihreiden varapuheenjohtaja, ymp\u00e4rist\u00f6valiokunnan puheenjohtaja, kansanedustaja ja arkkitehti Oulusta","article_published_time":"2018-12-18T07:41:10+00:00","article_modified_time":"2018-12-18T07:41:16+00:00","author":"Jenni","twitter_card":"summary_large_image","twitter_misc":{"Kirjoittanut":"Jenni","Arvioitu lukuaika":"1 minuutti"},"schema":{"@context":"https:\/\/schema.org","@graph":[{"@type":"Article","@id":"https:\/\/jennipitko.fi\/koti\/valtuustoaloite-turvallisia-tiloja-ja-tekemista-joulun-pyhiksi\/#article","isPartOf":{"@id":"https:\/\/jennipitko.fi\/koti\/valtuustoaloite-turvallisia-tiloja-ja-tekemista-joulun-pyhiksi\/"},"author":{"name":"Jenni","@id":"https:\/\/jennipitko.fi\/koti\/#\/schema\/person\/35955c467f851f10124809310e7e7ee8"},"headline":"Valtuustoaloite: Turvallisia tiloja ja tekemist\u00e4 joulun pyhiksi","datePublished":"2018-12-18T07:41:10+00:00","dateModified":"2018-12-18T07:41:16+00:00","mainEntityOfPage":{"@id":"https:\/\/jennipitko.fi\/koti\/valtuustoaloite-turvallisia-tiloja-ja-tekemista-joulun-pyhiksi\/"},"wordCount":220,"publisher":{"@id":"https:\/\/jennipitko.fi\/koti\/#organization"},"keywords":["joukkoliikenne","joulu","kirjasto","perheet"],"articleSection":["Valtuustoaloitteet"],"inLanguage":"fi"},{"@type":"WebPage","@id":"https:\/\/jennipitko.fi\/koti\/valtuustoaloite-turvallisia-tiloja-ja-tekemista-joulun-pyhiksi\/","url":"https:\/\/jennipitko.fi\/koti\/valtuustoaloite-turvallisia-tiloja-ja-tekemista-joulun-pyhiksi\/","name":"Valtuustoaloite: Turvallisia tiloja ja tekemist\u00e4 joulun pyhiksi - Jenni Pitko - Vihreiden varapuheenjohtaja, ymp\u00e4rist\u00f6valiokunnan puheenjohtaja, kansanedustaja ja arkkitehti Oulusta","isPartOf":{"@id":"https:\/\/jennipitko.fi\/koti\/#website"},"datePublished":"2018-12-18T07:41:10+00:00","dateModified":"2018-12-18T07:41:16+00:00","breadcrumb":{"@id":"https:\/\/jennipitko.fi\/koti\/valtuustoaloite-turvallisia-tiloja-ja-tekemista-joulun-pyhiksi\/#breadcrumb"},"inLanguage":"fi","potentialAction":[{"@type":"ReadAction","target":["https:\/\/jennipitko.fi\/koti\/valtuustoaloite-turvallisia-tiloja-ja-tekemista-joulun-pyhiksi\/"]}]},{"@type":"BreadcrumbList","@id":"https:\/\/jennipitko.fi\/koti\/valtuustoaloite-turvallisia-tiloja-ja-tekemista-joulun-pyhiksi\/#breadcrumb","itemListElement":[{"@type":"ListItem","position":1,"name":"Home","item":"https:\/\/jennipitko.fi\/koti\/"},{"@type":"ListItem","position":2,"name":"Valtuustoaloite: Turvallisia tiloja ja tekemist\u00e4 joulun pyhiksi"}]},{"@type":"WebSite","@id":"https:\/\/jennipitko.fi\/koti\/#website","url":"https:\/\/jennipitko.fi\/koti\/","name":"Jenni Pitko - Vihreiden varapuheenjohtaja, ymp\u00e4rist\u00f6valiokunnan puheenjohtaja, kansanedustaja ja arkkitehti Oulusta","description":"Jenni Pitko - Vihreiden varapuheenjohtaja, ymp\u00e4rist\u00f6valiokunnan puheenjohtaja, kansanedustaja ja arkkitehti Oulusta","publisher":{"@id":"https:\/\/jennipitko.fi\/koti\/#organization"},"potentialAction":[{"@type":"SearchAction","target":{"@type":"EntryPoint","urlTemplate":"https:\/\/jennipitko.fi\/koti\/?s={search_term_string}"},"query-input":{"@type":"PropertyValueSpecification","valueRequired":true,"valueName":"search_term_string"}}],"inLanguage":"fi"},{"@type":"Organization","@id":"https:\/\/jennipitko.fi\/koti\/#organization","name":"Jenni Pitko - Vihreiden varapuheenjohtaja, ymp\u00e4rist\u00f6valiokunnan puheenjohtaja, kansanedustaja ja arkkitehti Oulusta","url":"https:\/\/jennipitko.fi\/koti\/","logo":{"@type":"ImageObject","inLanguage":"fi","@id":"https:\/\/jennipitko.fi\/koti\/#\/schema\/logo\/image\/","url":"https:\/\/jennipitko.fi\/koti\/wp-content\/uploads\/2025\/09\/Nimeton-malli-38.png","contentUrl":"https:\/\/jennipitko.fi\/koti\/wp-content\/uploads\/2025\/09\/Nimeton-malli-38.png","width":1280,"height":847,"caption":"Jenni Pitko - Vihreiden varapuheenjohtaja, ymp\u00e4rist\u00f6valiokunnan puheenjohtaja, kansanedustaja ja arkkitehti Oulusta"},"image":{"@id":"https:\/\/jennipitko.fi\/koti\/#\/schema\/logo\/image\/"}},{"@type":"Person","@id":"https:\/\/jennipitko.fi\/koti\/#\/schema\/person\/35955c467f851f10124809310e7e7ee8","name":"Jenni","image":{"@type":"ImageObject","inLanguage":"fi","@id":"https:\/\/secure.gravatar.com\/avatar\/625a0e6413b293da7739d42617828d564a4d6028aec3f45d8939a2ba1617199f?s=96&d=blank&r=g","url":"https:\/\/secure.gravatar.com\/avatar\/625a0e6413b293da7739d42617828d564a4d6028aec3f45d8939a2ba1617199f?s=96&d=blank&r=g","contentUrl":"https:\/\/secure.gravatar.com\/avatar\/625a0e6413b293da7739d42617828d564a4d6028aec3f45d8939a2ba1617199f?s=96&d=blank&r=g","caption":"Jenni"},"url":"https:\/\/jennipitko.fi\/koti\/author\/jenni\/"}]}},"_links":{"self":[{"href":"https:\/\/jennipitko.fi\/koti\/wp-json\/wp\/v2\/posts\/1800","targetHints":{"allow":["GET"]}}],"collection":[{"href":"https:\/\/jennipitko.fi\/koti\/wp-json\/wp\/v2\/posts"}],"about":[{"href":"https:\/\/jennipitko.fi\/koti\/wp-json\/wp\/v2\/types\/post"}],"author":[{"embeddable":true,"href":"https:\/\/jennipitko.fi\/koti\/wp-json\/wp\/v2\/users\/1"}],"replies":[{"embeddable":true,"href":"https:\/\/jennipitko.fi\/koti\/wp-json\/wp\/v2\/comments?post=1800"}],"version-history":[{"count":1,"href":"https:\/\/jennipitko.fi\/koti\/wp-json\/wp\/v2\/posts\/1800\/revisions"}],"predecessor-version":[{"id":1801,"href":"https:\/\/jennipitko.fi\/koti\/wp-json\/wp\/v2\/posts\/1800\/revisions\/1801"}],"wp:attachment":[{"href":"https:\/\/jennipitko.fi\/koti\/wp-json\/wp\/v2\/media?parent=1800"}],"wp:term":[{"taxonomy":"category","embeddable":true,"href":"https:\/\/jennipitko.fi\/koti\/wp-json\/wp\/v2\/categories?post=1800"},{"taxonomy":"post_tag","embeddable":true,"href":"https:\/\/jennipitko.fi\/koti\/wp-json\/wp\/v2\/tags?post=1800"}],"curies":[{"name":"wp","href":"https:\/\/api.w.org\/{rel}","templated":true}]}}