{"id":1806,"date":"2019-01-15T16:45:43","date_gmt":"2019-01-15T14:45:43","guid":{"rendered":"http:\/\/jennipitko.fi\/koti\/?p=1806"},"modified":"2019-01-15T16:45:49","modified_gmt":"2019-01-15T14:45:49","slug":"ehdolla-eduskuntaan","status":"publish","type":"post","link":"https:\/\/jennipitko.fi\/koti\/ehdolla-eduskuntaan\/","title":{"rendered":"Ehdolla eduskuntaan"},"content":{"rendered":"\n<p>Isoja uutisia! Olen ehdolla eduskuntaan kev\u00e4\u00e4n vaaleissa! Vaalikampanjan tekeminen on kovaa ty\u00f6t\u00e4, mutta samalla antoisaa ja hauskaa. Kampanjoidessa p\u00e4\u00e4sen tapaamaan uusia ihmisi\u00e4 ja keskustelemaan t\u00e4rkeist\u00e4, ihmisten arkea koskettavista aiheista.<\/p>\n\n\n\n<p>Haen kansanedustajaksi, koska haluan rakentaa kest\u00e4v\u00e4mp\u00e4\u00e4 tulevaisuutta. N\u00e4m\u00e4 vaalit ovat minulle ennen kaikkea ilmastovaalit. Ilmasto l\u00e4mpenee, luonnon monimuotoisuus on uhattuna, useita el\u00e4inlajeja uhkaa sukupuutto. Ilmastonmuutoksen torjunta vaatii tahtoa ja poliittisia p\u00e4\u00e4t\u00f6ksi\u00e4<\/p>\n\n\n\n<p>Min\u00e4 rakastan luontoa, rakastan talven pakkasia, lumikinoksia ja pohjoisen kuulaita kesi\u00e4. Aion tehd\u00e4 kaikkeni ilmastonmuutoksen pys\u00e4ytt\u00e4miseksi, jotta meill\u00e4 olisi Suomessa jatkossakin nelj\u00e4 vuodenaikaa. Suomessa on teht\u00e4v\u00e4 my\u00f6s seuraavalla vaalikaudella sosiaaliturvauudistus k\u00f6yhyyden v\u00e4hent\u00e4miseksi, lis\u00e4tt\u00e4v\u00e4 koulutuksen rahoitusta ja ajettava tasa-arvoa ja ihmisoikeuksia maailmanlaajuisesti.<\/p>\n\n\n\n<p>Tehd\u00e4\u00e4n n\u00e4ist\u00e4 vaaleista ne vaalit joissa Suomen suunta muuttuu<\/p>\n\n\n\n<p>Haluan kutsua sinut mukaan t\u00e4h\u00e4n ty\u00f6h\u00f6n! Voit olla mukana monella tavalla: esimerkiksi esitteit\u00e4 jakamassa, suunnittelemassa vaaliteemoja, miettim\u00e4ll\u00e4 strategioita tai vaikkapa askartelemalla. Ilmoittaudu kampanjaan mukaan laittamalla viesti\u00e4 minulle tai kampanjap\u00e4\u00e4llikk\u00f6 Aino-Kaisa Manniselle joko Facebookissa tai s\u00e4hk\u00f6postitse (jenni.pitko@vihreat.fi tai aino-kaisa.manninen@vihreat.fi).<br><\/p>\n\n\n\n<p>Ent\u00e4 miten voit olla avuksi kampanjoinnin t\u00e4ss\u00e4 vaihessa? Olisin iloinen, jos alkaisit seuraamaan kampanjaa ja poliittista ty\u00f6t\u00e4ni sosiaalisen median kanavissa <a href=\"https:\/\/www.facebook.com\/jennipitko\/\">Facebookissa<\/a>, <a href=\"https:\/\/www.instagram.com\/jennipitko\/?hl=fi\">Instagramissa<\/a> ja <a href=\"https:\/\/twitter.com\/jennipitko\">Twitteriss\u00e4.<\/a><\/p>\n\n\n\n<p>Muistathan kertoa hyv\u00e4st\u00e4 ehdokkaasta my\u00f6s kavereillesi ja tutuillesi<\/p>\n\n\n\n<p>Ps. Eduskuntavaalikampanjani tarvitsee my\u00f6s rahaa. Rahaa kuluu mainoksiin sek\u00e4 tuikit\u00e4rkeisiin materiaaleihin kuten esitteisiin. <a href=\"https:\/\/civicrm.vihreat.fi\/civicrm\/contribute\/transact?id=594&amp;reset=1\">T\u00e4m\u00e4n lahjoituslinkin<\/a> kautta lahjoittaminen on helppoa ja yksinkertaista. Kiitos kovasti jos voit auttaa!<\/p>\n","protected":false},"excerpt":{"rendered":"<p>Isoja uutisia! Olen ehdolla eduskuntaan kev\u00e4\u00e4n vaaleissa! Vaalikampanjan tekeminen on kovaa ty\u00f6t\u00e4, mutta samalla antoisaa ja hauskaa. Kampanjoidessa p\u00e4\u00e4sen tapaamaan [&hellip;]<\/p>\n","protected":false},"author":1,"featured_media":0,"comment_status":"closed","ping_status":"closed","sticky":false,"template":"","format":"standard","meta":{"_monsterinsights_skip_tracking":false,"_monsterinsights_sitenote_active":false,"_monsterinsights_sitenote_note":"","_monsterinsights_sitenote_category":0,"site-sidebar-layout":"default","site-content-layout":"","ast-site-content-layout":"default","site-content-style":"default","site-sidebar-style":"default","ast-global-header-display":"","ast-banner-title-visibility":"","ast-main-header-display":"","ast-hfb-above-header-display":"","ast-hfb-below-header-display":"","ast-hfb-mobile-header-display":"","site-post-title":"","ast-breadcrumbs-content":"","ast-featured-img":"","footer-sml-layout":"","ast-disable-related-posts":"","theme-transparent-header-meta":"","adv-header-id-meta":"","stick-header-meta":"","header-above-stick-meta":"","header-main-stick-meta":"","header-below-stick-meta":"","astra-migrate-meta-layouts":"default","ast-page-background-enabled":"default","ast-page-background-meta":{"desktop":{"background-color":"var(--ast-global-color-5)","background-image":"","background-repeat":"repeat","background-position":"center center","background-size":"auto","background-attachment":"scroll","background-type":"","background-media":"","overlay-type":"","overlay-color":"","overlay-opacity":"","overlay-gradient":""},"tablet":{"background-color":"","background-image":"","background-repeat":"repeat","background-position":"center center","background-size":"auto","background-attachment":"scroll","background-type":"","background-media":"","overlay-type":"","overlay-color":"","overlay-opacity":"","overlay-gradient":""},"mobile":{"background-color":"","background-image":"","background-repeat":"repeat","background-position":"center center","background-size":"auto","background-attachment":"scroll","background-type":"","background-media":"","overlay-type":"","overlay-color":"","overlay-opacity":"","overlay-gradient":""}},"ast-content-background-meta":{"desktop":{"background-color":"var(--ast-global-color-4)","background-image":"","background-repeat":"repeat","background-position":"center center","background-size":"auto","background-attachment":"scroll","background-type":"","background-media":"","overlay-type":"","overlay-color":"","overlay-opacity":"","overlay-gradient":""},"tablet":{"background-color":"var(--ast-global-color-4)","background-image":"","background-repeat":"repeat","background-position":"center center","background-size":"auto","background-attachment":"scroll","background-type":"","background-media":"","overlay-type":"","overlay-color":"","overlay-opacity":"","overlay-gradient":""},"mobile":{"background-color":"var(--ast-global-color-4)","background-image":"","background-repeat":"repeat","background-position":"center center","background-size":"auto","background-attachment":"scroll","background-type":"","background-media":"","overlay-type":"","overlay-color":"","overlay-opacity":"","overlay-gradient":""}},"footnotes":""},"categories":[2,117],"tags":[271,282,116,275,281,280,263,283,278,273,111,106],"class_list":["post-1806","post","type-post","status-publish","format-standard","hentry","category-blogi","category-tiedotteet","tag-eduskunta","tag-eduskuntavaaliehdokas","tag-eduskuntavaalit","tag-ilmastonmuutoksen-torjunta","tag-koyhyyden-vahentaminen","tag-koyhyys","tag-luonto","tag-oulun-vaalipiiri","tag-sosiaaliturva","tag-talvi","tag-tasa-arvo","tag-vihreat"],"yoast_head":"<!-- This site is optimized with the Yoast SEO plugin v27.5 - https:\/\/yoast.com\/product\/yoast-seo-wordpress\/ -->\n<title>Ehdolla eduskuntaan - Jenni Pitko - Vihreiden varapuheenjohtaja, ymp\u00e4rist\u00f6valiokunnan puheenjohtaja, kansanedustaja ja arkkitehti Oulusta<\/title>\n<meta name=\"robots\" content=\"index, follow, max-snippet:-1, max-image-preview:large, max-video-preview:-1\" \/>\n<link rel=\"canonical\" href=\"https:\/\/jennipitko.fi\/koti\/ehdolla-eduskuntaan\/\" \/>\n<meta property=\"og:locale\" content=\"fi_FI\" \/>\n<meta property=\"og:type\" content=\"article\" \/>\n<meta property=\"og:title\" content=\"Ehdolla eduskuntaan - Jenni Pitko - Vihreiden varapuheenjohtaja, ymp\u00e4rist\u00f6valiokunnan puheenjohtaja, kansanedustaja ja arkkitehti Oulusta\" \/>\n<meta property=\"og:description\" content=\"Isoja uutisia! Olen ehdolla eduskuntaan kev\u00e4\u00e4n vaaleissa! Vaalikampanjan tekeminen on kovaa ty\u00f6t\u00e4, mutta samalla antoisaa ja hauskaa. Kampanjoidessa p\u00e4\u00e4sen tapaamaan [&hellip;]\" \/>\n<meta property=\"og:url\" content=\"https:\/\/jennipitko.fi\/koti\/ehdolla-eduskuntaan\/\" \/>\n<meta property=\"og:site_name\" content=\"Jenni Pitko - Vihreiden varapuheenjohtaja, ymp\u00e4rist\u00f6valiokunnan puheenjohtaja, kansanedustaja ja arkkitehti Oulusta\" \/>\n<meta property=\"article:published_time\" content=\"2019-01-15T14:45:43+00:00\" \/>\n<meta property=\"article:modified_time\" content=\"2019-01-15T14:45:49+00:00\" \/>\n<meta name=\"author\" content=\"Jenni\" \/>\n<meta name=\"twitter:card\" content=\"summary_large_image\" \/>\n<meta name=\"twitter:label1\" content=\"Kirjoittanut\" \/>\n\t<meta name=\"twitter:data1\" content=\"Jenni\" \/>\n\t<meta name=\"twitter:label2\" content=\"Arvioitu lukuaika\" \/>\n\t<meta name=\"twitter:data2\" content=\"1 minuutti\" \/>\n<script type=\"application\/ld+json\" class=\"yoast-schema-graph\">{\"@context\":\"https:\\\/\\\/schema.org\",\"@graph\":[{\"@type\":\"Article\",\"@id\":\"https:\\\/\\\/jennipitko.fi\\\/koti\\\/ehdolla-eduskuntaan\\\/#article\",\"isPartOf\":{\"@id\":\"https:\\\/\\\/jennipitko.fi\\\/koti\\\/ehdolla-eduskuntaan\\\/\"},\"author\":{\"name\":\"Jenni\",\"@id\":\"https:\\\/\\\/jennipitko.fi\\\/koti\\\/#\\\/schema\\\/person\\\/35955c467f851f10124809310e7e7ee8\"},\"headline\":\"Ehdolla eduskuntaan\",\"datePublished\":\"2019-01-15T14:45:43+00:00\",\"dateModified\":\"2019-01-15T14:45:49+00:00\",\"mainEntityOfPage\":{\"@id\":\"https:\\\/\\\/jennipitko.fi\\\/koti\\\/ehdolla-eduskuntaan\\\/\"},\"wordCount\":253,\"publisher\":{\"@id\":\"https:\\\/\\\/jennipitko.fi\\\/koti\\\/#organization\"},\"keywords\":[\"eduskunta\",\"eduskuntavaaliehdokas\",\"eduskuntavaalit\",\"ilmastonmuutoksen torjunta\",\"k\u00f6yhyyden v\u00e4hent\u00e4minen\",\"k\u00f6yhyys\",\"luonto\",\"oulun vaalipiiri\",\"sosiaaliturva\",\"talvi\",\"tasa-arvo\",\"vihre\u00e4t\"],\"articleSection\":[\"Blogi\",\"Tiedotteet\"],\"inLanguage\":\"fi\"},{\"@type\":\"WebPage\",\"@id\":\"https:\\\/\\\/jennipitko.fi\\\/koti\\\/ehdolla-eduskuntaan\\\/\",\"url\":\"https:\\\/\\\/jennipitko.fi\\\/koti\\\/ehdolla-eduskuntaan\\\/\",\"name\":\"Ehdolla eduskuntaan - Jenni Pitko - Vihreiden varapuheenjohtaja, ymp\u00e4rist\u00f6valiokunnan puheenjohtaja, kansanedustaja ja arkkitehti Oulusta\",\"isPartOf\":{\"@id\":\"https:\\\/\\\/jennipitko.fi\\\/koti\\\/#website\"},\"datePublished\":\"2019-01-15T14:45:43+00:00\",\"dateModified\":\"2019-01-15T14:45:49+00:00\",\"breadcrumb\":{\"@id\":\"https:\\\/\\\/jennipitko.fi\\\/koti\\\/ehdolla-eduskuntaan\\\/#breadcrumb\"},\"inLanguage\":\"fi\",\"potentialAction\":[{\"@type\":\"ReadAction\",\"target\":[\"https:\\\/\\\/jennipitko.fi\\\/koti\\\/ehdolla-eduskuntaan\\\/\"]}]},{\"@type\":\"BreadcrumbList\",\"@id\":\"https:\\\/\\\/jennipitko.fi\\\/koti\\\/ehdolla-eduskuntaan\\\/#breadcrumb\",\"itemListElement\":[{\"@type\":\"ListItem\",\"position\":1,\"name\":\"Home\",\"item\":\"https:\\\/\\\/jennipitko.fi\\\/koti\\\/\"},{\"@type\":\"ListItem\",\"position\":2,\"name\":\"Ehdolla eduskuntaan\"}]},{\"@type\":\"WebSite\",\"@id\":\"https:\\\/\\\/jennipitko.fi\\\/koti\\\/#website\",\"url\":\"https:\\\/\\\/jennipitko.fi\\\/koti\\\/\",\"name\":\"Jenni Pitko - Vihreiden varapuheenjohtaja, ymp\u00e4rist\u00f6valiokunnan puheenjohtaja, kansanedustaja ja arkkitehti Oulusta\",\"description\":\"Jenni Pitko - Vihreiden varapuheenjohtaja, ymp\u00e4rist\u00f6valiokunnan puheenjohtaja, kansanedustaja ja arkkitehti Oulusta\",\"publisher\":{\"@id\":\"https:\\\/\\\/jennipitko.fi\\\/koti\\\/#organization\"},\"potentialAction\":[{\"@type\":\"SearchAction\",\"target\":{\"@type\":\"EntryPoint\",\"urlTemplate\":\"https:\\\/\\\/jennipitko.fi\\\/koti\\\/?s={search_term_string}\"},\"query-input\":{\"@type\":\"PropertyValueSpecification\",\"valueRequired\":true,\"valueName\":\"search_term_string\"}}],\"inLanguage\":\"fi\"},{\"@type\":\"Organization\",\"@id\":\"https:\\\/\\\/jennipitko.fi\\\/koti\\\/#organization\",\"name\":\"Jenni Pitko - Vihreiden varapuheenjohtaja, ymp\u00e4rist\u00f6valiokunnan puheenjohtaja, kansanedustaja ja arkkitehti Oulusta\",\"url\":\"https:\\\/\\\/jennipitko.fi\\\/koti\\\/\",\"logo\":{\"@type\":\"ImageObject\",\"inLanguage\":\"fi\",\"@id\":\"https:\\\/\\\/jennipitko.fi\\\/koti\\\/#\\\/schema\\\/logo\\\/image\\\/\",\"url\":\"https:\\\/\\\/jennipitko.fi\\\/koti\\\/wp-content\\\/uploads\\\/2025\\\/09\\\/Nimeton-malli-38.png\",\"contentUrl\":\"https:\\\/\\\/jennipitko.fi\\\/koti\\\/wp-content\\\/uploads\\\/2025\\\/09\\\/Nimeton-malli-38.png\",\"width\":1280,\"height\":847,\"caption\":\"Jenni Pitko - Vihreiden varapuheenjohtaja, ymp\u00e4rist\u00f6valiokunnan puheenjohtaja, kansanedustaja ja arkkitehti Oulusta\"},\"image\":{\"@id\":\"https:\\\/\\\/jennipitko.fi\\\/koti\\\/#\\\/schema\\\/logo\\\/image\\\/\"}},{\"@type\":\"Person\",\"@id\":\"https:\\\/\\\/jennipitko.fi\\\/koti\\\/#\\\/schema\\\/person\\\/35955c467f851f10124809310e7e7ee8\",\"name\":\"Jenni\",\"image\":{\"@type\":\"ImageObject\",\"inLanguage\":\"fi\",\"@id\":\"https:\\\/\\\/secure.gravatar.com\\\/avatar\\\/625a0e6413b293da7739d42617828d564a4d6028aec3f45d8939a2ba1617199f?s=96&d=blank&r=g\",\"url\":\"https:\\\/\\\/secure.gravatar.com\\\/avatar\\\/625a0e6413b293da7739d42617828d564a4d6028aec3f45d8939a2ba1617199f?s=96&d=blank&r=g\",\"contentUrl\":\"https:\\\/\\\/secure.gravatar.com\\\/avatar\\\/625a0e6413b293da7739d42617828d564a4d6028aec3f45d8939a2ba1617199f?s=96&d=blank&r=g\",\"caption\":\"Jenni\"},\"url\":\"https:\\\/\\\/jennipitko.fi\\\/koti\\\/author\\\/jenni\\\/\"}]}<\/script>\n<!-- \/ Yoast SEO plugin. -->","yoast_head_json":{"title":"Ehdolla eduskuntaan - Jenni Pitko - Vihreiden varapuheenjohtaja, ymp\u00e4rist\u00f6valiokunnan puheenjohtaja, kansanedustaja ja arkkitehti Oulusta","robots":{"index":"index","follow":"follow","max-snippet":"max-snippet:-1","max-image-preview":"max-image-preview:large","max-video-preview":"max-video-preview:-1"},"canonical":"https:\/\/jennipitko.fi\/koti\/ehdolla-eduskuntaan\/","og_locale":"fi_FI","og_type":"article","og_title":"Ehdolla eduskuntaan - Jenni Pitko - Vihreiden varapuheenjohtaja, ymp\u00e4rist\u00f6valiokunnan puheenjohtaja, kansanedustaja ja arkkitehti Oulusta","og_description":"Isoja uutisia! Olen ehdolla eduskuntaan kev\u00e4\u00e4n vaaleissa! Vaalikampanjan tekeminen on kovaa ty\u00f6t\u00e4, mutta samalla antoisaa ja hauskaa. Kampanjoidessa p\u00e4\u00e4sen tapaamaan [&hellip;]","og_url":"https:\/\/jennipitko.fi\/koti\/ehdolla-eduskuntaan\/","og_site_name":"Jenni Pitko - Vihreiden varapuheenjohtaja, ymp\u00e4rist\u00f6valiokunnan puheenjohtaja, kansanedustaja ja arkkitehti Oulusta","article_published_time":"2019-01-15T14:45:43+00:00","article_modified_time":"2019-01-15T14:45:49+00:00","author":"Jenni","twitter_card":"summary_large_image","twitter_misc":{"Kirjoittanut":"Jenni","Arvioitu lukuaika":"1 minuutti"},"schema":{"@context":"https:\/\/schema.org","@graph":[{"@type":"Article","@id":"https:\/\/jennipitko.fi\/koti\/ehdolla-eduskuntaan\/#article","isPartOf":{"@id":"https:\/\/jennipitko.fi\/koti\/ehdolla-eduskuntaan\/"},"author":{"name":"Jenni","@id":"https:\/\/jennipitko.fi\/koti\/#\/schema\/person\/35955c467f851f10124809310e7e7ee8"},"headline":"Ehdolla eduskuntaan","datePublished":"2019-01-15T14:45:43+00:00","dateModified":"2019-01-15T14:45:49+00:00","mainEntityOfPage":{"@id":"https:\/\/jennipitko.fi\/koti\/ehdolla-eduskuntaan\/"},"wordCount":253,"publisher":{"@id":"https:\/\/jennipitko.fi\/koti\/#organization"},"keywords":["eduskunta","eduskuntavaaliehdokas","eduskuntavaalit","ilmastonmuutoksen torjunta","k\u00f6yhyyden v\u00e4hent\u00e4minen","k\u00f6yhyys","luonto","oulun vaalipiiri","sosiaaliturva","talvi","tasa-arvo","vihre\u00e4t"],"articleSection":["Blogi","Tiedotteet"],"inLanguage":"fi"},{"@type":"WebPage","@id":"https:\/\/jennipitko.fi\/koti\/ehdolla-eduskuntaan\/","url":"https:\/\/jennipitko.fi\/koti\/ehdolla-eduskuntaan\/","name":"Ehdolla eduskuntaan - Jenni Pitko - Vihreiden varapuheenjohtaja, ymp\u00e4rist\u00f6valiokunnan puheenjohtaja, kansanedustaja ja arkkitehti Oulusta","isPartOf":{"@id":"https:\/\/jennipitko.fi\/koti\/#website"},"datePublished":"2019-01-15T14:45:43+00:00","dateModified":"2019-01-15T14:45:49+00:00","breadcrumb":{"@id":"https:\/\/jennipitko.fi\/koti\/ehdolla-eduskuntaan\/#breadcrumb"},"inLanguage":"fi","potentialAction":[{"@type":"ReadAction","target":["https:\/\/jennipitko.fi\/koti\/ehdolla-eduskuntaan\/"]}]},{"@type":"BreadcrumbList","@id":"https:\/\/jennipitko.fi\/koti\/ehdolla-eduskuntaan\/#breadcrumb","itemListElement":[{"@type":"ListItem","position":1,"name":"Home","item":"https:\/\/jennipitko.fi\/koti\/"},{"@type":"ListItem","position":2,"name":"Ehdolla eduskuntaan"}]},{"@type":"WebSite","@id":"https:\/\/jennipitko.fi\/koti\/#website","url":"https:\/\/jennipitko.fi\/koti\/","name":"Jenni Pitko - Vihreiden varapuheenjohtaja, ymp\u00e4rist\u00f6valiokunnan puheenjohtaja, kansanedustaja ja arkkitehti Oulusta","description":"Jenni Pitko - Vihreiden varapuheenjohtaja, ymp\u00e4rist\u00f6valiokunnan puheenjohtaja, kansanedustaja ja arkkitehti Oulusta","publisher":{"@id":"https:\/\/jennipitko.fi\/koti\/#organization"},"potentialAction":[{"@type":"SearchAction","target":{"@type":"EntryPoint","urlTemplate":"https:\/\/jennipitko.fi\/koti\/?s={search_term_string}"},"query-input":{"@type":"PropertyValueSpecification","valueRequired":true,"valueName":"search_term_string"}}],"inLanguage":"fi"},{"@type":"Organization","@id":"https:\/\/jennipitko.fi\/koti\/#organization","name":"Jenni Pitko - Vihreiden varapuheenjohtaja, ymp\u00e4rist\u00f6valiokunnan puheenjohtaja, kansanedustaja ja arkkitehti Oulusta","url":"https:\/\/jennipitko.fi\/koti\/","logo":{"@type":"ImageObject","inLanguage":"fi","@id":"https:\/\/jennipitko.fi\/koti\/#\/schema\/logo\/image\/","url":"https:\/\/jennipitko.fi\/koti\/wp-content\/uploads\/2025\/09\/Nimeton-malli-38.png","contentUrl":"https:\/\/jennipitko.fi\/koti\/wp-content\/uploads\/2025\/09\/Nimeton-malli-38.png","width":1280,"height":847,"caption":"Jenni Pitko - Vihreiden varapuheenjohtaja, ymp\u00e4rist\u00f6valiokunnan puheenjohtaja, kansanedustaja ja arkkitehti Oulusta"},"image":{"@id":"https:\/\/jennipitko.fi\/koti\/#\/schema\/logo\/image\/"}},{"@type":"Person","@id":"https:\/\/jennipitko.fi\/koti\/#\/schema\/person\/35955c467f851f10124809310e7e7ee8","name":"Jenni","image":{"@type":"ImageObject","inLanguage":"fi","@id":"https:\/\/secure.gravatar.com\/avatar\/625a0e6413b293da7739d42617828d564a4d6028aec3f45d8939a2ba1617199f?s=96&d=blank&r=g","url":"https:\/\/secure.gravatar.com\/avatar\/625a0e6413b293da7739d42617828d564a4d6028aec3f45d8939a2ba1617199f?s=96&d=blank&r=g","contentUrl":"https:\/\/secure.gravatar.com\/avatar\/625a0e6413b293da7739d42617828d564a4d6028aec3f45d8939a2ba1617199f?s=96&d=blank&r=g","caption":"Jenni"},"url":"https:\/\/jennipitko.fi\/koti\/author\/jenni\/"}]}},"_links":{"self":[{"href":"https:\/\/jennipitko.fi\/koti\/wp-json\/wp\/v2\/posts\/1806","targetHints":{"allow":["GET"]}}],"collection":[{"href":"https:\/\/jennipitko.fi\/koti\/wp-json\/wp\/v2\/posts"}],"about":[{"href":"https:\/\/jennipitko.fi\/koti\/wp-json\/wp\/v2\/types\/post"}],"author":[{"embeddable":true,"href":"https:\/\/jennipitko.fi\/koti\/wp-json\/wp\/v2\/users\/1"}],"replies":[{"embeddable":true,"href":"https:\/\/jennipitko.fi\/koti\/wp-json\/wp\/v2\/comments?post=1806"}],"version-history":[{"count":2,"href":"https:\/\/jennipitko.fi\/koti\/wp-json\/wp\/v2\/posts\/1806\/revisions"}],"predecessor-version":[{"id":1890,"href":"https:\/\/jennipitko.fi\/koti\/wp-json\/wp\/v2\/posts\/1806\/revisions\/1890"}],"wp:attachment":[{"href":"https:\/\/jennipitko.fi\/koti\/wp-json\/wp\/v2\/media?parent=1806"}],"wp:term":[{"taxonomy":"category","embeddable":true,"href":"https:\/\/jennipitko.fi\/koti\/wp-json\/wp\/v2\/categories?post=1806"},{"taxonomy":"post_tag","embeddable":true,"href":"https:\/\/jennipitko.fi\/koti\/wp-json\/wp\/v2\/tags?post=1806"}],"curies":[{"name":"wp","href":"https:\/\/api.w.org\/{rel}","templated":true}]}}