{"id":1826,"date":"2019-01-19T11:08:08","date_gmt":"2019-01-19T09:08:08","guid":{"rendered":"http:\/\/jennipitko.fi\/koti\/?p=1826"},"modified":"2019-01-19T11:30:12","modified_gmt":"2019-01-19T09:30:12","slug":"pitko-ja-ohisalo-koyhyys-syrjayttaa-ja-sen-kitkeminen-tulee-olla-seuraavan-eduskunnan-tarkeimpia-tehtavia","status":"publish","type":"post","link":"https:\/\/jennipitko.fi\/koti\/pitko-ja-ohisalo-koyhyys-syrjayttaa-ja-sen-kitkeminen-tulee-olla-seuraavan-eduskunnan-tarkeimpia-tehtavia\/","title":{"rendered":"Pitko ja Ohisalo: K\u00f6yhyys syrj\u00e4ytt\u00e4\u00e4, ja sen kitkeminen tulee olla seuraavan eduskunnan t\u00e4rkeimpi\u00e4 teht\u00e4vi\u00e4"},"content":{"rendered":"\n<p>K\u00f6yhyys koskettaa isoa osaa suomalaisista. K\u00f6yhyys- tai syrj\u00e4ytymisriskiss\u00e4 oli noin 15 prosenttia v\u00e4est\u00f6st\u00e4 eli noin 850 000 henkil\u00f6\u00e4 vuonna 2016. Suomessa asuvista lapsista noin 160 000 uhkaa k\u00f6yhyys ja siihen liittyv\u00e4t syrj\u00e4ytymisen riskit.<br><\/p>\n\n\n\n<p>K\u00f6yhyys ja jatkuva niukkuus alentavat ihmisen toimintakyky\u00e4 ja el\u00e4m\u00e4nlaatua. K\u00f6yhyytt\u00e4 voi aiheuttaa esimerkiksi perheen aikuisten ty\u00f6tt\u00f6myys, pitk\u00e4aikaissairaudet tai pieni el\u00e4ke. My\u00f6s ulosottoon joutunut henkil\u00f6 tai konkurssin tehneen yritt\u00e4j\u00e4n veloista koituvat suuret kulut voivat johtaa k\u00f6yhyyteen, vaikka tulot olisivat sin\u00e4ns\u00e4 hyv\u00e4t.<br><\/p>\n\n\n\n<p>K\u00f6yhyydess\u00e4 el\u00e4v\u00e4n saappaisiin on vaikea asettua, jos ei ole itse ollut t\u00e4llaisessa tilanteessa el\u00e4m\u00e4ns\u00e4 aikana. Helsingin Sanomien julkaiseman niukkuuskyselyn vastaukset onnistuivat hyvin avaamaan niit\u00e4 tunteita, joita jatkuvassa k\u00f6yhyydess\u00e4 el\u00e4minen aiheuttaa. Turhautumista, ep\u00e4toivoa ja jopa vihaa. Usko tulevaisuuteen on koetuksella. <br><\/p>\n\n\n\n<p>K\u00f6yhyydest\u00e4 on vaikea pyristell\u00e4 omin avuin pois. Tilanne on kuluvalla hallituskaudella huonontunut, kun Sipil\u00e4n hallituksen ep\u00e4reilut leikkaukset ovat kohdistuneet juuri pienituloisiin ja tukien varassa el\u00e4viin ihmisiin. Esimerkiksi ty\u00f6tt\u00f6m\u00e4n perusp\u00e4iv\u00e4raha olisi t\u00e4n\u00e4 vuonna ilman indeksij\u00e4\u00e4dytyksi\u00e4 725 euroa kuukaudessa mutta hallituksen leikkausten vuoksi se on alle 700 euroa. K\u00f6yhyyden n\u00e4k\u00f6kulmasta Sipil\u00e4n hallituksen toteuttama aktiivimalli on todella ep\u00e4reilu. Heilt\u00e4, joilla on jo valmiiksi v\u00e4h\u00e4n, on leikattu viel\u00e4 lis\u00e4\u00e4 ja useat eri heikennykset ovat kohdentuneet samoihin ihmisiin moneen kertaan.<br><\/p>\n\n\n\n<p>Vihre\u00e4t ovat esitt\u00e4neet, ett\u00e4 v\u00e4himm\u00e4isetuudet (sairaus-, \u00e4itiys-, isyys- ja vanhempainp\u00e4iv\u00e4raha) nostetaan samalle tasolle ty\u00f6tt\u00f6m\u00e4n perusturvan kanssa. T\u00e4m\u00e4n lis\u00e4ksi ty\u00f6tt\u00f6mien, el\u00e4kel\u00e4isten ja kotona lasta hoitavien vanhempien perusturvaan tulee tehd\u00e4 50 euron tasokorotus. Etuudet tulee my\u00f6s sitoa takaisin kansanel\u00e4keindeksiin, josta hallitus ne irrotti. Opiskelijoilta hallitus on leikannut eniten, ja siksi my\u00f6s opintorahaan tarvitaan kunnon korotus.<br><\/p>\n\n\n\n<p>Tukien yhten\u00e4ist\u00e4minen on ensimm\u00e4inen askel kohti perustuloa. Perustulo v\u00e4hent\u00e4\u00e4 byrokratiaa, kannustinloukkuja ja helpottaa ty\u00f6n vastaanottamista. Perustuloa ei tarvitse erikseen hakea, vaan se maksetaan jokaiselle kansalaiselle ja tulon kasvaessa se leikkaantuu pois verotuksen kautta. Se kannustaa, ei rankaise. <br><\/p>\n\n\n\n<p>K\u00f6yhien lapsiperheiden auttaminen on mielest\u00e4mme suomalaisen hyvinvointiyhteiskunnan arvojen ydint\u00e4. Se on panostus, joka varmuudella maksaa itsens\u00e4 takaisin.<br><\/p>\n\n\n\n<p>Jenni Pitko<\/p>\n\n\n\n<p>Vihreiden eduskuntavaaliehdokas, Oulu<br><\/p>\n\n\n\n<p>Maria Ohisalo<\/p>\n\n\n\n<p>Vihreiden varapuheenjohtaja, Helsinki<em> <\/em><\/p>\n\n\n\n<p><em>Kirjoitus on julkaistu sanomalehti Kalevassa 19.1.2018<\/em><\/p>\n","protected":false},"excerpt":{"rendered":"<p>K\u00f6yhyys koskettaa isoa osaa suomalaisista. K\u00f6yhyys- tai syrj\u00e4ytymisriskiss\u00e4 oli noin 15 prosenttia v\u00e4est\u00f6st\u00e4 eli noin 850 000 henkil\u00f6\u00e4 vuonna 2016. [&hellip;]<\/p>\n","protected":false},"author":1,"featured_media":0,"comment_status":"closed","ping_status":"closed","sticky":false,"template":"","format":"standard","meta":{"_monsterinsights_skip_tracking":false,"_monsterinsights_sitenote_active":false,"_monsterinsights_sitenote_note":"","_monsterinsights_sitenote_category":0,"site-sidebar-layout":"default","site-content-layout":"","ast-site-content-layout":"default","site-content-style":"default","site-sidebar-style":"default","ast-global-header-display":"","ast-banner-title-visibility":"","ast-main-header-display":"","ast-hfb-above-header-display":"","ast-hfb-below-header-display":"","ast-hfb-mobile-header-display":"","site-post-title":"","ast-breadcrumbs-content":"","ast-featured-img":"","footer-sml-layout":"","ast-disable-related-posts":"","theme-transparent-header-meta":"","adv-header-id-meta":"","stick-header-meta":"","header-above-stick-meta":"","header-main-stick-meta":"","header-below-stick-meta":"","astra-migrate-meta-layouts":"default","ast-page-background-enabled":"default","ast-page-background-meta":{"desktop":{"background-color":"var(--ast-global-color-5)","background-image":"","background-repeat":"repeat","background-position":"center center","background-size":"auto","background-attachment":"scroll","background-type":"","background-media":"","overlay-type":"","overlay-color":"","overlay-opacity":"","overlay-gradient":""},"tablet":{"background-color":"","background-image":"","background-repeat":"repeat","background-position":"center center","background-size":"auto","background-attachment":"scroll","background-type":"","background-media":"","overlay-type":"","overlay-color":"","overlay-opacity":"","overlay-gradient":""},"mobile":{"background-color":"","background-image":"","background-repeat":"repeat","background-position":"center center","background-size":"auto","background-attachment":"scroll","background-type":"","background-media":"","overlay-type":"","overlay-color":"","overlay-opacity":"","overlay-gradient":""}},"ast-content-background-meta":{"desktop":{"background-color":"var(--ast-global-color-4)","background-image":"","background-repeat":"repeat","background-position":"center center","background-size":"auto","background-attachment":"scroll","background-type":"","background-media":"","overlay-type":"","overlay-color":"","overlay-opacity":"","overlay-gradient":""},"tablet":{"background-color":"var(--ast-global-color-4)","background-image":"","background-repeat":"repeat","background-position":"center center","background-size":"auto","background-attachment":"scroll","background-type":"","background-media":"","overlay-type":"","overlay-color":"","overlay-opacity":"","overlay-gradient":""},"mobile":{"background-color":"var(--ast-global-color-4)","background-image":"","background-repeat":"repeat","background-position":"center center","background-size":"auto","background-attachment":"scroll","background-type":"","background-media":"","overlay-type":"","overlay-color":"","overlay-opacity":"","overlay-gradient":""}},"footnotes":""},"categories":[2],"tags":[271,116,280,285,175,284,278,286,157],"class_list":["post-1826","post","type-post","status-publish","format-standard","hentry","category-blogi","tag-eduskunta","tag-eduskuntavaalit","tag-koyhyys","tag-maria-ohisalo","tag-perustulo","tag-perusturva","tag-sosiaaliturva","tag-syrjaytyminen","tag-talous"],"yoast_head":"<!-- This site is optimized with the Yoast SEO plugin v27.5 - https:\/\/yoast.com\/product\/yoast-seo-wordpress\/ -->\n<title>Pitko ja Ohisalo: K\u00f6yhyys syrj\u00e4ytt\u00e4\u00e4, ja sen kitkeminen tulee olla seuraavan eduskunnan t\u00e4rkeimpi\u00e4 teht\u00e4vi\u00e4 - Jenni Pitko - Vihreiden varapuheenjohtaja, ymp\u00e4rist\u00f6valiokunnan puheenjohtaja, kansanedustaja ja arkkitehti Oulusta<\/title>\n<meta name=\"robots\" content=\"index, follow, max-snippet:-1, max-image-preview:large, max-video-preview:-1\" \/>\n<link rel=\"canonical\" href=\"https:\/\/jennipitko.fi\/koti\/pitko-ja-ohisalo-koyhyys-syrjayttaa-ja-sen-kitkeminen-tulee-olla-seuraavan-eduskunnan-tarkeimpia-tehtavia\/\" \/>\n<meta property=\"og:locale\" content=\"fi_FI\" \/>\n<meta property=\"og:type\" content=\"article\" \/>\n<meta property=\"og:title\" content=\"Pitko ja Ohisalo: K\u00f6yhyys syrj\u00e4ytt\u00e4\u00e4, ja sen kitkeminen tulee olla seuraavan eduskunnan t\u00e4rkeimpi\u00e4 teht\u00e4vi\u00e4 - Jenni Pitko - Vihreiden varapuheenjohtaja, ymp\u00e4rist\u00f6valiokunnan puheenjohtaja, kansanedustaja ja arkkitehti Oulusta\" \/>\n<meta property=\"og:description\" content=\"K\u00f6yhyys koskettaa isoa osaa suomalaisista. K\u00f6yhyys- tai syrj\u00e4ytymisriskiss\u00e4 oli noin 15 prosenttia v\u00e4est\u00f6st\u00e4 eli noin 850 000 henkil\u00f6\u00e4 vuonna 2016. [&hellip;]\" \/>\n<meta property=\"og:url\" content=\"https:\/\/jennipitko.fi\/koti\/pitko-ja-ohisalo-koyhyys-syrjayttaa-ja-sen-kitkeminen-tulee-olla-seuraavan-eduskunnan-tarkeimpia-tehtavia\/\" \/>\n<meta property=\"og:site_name\" content=\"Jenni Pitko - Vihreiden varapuheenjohtaja, ymp\u00e4rist\u00f6valiokunnan puheenjohtaja, kansanedustaja ja arkkitehti Oulusta\" \/>\n<meta property=\"article:published_time\" content=\"2019-01-19T09:08:08+00:00\" \/>\n<meta property=\"article:modified_time\" content=\"2019-01-19T09:30:12+00:00\" \/>\n<meta name=\"author\" content=\"Jenni\" \/>\n<meta name=\"twitter:card\" content=\"summary_large_image\" \/>\n<meta name=\"twitter:label1\" content=\"Kirjoittanut\" \/>\n\t<meta name=\"twitter:data1\" content=\"Jenni\" \/>\n\t<meta name=\"twitter:label2\" content=\"Arvioitu lukuaika\" \/>\n\t<meta name=\"twitter:data2\" content=\"2 minuuttia\" \/>\n<script type=\"application\/ld+json\" class=\"yoast-schema-graph\">{\"@context\":\"https:\\\/\\\/schema.org\",\"@graph\":[{\"@type\":\"Article\",\"@id\":\"https:\\\/\\\/jennipitko.fi\\\/koti\\\/pitko-ja-ohisalo-koyhyys-syrjayttaa-ja-sen-kitkeminen-tulee-olla-seuraavan-eduskunnan-tarkeimpia-tehtavia\\\/#article\",\"isPartOf\":{\"@id\":\"https:\\\/\\\/jennipitko.fi\\\/koti\\\/pitko-ja-ohisalo-koyhyys-syrjayttaa-ja-sen-kitkeminen-tulee-olla-seuraavan-eduskunnan-tarkeimpia-tehtavia\\\/\"},\"author\":{\"name\":\"Jenni\",\"@id\":\"https:\\\/\\\/jennipitko.fi\\\/koti\\\/#\\\/schema\\\/person\\\/35955c467f851f10124809310e7e7ee8\"},\"headline\":\"Pitko ja Ohisalo: K\u00f6yhyys syrj\u00e4ytt\u00e4\u00e4, ja sen kitkeminen tulee olla seuraavan eduskunnan t\u00e4rkeimpi\u00e4 teht\u00e4vi\u00e4\",\"datePublished\":\"2019-01-19T09:08:08+00:00\",\"dateModified\":\"2019-01-19T09:30:12+00:00\",\"mainEntityOfPage\":{\"@id\":\"https:\\\/\\\/jennipitko.fi\\\/koti\\\/pitko-ja-ohisalo-koyhyys-syrjayttaa-ja-sen-kitkeminen-tulee-olla-seuraavan-eduskunnan-tarkeimpia-tehtavia\\\/\"},\"wordCount\":393,\"publisher\":{\"@id\":\"https:\\\/\\\/jennipitko.fi\\\/koti\\\/#organization\"},\"keywords\":[\"eduskunta\",\"eduskuntavaalit\",\"k\u00f6yhyys\",\"maria Ohisalo\",\"perustulo\",\"perusturva\",\"sosiaaliturva\",\"Syrj\u00e4ytyminen\",\"talous\"],\"articleSection\":[\"Blogi\"],\"inLanguage\":\"fi\"},{\"@type\":\"WebPage\",\"@id\":\"https:\\\/\\\/jennipitko.fi\\\/koti\\\/pitko-ja-ohisalo-koyhyys-syrjayttaa-ja-sen-kitkeminen-tulee-olla-seuraavan-eduskunnan-tarkeimpia-tehtavia\\\/\",\"url\":\"https:\\\/\\\/jennipitko.fi\\\/koti\\\/pitko-ja-ohisalo-koyhyys-syrjayttaa-ja-sen-kitkeminen-tulee-olla-seuraavan-eduskunnan-tarkeimpia-tehtavia\\\/\",\"name\":\"Pitko ja Ohisalo: K\u00f6yhyys syrj\u00e4ytt\u00e4\u00e4, ja sen kitkeminen tulee olla seuraavan eduskunnan t\u00e4rkeimpi\u00e4 teht\u00e4vi\u00e4 - Jenni Pitko - Vihreiden varapuheenjohtaja, ymp\u00e4rist\u00f6valiokunnan puheenjohtaja, kansanedustaja ja arkkitehti Oulusta\",\"isPartOf\":{\"@id\":\"https:\\\/\\\/jennipitko.fi\\\/koti\\\/#website\"},\"datePublished\":\"2019-01-19T09:08:08+00:00\",\"dateModified\":\"2019-01-19T09:30:12+00:00\",\"breadcrumb\":{\"@id\":\"https:\\\/\\\/jennipitko.fi\\\/koti\\\/pitko-ja-ohisalo-koyhyys-syrjayttaa-ja-sen-kitkeminen-tulee-olla-seuraavan-eduskunnan-tarkeimpia-tehtavia\\\/#breadcrumb\"},\"inLanguage\":\"fi\",\"potentialAction\":[{\"@type\":\"ReadAction\",\"target\":[\"https:\\\/\\\/jennipitko.fi\\\/koti\\\/pitko-ja-ohisalo-koyhyys-syrjayttaa-ja-sen-kitkeminen-tulee-olla-seuraavan-eduskunnan-tarkeimpia-tehtavia\\\/\"]}]},{\"@type\":\"BreadcrumbList\",\"@id\":\"https:\\\/\\\/jennipitko.fi\\\/koti\\\/pitko-ja-ohisalo-koyhyys-syrjayttaa-ja-sen-kitkeminen-tulee-olla-seuraavan-eduskunnan-tarkeimpia-tehtavia\\\/#breadcrumb\",\"itemListElement\":[{\"@type\":\"ListItem\",\"position\":1,\"name\":\"Home\",\"item\":\"https:\\\/\\\/jennipitko.fi\\\/koti\\\/\"},{\"@type\":\"ListItem\",\"position\":2,\"name\":\"Pitko ja Ohisalo: K\u00f6yhyys syrj\u00e4ytt\u00e4\u00e4, ja sen kitkeminen tulee olla seuraavan eduskunnan t\u00e4rkeimpi\u00e4 teht\u00e4vi\u00e4\"}]},{\"@type\":\"WebSite\",\"@id\":\"https:\\\/\\\/jennipitko.fi\\\/koti\\\/#website\",\"url\":\"https:\\\/\\\/jennipitko.fi\\\/koti\\\/\",\"name\":\"Jenni Pitko - Vihreiden varapuheenjohtaja, ymp\u00e4rist\u00f6valiokunnan puheenjohtaja, kansanedustaja ja arkkitehti Oulusta\",\"description\":\"Jenni Pitko - Vihreiden varapuheenjohtaja, ymp\u00e4rist\u00f6valiokunnan puheenjohtaja, kansanedustaja ja arkkitehti Oulusta\",\"publisher\":{\"@id\":\"https:\\\/\\\/jennipitko.fi\\\/koti\\\/#organization\"},\"potentialAction\":[{\"@type\":\"SearchAction\",\"target\":{\"@type\":\"EntryPoint\",\"urlTemplate\":\"https:\\\/\\\/jennipitko.fi\\\/koti\\\/?s={search_term_string}\"},\"query-input\":{\"@type\":\"PropertyValueSpecification\",\"valueRequired\":true,\"valueName\":\"search_term_string\"}}],\"inLanguage\":\"fi\"},{\"@type\":\"Organization\",\"@id\":\"https:\\\/\\\/jennipitko.fi\\\/koti\\\/#organization\",\"name\":\"Jenni Pitko - Vihreiden varapuheenjohtaja, ymp\u00e4rist\u00f6valiokunnan puheenjohtaja, kansanedustaja ja arkkitehti Oulusta\",\"url\":\"https:\\\/\\\/jennipitko.fi\\\/koti\\\/\",\"logo\":{\"@type\":\"ImageObject\",\"inLanguage\":\"fi\",\"@id\":\"https:\\\/\\\/jennipitko.fi\\\/koti\\\/#\\\/schema\\\/logo\\\/image\\\/\",\"url\":\"https:\\\/\\\/jennipitko.fi\\\/koti\\\/wp-content\\\/uploads\\\/2025\\\/09\\\/Nimeton-malli-38.png\",\"contentUrl\":\"https:\\\/\\\/jennipitko.fi\\\/koti\\\/wp-content\\\/uploads\\\/2025\\\/09\\\/Nimeton-malli-38.png\",\"width\":1280,\"height\":847,\"caption\":\"Jenni Pitko - Vihreiden varapuheenjohtaja, ymp\u00e4rist\u00f6valiokunnan puheenjohtaja, kansanedustaja ja arkkitehti Oulusta\"},\"image\":{\"@id\":\"https:\\\/\\\/jennipitko.fi\\\/koti\\\/#\\\/schema\\\/logo\\\/image\\\/\"}},{\"@type\":\"Person\",\"@id\":\"https:\\\/\\\/jennipitko.fi\\\/koti\\\/#\\\/schema\\\/person\\\/35955c467f851f10124809310e7e7ee8\",\"name\":\"Jenni\",\"image\":{\"@type\":\"ImageObject\",\"inLanguage\":\"fi\",\"@id\":\"https:\\\/\\\/secure.gravatar.com\\\/avatar\\\/625a0e6413b293da7739d42617828d564a4d6028aec3f45d8939a2ba1617199f?s=96&d=blank&r=g\",\"url\":\"https:\\\/\\\/secure.gravatar.com\\\/avatar\\\/625a0e6413b293da7739d42617828d564a4d6028aec3f45d8939a2ba1617199f?s=96&d=blank&r=g\",\"contentUrl\":\"https:\\\/\\\/secure.gravatar.com\\\/avatar\\\/625a0e6413b293da7739d42617828d564a4d6028aec3f45d8939a2ba1617199f?s=96&d=blank&r=g\",\"caption\":\"Jenni\"},\"url\":\"https:\\\/\\\/jennipitko.fi\\\/koti\\\/author\\\/jenni\\\/\"}]}<\/script>\n<!-- \/ Yoast SEO plugin. -->","yoast_head_json":{"title":"Pitko ja Ohisalo: K\u00f6yhyys syrj\u00e4ytt\u00e4\u00e4, ja sen kitkeminen tulee olla seuraavan eduskunnan t\u00e4rkeimpi\u00e4 teht\u00e4vi\u00e4 - Jenni Pitko - Vihreiden varapuheenjohtaja, ymp\u00e4rist\u00f6valiokunnan puheenjohtaja, kansanedustaja ja arkkitehti Oulusta","robots":{"index":"index","follow":"follow","max-snippet":"max-snippet:-1","max-image-preview":"max-image-preview:large","max-video-preview":"max-video-preview:-1"},"canonical":"https:\/\/jennipitko.fi\/koti\/pitko-ja-ohisalo-koyhyys-syrjayttaa-ja-sen-kitkeminen-tulee-olla-seuraavan-eduskunnan-tarkeimpia-tehtavia\/","og_locale":"fi_FI","og_type":"article","og_title":"Pitko ja Ohisalo: K\u00f6yhyys syrj\u00e4ytt\u00e4\u00e4, ja sen kitkeminen tulee olla seuraavan eduskunnan t\u00e4rkeimpi\u00e4 teht\u00e4vi\u00e4 - Jenni Pitko - Vihreiden varapuheenjohtaja, ymp\u00e4rist\u00f6valiokunnan puheenjohtaja, kansanedustaja ja arkkitehti Oulusta","og_description":"K\u00f6yhyys koskettaa isoa osaa suomalaisista. K\u00f6yhyys- tai syrj\u00e4ytymisriskiss\u00e4 oli noin 15 prosenttia v\u00e4est\u00f6st\u00e4 eli noin 850 000 henkil\u00f6\u00e4 vuonna 2016. [&hellip;]","og_url":"https:\/\/jennipitko.fi\/koti\/pitko-ja-ohisalo-koyhyys-syrjayttaa-ja-sen-kitkeminen-tulee-olla-seuraavan-eduskunnan-tarkeimpia-tehtavia\/","og_site_name":"Jenni Pitko - Vihreiden varapuheenjohtaja, ymp\u00e4rist\u00f6valiokunnan puheenjohtaja, kansanedustaja ja arkkitehti Oulusta","article_published_time":"2019-01-19T09:08:08+00:00","article_modified_time":"2019-01-19T09:30:12+00:00","author":"Jenni","twitter_card":"summary_large_image","twitter_misc":{"Kirjoittanut":"Jenni","Arvioitu lukuaika":"2 minuuttia"},"schema":{"@context":"https:\/\/schema.org","@graph":[{"@type":"Article","@id":"https:\/\/jennipitko.fi\/koti\/pitko-ja-ohisalo-koyhyys-syrjayttaa-ja-sen-kitkeminen-tulee-olla-seuraavan-eduskunnan-tarkeimpia-tehtavia\/#article","isPartOf":{"@id":"https:\/\/jennipitko.fi\/koti\/pitko-ja-ohisalo-koyhyys-syrjayttaa-ja-sen-kitkeminen-tulee-olla-seuraavan-eduskunnan-tarkeimpia-tehtavia\/"},"author":{"name":"Jenni","@id":"https:\/\/jennipitko.fi\/koti\/#\/schema\/person\/35955c467f851f10124809310e7e7ee8"},"headline":"Pitko ja Ohisalo: K\u00f6yhyys syrj\u00e4ytt\u00e4\u00e4, ja sen kitkeminen tulee olla seuraavan eduskunnan t\u00e4rkeimpi\u00e4 teht\u00e4vi\u00e4","datePublished":"2019-01-19T09:08:08+00:00","dateModified":"2019-01-19T09:30:12+00:00","mainEntityOfPage":{"@id":"https:\/\/jennipitko.fi\/koti\/pitko-ja-ohisalo-koyhyys-syrjayttaa-ja-sen-kitkeminen-tulee-olla-seuraavan-eduskunnan-tarkeimpia-tehtavia\/"},"wordCount":393,"publisher":{"@id":"https:\/\/jennipitko.fi\/koti\/#organization"},"keywords":["eduskunta","eduskuntavaalit","k\u00f6yhyys","maria Ohisalo","perustulo","perusturva","sosiaaliturva","Syrj\u00e4ytyminen","talous"],"articleSection":["Blogi"],"inLanguage":"fi"},{"@type":"WebPage","@id":"https:\/\/jennipitko.fi\/koti\/pitko-ja-ohisalo-koyhyys-syrjayttaa-ja-sen-kitkeminen-tulee-olla-seuraavan-eduskunnan-tarkeimpia-tehtavia\/","url":"https:\/\/jennipitko.fi\/koti\/pitko-ja-ohisalo-koyhyys-syrjayttaa-ja-sen-kitkeminen-tulee-olla-seuraavan-eduskunnan-tarkeimpia-tehtavia\/","name":"Pitko ja Ohisalo: K\u00f6yhyys syrj\u00e4ytt\u00e4\u00e4, ja sen kitkeminen tulee olla seuraavan eduskunnan t\u00e4rkeimpi\u00e4 teht\u00e4vi\u00e4 - Jenni Pitko - Vihreiden varapuheenjohtaja, ymp\u00e4rist\u00f6valiokunnan puheenjohtaja, kansanedustaja ja arkkitehti Oulusta","isPartOf":{"@id":"https:\/\/jennipitko.fi\/koti\/#website"},"datePublished":"2019-01-19T09:08:08+00:00","dateModified":"2019-01-19T09:30:12+00:00","breadcrumb":{"@id":"https:\/\/jennipitko.fi\/koti\/pitko-ja-ohisalo-koyhyys-syrjayttaa-ja-sen-kitkeminen-tulee-olla-seuraavan-eduskunnan-tarkeimpia-tehtavia\/#breadcrumb"},"inLanguage":"fi","potentialAction":[{"@type":"ReadAction","target":["https:\/\/jennipitko.fi\/koti\/pitko-ja-ohisalo-koyhyys-syrjayttaa-ja-sen-kitkeminen-tulee-olla-seuraavan-eduskunnan-tarkeimpia-tehtavia\/"]}]},{"@type":"BreadcrumbList","@id":"https:\/\/jennipitko.fi\/koti\/pitko-ja-ohisalo-koyhyys-syrjayttaa-ja-sen-kitkeminen-tulee-olla-seuraavan-eduskunnan-tarkeimpia-tehtavia\/#breadcrumb","itemListElement":[{"@type":"ListItem","position":1,"name":"Home","item":"https:\/\/jennipitko.fi\/koti\/"},{"@type":"ListItem","position":2,"name":"Pitko ja Ohisalo: K\u00f6yhyys syrj\u00e4ytt\u00e4\u00e4, ja sen kitkeminen tulee olla seuraavan eduskunnan t\u00e4rkeimpi\u00e4 teht\u00e4vi\u00e4"}]},{"@type":"WebSite","@id":"https:\/\/jennipitko.fi\/koti\/#website","url":"https:\/\/jennipitko.fi\/koti\/","name":"Jenni Pitko - Vihreiden varapuheenjohtaja, ymp\u00e4rist\u00f6valiokunnan puheenjohtaja, kansanedustaja ja arkkitehti Oulusta","description":"Jenni Pitko - Vihreiden varapuheenjohtaja, ymp\u00e4rist\u00f6valiokunnan puheenjohtaja, kansanedustaja ja arkkitehti Oulusta","publisher":{"@id":"https:\/\/jennipitko.fi\/koti\/#organization"},"potentialAction":[{"@type":"SearchAction","target":{"@type":"EntryPoint","urlTemplate":"https:\/\/jennipitko.fi\/koti\/?s={search_term_string}"},"query-input":{"@type":"PropertyValueSpecification","valueRequired":true,"valueName":"search_term_string"}}],"inLanguage":"fi"},{"@type":"Organization","@id":"https:\/\/jennipitko.fi\/koti\/#organization","name":"Jenni Pitko - Vihreiden varapuheenjohtaja, ymp\u00e4rist\u00f6valiokunnan puheenjohtaja, kansanedustaja ja arkkitehti Oulusta","url":"https:\/\/jennipitko.fi\/koti\/","logo":{"@type":"ImageObject","inLanguage":"fi","@id":"https:\/\/jennipitko.fi\/koti\/#\/schema\/logo\/image\/","url":"https:\/\/jennipitko.fi\/koti\/wp-content\/uploads\/2025\/09\/Nimeton-malli-38.png","contentUrl":"https:\/\/jennipitko.fi\/koti\/wp-content\/uploads\/2025\/09\/Nimeton-malli-38.png","width":1280,"height":847,"caption":"Jenni Pitko - Vihreiden varapuheenjohtaja, ymp\u00e4rist\u00f6valiokunnan puheenjohtaja, kansanedustaja ja arkkitehti Oulusta"},"image":{"@id":"https:\/\/jennipitko.fi\/koti\/#\/schema\/logo\/image\/"}},{"@type":"Person","@id":"https:\/\/jennipitko.fi\/koti\/#\/schema\/person\/35955c467f851f10124809310e7e7ee8","name":"Jenni","image":{"@type":"ImageObject","inLanguage":"fi","@id":"https:\/\/secure.gravatar.com\/avatar\/625a0e6413b293da7739d42617828d564a4d6028aec3f45d8939a2ba1617199f?s=96&d=blank&r=g","url":"https:\/\/secure.gravatar.com\/avatar\/625a0e6413b293da7739d42617828d564a4d6028aec3f45d8939a2ba1617199f?s=96&d=blank&r=g","contentUrl":"https:\/\/secure.gravatar.com\/avatar\/625a0e6413b293da7739d42617828d564a4d6028aec3f45d8939a2ba1617199f?s=96&d=blank&r=g","caption":"Jenni"},"url":"https:\/\/jennipitko.fi\/koti\/author\/jenni\/"}]}},"_links":{"self":[{"href":"https:\/\/jennipitko.fi\/koti\/wp-json\/wp\/v2\/posts\/1826","targetHints":{"allow":["GET"]}}],"collection":[{"href":"https:\/\/jennipitko.fi\/koti\/wp-json\/wp\/v2\/posts"}],"about":[{"href":"https:\/\/jennipitko.fi\/koti\/wp-json\/wp\/v2\/types\/post"}],"author":[{"embeddable":true,"href":"https:\/\/jennipitko.fi\/koti\/wp-json\/wp\/v2\/users\/1"}],"replies":[{"embeddable":true,"href":"https:\/\/jennipitko.fi\/koti\/wp-json\/wp\/v2\/comments?post=1826"}],"version-history":[{"count":1,"href":"https:\/\/jennipitko.fi\/koti\/wp-json\/wp\/v2\/posts\/1826\/revisions"}],"predecessor-version":[{"id":1827,"href":"https:\/\/jennipitko.fi\/koti\/wp-json\/wp\/v2\/posts\/1826\/revisions\/1827"}],"wp:attachment":[{"href":"https:\/\/jennipitko.fi\/koti\/wp-json\/wp\/v2\/media?parent=1826"}],"wp:term":[{"taxonomy":"category","embeddable":true,"href":"https:\/\/jennipitko.fi\/koti\/wp-json\/wp\/v2\/categories?post=1826"},{"taxonomy":"post_tag","embeddable":true,"href":"https:\/\/jennipitko.fi\/koti\/wp-json\/wp\/v2\/tags?post=1826"}],"curies":[{"name":"wp","href":"https:\/\/api.w.org\/{rel}","templated":true}]}}