{"id":1877,"date":"2019-02-06T08:03:59","date_gmt":"2019-02-06T06:03:59","guid":{"rendered":"http:\/\/jennipitko.fi\/koti\/ilo-169-ratifioitava-ja-saamelaisten-oikeudet-turvattava\/"},"modified":"2019-02-12T19:22:42","modified_gmt":"2019-02-12T17:22:42","slug":"ilo-169-ratifioitava-ja-saamelaisten-oikeudet-turvattava","status":"publish","type":"post","link":"https:\/\/jennipitko.fi\/koti\/ilo-169-ratifioitava-ja-saamelaisten-oikeudet-turvattava\/","title":{"rendered":"ILO 169 ratifioitava ja saamelaisten oikeudet turvattava"},"content":{"rendered":"<p>Oulun taidemuseolla on juuri avauttu saamelaistaiteilija Outi Pieskin n\u00e4yttely. Pieskin maalausten l\u00e4ht\u00f6kohtana on kotiseudun tunturiluonto. Inspiraation l\u00e4hteen\u00e4 on ollut mets\u00e4n aluskasvillisuus, el\u00e4inten turkit, lintujen h\u00f6yhenet ja turvekammien turvapeitteet. T\u00e4m\u00e4 n\u00e4yttely on n\u00e4ht\u00e4v\u00e4!<\/p>\n<p>Saamelaisuus ei kuitenkaan ole vain kaunista taidetta tai mielenkiintoinen osa pohjoisten alueiden historiaa. Saamelaisuus on kulttuuri, joka el\u00e4\u00e4 ja jonka elinvoiman eteen joutuvat saamelaiset jatkuvasti taistelemaan.<\/p>\n<p>Saamelaisten oikeudet ja ILO 169 -sopimuksen ratifiointi on politiikan ikuisuusaiheita. On silkkaa v\u00e4linpit\u00e4m\u00e4tt\u00f6myytt\u00e4, ett\u00e4 Suomi on allekirjoittanut ILO 169 -sopimuksen jo noin 25 vuotta sitten, mutta ei ole ratifioinut sit\u00e4 eli ottanut k\u00e4yt\u00e4nt\u00f6\u00f6n sovittuja asioita. Suomen h\u00e4pe\u00e4llisen sulauttamispolitiikan vahinkoja on viel\u00e4 paljon my\u00f6s korjaamatta. <!--more--><\/p>\n<p>Miksi ILO 169 sopimus on t\u00e4rke\u00e4? Sopimus edesauttaisi alkuper\u00e4iskansojen el\u00e4m\u00e4ntavan, kielen ja identiteetin s\u00e4ilymist\u00e4. Se antaisi saamelaisten p\u00e4\u00e4tt\u00e4\u00e4 itse omasta tulevaisuudestaan ja antaisi vaikutusmahdollisuuden kaikkiin saamelaisia koskeviin kysymyksiin.<\/p>\n<p>Saamelaisten ja suomalaisen v\u00e4est\u00f6n juuret ja kulttuuri kietoutuu monin paikoin yhteen ja Lapissa on t\u00e4h\u00e4n astikin mahtunut el\u00e4m\u00e4\u00e4n kaksi kansaa. Maanomistusoloihin ILO 169 -sopimuksen ratifiointi ei vaikuta, sill\u00e4 Saamelaisk\u00e4r\u00e4j\u00e4t hyv\u00e4ksyi lokakuussa 2014 Suomen hallituksen kompromissiesityksen maanomistusoikeuksiin liittyen.<\/p>\n<p>Sen lis\u00e4ksi, ett\u00e4 nykyinen hallitus on p\u00e4\u00e4tt\u00e4nyt edelleen lyk\u00e4t\u00e4 sopimuksen ratifioimista, ei Suomen toiminta saamelaisten suhteen ole ollut mallikasta muutenkaan. Viime viikolla Suomi sai YK:n ihmisoikeuskomitealta moitteet saamelaisten oikeuksien loukkaamisesta. Asia liittyi 2015 tapahtuneeseen KHO:n p\u00e4\u00e4t\u00f6kseen, jolla liitettiin 93 ei-saamelaista henkil\u00f6\u00e4 Saamelaisk\u00e4r\u00e4jien vaaliluetteloon vastoin Saamelaisk\u00e4r\u00e4jien aiempaa p\u00e4\u00e4t\u00f6st\u00e4. YK:n ihmisoikeuskomitea painotti ratkaisussaan saamelaisten itsem\u00e4\u00e4r\u00e4\u00e4misoikeutta.<\/p>\n<p>Omassa varhaishistoriassani saamelaisten kulttuurilla on ollut kummallisen pieni osuus ottaen huomioon, ett\u00e4 olen lapsuuden ja nuoruuden asunut Lapissa. Saamelaisuus ei sis\u00e4ltynyt opetussuunnitelmaan eik\u00e4 asiasta kertakaikkiaan puhuttu. Tiet\u00e4m\u00e4tt\u00f6myys on omiaan synnytt\u00e4m\u00e4\u00e4n ennakkoluuloja ja ristiriitoja. Ymm\u00e4rt\u00e4\u00e4kseni saamelaisten historia ja kulttuuri ei edelleenk\u00e4\u00e4n tule erityisemmin esiin Suomen historian opetuksessa tai muissakaan aihealueissa. Toivottavasti t\u00e4h\u00e4nkin tulee muutos.<\/p>\n<pre id=\"docs-internal-guid-23984df4-7fff-9a0c-4414-3a5906225467\" dir=\"ltr\" style=\"line-height: 1.38; margin-top: 0pt; margin-bottom: 0pt;\"><span style=\"font-size: 11pt; font-family: Arial; color: #000000; background-color: transparent; font-weight: 400; font-style: normal; font-variant: normal; text-decoration: none; vertical-align: baseline; white-space: pre-wrap;\">\u00a0<\/span><\/pre>\n","protected":false},"excerpt":{"rendered":"<p>Oulun taidemuseolla on juuri avauttu saamelaistaiteilija Outi Pieskin n\u00e4yttely. Pieskin maalausten l\u00e4ht\u00f6kohtana on kotiseudun tunturiluonto. Inspiraation l\u00e4hteen\u00e4 on ollut mets\u00e4n [&hellip;]<\/p>\n","protected":false},"author":1,"featured_media":0,"comment_status":"closed","ping_status":"closed","sticky":false,"template":"","format":"standard","meta":{"_monsterinsights_skip_tracking":false,"_monsterinsights_sitenote_active":false,"_monsterinsights_sitenote_note":"","_monsterinsights_sitenote_category":0,"site-sidebar-layout":"default","site-content-layout":"","ast-site-content-layout":"default","site-content-style":"default","site-sidebar-style":"default","ast-global-header-display":"","ast-banner-title-visibility":"","ast-main-header-display":"","ast-hfb-above-header-display":"","ast-hfb-below-header-display":"","ast-hfb-mobile-header-display":"","site-post-title":"","ast-breadcrumbs-content":"","ast-featured-img":"","footer-sml-layout":"","ast-disable-related-posts":"","theme-transparent-header-meta":"","adv-header-id-meta":"","stick-header-meta":"","header-above-stick-meta":"","header-main-stick-meta":"","header-below-stick-meta":"","astra-migrate-meta-layouts":"default","ast-page-background-enabled":"default","ast-page-background-meta":{"desktop":{"background-color":"var(--ast-global-color-5)","background-image":"","background-repeat":"repeat","background-position":"center center","background-size":"auto","background-attachment":"scroll","background-type":"","background-media":"","overlay-type":"","overlay-color":"","overlay-opacity":"","overlay-gradient":""},"tablet":{"background-color":"","background-image":"","background-repeat":"repeat","background-position":"center center","background-size":"auto","background-attachment":"scroll","background-type":"","background-media":"","overlay-type":"","overlay-color":"","overlay-opacity":"","overlay-gradient":""},"mobile":{"background-color":"","background-image":"","background-repeat":"repeat","background-position":"center center","background-size":"auto","background-attachment":"scroll","background-type":"","background-media":"","overlay-type":"","overlay-color":"","overlay-opacity":"","overlay-gradient":""}},"ast-content-background-meta":{"desktop":{"background-color":"var(--ast-global-color-4)","background-image":"","background-repeat":"repeat","background-position":"center center","background-size":"auto","background-attachment":"scroll","background-type":"","background-media":"","overlay-type":"","overlay-color":"","overlay-opacity":"","overlay-gradient":""},"tablet":{"background-color":"var(--ast-global-color-4)","background-image":"","background-repeat":"repeat","background-position":"center center","background-size":"auto","background-attachment":"scroll","background-type":"","background-media":"","overlay-type":"","overlay-color":"","overlay-opacity":"","overlay-gradient":""},"mobile":{"background-color":"var(--ast-global-color-4)","background-image":"","background-repeat":"repeat","background-position":"center center","background-size":"auto","background-attachment":"scroll","background-type":"","background-media":"","overlay-type":"","overlay-color":"","overlay-opacity":"","overlay-gradient":""}},"footnotes":""},"categories":[2],"tags":[289,288,287],"class_list":["post-1877","post","type-post","status-publish","format-standard","hentry","category-blogi","tag-alkuperaiskansa","tag-ilo-169","tag-saamelaiset"],"yoast_head":"<!-- This site is optimized with the Yoast SEO plugin v27.5 - https:\/\/yoast.com\/product\/yoast-seo-wordpress\/ -->\n<title>ILO 169 ratifioitava ja saamelaisten oikeudet turvattava - Jenni Pitko - Vihreiden varapuheenjohtaja, ymp\u00e4rist\u00f6valiokunnan puheenjohtaja, kansanedustaja ja arkkitehti Oulusta<\/title>\n<meta name=\"robots\" content=\"index, follow, max-snippet:-1, max-image-preview:large, max-video-preview:-1\" \/>\n<link rel=\"canonical\" href=\"https:\/\/jennipitko.fi\/koti\/ilo-169-ratifioitava-ja-saamelaisten-oikeudet-turvattava\/\" \/>\n<meta property=\"og:locale\" content=\"fi_FI\" \/>\n<meta property=\"og:type\" content=\"article\" \/>\n<meta property=\"og:title\" content=\"ILO 169 ratifioitava ja saamelaisten oikeudet turvattava - Jenni Pitko - Vihreiden varapuheenjohtaja, ymp\u00e4rist\u00f6valiokunnan puheenjohtaja, kansanedustaja ja arkkitehti Oulusta\" \/>\n<meta property=\"og:description\" content=\"Oulun taidemuseolla on juuri avauttu saamelaistaiteilija Outi Pieskin n\u00e4yttely. Pieskin maalausten l\u00e4ht\u00f6kohtana on kotiseudun tunturiluonto. Inspiraation l\u00e4hteen\u00e4 on ollut mets\u00e4n [&hellip;]\" \/>\n<meta property=\"og:url\" content=\"https:\/\/jennipitko.fi\/koti\/ilo-169-ratifioitava-ja-saamelaisten-oikeudet-turvattava\/\" \/>\n<meta property=\"og:site_name\" content=\"Jenni Pitko - Vihreiden varapuheenjohtaja, ymp\u00e4rist\u00f6valiokunnan puheenjohtaja, kansanedustaja ja arkkitehti Oulusta\" \/>\n<meta property=\"article:published_time\" content=\"2019-02-06T06:03:59+00:00\" \/>\n<meta property=\"article:modified_time\" content=\"2019-02-12T17:22:42+00:00\" \/>\n<meta name=\"author\" content=\"Jenni\" \/>\n<meta name=\"twitter:card\" content=\"summary_large_image\" \/>\n<meta name=\"twitter:label1\" content=\"Kirjoittanut\" \/>\n\t<meta name=\"twitter:data1\" content=\"Jenni\" \/>\n\t<meta name=\"twitter:label2\" content=\"Arvioitu lukuaika\" \/>\n\t<meta name=\"twitter:data2\" content=\"2 minuuttia\" \/>\n<script type=\"application\/ld+json\" class=\"yoast-schema-graph\">{\"@context\":\"https:\\\/\\\/schema.org\",\"@graph\":[{\"@type\":\"Article\",\"@id\":\"https:\\\/\\\/jennipitko.fi\\\/koti\\\/ilo-169-ratifioitava-ja-saamelaisten-oikeudet-turvattava\\\/#article\",\"isPartOf\":{\"@id\":\"https:\\\/\\\/jennipitko.fi\\\/koti\\\/ilo-169-ratifioitava-ja-saamelaisten-oikeudet-turvattava\\\/\"},\"author\":{\"name\":\"Jenni\",\"@id\":\"https:\\\/\\\/jennipitko.fi\\\/koti\\\/#\\\/schema\\\/person\\\/35955c467f851f10124809310e7e7ee8\"},\"headline\":\"ILO 169 ratifioitava ja saamelaisten oikeudet turvattava\",\"datePublished\":\"2019-02-06T06:03:59+00:00\",\"dateModified\":\"2019-02-12T17:22:42+00:00\",\"mainEntityOfPage\":{\"@id\":\"https:\\\/\\\/jennipitko.fi\\\/koti\\\/ilo-169-ratifioitava-ja-saamelaisten-oikeudet-turvattava\\\/\"},\"wordCount\":336,\"publisher\":{\"@id\":\"https:\\\/\\\/jennipitko.fi\\\/koti\\\/#organization\"},\"keywords\":[\"alkuper\u00e4iskansa\",\"ILO 169\",\"saamelaiset\"],\"articleSection\":[\"Blogi\"],\"inLanguage\":\"fi\"},{\"@type\":\"WebPage\",\"@id\":\"https:\\\/\\\/jennipitko.fi\\\/koti\\\/ilo-169-ratifioitava-ja-saamelaisten-oikeudet-turvattava\\\/\",\"url\":\"https:\\\/\\\/jennipitko.fi\\\/koti\\\/ilo-169-ratifioitava-ja-saamelaisten-oikeudet-turvattava\\\/\",\"name\":\"ILO 169 ratifioitava ja saamelaisten oikeudet turvattava - Jenni Pitko - Vihreiden varapuheenjohtaja, ymp\u00e4rist\u00f6valiokunnan puheenjohtaja, kansanedustaja ja arkkitehti Oulusta\",\"isPartOf\":{\"@id\":\"https:\\\/\\\/jennipitko.fi\\\/koti\\\/#website\"},\"datePublished\":\"2019-02-06T06:03:59+00:00\",\"dateModified\":\"2019-02-12T17:22:42+00:00\",\"breadcrumb\":{\"@id\":\"https:\\\/\\\/jennipitko.fi\\\/koti\\\/ilo-169-ratifioitava-ja-saamelaisten-oikeudet-turvattava\\\/#breadcrumb\"},\"inLanguage\":\"fi\",\"potentialAction\":[{\"@type\":\"ReadAction\",\"target\":[\"https:\\\/\\\/jennipitko.fi\\\/koti\\\/ilo-169-ratifioitava-ja-saamelaisten-oikeudet-turvattava\\\/\"]}]},{\"@type\":\"BreadcrumbList\",\"@id\":\"https:\\\/\\\/jennipitko.fi\\\/koti\\\/ilo-169-ratifioitava-ja-saamelaisten-oikeudet-turvattava\\\/#breadcrumb\",\"itemListElement\":[{\"@type\":\"ListItem\",\"position\":1,\"name\":\"Home\",\"item\":\"https:\\\/\\\/jennipitko.fi\\\/koti\\\/\"},{\"@type\":\"ListItem\",\"position\":2,\"name\":\"ILO 169 ratifioitava ja saamelaisten oikeudet turvattava\"}]},{\"@type\":\"WebSite\",\"@id\":\"https:\\\/\\\/jennipitko.fi\\\/koti\\\/#website\",\"url\":\"https:\\\/\\\/jennipitko.fi\\\/koti\\\/\",\"name\":\"Jenni Pitko - Vihreiden varapuheenjohtaja, ymp\u00e4rist\u00f6valiokunnan puheenjohtaja, kansanedustaja ja arkkitehti Oulusta\",\"description\":\"Jenni Pitko - Vihreiden varapuheenjohtaja, ymp\u00e4rist\u00f6valiokunnan puheenjohtaja, kansanedustaja ja arkkitehti Oulusta\",\"publisher\":{\"@id\":\"https:\\\/\\\/jennipitko.fi\\\/koti\\\/#organization\"},\"potentialAction\":[{\"@type\":\"SearchAction\",\"target\":{\"@type\":\"EntryPoint\",\"urlTemplate\":\"https:\\\/\\\/jennipitko.fi\\\/koti\\\/?s={search_term_string}\"},\"query-input\":{\"@type\":\"PropertyValueSpecification\",\"valueRequired\":true,\"valueName\":\"search_term_string\"}}],\"inLanguage\":\"fi\"},{\"@type\":\"Organization\",\"@id\":\"https:\\\/\\\/jennipitko.fi\\\/koti\\\/#organization\",\"name\":\"Jenni Pitko - Vihreiden varapuheenjohtaja, ymp\u00e4rist\u00f6valiokunnan puheenjohtaja, kansanedustaja ja arkkitehti Oulusta\",\"url\":\"https:\\\/\\\/jennipitko.fi\\\/koti\\\/\",\"logo\":{\"@type\":\"ImageObject\",\"inLanguage\":\"fi\",\"@id\":\"https:\\\/\\\/jennipitko.fi\\\/koti\\\/#\\\/schema\\\/logo\\\/image\\\/\",\"url\":\"https:\\\/\\\/jennipitko.fi\\\/koti\\\/wp-content\\\/uploads\\\/2025\\\/09\\\/Nimeton-malli-38.png\",\"contentUrl\":\"https:\\\/\\\/jennipitko.fi\\\/koti\\\/wp-content\\\/uploads\\\/2025\\\/09\\\/Nimeton-malli-38.png\",\"width\":1280,\"height\":847,\"caption\":\"Jenni Pitko - Vihreiden varapuheenjohtaja, ymp\u00e4rist\u00f6valiokunnan puheenjohtaja, kansanedustaja ja arkkitehti Oulusta\"},\"image\":{\"@id\":\"https:\\\/\\\/jennipitko.fi\\\/koti\\\/#\\\/schema\\\/logo\\\/image\\\/\"}},{\"@type\":\"Person\",\"@id\":\"https:\\\/\\\/jennipitko.fi\\\/koti\\\/#\\\/schema\\\/person\\\/35955c467f851f10124809310e7e7ee8\",\"name\":\"Jenni\",\"image\":{\"@type\":\"ImageObject\",\"inLanguage\":\"fi\",\"@id\":\"https:\\\/\\\/secure.gravatar.com\\\/avatar\\\/625a0e6413b293da7739d42617828d564a4d6028aec3f45d8939a2ba1617199f?s=96&d=blank&r=g\",\"url\":\"https:\\\/\\\/secure.gravatar.com\\\/avatar\\\/625a0e6413b293da7739d42617828d564a4d6028aec3f45d8939a2ba1617199f?s=96&d=blank&r=g\",\"contentUrl\":\"https:\\\/\\\/secure.gravatar.com\\\/avatar\\\/625a0e6413b293da7739d42617828d564a4d6028aec3f45d8939a2ba1617199f?s=96&d=blank&r=g\",\"caption\":\"Jenni\"},\"url\":\"https:\\\/\\\/jennipitko.fi\\\/koti\\\/author\\\/jenni\\\/\"}]}<\/script>\n<!-- \/ Yoast SEO plugin. -->","yoast_head_json":{"title":"ILO 169 ratifioitava ja saamelaisten oikeudet turvattava - Jenni Pitko - Vihreiden varapuheenjohtaja, ymp\u00e4rist\u00f6valiokunnan puheenjohtaja, kansanedustaja ja arkkitehti Oulusta","robots":{"index":"index","follow":"follow","max-snippet":"max-snippet:-1","max-image-preview":"max-image-preview:large","max-video-preview":"max-video-preview:-1"},"canonical":"https:\/\/jennipitko.fi\/koti\/ilo-169-ratifioitava-ja-saamelaisten-oikeudet-turvattava\/","og_locale":"fi_FI","og_type":"article","og_title":"ILO 169 ratifioitava ja saamelaisten oikeudet turvattava - Jenni Pitko - Vihreiden varapuheenjohtaja, ymp\u00e4rist\u00f6valiokunnan puheenjohtaja, kansanedustaja ja arkkitehti Oulusta","og_description":"Oulun taidemuseolla on juuri avauttu saamelaistaiteilija Outi Pieskin n\u00e4yttely. Pieskin maalausten l\u00e4ht\u00f6kohtana on kotiseudun tunturiluonto. Inspiraation l\u00e4hteen\u00e4 on ollut mets\u00e4n [&hellip;]","og_url":"https:\/\/jennipitko.fi\/koti\/ilo-169-ratifioitava-ja-saamelaisten-oikeudet-turvattava\/","og_site_name":"Jenni Pitko - Vihreiden varapuheenjohtaja, ymp\u00e4rist\u00f6valiokunnan puheenjohtaja, kansanedustaja ja arkkitehti Oulusta","article_published_time":"2019-02-06T06:03:59+00:00","article_modified_time":"2019-02-12T17:22:42+00:00","author":"Jenni","twitter_card":"summary_large_image","twitter_misc":{"Kirjoittanut":"Jenni","Arvioitu lukuaika":"2 minuuttia"},"schema":{"@context":"https:\/\/schema.org","@graph":[{"@type":"Article","@id":"https:\/\/jennipitko.fi\/koti\/ilo-169-ratifioitava-ja-saamelaisten-oikeudet-turvattava\/#article","isPartOf":{"@id":"https:\/\/jennipitko.fi\/koti\/ilo-169-ratifioitava-ja-saamelaisten-oikeudet-turvattava\/"},"author":{"name":"Jenni","@id":"https:\/\/jennipitko.fi\/koti\/#\/schema\/person\/35955c467f851f10124809310e7e7ee8"},"headline":"ILO 169 ratifioitava ja saamelaisten oikeudet turvattava","datePublished":"2019-02-06T06:03:59+00:00","dateModified":"2019-02-12T17:22:42+00:00","mainEntityOfPage":{"@id":"https:\/\/jennipitko.fi\/koti\/ilo-169-ratifioitava-ja-saamelaisten-oikeudet-turvattava\/"},"wordCount":336,"publisher":{"@id":"https:\/\/jennipitko.fi\/koti\/#organization"},"keywords":["alkuper\u00e4iskansa","ILO 169","saamelaiset"],"articleSection":["Blogi"],"inLanguage":"fi"},{"@type":"WebPage","@id":"https:\/\/jennipitko.fi\/koti\/ilo-169-ratifioitava-ja-saamelaisten-oikeudet-turvattava\/","url":"https:\/\/jennipitko.fi\/koti\/ilo-169-ratifioitava-ja-saamelaisten-oikeudet-turvattava\/","name":"ILO 169 ratifioitava ja saamelaisten oikeudet turvattava - Jenni Pitko - Vihreiden varapuheenjohtaja, ymp\u00e4rist\u00f6valiokunnan puheenjohtaja, kansanedustaja ja arkkitehti Oulusta","isPartOf":{"@id":"https:\/\/jennipitko.fi\/koti\/#website"},"datePublished":"2019-02-06T06:03:59+00:00","dateModified":"2019-02-12T17:22:42+00:00","breadcrumb":{"@id":"https:\/\/jennipitko.fi\/koti\/ilo-169-ratifioitava-ja-saamelaisten-oikeudet-turvattava\/#breadcrumb"},"inLanguage":"fi","potentialAction":[{"@type":"ReadAction","target":["https:\/\/jennipitko.fi\/koti\/ilo-169-ratifioitava-ja-saamelaisten-oikeudet-turvattava\/"]}]},{"@type":"BreadcrumbList","@id":"https:\/\/jennipitko.fi\/koti\/ilo-169-ratifioitava-ja-saamelaisten-oikeudet-turvattava\/#breadcrumb","itemListElement":[{"@type":"ListItem","position":1,"name":"Home","item":"https:\/\/jennipitko.fi\/koti\/"},{"@type":"ListItem","position":2,"name":"ILO 169 ratifioitava ja saamelaisten oikeudet turvattava"}]},{"@type":"WebSite","@id":"https:\/\/jennipitko.fi\/koti\/#website","url":"https:\/\/jennipitko.fi\/koti\/","name":"Jenni Pitko - Vihreiden varapuheenjohtaja, ymp\u00e4rist\u00f6valiokunnan puheenjohtaja, kansanedustaja ja arkkitehti Oulusta","description":"Jenni Pitko - Vihreiden varapuheenjohtaja, ymp\u00e4rist\u00f6valiokunnan puheenjohtaja, kansanedustaja ja arkkitehti Oulusta","publisher":{"@id":"https:\/\/jennipitko.fi\/koti\/#organization"},"potentialAction":[{"@type":"SearchAction","target":{"@type":"EntryPoint","urlTemplate":"https:\/\/jennipitko.fi\/koti\/?s={search_term_string}"},"query-input":{"@type":"PropertyValueSpecification","valueRequired":true,"valueName":"search_term_string"}}],"inLanguage":"fi"},{"@type":"Organization","@id":"https:\/\/jennipitko.fi\/koti\/#organization","name":"Jenni Pitko - Vihreiden varapuheenjohtaja, ymp\u00e4rist\u00f6valiokunnan puheenjohtaja, kansanedustaja ja arkkitehti Oulusta","url":"https:\/\/jennipitko.fi\/koti\/","logo":{"@type":"ImageObject","inLanguage":"fi","@id":"https:\/\/jennipitko.fi\/koti\/#\/schema\/logo\/image\/","url":"https:\/\/jennipitko.fi\/koti\/wp-content\/uploads\/2025\/09\/Nimeton-malli-38.png","contentUrl":"https:\/\/jennipitko.fi\/koti\/wp-content\/uploads\/2025\/09\/Nimeton-malli-38.png","width":1280,"height":847,"caption":"Jenni Pitko - Vihreiden varapuheenjohtaja, ymp\u00e4rist\u00f6valiokunnan puheenjohtaja, kansanedustaja ja arkkitehti Oulusta"},"image":{"@id":"https:\/\/jennipitko.fi\/koti\/#\/schema\/logo\/image\/"}},{"@type":"Person","@id":"https:\/\/jennipitko.fi\/koti\/#\/schema\/person\/35955c467f851f10124809310e7e7ee8","name":"Jenni","image":{"@type":"ImageObject","inLanguage":"fi","@id":"https:\/\/secure.gravatar.com\/avatar\/625a0e6413b293da7739d42617828d564a4d6028aec3f45d8939a2ba1617199f?s=96&d=blank&r=g","url":"https:\/\/secure.gravatar.com\/avatar\/625a0e6413b293da7739d42617828d564a4d6028aec3f45d8939a2ba1617199f?s=96&d=blank&r=g","contentUrl":"https:\/\/secure.gravatar.com\/avatar\/625a0e6413b293da7739d42617828d564a4d6028aec3f45d8939a2ba1617199f?s=96&d=blank&r=g","caption":"Jenni"},"url":"https:\/\/jennipitko.fi\/koti\/author\/jenni\/"}]}},"_links":{"self":[{"href":"https:\/\/jennipitko.fi\/koti\/wp-json\/wp\/v2\/posts\/1877","targetHints":{"allow":["GET"]}}],"collection":[{"href":"https:\/\/jennipitko.fi\/koti\/wp-json\/wp\/v2\/posts"}],"about":[{"href":"https:\/\/jennipitko.fi\/koti\/wp-json\/wp\/v2\/types\/post"}],"author":[{"embeddable":true,"href":"https:\/\/jennipitko.fi\/koti\/wp-json\/wp\/v2\/users\/1"}],"replies":[{"embeddable":true,"href":"https:\/\/jennipitko.fi\/koti\/wp-json\/wp\/v2\/comments?post=1877"}],"version-history":[{"count":1,"href":"https:\/\/jennipitko.fi\/koti\/wp-json\/wp\/v2\/posts\/1877\/revisions"}],"predecessor-version":[{"id":1887,"href":"https:\/\/jennipitko.fi\/koti\/wp-json\/wp\/v2\/posts\/1877\/revisions\/1887"}],"wp:attachment":[{"href":"https:\/\/jennipitko.fi\/koti\/wp-json\/wp\/v2\/media?parent=1877"}],"wp:term":[{"taxonomy":"category","embeddable":true,"href":"https:\/\/jennipitko.fi\/koti\/wp-json\/wp\/v2\/categories?post=1877"},{"taxonomy":"post_tag","embeddable":true,"href":"https:\/\/jennipitko.fi\/koti\/wp-json\/wp\/v2\/tags?post=1877"}],"curies":[{"name":"wp","href":"https:\/\/api.w.org\/{rel}","templated":true}]}}