{"id":1953,"date":"2019-03-08T10:55:52","date_gmt":"2019-03-08T08:55:52","guid":{"rendered":"http:\/\/jennipitko.fi\/koti\/?p=1953"},"modified":"2019-03-08T10:56:51","modified_gmt":"2019-03-08T08:56:51","slug":"naistenpaiva","status":"publish","type":"post","link":"https:\/\/jennipitko.fi\/koti\/naistenpaiva\/","title":{"rendered":"Naistenp\u00e4iv\u00e4n\u00e4 toivomme kukkien sijasta tasa-arvotekoja"},"content":{"rendered":"\n<p>Miksi\n viet\u00e4mme naistenp\u00e4iv\u00e4\u00e4? Vaikka Suomi on monessa asiassa tasa-arvon \nmallimaa, emme voi ummistaa silmi\u00e4mme silt\u00e4 tosiasialta, ett\u00e4 saamme \nedelleen tehd\u00e4 t\u00f6it\u00e4 naisten aseman parantamiseksi yhteiskunnassamme. <\/p>\n\n\n\n<p> T\u00e4ss\u00e4 kymmenen asiaa muistutukseksi siit\u00e4, ett\u00e4 tasa-arvo ei ole valmis Suomessa.<\/p>\n\n\n\n<p>1. Perhevapaat jakautuvat \u00e4itien ja isien kesken ep\u00e4tasaisesti. Naiset  k\u00e4ytt\u00e4v\u00e4t perhevapaista valtaosan, is\u00e4t p\u00e4ivi\u00e4 tai viikkoja. <\/p>\n\n\n\n<p>2. Naisen euro on 84 sentti\u00e4. Naiselle maksetaan samasta ty\u00f6st\u00e4 pienemp\u00e4\u00e4  palkkaa kuin miehelle. Naiset tekev\u00e4t edelleen my\u00f6s valtaosan  kotit\u00f6ist\u00e4.<\/p>\n\n\n\n<p>3. Laki kohtelee ep\u00e4oikeudenmukaisesti transnaisia,  sill\u00e4 sukupuolen juridinen korjaaminen vaatii sterilisaation.  Transnaiset kokevat my\u00f6s syrjint\u00e4\u00e4 monilla el\u00e4m\u00e4n osa-alueilla.<\/p>\n\n\n\n<p>4. Naiset ovat useammin m\u00e4\u00e4r\u00e4aikaisissa ja\/tai osa-aikaisissa ty\u00f6suhteissa.<\/p>\n\n\n\n<p>5. Euroopan laajuisessa vertailussa ty\u00f6paikat ovat Suomessa vahvasti  sukupuolittuneita. Perinteisesti naisvaltaisilla aloilla maksetaan  pienemp\u00e4\u00e4 palkkaa suhteessa miesvaltaisiin aloihin.<\/p>\n\n\n\n<p>6. Nainen on  Suomessa useimmiten l\u00e4hisuhdev\u00e4kivallan uhri. Tilastokeskuksen mukaan  vuonna 2016 viranomaisten tietoon tuli 9000 pari- ja  l\u00e4hisuhdev\u00e4kivaltarikosten uhria, joista 69 % oli naisia. <\/p>\n\n\n\n<p>7. Kuukautisiin liittyvi\u00e4 tuotteita verotetaan kovimmalla arvonlis\u00e4verolla, ja t\u00e4m\u00e4 vero kohdistuu vain naisille.<\/p>\n\n\n\n<p>8. Naispoliitikot kokevat h\u00e4irint\u00e4\u00e4 ja kiusaamista miehi\u00e4 useammin.  Naispoliitikkojen ulkon\u00e4k\u00f6\u00e4 arvioidaan usein kriittisesti ja  yksityiskohtaisesti.<\/p>\n\n\n\n<p>9. Naisurheilijat tienaavat huomattavasti  miehi\u00e4 v\u00e4hemm\u00e4n. Esimerkiksi j\u00e4\u00e4kiekossa naisammattilaisen euro on vain  0,3 sentti\u00e4. T\u00e4m\u00e4n lis\u00e4ksi naisurheilu-k\u00e4site on ongelmallinen: miehet  ovat urheilijoita, kun taas naiset ovat naisurheilijoita.<\/p>\n\n\n\n<p>10. Seksuaalisesti vapaasti toimiva nainen leimataan helposti huoraksi. Miehill\u00e4 t\u00e4t\u00e4 ei tapahdu. <\/p>\n\n\n\n<p>Sukupuolten v\u00e4lisen tasa-arvon edist\u00e4minen vaatii systemaattista  poliittista ty\u00f6t\u00e4. Naisten asemaa ty\u00f6el\u00e4m\u00e4ss\u00e4 pit\u00e4\u00e4 parantaa  uudistamalla perhevapaat niin, ett\u00e4 osa vapaista kiinti\u00f6id\u00e4\u00e4n miehille  6+6+6-mallin mukaisesti. Translaki on uudistettava parantamaan  transnaisten asemaa. Kuukautissuojista ja tamponeista on poistettava  arvonlis\u00e4vero. Tarvitsemme parempaa sukupuolivaikutusten arviointia, ja  tulevassa hallituksessa on puolet ministereist\u00e4 oltava naisia. <\/p>\n\n\n\n<p>N\u00e4m\u00e4 kaikki asiat voidaan toteuttaa jo seuraavalla hallituskaudella. Tasa-arvoinen yhteiskunta on kaikkien etu.<\/p>\n","protected":false},"excerpt":{"rendered":"<p>Miksi viet\u00e4mme naistenp\u00e4iv\u00e4\u00e4? Vaikka Suomi on monessa asiassa tasa-arvon mallimaa, emme voi ummistaa silmi\u00e4mme silt\u00e4 tosiasialta, ett\u00e4 saamme edelleen tehd\u00e4 [&hellip;]<\/p>\n","protected":false},"author":1,"featured_media":0,"comment_status":"open","ping_status":"closed","sticky":false,"template":"","format":"standard","meta":{"_monsterinsights_skip_tracking":false,"_monsterinsights_sitenote_active":false,"_monsterinsights_sitenote_note":"","_monsterinsights_sitenote_category":0,"site-sidebar-layout":"default","site-content-layout":"","ast-site-content-layout":"default","site-content-style":"default","site-sidebar-style":"default","ast-global-header-display":"","ast-banner-title-visibility":"","ast-main-header-display":"","ast-hfb-above-header-display":"","ast-hfb-below-header-display":"","ast-hfb-mobile-header-display":"","site-post-title":"","ast-breadcrumbs-content":"","ast-featured-img":"","footer-sml-layout":"","ast-disable-related-posts":"","theme-transparent-header-meta":"","adv-header-id-meta":"","stick-header-meta":"","header-above-stick-meta":"","header-main-stick-meta":"","header-below-stick-meta":"","astra-migrate-meta-layouts":"default","ast-page-background-enabled":"default","ast-page-background-meta":{"desktop":{"background-color":"var(--ast-global-color-5)","background-image":"","background-repeat":"repeat","background-position":"center center","background-size":"auto","background-attachment":"scroll","background-type":"","background-media":"","overlay-type":"","overlay-color":"","overlay-opacity":"","overlay-gradient":""},"tablet":{"background-color":"","background-image":"","background-repeat":"repeat","background-position":"center center","background-size":"auto","background-attachment":"scroll","background-type":"","background-media":"","overlay-type":"","overlay-color":"","overlay-opacity":"","overlay-gradient":""},"mobile":{"background-color":"","background-image":"","background-repeat":"repeat","background-position":"center center","background-size":"auto","background-attachment":"scroll","background-type":"","background-media":"","overlay-type":"","overlay-color":"","overlay-opacity":"","overlay-gradient":""}},"ast-content-background-meta":{"desktop":{"background-color":"var(--ast-global-color-4)","background-image":"","background-repeat":"repeat","background-position":"center center","background-size":"auto","background-attachment":"scroll","background-type":"","background-media":"","overlay-type":"","overlay-color":"","overlay-opacity":"","overlay-gradient":""},"tablet":{"background-color":"var(--ast-global-color-4)","background-image":"","background-repeat":"repeat","background-position":"center center","background-size":"auto","background-attachment":"scroll","background-type":"","background-media":"","overlay-type":"","overlay-color":"","overlay-opacity":"","overlay-gradient":""},"mobile":{"background-color":"var(--ast-global-color-4)","background-image":"","background-repeat":"repeat","background-position":"center center","background-size":"auto","background-attachment":"scroll","background-type":"","background-media":"","overlay-type":"","overlay-color":"","overlay-opacity":"","overlay-gradient":""}},"footnotes":""},"categories":[2],"tags":[312,313,311,307,306,308,111,309,310],"class_list":["post-1953","post","type-post","status-publish","format-standard","hentry","category-blogi","tag-hairinta","tag-kiusaaminen","tag-kuukautiset","tag-naisen-euro","tag-naistenpaiva","tag-perhevapaat","tag-tasa-arvo","tag-translaki","tag-tyoelama"],"yoast_head":"<!-- This site is optimized with the Yoast SEO plugin v27.5 - https:\/\/yoast.com\/product\/yoast-seo-wordpress\/ -->\n<title>Naistenp\u00e4iv\u00e4n\u00e4 toivomme kukkien sijasta tasa-arvotekoja - Jenni Pitko - Vihreiden varapuheenjohtaja, ymp\u00e4rist\u00f6valiokunnan puheenjohtaja, kansanedustaja ja arkkitehti Oulusta<\/title>\n<meta name=\"robots\" content=\"index, follow, max-snippet:-1, max-image-preview:large, max-video-preview:-1\" \/>\n<link rel=\"canonical\" href=\"https:\/\/jennipitko.fi\/koti\/naistenpaiva\/\" \/>\n<meta property=\"og:locale\" content=\"fi_FI\" \/>\n<meta property=\"og:type\" content=\"article\" \/>\n<meta property=\"og:title\" content=\"Naistenp\u00e4iv\u00e4n\u00e4 toivomme kukkien sijasta tasa-arvotekoja - Jenni Pitko - Vihreiden varapuheenjohtaja, ymp\u00e4rist\u00f6valiokunnan puheenjohtaja, kansanedustaja ja arkkitehti Oulusta\" \/>\n<meta property=\"og:description\" content=\"Miksi viet\u00e4mme naistenp\u00e4iv\u00e4\u00e4? Vaikka Suomi on monessa asiassa tasa-arvon mallimaa, emme voi ummistaa silmi\u00e4mme silt\u00e4 tosiasialta, ett\u00e4 saamme edelleen tehd\u00e4 [&hellip;]\" \/>\n<meta property=\"og:url\" content=\"https:\/\/jennipitko.fi\/koti\/naistenpaiva\/\" \/>\n<meta property=\"og:site_name\" content=\"Jenni Pitko - Vihreiden varapuheenjohtaja, ymp\u00e4rist\u00f6valiokunnan puheenjohtaja, kansanedustaja ja arkkitehti Oulusta\" \/>\n<meta property=\"article:published_time\" content=\"2019-03-08T08:55:52+00:00\" \/>\n<meta property=\"article:modified_time\" content=\"2019-03-08T08:56:51+00:00\" \/>\n<meta name=\"author\" content=\"Jenni\" \/>\n<meta name=\"twitter:card\" content=\"summary_large_image\" \/>\n<meta name=\"twitter:label1\" content=\"Kirjoittanut\" \/>\n\t<meta name=\"twitter:data1\" content=\"Jenni\" \/>\n\t<meta name=\"twitter:label2\" content=\"Arvioitu lukuaika\" \/>\n\t<meta name=\"twitter:data2\" content=\"2 minuuttia\" \/>\n<script type=\"application\/ld+json\" class=\"yoast-schema-graph\">{\"@context\":\"https:\\\/\\\/schema.org\",\"@graph\":[{\"@type\":\"Article\",\"@id\":\"https:\\\/\\\/jennipitko.fi\\\/koti\\\/naistenpaiva\\\/#article\",\"isPartOf\":{\"@id\":\"https:\\\/\\\/jennipitko.fi\\\/koti\\\/naistenpaiva\\\/\"},\"author\":{\"name\":\"Jenni\",\"@id\":\"https:\\\/\\\/jennipitko.fi\\\/koti\\\/#\\\/schema\\\/person\\\/35955c467f851f10124809310e7e7ee8\"},\"headline\":\"Naistenp\u00e4iv\u00e4n\u00e4 toivomme kukkien sijasta tasa-arvotekoja\",\"datePublished\":\"2019-03-08T08:55:52+00:00\",\"dateModified\":\"2019-03-08T08:56:51+00:00\",\"mainEntityOfPage\":{\"@id\":\"https:\\\/\\\/jennipitko.fi\\\/koti\\\/naistenpaiva\\\/\"},\"wordCount\":308,\"commentCount\":1,\"publisher\":{\"@id\":\"https:\\\/\\\/jennipitko.fi\\\/koti\\\/#organization\"},\"keywords\":[\"h\u00e4irint\u00e4\",\"kiusaaminen\",\"kuukautiset\",\"naisen euro\",\"naistenp\u00e4iv\u00e4\",\"perhevapaat\",\"tasa-arvo\",\"translaki\",\"ty\u00f6el\u00e4m\u00e4\"],\"articleSection\":[\"Blogi\"],\"inLanguage\":\"fi\",\"potentialAction\":[{\"@type\":\"CommentAction\",\"name\":\"Comment\",\"target\":[\"https:\\\/\\\/jennipitko.fi\\\/koti\\\/naistenpaiva\\\/#respond\"]}]},{\"@type\":\"WebPage\",\"@id\":\"https:\\\/\\\/jennipitko.fi\\\/koti\\\/naistenpaiva\\\/\",\"url\":\"https:\\\/\\\/jennipitko.fi\\\/koti\\\/naistenpaiva\\\/\",\"name\":\"Naistenp\u00e4iv\u00e4n\u00e4 toivomme kukkien sijasta tasa-arvotekoja - Jenni Pitko - Vihreiden varapuheenjohtaja, ymp\u00e4rist\u00f6valiokunnan puheenjohtaja, kansanedustaja ja arkkitehti Oulusta\",\"isPartOf\":{\"@id\":\"https:\\\/\\\/jennipitko.fi\\\/koti\\\/#website\"},\"datePublished\":\"2019-03-08T08:55:52+00:00\",\"dateModified\":\"2019-03-08T08:56:51+00:00\",\"breadcrumb\":{\"@id\":\"https:\\\/\\\/jennipitko.fi\\\/koti\\\/naistenpaiva\\\/#breadcrumb\"},\"inLanguage\":\"fi\",\"potentialAction\":[{\"@type\":\"ReadAction\",\"target\":[\"https:\\\/\\\/jennipitko.fi\\\/koti\\\/naistenpaiva\\\/\"]}]},{\"@type\":\"BreadcrumbList\",\"@id\":\"https:\\\/\\\/jennipitko.fi\\\/koti\\\/naistenpaiva\\\/#breadcrumb\",\"itemListElement\":[{\"@type\":\"ListItem\",\"position\":1,\"name\":\"Home\",\"item\":\"https:\\\/\\\/jennipitko.fi\\\/koti\\\/\"},{\"@type\":\"ListItem\",\"position\":2,\"name\":\"Naistenp\u00e4iv\u00e4n\u00e4 toivomme kukkien sijasta tasa-arvotekoja\"}]},{\"@type\":\"WebSite\",\"@id\":\"https:\\\/\\\/jennipitko.fi\\\/koti\\\/#website\",\"url\":\"https:\\\/\\\/jennipitko.fi\\\/koti\\\/\",\"name\":\"Jenni Pitko - Vihreiden varapuheenjohtaja, ymp\u00e4rist\u00f6valiokunnan puheenjohtaja, kansanedustaja ja arkkitehti Oulusta\",\"description\":\"Jenni Pitko - Vihreiden varapuheenjohtaja, ymp\u00e4rist\u00f6valiokunnan puheenjohtaja, kansanedustaja ja arkkitehti Oulusta\",\"publisher\":{\"@id\":\"https:\\\/\\\/jennipitko.fi\\\/koti\\\/#organization\"},\"potentialAction\":[{\"@type\":\"SearchAction\",\"target\":{\"@type\":\"EntryPoint\",\"urlTemplate\":\"https:\\\/\\\/jennipitko.fi\\\/koti\\\/?s={search_term_string}\"},\"query-input\":{\"@type\":\"PropertyValueSpecification\",\"valueRequired\":true,\"valueName\":\"search_term_string\"}}],\"inLanguage\":\"fi\"},{\"@type\":\"Organization\",\"@id\":\"https:\\\/\\\/jennipitko.fi\\\/koti\\\/#organization\",\"name\":\"Jenni Pitko - Vihreiden varapuheenjohtaja, ymp\u00e4rist\u00f6valiokunnan puheenjohtaja, kansanedustaja ja arkkitehti Oulusta\",\"url\":\"https:\\\/\\\/jennipitko.fi\\\/koti\\\/\",\"logo\":{\"@type\":\"ImageObject\",\"inLanguage\":\"fi\",\"@id\":\"https:\\\/\\\/jennipitko.fi\\\/koti\\\/#\\\/schema\\\/logo\\\/image\\\/\",\"url\":\"https:\\\/\\\/jennipitko.fi\\\/koti\\\/wp-content\\\/uploads\\\/2025\\\/09\\\/Nimeton-malli-38.png\",\"contentUrl\":\"https:\\\/\\\/jennipitko.fi\\\/koti\\\/wp-content\\\/uploads\\\/2025\\\/09\\\/Nimeton-malli-38.png\",\"width\":1280,\"height\":847,\"caption\":\"Jenni Pitko - Vihreiden varapuheenjohtaja, ymp\u00e4rist\u00f6valiokunnan puheenjohtaja, kansanedustaja ja arkkitehti Oulusta\"},\"image\":{\"@id\":\"https:\\\/\\\/jennipitko.fi\\\/koti\\\/#\\\/schema\\\/logo\\\/image\\\/\"}},{\"@type\":\"Person\",\"@id\":\"https:\\\/\\\/jennipitko.fi\\\/koti\\\/#\\\/schema\\\/person\\\/35955c467f851f10124809310e7e7ee8\",\"name\":\"Jenni\",\"image\":{\"@type\":\"ImageObject\",\"inLanguage\":\"fi\",\"@id\":\"https:\\\/\\\/secure.gravatar.com\\\/avatar\\\/625a0e6413b293da7739d42617828d564a4d6028aec3f45d8939a2ba1617199f?s=96&d=blank&r=g\",\"url\":\"https:\\\/\\\/secure.gravatar.com\\\/avatar\\\/625a0e6413b293da7739d42617828d564a4d6028aec3f45d8939a2ba1617199f?s=96&d=blank&r=g\",\"contentUrl\":\"https:\\\/\\\/secure.gravatar.com\\\/avatar\\\/625a0e6413b293da7739d42617828d564a4d6028aec3f45d8939a2ba1617199f?s=96&d=blank&r=g\",\"caption\":\"Jenni\"},\"url\":\"https:\\\/\\\/jennipitko.fi\\\/koti\\\/author\\\/jenni\\\/\"}]}<\/script>\n<!-- \/ Yoast SEO plugin. -->","yoast_head_json":{"title":"Naistenp\u00e4iv\u00e4n\u00e4 toivomme kukkien sijasta tasa-arvotekoja - Jenni Pitko - Vihreiden varapuheenjohtaja, ymp\u00e4rist\u00f6valiokunnan puheenjohtaja, kansanedustaja ja arkkitehti Oulusta","robots":{"index":"index","follow":"follow","max-snippet":"max-snippet:-1","max-image-preview":"max-image-preview:large","max-video-preview":"max-video-preview:-1"},"canonical":"https:\/\/jennipitko.fi\/koti\/naistenpaiva\/","og_locale":"fi_FI","og_type":"article","og_title":"Naistenp\u00e4iv\u00e4n\u00e4 toivomme kukkien sijasta tasa-arvotekoja - Jenni Pitko - Vihreiden varapuheenjohtaja, ymp\u00e4rist\u00f6valiokunnan puheenjohtaja, kansanedustaja ja arkkitehti Oulusta","og_description":"Miksi viet\u00e4mme naistenp\u00e4iv\u00e4\u00e4? Vaikka Suomi on monessa asiassa tasa-arvon mallimaa, emme voi ummistaa silmi\u00e4mme silt\u00e4 tosiasialta, ett\u00e4 saamme edelleen tehd\u00e4 [&hellip;]","og_url":"https:\/\/jennipitko.fi\/koti\/naistenpaiva\/","og_site_name":"Jenni Pitko - Vihreiden varapuheenjohtaja, ymp\u00e4rist\u00f6valiokunnan puheenjohtaja, kansanedustaja ja arkkitehti Oulusta","article_published_time":"2019-03-08T08:55:52+00:00","article_modified_time":"2019-03-08T08:56:51+00:00","author":"Jenni","twitter_card":"summary_large_image","twitter_misc":{"Kirjoittanut":"Jenni","Arvioitu lukuaika":"2 minuuttia"},"schema":{"@context":"https:\/\/schema.org","@graph":[{"@type":"Article","@id":"https:\/\/jennipitko.fi\/koti\/naistenpaiva\/#article","isPartOf":{"@id":"https:\/\/jennipitko.fi\/koti\/naistenpaiva\/"},"author":{"name":"Jenni","@id":"https:\/\/jennipitko.fi\/koti\/#\/schema\/person\/35955c467f851f10124809310e7e7ee8"},"headline":"Naistenp\u00e4iv\u00e4n\u00e4 toivomme kukkien sijasta tasa-arvotekoja","datePublished":"2019-03-08T08:55:52+00:00","dateModified":"2019-03-08T08:56:51+00:00","mainEntityOfPage":{"@id":"https:\/\/jennipitko.fi\/koti\/naistenpaiva\/"},"wordCount":308,"commentCount":1,"publisher":{"@id":"https:\/\/jennipitko.fi\/koti\/#organization"},"keywords":["h\u00e4irint\u00e4","kiusaaminen","kuukautiset","naisen euro","naistenp\u00e4iv\u00e4","perhevapaat","tasa-arvo","translaki","ty\u00f6el\u00e4m\u00e4"],"articleSection":["Blogi"],"inLanguage":"fi","potentialAction":[{"@type":"CommentAction","name":"Comment","target":["https:\/\/jennipitko.fi\/koti\/naistenpaiva\/#respond"]}]},{"@type":"WebPage","@id":"https:\/\/jennipitko.fi\/koti\/naistenpaiva\/","url":"https:\/\/jennipitko.fi\/koti\/naistenpaiva\/","name":"Naistenp\u00e4iv\u00e4n\u00e4 toivomme kukkien sijasta tasa-arvotekoja - Jenni Pitko - Vihreiden varapuheenjohtaja, ymp\u00e4rist\u00f6valiokunnan puheenjohtaja, kansanedustaja ja arkkitehti Oulusta","isPartOf":{"@id":"https:\/\/jennipitko.fi\/koti\/#website"},"datePublished":"2019-03-08T08:55:52+00:00","dateModified":"2019-03-08T08:56:51+00:00","breadcrumb":{"@id":"https:\/\/jennipitko.fi\/koti\/naistenpaiva\/#breadcrumb"},"inLanguage":"fi","potentialAction":[{"@type":"ReadAction","target":["https:\/\/jennipitko.fi\/koti\/naistenpaiva\/"]}]},{"@type":"BreadcrumbList","@id":"https:\/\/jennipitko.fi\/koti\/naistenpaiva\/#breadcrumb","itemListElement":[{"@type":"ListItem","position":1,"name":"Home","item":"https:\/\/jennipitko.fi\/koti\/"},{"@type":"ListItem","position":2,"name":"Naistenp\u00e4iv\u00e4n\u00e4 toivomme kukkien sijasta tasa-arvotekoja"}]},{"@type":"WebSite","@id":"https:\/\/jennipitko.fi\/koti\/#website","url":"https:\/\/jennipitko.fi\/koti\/","name":"Jenni Pitko - Vihreiden varapuheenjohtaja, ymp\u00e4rist\u00f6valiokunnan puheenjohtaja, kansanedustaja ja arkkitehti Oulusta","description":"Jenni Pitko - Vihreiden varapuheenjohtaja, ymp\u00e4rist\u00f6valiokunnan puheenjohtaja, kansanedustaja ja arkkitehti Oulusta","publisher":{"@id":"https:\/\/jennipitko.fi\/koti\/#organization"},"potentialAction":[{"@type":"SearchAction","target":{"@type":"EntryPoint","urlTemplate":"https:\/\/jennipitko.fi\/koti\/?s={search_term_string}"},"query-input":{"@type":"PropertyValueSpecification","valueRequired":true,"valueName":"search_term_string"}}],"inLanguage":"fi"},{"@type":"Organization","@id":"https:\/\/jennipitko.fi\/koti\/#organization","name":"Jenni Pitko - Vihreiden varapuheenjohtaja, ymp\u00e4rist\u00f6valiokunnan puheenjohtaja, kansanedustaja ja arkkitehti Oulusta","url":"https:\/\/jennipitko.fi\/koti\/","logo":{"@type":"ImageObject","inLanguage":"fi","@id":"https:\/\/jennipitko.fi\/koti\/#\/schema\/logo\/image\/","url":"https:\/\/jennipitko.fi\/koti\/wp-content\/uploads\/2025\/09\/Nimeton-malli-38.png","contentUrl":"https:\/\/jennipitko.fi\/koti\/wp-content\/uploads\/2025\/09\/Nimeton-malli-38.png","width":1280,"height":847,"caption":"Jenni Pitko - Vihreiden varapuheenjohtaja, ymp\u00e4rist\u00f6valiokunnan puheenjohtaja, kansanedustaja ja arkkitehti Oulusta"},"image":{"@id":"https:\/\/jennipitko.fi\/koti\/#\/schema\/logo\/image\/"}},{"@type":"Person","@id":"https:\/\/jennipitko.fi\/koti\/#\/schema\/person\/35955c467f851f10124809310e7e7ee8","name":"Jenni","image":{"@type":"ImageObject","inLanguage":"fi","@id":"https:\/\/secure.gravatar.com\/avatar\/625a0e6413b293da7739d42617828d564a4d6028aec3f45d8939a2ba1617199f?s=96&d=blank&r=g","url":"https:\/\/secure.gravatar.com\/avatar\/625a0e6413b293da7739d42617828d564a4d6028aec3f45d8939a2ba1617199f?s=96&d=blank&r=g","contentUrl":"https:\/\/secure.gravatar.com\/avatar\/625a0e6413b293da7739d42617828d564a4d6028aec3f45d8939a2ba1617199f?s=96&d=blank&r=g","caption":"Jenni"},"url":"https:\/\/jennipitko.fi\/koti\/author\/jenni\/"}]}},"_links":{"self":[{"href":"https:\/\/jennipitko.fi\/koti\/wp-json\/wp\/v2\/posts\/1953","targetHints":{"allow":["GET"]}}],"collection":[{"href":"https:\/\/jennipitko.fi\/koti\/wp-json\/wp\/v2\/posts"}],"about":[{"href":"https:\/\/jennipitko.fi\/koti\/wp-json\/wp\/v2\/types\/post"}],"author":[{"embeddable":true,"href":"https:\/\/jennipitko.fi\/koti\/wp-json\/wp\/v2\/users\/1"}],"replies":[{"embeddable":true,"href":"https:\/\/jennipitko.fi\/koti\/wp-json\/wp\/v2\/comments?post=1953"}],"version-history":[{"count":1,"href":"https:\/\/jennipitko.fi\/koti\/wp-json\/wp\/v2\/posts\/1953\/revisions"}],"predecessor-version":[{"id":1954,"href":"https:\/\/jennipitko.fi\/koti\/wp-json\/wp\/v2\/posts\/1953\/revisions\/1954"}],"wp:attachment":[{"href":"https:\/\/jennipitko.fi\/koti\/wp-json\/wp\/v2\/media?parent=1953"}],"wp:term":[{"taxonomy":"category","embeddable":true,"href":"https:\/\/jennipitko.fi\/koti\/wp-json\/wp\/v2\/categories?post=1953"},{"taxonomy":"post_tag","embeddable":true,"href":"https:\/\/jennipitko.fi\/koti\/wp-json\/wp\/v2\/tags?post=1953"}],"curies":[{"name":"wp","href":"https:\/\/api.w.org\/{rel}","templated":true}]}}