{"id":1956,"date":"2019-03-11T20:49:16","date_gmt":"2019-03-11T18:49:16","guid":{"rendered":"http:\/\/jennipitko.fi\/koti\/?p=1956"},"modified":"2019-03-11T20:49:26","modified_gmt":"2019-03-11T18:49:26","slug":"tarvitsemme-feministista-ulko-ja-turvallisuuspolitiikkaa","status":"publish","type":"post","link":"https:\/\/jennipitko.fi\/koti\/tarvitsemme-feministista-ulko-ja-turvallisuuspolitiikkaa\/","title":{"rendered":"Tarvitsemme feministist\u00e4 ulko- ja turvallisuuspolitiikkaa"},"content":{"rendered":"\n<p>Lukematon m\u00e4\u00e4r\u00e4 naisia ja tytt\u00f6j\u00e4 kohtaa sortoa ja syrjint\u00e4\u00e4 jokap\u00e4iv\u00e4isess\u00e4 el\u00e4m\u00e4ss\u00e4\u00e4n. Naisten ja tytt\u00f6jen oikeudet ovat uhattuna erityisesti kriiseiss\u00e4 ja konflikteissa. Sodissa he ovat eritt\u00e4in suuren v\u00e4kivallan ja hyv\u00e4ksik\u00e4yt\u00f6n uhan alla. My\u00f6s ilmastonmuutoksesta k\u00e4rsiv\u00e4t eniten juuri heikoimmassa asemassa olevat ja k\u00f6yhien maiden asukkaat.<br><\/p>\n\n\n\n<p>Suomen tulisi tehd\u00e4 feministist\u00e4 ulko- ja turvallisuuspolitiikkaa, joka t\u00e4ht\u00e4\u00e4 sukupuolten v\u00e4lisen tasa-arvon edist\u00e4miseen. Feministinen politiikka luo vakautta ja taloudellista toimeliaisuutta sek\u00e4 edist\u00e4\u00e4 rauhaa.<br><\/p>\n\n\n\n<p>Kauppaa edist\u00e4v\u00e4ss\u00e4 kehitysyhteisty\u00f6ss\u00e4 on tuettava naisyritt\u00e4ji\u00e4, sill\u00e4 erityisesti naisten py\u00f6ritt\u00e4m\u00e4t pienyritykset edist\u00e4v\u00e4t paikallisia oloja. Kansainv\u00e4lisen kauppakeskuksen ITC:n johtaja<a href=\"http:\/\/www.hs.fi\/ulkomaat\/a1423115042991\"> Arancha Gonz\u00e1lezin<\/a> mukaan naiset sijoittavat 90 prosenttia tuloistaan perheisiins\u00e4 ja yhteis\u00f6ihins\u00e4. Miehill\u00e4 sama luku on 40 prosenttia. <br><\/p>\n\n\n\n<p>Sukupuolten v\u00e4lisen tasa-arvon edist\u00e4minen on my\u00f6s rauhanty\u00f6t\u00e4 ja siten osa turvallisuuspolitiikkaa. Demokratiaa vahvistamalla ja k\u00f6yhyytt\u00e4 v\u00e4hent\u00e4m\u00e4ll\u00e4 parannetaan kehittyvien maiden turvallisuutta. K\u00f6yhyyden v\u00e4hentyminen ehk\u00e4isee konflikteja ja tukee yhteiskuntien kehityst\u00e4 vahvemmiksi kansalaisyhteiskunniksi. <br><\/p>\n\n\n\n<p>Suomi ei valitettavasti voi ylpeill\u00e4 tasa-arvon edist\u00e4misell\u00e4. Suomen hallitus leikkasi Suomen kehitysyhteisty\u00f6st\u00e4 2015 hallituskauden alussa ensi t\u00f6ikseen 300 miljoonaa euroa. T\u00e4m\u00e4 on karu arvovalinta. P\u00e4\u00e4t\u00f6st\u00e4 ei peruttu edes hallituskauden lopussa, kun ty\u00f6llisyystavoitteet t\u00e4yttyiv\u00e4t ja EU-alueen talouskasvu toi hyv\u00e4\u00e4 virett\u00e4 Suomen taloudelle. Suomen tavoite kehitysyhteisty\u00f6n rahoitukselle on 0,7 prosenttia bruttokansantuotteesta ja rahoitus on nyt vain noin puolet siit\u00e4.<br><\/p>\n\n\n\n<p>Kun Suomessa leikattiin kehitysyhteisty\u00f6st\u00e4, Ruotsi nosti ensimm\u00e4isen\u00e4 maana sukupuolten v\u00e4lisen tasa-arvon ulkopolitiikan keski\u00f6\u00f6n vuonna 2014. Ruotsin ulkoministeri Margot Wallstr\u00f6min mukaan feministinen ulkopolitiikka on ty\u00f6tapa, joka pyrkii edist\u00e4m\u00e4\u00e4n naisten osallistumista poliittiseen p\u00e4\u00e4t\u00f6ksentekoon ja rauhanv\u00e4litykseen, v\u00e4hent\u00e4m\u00e4\u00e4n seksuaalista v\u00e4kivaltaa ja ajamaan naisten taloudellista itsen\u00e4isyytt\u00e4. T\u00e4llaiseen politiikkaan min\u00e4 uskon.<br><\/p>\n\n\n\n<p>Sukupuolten v\u00e4linen tasa-arvo hy\u00f6dytt\u00e4\u00e4 ihan kaikkia. Tasa-arvoiset eli feministiset yhteis\u00f6t ovat terveempi\u00e4 ja turvallisempia. Tasa-arvoisessa yhteis\u00f6ss\u00e4 jokaisen potentiaali saadaan maksimaalisesti hy\u00f6dyksi, niin yksil\u00f6lle kuin yhteis\u00f6lle. <br><\/p>\n\n\n\n<p>Seuraavan hallituksen tulee nostaa kehitysyhteisty\u00f6n rahoitusta ja ottaa sukupuolten v\u00e4lisen tasa-arvon edist\u00e4misen ulko- ja turvallisuuspolitiikan ytimeen. Suomen seuraavan hallituksen on oltava feministinen. <\/p>\n\n\n\n<p><\/p>\n","protected":false},"excerpt":{"rendered":"<p>Lukematon m\u00e4\u00e4r\u00e4 naisia ja tytt\u00f6j\u00e4 kohtaa sortoa ja syrjint\u00e4\u00e4 jokap\u00e4iv\u00e4isess\u00e4 el\u00e4m\u00e4ss\u00e4\u00e4n. Naisten ja tytt\u00f6jen oikeudet ovat uhattuna erityisesti kriiseiss\u00e4 ja [&hellip;]<\/p>\n","protected":false},"author":1,"featured_media":0,"comment_status":"open","ping_status":"closed","sticky":false,"template":"","format":"standard","meta":{"_monsterinsights_skip_tracking":false,"_monsterinsights_sitenote_active":false,"_monsterinsights_sitenote_note":"","_monsterinsights_sitenote_category":0,"site-sidebar-layout":"default","site-content-layout":"","ast-site-content-layout":"default","site-content-style":"default","site-sidebar-style":"default","ast-global-header-display":"","ast-banner-title-visibility":"","ast-main-header-display":"","ast-hfb-above-header-display":"","ast-hfb-below-header-display":"","ast-hfb-mobile-header-display":"","site-post-title":"","ast-breadcrumbs-content":"","ast-featured-img":"","footer-sml-layout":"","ast-disable-related-posts":"","theme-transparent-header-meta":"","adv-header-id-meta":"","stick-header-meta":"","header-above-stick-meta":"","header-main-stick-meta":"","header-below-stick-meta":"","astra-migrate-meta-layouts":"default","ast-page-background-enabled":"default","ast-page-background-meta":{"desktop":{"background-color":"var(--ast-global-color-5)","background-image":"","background-repeat":"repeat","background-position":"center center","background-size":"auto","background-attachment":"scroll","background-type":"","background-media":"","overlay-type":"","overlay-color":"","overlay-opacity":"","overlay-gradient":""},"tablet":{"background-color":"","background-image":"","background-repeat":"repeat","background-position":"center center","background-size":"auto","background-attachment":"scroll","background-type":"","background-media":"","overlay-type":"","overlay-color":"","overlay-opacity":"","overlay-gradient":""},"mobile":{"background-color":"","background-image":"","background-repeat":"repeat","background-position":"center center","background-size":"auto","background-attachment":"scroll","background-type":"","background-media":"","overlay-type":"","overlay-color":"","overlay-opacity":"","overlay-gradient":""}},"ast-content-background-meta":{"desktop":{"background-color":"var(--ast-global-color-4)","background-image":"","background-repeat":"repeat","background-position":"center center","background-size":"auto","background-attachment":"scroll","background-type":"","background-media":"","overlay-type":"","overlay-color":"","overlay-opacity":"","overlay-gradient":""},"tablet":{"background-color":"var(--ast-global-color-4)","background-image":"","background-repeat":"repeat","background-position":"center center","background-size":"auto","background-attachment":"scroll","background-type":"","background-media":"","overlay-type":"","overlay-color":"","overlay-opacity":"","overlay-gradient":""},"mobile":{"background-color":"var(--ast-global-color-4)","background-image":"","background-repeat":"repeat","background-position":"center center","background-size":"auto","background-attachment":"scroll","background-type":"","background-media":"","overlay-type":"","overlay-color":"","overlay-opacity":"","overlay-gradient":""}},"footnotes":""},"categories":[2],"tags":[194,195,316,111,315,314],"class_list":["post-1956","post","type-post","status-publish","format-standard","hentry","category-blogi","tag-feminismi","tag-kehitysyhteistyo","tag-sukupuolten-valinen-tasa-arvo","tag-tasa-arvo","tag-turvallisuuspolitiikka","tag-ulkopolitiikka"],"yoast_head":"<!-- This site is optimized with the Yoast SEO plugin v27.5 - https:\/\/yoast.com\/product\/yoast-seo-wordpress\/ -->\n<title>Tarvitsemme feministist\u00e4 ulko- ja turvallisuuspolitiikkaa - Jenni Pitko - Vihreiden varapuheenjohtaja, ymp\u00e4rist\u00f6valiokunnan puheenjohtaja, kansanedustaja ja arkkitehti Oulusta<\/title>\n<meta name=\"robots\" content=\"index, follow, max-snippet:-1, max-image-preview:large, max-video-preview:-1\" \/>\n<link rel=\"canonical\" href=\"https:\/\/jennipitko.fi\/koti\/tarvitsemme-feministista-ulko-ja-turvallisuuspolitiikkaa\/\" \/>\n<meta property=\"og:locale\" content=\"fi_FI\" \/>\n<meta property=\"og:type\" content=\"article\" \/>\n<meta property=\"og:title\" content=\"Tarvitsemme feministist\u00e4 ulko- ja turvallisuuspolitiikkaa - Jenni Pitko - Vihreiden varapuheenjohtaja, ymp\u00e4rist\u00f6valiokunnan puheenjohtaja, kansanedustaja ja arkkitehti Oulusta\" \/>\n<meta property=\"og:description\" content=\"Lukematon m\u00e4\u00e4r\u00e4 naisia ja tytt\u00f6j\u00e4 kohtaa sortoa ja syrjint\u00e4\u00e4 jokap\u00e4iv\u00e4isess\u00e4 el\u00e4m\u00e4ss\u00e4\u00e4n. Naisten ja tytt\u00f6jen oikeudet ovat uhattuna erityisesti kriiseiss\u00e4 ja [&hellip;]\" \/>\n<meta property=\"og:url\" content=\"https:\/\/jennipitko.fi\/koti\/tarvitsemme-feministista-ulko-ja-turvallisuuspolitiikkaa\/\" \/>\n<meta property=\"og:site_name\" content=\"Jenni Pitko - Vihreiden varapuheenjohtaja, ymp\u00e4rist\u00f6valiokunnan puheenjohtaja, kansanedustaja ja arkkitehti Oulusta\" \/>\n<meta property=\"article:published_time\" content=\"2019-03-11T18:49:16+00:00\" \/>\n<meta property=\"article:modified_time\" content=\"2019-03-11T18:49:26+00:00\" \/>\n<meta name=\"author\" content=\"Jenni\" \/>\n<meta name=\"twitter:card\" content=\"summary_large_image\" \/>\n<meta name=\"twitter:label1\" content=\"Kirjoittanut\" \/>\n\t<meta name=\"twitter:data1\" content=\"Jenni\" \/>\n\t<meta name=\"twitter:label2\" content=\"Arvioitu lukuaika\" \/>\n\t<meta name=\"twitter:data2\" content=\"2 minuuttia\" \/>\n<script type=\"application\/ld+json\" class=\"yoast-schema-graph\">{\"@context\":\"https:\\\/\\\/schema.org\",\"@graph\":[{\"@type\":\"Article\",\"@id\":\"https:\\\/\\\/jennipitko.fi\\\/koti\\\/tarvitsemme-feministista-ulko-ja-turvallisuuspolitiikkaa\\\/#article\",\"isPartOf\":{\"@id\":\"https:\\\/\\\/jennipitko.fi\\\/koti\\\/tarvitsemme-feministista-ulko-ja-turvallisuuspolitiikkaa\\\/\"},\"author\":{\"name\":\"Jenni\",\"@id\":\"https:\\\/\\\/jennipitko.fi\\\/koti\\\/#\\\/schema\\\/person\\\/35955c467f851f10124809310e7e7ee8\"},\"headline\":\"Tarvitsemme feministist\u00e4 ulko- ja turvallisuuspolitiikkaa\",\"datePublished\":\"2019-03-11T18:49:16+00:00\",\"dateModified\":\"2019-03-11T18:49:26+00:00\",\"mainEntityOfPage\":{\"@id\":\"https:\\\/\\\/jennipitko.fi\\\/koti\\\/tarvitsemme-feministista-ulko-ja-turvallisuuspolitiikkaa\\\/\"},\"wordCount\":360,\"commentCount\":0,\"publisher\":{\"@id\":\"https:\\\/\\\/jennipitko.fi\\\/koti\\\/#organization\"},\"keywords\":[\"feminismi\",\"kehitysyhteisty\u00f6\",\"sukupuolten v\u00e4linen tasa-arvo\",\"tasa-arvo\",\"turvallisuuspolitiikka\",\"ulkopolitiikka\"],\"articleSection\":[\"Blogi\"],\"inLanguage\":\"fi\",\"potentialAction\":[{\"@type\":\"CommentAction\",\"name\":\"Comment\",\"target\":[\"https:\\\/\\\/jennipitko.fi\\\/koti\\\/tarvitsemme-feministista-ulko-ja-turvallisuuspolitiikkaa\\\/#respond\"]}]},{\"@type\":\"WebPage\",\"@id\":\"https:\\\/\\\/jennipitko.fi\\\/koti\\\/tarvitsemme-feministista-ulko-ja-turvallisuuspolitiikkaa\\\/\",\"url\":\"https:\\\/\\\/jennipitko.fi\\\/koti\\\/tarvitsemme-feministista-ulko-ja-turvallisuuspolitiikkaa\\\/\",\"name\":\"Tarvitsemme feministist\u00e4 ulko- ja turvallisuuspolitiikkaa - Jenni Pitko - Vihreiden varapuheenjohtaja, ymp\u00e4rist\u00f6valiokunnan puheenjohtaja, kansanedustaja ja arkkitehti Oulusta\",\"isPartOf\":{\"@id\":\"https:\\\/\\\/jennipitko.fi\\\/koti\\\/#website\"},\"datePublished\":\"2019-03-11T18:49:16+00:00\",\"dateModified\":\"2019-03-11T18:49:26+00:00\",\"breadcrumb\":{\"@id\":\"https:\\\/\\\/jennipitko.fi\\\/koti\\\/tarvitsemme-feministista-ulko-ja-turvallisuuspolitiikkaa\\\/#breadcrumb\"},\"inLanguage\":\"fi\",\"potentialAction\":[{\"@type\":\"ReadAction\",\"target\":[\"https:\\\/\\\/jennipitko.fi\\\/koti\\\/tarvitsemme-feministista-ulko-ja-turvallisuuspolitiikkaa\\\/\"]}]},{\"@type\":\"BreadcrumbList\",\"@id\":\"https:\\\/\\\/jennipitko.fi\\\/koti\\\/tarvitsemme-feministista-ulko-ja-turvallisuuspolitiikkaa\\\/#breadcrumb\",\"itemListElement\":[{\"@type\":\"ListItem\",\"position\":1,\"name\":\"Home\",\"item\":\"https:\\\/\\\/jennipitko.fi\\\/koti\\\/\"},{\"@type\":\"ListItem\",\"position\":2,\"name\":\"Tarvitsemme feministist\u00e4 ulko- ja turvallisuuspolitiikkaa\"}]},{\"@type\":\"WebSite\",\"@id\":\"https:\\\/\\\/jennipitko.fi\\\/koti\\\/#website\",\"url\":\"https:\\\/\\\/jennipitko.fi\\\/koti\\\/\",\"name\":\"Jenni Pitko - Vihreiden varapuheenjohtaja, ymp\u00e4rist\u00f6valiokunnan puheenjohtaja, kansanedustaja ja arkkitehti Oulusta\",\"description\":\"Jenni Pitko - Vihreiden varapuheenjohtaja, ymp\u00e4rist\u00f6valiokunnan puheenjohtaja, kansanedustaja ja arkkitehti Oulusta\",\"publisher\":{\"@id\":\"https:\\\/\\\/jennipitko.fi\\\/koti\\\/#organization\"},\"potentialAction\":[{\"@type\":\"SearchAction\",\"target\":{\"@type\":\"EntryPoint\",\"urlTemplate\":\"https:\\\/\\\/jennipitko.fi\\\/koti\\\/?s={search_term_string}\"},\"query-input\":{\"@type\":\"PropertyValueSpecification\",\"valueRequired\":true,\"valueName\":\"search_term_string\"}}],\"inLanguage\":\"fi\"},{\"@type\":\"Organization\",\"@id\":\"https:\\\/\\\/jennipitko.fi\\\/koti\\\/#organization\",\"name\":\"Jenni Pitko - Vihreiden varapuheenjohtaja, ymp\u00e4rist\u00f6valiokunnan puheenjohtaja, kansanedustaja ja arkkitehti Oulusta\",\"url\":\"https:\\\/\\\/jennipitko.fi\\\/koti\\\/\",\"logo\":{\"@type\":\"ImageObject\",\"inLanguage\":\"fi\",\"@id\":\"https:\\\/\\\/jennipitko.fi\\\/koti\\\/#\\\/schema\\\/logo\\\/image\\\/\",\"url\":\"https:\\\/\\\/jennipitko.fi\\\/koti\\\/wp-content\\\/uploads\\\/2025\\\/09\\\/Nimeton-malli-38.png\",\"contentUrl\":\"https:\\\/\\\/jennipitko.fi\\\/koti\\\/wp-content\\\/uploads\\\/2025\\\/09\\\/Nimeton-malli-38.png\",\"width\":1280,\"height\":847,\"caption\":\"Jenni Pitko - Vihreiden varapuheenjohtaja, ymp\u00e4rist\u00f6valiokunnan puheenjohtaja, kansanedustaja ja arkkitehti Oulusta\"},\"image\":{\"@id\":\"https:\\\/\\\/jennipitko.fi\\\/koti\\\/#\\\/schema\\\/logo\\\/image\\\/\"}},{\"@type\":\"Person\",\"@id\":\"https:\\\/\\\/jennipitko.fi\\\/koti\\\/#\\\/schema\\\/person\\\/35955c467f851f10124809310e7e7ee8\",\"name\":\"Jenni\",\"image\":{\"@type\":\"ImageObject\",\"inLanguage\":\"fi\",\"@id\":\"https:\\\/\\\/secure.gravatar.com\\\/avatar\\\/625a0e6413b293da7739d42617828d564a4d6028aec3f45d8939a2ba1617199f?s=96&d=blank&r=g\",\"url\":\"https:\\\/\\\/secure.gravatar.com\\\/avatar\\\/625a0e6413b293da7739d42617828d564a4d6028aec3f45d8939a2ba1617199f?s=96&d=blank&r=g\",\"contentUrl\":\"https:\\\/\\\/secure.gravatar.com\\\/avatar\\\/625a0e6413b293da7739d42617828d564a4d6028aec3f45d8939a2ba1617199f?s=96&d=blank&r=g\",\"caption\":\"Jenni\"},\"url\":\"https:\\\/\\\/jennipitko.fi\\\/koti\\\/author\\\/jenni\\\/\"}]}<\/script>\n<!-- \/ Yoast SEO plugin. -->","yoast_head_json":{"title":"Tarvitsemme feministist\u00e4 ulko- ja turvallisuuspolitiikkaa - Jenni Pitko - Vihreiden varapuheenjohtaja, ymp\u00e4rist\u00f6valiokunnan puheenjohtaja, kansanedustaja ja arkkitehti Oulusta","robots":{"index":"index","follow":"follow","max-snippet":"max-snippet:-1","max-image-preview":"max-image-preview:large","max-video-preview":"max-video-preview:-1"},"canonical":"https:\/\/jennipitko.fi\/koti\/tarvitsemme-feministista-ulko-ja-turvallisuuspolitiikkaa\/","og_locale":"fi_FI","og_type":"article","og_title":"Tarvitsemme feministist\u00e4 ulko- ja turvallisuuspolitiikkaa - Jenni Pitko - Vihreiden varapuheenjohtaja, ymp\u00e4rist\u00f6valiokunnan puheenjohtaja, kansanedustaja ja arkkitehti Oulusta","og_description":"Lukematon m\u00e4\u00e4r\u00e4 naisia ja tytt\u00f6j\u00e4 kohtaa sortoa ja syrjint\u00e4\u00e4 jokap\u00e4iv\u00e4isess\u00e4 el\u00e4m\u00e4ss\u00e4\u00e4n. Naisten ja tytt\u00f6jen oikeudet ovat uhattuna erityisesti kriiseiss\u00e4 ja [&hellip;]","og_url":"https:\/\/jennipitko.fi\/koti\/tarvitsemme-feministista-ulko-ja-turvallisuuspolitiikkaa\/","og_site_name":"Jenni Pitko - Vihreiden varapuheenjohtaja, ymp\u00e4rist\u00f6valiokunnan puheenjohtaja, kansanedustaja ja arkkitehti Oulusta","article_published_time":"2019-03-11T18:49:16+00:00","article_modified_time":"2019-03-11T18:49:26+00:00","author":"Jenni","twitter_card":"summary_large_image","twitter_misc":{"Kirjoittanut":"Jenni","Arvioitu lukuaika":"2 minuuttia"},"schema":{"@context":"https:\/\/schema.org","@graph":[{"@type":"Article","@id":"https:\/\/jennipitko.fi\/koti\/tarvitsemme-feministista-ulko-ja-turvallisuuspolitiikkaa\/#article","isPartOf":{"@id":"https:\/\/jennipitko.fi\/koti\/tarvitsemme-feministista-ulko-ja-turvallisuuspolitiikkaa\/"},"author":{"name":"Jenni","@id":"https:\/\/jennipitko.fi\/koti\/#\/schema\/person\/35955c467f851f10124809310e7e7ee8"},"headline":"Tarvitsemme feministist\u00e4 ulko- ja turvallisuuspolitiikkaa","datePublished":"2019-03-11T18:49:16+00:00","dateModified":"2019-03-11T18:49:26+00:00","mainEntityOfPage":{"@id":"https:\/\/jennipitko.fi\/koti\/tarvitsemme-feministista-ulko-ja-turvallisuuspolitiikkaa\/"},"wordCount":360,"commentCount":0,"publisher":{"@id":"https:\/\/jennipitko.fi\/koti\/#organization"},"keywords":["feminismi","kehitysyhteisty\u00f6","sukupuolten v\u00e4linen tasa-arvo","tasa-arvo","turvallisuuspolitiikka","ulkopolitiikka"],"articleSection":["Blogi"],"inLanguage":"fi","potentialAction":[{"@type":"CommentAction","name":"Comment","target":["https:\/\/jennipitko.fi\/koti\/tarvitsemme-feministista-ulko-ja-turvallisuuspolitiikkaa\/#respond"]}]},{"@type":"WebPage","@id":"https:\/\/jennipitko.fi\/koti\/tarvitsemme-feministista-ulko-ja-turvallisuuspolitiikkaa\/","url":"https:\/\/jennipitko.fi\/koti\/tarvitsemme-feministista-ulko-ja-turvallisuuspolitiikkaa\/","name":"Tarvitsemme feministist\u00e4 ulko- ja turvallisuuspolitiikkaa - Jenni Pitko - Vihreiden varapuheenjohtaja, ymp\u00e4rist\u00f6valiokunnan puheenjohtaja, kansanedustaja ja arkkitehti Oulusta","isPartOf":{"@id":"https:\/\/jennipitko.fi\/koti\/#website"},"datePublished":"2019-03-11T18:49:16+00:00","dateModified":"2019-03-11T18:49:26+00:00","breadcrumb":{"@id":"https:\/\/jennipitko.fi\/koti\/tarvitsemme-feministista-ulko-ja-turvallisuuspolitiikkaa\/#breadcrumb"},"inLanguage":"fi","potentialAction":[{"@type":"ReadAction","target":["https:\/\/jennipitko.fi\/koti\/tarvitsemme-feministista-ulko-ja-turvallisuuspolitiikkaa\/"]}]},{"@type":"BreadcrumbList","@id":"https:\/\/jennipitko.fi\/koti\/tarvitsemme-feministista-ulko-ja-turvallisuuspolitiikkaa\/#breadcrumb","itemListElement":[{"@type":"ListItem","position":1,"name":"Home","item":"https:\/\/jennipitko.fi\/koti\/"},{"@type":"ListItem","position":2,"name":"Tarvitsemme feministist\u00e4 ulko- ja turvallisuuspolitiikkaa"}]},{"@type":"WebSite","@id":"https:\/\/jennipitko.fi\/koti\/#website","url":"https:\/\/jennipitko.fi\/koti\/","name":"Jenni Pitko - Vihreiden varapuheenjohtaja, ymp\u00e4rist\u00f6valiokunnan puheenjohtaja, kansanedustaja ja arkkitehti Oulusta","description":"Jenni Pitko - Vihreiden varapuheenjohtaja, ymp\u00e4rist\u00f6valiokunnan puheenjohtaja, kansanedustaja ja arkkitehti Oulusta","publisher":{"@id":"https:\/\/jennipitko.fi\/koti\/#organization"},"potentialAction":[{"@type":"SearchAction","target":{"@type":"EntryPoint","urlTemplate":"https:\/\/jennipitko.fi\/koti\/?s={search_term_string}"},"query-input":{"@type":"PropertyValueSpecification","valueRequired":true,"valueName":"search_term_string"}}],"inLanguage":"fi"},{"@type":"Organization","@id":"https:\/\/jennipitko.fi\/koti\/#organization","name":"Jenni Pitko - Vihreiden varapuheenjohtaja, ymp\u00e4rist\u00f6valiokunnan puheenjohtaja, kansanedustaja ja arkkitehti Oulusta","url":"https:\/\/jennipitko.fi\/koti\/","logo":{"@type":"ImageObject","inLanguage":"fi","@id":"https:\/\/jennipitko.fi\/koti\/#\/schema\/logo\/image\/","url":"https:\/\/jennipitko.fi\/koti\/wp-content\/uploads\/2025\/09\/Nimeton-malli-38.png","contentUrl":"https:\/\/jennipitko.fi\/koti\/wp-content\/uploads\/2025\/09\/Nimeton-malli-38.png","width":1280,"height":847,"caption":"Jenni Pitko - Vihreiden varapuheenjohtaja, ymp\u00e4rist\u00f6valiokunnan puheenjohtaja, kansanedustaja ja arkkitehti Oulusta"},"image":{"@id":"https:\/\/jennipitko.fi\/koti\/#\/schema\/logo\/image\/"}},{"@type":"Person","@id":"https:\/\/jennipitko.fi\/koti\/#\/schema\/person\/35955c467f851f10124809310e7e7ee8","name":"Jenni","image":{"@type":"ImageObject","inLanguage":"fi","@id":"https:\/\/secure.gravatar.com\/avatar\/625a0e6413b293da7739d42617828d564a4d6028aec3f45d8939a2ba1617199f?s=96&d=blank&r=g","url":"https:\/\/secure.gravatar.com\/avatar\/625a0e6413b293da7739d42617828d564a4d6028aec3f45d8939a2ba1617199f?s=96&d=blank&r=g","contentUrl":"https:\/\/secure.gravatar.com\/avatar\/625a0e6413b293da7739d42617828d564a4d6028aec3f45d8939a2ba1617199f?s=96&d=blank&r=g","caption":"Jenni"},"url":"https:\/\/jennipitko.fi\/koti\/author\/jenni\/"}]}},"_links":{"self":[{"href":"https:\/\/jennipitko.fi\/koti\/wp-json\/wp\/v2\/posts\/1956","targetHints":{"allow":["GET"]}}],"collection":[{"href":"https:\/\/jennipitko.fi\/koti\/wp-json\/wp\/v2\/posts"}],"about":[{"href":"https:\/\/jennipitko.fi\/koti\/wp-json\/wp\/v2\/types\/post"}],"author":[{"embeddable":true,"href":"https:\/\/jennipitko.fi\/koti\/wp-json\/wp\/v2\/users\/1"}],"replies":[{"embeddable":true,"href":"https:\/\/jennipitko.fi\/koti\/wp-json\/wp\/v2\/comments?post=1956"}],"version-history":[{"count":1,"href":"https:\/\/jennipitko.fi\/koti\/wp-json\/wp\/v2\/posts\/1956\/revisions"}],"predecessor-version":[{"id":1957,"href":"https:\/\/jennipitko.fi\/koti\/wp-json\/wp\/v2\/posts\/1956\/revisions\/1957"}],"wp:attachment":[{"href":"https:\/\/jennipitko.fi\/koti\/wp-json\/wp\/v2\/media?parent=1956"}],"wp:term":[{"taxonomy":"category","embeddable":true,"href":"https:\/\/jennipitko.fi\/koti\/wp-json\/wp\/v2\/categories?post=1956"},{"taxonomy":"post_tag","embeddable":true,"href":"https:\/\/jennipitko.fi\/koti\/wp-json\/wp\/v2\/tags?post=1956"}],"curies":[{"name":"wp","href":"https:\/\/api.w.org\/{rel}","templated":true}]}}