{"id":1958,"date":"2019-03-14T09:35:48","date_gmt":"2019-03-14T07:35:48","guid":{"rendered":"http:\/\/jennipitko.fi\/koti\/?p=1958"},"modified":"2019-03-29T19:31:22","modified_gmt":"2019-03-29T17:31:22","slug":"miksi-suomen-talvet-kaipaavat-pelastamista","status":"publish","type":"post","link":"https:\/\/jennipitko.fi\/koti\/miksi-suomen-talvet-kaipaavat-pelastamista\/","title":{"rendered":"Miksi Suomen talvet kaipaavat pelastamista ja ilmastonmuutos tulee torjua?"},"content":{"rendered":"\n<p>Nelj\u00e4 vuodenaikaa on suomalaisen el\u00e4m\u00e4ntavan perusta, jota ilmastonmuutos uhkaa. Vaikka mielemme monesti vaelteleekin l\u00e4mpimiss\u00e4 ja aurinkoisissa kes\u00e4illoissa ja lumettomien aikojen helppoudessa, ovat talvi ja pakkaset oleellinen osa pohjoisuutta, historiaamme ja identiteetti\u00e4mme. <br><\/p>\n\n\n\n<p>Olen itse l\u00f6yt\u00e4nyt talven ilon hiihtoharrastuksesta ja rakastunut kauniisiin kaamoksen pastelliv\u00e4reihin ja lumisiin tykkylumipuihin tuntureilla ja metsiss\u00e4 kulkemalla. En voi kuvitella el\u00e4m\u00e4\u00e4 ilman talven seisahtunutta rauhaa ja kaamosajan armollisuutta, lumentulon riemua ja valkoista maata, joka kaamoksellakin suo meille valon.<br><\/p>\n\n\n\n<p>Ilmastonmuutos kuitenkin uhkaa talviamme. L\u00e4mpenev\u00e4 ilmasto n\u00e4kyy radikaalisti juuri meill\u00e4 Suomessa. Suomen vuosikeskil\u00e4mp\u00f6tila l\u00e4mpenee kaksi kertaa muuta maapalloa nopeammin. <a href=\"https:\/\/ilmasto-opas.fi\/fi\/ajankohtaista\/uutinen\/-\/artikkeli\/07f4c59b-ee6a-42a7-a83a-fc8e14ec0942\/leudontuvat-talvet-muuttavat-rakennusten-energiantarvetta.html\">Ilmatieteen laitoksen seurannan mukaan<\/a> etenkin talvet ovat Suomessa leudontuneet. Joulukuiden l\u00e4mp\u00f6tila 1850-luvulta t\u00e4h\u00e4n p\u00e4iv\u00e4\u00e4n on noussut l\u00e4hes viisi astetta. Ilmatieteen laitoksen ennusteen mukaan jo vuonna 2050 Etel\u00e4-Suomeen ei v\u00e4ltt\u00e4m\u00e4tt\u00e4 en\u00e4\u00e4 saada lunta. Pohjois-Suomessa l\u00e4mp\u00f6tila laskee ja lumihankien koostumus muuttuu, myrskyt ja tuulet lis\u00e4\u00e4ntyv\u00e4t. <br><\/p>\n\n\n\n<h4 class=\"wp-block-heading\">Ilmastonmuutos koskettaa <g class=\"gr_ gr_41 gr-alert gr_spell gr_inline_cards gr_disable_anim_appear ContextualSpelling ins-del multiReplace\" id=\"41\" data-gr-id=\"41\">kaikkia<\/g><\/h4>\n\n\n\n<p>Arjessa olemme saaneet jo huomata termisten talvien alun siirtymisen my\u00f6hemm\u00e4ksi ja nollakelien ja j\u00e4isten sateiden m\u00e4\u00e4r\u00e4n kasvun sek\u00e4 talvimyrskyjen lis\u00e4\u00e4ntymisen. Lis\u00e4\u00e4ntyneet talvimyrskyt ovat vaikeuttaneet monen el\u00e4m\u00e4\u00e4 katkoen s\u00e4hk\u00f6j\u00e4. Lumettomien talvijaksojen lis\u00e4\u00e4ntyminen tarkoittaa my\u00f6s v\u00e4hentyv\u00e4\u00e4 valoa, jota lumen pinta heijastaa. Valon m\u00e4\u00e4r\u00e4ll\u00e4 on vaikutuksia ihmisten hyvinvointiin. <br><\/p>\n\n\n\n<p>Talvien l\u00e4mpeneminen uhkaa my\u00f6s el\u00e4inten olosuhteita. Etel\u00e4iset luontotyypit hivuttautuvat pohjoiseen ja el\u00e4inlajit siirtyv\u00e4t yl\u00f6sp\u00e4in. Vastaan tulee kuitenkin J\u00e4\u00e4meri, ja monen el\u00e4imen elintila loppuu. T\u00e4llainen on esimerkiksi naalin tilanne jo nyt. Lumihankien koostumus muuttuu, kun l\u00e4mp\u00f6tila k\u00e4y useaan kertaan talvella plussan puolella, mutta moni pohjoisen laji tarvitsee kuohkean lumihangen pesi\u00e4kseen. <br><\/p>\n\n\n\n<p>Kalat, jotka itsess\u00e4\u00e4n ovat jo monen pohjoisen el\u00e4inlajin t\u00e4rke\u00e4 ravinnonl\u00e4hde, voivat huonosti lauhtuneissa vesist\u00f6iss\u00e4. Pohjoisen kalat, etenkin lohikalat, ovat vaarassa menett\u00e4\u00e4 asemiaan Pohjois-Suomen vesist\u00f6iss\u00e4 tulevina vuosikymmenin\u00e4. <br><\/p>\n\n\n\n<p>Talvien lis\u00e4ksi ilmastonmuutos uhkaa el\u00e4m\u00e4n edellytyksi\u00e4 maapallolla. Ilmastonmuutos aiheuttaa maailmanlaajuisella tasolla eritt\u00e4in suurta vahinkoa maataloudelle, mik\u00e4 uhkaa aiheuttaa vakavaa n\u00e4l\u00e4nh\u00e4t\u00e4\u00e4. Maataloustuotteiden maailmanmarkkinahintojen nousulla on vaikutus my\u00f6s Suomen ja suomalaisten talouteen. Ilmastonmuutos voi johtaa pakolaism\u00e4\u00e4rien kasvuun ja kehitysmaissa poliittiseen ep\u00e4vakauteen.<br><\/p>\n\n\n\n<h4 class=\"wp-block-heading\">Miten Suomen talvet voidaan pelastaa ja ilmastonmuutosta torjua?<br><\/h4>\n\n\n\n<p>T\u00e4rkeint\u00e4 on tiet\u00e4\u00e4, ett\u00e4 ilmastonmuutosta &nbsp;voidaan torjua! Keinot ovat olemassa, ja niit\u00e4 t\u00e4ytyy rohkeasti k\u00e4ytt\u00e4\u00e4. Tarvitsemme <a href=\"http:\/\/jennipitko.fi\/koti\/ilmastomuutos-on-oulun-talouden-suurin-uhka-vihreiden-ryhmapuhe-talousarvioon-2019\/\">kunnianhimoista ilmastopolitiikkaa<\/a> sek\u00e4 tiekartan, jotta p\u00e4\u00e4semme hiilineutraaliksi vuonna 2030. Suomen tulee olla edell\u00e4k\u00e4vij\u00e4 ilmastonmuutoksen torjunnassa ja n\u00e4ytt\u00e4\u00e4 esimerkki\u00e4 muille. Fossiilisten polttoaineiden takarajat on asetettava 2020- ja 2030-luvuille. Metsien ja maaper\u00e4n hiilinieluja on lis\u00e4tt\u00e4v\u00e4 ja pid\u00e4tt\u00e4ydytt\u00e4v\u00e4 hakkuum\u00e4\u00e4rien kasvattamisesta. Toimenpiteit\u00e4 tarvitaan kaikkialla: teollisuudessa ja ihmisten arjessa, kaupungeissa ja maaseudulla.<br><\/p>\n\n\n\n<p>Pelk\u00e4st\u00e4\u00e4n Suomen toimet eiv\u00e4t riit\u00e4, vaan kaikkien maiden, kaikkien yritysten, kaikkien ihmisten t\u00e4ytyy toimia. EU:n p\u00e4\u00e4st\u00f6kauppa on j\u00e4rjestelm\u00e4n\u00e4 hyv\u00e4, mutta sen valuviat on korjattava. Suomen tulee olla vaikuttamassa kansainv\u00e4lisiss\u00e4 yhteyksiss\u00e4 kunnianhimoisen p\u00e4\u00e4st\u00f6v\u00e4hent\u00e4mispolitiikan puolesta. Oiva tilaisuus vaikuttaa on Suomen tuleva puheenjohtajuuskausi Euroopan neuvostossa, joka alkaa hein\u00e4kuussa. <\/p>\n\n\n\n<figure class=\"wp-block-image\"><img decoding=\"async\" src=\"http:\/\/jennipitko.fi\/koti\/wp-content\/uploads\/2019\/02\/nettisivuille.jpg\" alt=\"Ilmastonmuutos uhkaa Suomen luontoa ja elinkeinoja. Pelastetaan Suomen talvet j\u00e4rkev\u00e4ll\u00e4 ilmastopolitiikalla.\" class=\"wp-image-1858\" title=\"Miksi Suomen talvet kaipaavat pelastamista ja ilmastonmuutos tulee torjua?\"><\/figure>\n","protected":false},"excerpt":{"rendered":"<p>Ilmastonmuutos tulee torjua, sill\u00e4 Suomen luonto ja el\u00e4imet tarvitsevat my\u00f6s talvia. Eduskuntavaalit 2019 ovat ilmastovaalit. Tarvitsemme p\u00e4\u00e4t\u00f6ksi\u00e4 nyt.<\/p>\n","protected":false},"author":1,"featured_media":0,"comment_status":"open","ping_status":"closed","sticky":false,"template":"","format":"standard","meta":{"_monsterinsights_skip_tracking":false,"_monsterinsights_sitenote_active":false,"_monsterinsights_sitenote_note":"","_monsterinsights_sitenote_category":0,"site-sidebar-layout":"default","site-content-layout":"","ast-site-content-layout":"default","site-content-style":"default","site-sidebar-style":"default","ast-global-header-display":"","ast-banner-title-visibility":"","ast-main-header-display":"","ast-hfb-above-header-display":"","ast-hfb-below-header-display":"","ast-hfb-mobile-header-display":"","site-post-title":"","ast-breadcrumbs-content":"","ast-featured-img":"","footer-sml-layout":"","ast-disable-related-posts":"","theme-transparent-header-meta":"","adv-header-id-meta":"","stick-header-meta":"","header-above-stick-meta":"","header-main-stick-meta":"","header-below-stick-meta":"","astra-migrate-meta-layouts":"default","ast-page-background-enabled":"default","ast-page-background-meta":{"desktop":{"background-color":"var(--ast-global-color-5)","background-image":"","background-repeat":"repeat","background-position":"center center","background-size":"auto","background-attachment":"scroll","background-type":"","background-media":"","overlay-type":"","overlay-color":"","overlay-opacity":"","overlay-gradient":""},"tablet":{"background-color":"","background-image":"","background-repeat":"repeat","background-position":"center center","background-size":"auto","background-attachment":"scroll","background-type":"","background-media":"","overlay-type":"","overlay-color":"","overlay-opacity":"","overlay-gradient":""},"mobile":{"background-color":"","background-image":"","background-repeat":"repeat","background-position":"center center","background-size":"auto","background-attachment":"scroll","background-type":"","background-media":"","overlay-type":"","overlay-color":"","overlay-opacity":"","overlay-gradient":""}},"ast-content-background-meta":{"desktop":{"background-color":"var(--ast-global-color-4)","background-image":"","background-repeat":"repeat","background-position":"center center","background-size":"auto","background-attachment":"scroll","background-type":"","background-media":"","overlay-type":"","overlay-color":"","overlay-opacity":"","overlay-gradient":""},"tablet":{"background-color":"var(--ast-global-color-4)","background-image":"","background-repeat":"repeat","background-position":"center center","background-size":"auto","background-attachment":"scroll","background-type":"","background-media":"","overlay-type":"","overlay-color":"","overlay-opacity":"","overlay-gradient":""},"mobile":{"background-color":"var(--ast-global-color-4)","background-image":"","background-repeat":"repeat","background-position":"center center","background-size":"auto","background-attachment":"scroll","background-type":"","background-media":"","overlay-type":"","overlay-color":"","overlay-opacity":"","overlay-gradient":""}},"footnotes":""},"categories":[2],"tags":[93,154,321,317,106],"class_list":["post-1958","post","type-post","status-publish","format-standard","hentry","category-blogi","tag-ilmasto","tag-ilmastonmuutos","tag-naali","tag-pohjoinen","tag-vihreat"],"yoast_head":"<!-- This site is optimized with the Yoast SEO plugin v27.5 - https:\/\/yoast.com\/product\/yoast-seo-wordpress\/ -->\n<title>Miksi Suomen talvet kaipaavat pelastamista ja ilmastonmuutos tulee torjua? - Jenni Pitko - Vihreiden varapuheenjohtaja, ymp\u00e4rist\u00f6valiokunnan puheenjohtaja, kansanedustaja ja arkkitehti Oulusta<\/title>\n<meta name=\"description\" content=\"Ilmastonmuutos tulee torjua, sill\u00e4 Suomen luonto ja el\u00e4imet tarvitsevat my\u00f6s talvia. Eduskuntavaalit 2019 ovat ilmastovaalit. Tarvitsemme p\u00e4\u00e4t\u00f6ksi\u00e4 nyt.\" \/>\n<meta name=\"robots\" content=\"index, follow, max-snippet:-1, max-image-preview:large, max-video-preview:-1\" \/>\n<link rel=\"canonical\" href=\"https:\/\/jennipitko.fi\/koti\/miksi-suomen-talvet-kaipaavat-pelastamista\/\" \/>\n<meta property=\"og:locale\" content=\"fi_FI\" \/>\n<meta property=\"og:type\" content=\"article\" \/>\n<meta property=\"og:title\" content=\"Miksi Suomen talvet kaipaavat pelastamista ja ilmastonmuutos tulee torjua? - Jenni Pitko - Vihreiden varapuheenjohtaja, ymp\u00e4rist\u00f6valiokunnan puheenjohtaja, kansanedustaja ja arkkitehti Oulusta\" \/>\n<meta property=\"og:description\" content=\"Ilmastonmuutos tulee torjua, sill\u00e4 Suomen luonto ja el\u00e4imet tarvitsevat my\u00f6s talvia. Eduskuntavaalit 2019 ovat ilmastovaalit. Tarvitsemme p\u00e4\u00e4t\u00f6ksi\u00e4 nyt.\" \/>\n<meta property=\"og:url\" content=\"https:\/\/jennipitko.fi\/koti\/miksi-suomen-talvet-kaipaavat-pelastamista\/\" \/>\n<meta property=\"og:site_name\" content=\"Jenni Pitko - Vihreiden varapuheenjohtaja, ymp\u00e4rist\u00f6valiokunnan puheenjohtaja, kansanedustaja ja arkkitehti Oulusta\" \/>\n<meta property=\"article:published_time\" content=\"2019-03-14T07:35:48+00:00\" \/>\n<meta property=\"article:modified_time\" content=\"2019-03-29T17:31:22+00:00\" \/>\n<meta name=\"author\" content=\"Jenni\" \/>\n<meta name=\"twitter:card\" content=\"summary_large_image\" \/>\n<meta name=\"twitter:label1\" content=\"Kirjoittanut\" \/>\n\t<meta name=\"twitter:data1\" content=\"Jenni\" \/>\n\t<meta name=\"twitter:label2\" content=\"Arvioitu lukuaika\" \/>\n\t<meta name=\"twitter:data2\" content=\"3 minuuttia\" \/>\n<script type=\"application\/ld+json\" class=\"yoast-schema-graph\">{\"@context\":\"https:\\\/\\\/schema.org\",\"@graph\":[{\"@type\":\"Article\",\"@id\":\"https:\\\/\\\/jennipitko.fi\\\/koti\\\/miksi-suomen-talvet-kaipaavat-pelastamista\\\/#article\",\"isPartOf\":{\"@id\":\"https:\\\/\\\/jennipitko.fi\\\/koti\\\/miksi-suomen-talvet-kaipaavat-pelastamista\\\/\"},\"author\":{\"name\":\"Jenni\",\"@id\":\"https:\\\/\\\/jennipitko.fi\\\/koti\\\/#\\\/schema\\\/person\\\/35955c467f851f10124809310e7e7ee8\"},\"headline\":\"Miksi Suomen talvet kaipaavat pelastamista ja ilmastonmuutos tulee torjua?\",\"datePublished\":\"2019-03-14T07:35:48+00:00\",\"dateModified\":\"2019-03-29T17:31:22+00:00\",\"mainEntityOfPage\":{\"@id\":\"https:\\\/\\\/jennipitko.fi\\\/koti\\\/miksi-suomen-talvet-kaipaavat-pelastamista\\\/\"},\"wordCount\":522,\"commentCount\":0,\"publisher\":{\"@id\":\"https:\\\/\\\/jennipitko.fi\\\/koti\\\/#organization\"},\"image\":{\"@id\":\"https:\\\/\\\/jennipitko.fi\\\/koti\\\/miksi-suomen-talvet-kaipaavat-pelastamista\\\/#primaryimage\"},\"thumbnailUrl\":\"http:\\\/\\\/jennipitko.fi\\\/koti\\\/wp-content\\\/uploads\\\/2019\\\/02\\\/nettisivuille.jpg\",\"keywords\":[\"ilmasto\",\"ilmastonmuutos\",\"naali\",\"pohjoinen\",\"vihre\u00e4t\"],\"articleSection\":[\"Blogi\"],\"inLanguage\":\"fi\",\"potentialAction\":[{\"@type\":\"CommentAction\",\"name\":\"Comment\",\"target\":[\"https:\\\/\\\/jennipitko.fi\\\/koti\\\/miksi-suomen-talvet-kaipaavat-pelastamista\\\/#respond\"]}]},{\"@type\":\"WebPage\",\"@id\":\"https:\\\/\\\/jennipitko.fi\\\/koti\\\/miksi-suomen-talvet-kaipaavat-pelastamista\\\/\",\"url\":\"https:\\\/\\\/jennipitko.fi\\\/koti\\\/miksi-suomen-talvet-kaipaavat-pelastamista\\\/\",\"name\":\"Miksi Suomen talvet kaipaavat pelastamista ja ilmastonmuutos tulee torjua? - Jenni Pitko - Vihreiden varapuheenjohtaja, ymp\u00e4rist\u00f6valiokunnan puheenjohtaja, kansanedustaja ja arkkitehti Oulusta\",\"isPartOf\":{\"@id\":\"https:\\\/\\\/jennipitko.fi\\\/koti\\\/#website\"},\"primaryImageOfPage\":{\"@id\":\"https:\\\/\\\/jennipitko.fi\\\/koti\\\/miksi-suomen-talvet-kaipaavat-pelastamista\\\/#primaryimage\"},\"image\":{\"@id\":\"https:\\\/\\\/jennipitko.fi\\\/koti\\\/miksi-suomen-talvet-kaipaavat-pelastamista\\\/#primaryimage\"},\"thumbnailUrl\":\"http:\\\/\\\/jennipitko.fi\\\/koti\\\/wp-content\\\/uploads\\\/2019\\\/02\\\/nettisivuille.jpg\",\"datePublished\":\"2019-03-14T07:35:48+00:00\",\"dateModified\":\"2019-03-29T17:31:22+00:00\",\"description\":\"Ilmastonmuutos tulee torjua, sill\u00e4 Suomen luonto ja el\u00e4imet tarvitsevat my\u00f6s talvia. Eduskuntavaalit 2019 ovat ilmastovaalit. Tarvitsemme p\u00e4\u00e4t\u00f6ksi\u00e4 nyt.\",\"breadcrumb\":{\"@id\":\"https:\\\/\\\/jennipitko.fi\\\/koti\\\/miksi-suomen-talvet-kaipaavat-pelastamista\\\/#breadcrumb\"},\"inLanguage\":\"fi\",\"potentialAction\":[{\"@type\":\"ReadAction\",\"target\":[\"https:\\\/\\\/jennipitko.fi\\\/koti\\\/miksi-suomen-talvet-kaipaavat-pelastamista\\\/\"]}]},{\"@type\":\"ImageObject\",\"inLanguage\":\"fi\",\"@id\":\"https:\\\/\\\/jennipitko.fi\\\/koti\\\/miksi-suomen-talvet-kaipaavat-pelastamista\\\/#primaryimage\",\"url\":\"\",\"contentUrl\":\"\"},{\"@type\":\"BreadcrumbList\",\"@id\":\"https:\\\/\\\/jennipitko.fi\\\/koti\\\/miksi-suomen-talvet-kaipaavat-pelastamista\\\/#breadcrumb\",\"itemListElement\":[{\"@type\":\"ListItem\",\"position\":1,\"name\":\"Home\",\"item\":\"https:\\\/\\\/jennipitko.fi\\\/koti\\\/\"},{\"@type\":\"ListItem\",\"position\":2,\"name\":\"Miksi Suomen talvet kaipaavat pelastamista ja ilmastonmuutos tulee torjua?\"}]},{\"@type\":\"WebSite\",\"@id\":\"https:\\\/\\\/jennipitko.fi\\\/koti\\\/#website\",\"url\":\"https:\\\/\\\/jennipitko.fi\\\/koti\\\/\",\"name\":\"Jenni Pitko - Vihreiden varapuheenjohtaja, ymp\u00e4rist\u00f6valiokunnan puheenjohtaja, kansanedustaja ja arkkitehti Oulusta\",\"description\":\"Jenni Pitko - Vihreiden varapuheenjohtaja, ymp\u00e4rist\u00f6valiokunnan puheenjohtaja, kansanedustaja ja arkkitehti Oulusta\",\"publisher\":{\"@id\":\"https:\\\/\\\/jennipitko.fi\\\/koti\\\/#organization\"},\"potentialAction\":[{\"@type\":\"SearchAction\",\"target\":{\"@type\":\"EntryPoint\",\"urlTemplate\":\"https:\\\/\\\/jennipitko.fi\\\/koti\\\/?s={search_term_string}\"},\"query-input\":{\"@type\":\"PropertyValueSpecification\",\"valueRequired\":true,\"valueName\":\"search_term_string\"}}],\"inLanguage\":\"fi\"},{\"@type\":\"Organization\",\"@id\":\"https:\\\/\\\/jennipitko.fi\\\/koti\\\/#organization\",\"name\":\"Jenni Pitko - Vihreiden varapuheenjohtaja, ymp\u00e4rist\u00f6valiokunnan puheenjohtaja, kansanedustaja ja arkkitehti Oulusta\",\"url\":\"https:\\\/\\\/jennipitko.fi\\\/koti\\\/\",\"logo\":{\"@type\":\"ImageObject\",\"inLanguage\":\"fi\",\"@id\":\"https:\\\/\\\/jennipitko.fi\\\/koti\\\/#\\\/schema\\\/logo\\\/image\\\/\",\"url\":\"https:\\\/\\\/jennipitko.fi\\\/koti\\\/wp-content\\\/uploads\\\/2025\\\/09\\\/Nimeton-malli-38.png\",\"contentUrl\":\"https:\\\/\\\/jennipitko.fi\\\/koti\\\/wp-content\\\/uploads\\\/2025\\\/09\\\/Nimeton-malli-38.png\",\"width\":1280,\"height\":847,\"caption\":\"Jenni Pitko - Vihreiden varapuheenjohtaja, ymp\u00e4rist\u00f6valiokunnan puheenjohtaja, kansanedustaja ja arkkitehti Oulusta\"},\"image\":{\"@id\":\"https:\\\/\\\/jennipitko.fi\\\/koti\\\/#\\\/schema\\\/logo\\\/image\\\/\"}},{\"@type\":\"Person\",\"@id\":\"https:\\\/\\\/jennipitko.fi\\\/koti\\\/#\\\/schema\\\/person\\\/35955c467f851f10124809310e7e7ee8\",\"name\":\"Jenni\",\"image\":{\"@type\":\"ImageObject\",\"inLanguage\":\"fi\",\"@id\":\"https:\\\/\\\/secure.gravatar.com\\\/avatar\\\/625a0e6413b293da7739d42617828d564a4d6028aec3f45d8939a2ba1617199f?s=96&d=blank&r=g\",\"url\":\"https:\\\/\\\/secure.gravatar.com\\\/avatar\\\/625a0e6413b293da7739d42617828d564a4d6028aec3f45d8939a2ba1617199f?s=96&d=blank&r=g\",\"contentUrl\":\"https:\\\/\\\/secure.gravatar.com\\\/avatar\\\/625a0e6413b293da7739d42617828d564a4d6028aec3f45d8939a2ba1617199f?s=96&d=blank&r=g\",\"caption\":\"Jenni\"},\"url\":\"https:\\\/\\\/jennipitko.fi\\\/koti\\\/author\\\/jenni\\\/\"}]}<\/script>\n<!-- \/ Yoast SEO plugin. -->","yoast_head_json":{"title":"Miksi Suomen talvet kaipaavat pelastamista ja ilmastonmuutos tulee torjua? - Jenni Pitko - Vihreiden varapuheenjohtaja, ymp\u00e4rist\u00f6valiokunnan puheenjohtaja, kansanedustaja ja arkkitehti Oulusta","description":"Ilmastonmuutos tulee torjua, sill\u00e4 Suomen luonto ja el\u00e4imet tarvitsevat my\u00f6s talvia. Eduskuntavaalit 2019 ovat ilmastovaalit. Tarvitsemme p\u00e4\u00e4t\u00f6ksi\u00e4 nyt.","robots":{"index":"index","follow":"follow","max-snippet":"max-snippet:-1","max-image-preview":"max-image-preview:large","max-video-preview":"max-video-preview:-1"},"canonical":"https:\/\/jennipitko.fi\/koti\/miksi-suomen-talvet-kaipaavat-pelastamista\/","og_locale":"fi_FI","og_type":"article","og_title":"Miksi Suomen talvet kaipaavat pelastamista ja ilmastonmuutos tulee torjua? - Jenni Pitko - Vihreiden varapuheenjohtaja, ymp\u00e4rist\u00f6valiokunnan puheenjohtaja, kansanedustaja ja arkkitehti Oulusta","og_description":"Ilmastonmuutos tulee torjua, sill\u00e4 Suomen luonto ja el\u00e4imet tarvitsevat my\u00f6s talvia. Eduskuntavaalit 2019 ovat ilmastovaalit. Tarvitsemme p\u00e4\u00e4t\u00f6ksi\u00e4 nyt.","og_url":"https:\/\/jennipitko.fi\/koti\/miksi-suomen-talvet-kaipaavat-pelastamista\/","og_site_name":"Jenni Pitko - Vihreiden varapuheenjohtaja, ymp\u00e4rist\u00f6valiokunnan puheenjohtaja, kansanedustaja ja arkkitehti Oulusta","article_published_time":"2019-03-14T07:35:48+00:00","article_modified_time":"2019-03-29T17:31:22+00:00","author":"Jenni","twitter_card":"summary_large_image","twitter_misc":{"Kirjoittanut":"Jenni","Arvioitu lukuaika":"3 minuuttia"},"schema":{"@context":"https:\/\/schema.org","@graph":[{"@type":"Article","@id":"https:\/\/jennipitko.fi\/koti\/miksi-suomen-talvet-kaipaavat-pelastamista\/#article","isPartOf":{"@id":"https:\/\/jennipitko.fi\/koti\/miksi-suomen-talvet-kaipaavat-pelastamista\/"},"author":{"name":"Jenni","@id":"https:\/\/jennipitko.fi\/koti\/#\/schema\/person\/35955c467f851f10124809310e7e7ee8"},"headline":"Miksi Suomen talvet kaipaavat pelastamista ja ilmastonmuutos tulee torjua?","datePublished":"2019-03-14T07:35:48+00:00","dateModified":"2019-03-29T17:31:22+00:00","mainEntityOfPage":{"@id":"https:\/\/jennipitko.fi\/koti\/miksi-suomen-talvet-kaipaavat-pelastamista\/"},"wordCount":522,"commentCount":0,"publisher":{"@id":"https:\/\/jennipitko.fi\/koti\/#organization"},"image":{"@id":"https:\/\/jennipitko.fi\/koti\/miksi-suomen-talvet-kaipaavat-pelastamista\/#primaryimage"},"thumbnailUrl":"http:\/\/jennipitko.fi\/koti\/wp-content\/uploads\/2019\/02\/nettisivuille.jpg","keywords":["ilmasto","ilmastonmuutos","naali","pohjoinen","vihre\u00e4t"],"articleSection":["Blogi"],"inLanguage":"fi","potentialAction":[{"@type":"CommentAction","name":"Comment","target":["https:\/\/jennipitko.fi\/koti\/miksi-suomen-talvet-kaipaavat-pelastamista\/#respond"]}]},{"@type":"WebPage","@id":"https:\/\/jennipitko.fi\/koti\/miksi-suomen-talvet-kaipaavat-pelastamista\/","url":"https:\/\/jennipitko.fi\/koti\/miksi-suomen-talvet-kaipaavat-pelastamista\/","name":"Miksi Suomen talvet kaipaavat pelastamista ja ilmastonmuutos tulee torjua? - Jenni Pitko - Vihreiden varapuheenjohtaja, ymp\u00e4rist\u00f6valiokunnan puheenjohtaja, kansanedustaja ja arkkitehti Oulusta","isPartOf":{"@id":"https:\/\/jennipitko.fi\/koti\/#website"},"primaryImageOfPage":{"@id":"https:\/\/jennipitko.fi\/koti\/miksi-suomen-talvet-kaipaavat-pelastamista\/#primaryimage"},"image":{"@id":"https:\/\/jennipitko.fi\/koti\/miksi-suomen-talvet-kaipaavat-pelastamista\/#primaryimage"},"thumbnailUrl":"http:\/\/jennipitko.fi\/koti\/wp-content\/uploads\/2019\/02\/nettisivuille.jpg","datePublished":"2019-03-14T07:35:48+00:00","dateModified":"2019-03-29T17:31:22+00:00","description":"Ilmastonmuutos tulee torjua, sill\u00e4 Suomen luonto ja el\u00e4imet tarvitsevat my\u00f6s talvia. Eduskuntavaalit 2019 ovat ilmastovaalit. Tarvitsemme p\u00e4\u00e4t\u00f6ksi\u00e4 nyt.","breadcrumb":{"@id":"https:\/\/jennipitko.fi\/koti\/miksi-suomen-talvet-kaipaavat-pelastamista\/#breadcrumb"},"inLanguage":"fi","potentialAction":[{"@type":"ReadAction","target":["https:\/\/jennipitko.fi\/koti\/miksi-suomen-talvet-kaipaavat-pelastamista\/"]}]},{"@type":"ImageObject","inLanguage":"fi","@id":"https:\/\/jennipitko.fi\/koti\/miksi-suomen-talvet-kaipaavat-pelastamista\/#primaryimage","url":"","contentUrl":""},{"@type":"BreadcrumbList","@id":"https:\/\/jennipitko.fi\/koti\/miksi-suomen-talvet-kaipaavat-pelastamista\/#breadcrumb","itemListElement":[{"@type":"ListItem","position":1,"name":"Home","item":"https:\/\/jennipitko.fi\/koti\/"},{"@type":"ListItem","position":2,"name":"Miksi Suomen talvet kaipaavat pelastamista ja ilmastonmuutos tulee torjua?"}]},{"@type":"WebSite","@id":"https:\/\/jennipitko.fi\/koti\/#website","url":"https:\/\/jennipitko.fi\/koti\/","name":"Jenni Pitko - Vihreiden varapuheenjohtaja, ymp\u00e4rist\u00f6valiokunnan puheenjohtaja, kansanedustaja ja arkkitehti Oulusta","description":"Jenni Pitko - Vihreiden varapuheenjohtaja, ymp\u00e4rist\u00f6valiokunnan puheenjohtaja, kansanedustaja ja arkkitehti Oulusta","publisher":{"@id":"https:\/\/jennipitko.fi\/koti\/#organization"},"potentialAction":[{"@type":"SearchAction","target":{"@type":"EntryPoint","urlTemplate":"https:\/\/jennipitko.fi\/koti\/?s={search_term_string}"},"query-input":{"@type":"PropertyValueSpecification","valueRequired":true,"valueName":"search_term_string"}}],"inLanguage":"fi"},{"@type":"Organization","@id":"https:\/\/jennipitko.fi\/koti\/#organization","name":"Jenni Pitko - Vihreiden varapuheenjohtaja, ymp\u00e4rist\u00f6valiokunnan puheenjohtaja, kansanedustaja ja arkkitehti Oulusta","url":"https:\/\/jennipitko.fi\/koti\/","logo":{"@type":"ImageObject","inLanguage":"fi","@id":"https:\/\/jennipitko.fi\/koti\/#\/schema\/logo\/image\/","url":"https:\/\/jennipitko.fi\/koti\/wp-content\/uploads\/2025\/09\/Nimeton-malli-38.png","contentUrl":"https:\/\/jennipitko.fi\/koti\/wp-content\/uploads\/2025\/09\/Nimeton-malli-38.png","width":1280,"height":847,"caption":"Jenni Pitko - Vihreiden varapuheenjohtaja, ymp\u00e4rist\u00f6valiokunnan puheenjohtaja, kansanedustaja ja arkkitehti Oulusta"},"image":{"@id":"https:\/\/jennipitko.fi\/koti\/#\/schema\/logo\/image\/"}},{"@type":"Person","@id":"https:\/\/jennipitko.fi\/koti\/#\/schema\/person\/35955c467f851f10124809310e7e7ee8","name":"Jenni","image":{"@type":"ImageObject","inLanguage":"fi","@id":"https:\/\/secure.gravatar.com\/avatar\/625a0e6413b293da7739d42617828d564a4d6028aec3f45d8939a2ba1617199f?s=96&d=blank&r=g","url":"https:\/\/secure.gravatar.com\/avatar\/625a0e6413b293da7739d42617828d564a4d6028aec3f45d8939a2ba1617199f?s=96&d=blank&r=g","contentUrl":"https:\/\/secure.gravatar.com\/avatar\/625a0e6413b293da7739d42617828d564a4d6028aec3f45d8939a2ba1617199f?s=96&d=blank&r=g","caption":"Jenni"},"url":"https:\/\/jennipitko.fi\/koti\/author\/jenni\/"}]}},"_links":{"self":[{"href":"https:\/\/jennipitko.fi\/koti\/wp-json\/wp\/v2\/posts\/1958","targetHints":{"allow":["GET"]}}],"collection":[{"href":"https:\/\/jennipitko.fi\/koti\/wp-json\/wp\/v2\/posts"}],"about":[{"href":"https:\/\/jennipitko.fi\/koti\/wp-json\/wp\/v2\/types\/post"}],"author":[{"embeddable":true,"href":"https:\/\/jennipitko.fi\/koti\/wp-json\/wp\/v2\/users\/1"}],"replies":[{"embeddable":true,"href":"https:\/\/jennipitko.fi\/koti\/wp-json\/wp\/v2\/comments?post=1958"}],"version-history":[{"count":1,"href":"https:\/\/jennipitko.fi\/koti\/wp-json\/wp\/v2\/posts\/1958\/revisions"}],"predecessor-version":[{"id":2019,"href":"https:\/\/jennipitko.fi\/koti\/wp-json\/wp\/v2\/posts\/1958\/revisions\/2019"}],"wp:attachment":[{"href":"https:\/\/jennipitko.fi\/koti\/wp-json\/wp\/v2\/media?parent=1958"}],"wp:term":[{"taxonomy":"category","embeddable":true,"href":"https:\/\/jennipitko.fi\/koti\/wp-json\/wp\/v2\/categories?post=1958"},{"taxonomy":"post_tag","embeddable":true,"href":"https:\/\/jennipitko.fi\/koti\/wp-json\/wp\/v2\/tags?post=1958"}],"curies":[{"name":"wp","href":"https:\/\/api.w.org\/{rel}","templated":true}]}}