{"id":1978,"date":"2019-03-22T09:59:44","date_gmt":"2019-03-22T07:59:44","guid":{"rendered":"http:\/\/jennipitko.fi\/koti\/?p=1978"},"modified":"2019-03-22T09:59:49","modified_gmt":"2019-03-22T07:59:49","slug":"korkeakouluopiskelijoille-tyorauha","status":"publish","type":"post","link":"https:\/\/jennipitko.fi\/koti\/korkeakouluopiskelijoille-tyorauha\/","title":{"rendered":"Korkeakouluopiskelijoille ty\u00f6rauha"},"content":{"rendered":"\n<p>Opiskelijoilta on leikattu kuluvalla hallituskaudella kaikista rankimmin. Opintotuen tasoa on laskettu ja indeksisidonnaisuus poistettu, joka pitk\u00e4ss\u00e4 juoksussa laskee opintotuen tasoa edelleen. Opiskelijoiden odotetaan el\u00e4v\u00e4n velaksi, mik\u00e4 on kohtuutonta mille tahansa ihmisjoukolle. Opiskelijoita odottaa valmistumisen j\u00e4lkeen usein repaleinen ty\u00f6el\u00e4m\u00e4 ja ep\u00e4varma toimeentulo. Jos velan ottaminen ei houkuta, pakottaa riitt\u00e4m\u00e4t\u00f6n opintotuki opiskelijan ilta- ja viikonlopput\u00f6ihin. Vaikka ty\u00f6kokemus on aina positiivinen asia, on opiskelu jo itsess\u00e4\u00e4n ty\u00f6t\u00e4. Ty\u00f6skentely usein my\u00f6s hidastaa valmistumista. <br><\/p>\n\n\n\n<p>Ep\u00e4varman ja niukan toimeentulon lis\u00e4ksi opiskelijoita kuormittavat monet muutkin asiat. &nbsp;<a href=\"https:\/\/www.yths.fi\/filebank\/4189-Yhteenveto_KOTT2016.pdf\">Korkeakouluopiskelijoiden terveystutkimuksen<\/a> perusteella 30 %:lla opiskelijoista oli psyykkisi\u00e4 vaikeuksia. Mielenterveysseulan mukaan opiskelijoista joka kolmas koki runsaasti stressi\u00e4. T\u00e4m\u00e4 on todella huolestuttavaa. <br><\/p>\n\n\n\n<p>Mielenterveyspalveluiden saatavuudessa on suuria alueellisia eroja ja jonot voivat olla kuukausien pituisia. Tarvitsemme nopeampia palveluita, joiden saamiseksi ei tarvita paksua lompakkoa. Kannatan lakialoitetta <a href=\"https:\/\/www.kansalaisaloite.fi\/fi\/aloite\/3890\">terapiatakuusta<\/a>.<br><\/p>\n\n\n\n<p>Uupumiselle voi l\u00f6yt\u00e4\u00e4 syit\u00e4 my\u00f6s korkeakoulujen rahoitusmallista. Yliopistojen ja ammattikorkeakoulujen rahoituksesta suurin yksitt\u00e4inen osuus koostuu suoritettujen tutkintojen m\u00e4\u00e4r\u00e4st\u00e4. Lis\u00e4ksi yliopistoja on palkittu niist\u00e4 opiskelijoista, jotka suorittavat v\u00e4hint\u00e4\u00e4n 55 opintopistett\u00e4 vuodessa. Vaikka t\u00e4m\u00e4 55 opintopisteen tavoite onkin poistumassa <a href=\"https:\/\/minedu.fi\/artikkeli\/-\/asset_publisher\/korkeakouluille-uusi-rahoitusmalli\">uudesta rahoitusmallista<\/a>, on kiire ja paine sis\u00e4\u00e4nkirjoitettu my\u00f6s uuteen malliin. Tuleeko t\u00e4ll\u00e4 tavalla parhaita mahdollisia ammattilaisia ty\u00f6el\u00e4m\u00e4n tarpeisiin tai motivoituneita tutkijoita? Ep\u00e4ilen. <br><\/p>\n\n\n\n<h4 class=\"wp-block-heading\"><strong>Opintotuki tarvitsee tasokorotuksen <\/strong><br><\/h4>\n\n\n\n<p>Opintotukeen on teht\u00e4v\u00e4 tulevalla vaalikaudella tasokorotus. Kannatan 100 euron korotusta, jota ajavat mm. Suomen ylioppilaskuntien liitto ja Suomen ammattikorkeakouluopiskelijoiden liitto. Ongelmia opintotuessa ovat my\u00f6s jatkuvat kiristykset ja muutokset tuen saamiseksi. Opiskelijat tarvitsevat ty\u00f6rauhan, mutta opintotuki on liian usein politiikan pelinappula. Tulevalla vaalikaudella on valmisteltava sosiaaliturvan uudistus, jossa my\u00f6s opiskelijoiden on oltava mukana. K\u00f6yhyys on poistettava Suomesta ja se koskee my\u00f6s opiskeluaikaa.<br><\/p>\n\n\n\n<p>Edellisen opintotuen muutoksen yhteydess\u00e4 tehty asumistuen muutos opiskelijan asumistuesta yleiseen asumistukeen tiputti jopa yli 40 000 opiskelijaa asumistuen ulkopuolelle samalla kun opintotuen tasoa tiputettiin. T\u00e4m\u00e4 heikensi niiden opiskelijoiden asemaa, jonka kanssa samassa taloudessa asuu ty\u00f6ss\u00e4k\u00e4yv\u00e4 ihminen. Siirtyminen yleiseen asumistuen piiriin oli hyv\u00e4 asia, mutta jos t\u00e4m\u00e4 johtaa siihen, ett\u00e4 kimppa-asumisen sijaan siirryt\u00e4\u00e4n yh\u00e4 enemm\u00e4n yksinasumiseen, ei se ole kest\u00e4v\u00e4 kehityssuunta kun kasvukeskuksissa on jo nyt pula yksi\u00f6ist\u00e4. <br><\/p>\n\n\n\n<p>Opiskelijat ovat t\u00e4m\u00e4n yhteiskunnan tulevaisuuden kulmakivi. Opiskelijoita on kohdeltava hyvin, heit\u00e4 ei kannata uuvuttaa. Tarvitsemme enemm\u00e4n opiskelijoiden tilannetta ymm\u00e4rt\u00e4vi\u00e4 p\u00e4\u00e4tt\u00e4ji\u00e4, joilla on rohkeutta puuttua ep\u00e4kohtiin ja perua huonot p\u00e4\u00e4t\u00f6kset. Opiskelijat ansaitsevat ty\u00f6rauhan, he ovat tulevaisuuden tekij\u00f6it\u00e4. <br><\/p>\n\n\n\n<h4 class=\"wp-block-heading\"><strong>Opiskelijavaikuttaminen syd\u00e4nt\u00e4 l\u00e4hell\u00e4<\/strong><br><\/h4>\n\n\n\n<p>Olin itse mukana opiskelijapolitiikassa yliopistoaikoinani. Vuoden 2011 eduskuntavaaleissa ajoimme Oulun yliopiston ylioppilaskunnassa opintotuen sitomista indeksiin. Opintotuen reaaliarvon aleneminen oli todellinen huoli, joka nakersi vuosi vuodelta opiskelijan toimeentuloa. Nyt haasteet ovat viel\u00e4 suurempia, toivon, ett\u00e4 voin olla eduskunnassa tekem\u00e4ss\u00e4 t\u00f6it\u00e4 opiskelijan paremman el\u00e4m\u00e4n eteen. <br><\/p>\n\n\n\n<p>Opiskelijoiden ty\u00f6rauha turvataan n\u00e4ill\u00e4 keinoilla:<\/p>\n\n\n\n<ul class=\"wp-block-list\"><li>Korottamalla opintotuen tasoa 100 eurolla ja sitomalla opintotuki indeksiin <\/li><li>Rahoitusmallissa vapautta yliopistoille<\/li><li>Mielenterveyspalveluihin terapiatakuu<\/li><li>Korkeakoulujen indeksij\u00e4\u00e4dytys on poistettava <\/li><li><\/li><\/ul>\n\n\n\n<figure class=\"wp-block-image\"><img decoding=\"async\" src=\"http:\/\/jennipitko.fi\/koti\/wp-content\/uploads\/2019\/03\/facebook-kuva-_opintotuki.png\" alt=\"Facebook Kuva Opintotuki\" class=\"wp-image-1979\" title=\"Korkeakouluopiskelijoille ty\u00f6rauha\"><figcaption>Opiskelijoissa on tulevaisuus. Turvaraan opiskelurauha ja parannetaan toimeentuloa<\/figcaption><\/figure>\n","protected":false},"excerpt":{"rendered":"<p>Opiskelijoilta on leikattu kuluvalla hallituskaudella kaikista rankimmin. Opintotuen tasoa on laskettu ja indeksisidonnaisuus poistettu, joka pitk\u00e4ss\u00e4 juoksussa laskee opintotuen tasoa [&hellip;]<\/p>\n","protected":false},"author":1,"featured_media":0,"comment_status":"open","ping_status":"closed","sticky":false,"template":"","format":"standard","meta":{"_monsterinsights_skip_tracking":false,"_monsterinsights_sitenote_active":false,"_monsterinsights_sitenote_note":"","_monsterinsights_sitenote_category":0,"site-sidebar-layout":"default","site-content-layout":"","ast-site-content-layout":"default","site-content-style":"default","site-sidebar-style":"default","ast-global-header-display":"","ast-banner-title-visibility":"","ast-main-header-display":"","ast-hfb-above-header-display":"","ast-hfb-below-header-display":"","ast-hfb-mobile-header-display":"","site-post-title":"","ast-breadcrumbs-content":"","ast-featured-img":"","footer-sml-layout":"","ast-disable-related-posts":"","theme-transparent-header-meta":"","adv-header-id-meta":"","stick-header-meta":"","header-above-stick-meta":"","header-main-stick-meta":"","header-below-stick-meta":"","astra-migrate-meta-layouts":"default","ast-page-background-enabled":"default","ast-page-background-meta":{"desktop":{"background-color":"var(--ast-global-color-5)","background-image":"","background-repeat":"repeat","background-position":"center center","background-size":"auto","background-attachment":"scroll","background-type":"","background-media":"","overlay-type":"","overlay-color":"","overlay-opacity":"","overlay-gradient":""},"tablet":{"background-color":"","background-image":"","background-repeat":"repeat","background-position":"center center","background-size":"auto","background-attachment":"scroll","background-type":"","background-media":"","overlay-type":"","overlay-color":"","overlay-opacity":"","overlay-gradient":""},"mobile":{"background-color":"","background-image":"","background-repeat":"repeat","background-position":"center center","background-size":"auto","background-attachment":"scroll","background-type":"","background-media":"","overlay-type":"","overlay-color":"","overlay-opacity":"","overlay-gradient":""}},"ast-content-background-meta":{"desktop":{"background-color":"var(--ast-global-color-4)","background-image":"","background-repeat":"repeat","background-position":"center center","background-size":"auto","background-attachment":"scroll","background-type":"","background-media":"","overlay-type":"","overlay-color":"","overlay-opacity":"","overlay-gradient":""},"tablet":{"background-color":"var(--ast-global-color-4)","background-image":"","background-repeat":"repeat","background-position":"center center","background-size":"auto","background-attachment":"scroll","background-type":"","background-media":"","overlay-type":"","overlay-color":"","overlay-opacity":"","overlay-gradient":""},"mobile":{"background-color":"var(--ast-global-color-4)","background-image":"","background-repeat":"repeat","background-position":"center center","background-size":"auto","background-attachment":"scroll","background-type":"","background-media":"","overlay-type":"","overlay-color":"","overlay-opacity":"","overlay-gradient":""}},"footnotes":""},"categories":[2],"tags":[325,327,323,324,329,330,328],"class_list":["post-1978","post","type-post","status-publish","format-standard","hentry","category-blogi","tag-korkeakoulut","tag-mielenterveys","tag-opiskelu","tag-opiskelurauha","tag-rahoitusmalli","tag-terapiatakuu","tag-toimeentulo"],"yoast_head":"<!-- This site is optimized with the Yoast SEO plugin v27.5 - https:\/\/yoast.com\/product\/yoast-seo-wordpress\/ -->\n<title>Korkeakouluopiskelijoille ty\u00f6rauha - Jenni Pitko - Vihreiden varapuheenjohtaja, ymp\u00e4rist\u00f6valiokunnan puheenjohtaja, kansanedustaja ja arkkitehti Oulusta<\/title>\n<meta name=\"description\" content=\"Opiskelijoissa on tulevaisuus. Turvaraan opiskelurauha ja parannetaan toimeentuloa\" \/>\n<meta name=\"robots\" content=\"index, follow, max-snippet:-1, max-image-preview:large, max-video-preview:-1\" \/>\n<link rel=\"canonical\" href=\"https:\/\/jennipitko.fi\/koti\/korkeakouluopiskelijoille-tyorauha\/\" \/>\n<meta property=\"og:locale\" content=\"fi_FI\" \/>\n<meta property=\"og:type\" content=\"article\" \/>\n<meta property=\"og:title\" content=\"Korkeakouluopiskelijoille ty\u00f6rauha - Jenni Pitko - Vihreiden varapuheenjohtaja, ymp\u00e4rist\u00f6valiokunnan puheenjohtaja, kansanedustaja ja arkkitehti Oulusta\" \/>\n<meta property=\"og:description\" content=\"Opiskelijoissa on tulevaisuus. Turvaraan opiskelurauha ja parannetaan toimeentuloa\" \/>\n<meta property=\"og:url\" content=\"https:\/\/jennipitko.fi\/koti\/korkeakouluopiskelijoille-tyorauha\/\" \/>\n<meta property=\"og:site_name\" content=\"Jenni Pitko - Vihreiden varapuheenjohtaja, ymp\u00e4rist\u00f6valiokunnan puheenjohtaja, kansanedustaja ja arkkitehti Oulusta\" \/>\n<meta property=\"article:published_time\" content=\"2019-03-22T07:59:44+00:00\" \/>\n<meta property=\"article:modified_time\" content=\"2019-03-22T07:59:49+00:00\" \/>\n<meta property=\"og:image\" content=\"http:\/\/jennipitko.fi\/koti\/wp-content\/uploads\/2019\/03\/facebook-kuva-_opintotuki.png\" \/>\n<meta name=\"author\" content=\"Jenni\" \/>\n<meta name=\"twitter:card\" content=\"summary_large_image\" \/>\n<meta name=\"twitter:label1\" content=\"Kirjoittanut\" \/>\n\t<meta name=\"twitter:data1\" content=\"Jenni\" \/>\n\t<meta name=\"twitter:label2\" content=\"Arvioitu lukuaika\" \/>\n\t<meta name=\"twitter:data2\" content=\"2 minuuttia\" \/>\n<script type=\"application\/ld+json\" class=\"yoast-schema-graph\">{\"@context\":\"https:\\\/\\\/schema.org\",\"@graph\":[{\"@type\":\"Article\",\"@id\":\"https:\\\/\\\/jennipitko.fi\\\/koti\\\/korkeakouluopiskelijoille-tyorauha\\\/#article\",\"isPartOf\":{\"@id\":\"https:\\\/\\\/jennipitko.fi\\\/koti\\\/korkeakouluopiskelijoille-tyorauha\\\/\"},\"author\":{\"name\":\"Jenni\",\"@id\":\"https:\\\/\\\/jennipitko.fi\\\/koti\\\/#\\\/schema\\\/person\\\/35955c467f851f10124809310e7e7ee8\"},\"headline\":\"Korkeakouluopiskelijoille ty\u00f6rauha\",\"datePublished\":\"2019-03-22T07:59:44+00:00\",\"dateModified\":\"2019-03-22T07:59:49+00:00\",\"mainEntityOfPage\":{\"@id\":\"https:\\\/\\\/jennipitko.fi\\\/koti\\\/korkeakouluopiskelijoille-tyorauha\\\/\"},\"wordCount\":494,\"commentCount\":0,\"publisher\":{\"@id\":\"https:\\\/\\\/jennipitko.fi\\\/koti\\\/#organization\"},\"image\":{\"@id\":\"https:\\\/\\\/jennipitko.fi\\\/koti\\\/korkeakouluopiskelijoille-tyorauha\\\/#primaryimage\"},\"thumbnailUrl\":\"http:\\\/\\\/jennipitko.fi\\\/koti\\\/wp-content\\\/uploads\\\/2019\\\/03\\\/facebook-kuva-_opintotuki.png\",\"keywords\":[\"korkeakoulut\",\"mielenterveys\",\"opiskelu\",\"opiskelurauha\",\"rahoitusmalli\",\"terapiatakuu\",\"toimeentulo\"],\"articleSection\":[\"Blogi\"],\"inLanguage\":\"fi\",\"potentialAction\":[{\"@type\":\"CommentAction\",\"name\":\"Comment\",\"target\":[\"https:\\\/\\\/jennipitko.fi\\\/koti\\\/korkeakouluopiskelijoille-tyorauha\\\/#respond\"]}]},{\"@type\":\"WebPage\",\"@id\":\"https:\\\/\\\/jennipitko.fi\\\/koti\\\/korkeakouluopiskelijoille-tyorauha\\\/\",\"url\":\"https:\\\/\\\/jennipitko.fi\\\/koti\\\/korkeakouluopiskelijoille-tyorauha\\\/\",\"name\":\"Korkeakouluopiskelijoille ty\u00f6rauha - Jenni Pitko - Vihreiden varapuheenjohtaja, ymp\u00e4rist\u00f6valiokunnan puheenjohtaja, kansanedustaja ja arkkitehti Oulusta\",\"isPartOf\":{\"@id\":\"https:\\\/\\\/jennipitko.fi\\\/koti\\\/#website\"},\"primaryImageOfPage\":{\"@id\":\"https:\\\/\\\/jennipitko.fi\\\/koti\\\/korkeakouluopiskelijoille-tyorauha\\\/#primaryimage\"},\"image\":{\"@id\":\"https:\\\/\\\/jennipitko.fi\\\/koti\\\/korkeakouluopiskelijoille-tyorauha\\\/#primaryimage\"},\"thumbnailUrl\":\"http:\\\/\\\/jennipitko.fi\\\/koti\\\/wp-content\\\/uploads\\\/2019\\\/03\\\/facebook-kuva-_opintotuki.png\",\"datePublished\":\"2019-03-22T07:59:44+00:00\",\"dateModified\":\"2019-03-22T07:59:49+00:00\",\"description\":\"Opiskelijoissa on tulevaisuus. Turvaraan opiskelurauha ja parannetaan toimeentuloa\",\"breadcrumb\":{\"@id\":\"https:\\\/\\\/jennipitko.fi\\\/koti\\\/korkeakouluopiskelijoille-tyorauha\\\/#breadcrumb\"},\"inLanguage\":\"fi\",\"potentialAction\":[{\"@type\":\"ReadAction\",\"target\":[\"https:\\\/\\\/jennipitko.fi\\\/koti\\\/korkeakouluopiskelijoille-tyorauha\\\/\"]}]},{\"@type\":\"ImageObject\",\"inLanguage\":\"fi\",\"@id\":\"https:\\\/\\\/jennipitko.fi\\\/koti\\\/korkeakouluopiskelijoille-tyorauha\\\/#primaryimage\",\"url\":\"http:\\\/\\\/jennipitko.fi\\\/koti\\\/wp-content\\\/uploads\\\/2019\\\/03\\\/facebook-kuva-_opintotuki.png\",\"contentUrl\":\"http:\\\/\\\/jennipitko.fi\\\/koti\\\/wp-content\\\/uploads\\\/2019\\\/03\\\/facebook-kuva-_opintotuki.png\"},{\"@type\":\"BreadcrumbList\",\"@id\":\"https:\\\/\\\/jennipitko.fi\\\/koti\\\/korkeakouluopiskelijoille-tyorauha\\\/#breadcrumb\",\"itemListElement\":[{\"@type\":\"ListItem\",\"position\":1,\"name\":\"Home\",\"item\":\"https:\\\/\\\/jennipitko.fi\\\/koti\\\/\"},{\"@type\":\"ListItem\",\"position\":2,\"name\":\"Korkeakouluopiskelijoille ty\u00f6rauha\"}]},{\"@type\":\"WebSite\",\"@id\":\"https:\\\/\\\/jennipitko.fi\\\/koti\\\/#website\",\"url\":\"https:\\\/\\\/jennipitko.fi\\\/koti\\\/\",\"name\":\"Jenni Pitko - Vihreiden varapuheenjohtaja, ymp\u00e4rist\u00f6valiokunnan puheenjohtaja, kansanedustaja ja arkkitehti Oulusta\",\"description\":\"Jenni Pitko - Vihreiden varapuheenjohtaja, ymp\u00e4rist\u00f6valiokunnan puheenjohtaja, kansanedustaja ja arkkitehti Oulusta\",\"publisher\":{\"@id\":\"https:\\\/\\\/jennipitko.fi\\\/koti\\\/#organization\"},\"potentialAction\":[{\"@type\":\"SearchAction\",\"target\":{\"@type\":\"EntryPoint\",\"urlTemplate\":\"https:\\\/\\\/jennipitko.fi\\\/koti\\\/?s={search_term_string}\"},\"query-input\":{\"@type\":\"PropertyValueSpecification\",\"valueRequired\":true,\"valueName\":\"search_term_string\"}}],\"inLanguage\":\"fi\"},{\"@type\":\"Organization\",\"@id\":\"https:\\\/\\\/jennipitko.fi\\\/koti\\\/#organization\",\"name\":\"Jenni Pitko - Vihreiden varapuheenjohtaja, ymp\u00e4rist\u00f6valiokunnan puheenjohtaja, kansanedustaja ja arkkitehti Oulusta\",\"url\":\"https:\\\/\\\/jennipitko.fi\\\/koti\\\/\",\"logo\":{\"@type\":\"ImageObject\",\"inLanguage\":\"fi\",\"@id\":\"https:\\\/\\\/jennipitko.fi\\\/koti\\\/#\\\/schema\\\/logo\\\/image\\\/\",\"url\":\"https:\\\/\\\/jennipitko.fi\\\/koti\\\/wp-content\\\/uploads\\\/2025\\\/09\\\/Nimeton-malli-38.png\",\"contentUrl\":\"https:\\\/\\\/jennipitko.fi\\\/koti\\\/wp-content\\\/uploads\\\/2025\\\/09\\\/Nimeton-malli-38.png\",\"width\":1280,\"height\":847,\"caption\":\"Jenni Pitko - Vihreiden varapuheenjohtaja, ymp\u00e4rist\u00f6valiokunnan puheenjohtaja, kansanedustaja ja arkkitehti Oulusta\"},\"image\":{\"@id\":\"https:\\\/\\\/jennipitko.fi\\\/koti\\\/#\\\/schema\\\/logo\\\/image\\\/\"}},{\"@type\":\"Person\",\"@id\":\"https:\\\/\\\/jennipitko.fi\\\/koti\\\/#\\\/schema\\\/person\\\/35955c467f851f10124809310e7e7ee8\",\"name\":\"Jenni\",\"image\":{\"@type\":\"ImageObject\",\"inLanguage\":\"fi\",\"@id\":\"https:\\\/\\\/secure.gravatar.com\\\/avatar\\\/625a0e6413b293da7739d42617828d564a4d6028aec3f45d8939a2ba1617199f?s=96&d=blank&r=g\",\"url\":\"https:\\\/\\\/secure.gravatar.com\\\/avatar\\\/625a0e6413b293da7739d42617828d564a4d6028aec3f45d8939a2ba1617199f?s=96&d=blank&r=g\",\"contentUrl\":\"https:\\\/\\\/secure.gravatar.com\\\/avatar\\\/625a0e6413b293da7739d42617828d564a4d6028aec3f45d8939a2ba1617199f?s=96&d=blank&r=g\",\"caption\":\"Jenni\"},\"url\":\"https:\\\/\\\/jennipitko.fi\\\/koti\\\/author\\\/jenni\\\/\"}]}<\/script>\n<!-- \/ Yoast SEO plugin. -->","yoast_head_json":{"title":"Korkeakouluopiskelijoille ty\u00f6rauha - Jenni Pitko - Vihreiden varapuheenjohtaja, ymp\u00e4rist\u00f6valiokunnan puheenjohtaja, kansanedustaja ja arkkitehti Oulusta","description":"Opiskelijoissa on tulevaisuus. Turvaraan opiskelurauha ja parannetaan toimeentuloa","robots":{"index":"index","follow":"follow","max-snippet":"max-snippet:-1","max-image-preview":"max-image-preview:large","max-video-preview":"max-video-preview:-1"},"canonical":"https:\/\/jennipitko.fi\/koti\/korkeakouluopiskelijoille-tyorauha\/","og_locale":"fi_FI","og_type":"article","og_title":"Korkeakouluopiskelijoille ty\u00f6rauha - Jenni Pitko - Vihreiden varapuheenjohtaja, ymp\u00e4rist\u00f6valiokunnan puheenjohtaja, kansanedustaja ja arkkitehti Oulusta","og_description":"Opiskelijoissa on tulevaisuus. Turvaraan opiskelurauha ja parannetaan toimeentuloa","og_url":"https:\/\/jennipitko.fi\/koti\/korkeakouluopiskelijoille-tyorauha\/","og_site_name":"Jenni Pitko - Vihreiden varapuheenjohtaja, ymp\u00e4rist\u00f6valiokunnan puheenjohtaja, kansanedustaja ja arkkitehti Oulusta","article_published_time":"2019-03-22T07:59:44+00:00","article_modified_time":"2019-03-22T07:59:49+00:00","og_image":[{"url":"http:\/\/jennipitko.fi\/koti\/wp-content\/uploads\/2019\/03\/facebook-kuva-_opintotuki.png","type":"","width":"","height":""}],"author":"Jenni","twitter_card":"summary_large_image","twitter_misc":{"Kirjoittanut":"Jenni","Arvioitu lukuaika":"2 minuuttia"},"schema":{"@context":"https:\/\/schema.org","@graph":[{"@type":"Article","@id":"https:\/\/jennipitko.fi\/koti\/korkeakouluopiskelijoille-tyorauha\/#article","isPartOf":{"@id":"https:\/\/jennipitko.fi\/koti\/korkeakouluopiskelijoille-tyorauha\/"},"author":{"name":"Jenni","@id":"https:\/\/jennipitko.fi\/koti\/#\/schema\/person\/35955c467f851f10124809310e7e7ee8"},"headline":"Korkeakouluopiskelijoille ty\u00f6rauha","datePublished":"2019-03-22T07:59:44+00:00","dateModified":"2019-03-22T07:59:49+00:00","mainEntityOfPage":{"@id":"https:\/\/jennipitko.fi\/koti\/korkeakouluopiskelijoille-tyorauha\/"},"wordCount":494,"commentCount":0,"publisher":{"@id":"https:\/\/jennipitko.fi\/koti\/#organization"},"image":{"@id":"https:\/\/jennipitko.fi\/koti\/korkeakouluopiskelijoille-tyorauha\/#primaryimage"},"thumbnailUrl":"http:\/\/jennipitko.fi\/koti\/wp-content\/uploads\/2019\/03\/facebook-kuva-_opintotuki.png","keywords":["korkeakoulut","mielenterveys","opiskelu","opiskelurauha","rahoitusmalli","terapiatakuu","toimeentulo"],"articleSection":["Blogi"],"inLanguage":"fi","potentialAction":[{"@type":"CommentAction","name":"Comment","target":["https:\/\/jennipitko.fi\/koti\/korkeakouluopiskelijoille-tyorauha\/#respond"]}]},{"@type":"WebPage","@id":"https:\/\/jennipitko.fi\/koti\/korkeakouluopiskelijoille-tyorauha\/","url":"https:\/\/jennipitko.fi\/koti\/korkeakouluopiskelijoille-tyorauha\/","name":"Korkeakouluopiskelijoille ty\u00f6rauha - Jenni Pitko - Vihreiden varapuheenjohtaja, ymp\u00e4rist\u00f6valiokunnan puheenjohtaja, kansanedustaja ja arkkitehti Oulusta","isPartOf":{"@id":"https:\/\/jennipitko.fi\/koti\/#website"},"primaryImageOfPage":{"@id":"https:\/\/jennipitko.fi\/koti\/korkeakouluopiskelijoille-tyorauha\/#primaryimage"},"image":{"@id":"https:\/\/jennipitko.fi\/koti\/korkeakouluopiskelijoille-tyorauha\/#primaryimage"},"thumbnailUrl":"http:\/\/jennipitko.fi\/koti\/wp-content\/uploads\/2019\/03\/facebook-kuva-_opintotuki.png","datePublished":"2019-03-22T07:59:44+00:00","dateModified":"2019-03-22T07:59:49+00:00","description":"Opiskelijoissa on tulevaisuus. Turvaraan opiskelurauha ja parannetaan toimeentuloa","breadcrumb":{"@id":"https:\/\/jennipitko.fi\/koti\/korkeakouluopiskelijoille-tyorauha\/#breadcrumb"},"inLanguage":"fi","potentialAction":[{"@type":"ReadAction","target":["https:\/\/jennipitko.fi\/koti\/korkeakouluopiskelijoille-tyorauha\/"]}]},{"@type":"ImageObject","inLanguage":"fi","@id":"https:\/\/jennipitko.fi\/koti\/korkeakouluopiskelijoille-tyorauha\/#primaryimage","url":"http:\/\/jennipitko.fi\/koti\/wp-content\/uploads\/2019\/03\/facebook-kuva-_opintotuki.png","contentUrl":"http:\/\/jennipitko.fi\/koti\/wp-content\/uploads\/2019\/03\/facebook-kuva-_opintotuki.png"},{"@type":"BreadcrumbList","@id":"https:\/\/jennipitko.fi\/koti\/korkeakouluopiskelijoille-tyorauha\/#breadcrumb","itemListElement":[{"@type":"ListItem","position":1,"name":"Home","item":"https:\/\/jennipitko.fi\/koti\/"},{"@type":"ListItem","position":2,"name":"Korkeakouluopiskelijoille ty\u00f6rauha"}]},{"@type":"WebSite","@id":"https:\/\/jennipitko.fi\/koti\/#website","url":"https:\/\/jennipitko.fi\/koti\/","name":"Jenni Pitko - Vihreiden varapuheenjohtaja, ymp\u00e4rist\u00f6valiokunnan puheenjohtaja, kansanedustaja ja arkkitehti Oulusta","description":"Jenni Pitko - Vihreiden varapuheenjohtaja, ymp\u00e4rist\u00f6valiokunnan puheenjohtaja, kansanedustaja ja arkkitehti Oulusta","publisher":{"@id":"https:\/\/jennipitko.fi\/koti\/#organization"},"potentialAction":[{"@type":"SearchAction","target":{"@type":"EntryPoint","urlTemplate":"https:\/\/jennipitko.fi\/koti\/?s={search_term_string}"},"query-input":{"@type":"PropertyValueSpecification","valueRequired":true,"valueName":"search_term_string"}}],"inLanguage":"fi"},{"@type":"Organization","@id":"https:\/\/jennipitko.fi\/koti\/#organization","name":"Jenni Pitko - Vihreiden varapuheenjohtaja, ymp\u00e4rist\u00f6valiokunnan puheenjohtaja, kansanedustaja ja arkkitehti Oulusta","url":"https:\/\/jennipitko.fi\/koti\/","logo":{"@type":"ImageObject","inLanguage":"fi","@id":"https:\/\/jennipitko.fi\/koti\/#\/schema\/logo\/image\/","url":"https:\/\/jennipitko.fi\/koti\/wp-content\/uploads\/2025\/09\/Nimeton-malli-38.png","contentUrl":"https:\/\/jennipitko.fi\/koti\/wp-content\/uploads\/2025\/09\/Nimeton-malli-38.png","width":1280,"height":847,"caption":"Jenni Pitko - Vihreiden varapuheenjohtaja, ymp\u00e4rist\u00f6valiokunnan puheenjohtaja, kansanedustaja ja arkkitehti Oulusta"},"image":{"@id":"https:\/\/jennipitko.fi\/koti\/#\/schema\/logo\/image\/"}},{"@type":"Person","@id":"https:\/\/jennipitko.fi\/koti\/#\/schema\/person\/35955c467f851f10124809310e7e7ee8","name":"Jenni","image":{"@type":"ImageObject","inLanguage":"fi","@id":"https:\/\/secure.gravatar.com\/avatar\/625a0e6413b293da7739d42617828d564a4d6028aec3f45d8939a2ba1617199f?s=96&d=blank&r=g","url":"https:\/\/secure.gravatar.com\/avatar\/625a0e6413b293da7739d42617828d564a4d6028aec3f45d8939a2ba1617199f?s=96&d=blank&r=g","contentUrl":"https:\/\/secure.gravatar.com\/avatar\/625a0e6413b293da7739d42617828d564a4d6028aec3f45d8939a2ba1617199f?s=96&d=blank&r=g","caption":"Jenni"},"url":"https:\/\/jennipitko.fi\/koti\/author\/jenni\/"}]}},"_links":{"self":[{"href":"https:\/\/jennipitko.fi\/koti\/wp-json\/wp\/v2\/posts\/1978","targetHints":{"allow":["GET"]}}],"collection":[{"href":"https:\/\/jennipitko.fi\/koti\/wp-json\/wp\/v2\/posts"}],"about":[{"href":"https:\/\/jennipitko.fi\/koti\/wp-json\/wp\/v2\/types\/post"}],"author":[{"embeddable":true,"href":"https:\/\/jennipitko.fi\/koti\/wp-json\/wp\/v2\/users\/1"}],"replies":[{"embeddable":true,"href":"https:\/\/jennipitko.fi\/koti\/wp-json\/wp\/v2\/comments?post=1978"}],"version-history":[{"count":1,"href":"https:\/\/jennipitko.fi\/koti\/wp-json\/wp\/v2\/posts\/1978\/revisions"}],"predecessor-version":[{"id":1980,"href":"https:\/\/jennipitko.fi\/koti\/wp-json\/wp\/v2\/posts\/1978\/revisions\/1980"}],"wp:attachment":[{"href":"https:\/\/jennipitko.fi\/koti\/wp-json\/wp\/v2\/media?parent=1978"}],"wp:term":[{"taxonomy":"category","embeddable":true,"href":"https:\/\/jennipitko.fi\/koti\/wp-json\/wp\/v2\/categories?post=1978"},{"taxonomy":"post_tag","embeddable":true,"href":"https:\/\/jennipitko.fi\/koti\/wp-json\/wp\/v2\/tags?post=1978"}],"curies":[{"name":"wp","href":"https:\/\/api.w.org\/{rel}","templated":true}]}}