{"id":1989,"date":"2019-03-26T11:06:51","date_gmt":"2019-03-26T09:06:51","guid":{"rendered":"http:\/\/jennipitko.fi\/koti\/?p=1989"},"modified":"2019-03-26T11:06:57","modified_gmt":"2019-03-26T09:06:57","slug":"koulutukseen-panostamalla-varmistetaan-hyvinvointi-myos-huomenna","status":"publish","type":"post","link":"https:\/\/jennipitko.fi\/koti\/koulutukseen-panostamalla-varmistetaan-hyvinvointi-myos-huomenna\/","title":{"rendered":"Koulutukseen panostamalla varmistetaan hyvinvointi my\u00f6s huomenna"},"content":{"rendered":"\n<p>Koulutuksen  ja tieteen rahoituksesta on edellisill\u00e4 vaalikausilla leikattu l\u00e4hes  1,5 miljardia varhaiskasvatuksesta l\u00e4htien. Koulutus ja osaaminen on  ollut Suomen menestyksen mahdollistaja ja se on vahvuutemme maailman  markkinoilla my\u00f6s jatkossa, jos panostamme siihen riitt\u00e4v\u00e4sti.<br><br>Koulutuksen leikkaukset ovat johtaneet koulutuksen tasa-arvon ja opetuksen laadun heikkenemiseen ja alueellisten erojen  kasvamiseen. Osassa Suomen kunnista on kompensoitu hallituksen  leikkauksia esimerkiksi varhaiskasvatuksessa ja perusopetuksessa, mutta  kaikissa kunnissa ei ole t\u00e4h\u00e4n ollut tahtoa tai rahaa. <\/p>\n\n\n\n<h4 class=\"wp-block-heading\">Leikkaukset osuneet kaikille koulutusasteille varhaiskasvatuksesta yliopistoihin  <\/h4>\n\n\n\n<p>Yliopistoissa l\u00e4hiopetuksen m\u00e4\u00e4r\u00e4 on v\u00e4hentynyt ja moni koulutusala on  todella tiukilla. Yliopistojen ja ammattikorkeakoulujen rahoituksesta  suurin yksitt\u00e4inen osuus koostuu suoritettujen tutkintojen m\u00e4\u00e4r\u00e4st\u00e4.  Kiire ja paine sis\u00e4\u00e4nkirjoitettu my\u00f6s uuteen rahoitusmalliin. Tuleeko  t\u00e4ll\u00e4 tavalla parhaita mahdollisia ammattilaisia ty\u00f6el\u00e4m\u00e4n tarpeisiin  tai motivoituneita tutkijoita? Ep\u00e4ilen. Tutkimusrahoituksen  pirstaleisuus ja v\u00e4hyys voi aiheuttaa tutkijoiden aivovuotoa ulkomaille  ja siihen meill\u00e4 ei pienen\u00e4 maana ole varaa. <br><br>Varhaiskasvatuksen heikennykset ovat vaikuttaneet my\u00f6s Oulussa. Oulussa  saimme vihreiden tavoitteen mukaisesti ja voimin palautettua pienemm\u00e4t  ryhm\u00e4koot varhaiskasvatukseen, mutta monissa kunnissa liian suuret  ryhm\u00e4koot ovat arkip\u00e4iv\u00e4\u00e4. Ammatillisen koulutuksen leikkaukset ovat  tuntuneet Oulussa kovalla tavalla opettajien m\u00e4\u00e4r\u00e4n v\u00e4hent\u00e4misen\u00e4. <br><br>Eduskuntavaaleissa voimme ottaa uuden suunnan. Nyt on aika koulutuksen  kunnianpalautuksen. Vihre\u00e4t esitt\u00e4v\u00e4t miljardin koulutussatsausta.<\/p>\n\n\n\n<h4 class=\"wp-block-heading\">Pohjois-Suomen tulevaisuudelle koulutuksen merkitys on mittaamaton<\/h4>\n\n\n\n<p>Olen puolustanut koulutusta Oulun kaupunginvaltuustossa jo vuosia.  Koulutuksen merkitys kaupungillemme ja Pohjois-Suomen kehitykselle on  mittaamaton. Alueellisesta tasa-arvosta toiseen asteen koulutuspaikkojen  suhteen on pidett\u00e4v\u00e4 tiukasti kiinni. Oulun seudulla asuu suhteessa  enemm\u00e4n nuoria kuin muualla Suomessa, mutta Oulun yliopiston ja  ammattikorkeakoulun rahoitus ei ole v\u00e4est\u00f6rakennetta vastaavalla  tasolla. Alueemme korkeakoulujen rahoitusta on nostettava.<br><\/p>\n\n\n\n<h4 class=\"wp-block-heading\">Seitsem\u00e4n asiaa, jotka seuraavalla kaudella on teht\u00e4v\u00e4 koulutuksen eteen: <\/h4>\n\n\n\n<p> \ud83d\udc49 palautetaan subjektiivinen varhaiskasvatusoikeus ja pienennet\u00e4\u00e4n ryhm\u00e4kokoja<br> \ud83d\udc49 vahvistetaan perusopetuksessa erityisen tuen tarvitsevien oppilaiden ryhmi\u00e4 lis\u00e4resurssilla<br> \ud83d\udc49 toisen asteen opetuksen on oltava maksutonta ja oppivelvollisuus pit\u00e4\u00e4 ylett\u00e4\u00e4 toisen asteen opintoihin. <br> \ud83d\udc49 korkeakoulujen perusrahoitukseen tasokorotus + sidotaan j\u00e4lleen rahoitus indeksiin <br> \ud83d\udc49 100 euron tasokorotus opintotukeen<br> \ud83d\udc49 Tutkimusrahoituksen painopistett\u00e4 siirrett\u00e4v\u00e4 p\u00e4tk\u00e4rahoituksesta pidempiaikaiseen rahoitukseen. <br> \ud83d\udc49 Tutkimus-, kehitys- ja innovaatiopanostuksien oltava 4 % bruttokansantuotteesta <\/p>\n\n\n\n<figure class=\"wp-block-image\"><img decoding=\"async\" src=\"http:\/\/jennipitko.fi\/koti\/wp-content\/uploads\/2019\/03\/facebook-kuva-_panostetaan-koulutuksene.png\" alt=\"Facebook Kuva Panostetaan Koulutuksene\" class=\"wp-image-1990\" title=\"Koulutukseen panostamalla varmistetaan hyvinvointi my\u00f6s huomenna\"><figcaption>Panostamalla koulutukseen varmistetaan hyvinvointi my\u00f6s tulevaisuudessa<\/figcaption><\/figure>\n","protected":false},"excerpt":{"rendered":"<p>Koulutuksen ja tieteen rahoituksesta on edellisill\u00e4 vaalikausilla leikattu l\u00e4hes 1,5 miljardia varhaiskasvatuksesta l\u00e4htien. Koulutus ja osaaminen on ollut Suomen menestyksen mahdollistaja ja se on vahvuutemme maailman markkinoilla my\u00f6s jatkossa, jos panostamme siihen riitt\u00e4v\u00e4sti.<\/p>\n","protected":false},"author":1,"featured_media":0,"comment_status":"open","ping_status":"closed","sticky":false,"template":"","format":"standard","meta":{"_monsterinsights_skip_tracking":false,"_monsterinsights_sitenote_active":false,"_monsterinsights_sitenote_note":"","_monsterinsights_sitenote_category":0,"site-sidebar-layout":"default","site-content-layout":"","ast-site-content-layout":"default","site-content-style":"default","site-sidebar-style":"default","ast-global-header-display":"","ast-banner-title-visibility":"","ast-main-header-display":"","ast-hfb-above-header-display":"","ast-hfb-below-header-display":"","ast-hfb-mobile-header-display":"","site-post-title":"","ast-breadcrumbs-content":"","ast-featured-img":"","footer-sml-layout":"","ast-disable-related-posts":"","theme-transparent-header-meta":"","adv-header-id-meta":"","stick-header-meta":"","header-above-stick-meta":"","header-main-stick-meta":"","header-below-stick-meta":"","astra-migrate-meta-layouts":"default","ast-page-background-enabled":"default","ast-page-background-meta":{"desktop":{"background-color":"var(--ast-global-color-5)","background-image":"","background-repeat":"repeat","background-position":"center center","background-size":"auto","background-attachment":"scroll","background-type":"","background-media":"","overlay-type":"","overlay-color":"","overlay-opacity":"","overlay-gradient":""},"tablet":{"background-color":"","background-image":"","background-repeat":"repeat","background-position":"center center","background-size":"auto","background-attachment":"scroll","background-type":"","background-media":"","overlay-type":"","overlay-color":"","overlay-opacity":"","overlay-gradient":""},"mobile":{"background-color":"","background-image":"","background-repeat":"repeat","background-position":"center center","background-size":"auto","background-attachment":"scroll","background-type":"","background-media":"","overlay-type":"","overlay-color":"","overlay-opacity":"","overlay-gradient":""}},"ast-content-background-meta":{"desktop":{"background-color":"var(--ast-global-color-4)","background-image":"","background-repeat":"repeat","background-position":"center center","background-size":"auto","background-attachment":"scroll","background-type":"","background-media":"","overlay-type":"","overlay-color":"","overlay-opacity":"","overlay-gradient":""},"tablet":{"background-color":"var(--ast-global-color-4)","background-image":"","background-repeat":"repeat","background-position":"center center","background-size":"auto","background-attachment":"scroll","background-type":"","background-media":"","overlay-type":"","overlay-color":"","overlay-opacity":"","overlay-gradient":""},"mobile":{"background-color":"var(--ast-global-color-4)","background-image":"","background-repeat":"repeat","background-position":"center center","background-size":"auto","background-attachment":"scroll","background-type":"","background-media":"","overlay-type":"","overlay-color":"","overlay-opacity":"","overlay-gradient":""}},"footnotes":""},"categories":[2],"tags":[331,325,335,332,333],"class_list":["post-1989","post","type-post","status-publish","format-standard","hentry","category-blogi","tag-kasvu","tag-korkeakoulut","tag-koulutusleikkaukset","tag-perusopetus","tag-yliopistot"],"yoast_head":"<!-- This site is optimized with the Yoast SEO plugin v27.5 - https:\/\/yoast.com\/product\/yoast-seo-wordpress\/ -->\n<title>Koulutukseen panostamalla varmistetaan hyvinvointi my\u00f6s huomenna - Jenni Pitko - Vihreiden varapuheenjohtaja, ymp\u00e4rist\u00f6valiokunnan puheenjohtaja, kansanedustaja ja arkkitehti Oulusta<\/title>\n<meta name=\"description\" content=\"Koulutuksen ja tieteen rahoituksesta on edellisill\u00e4 vaalikausilla leikattu l\u00e4hes 1,5 miljardia varhaiskasvatuksesta l\u00e4htien. Koulutus ja osaaminen on ollut Suomen menestyksen mahdollistaja ja se on vahvuutemme maailman markkinoilla my\u00f6s jatkossa, jos panostamme siihen riitt\u00e4v\u00e4sti.\" \/>\n<meta name=\"robots\" content=\"index, follow, max-snippet:-1, max-image-preview:large, max-video-preview:-1\" \/>\n<link rel=\"canonical\" href=\"https:\/\/jennipitko.fi\/koti\/koulutukseen-panostamalla-varmistetaan-hyvinvointi-myos-huomenna\/\" \/>\n<meta property=\"og:locale\" content=\"fi_FI\" \/>\n<meta property=\"og:type\" content=\"article\" \/>\n<meta property=\"og:title\" content=\"Koulutukseen panostamalla varmistetaan hyvinvointi my\u00f6s huomenna - Jenni Pitko - Vihreiden varapuheenjohtaja, ymp\u00e4rist\u00f6valiokunnan puheenjohtaja, kansanedustaja ja arkkitehti Oulusta\" \/>\n<meta property=\"og:description\" content=\"Koulutuksen ja tieteen rahoituksesta on edellisill\u00e4 vaalikausilla leikattu l\u00e4hes 1,5 miljardia varhaiskasvatuksesta l\u00e4htien. Koulutus ja osaaminen on ollut Suomen menestyksen mahdollistaja ja se on vahvuutemme maailman markkinoilla my\u00f6s jatkossa, jos panostamme siihen riitt\u00e4v\u00e4sti.\" \/>\n<meta property=\"og:url\" content=\"https:\/\/jennipitko.fi\/koti\/koulutukseen-panostamalla-varmistetaan-hyvinvointi-myos-huomenna\/\" \/>\n<meta property=\"og:site_name\" content=\"Jenni Pitko - Vihreiden varapuheenjohtaja, ymp\u00e4rist\u00f6valiokunnan puheenjohtaja, kansanedustaja ja arkkitehti Oulusta\" \/>\n<meta property=\"article:published_time\" content=\"2019-03-26T09:06:51+00:00\" \/>\n<meta property=\"article:modified_time\" content=\"2019-03-26T09:06:57+00:00\" \/>\n<meta property=\"og:image\" content=\"http:\/\/jennipitko.fi\/koti\/wp-content\/uploads\/2019\/03\/facebook-kuva-_panostetaan-koulutuksene.png\" \/>\n<meta name=\"author\" content=\"Jenni\" \/>\n<meta name=\"twitter:card\" content=\"summary_large_image\" \/>\n<meta name=\"twitter:label1\" content=\"Kirjoittanut\" \/>\n\t<meta name=\"twitter:data1\" content=\"Jenni\" \/>\n\t<meta name=\"twitter:label2\" content=\"Arvioitu lukuaika\" \/>\n\t<meta name=\"twitter:data2\" content=\"2 minuuttia\" \/>\n<script type=\"application\/ld+json\" class=\"yoast-schema-graph\">{\"@context\":\"https:\\\/\\\/schema.org\",\"@graph\":[{\"@type\":\"Article\",\"@id\":\"https:\\\/\\\/jennipitko.fi\\\/koti\\\/koulutukseen-panostamalla-varmistetaan-hyvinvointi-myos-huomenna\\\/#article\",\"isPartOf\":{\"@id\":\"https:\\\/\\\/jennipitko.fi\\\/koti\\\/koulutukseen-panostamalla-varmistetaan-hyvinvointi-myos-huomenna\\\/\"},\"author\":{\"name\":\"Jenni\",\"@id\":\"https:\\\/\\\/jennipitko.fi\\\/koti\\\/#\\\/schema\\\/person\\\/35955c467f851f10124809310e7e7ee8\"},\"headline\":\"Koulutukseen panostamalla varmistetaan hyvinvointi my\u00f6s huomenna\",\"datePublished\":\"2019-03-26T09:06:51+00:00\",\"dateModified\":\"2019-03-26T09:06:57+00:00\",\"mainEntityOfPage\":{\"@id\":\"https:\\\/\\\/jennipitko.fi\\\/koti\\\/koulutukseen-panostamalla-varmistetaan-hyvinvointi-myos-huomenna\\\/\"},\"wordCount\":355,\"commentCount\":0,\"publisher\":{\"@id\":\"https:\\\/\\\/jennipitko.fi\\\/koti\\\/#organization\"},\"image\":{\"@id\":\"https:\\\/\\\/jennipitko.fi\\\/koti\\\/koulutukseen-panostamalla-varmistetaan-hyvinvointi-myos-huomenna\\\/#primaryimage\"},\"thumbnailUrl\":\"http:\\\/\\\/jennipitko.fi\\\/koti\\\/wp-content\\\/uploads\\\/2019\\\/03\\\/facebook-kuva-_panostetaan-koulutuksene.png\",\"keywords\":[\"kasvu\",\"korkeakoulut\",\"koulutusleikkaukset\",\"perusopetus\",\"yliopistot\"],\"articleSection\":[\"Blogi\"],\"inLanguage\":\"fi\",\"potentialAction\":[{\"@type\":\"CommentAction\",\"name\":\"Comment\",\"target\":[\"https:\\\/\\\/jennipitko.fi\\\/koti\\\/koulutukseen-panostamalla-varmistetaan-hyvinvointi-myos-huomenna\\\/#respond\"]}]},{\"@type\":\"WebPage\",\"@id\":\"https:\\\/\\\/jennipitko.fi\\\/koti\\\/koulutukseen-panostamalla-varmistetaan-hyvinvointi-myos-huomenna\\\/\",\"url\":\"https:\\\/\\\/jennipitko.fi\\\/koti\\\/koulutukseen-panostamalla-varmistetaan-hyvinvointi-myos-huomenna\\\/\",\"name\":\"Koulutukseen panostamalla varmistetaan hyvinvointi my\u00f6s huomenna - Jenni Pitko - Vihreiden varapuheenjohtaja, ymp\u00e4rist\u00f6valiokunnan puheenjohtaja, kansanedustaja ja arkkitehti Oulusta\",\"isPartOf\":{\"@id\":\"https:\\\/\\\/jennipitko.fi\\\/koti\\\/#website\"},\"primaryImageOfPage\":{\"@id\":\"https:\\\/\\\/jennipitko.fi\\\/koti\\\/koulutukseen-panostamalla-varmistetaan-hyvinvointi-myos-huomenna\\\/#primaryimage\"},\"image\":{\"@id\":\"https:\\\/\\\/jennipitko.fi\\\/koti\\\/koulutukseen-panostamalla-varmistetaan-hyvinvointi-myos-huomenna\\\/#primaryimage\"},\"thumbnailUrl\":\"http:\\\/\\\/jennipitko.fi\\\/koti\\\/wp-content\\\/uploads\\\/2019\\\/03\\\/facebook-kuva-_panostetaan-koulutuksene.png\",\"datePublished\":\"2019-03-26T09:06:51+00:00\",\"dateModified\":\"2019-03-26T09:06:57+00:00\",\"description\":\"Koulutuksen ja tieteen rahoituksesta on edellisill\u00e4 vaalikausilla leikattu l\u00e4hes 1,5 miljardia varhaiskasvatuksesta l\u00e4htien. Koulutus ja osaaminen on ollut Suomen menestyksen mahdollistaja ja se on vahvuutemme maailman markkinoilla my\u00f6s jatkossa, jos panostamme siihen riitt\u00e4v\u00e4sti.\",\"breadcrumb\":{\"@id\":\"https:\\\/\\\/jennipitko.fi\\\/koti\\\/koulutukseen-panostamalla-varmistetaan-hyvinvointi-myos-huomenna\\\/#breadcrumb\"},\"inLanguage\":\"fi\",\"potentialAction\":[{\"@type\":\"ReadAction\",\"target\":[\"https:\\\/\\\/jennipitko.fi\\\/koti\\\/koulutukseen-panostamalla-varmistetaan-hyvinvointi-myos-huomenna\\\/\"]}]},{\"@type\":\"ImageObject\",\"inLanguage\":\"fi\",\"@id\":\"https:\\\/\\\/jennipitko.fi\\\/koti\\\/koulutukseen-panostamalla-varmistetaan-hyvinvointi-myos-huomenna\\\/#primaryimage\",\"url\":\"http:\\\/\\\/jennipitko.fi\\\/koti\\\/wp-content\\\/uploads\\\/2019\\\/03\\\/facebook-kuva-_panostetaan-koulutuksene.png\",\"contentUrl\":\"http:\\\/\\\/jennipitko.fi\\\/koti\\\/wp-content\\\/uploads\\\/2019\\\/03\\\/facebook-kuva-_panostetaan-koulutuksene.png\"},{\"@type\":\"BreadcrumbList\",\"@id\":\"https:\\\/\\\/jennipitko.fi\\\/koti\\\/koulutukseen-panostamalla-varmistetaan-hyvinvointi-myos-huomenna\\\/#breadcrumb\",\"itemListElement\":[{\"@type\":\"ListItem\",\"position\":1,\"name\":\"Home\",\"item\":\"https:\\\/\\\/jennipitko.fi\\\/koti\\\/\"},{\"@type\":\"ListItem\",\"position\":2,\"name\":\"Koulutukseen panostamalla varmistetaan hyvinvointi my\u00f6s huomenna\"}]},{\"@type\":\"WebSite\",\"@id\":\"https:\\\/\\\/jennipitko.fi\\\/koti\\\/#website\",\"url\":\"https:\\\/\\\/jennipitko.fi\\\/koti\\\/\",\"name\":\"Jenni Pitko - Vihreiden varapuheenjohtaja, ymp\u00e4rist\u00f6valiokunnan puheenjohtaja, kansanedustaja ja arkkitehti Oulusta\",\"description\":\"Jenni Pitko - Vihreiden varapuheenjohtaja, ymp\u00e4rist\u00f6valiokunnan puheenjohtaja, kansanedustaja ja arkkitehti Oulusta\",\"publisher\":{\"@id\":\"https:\\\/\\\/jennipitko.fi\\\/koti\\\/#organization\"},\"potentialAction\":[{\"@type\":\"SearchAction\",\"target\":{\"@type\":\"EntryPoint\",\"urlTemplate\":\"https:\\\/\\\/jennipitko.fi\\\/koti\\\/?s={search_term_string}\"},\"query-input\":{\"@type\":\"PropertyValueSpecification\",\"valueRequired\":true,\"valueName\":\"search_term_string\"}}],\"inLanguage\":\"fi\"},{\"@type\":\"Organization\",\"@id\":\"https:\\\/\\\/jennipitko.fi\\\/koti\\\/#organization\",\"name\":\"Jenni Pitko - Vihreiden varapuheenjohtaja, ymp\u00e4rist\u00f6valiokunnan puheenjohtaja, kansanedustaja ja arkkitehti Oulusta\",\"url\":\"https:\\\/\\\/jennipitko.fi\\\/koti\\\/\",\"logo\":{\"@type\":\"ImageObject\",\"inLanguage\":\"fi\",\"@id\":\"https:\\\/\\\/jennipitko.fi\\\/koti\\\/#\\\/schema\\\/logo\\\/image\\\/\",\"url\":\"https:\\\/\\\/jennipitko.fi\\\/koti\\\/wp-content\\\/uploads\\\/2025\\\/09\\\/Nimeton-malli-38.png\",\"contentUrl\":\"https:\\\/\\\/jennipitko.fi\\\/koti\\\/wp-content\\\/uploads\\\/2025\\\/09\\\/Nimeton-malli-38.png\",\"width\":1280,\"height\":847,\"caption\":\"Jenni Pitko - Vihreiden varapuheenjohtaja, ymp\u00e4rist\u00f6valiokunnan puheenjohtaja, kansanedustaja ja arkkitehti Oulusta\"},\"image\":{\"@id\":\"https:\\\/\\\/jennipitko.fi\\\/koti\\\/#\\\/schema\\\/logo\\\/image\\\/\"}},{\"@type\":\"Person\",\"@id\":\"https:\\\/\\\/jennipitko.fi\\\/koti\\\/#\\\/schema\\\/person\\\/35955c467f851f10124809310e7e7ee8\",\"name\":\"Jenni\",\"image\":{\"@type\":\"ImageObject\",\"inLanguage\":\"fi\",\"@id\":\"https:\\\/\\\/secure.gravatar.com\\\/avatar\\\/625a0e6413b293da7739d42617828d564a4d6028aec3f45d8939a2ba1617199f?s=96&d=blank&r=g\",\"url\":\"https:\\\/\\\/secure.gravatar.com\\\/avatar\\\/625a0e6413b293da7739d42617828d564a4d6028aec3f45d8939a2ba1617199f?s=96&d=blank&r=g\",\"contentUrl\":\"https:\\\/\\\/secure.gravatar.com\\\/avatar\\\/625a0e6413b293da7739d42617828d564a4d6028aec3f45d8939a2ba1617199f?s=96&d=blank&r=g\",\"caption\":\"Jenni\"},\"url\":\"https:\\\/\\\/jennipitko.fi\\\/koti\\\/author\\\/jenni\\\/\"}]}<\/script>\n<!-- \/ Yoast SEO plugin. -->","yoast_head_json":{"title":"Koulutukseen panostamalla varmistetaan hyvinvointi my\u00f6s huomenna - Jenni Pitko - Vihreiden varapuheenjohtaja, ymp\u00e4rist\u00f6valiokunnan puheenjohtaja, kansanedustaja ja arkkitehti Oulusta","description":"Koulutuksen ja tieteen rahoituksesta on edellisill\u00e4 vaalikausilla leikattu l\u00e4hes 1,5 miljardia varhaiskasvatuksesta l\u00e4htien. Koulutus ja osaaminen on ollut Suomen menestyksen mahdollistaja ja se on vahvuutemme maailman markkinoilla my\u00f6s jatkossa, jos panostamme siihen riitt\u00e4v\u00e4sti.","robots":{"index":"index","follow":"follow","max-snippet":"max-snippet:-1","max-image-preview":"max-image-preview:large","max-video-preview":"max-video-preview:-1"},"canonical":"https:\/\/jennipitko.fi\/koti\/koulutukseen-panostamalla-varmistetaan-hyvinvointi-myos-huomenna\/","og_locale":"fi_FI","og_type":"article","og_title":"Koulutukseen panostamalla varmistetaan hyvinvointi my\u00f6s huomenna - Jenni Pitko - Vihreiden varapuheenjohtaja, ymp\u00e4rist\u00f6valiokunnan puheenjohtaja, kansanedustaja ja arkkitehti Oulusta","og_description":"Koulutuksen ja tieteen rahoituksesta on edellisill\u00e4 vaalikausilla leikattu l\u00e4hes 1,5 miljardia varhaiskasvatuksesta l\u00e4htien. Koulutus ja osaaminen on ollut Suomen menestyksen mahdollistaja ja se on vahvuutemme maailman markkinoilla my\u00f6s jatkossa, jos panostamme siihen riitt\u00e4v\u00e4sti.","og_url":"https:\/\/jennipitko.fi\/koti\/koulutukseen-panostamalla-varmistetaan-hyvinvointi-myos-huomenna\/","og_site_name":"Jenni Pitko - Vihreiden varapuheenjohtaja, ymp\u00e4rist\u00f6valiokunnan puheenjohtaja, kansanedustaja ja arkkitehti Oulusta","article_published_time":"2019-03-26T09:06:51+00:00","article_modified_time":"2019-03-26T09:06:57+00:00","og_image":[{"url":"http:\/\/jennipitko.fi\/koti\/wp-content\/uploads\/2019\/03\/facebook-kuva-_panostetaan-koulutuksene.png","type":"","width":"","height":""}],"author":"Jenni","twitter_card":"summary_large_image","twitter_misc":{"Kirjoittanut":"Jenni","Arvioitu lukuaika":"2 minuuttia"},"schema":{"@context":"https:\/\/schema.org","@graph":[{"@type":"Article","@id":"https:\/\/jennipitko.fi\/koti\/koulutukseen-panostamalla-varmistetaan-hyvinvointi-myos-huomenna\/#article","isPartOf":{"@id":"https:\/\/jennipitko.fi\/koti\/koulutukseen-panostamalla-varmistetaan-hyvinvointi-myos-huomenna\/"},"author":{"name":"Jenni","@id":"https:\/\/jennipitko.fi\/koti\/#\/schema\/person\/35955c467f851f10124809310e7e7ee8"},"headline":"Koulutukseen panostamalla varmistetaan hyvinvointi my\u00f6s huomenna","datePublished":"2019-03-26T09:06:51+00:00","dateModified":"2019-03-26T09:06:57+00:00","mainEntityOfPage":{"@id":"https:\/\/jennipitko.fi\/koti\/koulutukseen-panostamalla-varmistetaan-hyvinvointi-myos-huomenna\/"},"wordCount":355,"commentCount":0,"publisher":{"@id":"https:\/\/jennipitko.fi\/koti\/#organization"},"image":{"@id":"https:\/\/jennipitko.fi\/koti\/koulutukseen-panostamalla-varmistetaan-hyvinvointi-myos-huomenna\/#primaryimage"},"thumbnailUrl":"http:\/\/jennipitko.fi\/koti\/wp-content\/uploads\/2019\/03\/facebook-kuva-_panostetaan-koulutuksene.png","keywords":["kasvu","korkeakoulut","koulutusleikkaukset","perusopetus","yliopistot"],"articleSection":["Blogi"],"inLanguage":"fi","potentialAction":[{"@type":"CommentAction","name":"Comment","target":["https:\/\/jennipitko.fi\/koti\/koulutukseen-panostamalla-varmistetaan-hyvinvointi-myos-huomenna\/#respond"]}]},{"@type":"WebPage","@id":"https:\/\/jennipitko.fi\/koti\/koulutukseen-panostamalla-varmistetaan-hyvinvointi-myos-huomenna\/","url":"https:\/\/jennipitko.fi\/koti\/koulutukseen-panostamalla-varmistetaan-hyvinvointi-myos-huomenna\/","name":"Koulutukseen panostamalla varmistetaan hyvinvointi my\u00f6s huomenna - Jenni Pitko - Vihreiden varapuheenjohtaja, ymp\u00e4rist\u00f6valiokunnan puheenjohtaja, kansanedustaja ja arkkitehti Oulusta","isPartOf":{"@id":"https:\/\/jennipitko.fi\/koti\/#website"},"primaryImageOfPage":{"@id":"https:\/\/jennipitko.fi\/koti\/koulutukseen-panostamalla-varmistetaan-hyvinvointi-myos-huomenna\/#primaryimage"},"image":{"@id":"https:\/\/jennipitko.fi\/koti\/koulutukseen-panostamalla-varmistetaan-hyvinvointi-myos-huomenna\/#primaryimage"},"thumbnailUrl":"http:\/\/jennipitko.fi\/koti\/wp-content\/uploads\/2019\/03\/facebook-kuva-_panostetaan-koulutuksene.png","datePublished":"2019-03-26T09:06:51+00:00","dateModified":"2019-03-26T09:06:57+00:00","description":"Koulutuksen ja tieteen rahoituksesta on edellisill\u00e4 vaalikausilla leikattu l\u00e4hes 1,5 miljardia varhaiskasvatuksesta l\u00e4htien. Koulutus ja osaaminen on ollut Suomen menestyksen mahdollistaja ja se on vahvuutemme maailman markkinoilla my\u00f6s jatkossa, jos panostamme siihen riitt\u00e4v\u00e4sti.","breadcrumb":{"@id":"https:\/\/jennipitko.fi\/koti\/koulutukseen-panostamalla-varmistetaan-hyvinvointi-myos-huomenna\/#breadcrumb"},"inLanguage":"fi","potentialAction":[{"@type":"ReadAction","target":["https:\/\/jennipitko.fi\/koti\/koulutukseen-panostamalla-varmistetaan-hyvinvointi-myos-huomenna\/"]}]},{"@type":"ImageObject","inLanguage":"fi","@id":"https:\/\/jennipitko.fi\/koti\/koulutukseen-panostamalla-varmistetaan-hyvinvointi-myos-huomenna\/#primaryimage","url":"http:\/\/jennipitko.fi\/koti\/wp-content\/uploads\/2019\/03\/facebook-kuva-_panostetaan-koulutuksene.png","contentUrl":"http:\/\/jennipitko.fi\/koti\/wp-content\/uploads\/2019\/03\/facebook-kuva-_panostetaan-koulutuksene.png"},{"@type":"BreadcrumbList","@id":"https:\/\/jennipitko.fi\/koti\/koulutukseen-panostamalla-varmistetaan-hyvinvointi-myos-huomenna\/#breadcrumb","itemListElement":[{"@type":"ListItem","position":1,"name":"Home","item":"https:\/\/jennipitko.fi\/koti\/"},{"@type":"ListItem","position":2,"name":"Koulutukseen panostamalla varmistetaan hyvinvointi my\u00f6s huomenna"}]},{"@type":"WebSite","@id":"https:\/\/jennipitko.fi\/koti\/#website","url":"https:\/\/jennipitko.fi\/koti\/","name":"Jenni Pitko - Vihreiden varapuheenjohtaja, ymp\u00e4rist\u00f6valiokunnan puheenjohtaja, kansanedustaja ja arkkitehti Oulusta","description":"Jenni Pitko - Vihreiden varapuheenjohtaja, ymp\u00e4rist\u00f6valiokunnan puheenjohtaja, kansanedustaja ja arkkitehti Oulusta","publisher":{"@id":"https:\/\/jennipitko.fi\/koti\/#organization"},"potentialAction":[{"@type":"SearchAction","target":{"@type":"EntryPoint","urlTemplate":"https:\/\/jennipitko.fi\/koti\/?s={search_term_string}"},"query-input":{"@type":"PropertyValueSpecification","valueRequired":true,"valueName":"search_term_string"}}],"inLanguage":"fi"},{"@type":"Organization","@id":"https:\/\/jennipitko.fi\/koti\/#organization","name":"Jenni Pitko - Vihreiden varapuheenjohtaja, ymp\u00e4rist\u00f6valiokunnan puheenjohtaja, kansanedustaja ja arkkitehti Oulusta","url":"https:\/\/jennipitko.fi\/koti\/","logo":{"@type":"ImageObject","inLanguage":"fi","@id":"https:\/\/jennipitko.fi\/koti\/#\/schema\/logo\/image\/","url":"https:\/\/jennipitko.fi\/koti\/wp-content\/uploads\/2025\/09\/Nimeton-malli-38.png","contentUrl":"https:\/\/jennipitko.fi\/koti\/wp-content\/uploads\/2025\/09\/Nimeton-malli-38.png","width":1280,"height":847,"caption":"Jenni Pitko - Vihreiden varapuheenjohtaja, ymp\u00e4rist\u00f6valiokunnan puheenjohtaja, kansanedustaja ja arkkitehti Oulusta"},"image":{"@id":"https:\/\/jennipitko.fi\/koti\/#\/schema\/logo\/image\/"}},{"@type":"Person","@id":"https:\/\/jennipitko.fi\/koti\/#\/schema\/person\/35955c467f851f10124809310e7e7ee8","name":"Jenni","image":{"@type":"ImageObject","inLanguage":"fi","@id":"https:\/\/secure.gravatar.com\/avatar\/625a0e6413b293da7739d42617828d564a4d6028aec3f45d8939a2ba1617199f?s=96&d=blank&r=g","url":"https:\/\/secure.gravatar.com\/avatar\/625a0e6413b293da7739d42617828d564a4d6028aec3f45d8939a2ba1617199f?s=96&d=blank&r=g","contentUrl":"https:\/\/secure.gravatar.com\/avatar\/625a0e6413b293da7739d42617828d564a4d6028aec3f45d8939a2ba1617199f?s=96&d=blank&r=g","caption":"Jenni"},"url":"https:\/\/jennipitko.fi\/koti\/author\/jenni\/"}]}},"_links":{"self":[{"href":"https:\/\/jennipitko.fi\/koti\/wp-json\/wp\/v2\/posts\/1989","targetHints":{"allow":["GET"]}}],"collection":[{"href":"https:\/\/jennipitko.fi\/koti\/wp-json\/wp\/v2\/posts"}],"about":[{"href":"https:\/\/jennipitko.fi\/koti\/wp-json\/wp\/v2\/types\/post"}],"author":[{"embeddable":true,"href":"https:\/\/jennipitko.fi\/koti\/wp-json\/wp\/v2\/users\/1"}],"replies":[{"embeddable":true,"href":"https:\/\/jennipitko.fi\/koti\/wp-json\/wp\/v2\/comments?post=1989"}],"version-history":[{"count":1,"href":"https:\/\/jennipitko.fi\/koti\/wp-json\/wp\/v2\/posts\/1989\/revisions"}],"predecessor-version":[{"id":1991,"href":"https:\/\/jennipitko.fi\/koti\/wp-json\/wp\/v2\/posts\/1989\/revisions\/1991"}],"wp:attachment":[{"href":"https:\/\/jennipitko.fi\/koti\/wp-json\/wp\/v2\/media?parent=1989"}],"wp:term":[{"taxonomy":"category","embeddable":true,"href":"https:\/\/jennipitko.fi\/koti\/wp-json\/wp\/v2\/categories?post=1989"},{"taxonomy":"post_tag","embeddable":true,"href":"https:\/\/jennipitko.fi\/koti\/wp-json\/wp\/v2\/tags?post=1989"}],"curies":[{"name":"wp","href":"https:\/\/api.w.org\/{rel}","templated":true}]}}