{"id":2012,"date":"2019-03-28T21:01:28","date_gmt":"2019-03-28T19:01:28","guid":{"rendered":"http:\/\/jennipitko.fi\/koti\/?p=2012"},"modified":"2019-03-29T19:51:55","modified_gmt":"2019-03-29T17:51:55","slug":"yojunalla-tukholmaan","status":"publish","type":"post","link":"https:\/\/jennipitko.fi\/koti\/yojunalla-tukholmaan\/","title":{"rendered":"Y\u00f6junalla Tukholmaan"},"content":{"rendered":"\n<p>Monelle ovat tuttuja junamatkat Oulusta etel\u00e4\u00e4n Helsinkiin saakka. Reissaajia ja ty\u00f6matkalaisia palveleva junayhteyden edelleen sujuvammaksi ja nopeammaksi kehitt\u00e4minen on aiheestakin oltava <a href=\"http:\/\/jennipitko.fi\/koti\/joukkoliikenne-tuo-ennenkaikkea-elinvoimaa\/\">liikennehankkeiden k\u00e4rke\u00e4.<\/a> Kuinka usein tulee ajateltua, ett\u00e4 Oulusta ja Pohjois-Suomesta voi melkein matkustaa junalla helposti, v\u00e4h\u00e4p\u00e4\u00e4st\u00f6isesti ja kohtuuhintaisesti Eurooppaan odottamatta mahdollisesti tulevaisuudessa siint\u00e4vi\u00e4 etel\u00e4isi\u00e4 Suomenlahden alittavia suuria tunnelihankkeita?<br><\/p>\n\n\n\n<p>Milt\u00e4 kuulostaisi reilun tunnin junamatka Oulusta Ruotsin rajalle Tornio-Haaparannalle jatkaen y\u00f6junalla suoraan Eurooppaan? Parilla tunnilla jatkettuna sama yhteys on tarjolla my\u00f6s esimerkiksi Kainuusta. T\u00e4m\u00e4n kiehtovan junayhteyden est\u00e4\u00e4 t\u00e4ll\u00e4 hetkell\u00e4 16 kilometin p\u00e4tk\u00e4 s\u00e4hk\u00f6ist\u00e4m\u00e4t\u00f6nt\u00e4 raidetta Laurila-Haaparanta-v\u00e4lill\u00e4. Raiteetkin on.<br><\/p>\n\n\n\n<h4 class=\"wp-block-heading\">Suora lentoyhteys Oulu-Tukholma on, miksi tarvitaan my\u00f6s junayhteys?<br><\/h4>\n\n\n\n<p>\u00c4kkiselt\u00e4\u00e4n junamatkailu saattaa tuntua hitaalta tavalta liikkua nopeatempoisessa ajassa, mutta kannattaa pys\u00e4hty\u00e4 hetkeksi ajattelemaan: voisiko sittenkin juna sittenkin olla vaihtoehto? L\u00e4htisit matkaan Oulun keskustasta alkuillasta seitsem\u00e4n aikaan ja raja-asemalla vaihtaisit yhdeks\u00e4lt\u00e4 illalla y\u00f6junaan. Seuraavana aamuna olisit jo Tukholmassa. Samaan aikaan kotvasen liian lyhyet y\u00f6unet saanut aamulentolainen saapuisi Tukholmaan. <br><\/p>\n\n\n\n<p>Junamatkailun hienoimpia puolia on, ett\u00e4 matka voi olla itsess\u00e4\u00e4n jo rentouttavaa ja rauhoittavaa aikaa yhdess\u00e4 tai vaikka itsekseen kirjaa lukien tai elokuvaa katsoen. Junalla matkustamisen palvelutaso parantuu jatkuvasti ja suosio jatkaa kasvuaan. Kulkupelit ovat siistej\u00e4 ja viihtyisi\u00e4, erilaisia matkustus- ja ajanvietevaihtoehtojakin on tarjolla perhehyteist\u00e4 ravintolaillallisiin. Mik\u00e4 t\u00e4rkeint\u00e4, matka tarjoaa tilaisuuden heng\u00e4ht\u00e4\u00e4 ja pys\u00e4hty\u00e4 verkkaisesti ja tasaisesti eteenp\u00e4in puksuttavan junan kyydiss\u00e4. Ja mik\u00e4 parasta \u2013 matkustaminen on t\u00e4ll\u00f6in <a href=\"https:\/\/www.vihreat.fi\/liikennepoliittisen-ohjelman-tiivistelma\">ymp\u00e4rist\u00f6yst\u00e4v\u00e4llist\u00e4<\/a>!<br><\/p>\n\n\n\n<h4 class=\"wp-block-heading\">Y\u00f6junalla Tukholmaan ja lounaaksi K\u00f6\u00f6penhaminaan<\/h4>\n\n\n\n<p>Tukholmasta keskinen Eurooppa onkin jo l\u00e4hell\u00e4. Muutamassa tunnissa suora junayhteys vie Etel\u00e4-Ruotsin kautta Tanskaan matkaten l\u00e4pi kauniin niemimaan. Junan joustavuus yhdistettyn\u00e4 kaupunkien t\u00e4n\u00e4p\u00e4iv\u00e4n\u00e4 tarjoaman majoitustarjonnan runsauden kirjoon tekee matkanteosta yll\u00e4tyksellist\u00e4. Matkalla on viel\u00e4 mahdollista punnita, olisiko mukava jatkaa Tanskan j\u00e4lkeen Saksaan ja sen l\u00e4pi Etel\u00e4iseen Eurooppaan. Kiinnostaisiko sittenkin matka It\u00e4-Puolan historiallisten ja kauniiden kaupunkien siivitt\u00e4m\u00e4n\u00e4 vai onko matkasi sittenkin kohti Atlantin valtameren rantoja kohden Hollantiin ja vaikkapa Ranskan rannikolle?<br><\/p>\n\n\n\n<p>Ilman lukittua p\u00e4\u00e4m\u00e4\u00e4r\u00e4\u00e4 seikkailemisen ohessa on mukava ajoin my\u00f6s rentoutua valmiiksi suunnitellulla ja mahdollisimman vaivattomalla lomamatkalla. Budjettimatkailijat, perheens\u00e4 kanssa matkustavat ja suunnitelmallisemmat kulkijat voivatkin vaivatta varata koko reitin pys\u00e4hdyksineen valmiiksi. Suunnittelu on verrattain helppoa: junalta majoitukseen voi useimmin k\u00e4vell\u00e4 vailla jatkoyhteyden aiheuttamia huolia. &nbsp;&nbsp;<br><\/p>\n\n\n\n<p>Kun mietin junalla kulkua, mieleeni tulee yksi omista ja my\u00f6s niin monien suomalasten suosikkikohteista Berliini. Vuosia sitten viel\u00e4 opiskelijana otin junan Berliinist\u00e4 kohti itselleni ennest\u00e4\u00e4n tuntematonta ja unohtumatonta It\u00e4-Eurooppaa m\u00e4\u00e4r\u00e4np\u00e4\u00e4t\u00e4 vailla ja p\u00e4\u00e4dyin useiden pys\u00e4hdyksien siivitt\u00e4m\u00e4n\u00e4 Kroatiaan.<\/p>\n\n\n\n<p>Ensi kerralla suuntana saattaa olla lahden toisella puolella sijaitseva Italia. Ehk\u00e4 t\u00e4ll\u00e4 kertaa nopeinta yhteytt\u00e4 k\u00e4ytt\u00e4en, jotta voin maksimoida kohteessa olemisen ajan.<br><\/p>\n\n\n\n<h4 class=\"wp-block-heading\">Rahoituksesta puuttuu vain 10 miljoonaa<\/h4>\n\n\n\n<p>Uusien iloa ja el\u00e4myksi\u00e4 tuovien muutoksien ei tarvitse olla aina valtavan kalliita tai hankalia ja hitaita toteuttaa. Sujuvat junayhteydet voitaisiin taata Suomen ja Ruotsin yhteisty\u00f6ll\u00e4 ja maltillisilla panostuksilla sopivien junavuorokokonaisuuksien mahdollistamiseksi. Asiasta tehdyn <a href=\"https:\/\/yle.fi\/uutiset\/3-8331812\">selvityksen perusteella<\/a> hyvien yhteyksien rakentaminen Pohjoisesta Suomesta Eurooppaan aiheuttaisi noin 10 miljoonan euron kustannukset Tornio-Haaparanta\u2013rajalla. P\u00e4\u00e4osa kustannuksista aiheutuu lyhyen rataosuuden s\u00e4hk\u00f6istyst\u00f6ist\u00e4 ja Haaparannan laiturirakenteen muuttamisesta. <\/p>\n\n\n\n<p>Junamatkailun suosio on helppo laittaa merkille. Ilahduttaviin interrail-tarinoihin t\u00f6rm\u00e4\u00e4 yh\u00e4 useammin, ja matkamessuilla maatapitkin matkustaminen kiinnostaa ja puhuttaa runsaasti. <br><\/p>\n\n\n\n<p>Pohjoisen Suomen on aika ottaa reipas askel raidematkailun edist\u00e4miseksi. Euroopan avautuessa meille pohjoissuomalaisille tarkoittaa se, ett\u00e4 my\u00f6s pohjoinen Suomi talvineen ja el\u00e4myksineen mahdollistuu my\u00f6s monille uusille kansainv\u00e4lisille matkailijoille lent\u00e4mist\u00e4 ymp\u00e4rist\u00f6yst\u00e4v\u00e4llisemmin. Luulajan ja Oulun korkean osaamisen paikkojen, kuten yliopistojen ja elinkeinoel\u00e4m\u00e4n, yhteisty\u00f6 voisi saada uudet siivet. Ei liene kuluvan kovin pitk\u00e4\u00e4n, kun toimivan junayhteyden tuomat matkalaiset ja yhteisty\u00f6 ovat t\u00e4m\u00e4n 10-15 miljoonan investoinnin verran j\u00e4tt\u00e4neet pohjoisen hyv\u00e4ksi.<\/p>\n\n\n\n<figure class=\"wp-block-image\"><img decoding=\"async\" src=\"http:\/\/jennipitko.fi\/koti\/wp-content\/uploads\/2019\/03\/IMG_6402-576x1024.jpg\" alt=\"IMG 6402 576x1024\" class=\"wp-image-2013\" title=\"Y\u00f6junalla Tukholmaan\"><figcaption>Y\u00f6junalla Tukholmaan ja lounaaksi K\u00f6\u00f6penhaminaan.<\/figcaption><\/figure>\n","protected":false},"excerpt":{"rendered":"<p>Oulusta olisi mahdollista p\u00e4\u00e4st\u00e4 y\u00f6junalla Tukholmaan, jos 16 km p\u00e4tk\u00e4 raiteita saisi s\u00e4hk\u00f6t. <\/p>\n","protected":false},"author":1,"featured_media":0,"comment_status":"open","ping_status":"closed","sticky":false,"template":"","format":"standard","meta":{"_monsterinsights_skip_tracking":false,"_monsterinsights_sitenote_active":false,"_monsterinsights_sitenote_note":"","_monsterinsights_sitenote_category":0,"site-sidebar-layout":"default","site-content-layout":"","ast-site-content-layout":"default","site-content-style":"default","site-sidebar-style":"default","ast-global-header-display":"","ast-banner-title-visibility":"","ast-main-header-display":"","ast-hfb-above-header-display":"","ast-hfb-below-header-display":"","ast-hfb-mobile-header-display":"","site-post-title":"","ast-breadcrumbs-content":"","ast-featured-img":"","footer-sml-layout":"","ast-disable-related-posts":"","theme-transparent-header-meta":"","adv-header-id-meta":"","stick-header-meta":"","header-above-stick-meta":"","header-main-stick-meta":"","header-below-stick-meta":"","astra-migrate-meta-layouts":"default","ast-page-background-enabled":"default","ast-page-background-meta":{"desktop":{"background-color":"var(--ast-global-color-5)","background-image":"","background-repeat":"repeat","background-position":"center center","background-size":"auto","background-attachment":"scroll","background-type":"","background-media":"","overlay-type":"","overlay-color":"","overlay-opacity":"","overlay-gradient":""},"tablet":{"background-color":"","background-image":"","background-repeat":"repeat","background-position":"center center","background-size":"auto","background-attachment":"scroll","background-type":"","background-media":"","overlay-type":"","overlay-color":"","overlay-opacity":"","overlay-gradient":""},"mobile":{"background-color":"","background-image":"","background-repeat":"repeat","background-position":"center center","background-size":"auto","background-attachment":"scroll","background-type":"","background-media":"","overlay-type":"","overlay-color":"","overlay-opacity":"","overlay-gradient":""}},"ast-content-background-meta":{"desktop":{"background-color":"var(--ast-global-color-4)","background-image":"","background-repeat":"repeat","background-position":"center center","background-size":"auto","background-attachment":"scroll","background-type":"","background-media":"","overlay-type":"","overlay-color":"","overlay-opacity":"","overlay-gradient":""},"tablet":{"background-color":"var(--ast-global-color-4)","background-image":"","background-repeat":"repeat","background-position":"center center","background-size":"auto","background-attachment":"scroll","background-type":"","background-media":"","overlay-type":"","overlay-color":"","overlay-opacity":"","overlay-gradient":""},"mobile":{"background-color":"var(--ast-global-color-4)","background-image":"","background-repeat":"repeat","background-position":"center center","background-size":"auto","background-attachment":"scroll","background-type":"","background-media":"","overlay-type":"","overlay-color":"","overlay-opacity":"","overlay-gradient":""}},"footnotes":""},"categories":[2],"tags":[340,6,338,296,9,318,291,339,336,341,337],"class_list":["post-2012","post","type-post","status-publish","format-standard","hentry","category-blogi","tag-ekologinen-elamantapa","tag-ekologisuus","tag-juna","tag-junamatkustaminen","tag-oulu","tag-pohjois-suomi","tag-raideliikenne","tag-tornio-haaparanta","tag-tukholma","tag-vahapaastoinen-matkustus","tag-yojuna"],"yoast_head":"<!-- This site is optimized with the Yoast SEO plugin v27.5 - https:\/\/yoast.com\/product\/yoast-seo-wordpress\/ -->\n<title>Y\u00f6junalla Tukholmaan - Jenni Pitko - Vihreiden varapuheenjohtaja, ymp\u00e4rist\u00f6valiokunnan puheenjohtaja, kansanedustaja ja arkkitehti Oulusta<\/title>\n<meta name=\"description\" content=\"Oulusta olisi mahdollista p\u00e4\u00e4st\u00e4 y\u00f6junalla Tukholmaan, jos 16 km p\u00e4tk\u00e4 raiteita saisi s\u00e4hk\u00f6t. T\u00e4ll\u00e4 panostuksella tuodaan Pohjois-Suomi l\u00e4hemm\u00e4ksi Eurooppaa\" \/>\n<meta name=\"robots\" content=\"index, follow, max-snippet:-1, max-image-preview:large, max-video-preview:-1\" \/>\n<link rel=\"canonical\" href=\"https:\/\/jennipitko.fi\/koti\/yojunalla-tukholmaan\/\" \/>\n<meta property=\"og:locale\" content=\"fi_FI\" \/>\n<meta property=\"og:type\" content=\"article\" \/>\n<meta property=\"og:title\" content=\"Y\u00f6junalla Tukholmaan - Jenni Pitko - Vihreiden varapuheenjohtaja, ymp\u00e4rist\u00f6valiokunnan puheenjohtaja, kansanedustaja ja arkkitehti Oulusta\" \/>\n<meta property=\"og:description\" content=\"Oulusta olisi mahdollista p\u00e4\u00e4st\u00e4 y\u00f6junalla Tukholmaan, jos 16 km p\u00e4tk\u00e4 raiteita saisi s\u00e4hk\u00f6t. T\u00e4ll\u00e4 panostuksella tuodaan Pohjois-Suomi l\u00e4hemm\u00e4ksi Eurooppaa\" \/>\n<meta property=\"og:url\" content=\"https:\/\/jennipitko.fi\/koti\/yojunalla-tukholmaan\/\" \/>\n<meta property=\"og:site_name\" content=\"Jenni Pitko - Vihreiden varapuheenjohtaja, ymp\u00e4rist\u00f6valiokunnan puheenjohtaja, kansanedustaja ja arkkitehti Oulusta\" \/>\n<meta property=\"article:published_time\" content=\"2019-03-28T19:01:28+00:00\" \/>\n<meta property=\"article:modified_time\" content=\"2019-03-29T17:51:55+00:00\" \/>\n<meta name=\"author\" content=\"Jenni\" \/>\n<meta name=\"twitter:card\" content=\"summary_large_image\" \/>\n<meta name=\"twitter:label1\" content=\"Kirjoittanut\" \/>\n\t<meta name=\"twitter:data1\" content=\"Jenni\" \/>\n\t<meta name=\"twitter:label2\" content=\"Arvioitu lukuaika\" \/>\n\t<meta name=\"twitter:data2\" content=\"3 minuuttia\" \/>\n<script type=\"application\/ld+json\" class=\"yoast-schema-graph\">{\"@context\":\"https:\\\/\\\/schema.org\",\"@graph\":[{\"@type\":\"Article\",\"@id\":\"https:\\\/\\\/jennipitko.fi\\\/koti\\\/yojunalla-tukholmaan\\\/#article\",\"isPartOf\":{\"@id\":\"https:\\\/\\\/jennipitko.fi\\\/koti\\\/yojunalla-tukholmaan\\\/\"},\"author\":{\"name\":\"Jenni\",\"@id\":\"https:\\\/\\\/jennipitko.fi\\\/koti\\\/#\\\/schema\\\/person\\\/35955c467f851f10124809310e7e7ee8\"},\"headline\":\"Y\u00f6junalla Tukholmaan\",\"datePublished\":\"2019-03-28T19:01:28+00:00\",\"dateModified\":\"2019-03-29T17:51:55+00:00\",\"mainEntityOfPage\":{\"@id\":\"https:\\\/\\\/jennipitko.fi\\\/koti\\\/yojunalla-tukholmaan\\\/\"},\"wordCount\":643,\"commentCount\":1,\"publisher\":{\"@id\":\"https:\\\/\\\/jennipitko.fi\\\/koti\\\/#organization\"},\"image\":{\"@id\":\"https:\\\/\\\/jennipitko.fi\\\/koti\\\/yojunalla-tukholmaan\\\/#primaryimage\"},\"thumbnailUrl\":\"http:\\\/\\\/jennipitko.fi\\\/koti\\\/wp-content\\\/uploads\\\/2019\\\/03\\\/IMG_6402-576x1024.jpg\",\"keywords\":[\"ekologinen el\u00e4m\u00e4ntapa\",\"ekologisuus\",\"juna\",\"junamatkustaminen\",\"oulu\",\"pohjois-suomi\",\"raideliikenne\",\"Tornio-Haaparanta\",\"tukholma\",\"v\u00e4h\u00e4p\u00e4\u00e4st\u00f6inen matkustus\",\"y\u00f6juna\"],\"articleSection\":[\"Blogi\"],\"inLanguage\":\"fi\",\"potentialAction\":[{\"@type\":\"CommentAction\",\"name\":\"Comment\",\"target\":[\"https:\\\/\\\/jennipitko.fi\\\/koti\\\/yojunalla-tukholmaan\\\/#respond\"]}]},{\"@type\":\"WebPage\",\"@id\":\"https:\\\/\\\/jennipitko.fi\\\/koti\\\/yojunalla-tukholmaan\\\/\",\"url\":\"https:\\\/\\\/jennipitko.fi\\\/koti\\\/yojunalla-tukholmaan\\\/\",\"name\":\"Y\u00f6junalla Tukholmaan - Jenni Pitko - Vihreiden varapuheenjohtaja, ymp\u00e4rist\u00f6valiokunnan puheenjohtaja, kansanedustaja ja arkkitehti Oulusta\",\"isPartOf\":{\"@id\":\"https:\\\/\\\/jennipitko.fi\\\/koti\\\/#website\"},\"primaryImageOfPage\":{\"@id\":\"https:\\\/\\\/jennipitko.fi\\\/koti\\\/yojunalla-tukholmaan\\\/#primaryimage\"},\"image\":{\"@id\":\"https:\\\/\\\/jennipitko.fi\\\/koti\\\/yojunalla-tukholmaan\\\/#primaryimage\"},\"thumbnailUrl\":\"http:\\\/\\\/jennipitko.fi\\\/koti\\\/wp-content\\\/uploads\\\/2019\\\/03\\\/IMG_6402-576x1024.jpg\",\"datePublished\":\"2019-03-28T19:01:28+00:00\",\"dateModified\":\"2019-03-29T17:51:55+00:00\",\"description\":\"Oulusta olisi mahdollista p\u00e4\u00e4st\u00e4 y\u00f6junalla Tukholmaan, jos 16 km p\u00e4tk\u00e4 raiteita saisi s\u00e4hk\u00f6t. T\u00e4ll\u00e4 panostuksella tuodaan Pohjois-Suomi l\u00e4hemm\u00e4ksi Eurooppaa\",\"breadcrumb\":{\"@id\":\"https:\\\/\\\/jennipitko.fi\\\/koti\\\/yojunalla-tukholmaan\\\/#breadcrumb\"},\"inLanguage\":\"fi\",\"potentialAction\":[{\"@type\":\"ReadAction\",\"target\":[\"https:\\\/\\\/jennipitko.fi\\\/koti\\\/yojunalla-tukholmaan\\\/\"]}]},{\"@type\":\"ImageObject\",\"inLanguage\":\"fi\",\"@id\":\"https:\\\/\\\/jennipitko.fi\\\/koti\\\/yojunalla-tukholmaan\\\/#primaryimage\",\"url\":\"\",\"contentUrl\":\"\"},{\"@type\":\"BreadcrumbList\",\"@id\":\"https:\\\/\\\/jennipitko.fi\\\/koti\\\/yojunalla-tukholmaan\\\/#breadcrumb\",\"itemListElement\":[{\"@type\":\"ListItem\",\"position\":1,\"name\":\"Home\",\"item\":\"https:\\\/\\\/jennipitko.fi\\\/koti\\\/\"},{\"@type\":\"ListItem\",\"position\":2,\"name\":\"Y\u00f6junalla Tukholmaan\"}]},{\"@type\":\"WebSite\",\"@id\":\"https:\\\/\\\/jennipitko.fi\\\/koti\\\/#website\",\"url\":\"https:\\\/\\\/jennipitko.fi\\\/koti\\\/\",\"name\":\"Jenni Pitko - Vihreiden varapuheenjohtaja, ymp\u00e4rist\u00f6valiokunnan puheenjohtaja, kansanedustaja ja arkkitehti Oulusta\",\"description\":\"Jenni Pitko - Vihreiden varapuheenjohtaja, ymp\u00e4rist\u00f6valiokunnan puheenjohtaja, kansanedustaja ja arkkitehti Oulusta\",\"publisher\":{\"@id\":\"https:\\\/\\\/jennipitko.fi\\\/koti\\\/#organization\"},\"potentialAction\":[{\"@type\":\"SearchAction\",\"target\":{\"@type\":\"EntryPoint\",\"urlTemplate\":\"https:\\\/\\\/jennipitko.fi\\\/koti\\\/?s={search_term_string}\"},\"query-input\":{\"@type\":\"PropertyValueSpecification\",\"valueRequired\":true,\"valueName\":\"search_term_string\"}}],\"inLanguage\":\"fi\"},{\"@type\":\"Organization\",\"@id\":\"https:\\\/\\\/jennipitko.fi\\\/koti\\\/#organization\",\"name\":\"Jenni Pitko - Vihreiden varapuheenjohtaja, ymp\u00e4rist\u00f6valiokunnan puheenjohtaja, kansanedustaja ja arkkitehti Oulusta\",\"url\":\"https:\\\/\\\/jennipitko.fi\\\/koti\\\/\",\"logo\":{\"@type\":\"ImageObject\",\"inLanguage\":\"fi\",\"@id\":\"https:\\\/\\\/jennipitko.fi\\\/koti\\\/#\\\/schema\\\/logo\\\/image\\\/\",\"url\":\"https:\\\/\\\/jennipitko.fi\\\/koti\\\/wp-content\\\/uploads\\\/2025\\\/09\\\/Nimeton-malli-38.png\",\"contentUrl\":\"https:\\\/\\\/jennipitko.fi\\\/koti\\\/wp-content\\\/uploads\\\/2025\\\/09\\\/Nimeton-malli-38.png\",\"width\":1280,\"height\":847,\"caption\":\"Jenni Pitko - Vihreiden varapuheenjohtaja, ymp\u00e4rist\u00f6valiokunnan puheenjohtaja, kansanedustaja ja arkkitehti Oulusta\"},\"image\":{\"@id\":\"https:\\\/\\\/jennipitko.fi\\\/koti\\\/#\\\/schema\\\/logo\\\/image\\\/\"}},{\"@type\":\"Person\",\"@id\":\"https:\\\/\\\/jennipitko.fi\\\/koti\\\/#\\\/schema\\\/person\\\/35955c467f851f10124809310e7e7ee8\",\"name\":\"Jenni\",\"image\":{\"@type\":\"ImageObject\",\"inLanguage\":\"fi\",\"@id\":\"https:\\\/\\\/secure.gravatar.com\\\/avatar\\\/625a0e6413b293da7739d42617828d564a4d6028aec3f45d8939a2ba1617199f?s=96&d=blank&r=g\",\"url\":\"https:\\\/\\\/secure.gravatar.com\\\/avatar\\\/625a0e6413b293da7739d42617828d564a4d6028aec3f45d8939a2ba1617199f?s=96&d=blank&r=g\",\"contentUrl\":\"https:\\\/\\\/secure.gravatar.com\\\/avatar\\\/625a0e6413b293da7739d42617828d564a4d6028aec3f45d8939a2ba1617199f?s=96&d=blank&r=g\",\"caption\":\"Jenni\"},\"url\":\"https:\\\/\\\/jennipitko.fi\\\/koti\\\/author\\\/jenni\\\/\"}]}<\/script>\n<!-- \/ Yoast SEO plugin. -->","yoast_head_json":{"title":"Y\u00f6junalla Tukholmaan - Jenni Pitko - Vihreiden varapuheenjohtaja, ymp\u00e4rist\u00f6valiokunnan puheenjohtaja, kansanedustaja ja arkkitehti Oulusta","description":"Oulusta olisi mahdollista p\u00e4\u00e4st\u00e4 y\u00f6junalla Tukholmaan, jos 16 km p\u00e4tk\u00e4 raiteita saisi s\u00e4hk\u00f6t. T\u00e4ll\u00e4 panostuksella tuodaan Pohjois-Suomi l\u00e4hemm\u00e4ksi Eurooppaa","robots":{"index":"index","follow":"follow","max-snippet":"max-snippet:-1","max-image-preview":"max-image-preview:large","max-video-preview":"max-video-preview:-1"},"canonical":"https:\/\/jennipitko.fi\/koti\/yojunalla-tukholmaan\/","og_locale":"fi_FI","og_type":"article","og_title":"Y\u00f6junalla Tukholmaan - Jenni Pitko - Vihreiden varapuheenjohtaja, ymp\u00e4rist\u00f6valiokunnan puheenjohtaja, kansanedustaja ja arkkitehti Oulusta","og_description":"Oulusta olisi mahdollista p\u00e4\u00e4st\u00e4 y\u00f6junalla Tukholmaan, jos 16 km p\u00e4tk\u00e4 raiteita saisi s\u00e4hk\u00f6t. T\u00e4ll\u00e4 panostuksella tuodaan Pohjois-Suomi l\u00e4hemm\u00e4ksi Eurooppaa","og_url":"https:\/\/jennipitko.fi\/koti\/yojunalla-tukholmaan\/","og_site_name":"Jenni Pitko - Vihreiden varapuheenjohtaja, ymp\u00e4rist\u00f6valiokunnan puheenjohtaja, kansanedustaja ja arkkitehti Oulusta","article_published_time":"2019-03-28T19:01:28+00:00","article_modified_time":"2019-03-29T17:51:55+00:00","author":"Jenni","twitter_card":"summary_large_image","twitter_misc":{"Kirjoittanut":"Jenni","Arvioitu lukuaika":"3 minuuttia"},"schema":{"@context":"https:\/\/schema.org","@graph":[{"@type":"Article","@id":"https:\/\/jennipitko.fi\/koti\/yojunalla-tukholmaan\/#article","isPartOf":{"@id":"https:\/\/jennipitko.fi\/koti\/yojunalla-tukholmaan\/"},"author":{"name":"Jenni","@id":"https:\/\/jennipitko.fi\/koti\/#\/schema\/person\/35955c467f851f10124809310e7e7ee8"},"headline":"Y\u00f6junalla Tukholmaan","datePublished":"2019-03-28T19:01:28+00:00","dateModified":"2019-03-29T17:51:55+00:00","mainEntityOfPage":{"@id":"https:\/\/jennipitko.fi\/koti\/yojunalla-tukholmaan\/"},"wordCount":643,"commentCount":1,"publisher":{"@id":"https:\/\/jennipitko.fi\/koti\/#organization"},"image":{"@id":"https:\/\/jennipitko.fi\/koti\/yojunalla-tukholmaan\/#primaryimage"},"thumbnailUrl":"http:\/\/jennipitko.fi\/koti\/wp-content\/uploads\/2019\/03\/IMG_6402-576x1024.jpg","keywords":["ekologinen el\u00e4m\u00e4ntapa","ekologisuus","juna","junamatkustaminen","oulu","pohjois-suomi","raideliikenne","Tornio-Haaparanta","tukholma","v\u00e4h\u00e4p\u00e4\u00e4st\u00f6inen matkustus","y\u00f6juna"],"articleSection":["Blogi"],"inLanguage":"fi","potentialAction":[{"@type":"CommentAction","name":"Comment","target":["https:\/\/jennipitko.fi\/koti\/yojunalla-tukholmaan\/#respond"]}]},{"@type":"WebPage","@id":"https:\/\/jennipitko.fi\/koti\/yojunalla-tukholmaan\/","url":"https:\/\/jennipitko.fi\/koti\/yojunalla-tukholmaan\/","name":"Y\u00f6junalla Tukholmaan - Jenni Pitko - Vihreiden varapuheenjohtaja, ymp\u00e4rist\u00f6valiokunnan puheenjohtaja, kansanedustaja ja arkkitehti Oulusta","isPartOf":{"@id":"https:\/\/jennipitko.fi\/koti\/#website"},"primaryImageOfPage":{"@id":"https:\/\/jennipitko.fi\/koti\/yojunalla-tukholmaan\/#primaryimage"},"image":{"@id":"https:\/\/jennipitko.fi\/koti\/yojunalla-tukholmaan\/#primaryimage"},"thumbnailUrl":"http:\/\/jennipitko.fi\/koti\/wp-content\/uploads\/2019\/03\/IMG_6402-576x1024.jpg","datePublished":"2019-03-28T19:01:28+00:00","dateModified":"2019-03-29T17:51:55+00:00","description":"Oulusta olisi mahdollista p\u00e4\u00e4st\u00e4 y\u00f6junalla Tukholmaan, jos 16 km p\u00e4tk\u00e4 raiteita saisi s\u00e4hk\u00f6t. T\u00e4ll\u00e4 panostuksella tuodaan Pohjois-Suomi l\u00e4hemm\u00e4ksi Eurooppaa","breadcrumb":{"@id":"https:\/\/jennipitko.fi\/koti\/yojunalla-tukholmaan\/#breadcrumb"},"inLanguage":"fi","potentialAction":[{"@type":"ReadAction","target":["https:\/\/jennipitko.fi\/koti\/yojunalla-tukholmaan\/"]}]},{"@type":"ImageObject","inLanguage":"fi","@id":"https:\/\/jennipitko.fi\/koti\/yojunalla-tukholmaan\/#primaryimage","url":"","contentUrl":""},{"@type":"BreadcrumbList","@id":"https:\/\/jennipitko.fi\/koti\/yojunalla-tukholmaan\/#breadcrumb","itemListElement":[{"@type":"ListItem","position":1,"name":"Home","item":"https:\/\/jennipitko.fi\/koti\/"},{"@type":"ListItem","position":2,"name":"Y\u00f6junalla Tukholmaan"}]},{"@type":"WebSite","@id":"https:\/\/jennipitko.fi\/koti\/#website","url":"https:\/\/jennipitko.fi\/koti\/","name":"Jenni Pitko - Vihreiden varapuheenjohtaja, ymp\u00e4rist\u00f6valiokunnan puheenjohtaja, kansanedustaja ja arkkitehti Oulusta","description":"Jenni Pitko - Vihreiden varapuheenjohtaja, ymp\u00e4rist\u00f6valiokunnan puheenjohtaja, kansanedustaja ja arkkitehti Oulusta","publisher":{"@id":"https:\/\/jennipitko.fi\/koti\/#organization"},"potentialAction":[{"@type":"SearchAction","target":{"@type":"EntryPoint","urlTemplate":"https:\/\/jennipitko.fi\/koti\/?s={search_term_string}"},"query-input":{"@type":"PropertyValueSpecification","valueRequired":true,"valueName":"search_term_string"}}],"inLanguage":"fi"},{"@type":"Organization","@id":"https:\/\/jennipitko.fi\/koti\/#organization","name":"Jenni Pitko - Vihreiden varapuheenjohtaja, ymp\u00e4rist\u00f6valiokunnan puheenjohtaja, kansanedustaja ja arkkitehti Oulusta","url":"https:\/\/jennipitko.fi\/koti\/","logo":{"@type":"ImageObject","inLanguage":"fi","@id":"https:\/\/jennipitko.fi\/koti\/#\/schema\/logo\/image\/","url":"https:\/\/jennipitko.fi\/koti\/wp-content\/uploads\/2025\/09\/Nimeton-malli-38.png","contentUrl":"https:\/\/jennipitko.fi\/koti\/wp-content\/uploads\/2025\/09\/Nimeton-malli-38.png","width":1280,"height":847,"caption":"Jenni Pitko - Vihreiden varapuheenjohtaja, ymp\u00e4rist\u00f6valiokunnan puheenjohtaja, kansanedustaja ja arkkitehti Oulusta"},"image":{"@id":"https:\/\/jennipitko.fi\/koti\/#\/schema\/logo\/image\/"}},{"@type":"Person","@id":"https:\/\/jennipitko.fi\/koti\/#\/schema\/person\/35955c467f851f10124809310e7e7ee8","name":"Jenni","image":{"@type":"ImageObject","inLanguage":"fi","@id":"https:\/\/secure.gravatar.com\/avatar\/625a0e6413b293da7739d42617828d564a4d6028aec3f45d8939a2ba1617199f?s=96&d=blank&r=g","url":"https:\/\/secure.gravatar.com\/avatar\/625a0e6413b293da7739d42617828d564a4d6028aec3f45d8939a2ba1617199f?s=96&d=blank&r=g","contentUrl":"https:\/\/secure.gravatar.com\/avatar\/625a0e6413b293da7739d42617828d564a4d6028aec3f45d8939a2ba1617199f?s=96&d=blank&r=g","caption":"Jenni"},"url":"https:\/\/jennipitko.fi\/koti\/author\/jenni\/"}]}},"_links":{"self":[{"href":"https:\/\/jennipitko.fi\/koti\/wp-json\/wp\/v2\/posts\/2012","targetHints":{"allow":["GET"]}}],"collection":[{"href":"https:\/\/jennipitko.fi\/koti\/wp-json\/wp\/v2\/posts"}],"about":[{"href":"https:\/\/jennipitko.fi\/koti\/wp-json\/wp\/v2\/types\/post"}],"author":[{"embeddable":true,"href":"https:\/\/jennipitko.fi\/koti\/wp-json\/wp\/v2\/users\/1"}],"replies":[{"embeddable":true,"href":"https:\/\/jennipitko.fi\/koti\/wp-json\/wp\/v2\/comments?post=2012"}],"version-history":[{"count":1,"href":"https:\/\/jennipitko.fi\/koti\/wp-json\/wp\/v2\/posts\/2012\/revisions"}],"predecessor-version":[{"id":2021,"href":"https:\/\/jennipitko.fi\/koti\/wp-json\/wp\/v2\/posts\/2012\/revisions\/2021"}],"wp:attachment":[{"href":"https:\/\/jennipitko.fi\/koti\/wp-json\/wp\/v2\/media?parent=2012"}],"wp:term":[{"taxonomy":"category","embeddable":true,"href":"https:\/\/jennipitko.fi\/koti\/wp-json\/wp\/v2\/categories?post=2012"},{"taxonomy":"post_tag","embeddable":true,"href":"https:\/\/jennipitko.fi\/koti\/wp-json\/wp\/v2\/tags?post=2012"}],"curies":[{"name":"wp","href":"https:\/\/api.w.org\/{rel}","templated":true}]}}